{"id":10007,"date":"2017-08-09T09:26:47","date_gmt":"2017-08-09T08:26:47","guid":{"rendered":"https:\/\/www.athome.lu\/blog\/?p=10007"},"modified":"2022-05-12T09:05:47","modified_gmt":"2022-05-12T07:05:47","slug":"kayl-la-commune-sudiste-regarde-vers-le-nord","status":"publish","type":"post","link":"https:\/\/www.athome.lu\/blog\/de\/marche-immobilier\/villes\/kayl-la-commune-sudiste-regarde-vers-le-nord\/","title":{"rendered":"Kayl, die s\u00fcdliche Gemeinde blickt nach Norden"},"content":{"rendered":"<p><span style=\"color: #000000;\">Die Entwicklung der Gemeinde Kayl dreht sich um den neuen Stadtteil Kayl Nord (Toussaintsmillen), in dem in Zukunft 700 Wohnungen gebaut werden sollen. Bereits jetzt bereitet sich die Gemeinde auf diese Neuank\u00f6mmlinge vor, indem sie ihre Infrastruktur verbessert.<\/span><\/p>\n\n\n\n<p><span style=\"color: #000000;\">Die Gemeinde Kayl liegt im S\u00fcden des Gro\u00dfherzogtums Luxemburg, in einer Region, die seit mehr als hundert Jahren \"Le Bassin minier\" (das Bergbaubecken) genannt wird, und befindet sich in einer Phase der Wiederbelebung. Ihr an der franz\u00f6sischen Grenze gelegenes Gebiet wird von den Gemeinden R\u00fcmelingen, Esch\/Alzette, Schifflingen, Bettemburg, D\u00fcdelingen, Volmerange-les Mines und Ottange begrenzt. Diese zentrale Lage zwischen den wichtigsten Polen im S\u00fcden des Landes sichert ihm heute eine wachsende Anziehungskraft f\u00fcr Menschen, die auf der Suche nach einer kleinen, zukunftsorientierten Gemeinde sind.<\/span><\/p>\n\n\n\n<p><span style=\"color: #000000;\">Wenn der Niedergang der Stahlindustrie in den 60er und 70er Jahren, vor allem in Tetingen, zu einem Verlust von Arbeitspl\u00e4tzen und einem R\u00fcckgang der Einwohnerzahl gef\u00fchrt hatte, ist dies nun Geschichte. Heute ist Kayl ein sehr attraktiver Wohnort mit fast 9.000 Einwohnern, einem guten Stra\u00dfennetz und einer sehr modernen Infrastruktur. \"Wir z\u00e4hlten am 15. September 2016 8.776 Einwohner, davon 5.034 in Kayl und 3.742 in T\u00e9tange\", z\u00e4hlt John Lorent, der B\u00fcrgermeister der Gemeinde. St\u00e4ndig steigende Zahlen.<\/span><\/p>\n\n\n\n<h2 class=\"wp-block-heading\"><span style=\"color: #000000;\"><strong>700 neue Wohnungen in den Kartons<\/strong><\/span><\/h2>\n\n\n\n<div class=\"wp-block-image\"><figure class=\"aligncenter\"><img loading=\"lazy\" decoding=\"async\" width=\"1024\" height=\"626\" src=\"https:\/\/www.athome.lu\/blog\/blog\/wp-content\/uploads\/2017\/08\/kayl3-1024x626.jpg\" alt=\"Immobilien in Kayl\" class=\"wp-image-10008\" srcset=\"https:\/\/www.athome.lu\/blog\/wp-content\/uploads\/2017\/08\/kayl3-1024x626.jpg 1024w, https:\/\/www.athome.lu\/blog\/wp-content\/uploads\/2017\/08\/kayl3-300x183.jpg 300w, https:\/\/www.athome.lu\/blog\/wp-content\/uploads\/2017\/08\/kayl3-768x469.jpg 768w, https:\/\/www.athome.lu\/blog\/wp-content\/uploads\/2017\/08\/kayl3-18x12.jpg 18w, https:\/\/www.athome.lu\/blog\/wp-content\/uploads\/2017\/08\/kayl3.jpg 1280w\" sizes=\"auto, (max-width: 1024px) 100vw, 1024px\" \/><\/figure><\/div>\n\n\n\n<p><span style=\"color: #000000;\">Um ihre harmonische Entwicklung in den kommenden Jahren zu gew\u00e4hrleisten, hat die Gemeinde gerade mit der Produktion ihres Generalbebauungsplans (PAG) begonnen. Der Plan, der seit 2014 in Kraft ist, sieht eine bedeutende st\u00e4dtebauliche Erweiterung im Norden der Gemeinde vor. \"Dieser Plan hat die Neueinteilung einiger Gebiete erm\u00f6glicht und alle Augen richten sich nun auf den neuen Stadtteil Kayl Nord (Toussaintsmillen), in dem in Zukunft 700 neue Wohnungen gebaut werden sollen.\" Zurzeit befindet sich das Projekt noch in einem fr\u00fchen Stadium. Eine schrittweise, sektorweise Erschlie\u00dfung ist geplant. \"Alles h\u00e4ngt vor allem vom guten Willen der Landbesitzer ab, mit uns dieses ehrgeizige Projekt auf der Grundlage des Sonderentwicklungsplans (PAP) voranzutreiben\", so der B\u00fcrgermeister weiter. Langfristig sollen rund 1.500 Einwohner in die Gemeinde ziehen und zu ihrem Aufschwung beitragen. In diesem gro\u00dfen Gebiet zwischen der Rue de Schifflange, der Rue de Noertzange im Osten und der Collectrice du Sud im Norden sollen Wohnungen und Einfamilienh\u00e4user entstehen, wobei mindestens 30% f\u00fcr preisg\u00fcnstige Wohnungen vorgesehen sind.<\/span><\/p>\n\n\n\n<p><span style=\"color: #000000;\">In Bezug auf Wirtschaft und Besch\u00e4ftigung ist die Gemeinde ideal gelegen, auf halbem Weg zwischen Dudelange und Esch-sur-Alzette. \"Wir haben au\u00dferdem eine direkte Busverbindung in die Hauptstadt \u00fcber die RGTR-Linie 197\", erkl\u00e4rt John Lorent, dessen Ziel es ist, die Attraktivit\u00e4t seiner Gemeinde zu steigern. \"Zwischen Tetingen und R\u00fcmelingen soll auf dem Gel\u00e4nde der ehemaligen Halde der Fabrik eine Handwerks- und Gewerbezone entstehen. Bisher fehlte uns der Platz f\u00fcr diese Art von Aktivit\u00e4ten. Dieses Gebiet soll neue Gesch\u00e4fte und kleine Handwerker aus der Region anziehen\".<\/span><\/p>\n\n\n\n<h2 class=\"wp-block-heading\"><span style=\"color: #000000;\"><strong>Umstrukturierung des Schulangebots<\/strong><\/span><\/h2>\n\n\n\n<div class=\"wp-block-image\"><figure class=\"aligncenter\"><img loading=\"lazy\" decoding=\"async\" width=\"1024\" height=\"642\" src=\"https:\/\/www.athome.lu\/blog\/blog\/wp-content\/uploads\/2017\/08\/kayl-1024x642.jpg\" alt=\"Infrastruktur in Kayl\" class=\"wp-image-10009\" srcset=\"https:\/\/www.athome.lu\/blog\/wp-content\/uploads\/2017\/08\/kayl-1024x642.jpg 1024w, https:\/\/www.athome.lu\/blog\/wp-content\/uploads\/2017\/08\/kayl-300x188.jpg 300w, https:\/\/www.athome.lu\/blog\/wp-content\/uploads\/2017\/08\/kayl-768x481.jpg 768w, https:\/\/www.athome.lu\/blog\/wp-content\/uploads\/2017\/08\/kayl-18x12.jpg 18w, https:\/\/www.athome.lu\/blog\/wp-content\/uploads\/2017\/08\/kayl.jpg 1280w\" sizes=\"auto, (max-width: 1024px) 100vw, 1024px\" \/><\/figure><\/div>\n\n\n\n<p><span style=\"color: #000000;\">In den letzten Jahren hat die Gemeinde Kayl einen Gro\u00dfteil ihrer Anstrengungen auf die Schulen und die schulische Infrastruktur konzentriert. Das neue Maison-relais auf dem Gel\u00e4nde des Campus \"Um Widdem\" befindet sich derzeit im Bau und soll zum Schuljahresbeginn 2017 er\u00f6ffnet werden. \"Mehr als 200 Kinder, von der Vorschule bis zur Grundschule, werden dort unter ausgezeichneten Bedingungen betreut werden k\u00f6nnen\", so der B\u00fcrgermeister. \"Die Jugend ist eine unserer Priorit\u00e4ten. Eine neue Schule und ein Lehrschwimmbecken werden auf dem Gel\u00e4nde der ehemaligen Faubourg-Schule entstehen. Wir haben uns auch intensiv um die Neuansiedlung von Nachbarschaftsschulen bem\u00fcht. Unsere Vorg\u00e4nger im Amt des Gemeindevorstehers hatten das Schulangebot zentralisieren wollen, was jedoch zu zahlreichen Verkehrsproblemen f\u00fchrt. Im Gegensatz dazu wollen wir die Schulen n\u00e4her an die Stadtteile heranbringen, die Wege verk\u00fcrzen und allen, Eltern und Kindern, ein besseres Lebensumfeld bieten.\" In K\u00fcrze wird die Gemeinde in Zusammenarbeit mit Privaten auch \u00fcber ein medizinisches Zentrum in der N\u00e4he verf\u00fcgen. Es wird in der Rue Neuve, nicht weit vom Cactus entfernt, eingerichtet.<\/span><\/p>\n\n\n<section id=\"section-3-14695\" class=\"ct-section\" ><div class=\"ct-section-inner-wrap\"><div id=\"div_block-4-14695\" class=\"ct-div-block\" ><div id=\"new_columns-7-14695\" class=\"ct-new-columns\" ><div id=\"div_block-8-14695\" class=\"ct-div-block\" ><div id=\"div_block-14-14695\" class=\"ct-div-block\" ><\/div><\/div><div id=\"div_block-9-14695\" class=\"ct-div-block\" ><h1 id=\"headline-11-14695\" class=\"ct-headline\">Wie hoch sind die Immobilienpreise derzeit?<\/h1><div id=\"text_block-12-14695\" class=\"ct-text-block\" >Die Preise verlangsamen sich. Die Zinss\u00e4tze steigen. Welche Trends sind in den kommenden Monaten zu erwarten?<\/div><a id=\"link_button-13-14695\" class=\"ct-link-button\" href=\"https:\/\/www.athome.lu\/blog\/blog\/marche-immobilier\/prix\/tendances-2022\/\" target=\"_blank\"  >Analyse lesen<\/a><\/div><\/div><\/div><\/div><\/section>\n\n\n<h2 class=\"wp-block-heading\"><span style=\"color: #000000;\"><strong>Zwischen Natur, Geschichte und Kultur<\/strong><\/span><\/h2>\n\n\n\n<div class=\"wp-block-image\"><figure class=\"aligncenter\"><img loading=\"lazy\" decoding=\"async\" width=\"1024\" height=\"682\" src=\"https:\/\/www.athome.lu\/blog\/blog\/wp-content\/uploads\/2017\/08\/kayl4-1024x682.jpg\" alt=\"Landschaft Kayl\" class=\"wp-image-10013\" srcset=\"https:\/\/www.athome.lu\/blog\/wp-content\/uploads\/2017\/08\/kayl4-1024x682.jpg 1024w, https:\/\/www.athome.lu\/blog\/wp-content\/uploads\/2017\/08\/kayl4-300x200.jpg 300w, https:\/\/www.athome.lu\/blog\/wp-content\/uploads\/2017\/08\/kayl4-768x512.jpg 768w, https:\/\/www.athome.lu\/blog\/wp-content\/uploads\/2017\/08\/kayl4-18x12.jpg 18w, https:\/\/www.athome.lu\/blog\/wp-content\/uploads\/2017\/08\/kayl4.jpg 1280w\" sizes=\"auto, (max-width: 1024px) 100vw, 1024px\" \/><\/figure><\/div>\n\n\n\n<p><span style=\"color: #000000;\">Mit der Einstellung der Bergbaut\u00e4tigkeit im Jahr 1978 tr\u00e4gt die Landschaft der Gemeinde noch einige Stigmata der menschlichen Aktivit\u00e4t. Die Natur hat diese Wunden jedoch bald ganz oder teilweise wieder geschlossen. Das vernachl\u00e4ssigte Gebiet wurde aufgrund des Vorkommens von Pionierarten aller Art zu einem Raum, der eines weitgehenden Schutzes w\u00fcrdig ist. So l\u00e4dt der Naturpark \"Haard\" im Osten die Bewohner zu naturvertr\u00e4glicher Erholung ein. Auch im Nordwesten entwickelt sich mit der Unterschutzstellung der Gebiete \"Lall\u00e9ngerbierg\" und \"Brucherbierg\" (Gemeinden Schifflange, Esch\/Alzette und Kayl) ein neues Naturschutzgebiet.<\/span><\/p>\n\n\n\n<p><span style=\"color: #000000;\">Hinzu kommt als sehr bemerkenswerter Ort das Gebiet in der N\u00e4he des nationalen Bergarbeiterdenkmals, das sogenannte \"L\u00e9iffr\u00e4chen\", mit seiner beeindruckenden Abbaufront, die es erm\u00f6glicht, 170 Millionen Jahre geologische Geschichte des Pariser Beckens nachzuvollziehen.<\/span><\/p>\n\n\n\n<p><span style=\"color: #000000;\">Naturliebhaber und Liebhaber der Industriegeschichte werden daher viel Freude an einem Besuch der Gemeinde Kayl haben. Die zahlreichen \u00f6rtlichen Vereine tragen ihrerseits zur Qualit\u00e4t und Vielfalt des Kultur- und Freizeitangebots f\u00fcr Gro\u00df und Klein bei.<\/span><\/p>","protected":false},"excerpt":{"rendered":"<p>Le d\u00e9veloppement de la commune de Kayl s\u2019articule autour du nouveau quartier de Kayl Nord (Toussaintsmillen) o\u00f9 700 logements seront construits dans le futur.&nbsp;D\u00e8s \u00e0 pr\u00e9sent, la commune se pr\u00e9pare \u00e0 accueillir ces nouveaux arrivants en am\u00e9liorant ses infrastructures. Situ\u00e9e au sud du Grand-Duch\u00e9 de Luxembourg, dans cette r\u00e9gion que l\u2019on appelle depuis plus de [&hellip;]<\/p>\n","protected":false},"author":17,"featured_media":10010,"comment_status":"closed","ping_status":"open","sticky":false,"template":"","format":"standard","meta":{"_acf_changed":false,"footnotes":""},"categories":[218],"tags":[98,90],"class_list":["post-10007","post","type-post","status-publish","format-standard","has-post-thumbnail","hentry","category-villes","tag-sud","tag-vie-quotidienne"],"acf":[],"yoast_head":"<!-- This site is optimized with the Yoast SEO plugin v27.4 - https:\/\/yoast.com\/product\/yoast-seo-wordpress\/ -->\n<title>Kayl, la commune sudiste regarde vers le nord | atHome<\/title>\n<meta name=\"description\" content=\"Le d\u00e9veloppement de la commune de Kayl s\u2019articule autour du nouveau quartier de Kayl Nord o\u00f9 700 logements seront construits dans le futur.\" \/>\n<meta name=\"robots\" content=\"index, follow, max-snippet:-1, max-image-preview:large, max-video-preview:-1\" \/>\n<link rel=\"canonical\" href=\"https:\/\/www.athome.lu\/blog\/de\/immobilien-markt\/stadte\/kayl-la-commune-sudiste-regarde-vers-le-nord\/\" \/>\n<meta property=\"og:locale\" content=\"de_DE\" \/>\n<meta property=\"og:type\" content=\"article\" \/>\n<meta property=\"og:title\" content=\"Kayl, la commune sudiste regarde vers le nord | atHome\" \/>\n<meta property=\"og:description\" content=\"Le d\u00e9veloppement de la commune de Kayl s\u2019articule autour du nouveau quartier de Kayl Nord o\u00f9 700 logements seront construits dans le futur.\" \/>\n<meta property=\"og:url\" content=\"https:\/\/www.athome.lu\/blog\/de\/immobilien-markt\/stadte\/kayl-la-commune-sudiste-regarde-vers-le-nord\/\" \/>\n<meta property=\"og:site_name\" content=\"atHome Blog\" \/>\n<meta property=\"article:publisher\" content=\"https:\/\/www.facebook.com\/atHome.lu\/\" \/>\n<meta property=\"article:published_time\" content=\"2017-08-09T08:26:47+00:00\" \/>\n<meta property=\"article:modified_time\" content=\"2022-05-12T07:05:47+00:00\" \/>\n<meta property=\"og:image\" content=\"https:\/\/www.athome.lu\/blog\/wp-content\/uploads\/2017\/08\/kayl2.jpg\" \/>\n\t<meta property=\"og:image:width\" content=\"1280\" \/>\n\t<meta property=\"og:image:height\" content=\"800\" \/>\n\t<meta property=\"og:image:type\" content=\"image\/jpeg\" \/>\n<meta name=\"author\" content=\"Fanny Pimentel\" \/>\n<meta name=\"twitter:card\" content=\"summary_large_image\" \/>\n<meta name=\"twitter:creator\" content=\"@athomelu\" \/>\n<meta name=\"twitter:site\" content=\"@athomelu\" \/>\n<meta name=\"twitter:label1\" content=\"Verfasst von\" \/>\n\t<meta name=\"twitter:data1\" content=\"Fanny Pimentel\" \/>\n\t<meta name=\"twitter:label2\" content=\"Gesch\u00e4tzte Lesezeit\" \/>\n\t<meta name=\"twitter:data2\" content=\"5\u00a0Minuten\" \/>\n<script type=\"application\/ld+json\" class=\"yoast-schema-graph\">{\"@context\":\"https:\\\/\\\/schema.org\",\"@graph\":[{\"@type\":\"Article\",\"@id\":\"https:\\\/\\\/www.athome.lu\\\/blog\\\/marche-immobilier\\\/villes\\\/kayl-la-commune-sudiste-regarde-vers-le-nord\\\/#article\",\"isPartOf\":{\"@id\":\"https:\\\/\\\/www.athome.lu\\\/blog\\\/marche-immobilier\\\/villes\\\/kayl-la-commune-sudiste-regarde-vers-le-nord\\\/\"},\"author\":{\"name\":\"Fanny Pimentel\",\"@id\":\"https:\\\/\\\/www.athome.lu\\\/blog\\\/#\\\/schema\\\/person\\\/47f7a38089f837e792876ceddc4cb2dc\"},\"headline\":\"Kayl, la commune sudiste regarde vers le nord\",\"datePublished\":\"2017-08-09T08:26:47+00:00\",\"dateModified\":\"2022-05-12T07:05:47+00:00\",\"mainEntityOfPage\":{\"@id\":\"https:\\\/\\\/www.athome.lu\\\/blog\\\/marche-immobilier\\\/villes\\\/kayl-la-commune-sudiste-regarde-vers-le-nord\\\/\"},\"wordCount\":939,\"image\":{\"@id\":\"https:\\\/\\\/www.athome.lu\\\/blog\\\/marche-immobilier\\\/villes\\\/kayl-la-commune-sudiste-regarde-vers-le-nord\\\/#primaryimage\"},\"thumbnailUrl\":\"https:\\\/\\\/www.athome.lu\\\/blog\\\/wp-content\\\/uploads\\\/2017\\\/08\\\/kayl2.jpg\",\"keywords\":[\"Sud\",\"Vie quotidienne\"],\"articleSection\":[\"Villes\"],\"inLanguage\":\"de\"},{\"@type\":\"WebPage\",\"@id\":\"https:\\\/\\\/www.athome.lu\\\/blog\\\/marche-immobilier\\\/villes\\\/kayl-la-commune-sudiste-regarde-vers-le-nord\\\/\",\"url\":\"https:\\\/\\\/www.athome.lu\\\/blog\\\/marche-immobilier\\\/villes\\\/kayl-la-commune-sudiste-regarde-vers-le-nord\\\/\",\"name\":\"Kayl, la commune sudiste regarde vers le nord | atHome\",\"isPartOf\":{\"@id\":\"https:\\\/\\\/www.athome.lu\\\/blog\\\/#website\"},\"primaryImageOfPage\":{\"@id\":\"https:\\\/\\\/www.athome.lu\\\/blog\\\/marche-immobilier\\\/villes\\\/kayl-la-commune-sudiste-regarde-vers-le-nord\\\/#primaryimage\"},\"image\":{\"@id\":\"https:\\\/\\\/www.athome.lu\\\/blog\\\/marche-immobilier\\\/villes\\\/kayl-la-commune-sudiste-regarde-vers-le-nord\\\/#primaryimage\"},\"thumbnailUrl\":\"https:\\\/\\\/www.athome.lu\\\/blog\\\/wp-content\\\/uploads\\\/2017\\\/08\\\/kayl2.jpg\",\"datePublished\":\"2017-08-09T08:26:47+00:00\",\"dateModified\":\"2022-05-12T07:05:47+00:00\",\"author\":{\"@id\":\"https:\\\/\\\/www.athome.lu\\\/blog\\\/#\\\/schema\\\/person\\\/47f7a38089f837e792876ceddc4cb2dc\"},\"description\":\"Le d\u00e9veloppement de la commune de Kayl s\u2019articule autour du nouveau quartier de Kayl Nord o\u00f9 700 logements seront construits dans le futur.\",\"breadcrumb\":{\"@id\":\"https:\\\/\\\/www.athome.lu\\\/blog\\\/marche-immobilier\\\/villes\\\/kayl-la-commune-sudiste-regarde-vers-le-nord\\\/#breadcrumb\"},\"inLanguage\":\"de\",\"potentialAction\":[{\"@type\":\"ReadAction\",\"target\":[\"https:\\\/\\\/www.athome.lu\\\/blog\\\/marche-immobilier\\\/villes\\\/kayl-la-commune-sudiste-regarde-vers-le-nord\\\/\"]}]},{\"@type\":\"ImageObject\",\"inLanguage\":\"de\",\"@id\":\"https:\\\/\\\/www.athome.lu\\\/blog\\\/marche-immobilier\\\/villes\\\/kayl-la-commune-sudiste-regarde-vers-le-nord\\\/#primaryimage\",\"url\":\"https:\\\/\\\/www.athome.lu\\\/blog\\\/wp-content\\\/uploads\\\/2017\\\/08\\\/kayl2.jpg\",\"contentUrl\":\"https:\\\/\\\/www.athome.lu\\\/blog\\\/wp-content\\\/uploads\\\/2017\\\/08\\\/kayl2.jpg\",\"width\":1280,\"height\":800},{\"@type\":\"BreadcrumbList\",\"@id\":\"https:\\\/\\\/www.athome.lu\\\/blog\\\/marche-immobilier\\\/villes\\\/kayl-la-commune-sudiste-regarde-vers-le-nord\\\/#breadcrumb\",\"itemListElement\":[{\"@type\":\"ListItem\",\"position\":1,\"name\":\"Accueil\",\"item\":\"https:\\\/\\\/www.athome.lu\\\/blog\\\/\"},{\"@type\":\"ListItem\",\"position\":2,\"name\":\"March\u00e9 immobilier\",\"item\":\"https:\\\/\\\/www.athome.lu\\\/blog\\\/category\\\/marche-immobilier\\\/\"},{\"@type\":\"ListItem\",\"position\":3,\"name\":\"Villes\",\"item\":\"https:\\\/\\\/www.athome.lu\\\/blog\\\/category\\\/marche-immobilier\\\/villes\\\/\"},{\"@type\":\"ListItem\",\"position\":4,\"name\":\"Kayl, la commune sudiste regarde vers le nord\"}]},{\"@type\":\"WebSite\",\"@id\":\"https:\\\/\\\/www.athome.lu\\\/blog\\\/#website\",\"url\":\"https:\\\/\\\/www.athome.lu\\\/blog\\\/\",\"name\":\"atHome Blog\",\"description\":\"Annonces immobili\u00e8res au Luxembourg. Le portail immobilier n\u00b01 au Luxembourg.\",\"potentialAction\":[{\"@type\":\"SearchAction\",\"target\":{\"@type\":\"EntryPoint\",\"urlTemplate\":\"https:\\\/\\\/www.athome.lu\\\/blog\\\/?s={search_term_string}\"},\"query-input\":{\"@type\":\"PropertyValueSpecification\",\"valueRequired\":true,\"valueName\":\"search_term_string\"}}],\"inLanguage\":\"de\"},{\"@type\":\"Person\",\"@id\":\"https:\\\/\\\/www.athome.lu\\\/blog\\\/#\\\/schema\\\/person\\\/47f7a38089f837e792876ceddc4cb2dc\",\"name\":\"Fanny Pimentel\",\"image\":{\"@type\":\"ImageObject\",\"inLanguage\":\"de\",\"@id\":\"https:\\\/\\\/secure.gravatar.com\\\/avatar\\\/c60b27b93851dc9503f9cc9150e73dcb0a86ba6150657e5e4b11d988400bc633?s=96&d=mm&r=g\",\"url\":\"https:\\\/\\\/secure.gravatar.com\\\/avatar\\\/c60b27b93851dc9503f9cc9150e73dcb0a86ba6150657e5e4b11d988400bc633?s=96&d=mm&r=g\",\"contentUrl\":\"https:\\\/\\\/secure.gravatar.com\\\/avatar\\\/c60b27b93851dc9503f9cc9150e73dcb0a86ba6150657e5e4b11d988400bc633?s=96&d=mm&r=g\",\"caption\":\"Fanny Pimentel\"}}]}<\/script>\n<!-- \/ Yoast SEO plugin. -->","yoast_head_json":{"title":"Kayl, die s\u00fcdliche Gemeinde blickt nach Norden | atHome","description":"Die Entwicklung der Gemeinde Kayl dreht sich um den neuen Stadtteil Kayl Nord, in dem in Zukunft 700 Wohnungen gebaut werden sollen.","robots":{"index":"index","follow":"follow","max-snippet":"max-snippet:-1","max-image-preview":"max-image-preview:large","max-video-preview":"max-video-preview:-1"},"canonical":"https:\/\/www.athome.lu\/blog\/de\/immobilien-markt\/stadte\/kayl-la-commune-sudiste-regarde-vers-le-nord\/","og_locale":"de_DE","og_type":"article","og_title":"Kayl, la commune sudiste regarde vers le nord | atHome","og_description":"Le d\u00e9veloppement de la commune de Kayl s\u2019articule autour du nouveau quartier de Kayl Nord o\u00f9 700 logements seront construits dans le futur.","og_url":"https:\/\/www.athome.lu\/blog\/de\/immobilien-markt\/stadte\/kayl-la-commune-sudiste-regarde-vers-le-nord\/","og_site_name":"atHome Blog","article_publisher":"https:\/\/www.facebook.com\/atHome.lu\/","article_published_time":"2017-08-09T08:26:47+00:00","article_modified_time":"2022-05-12T07:05:47+00:00","og_image":[{"width":1280,"height":800,"url":"https:\/\/www.athome.lu\/blog\/wp-content\/uploads\/2017\/08\/kayl2.jpg","type":"image\/jpeg"}],"author":"Fanny Pimentel","twitter_card":"summary_large_image","twitter_creator":"@athomelu","twitter_site":"@athomelu","twitter_misc":{"Verfasst von":"Fanny Pimentel","Gesch\u00e4tzte Lesezeit":"5\u00a0Minuten"},"schema":{"@context":"https:\/\/schema.org","@graph":[{"@type":"Article","@id":"https:\/\/www.athome.lu\/blog\/marche-immobilier\/villes\/kayl-la-commune-sudiste-regarde-vers-le-nord\/#article","isPartOf":{"@id":"https:\/\/www.athome.lu\/blog\/marche-immobilier\/villes\/kayl-la-commune-sudiste-regarde-vers-le-nord\/"},"author":{"name":"Fanny Pimentel","@id":"https:\/\/www.athome.lu\/blog\/#\/schema\/person\/47f7a38089f837e792876ceddc4cb2dc"},"headline":"Kayl, la commune sudiste regarde vers le nord","datePublished":"2017-08-09T08:26:47+00:00","dateModified":"2022-05-12T07:05:47+00:00","mainEntityOfPage":{"@id":"https:\/\/www.athome.lu\/blog\/marche-immobilier\/villes\/kayl-la-commune-sudiste-regarde-vers-le-nord\/"},"wordCount":939,"image":{"@id":"https:\/\/www.athome.lu\/blog\/marche-immobilier\/villes\/kayl-la-commune-sudiste-regarde-vers-le-nord\/#primaryimage"},"thumbnailUrl":"https:\/\/www.athome.lu\/blog\/wp-content\/uploads\/2017\/08\/kayl2.jpg","keywords":["Sud","Vie quotidienne"],"articleSection":["Villes"],"inLanguage":"de"},{"@type":"WebPage","@id":"https:\/\/www.athome.lu\/blog\/marche-immobilier\/villes\/kayl-la-commune-sudiste-regarde-vers-le-nord\/","url":"https:\/\/www.athome.lu\/blog\/marche-immobilier\/villes\/kayl-la-commune-sudiste-regarde-vers-le-nord\/","name":"Kayl, die s\u00fcdliche Gemeinde blickt nach Norden | atHome","isPartOf":{"@id":"https:\/\/www.athome.lu\/blog\/#website"},"primaryImageOfPage":{"@id":"https:\/\/www.athome.lu\/blog\/marche-immobilier\/villes\/kayl-la-commune-sudiste-regarde-vers-le-nord\/#primaryimage"},"image":{"@id":"https:\/\/www.athome.lu\/blog\/marche-immobilier\/villes\/kayl-la-commune-sudiste-regarde-vers-le-nord\/#primaryimage"},"thumbnailUrl":"https:\/\/www.athome.lu\/blog\/wp-content\/uploads\/2017\/08\/kayl2.jpg","datePublished":"2017-08-09T08:26:47+00:00","dateModified":"2022-05-12T07:05:47+00:00","author":{"@id":"https:\/\/www.athome.lu\/blog\/#\/schema\/person\/47f7a38089f837e792876ceddc4cb2dc"},"description":"Die Entwicklung der Gemeinde Kayl dreht sich um den neuen Stadtteil Kayl Nord, in dem in Zukunft 700 Wohnungen gebaut werden sollen.","breadcrumb":{"@id":"https:\/\/www.athome.lu\/blog\/marche-immobilier\/villes\/kayl-la-commune-sudiste-regarde-vers-le-nord\/#breadcrumb"},"inLanguage":"de","potentialAction":[{"@type":"ReadAction","target":["https:\/\/www.athome.lu\/blog\/marche-immobilier\/villes\/kayl-la-commune-sudiste-regarde-vers-le-nord\/"]}]},{"@type":"ImageObject","inLanguage":"de","@id":"https:\/\/www.athome.lu\/blog\/marche-immobilier\/villes\/kayl-la-commune-sudiste-regarde-vers-le-nord\/#primaryimage","url":"https:\/\/www.athome.lu\/blog\/wp-content\/uploads\/2017\/08\/kayl2.jpg","contentUrl":"https:\/\/www.athome.lu\/blog\/wp-content\/uploads\/2017\/08\/kayl2.jpg","width":1280,"height":800},{"@type":"BreadcrumbList","@id":"https:\/\/www.athome.lu\/blog\/marche-immobilier\/villes\/kayl-la-commune-sudiste-regarde-vers-le-nord\/#breadcrumb","itemListElement":[{"@type":"ListItem","position":1,"name":"Accueil","item":"https:\/\/www.athome.lu\/blog\/"},{"@type":"ListItem","position":2,"name":"March\u00e9 immobilier","item":"https:\/\/www.athome.lu\/blog\/category\/marche-immobilier\/"},{"@type":"ListItem","position":3,"name":"Villes","item":"https:\/\/www.athome.lu\/blog\/category\/marche-immobilier\/villes\/"},{"@type":"ListItem","position":4,"name":"Kayl, la commune sudiste regarde vers le nord"}]},{"@type":"WebSite","@id":"https:\/\/www.athome.lu\/blog\/#website","url":"https:\/\/www.athome.lu\/blog\/","name":"atHome Blog","description":"Immobilienanzeigen in Luxemburg. Das Immobilienportal Nr. 1 in Luxemburg.","potentialAction":[{"@type":"SearchAction","target":{"@type":"EntryPoint","urlTemplate":"https:\/\/www.athome.lu\/blog\/?s={search_term_string}"},"query-input":{"@type":"PropertyValueSpecification","valueRequired":true,"valueName":"search_term_string"}}],"inLanguage":"de"},{"@type":"Person","@id":"https:\/\/www.athome.lu\/blog\/#\/schema\/person\/47f7a38089f837e792876ceddc4cb2dc","name":"Fanny Pimentel","image":{"@type":"ImageObject","inLanguage":"de","@id":"https:\/\/secure.gravatar.com\/avatar\/c60b27b93851dc9503f9cc9150e73dcb0a86ba6150657e5e4b11d988400bc633?s=96&d=mm&r=g","url":"https:\/\/secure.gravatar.com\/avatar\/c60b27b93851dc9503f9cc9150e73dcb0a86ba6150657e5e4b11d988400bc633?s=96&d=mm&r=g","contentUrl":"https:\/\/secure.gravatar.com\/avatar\/c60b27b93851dc9503f9cc9150e73dcb0a86ba6150657e5e4b11d988400bc633?s=96&d=mm&r=g","caption":"Fanny Pimentel"}}]}},"featured_media_src_url":"https:\/\/www.athome.lu\/blog\/wp-content\/uploads\/2017\/08\/kayl2-1024x640.jpg","_links":{"self":[{"href":"https:\/\/www.athome.lu\/blog\/de\/wp-json\/wp\/v2\/posts\/10007","targetHints":{"allow":["GET"]}}],"collection":[{"href":"https:\/\/www.athome.lu\/blog\/de\/wp-json\/wp\/v2\/posts"}],"about":[{"href":"https:\/\/www.athome.lu\/blog\/de\/wp-json\/wp\/v2\/types\/post"}],"author":[{"embeddable":true,"href":"https:\/\/www.athome.lu\/blog\/de\/wp-json\/wp\/v2\/users\/17"}],"replies":[{"embeddable":true,"href":"https:\/\/www.athome.lu\/blog\/de\/wp-json\/wp\/v2\/comments?post=10007"}],"version-history":[{"count":2,"href":"https:\/\/www.athome.lu\/blog\/de\/wp-json\/wp\/v2\/posts\/10007\/revisions"}],"predecessor-version":[{"id":15247,"href":"https:\/\/www.athome.lu\/blog\/de\/wp-json\/wp\/v2\/posts\/10007\/revisions\/15247"}],"wp:featuredmedia":[{"embeddable":true,"href":"https:\/\/www.athome.lu\/blog\/de\/wp-json\/wp\/v2\/media\/10010"}],"wp:attachment":[{"href":"https:\/\/www.athome.lu\/blog\/de\/wp-json\/wp\/v2\/media?parent=10007"}],"wp:term":[{"taxonomy":"category","embeddable":true,"href":"https:\/\/www.athome.lu\/blog\/de\/wp-json\/wp\/v2\/categories?post=10007"},{"taxonomy":"post_tag","embeddable":true,"href":"https:\/\/www.athome.lu\/blog\/de\/wp-json\/wp\/v2\/tags?post=10007"}],"curies":[{"name":"wp","href":"https:\/\/api.w.org\/{rel}","templated":true}]}}