{"id":10211,"date":"2017-10-05T08:29:15","date_gmt":"2017-10-05T07:29:15","guid":{"rendered":"https:\/\/www.athome.lu\/blog\/?p=10211"},"modified":"2022-06-14T15:20:42","modified_gmt":"2022-06-14T13:20:42","slug":"le-phenomene-tiny-house","status":"publish","type":"post","link":"https:\/\/www.athome.lu\/blog\/de\/dossiers-a-la-une\/le-phenomene-tiny-house\/","title":{"rendered":"Das Ph\u00e4nomen \"Tiny House\""},"content":{"rendered":"<p style=\"text-align: justify;\"><span style=\"color: #000000;\">\"Tiny House\": Sagt Ihnen der Begriff etwas? Das sind kleine, oder besser gesagt winzige Holzh\u00e4user, die meist auf R\u00e4dern stehen und sich dadurch auszeichnen, dass sie auf kleinstem Raum allen Komfort bieten, den man braucht.<\/span><\/p>\n<h2 style=\"text-align: justify;\"><span style=\"color: #000000;\"><strong>Tiny House: Eine L\u00f6sung f\u00fcr die Wohnungskrise?<\/strong><\/span><\/h2>\n<p style=\"text-align: justify;\"><span style=\"color: #000000;\">Dieses Ph\u00e4nomen entstand in den USA in den 2000er Jahren als Folge der Subprime-Krise. Zu diesem Zeitpunkt erschienen die Tiny Houses als eine L\u00f6sung f\u00fcr g\u00fcnstiges Wohnen. <\/span><\/p>\n<p style=\"text-align: justify;\"><span style=\"color: #000000;\"> Heute sind sie f\u00fcr die breite \u00d6ffentlichkeit interessant, vor allem f\u00fcr alle, die sich nach Freiheit sehnen! In Europa erfreuen sich Tiny Houses seit einigen Jahren wachsender Beliebtheit.<br \/>Durch im \u00dcbrigen in der gleichen Tendenz,\u00a0<a href=\"https:\/\/www.athome.lu\/blog\/blog\/la-tendance-des-micro-appartements\/\" target=\"_blank\" rel=\"noopener noreferrer\">Mikro-Appartements<\/a>\u00a0werden in den Gro\u00dfst\u00e4dten immer h\u00e4ufiger.<\/span><\/p>\n<blockquote class=\"instagram-media\" style=\"background: #FFF; border: 0; border-radius: 3px; box-shadow: 0 0 1px 0 rgba(0,0,0,0.5),0 1px 10px 0 rgba(0,0,0,0.15); margin: 1px; max-width: 658px; padding: 0; width: calc(100% - 2px);\" data-instgrm-version=\"7\">\n<div style=\"padding: 8px;\">\n<div style=\"background: #f8f8f8; line-height: 0; margin-top: 40px; padding: 37.5% 0px; width: 100%; text-align: justify;\">\u00a0<\/div>\n<p style=\"color: #c9c8cd; font-family: Arial,sans-serif; font-size: 14px; line-height: 17px; margin-bottom: 0; margin-top: 8px; overflow: hidden; padding: 8px 0 7px; text-align: center; text-overflow: ellipsis; white-space: nowrap;\"><a style=\"color: #c9c8cd; font-family: Arial,sans-serif; font-size: 14px; font-style: normal; font-weight: normal; line-height: 17px; text-decoration: none;\" href=\"https:\/\/www.instagram.com\/p\/BZwqxz2lOcn\/\" target=\"_blank\" rel=\"noopener noreferrer\">Ein Beitrag geteilt von Miss Barker (@wildaboutwalkies)<\/a> die <time style=\"font-family: Arial,sans-serif; font-size: 14px; line-height: 17px;\" datetime=\"2017-10-02T21:18:27+00:00\">2. Okt. 2017 um 14:18 Uhr PDT<\/time><\/p>\n<\/div>\n<\/blockquote>\n<p><script async=\"\" defer=\"\" src=\"\/\/platform.instagram.com\/en_US\/embeds.js\"><\/script><\/p>\n<h2 style=\"text-align: justify;\"><span style=\"color: #000000;\"><strong>Designer mischen sich ein<\/strong><\/span><\/h2>\n<p style=\"text-align: justify;\"><span style=\"color: #000000;\">Achtung, wenn wir von Tiny Houses sprechen, meinen wir Mini-H\u00e4user, deren Wohnfl\u00e4che nicht mehr als 20 m2 betr\u00e4gt... aber in denen man bequem leben kann oder die zumindest alles bieten, was man zum t\u00e4glichen Leben braucht.<\/span><\/p>\n<p style=\"text-align: justify;\"><span style=\"color: #000000;\">Designer und Innenarchitekten haben sich dieses Ph\u00e4nomens nat\u00fcrlich angenommen. Sie \u00fcbertreffen sich gegenseitig in ihrem Einfallsreichtum, wenn es darum geht, Wohnzimmer, K\u00fcche, Bad und Schlafzimmer auf engstem Raum unterzubringen. Das Geheimnis ist, jeden Winkel optimal zu nutzen!<\/span><\/p>\n<p style=\"text-align: justify;\"><span style=\"color: #000000;\">Schauen Sie lieber zu!<\/span><\/p>\n<blockquote class=\"instagram-media\" style=\"background: #FFF; border: 0; border-radius: 3px; box-shadow: 0 0 1px 0 rgba(0,0,0,0.5),0 1px 10px 0 rgba(0,0,0,0.15); margin: 1px; max-width: 658px; padding: 0; width: calc(100% - 2px);\" data-instgrm-version=\"7\">\n<div style=\"padding: 8px;\">\n<div style=\"background: #F8F8F8; line-height: 0; margin-top: 40px; padding: 50.0% 0; text-align: center; width: 100%;\">\u00a0<\/div>\n<p style=\"color: #c9c8cd; font-family: Arial,sans-serif; font-size: 14px; line-height: 17px; margin-bottom: 0; margin-top: 8px; overflow: hidden; padding: 8px 0 7px; text-align: center; text-overflow: ellipsis; white-space: nowrap;\"><a style=\"color: #c9c8cd; font-family: Arial,sans-serif; font-size: 14px; font-style: normal; font-weight: normal; line-height: 17px; text-decoration: none;\" href=\"https:\/\/www.instagram.com\/p\/BZwv9TGFZU1\/\" target=\"_blank\" rel=\"noopener noreferrer\">Ein Beitrag geteilt von Living Tiny Project (@livingtinyproject)<\/a> die <time style=\"font-family: Arial,sans-serif; font-size: 14px; line-height: 17px;\" datetime=\"2017-10-02T22:03:42+00:00\">2 Okt. 2017 um 15:03 PDT<\/time><\/p>\n<\/div>\n<\/blockquote>\n<p><script async=\"\" defer=\"\" src=\"\/\/platform.instagram.com\/en_US\/embeds.js\"><\/script><\/p>\n<blockquote class=\"instagram-media\" style=\"background: #FFF; border: 0; border-radius: 3px; box-shadow: 0 0 1px 0 rgba(0,0,0,0.5),0 1px 10px 0 rgba(0,0,0,0.15); margin: 1px; max-width: 658px; padding: 0; width: calc(100% - 2px);\" data-instgrm-version=\"7\">\n<div style=\"padding: 8px;\">\n<div style=\"background: #F8F8F8; line-height: 0; margin-top: 40px; padding: 62.5% 0; text-align: center; width: 100%;\">\u00a0<\/div>\n<p style=\"color: #c9c8cd; font-family: Arial,sans-serif; font-size: 14px; line-height: 17px; margin-bottom: 0; margin-top: 8px; overflow: hidden; padding: 8px 0 7px; text-align: center; text-overflow: ellipsis; white-space: nowrap;\"><a style=\"color: #c9c8cd; font-family: Arial,sans-serif; font-size: 14px; font-style: normal; font-weight: normal; line-height: 17px; text-decoration: none;\" href=\"https:\/\/www.instagram.com\/p\/BZyIKHUh4hD\/\" target=\"_blank\" rel=\"noopener noreferrer\">Ein Beitrag geteilt von Anne (@ameliaearhartedlr89)<\/a> die <time style=\"font-family: Arial,sans-serif; font-size: 14px; line-height: 17px;\" datetime=\"2017-10-03T10:54:25+00:00\">3 Okt 2017 um 3h54 PDT<\/time><\/p>\n<\/div>\n<\/blockquote>\n<p><script async=\"\" defer=\"\" src=\"\/\/platform.instagram.com\/en_US\/embeds.js\"><\/script><\/p>\n<blockquote class=\"instagram-media\" style=\"background: #FFF; border: 0; border-radius: 3px; box-shadow: 0 0 1px 0 rgba(0,0,0,0.5),0 1px 10px 0 rgba(0,0,0,0.15); margin: 1px; max-width: 658px; padding: 0; width: calc(100% - 2px);\" data-instgrm-version=\"7\">\n<div style=\"padding: 8px;\">\n<div style=\"background: #F8F8F8; line-height: 0; margin-top: 40px; padding: 50.0% 0; text-align: center; width: 100%;\">\u00a0<\/div>\n<p style=\"color: #c9c8cd; font-family: Arial,sans-serif; font-size: 14px; line-height: 17px; margin-bottom: 0; margin-top: 8px; overflow: hidden; padding: 8px 0 7px; text-align: center; text-overflow: ellipsis; white-space: nowrap;\"><a style=\"color: #c9c8cd; font-family: Arial,sans-serif; font-size: 14px; font-style: normal; font-weight: normal; line-height: 17px; text-decoration: none;\" href=\"https:\/\/www.instagram.com\/p\/BZxLj9BA2QK\/\" target=\"_blank\" rel=\"noopener noreferrer\">Ein Beitrag geteilt von Casa Min\u00fascula (@casaminuscula)<\/a> die <time style=\"font-family: Arial,sans-serif; font-size: 14px; line-height: 17px;\" datetime=\"2017-10-03T02:04:55+00:00\">2 Okt. 2017 um 19:04 PDT<\/time><\/p>\n<\/div>\n<\/blockquote>\n<p><script async=\"\" defer=\"\" src=\"\/\/platform.instagram.com\/en_US\/embeds.js\"><\/script><\/p>\n<p><span style=\"color: #000000;\">Sind Sie also bereit, in einem Tiny House zu leben?<\/span><\/p>\n\n<section id=\"section-3-14695\" class=\"ct-section\" ><div class=\"ct-section-inner-wrap\"><div id=\"div_block-4-14695\" class=\"ct-div-block\" ><div id=\"new_columns-7-14695\" class=\"ct-new-columns\" ><div id=\"div_block-8-14695\" class=\"ct-div-block\" ><div id=\"div_block-14-14695\" class=\"ct-div-block\" ><\/div><\/div><div id=\"div_block-9-14695\" class=\"ct-div-block\" ><h1 id=\"headline-11-14695\" class=\"ct-headline\">Wie hoch sind die Immobilienpreise derzeit?<\/h1><div id=\"text_block-12-14695\" class=\"ct-text-block\" >Die Preise verlangsamen sich. Die Zinss\u00e4tze steigen. Welche Trends sind in den kommenden Monaten zu erwarten?<\/div><a id=\"link_button-13-14695\" class=\"ct-link-button\" href=\"https:\/\/www.athome.lu\/blog\/blog\/marche-immobilier\/prix\/tendances-2022\/\" target=\"_blank\"  >Analyse lesen<\/a><\/div><\/div><\/div><\/div><\/section>","protected":false},"excerpt":{"rendered":"<p>\"Tiny House\" : le terme vous dit quelque chose ? Ce sont de petites, ou plut\u00f4t de minuscules maisons en bois g\u00e9n\u00e9ralement sur roues, qui ont la particularit\u00e9 d\u2019offrir tout le confort n\u00e9cessaire dans un tout petit espace. Tiny House : une solution \u00e0 la crise du logement ? Ce ph\u00e9nom\u00e8ne est n\u00e9 aux \u00c9tats-Unis [&hellip;]<\/p>\n","protected":false},"author":17,"featured_media":10216,"comment_status":"closed","ping_status":"open","sticky":false,"template":"","format":"standard","meta":{"_acf_changed":false,"footnotes":""},"categories":[28],"tags":[],"class_list":["post-10211","post","type-post","status-publish","format-standard","has-post-thumbnail","hentry","category-dossiers-a-la-une"],"acf":[],"yoast_head":"<!-- This site is optimized with the Yoast SEO plugin v27.4 - https:\/\/yoast.com\/product\/yoast-seo-wordpress\/ -->\n<title>Tiny House : Quel est ce Ph\u00e9nom\u00e8ne qui agite la plan\u00e8te ? - atHome Blog<\/title>\n<meta name=\"description\" content=\"La Tiny House : \u00e7a vous dit quelque chose ? Ce sont de petites, ou plut\u00f4t de minuscules maisons en bois g\u00e9n\u00e9ralement sur roues,.\" \/>\n<meta name=\"robots\" content=\"index, follow, max-snippet:-1, max-image-preview:large, max-video-preview:-1\" \/>\n<link rel=\"canonical\" href=\"https:\/\/www.athome.lu\/blog\/de\/blickpunkt\/le-phenomene-tiny-house\/\" \/>\n<meta property=\"og:locale\" content=\"de_DE\" \/>\n<meta property=\"og:type\" content=\"article\" \/>\n<meta property=\"og:title\" content=\"Tiny House : Quel est ce Ph\u00e9nom\u00e8ne qui agite la plan\u00e8te ? - atHome Blog\" \/>\n<meta property=\"og:description\" content=\"La Tiny House : \u00e7a vous dit quelque chose ? Ce sont de petites, ou plut\u00f4t de minuscules maisons en bois g\u00e9n\u00e9ralement sur roues,.\" \/>\n<meta property=\"og:url\" content=\"https:\/\/www.athome.lu\/blog\/de\/blickpunkt\/le-phenomene-tiny-house\/\" \/>\n<meta property=\"og:site_name\" content=\"atHome Blog\" \/>\n<meta property=\"article:publisher\" content=\"https:\/\/www.facebook.com\/atHome.lu\/\" \/>\n<meta property=\"article:published_time\" content=\"2017-10-05T07:29:15+00:00\" \/>\n<meta property=\"article:modified_time\" content=\"2022-06-14T13:20:42+00:00\" \/>\n<meta property=\"og:image\" content=\"https:\/\/www.athome.lu\/blog\/wp-content\/uploads\/2017\/10\/tinyhouse.jpg\" \/>\n\t<meta property=\"og:image:width\" content=\"1280\" \/>\n\t<meta property=\"og:image:height\" content=\"825\" \/>\n\t<meta property=\"og:image:type\" content=\"image\/jpeg\" \/>\n<meta name=\"author\" content=\"Fanny Pimentel\" \/>\n<meta name=\"twitter:card\" content=\"summary_large_image\" \/>\n<meta name=\"twitter:creator\" content=\"@athomelu\" \/>\n<meta name=\"twitter:site\" content=\"@athomelu\" \/>\n<meta name=\"twitter:label1\" content=\"Verfasst von\" \/>\n\t<meta name=\"twitter:data1\" content=\"Fanny Pimentel\" \/>\n\t<meta name=\"twitter:label2\" content=\"Gesch\u00e4tzte Lesezeit\" \/>\n\t<meta name=\"twitter:data2\" content=\"2\u00a0Minuten\" \/>\n<script type=\"application\/ld+json\" class=\"yoast-schema-graph\">{\"@context\":\"https:\\\/\\\/schema.org\",\"@graph\":[{\"@type\":\"Article\",\"@id\":\"https:\\\/\\\/www.athome.lu\\\/blog\\\/dossiers-a-la-une\\\/le-phenomene-tiny-house\\\/#article\",\"isPartOf\":{\"@id\":\"https:\\\/\\\/www.athome.lu\\\/blog\\\/dossiers-a-la-une\\\/le-phenomene-tiny-house\\\/\"},\"author\":{\"name\":\"Fanny Pimentel\",\"@id\":\"https:\\\/\\\/www.athome.lu\\\/blog\\\/#\\\/schema\\\/person\\\/47f7a38089f837e792876ceddc4cb2dc\"},\"headline\":\"Le ph\u00e9nom\u00e8ne \\\"Tiny House\\\"\",\"datePublished\":\"2017-10-05T07:29:15+00:00\",\"dateModified\":\"2022-06-14T13:20:42+00:00\",\"mainEntityOfPage\":{\"@id\":\"https:\\\/\\\/www.athome.lu\\\/blog\\\/dossiers-a-la-une\\\/le-phenomene-tiny-house\\\/\"},\"wordCount\":292,\"image\":{\"@id\":\"https:\\\/\\\/www.athome.lu\\\/blog\\\/dossiers-a-la-une\\\/le-phenomene-tiny-house\\\/#primaryimage\"},\"thumbnailUrl\":\"https:\\\/\\\/www.athome.lu\\\/blog\\\/wp-content\\\/uploads\\\/2017\\\/10\\\/tinyhouse.jpg\",\"articleSection\":[\"Dossier \u00e0 la une\"],\"inLanguage\":\"de\"},{\"@type\":\"WebPage\",\"@id\":\"https:\\\/\\\/www.athome.lu\\\/blog\\\/dossiers-a-la-une\\\/le-phenomene-tiny-house\\\/\",\"url\":\"https:\\\/\\\/www.athome.lu\\\/blog\\\/dossiers-a-la-une\\\/le-phenomene-tiny-house\\\/\",\"name\":\"Tiny House : Quel est ce Ph\u00e9nom\u00e8ne qui agite la plan\u00e8te ? - atHome Blog\",\"isPartOf\":{\"@id\":\"https:\\\/\\\/www.athome.lu\\\/blog\\\/#website\"},\"primaryImageOfPage\":{\"@id\":\"https:\\\/\\\/www.athome.lu\\\/blog\\\/dossiers-a-la-une\\\/le-phenomene-tiny-house\\\/#primaryimage\"},\"image\":{\"@id\":\"https:\\\/\\\/www.athome.lu\\\/blog\\\/dossiers-a-la-une\\\/le-phenomene-tiny-house\\\/#primaryimage\"},\"thumbnailUrl\":\"https:\\\/\\\/www.athome.lu\\\/blog\\\/wp-content\\\/uploads\\\/2017\\\/10\\\/tinyhouse.jpg\",\"datePublished\":\"2017-10-05T07:29:15+00:00\",\"dateModified\":\"2022-06-14T13:20:42+00:00\",\"author\":{\"@id\":\"https:\\\/\\\/www.athome.lu\\\/blog\\\/#\\\/schema\\\/person\\\/47f7a38089f837e792876ceddc4cb2dc\"},\"description\":\"La Tiny House : \u00e7a vous dit quelque chose ? Ce sont de petites, ou plut\u00f4t de minuscules maisons en bois g\u00e9n\u00e9ralement sur roues,.\",\"breadcrumb\":{\"@id\":\"https:\\\/\\\/www.athome.lu\\\/blog\\\/dossiers-a-la-une\\\/le-phenomene-tiny-house\\\/#breadcrumb\"},\"inLanguage\":\"de\",\"potentialAction\":[{\"@type\":\"ReadAction\",\"target\":[\"https:\\\/\\\/www.athome.lu\\\/blog\\\/dossiers-a-la-une\\\/le-phenomene-tiny-house\\\/\"]}]},{\"@type\":\"ImageObject\",\"inLanguage\":\"de\",\"@id\":\"https:\\\/\\\/www.athome.lu\\\/blog\\\/dossiers-a-la-une\\\/le-phenomene-tiny-house\\\/#primaryimage\",\"url\":\"https:\\\/\\\/www.athome.lu\\\/blog\\\/wp-content\\\/uploads\\\/2017\\\/10\\\/tinyhouse.jpg\",\"contentUrl\":\"https:\\\/\\\/www.athome.lu\\\/blog\\\/wp-content\\\/uploads\\\/2017\\\/10\\\/tinyhouse.jpg\",\"width\":1280,\"height\":825,\"caption\":\"Tiny House\"},{\"@type\":\"BreadcrumbList\",\"@id\":\"https:\\\/\\\/www.athome.lu\\\/blog\\\/dossiers-a-la-une\\\/le-phenomene-tiny-house\\\/#breadcrumb\",\"itemListElement\":[{\"@type\":\"ListItem\",\"position\":1,\"name\":\"Accueil\",\"item\":\"https:\\\/\\\/www.athome.lu\\\/blog\\\/\"},{\"@type\":\"ListItem\",\"position\":2,\"name\":\"Dossier \u00e0 la une\",\"item\":\"https:\\\/\\\/www.athome.lu\\\/blog\\\/en\\\/category\\\/featured\\\/\"},{\"@type\":\"ListItem\",\"position\":3,\"name\":\"Le ph\u00e9nom\u00e8ne \\\"Tiny House\\\"\"}]},{\"@type\":\"WebSite\",\"@id\":\"https:\\\/\\\/www.athome.lu\\\/blog\\\/#website\",\"url\":\"https:\\\/\\\/www.athome.lu\\\/blog\\\/\",\"name\":\"atHome Blog\",\"description\":\"Annonces immobili\u00e8res au Luxembourg. Le portail immobilier n\u00b01 au Luxembourg.\",\"potentialAction\":[{\"@type\":\"SearchAction\",\"target\":{\"@type\":\"EntryPoint\",\"urlTemplate\":\"https:\\\/\\\/www.athome.lu\\\/blog\\\/?s={search_term_string}\"},\"query-input\":{\"@type\":\"PropertyValueSpecification\",\"valueRequired\":true,\"valueName\":\"search_term_string\"}}],\"inLanguage\":\"de\"},{\"@type\":\"Person\",\"@id\":\"https:\\\/\\\/www.athome.lu\\\/blog\\\/#\\\/schema\\\/person\\\/47f7a38089f837e792876ceddc4cb2dc\",\"name\":\"Fanny Pimentel\",\"image\":{\"@type\":\"ImageObject\",\"inLanguage\":\"de\",\"@id\":\"https:\\\/\\\/secure.gravatar.com\\\/avatar\\\/c60b27b93851dc9503f9cc9150e73dcb0a86ba6150657e5e4b11d988400bc633?s=96&d=mm&r=g\",\"url\":\"https:\\\/\\\/secure.gravatar.com\\\/avatar\\\/c60b27b93851dc9503f9cc9150e73dcb0a86ba6150657e5e4b11d988400bc633?s=96&d=mm&r=g\",\"contentUrl\":\"https:\\\/\\\/secure.gravatar.com\\\/avatar\\\/c60b27b93851dc9503f9cc9150e73dcb0a86ba6150657e5e4b11d988400bc633?s=96&d=mm&r=g\",\"caption\":\"Fanny Pimentel\"}}]}<\/script>\n<!-- \/ Yoast SEO plugin. -->","yoast_head_json":{"title":"Tiny House: Was ist das f\u00fcr ein Ph\u00e4nomen, das die Welt bewegt? - atHome Blog","description":"Das Tiny House: Sagt Ihnen das etwas? Das sind kleine, oder besser gesagt winzige Holzh\u00e4user, die meist auf R\u00e4dern stehen,.","robots":{"index":"index","follow":"follow","max-snippet":"max-snippet:-1","max-image-preview":"max-image-preview:large","max-video-preview":"max-video-preview:-1"},"canonical":"https:\/\/www.athome.lu\/blog\/de\/blickpunkt\/le-phenomene-tiny-house\/","og_locale":"de_DE","og_type":"article","og_title":"Tiny House : Quel est ce Ph\u00e9nom\u00e8ne qui agite la plan\u00e8te ? - atHome Blog","og_description":"La Tiny House : \u00e7a vous dit quelque chose ? Ce sont de petites, ou plut\u00f4t de minuscules maisons en bois g\u00e9n\u00e9ralement sur roues,.","og_url":"https:\/\/www.athome.lu\/blog\/de\/blickpunkt\/le-phenomene-tiny-house\/","og_site_name":"atHome Blog","article_publisher":"https:\/\/www.facebook.com\/atHome.lu\/","article_published_time":"2017-10-05T07:29:15+00:00","article_modified_time":"2022-06-14T13:20:42+00:00","og_image":[{"width":1280,"height":825,"url":"https:\/\/www.athome.lu\/blog\/wp-content\/uploads\/2017\/10\/tinyhouse.jpg","type":"image\/jpeg"}],"author":"Fanny Pimentel","twitter_card":"summary_large_image","twitter_creator":"@athomelu","twitter_site":"@athomelu","twitter_misc":{"Verfasst von":"Fanny Pimentel","Gesch\u00e4tzte Lesezeit":"2\u00a0Minuten"},"schema":{"@context":"https:\/\/schema.org","@graph":[{"@type":"Article","@id":"https:\/\/www.athome.lu\/blog\/dossiers-a-la-une\/le-phenomene-tiny-house\/#article","isPartOf":{"@id":"https:\/\/www.athome.lu\/blog\/dossiers-a-la-une\/le-phenomene-tiny-house\/"},"author":{"name":"Fanny Pimentel","@id":"https:\/\/www.athome.lu\/blog\/#\/schema\/person\/47f7a38089f837e792876ceddc4cb2dc"},"headline":"Le ph\u00e9nom\u00e8ne \"Tiny House\"","datePublished":"2017-10-05T07:29:15+00:00","dateModified":"2022-06-14T13:20:42+00:00","mainEntityOfPage":{"@id":"https:\/\/www.athome.lu\/blog\/dossiers-a-la-une\/le-phenomene-tiny-house\/"},"wordCount":292,"image":{"@id":"https:\/\/www.athome.lu\/blog\/dossiers-a-la-une\/le-phenomene-tiny-house\/#primaryimage"},"thumbnailUrl":"https:\/\/www.athome.lu\/blog\/wp-content\/uploads\/2017\/10\/tinyhouse.jpg","articleSection":["Dossier \u00e0 la une"],"inLanguage":"de"},{"@type":"WebPage","@id":"https:\/\/www.athome.lu\/blog\/dossiers-a-la-une\/le-phenomene-tiny-house\/","url":"https:\/\/www.athome.lu\/blog\/dossiers-a-la-une\/le-phenomene-tiny-house\/","name":"Tiny House: Was ist das f\u00fcr ein Ph\u00e4nomen, das die Welt bewegt? - atHome Blog","isPartOf":{"@id":"https:\/\/www.athome.lu\/blog\/#website"},"primaryImageOfPage":{"@id":"https:\/\/www.athome.lu\/blog\/dossiers-a-la-une\/le-phenomene-tiny-house\/#primaryimage"},"image":{"@id":"https:\/\/www.athome.lu\/blog\/dossiers-a-la-une\/le-phenomene-tiny-house\/#primaryimage"},"thumbnailUrl":"https:\/\/www.athome.lu\/blog\/wp-content\/uploads\/2017\/10\/tinyhouse.jpg","datePublished":"2017-10-05T07:29:15+00:00","dateModified":"2022-06-14T13:20:42+00:00","author":{"@id":"https:\/\/www.athome.lu\/blog\/#\/schema\/person\/47f7a38089f837e792876ceddc4cb2dc"},"description":"Das Tiny House: Sagt Ihnen das etwas? Das sind kleine, oder besser gesagt winzige Holzh\u00e4user, die meist auf R\u00e4dern stehen,.","breadcrumb":{"@id":"https:\/\/www.athome.lu\/blog\/dossiers-a-la-une\/le-phenomene-tiny-house\/#breadcrumb"},"inLanguage":"de","potentialAction":[{"@type":"ReadAction","target":["https:\/\/www.athome.lu\/blog\/dossiers-a-la-une\/le-phenomene-tiny-house\/"]}]},{"@type":"ImageObject","inLanguage":"de","@id":"https:\/\/www.athome.lu\/blog\/dossiers-a-la-une\/le-phenomene-tiny-house\/#primaryimage","url":"https:\/\/www.athome.lu\/blog\/wp-content\/uploads\/2017\/10\/tinyhouse.jpg","contentUrl":"https:\/\/www.athome.lu\/blog\/wp-content\/uploads\/2017\/10\/tinyhouse.jpg","width":1280,"height":825,"caption":"Tiny House"},{"@type":"BreadcrumbList","@id":"https:\/\/www.athome.lu\/blog\/dossiers-a-la-une\/le-phenomene-tiny-house\/#breadcrumb","itemListElement":[{"@type":"ListItem","position":1,"name":"Accueil","item":"https:\/\/www.athome.lu\/blog\/"},{"@type":"ListItem","position":2,"name":"Dossier \u00e0 la une","item":"https:\/\/www.athome.lu\/blog\/en\/category\/featured\/"},{"@type":"ListItem","position":3,"name":"Le ph\u00e9nom\u00e8ne \"Tiny House\""}]},{"@type":"WebSite","@id":"https:\/\/www.athome.lu\/blog\/#website","url":"https:\/\/www.athome.lu\/blog\/","name":"atHome Blog","description":"Immobilienanzeigen in Luxemburg. Das Immobilienportal Nr. 1 in Luxemburg.","potentialAction":[{"@type":"SearchAction","target":{"@type":"EntryPoint","urlTemplate":"https:\/\/www.athome.lu\/blog\/?s={search_term_string}"},"query-input":{"@type":"PropertyValueSpecification","valueRequired":true,"valueName":"search_term_string"}}],"inLanguage":"de"},{"@type":"Person","@id":"https:\/\/www.athome.lu\/blog\/#\/schema\/person\/47f7a38089f837e792876ceddc4cb2dc","name":"Fanny Pimentel","image":{"@type":"ImageObject","inLanguage":"de","@id":"https:\/\/secure.gravatar.com\/avatar\/c60b27b93851dc9503f9cc9150e73dcb0a86ba6150657e5e4b11d988400bc633?s=96&d=mm&r=g","url":"https:\/\/secure.gravatar.com\/avatar\/c60b27b93851dc9503f9cc9150e73dcb0a86ba6150657e5e4b11d988400bc633?s=96&d=mm&r=g","contentUrl":"https:\/\/secure.gravatar.com\/avatar\/c60b27b93851dc9503f9cc9150e73dcb0a86ba6150657e5e4b11d988400bc633?s=96&d=mm&r=g","caption":"Fanny Pimentel"}}]}},"featured_media_src_url":"https:\/\/www.athome.lu\/blog\/wp-content\/uploads\/2017\/10\/tinyhouse-1024x660.jpg","_links":{"self":[{"href":"https:\/\/www.athome.lu\/blog\/de\/wp-json\/wp\/v2\/posts\/10211","targetHints":{"allow":["GET"]}}],"collection":[{"href":"https:\/\/www.athome.lu\/blog\/de\/wp-json\/wp\/v2\/posts"}],"about":[{"href":"https:\/\/www.athome.lu\/blog\/de\/wp-json\/wp\/v2\/types\/post"}],"author":[{"embeddable":true,"href":"https:\/\/www.athome.lu\/blog\/de\/wp-json\/wp\/v2\/users\/17"}],"replies":[{"embeddable":true,"href":"https:\/\/www.athome.lu\/blog\/de\/wp-json\/wp\/v2\/comments?post=10211"}],"version-history":[{"count":4,"href":"https:\/\/www.athome.lu\/blog\/de\/wp-json\/wp\/v2\/posts\/10211\/revisions"}],"predecessor-version":[{"id":15560,"href":"https:\/\/www.athome.lu\/blog\/de\/wp-json\/wp\/v2\/posts\/10211\/revisions\/15560"}],"wp:featuredmedia":[{"embeddable":true,"href":"https:\/\/www.athome.lu\/blog\/de\/wp-json\/wp\/v2\/media\/10216"}],"wp:attachment":[{"href":"https:\/\/www.athome.lu\/blog\/de\/wp-json\/wp\/v2\/media?parent=10211"}],"wp:term":[{"taxonomy":"category","embeddable":true,"href":"https:\/\/www.athome.lu\/blog\/de\/wp-json\/wp\/v2\/categories?post=10211"},{"taxonomy":"post_tag","embeddable":true,"href":"https:\/\/www.athome.lu\/blog\/de\/wp-json\/wp\/v2\/tags?post=10211"}],"curies":[{"name":"wp","href":"https:\/\/api.w.org\/{rel}","templated":true}]}}