{"id":10324,"date":"2017-10-12T08:41:55","date_gmt":"2017-10-12T07:41:55","guid":{"rendered":"https:\/\/www.athome.lu\/blog\/?p=10324"},"modified":"2022-05-12T09:00:56","modified_gmt":"2022-05-12T07:00:56","slug":"steinfort-wichtige-entwicklungen-an-der-grenze","status":"publish","type":"post","link":"https:\/\/www.athome.lu\/blog\/de\/marche-immobilier\/villes\/steinfort-dimportants-developpements-a-la-frontiere\/","title":{"rendered":"Steinfort: Wichtige Entwicklungen an der Grenze"},"content":{"rendered":"<p><span style=\"color: #000000;\">Die Gemeinde Steinfort befindet sich in einem tiefgreifenden Wandel. In dieser dynamischen und attraktiven Grenzgemeinde entstehen zahlreiche Immobilienprojekte. <\/span><\/p>\n\n\n\n<p><span style=\"color: #000000;\">Die Gemeinde Steinfort, die an der belgischen Grenze liegt und direkt an Arlon angrenzt, das sich im Westen erstreckt, hat gro\u00dfe Ambitionen. \"Unsere Gemeinde besteht aus vier Einheiten, darunter Steinfort, Hagen, Kleinbettingen und Grass, und wir wachsen schnell. Wir haben die Grenze von 5.000 Einwohnern \u00fcberschritten, und das wird sich in den n\u00e4chsten Jahren angesichts der zahlreichen laufenden und geplanten Immobilienprojekte noch verst\u00e4rken\", fasst B\u00fcrgermeister Jean-Marie Wirth zusammen.<\/span><\/p>\n\n\n\n<div class=\"wp-block-image\"><figure class=\"aligncenter\"><img loading=\"lazy\" decoding=\"async\" width=\"1024\" height=\"683\" src=\"https:\/\/www.athome.lu\/blog\/blog\/wp-content\/uploads\/2017\/10\/steinfort2-1024x683.jpg\" alt=\"Blick auf Steinfort\" class=\"wp-image-10327\" srcset=\"https:\/\/www.athome.lu\/blog\/wp-content\/uploads\/2017\/10\/steinfort2-1024x683.jpg 1024w, https:\/\/www.athome.lu\/blog\/wp-content\/uploads\/2017\/10\/steinfort2-300x200.jpg 300w, https:\/\/www.athome.lu\/blog\/wp-content\/uploads\/2017\/10\/steinfort2-768x512.jpg 768w, https:\/\/www.athome.lu\/blog\/wp-content\/uploads\/2017\/10\/steinfort2-18x12.jpg 18w, https:\/\/www.athome.lu\/blog\/wp-content\/uploads\/2017\/10\/steinfort2.jpg 1200w\" sizes=\"auto, (max-width: 1024px) 100vw, 1024px\" \/><\/figure><\/div>\n\n\n\n<p><\/p>\n\n\n\n<p><span style=\"color: #000000;\">Steinfort profitiert von einer unber\u00fchrten nat\u00fcrlichen Umgebung, ist mit dem FairTrade-Siegel ausgezeichnet und zieht neue Einwohner wegen der Lebensqualit\u00e4t an, die es ihnen bieten kann. Man lebt hier auf dem Land und kann dennoch alle Annehmlichkeiten der Stadt nutzen. Unsere Lage ist ideal, da wir uns in unmittelbarer N\u00e4he der Hauptverkehrsachsen befinden\", erkl\u00e4rt der B\u00fcrgermeister. \u00dcber die Autobahn erreicht man die Stadt Luxemburg in nur 20 Minuten, au\u00dferhalb der Hauptverkehrszeiten, versteht sich. Der Norden und der S\u00fcden des Landes sind \u00fcber Mersch und Dippach ebenfalls leicht zu erreichen. F\u00fcr diejenigen, die den Zug bevorzugen, ist der Bahnhof von Kleinbettingen ein beliebter Punkt sowohl f\u00fcr Luxemburger als auch f\u00fcr Belgier. Hinzu kommt noch die Buslinie 222, die Steinfort den ganzen Tag \u00fcber in einem sehr regelm\u00e4\u00dfigen Rhythmus mit Luxemburg-Stadt und Kirchberg verbindet.\"<\/span><\/p>\n\n\n\n<h2 class=\"wp-block-heading\"><span style=\"color: #000000;\"><strong>Hunderte neue Wohnungen in den Kartons<\/strong><\/span><\/h2>\n\n\n\n<p><span style=\"color: #000000;\">Im Bereich des Wohnungsbaus ist die Baumaschine in Gang gekommen und wird nicht mehr stillstehen, da sehr gro\u00dfe Projekte auf dem Plan stehen. Den Anfang macht das Aischzenter-Projekt an der Route de Luxembourg. \"Hier sollen im Herzen des Dorfes Steinfort etwa 400 Wohnungen gebaut werden, darunter 29 Wohngeb\u00e4ude und\/oder Geb\u00e4ude mit gemischter Nutzung (Gesch\u00e4fte, B\u00fcros) sowie Einfamilienh\u00e4user\", erkl\u00e4rt Jean-Marie Wirth. In der Rue de Kleinbettingen wird das Projekt \"Op Eechelter\" mit rund 200 Wohneinheiten aus dem Boden gestampft.<\/span><\/p>\n\n\n\n<p><span style=\"color: #000000;\">In Hagen \u00fcbernahm die Gemeinde die F\u00fchrung bei der Entwicklung eines besonderen Bebauungsplans (PAP), dem sogenannten \"Kr\u00e4izheck\". Er betrifft eine Struktur mit etwa 50 Wohnungen in der N\u00e4he des Friedhofs. Auf dem Gel\u00e4nde des ehemaligen Campingplatzes sollen in den kommenden Jahren etwa 250 Wohnungen entstehen. \"Neben diesen gro\u00dfen PAPs gibt es noch weitere, kleinere. Unser Wunsch ist es in jedem Fall, einen hohen Prozentsatz an Sozialwohnungen zu gew\u00e4hrleisten. Einige davon wurden \u00fcbrigens erst k\u00fcrzlich eingeweiht. Wir achten auch auf die Zukunft unserer jungen Leute. Wir haben ein Wohnprojekt, das ganz auf sie zugeschnitten ist. Sie werden die M\u00f6glichkeit haben, ein Haus zu einem niedrigen Preis auf der Grundlage eines 99-j\u00e4hrigen Erbpachtvertrags zu genie\u00dfen.\"<\/span><\/p>\n\n\n<section id=\"section-3-14695\" class=\"ct-section\" ><div class=\"ct-section-inner-wrap\"><div id=\"div_block-4-14695\" class=\"ct-div-block\" ><div id=\"new_columns-7-14695\" class=\"ct-new-columns\" ><div id=\"div_block-8-14695\" class=\"ct-div-block\" ><div id=\"div_block-14-14695\" class=\"ct-div-block\" ><\/div><\/div><div id=\"div_block-9-14695\" class=\"ct-div-block\" ><h1 id=\"headline-11-14695\" class=\"ct-headline\">Wie hoch sind die Immobilienpreise derzeit?<\/h1><div id=\"text_block-12-14695\" class=\"ct-text-block\" >Die Preise verlangsamen sich. Die Zinss\u00e4tze steigen. Welche Trends sind in den kommenden Monaten zu erwarten?<\/div><a id=\"link_button-13-14695\" class=\"ct-link-button\" href=\"https:\/\/www.athome.lu\/blog\/blog\/marche-immobilier\/prix\/tendances-2022\/\" target=\"_blank\"  >Analyse lesen<\/a><\/div><\/div><\/div><\/div><\/section>\n\n\n<h2 class=\"wp-block-heading\"><span style=\"color: #000000;\"><strong>Ein neues Gewerbegebiet <\/strong><\/span><\/h2>\n\n\n\n<p><span style=\"color: #000000;\">In wirtschaftlicher Hinsicht zieht die Gemeinde Steinfort zahlreiche KMU an, die auf der Suche nach einem privilegierten Standort sind. \"Steinfort ist der erste Standort des Syndikats \"Zone d'Activit\u00e9s \u00e9conomiques \u00e0 caract\u00e8re r\u00e9gional dans la R\u00e9gion de l'Ouest du Pays\" (ZARO), das von den Gemeinden Garnich, Hobscheid, Kehlen, Koerich, Mamer und Steinfort gegr\u00fcndet wurde. Wir haben in Graas entlang der Autobahn ein Gewerbegebiet mit einer Gesamtfl\u00e4che von 28 Hektar geschaffen, von denen 17,3 Hektar den Unternehmen zur Verf\u00fcgung gestellt werden, die sich dort ansiedeln m\u00f6chten.\" In diesem Gewerbegebiet wird ein in Luxemburg noch nie dagewesenes Projekt verwirklicht. Es handelt sich um die Einrichtung eines Parkhauses mit einer Gesamtkapazit\u00e4t von 300 Pl\u00e4tzen. Jean-Marie Wirth f\u00fcgt hinzu: \"Wenn Mobilit\u00e4t ein nationales Problem ist, wollten wir unseren Teil dazu beitragen. Jeder wei\u00df, dass dezentral gelegene Gewerbegebiete alle mit einem Parkplatzproblem konfrontiert sind. Wir haben bei diesem Projekt, das andere auf Ideen bringen k\u00f6nnte, die Unterst\u00fctzung des Wirtschaftsministeriums erhalten. F\u00fcr uns besteht das Ziel darin, den im Zoning angesiedelten Unternehmen Pl\u00e4tze zur Verf\u00fcgung zu stellen, entweder in Form von Kauf oder Miete. Es wird aber auch Pl\u00e4tze f\u00fcr Pendler geben, mit Shuttle-Bussen zum Bahnhof Kleinbettingen, der etwa 2 Kilometer entfernt liegt. F\u00fcr diejenigen, die die Strecke mit dem Fahrrad zur\u00fccklegen m\u00f6chten, wird eine mBox eingerichtet.\"<\/span><\/p>\n\n\n\n<h2 class=\"wp-block-heading\"><span style=\"color: #000000;\"><strong>Ein eklektisches soziales und kulturelles Angebot<\/strong><\/span><\/h2>\n\n\n\n<p><span style=\"color: #000000;\">Steinfort gilt als das Tor zum wundersch\u00f6nen Eischtal, das es den Besuchern erm\u00f6glicht, den Charme und die Ruhe der majest\u00e4tischen W\u00e4lder zu entdecken.<\/span><\/p>\n\n\n\n<p><span style=\"color: #000000;\">Die Gemeinde verf\u00fcgt derzeit \u00fcber ein lokales Einzelhandelsangebot, und die laufenden Entwicklungsprojekte werden es dem Handel erm\u00f6glichen, sich weiterzuentwickeln. Zu den wichtigsten Infrastrukturen geh\u00f6ren das Sport- und Freizeitzentrum \"Roudemer\" mit seiner Wasserfl\u00e4che, das Hallenbad und der Kulturkomplex Al Schmelz. Im Sportbereich soll das gesamte Angebot an einem einzigen Standort \"A Backent\" zusammengefasst werden. Dieses Projekt, das im hinteren Teil des Aischzenter-Areals entstehen soll, wird ein neues regionales Schwimmbad, ein Fu\u00dfballstadion, Tennis- und Beachvolleyballpl\u00e4tze usw. vereinen.<\/span><\/p>\n\n\n\n<p><span style=\"color: #000000;\">Steinfort verf\u00fcgt auch \u00fcber sein interkommunales Krankenhaus, das heute auf geriatrische Rehabilitation spezialisiert ist, mit einem Pflegeheim, einer Tagesst\u00e4tte und einer Tagesklinik. Ein Vorprojekt ist auf dem Weg, um die Einrichtung moderner und gr\u00f6\u00dfer zu machen. Zu all diesen Anziehungspunkten kommt noch ein reiches und vielf\u00e4ltiges kulturelles Angebot rund um das Programm Schmelz Kultur hinzu, das eine gro\u00dfe Vielfalt an Veranstaltungen vereint: Theater, Kabarett, Gesang, Konzerte, Lesungen,... Der \"Owesmart\", der \"Dag um Weier\" und der Weihnachtsmarkt sind Aktivit\u00e4ten in der Gemeinde Steinfort, die jedes Jahr Tausende von Menschen anziehen... Damit ist die Bev\u00f6lkerung das ganze Jahr \u00fcber mit einer ganzen Palette von Veranstaltungen besch\u00e4ftigt.<\/span><\/p>\n\n\n\n<p><em>Artikel ver\u00f6ffentlicht in atHome Magazine- April 2017<\/em><\/p>","protected":false},"excerpt":{"rendered":"<p>La commune de Steinfort connait des transformations importantes. De nombreux projets immobiliers voient le jour dans cette commune frontali\u00e8re dynamique et attractive. Adoss\u00e9e \u00e0 la fronti\u00e8re belge, et voisine directe d\u2019Arlon qui s\u2019\u00e9tend \u00e0 l\u2019ouest, la commune de Steinfort ne manque pas d\u2019ambitions. \u00ab&nbsp;Notre commune compte quatre entit\u00e9s, dont Steinfort, Hagen, Kleinbettingen et Grass et [&hellip;]<\/p>\n","protected":false},"author":17,"featured_media":10326,"comment_status":"closed","ping_status":"open","sticky":false,"template":"","format":"standard","meta":{"_acf_changed":false,"footnotes":""},"categories":[218],"tags":[],"class_list":["post-10324","post","type-post","status-publish","format-standard","has-post-thumbnail","hentry","category-villes"],"acf":[],"yoast_head":"<!-- This site is optimized with the Yoast SEO plugin v27.4 - https:\/\/yoast.com\/product\/yoast-seo-wordpress\/ -->\n<title>Steinfort : d\u2019importants d\u00e9veloppements \u00e0 la fronti\u00e8re | atHome<\/title>\n<meta name=\"description\" content=\"La commune de Steinfort connait des transformations importantes. De nombreux projets immobiliers y voient le jour.\" \/>\n<meta name=\"robots\" content=\"index, follow, max-snippet:-1, max-image-preview:large, max-video-preview:-1\" \/>\n<link rel=\"canonical\" href=\"https:\/\/www.athome.lu\/blog\/de\/immobilien-markt\/stadte\/steinfort-wichtige-entwicklungen-an-der-grenze\/\" \/>\n<meta property=\"og:locale\" content=\"de_DE\" \/>\n<meta property=\"og:type\" content=\"article\" \/>\n<meta property=\"og:title\" content=\"Steinfort : d\u2019importants d\u00e9veloppements \u00e0 la fronti\u00e8re | atHome\" \/>\n<meta property=\"og:description\" content=\"La commune de Steinfort connait des transformations importantes. De nombreux projets immobiliers y voient le jour.\" \/>\n<meta property=\"og:url\" content=\"https:\/\/www.athome.lu\/blog\/de\/immobilien-markt\/stadte\/steinfort-wichtige-entwicklungen-an-der-grenze\/\" \/>\n<meta property=\"og:site_name\" content=\"atHome Blog\" \/>\n<meta property=\"article:publisher\" content=\"https:\/\/www.facebook.com\/atHome.lu\/\" \/>\n<meta property=\"article:published_time\" content=\"2017-10-12T07:41:55+00:00\" \/>\n<meta property=\"article:modified_time\" content=\"2022-05-12T07:00:56+00:00\" \/>\n<meta property=\"og:image\" content=\"https:\/\/www.athome.lu\/blog\/wp-content\/uploads\/2017\/10\/steinfort1.jpg\" \/>\n\t<meta property=\"og:image:width\" content=\"1200\" \/>\n\t<meta property=\"og:image:height\" content=\"800\" \/>\n\t<meta property=\"og:image:type\" content=\"image\/jpeg\" \/>\n<meta name=\"author\" content=\"Fanny Pimentel\" \/>\n<meta name=\"twitter:card\" content=\"summary_large_image\" \/>\n<meta name=\"twitter:creator\" content=\"@athomelu\" \/>\n<meta name=\"twitter:site\" content=\"@athomelu\" \/>\n<meta name=\"twitter:label1\" content=\"Verfasst von\" \/>\n\t<meta name=\"twitter:data1\" content=\"Fanny Pimentel\" \/>\n\t<meta name=\"twitter:label2\" content=\"Gesch\u00e4tzte Lesezeit\" \/>\n\t<meta name=\"twitter:data2\" content=\"5\u00a0Minuten\" \/>\n<script type=\"application\/ld+json\" class=\"yoast-schema-graph\">{\"@context\":\"https:\\\/\\\/schema.org\",\"@graph\":[{\"@type\":\"Article\",\"@id\":\"https:\\\/\\\/www.athome.lu\\\/blog\\\/marche-immobilier\\\/villes\\\/steinfort-dimportants-developpements-a-la-frontiere\\\/#article\",\"isPartOf\":{\"@id\":\"https:\\\/\\\/www.athome.lu\\\/blog\\\/marche-immobilier\\\/villes\\\/steinfort-dimportants-developpements-a-la-frontiere\\\/\"},\"author\":{\"name\":\"Fanny Pimentel\",\"@id\":\"https:\\\/\\\/www.athome.lu\\\/blog\\\/#\\\/schema\\\/person\\\/47f7a38089f837e792876ceddc4cb2dc\"},\"headline\":\"Steinfort : d\u2019importants d\u00e9veloppements \u00e0 la fronti\u00e8re\",\"datePublished\":\"2017-10-12T07:41:55+00:00\",\"dateModified\":\"2022-05-12T07:00:56+00:00\",\"mainEntityOfPage\":{\"@id\":\"https:\\\/\\\/www.athome.lu\\\/blog\\\/marche-immobilier\\\/villes\\\/steinfort-dimportants-developpements-a-la-frontiere\\\/\"},\"wordCount\":1052,\"image\":{\"@id\":\"https:\\\/\\\/www.athome.lu\\\/blog\\\/marche-immobilier\\\/villes\\\/steinfort-dimportants-developpements-a-la-frontiere\\\/#primaryimage\"},\"thumbnailUrl\":\"https:\\\/\\\/www.athome.lu\\\/blog\\\/wp-content\\\/uploads\\\/2017\\\/10\\\/steinfort1.jpg\",\"articleSection\":[\"Villes\"],\"inLanguage\":\"de\"},{\"@type\":\"WebPage\",\"@id\":\"https:\\\/\\\/www.athome.lu\\\/blog\\\/marche-immobilier\\\/villes\\\/steinfort-dimportants-developpements-a-la-frontiere\\\/\",\"url\":\"https:\\\/\\\/www.athome.lu\\\/blog\\\/marche-immobilier\\\/villes\\\/steinfort-dimportants-developpements-a-la-frontiere\\\/\",\"name\":\"Steinfort : d\u2019importants d\u00e9veloppements \u00e0 la fronti\u00e8re | atHome\",\"isPartOf\":{\"@id\":\"https:\\\/\\\/www.athome.lu\\\/blog\\\/#website\"},\"primaryImageOfPage\":{\"@id\":\"https:\\\/\\\/www.athome.lu\\\/blog\\\/marche-immobilier\\\/villes\\\/steinfort-dimportants-developpements-a-la-frontiere\\\/#primaryimage\"},\"image\":{\"@id\":\"https:\\\/\\\/www.athome.lu\\\/blog\\\/marche-immobilier\\\/villes\\\/steinfort-dimportants-developpements-a-la-frontiere\\\/#primaryimage\"},\"thumbnailUrl\":\"https:\\\/\\\/www.athome.lu\\\/blog\\\/wp-content\\\/uploads\\\/2017\\\/10\\\/steinfort1.jpg\",\"datePublished\":\"2017-10-12T07:41:55+00:00\",\"dateModified\":\"2022-05-12T07:00:56+00:00\",\"author\":{\"@id\":\"https:\\\/\\\/www.athome.lu\\\/blog\\\/#\\\/schema\\\/person\\\/47f7a38089f837e792876ceddc4cb2dc\"},\"description\":\"La commune de Steinfort connait des transformations importantes. De nombreux projets immobiliers y voient le jour.\",\"breadcrumb\":{\"@id\":\"https:\\\/\\\/www.athome.lu\\\/blog\\\/marche-immobilier\\\/villes\\\/steinfort-dimportants-developpements-a-la-frontiere\\\/#breadcrumb\"},\"inLanguage\":\"de\",\"potentialAction\":[{\"@type\":\"ReadAction\",\"target\":[\"https:\\\/\\\/www.athome.lu\\\/blog\\\/marche-immobilier\\\/villes\\\/steinfort-dimportants-developpements-a-la-frontiere\\\/\"]}]},{\"@type\":\"ImageObject\",\"inLanguage\":\"de\",\"@id\":\"https:\\\/\\\/www.athome.lu\\\/blog\\\/marche-immobilier\\\/villes\\\/steinfort-dimportants-developpements-a-la-frontiere\\\/#primaryimage\",\"url\":\"https:\\\/\\\/www.athome.lu\\\/blog\\\/wp-content\\\/uploads\\\/2017\\\/10\\\/steinfort1.jpg\",\"contentUrl\":\"https:\\\/\\\/www.athome.lu\\\/blog\\\/wp-content\\\/uploads\\\/2017\\\/10\\\/steinfort1.jpg\",\"width\":1200,\"height\":800,\"caption\":\"Commune de Steinfort ,Luxembourg\"},{\"@type\":\"BreadcrumbList\",\"@id\":\"https:\\\/\\\/www.athome.lu\\\/blog\\\/marche-immobilier\\\/villes\\\/steinfort-dimportants-developpements-a-la-frontiere\\\/#breadcrumb\",\"itemListElement\":[{\"@type\":\"ListItem\",\"position\":1,\"name\":\"Accueil\",\"item\":\"https:\\\/\\\/www.athome.lu\\\/blog\\\/\"},{\"@type\":\"ListItem\",\"position\":2,\"name\":\"March\u00e9 immobilier\",\"item\":\"https:\\\/\\\/www.athome.lu\\\/blog\\\/category\\\/marche-immobilier\\\/\"},{\"@type\":\"ListItem\",\"position\":3,\"name\":\"Villes\",\"item\":\"https:\\\/\\\/www.athome.lu\\\/blog\\\/category\\\/marche-immobilier\\\/villes\\\/\"},{\"@type\":\"ListItem\",\"position\":4,\"name\":\"Steinfort : d\u2019importants d\u00e9veloppements \u00e0 la fronti\u00e8re\"}]},{\"@type\":\"WebSite\",\"@id\":\"https:\\\/\\\/www.athome.lu\\\/blog\\\/#website\",\"url\":\"https:\\\/\\\/www.athome.lu\\\/blog\\\/\",\"name\":\"atHome Blog\",\"description\":\"Annonces immobili\u00e8res au Luxembourg. Le portail immobilier n\u00b01 au Luxembourg.\",\"potentialAction\":[{\"@type\":\"SearchAction\",\"target\":{\"@type\":\"EntryPoint\",\"urlTemplate\":\"https:\\\/\\\/www.athome.lu\\\/blog\\\/?s={search_term_string}\"},\"query-input\":{\"@type\":\"PropertyValueSpecification\",\"valueRequired\":true,\"valueName\":\"search_term_string\"}}],\"inLanguage\":\"de\"},{\"@type\":\"Person\",\"@id\":\"https:\\\/\\\/www.athome.lu\\\/blog\\\/#\\\/schema\\\/person\\\/47f7a38089f837e792876ceddc4cb2dc\",\"name\":\"Fanny Pimentel\",\"image\":{\"@type\":\"ImageObject\",\"inLanguage\":\"de\",\"@id\":\"https:\\\/\\\/secure.gravatar.com\\\/avatar\\\/c60b27b93851dc9503f9cc9150e73dcb0a86ba6150657e5e4b11d988400bc633?s=96&d=mm&r=g\",\"url\":\"https:\\\/\\\/secure.gravatar.com\\\/avatar\\\/c60b27b93851dc9503f9cc9150e73dcb0a86ba6150657e5e4b11d988400bc633?s=96&d=mm&r=g\",\"contentUrl\":\"https:\\\/\\\/secure.gravatar.com\\\/avatar\\\/c60b27b93851dc9503f9cc9150e73dcb0a86ba6150657e5e4b11d988400bc633?s=96&d=mm&r=g\",\"caption\":\"Fanny Pimentel\"}}]}<\/script>\n<!-- \/ Yoast SEO plugin. -->","yoast_head_json":{"title":"Steinfort: Wichtige Entwicklungen an der Grenze | atHome","description":"Die Gemeinde Steinfort befindet sich in einem tiefgreifenden Wandel. Zahlreiche Immobilienprojekte entstehen.","robots":{"index":"index","follow":"follow","max-snippet":"max-snippet:-1","max-image-preview":"max-image-preview:large","max-video-preview":"max-video-preview:-1"},"canonical":"https:\/\/www.athome.lu\/blog\/de\/immobilien-markt\/stadte\/steinfort-wichtige-entwicklungen-an-der-grenze\/","og_locale":"de_DE","og_type":"article","og_title":"Steinfort : d\u2019importants d\u00e9veloppements \u00e0 la fronti\u00e8re | atHome","og_description":"La commune de Steinfort connait des transformations importantes. De nombreux projets immobiliers y voient le jour.","og_url":"https:\/\/www.athome.lu\/blog\/de\/immobilien-markt\/stadte\/steinfort-wichtige-entwicklungen-an-der-grenze\/","og_site_name":"atHome Blog","article_publisher":"https:\/\/www.facebook.com\/atHome.lu\/","article_published_time":"2017-10-12T07:41:55+00:00","article_modified_time":"2022-05-12T07:00:56+00:00","og_image":[{"width":1200,"height":800,"url":"https:\/\/www.athome.lu\/blog\/wp-content\/uploads\/2017\/10\/steinfort1.jpg","type":"image\/jpeg"}],"author":"Fanny Pimentel","twitter_card":"summary_large_image","twitter_creator":"@athomelu","twitter_site":"@athomelu","twitter_misc":{"Verfasst von":"Fanny Pimentel","Gesch\u00e4tzte Lesezeit":"5\u00a0Minuten"},"schema":{"@context":"https:\/\/schema.org","@graph":[{"@type":"Article","@id":"https:\/\/www.athome.lu\/blog\/marche-immobilier\/villes\/steinfort-dimportants-developpements-a-la-frontiere\/#article","isPartOf":{"@id":"https:\/\/www.athome.lu\/blog\/marche-immobilier\/villes\/steinfort-dimportants-developpements-a-la-frontiere\/"},"author":{"name":"Fanny Pimentel","@id":"https:\/\/www.athome.lu\/blog\/#\/schema\/person\/47f7a38089f837e792876ceddc4cb2dc"},"headline":"Steinfort : d\u2019importants d\u00e9veloppements \u00e0 la fronti\u00e8re","datePublished":"2017-10-12T07:41:55+00:00","dateModified":"2022-05-12T07:00:56+00:00","mainEntityOfPage":{"@id":"https:\/\/www.athome.lu\/blog\/marche-immobilier\/villes\/steinfort-dimportants-developpements-a-la-frontiere\/"},"wordCount":1052,"image":{"@id":"https:\/\/www.athome.lu\/blog\/marche-immobilier\/villes\/steinfort-dimportants-developpements-a-la-frontiere\/#primaryimage"},"thumbnailUrl":"https:\/\/www.athome.lu\/blog\/wp-content\/uploads\/2017\/10\/steinfort1.jpg","articleSection":["Villes"],"inLanguage":"de"},{"@type":"WebPage","@id":"https:\/\/www.athome.lu\/blog\/marche-immobilier\/villes\/steinfort-dimportants-developpements-a-la-frontiere\/","url":"https:\/\/www.athome.lu\/blog\/marche-immobilier\/villes\/steinfort-dimportants-developpements-a-la-frontiere\/","name":"Steinfort: Wichtige Entwicklungen an der Grenze | atHome","isPartOf":{"@id":"https:\/\/www.athome.lu\/blog\/#website"},"primaryImageOfPage":{"@id":"https:\/\/www.athome.lu\/blog\/marche-immobilier\/villes\/steinfort-dimportants-developpements-a-la-frontiere\/#primaryimage"},"image":{"@id":"https:\/\/www.athome.lu\/blog\/marche-immobilier\/villes\/steinfort-dimportants-developpements-a-la-frontiere\/#primaryimage"},"thumbnailUrl":"https:\/\/www.athome.lu\/blog\/wp-content\/uploads\/2017\/10\/steinfort1.jpg","datePublished":"2017-10-12T07:41:55+00:00","dateModified":"2022-05-12T07:00:56+00:00","author":{"@id":"https:\/\/www.athome.lu\/blog\/#\/schema\/person\/47f7a38089f837e792876ceddc4cb2dc"},"description":"Die Gemeinde Steinfort befindet sich in einem tiefgreifenden Wandel. Zahlreiche Immobilienprojekte entstehen.","breadcrumb":{"@id":"https:\/\/www.athome.lu\/blog\/marche-immobilier\/villes\/steinfort-dimportants-developpements-a-la-frontiere\/#breadcrumb"},"inLanguage":"de","potentialAction":[{"@type":"ReadAction","target":["https:\/\/www.athome.lu\/blog\/marche-immobilier\/villes\/steinfort-dimportants-developpements-a-la-frontiere\/"]}]},{"@type":"ImageObject","inLanguage":"de","@id":"https:\/\/www.athome.lu\/blog\/marche-immobilier\/villes\/steinfort-dimportants-developpements-a-la-frontiere\/#primaryimage","url":"https:\/\/www.athome.lu\/blog\/wp-content\/uploads\/2017\/10\/steinfort1.jpg","contentUrl":"https:\/\/www.athome.lu\/blog\/wp-content\/uploads\/2017\/10\/steinfort1.jpg","width":1200,"height":800,"caption":"Commune de Steinfort ,Luxembourg"},{"@type":"BreadcrumbList","@id":"https:\/\/www.athome.lu\/blog\/marche-immobilier\/villes\/steinfort-dimportants-developpements-a-la-frontiere\/#breadcrumb","itemListElement":[{"@type":"ListItem","position":1,"name":"Accueil","item":"https:\/\/www.athome.lu\/blog\/"},{"@type":"ListItem","position":2,"name":"March\u00e9 immobilier","item":"https:\/\/www.athome.lu\/blog\/category\/marche-immobilier\/"},{"@type":"ListItem","position":3,"name":"Villes","item":"https:\/\/www.athome.lu\/blog\/category\/marche-immobilier\/villes\/"},{"@type":"ListItem","position":4,"name":"Steinfort : d\u2019importants d\u00e9veloppements \u00e0 la fronti\u00e8re"}]},{"@type":"WebSite","@id":"https:\/\/www.athome.lu\/blog\/#website","url":"https:\/\/www.athome.lu\/blog\/","name":"atHome Blog","description":"Immobilienanzeigen in Luxemburg. Das Immobilienportal Nr. 1 in Luxemburg.","potentialAction":[{"@type":"SearchAction","target":{"@type":"EntryPoint","urlTemplate":"https:\/\/www.athome.lu\/blog\/?s={search_term_string}"},"query-input":{"@type":"PropertyValueSpecification","valueRequired":true,"valueName":"search_term_string"}}],"inLanguage":"de"},{"@type":"Person","@id":"https:\/\/www.athome.lu\/blog\/#\/schema\/person\/47f7a38089f837e792876ceddc4cb2dc","name":"Fanny Pimentel","image":{"@type":"ImageObject","inLanguage":"de","@id":"https:\/\/secure.gravatar.com\/avatar\/c60b27b93851dc9503f9cc9150e73dcb0a86ba6150657e5e4b11d988400bc633?s=96&d=mm&r=g","url":"https:\/\/secure.gravatar.com\/avatar\/c60b27b93851dc9503f9cc9150e73dcb0a86ba6150657e5e4b11d988400bc633?s=96&d=mm&r=g","contentUrl":"https:\/\/secure.gravatar.com\/avatar\/c60b27b93851dc9503f9cc9150e73dcb0a86ba6150657e5e4b11d988400bc633?s=96&d=mm&r=g","caption":"Fanny Pimentel"}}]}},"featured_media_src_url":"https:\/\/www.athome.lu\/blog\/wp-content\/uploads\/2017\/10\/steinfort1-1024x683.jpg","_links":{"self":[{"href":"https:\/\/www.athome.lu\/blog\/de\/wp-json\/wp\/v2\/posts\/10324","targetHints":{"allow":["GET"]}}],"collection":[{"href":"https:\/\/www.athome.lu\/blog\/de\/wp-json\/wp\/v2\/posts"}],"about":[{"href":"https:\/\/www.athome.lu\/blog\/de\/wp-json\/wp\/v2\/types\/post"}],"author":[{"embeddable":true,"href":"https:\/\/www.athome.lu\/blog\/de\/wp-json\/wp\/v2\/users\/17"}],"replies":[{"embeddable":true,"href":"https:\/\/www.athome.lu\/blog\/de\/wp-json\/wp\/v2\/comments?post=10324"}],"version-history":[{"count":2,"href":"https:\/\/www.athome.lu\/blog\/de\/wp-json\/wp\/v2\/posts\/10324\/revisions"}],"predecessor-version":[{"id":15233,"href":"https:\/\/www.athome.lu\/blog\/de\/wp-json\/wp\/v2\/posts\/10324\/revisions\/15233"}],"wp:featuredmedia":[{"embeddable":true,"href":"https:\/\/www.athome.lu\/blog\/de\/wp-json\/wp\/v2\/media\/10326"}],"wp:attachment":[{"href":"https:\/\/www.athome.lu\/blog\/de\/wp-json\/wp\/v2\/media?parent=10324"}],"wp:term":[{"taxonomy":"category","embeddable":true,"href":"https:\/\/www.athome.lu\/blog\/de\/wp-json\/wp\/v2\/categories?post=10324"},{"taxonomy":"post_tag","embeddable":true,"href":"https:\/\/www.athome.lu\/blog\/de\/wp-json\/wp\/v2\/tags?post=10324"}],"curies":[{"name":"wp","href":"https:\/\/api.w.org\/{rel}","templated":true}]}}