{"id":10387,"date":"2017-10-24T08:30:52","date_gmt":"2017-10-24T07:30:52","guid":{"rendered":"https:\/\/www.athome.lu\/blog\/?p=10387"},"modified":"2022-05-12T08:59:00","modified_gmt":"2022-05-12T06:59:00","slug":"a-was-wird-die-zukunftigen-immobilien-zusammenbringen","status":"publish","type":"post","link":"https:\/\/www.athome.lu\/blog\/de\/dossiers-a-la-une\/a-quoi-ressembleront-les-immeubles-du-futur\/","title":{"rendered":"Wie werden die Geb\u00e4ude der Zukunft aussehen?"},"content":{"rendered":"<p><span style=\"color: #000000;\">Morgen oder \u00fcbermorgen werden die Geb\u00e4ude in unseren St\u00e4dten zweifellos gigantisch sein. Schlie\u00dflich m\u00fcssen die 9 Milliarden Menschen auf unserem Planeten untergebracht werden. Aber sie werden auch umweltfreundlicher oder sogar ganz und gar \u00f6kologisch sein. Drei Beispiele f\u00fcr solche Projekte<\/span><\/p>\n\n\n\n<h2 class=\"wp-block-heading\"><strong><span style=\"color: #000000;\">New York: Times Squared 3015<\/span><\/strong><\/h2>\n\n\n\n<p><span style=\"color: #000000;\">Kleine Klemme des Tages: Wie hoch ist das Empire State Building? Der ber\u00fchmte Wolkenkratzer ist 381 Meter hoch. Wie beeindruckend ist das? Nun, stellen Sie sich ein Geb\u00e4ude vor, das ... 1.700 Meter hoch ist. Wenn Ihnen das unm\u00f6glich erscheint, sollten Sie einen Blick auf das Projekt Times Squared 3015 werfen. Dieses Geb\u00e4ude bietet Platz f\u00fcr 30.000 Bewohner (vor allem, um mit der \u00dcberbev\u00f6lkerung fertig zu werden) und wird eine Stadt im Herzen des Big Apple sein. Neben den Wohnungen wird es auch B\u00fcros, 40 Gesch\u00e4fte, 50 Restaurants, drei Theater, zwei Schulen und einen Universit\u00e4tscampus sowie vier Parks, Berge, einen Strand und einen Wald (mit Mammutb\u00e4umen) beherbergen, alles in vertikalen Modulen. Und nicht zu vergessen sind die 1.600 Hektar landwirtschaftlicher Nutzfl\u00e4che.<\/span><\/p>\n\n\n\n<div class=\"wp-block-image normal size-full wp-image-10388\"><figure class=\"aligncenter\"><img loading=\"lazy\" decoding=\"async\" width=\"500\" height=\"676\" src=\"https:\/\/www.athome.lu\/blog\/wp-content\/uploads\/2017\/10\/time-squared.jpg\" alt=\"\" class=\"wp-image-10388\" srcset=\"https:\/\/www.athome.lu\/blog\/wp-content\/uploads\/2017\/10\/time-squared.jpg 500w, https:\/\/www.athome.lu\/blog\/wp-content\/uploads\/2017\/10\/time-squared-222x300.jpg 222w, https:\/\/www.athome.lu\/blog\/wp-content\/uploads\/2017\/10\/time-squared-9x12.jpg 9w\" sizes=\"auto, (max-width: 500px) 100vw, 500px\" \/><figcaption>Bildnachweis: http:\/\/www.evolo.us<\/figcaption><\/figure><\/div>\n\n\n\n<h2 class=\"wp-block-heading\"><strong><span style=\"color: #000000;\">Delhi: Hyperions, autonomer Riese<\/span><\/strong><\/h2>\n\n\n\n<p><span style=\"color: #000000;\">Eine weitere Herausforderung f\u00fcr die St\u00e4dte von morgen ist der Umweltschutz, die nachhaltige Entwicklung und das Energiesparen. Auf der anderen Seite des Planeten, in Indien, entstand das Projekt Hyperions, das als autonomes Geb\u00e4ude vorgestellt wird. Worum handelt es sich dabei genau? Es handelt sich um sechs 36-st\u00f6ckige T\u00fcrme mit einer runden Architektur, die haupts\u00e4chlich aus Holz gebaut sind und Wohnungen und B\u00fcros beherbergen sollen, aber nicht nur. Mit Hyperions erobern Natur und Land die Stadt, zwischen Teichen am Fu\u00dfe des Komplexes, W\u00e4ldern und landwirtschaftlichen Fl\u00e4chen (nat\u00fcrlich \u00f6kologisch verantwortlich). Die ben\u00f6tigte Energie wird durch eine Vielzahl von Photovoltaikmodulen (die \"Schuppen\" der Fassaden) und Windkraftanlagen erzeugt.<\/span><\/p>\n\n\n\n<div class=\"wp-block-image normal size-full wp-image-10391\"><figure class=\"aligncenter\"><img loading=\"lazy\" decoding=\"async\" width=\"500\" height=\"333\" src=\"https:\/\/www.athome.lu\/blog\/wp-content\/uploads\/2017\/10\/hyperion.jpg\" alt=\"\" class=\"wp-image-10391\" srcset=\"https:\/\/www.athome.lu\/blog\/wp-content\/uploads\/2017\/10\/hyperion.jpg 500w, https:\/\/www.athome.lu\/blog\/wp-content\/uploads\/2017\/10\/hyperion-300x200.jpg 300w, https:\/\/www.athome.lu\/blog\/wp-content\/uploads\/2017\/10\/hyperion-18x12.jpg 18w\" sizes=\"auto, (max-width: 500px) 100vw, 500px\" \/><figcaption>Bildnachweis: Vincent Callebaut<\/figcaption><\/figure><\/div>\n\n\n\n<h2 class=\"wp-block-heading\"><strong><span style=\"color: #000000;\">Taiwan: der Agora Garden<\/span><\/strong><\/h2>\n\n\n\n<p><span style=\"color: #000000;\">Das Besondere an Agora Garden ist, dass es sich nicht nur um ein Projekt handelt: Das Geb\u00e4ude, das in Taiwan bereits fertiggestellt wurde, hei\u00dft Tao Zhu Yin Yuan Tower und ist das Ergebnis desselben Architekten wie Hyperions, des Belgiers Vincent Caillebaut. Mit seiner spiralf\u00f6rmigen Form, die an die Struktur der DNA erinnert, ist es ein Modell f\u00fcr \u00f6kologisches Bauen und geht \u00fcber die Energieautonomie hinaus. Im Herzen des dicht besiedelten und pulsierenden Xinyi-Distrikts wird Agora Garden auch die Luft reinigen, indem 23.000 B\u00e4ume gepflanzt werden, die 130 Tonnen CO<sub>2<\/sub> und nat\u00fcrlich die Verbindung zwischen Mensch und Natur herstellen.<\/span><\/p>\n\n\n\n<div class=\"wp-block-image normal size-full wp-image-10392\"><figure class=\"aligncenter\"><img loading=\"lazy\" decoding=\"async\" width=\"500\" height=\"379\" src=\"https:\/\/www.athome.lu\/blog\/wp-content\/uploads\/2017\/10\/agora-garden.jpg\" alt=\"\" class=\"wp-image-10392\" srcset=\"https:\/\/www.athome.lu\/blog\/wp-content\/uploads\/2017\/10\/agora-garden.jpg 500w, https:\/\/www.athome.lu\/blog\/wp-content\/uploads\/2017\/10\/agora-garden-300x227.jpg 300w, https:\/\/www.athome.lu\/blog\/wp-content\/uploads\/2017\/10\/agora-garden-16x12.jpg 16w\" sizes=\"auto, (max-width: 500px) 100vw, 500px\" \/><figcaption>Bildnachweis: Vincent Callebaut<\/figcaption><\/figure><\/div>\n\n\n<section id=\"section-3-14695\" class=\"ct-section\" ><div class=\"ct-section-inner-wrap\"><div id=\"div_block-4-14695\" class=\"ct-div-block\" ><div id=\"new_columns-7-14695\" class=\"ct-new-columns\" ><div id=\"div_block-8-14695\" class=\"ct-div-block\" ><div id=\"div_block-14-14695\" class=\"ct-div-block\" ><\/div><\/div><div id=\"div_block-9-14695\" class=\"ct-div-block\" ><h1 id=\"headline-11-14695\" class=\"ct-headline\">Wie hoch sind die Immobilienpreise derzeit?<\/h1><div id=\"text_block-12-14695\" class=\"ct-text-block\" >Die Preise verlangsamen sich. Die Zinss\u00e4tze steigen. Welche Trends sind in den kommenden Monaten zu erwarten?<\/div><a id=\"link_button-13-14695\" class=\"ct-link-button\" href=\"https:\/\/www.athome.lu\/blog\/blog\/marche-immobilier\/prix\/tendances-2022\/\" target=\"_blank\"  >Analyse lesen<\/a><\/div><\/div><\/div><\/div><\/section>","protected":false},"excerpt":{"rendered":"<p>Demain, ou apr\u00e8s-demain, les immeubles de nos villes seront, \u00e0 n\u2019en pas douter, gigantesques. Apr\u00e8s tout, il faudra trouver de quoi loger les 9 milliards d\u2019habitants de notre plan\u00e8te. Mais ils seront aussi plus respectueux de l\u2019environnement, voire carr\u00e9ment \u00e9cologiques. Zoom sur trois projets \u00e9loquents. New York&nbsp;: Times Squared 3015 Petite colle du jour&nbsp;: quelle [&hellip;]<\/p>\n","protected":false},"author":17,"featured_media":10397,"comment_status":"closed","ping_status":"open","sticky":false,"template":"","format":"standard","meta":{"_acf_changed":false,"footnotes":""},"categories":[28],"tags":[38,45],"class_list":["post-10387","post","type-post","status-publish","format-standard","has-post-thumbnail","hentry","category-dossiers-a-la-une","tag-architecture","tag-ecologie"],"acf":[],"yoast_head":"<!-- This site is optimized with the Yoast SEO plugin v27.4 - https:\/\/yoast.com\/product\/yoast-seo-wordpress\/ -->\n<title>\u25b7 A quoi ressembleront les immeubles du futur ? | atHome<\/title>\n<meta name=\"description\" content=\"Demain, ou apr\u00e8s-demain, les immeubles de nos villes seront gigantesques et \u00e9cologiques \u25ba D\u00e9couvrez 3 projets futuristes\" \/>\n<meta name=\"robots\" content=\"index, follow, max-snippet:-1, max-image-preview:large, max-video-preview:-1\" \/>\n<link rel=\"canonical\" href=\"https:\/\/www.athome.lu\/blog\/de\/blickpunkt\/a-was-wird-die-zukunftigen-immobilien-zusammenbringen\/\" \/>\n<meta property=\"og:locale\" content=\"de_DE\" \/>\n<meta property=\"og:type\" content=\"article\" \/>\n<meta property=\"og:title\" content=\"\u25b7 A quoi ressembleront les immeubles du futur ? | atHome\" \/>\n<meta property=\"og:description\" content=\"Demain, ou apr\u00e8s-demain, les immeubles de nos villes seront gigantesques et \u00e9cologiques \u25ba D\u00e9couvrez 3 projets futuristes\" \/>\n<meta property=\"og:url\" content=\"https:\/\/www.athome.lu\/blog\/de\/blickpunkt\/a-was-wird-die-zukunftigen-immobilien-zusammenbringen\/\" \/>\n<meta property=\"og:site_name\" content=\"atHome Blog\" \/>\n<meta property=\"article:publisher\" content=\"https:\/\/www.facebook.com\/atHome.lu\/\" \/>\n<meta property=\"article:published_time\" content=\"2017-10-24T07:30:52+00:00\" \/>\n<meta property=\"article:modified_time\" content=\"2022-05-12T06:59:00+00:00\" \/>\n<meta property=\"og:image\" content=\"https:\/\/www.athome.lu\/blog\/wp-content\/uploads\/2017\/10\/architecture-102107.jpg\" \/>\n\t<meta property=\"og:image:width\" content=\"1200\" \/>\n\t<meta property=\"og:image:height\" content=\"800\" \/>\n\t<meta property=\"og:image:type\" content=\"image\/jpeg\" \/>\n<meta name=\"author\" content=\"Fanny Pimentel\" \/>\n<meta name=\"twitter:card\" content=\"summary_large_image\" \/>\n<meta name=\"twitter:creator\" content=\"@athomelu\" \/>\n<meta name=\"twitter:site\" content=\"@athomelu\" \/>\n<meta name=\"twitter:label1\" content=\"Verfasst von\" \/>\n\t<meta name=\"twitter:data1\" content=\"Fanny Pimentel\" \/>\n\t<meta name=\"twitter:label2\" content=\"Gesch\u00e4tzte Lesezeit\" \/>\n\t<meta name=\"twitter:data2\" content=\"3\u00a0Minuten\" \/>\n<script type=\"application\/ld+json\" class=\"yoast-schema-graph\">{\"@context\":\"https:\\\/\\\/schema.org\",\"@graph\":[{\"@type\":\"Article\",\"@id\":\"https:\\\/\\\/www.athome.lu\\\/blog\\\/dossiers-a-la-une\\\/a-quoi-ressembleront-les-immeubles-du-futur\\\/#article\",\"isPartOf\":{\"@id\":\"https:\\\/\\\/www.athome.lu\\\/blog\\\/dossiers-a-la-une\\\/a-quoi-ressembleront-les-immeubles-du-futur\\\/\"},\"author\":{\"name\":\"Fanny Pimentel\",\"@id\":\"https:\\\/\\\/www.athome.lu\\\/blog\\\/#\\\/schema\\\/person\\\/47f7a38089f837e792876ceddc4cb2dc\"},\"headline\":\"A quoi ressembleront les immeubles du futur ?\",\"datePublished\":\"2017-10-24T07:30:52+00:00\",\"dateModified\":\"2022-05-12T06:59:00+00:00\",\"mainEntityOfPage\":{\"@id\":\"https:\\\/\\\/www.athome.lu\\\/blog\\\/dossiers-a-la-une\\\/a-quoi-ressembleront-les-immeubles-du-futur\\\/\"},\"wordCount\":501,\"image\":{\"@id\":\"https:\\\/\\\/www.athome.lu\\\/blog\\\/dossiers-a-la-une\\\/a-quoi-ressembleront-les-immeubles-du-futur\\\/#primaryimage\"},\"thumbnailUrl\":\"https:\\\/\\\/www.athome.lu\\\/blog\\\/wp-content\\\/uploads\\\/2017\\\/10\\\/architecture-102107.jpg\",\"keywords\":[\"architecture\",\"\u00e9cologie\"],\"articleSection\":[\"Dossier \u00e0 la une\"],\"inLanguage\":\"de\"},{\"@type\":\"WebPage\",\"@id\":\"https:\\\/\\\/www.athome.lu\\\/blog\\\/dossiers-a-la-une\\\/a-quoi-ressembleront-les-immeubles-du-futur\\\/\",\"url\":\"https:\\\/\\\/www.athome.lu\\\/blog\\\/dossiers-a-la-une\\\/a-quoi-ressembleront-les-immeubles-du-futur\\\/\",\"name\":\"\u25b7 A quoi ressembleront les immeubles du futur ? | atHome\",\"isPartOf\":{\"@id\":\"https:\\\/\\\/www.athome.lu\\\/blog\\\/#website\"},\"primaryImageOfPage\":{\"@id\":\"https:\\\/\\\/www.athome.lu\\\/blog\\\/dossiers-a-la-une\\\/a-quoi-ressembleront-les-immeubles-du-futur\\\/#primaryimage\"},\"image\":{\"@id\":\"https:\\\/\\\/www.athome.lu\\\/blog\\\/dossiers-a-la-une\\\/a-quoi-ressembleront-les-immeubles-du-futur\\\/#primaryimage\"},\"thumbnailUrl\":\"https:\\\/\\\/www.athome.lu\\\/blog\\\/wp-content\\\/uploads\\\/2017\\\/10\\\/architecture-102107.jpg\",\"datePublished\":\"2017-10-24T07:30:52+00:00\",\"dateModified\":\"2022-05-12T06:59:00+00:00\",\"author\":{\"@id\":\"https:\\\/\\\/www.athome.lu\\\/blog\\\/#\\\/schema\\\/person\\\/47f7a38089f837e792876ceddc4cb2dc\"},\"description\":\"Demain, ou apr\u00e8s-demain, les immeubles de nos villes seront gigantesques et \u00e9cologiques \u25ba D\u00e9couvrez 3 projets futuristes\",\"breadcrumb\":{\"@id\":\"https:\\\/\\\/www.athome.lu\\\/blog\\\/dossiers-a-la-une\\\/a-quoi-ressembleront-les-immeubles-du-futur\\\/#breadcrumb\"},\"inLanguage\":\"de\",\"potentialAction\":[{\"@type\":\"ReadAction\",\"target\":[\"https:\\\/\\\/www.athome.lu\\\/blog\\\/dossiers-a-la-une\\\/a-quoi-ressembleront-les-immeubles-du-futur\\\/\"]}]},{\"@type\":\"ImageObject\",\"inLanguage\":\"de\",\"@id\":\"https:\\\/\\\/www.athome.lu\\\/blog\\\/dossiers-a-la-une\\\/a-quoi-ressembleront-les-immeubles-du-futur\\\/#primaryimage\",\"url\":\"https:\\\/\\\/www.athome.lu\\\/blog\\\/wp-content\\\/uploads\\\/2017\\\/10\\\/architecture-102107.jpg\",\"contentUrl\":\"https:\\\/\\\/www.athome.lu\\\/blog\\\/wp-content\\\/uploads\\\/2017\\\/10\\\/architecture-102107.jpg\",\"width\":1200,\"height\":800},{\"@type\":\"BreadcrumbList\",\"@id\":\"https:\\\/\\\/www.athome.lu\\\/blog\\\/dossiers-a-la-une\\\/a-quoi-ressembleront-les-immeubles-du-futur\\\/#breadcrumb\",\"itemListElement\":[{\"@type\":\"ListItem\",\"position\":1,\"name\":\"Accueil\",\"item\":\"https:\\\/\\\/www.athome.lu\\\/blog\\\/\"},{\"@type\":\"ListItem\",\"position\":2,\"name\":\"Dossier \u00e0 la une\",\"item\":\"https:\\\/\\\/www.athome.lu\\\/blog\\\/en\\\/category\\\/featured\\\/\"},{\"@type\":\"ListItem\",\"position\":3,\"name\":\"A quoi ressembleront les immeubles du futur ?\"}]},{\"@type\":\"WebSite\",\"@id\":\"https:\\\/\\\/www.athome.lu\\\/blog\\\/#website\",\"url\":\"https:\\\/\\\/www.athome.lu\\\/blog\\\/\",\"name\":\"atHome Blog\",\"description\":\"Annonces immobili\u00e8res au Luxembourg. Le portail immobilier n\u00b01 au Luxembourg.\",\"potentialAction\":[{\"@type\":\"SearchAction\",\"target\":{\"@type\":\"EntryPoint\",\"urlTemplate\":\"https:\\\/\\\/www.athome.lu\\\/blog\\\/?s={search_term_string}\"},\"query-input\":{\"@type\":\"PropertyValueSpecification\",\"valueRequired\":true,\"valueName\":\"search_term_string\"}}],\"inLanguage\":\"de\"},{\"@type\":\"Person\",\"@id\":\"https:\\\/\\\/www.athome.lu\\\/blog\\\/#\\\/schema\\\/person\\\/47f7a38089f837e792876ceddc4cb2dc\",\"name\":\"Fanny Pimentel\",\"image\":{\"@type\":\"ImageObject\",\"inLanguage\":\"de\",\"@id\":\"https:\\\/\\\/secure.gravatar.com\\\/avatar\\\/c60b27b93851dc9503f9cc9150e73dcb0a86ba6150657e5e4b11d988400bc633?s=96&d=mm&r=g\",\"url\":\"https:\\\/\\\/secure.gravatar.com\\\/avatar\\\/c60b27b93851dc9503f9cc9150e73dcb0a86ba6150657e5e4b11d988400bc633?s=96&d=mm&r=g\",\"contentUrl\":\"https:\\\/\\\/secure.gravatar.com\\\/avatar\\\/c60b27b93851dc9503f9cc9150e73dcb0a86ba6150657e5e4b11d988400bc633?s=96&d=mm&r=g\",\"caption\":\"Fanny Pimentel\"}}]}<\/script>\n<!-- \/ Yoast SEO plugin. -->","yoast_head_json":{"title":"\u25b7 Wie sehen die Geb\u00e4ude der Zukunft aus? | atHome","description":"Morgen oder \u00fcbermorgen werden die Geb\u00e4ude in unseren St\u00e4dten gigantisch und umweltfreundlich sein \u25ba Entdecke 3 futuristische Projekte","robots":{"index":"index","follow":"follow","max-snippet":"max-snippet:-1","max-image-preview":"max-image-preview:large","max-video-preview":"max-video-preview:-1"},"canonical":"https:\/\/www.athome.lu\/blog\/de\/blickpunkt\/a-was-wird-die-zukunftigen-immobilien-zusammenbringen\/","og_locale":"de_DE","og_type":"article","og_title":"\u25b7 A quoi ressembleront les immeubles du futur ? | atHome","og_description":"Demain, ou apr\u00e8s-demain, les immeubles de nos villes seront gigantesques et \u00e9cologiques \u25ba D\u00e9couvrez 3 projets futuristes","og_url":"https:\/\/www.athome.lu\/blog\/de\/blickpunkt\/a-was-wird-die-zukunftigen-immobilien-zusammenbringen\/","og_site_name":"atHome Blog","article_publisher":"https:\/\/www.facebook.com\/atHome.lu\/","article_published_time":"2017-10-24T07:30:52+00:00","article_modified_time":"2022-05-12T06:59:00+00:00","og_image":[{"width":1200,"height":800,"url":"https:\/\/www.athome.lu\/blog\/wp-content\/uploads\/2017\/10\/architecture-102107.jpg","type":"image\/jpeg"}],"author":"Fanny Pimentel","twitter_card":"summary_large_image","twitter_creator":"@athomelu","twitter_site":"@athomelu","twitter_misc":{"Verfasst von":"Fanny Pimentel","Gesch\u00e4tzte Lesezeit":"3\u00a0Minuten"},"schema":{"@context":"https:\/\/schema.org","@graph":[{"@type":"Article","@id":"https:\/\/www.athome.lu\/blog\/dossiers-a-la-une\/a-quoi-ressembleront-les-immeubles-du-futur\/#article","isPartOf":{"@id":"https:\/\/www.athome.lu\/blog\/dossiers-a-la-une\/a-quoi-ressembleront-les-immeubles-du-futur\/"},"author":{"name":"Fanny Pimentel","@id":"https:\/\/www.athome.lu\/blog\/#\/schema\/person\/47f7a38089f837e792876ceddc4cb2dc"},"headline":"A quoi ressembleront les immeubles du futur ?","datePublished":"2017-10-24T07:30:52+00:00","dateModified":"2022-05-12T06:59:00+00:00","mainEntityOfPage":{"@id":"https:\/\/www.athome.lu\/blog\/dossiers-a-la-une\/a-quoi-ressembleront-les-immeubles-du-futur\/"},"wordCount":501,"image":{"@id":"https:\/\/www.athome.lu\/blog\/dossiers-a-la-une\/a-quoi-ressembleront-les-immeubles-du-futur\/#primaryimage"},"thumbnailUrl":"https:\/\/www.athome.lu\/blog\/wp-content\/uploads\/2017\/10\/architecture-102107.jpg","keywords":["architecture","\u00e9cologie"],"articleSection":["Dossier \u00e0 la une"],"inLanguage":"de"},{"@type":"WebPage","@id":"https:\/\/www.athome.lu\/blog\/dossiers-a-la-une\/a-quoi-ressembleront-les-immeubles-du-futur\/","url":"https:\/\/www.athome.lu\/blog\/dossiers-a-la-une\/a-quoi-ressembleront-les-immeubles-du-futur\/","name":"\u25b7 Wie sehen die Geb\u00e4ude der Zukunft aus? | atHome","isPartOf":{"@id":"https:\/\/www.athome.lu\/blog\/#website"},"primaryImageOfPage":{"@id":"https:\/\/www.athome.lu\/blog\/dossiers-a-la-une\/a-quoi-ressembleront-les-immeubles-du-futur\/#primaryimage"},"image":{"@id":"https:\/\/www.athome.lu\/blog\/dossiers-a-la-une\/a-quoi-ressembleront-les-immeubles-du-futur\/#primaryimage"},"thumbnailUrl":"https:\/\/www.athome.lu\/blog\/wp-content\/uploads\/2017\/10\/architecture-102107.jpg","datePublished":"2017-10-24T07:30:52+00:00","dateModified":"2022-05-12T06:59:00+00:00","author":{"@id":"https:\/\/www.athome.lu\/blog\/#\/schema\/person\/47f7a38089f837e792876ceddc4cb2dc"},"description":"Morgen oder \u00fcbermorgen werden die Geb\u00e4ude in unseren St\u00e4dten gigantisch und umweltfreundlich sein \u25ba Entdecke 3 futuristische Projekte","breadcrumb":{"@id":"https:\/\/www.athome.lu\/blog\/dossiers-a-la-une\/a-quoi-ressembleront-les-immeubles-du-futur\/#breadcrumb"},"inLanguage":"de","potentialAction":[{"@type":"ReadAction","target":["https:\/\/www.athome.lu\/blog\/dossiers-a-la-une\/a-quoi-ressembleront-les-immeubles-du-futur\/"]}]},{"@type":"ImageObject","inLanguage":"de","@id":"https:\/\/www.athome.lu\/blog\/dossiers-a-la-une\/a-quoi-ressembleront-les-immeubles-du-futur\/#primaryimage","url":"https:\/\/www.athome.lu\/blog\/wp-content\/uploads\/2017\/10\/architecture-102107.jpg","contentUrl":"https:\/\/www.athome.lu\/blog\/wp-content\/uploads\/2017\/10\/architecture-102107.jpg","width":1200,"height":800},{"@type":"BreadcrumbList","@id":"https:\/\/www.athome.lu\/blog\/dossiers-a-la-une\/a-quoi-ressembleront-les-immeubles-du-futur\/#breadcrumb","itemListElement":[{"@type":"ListItem","position":1,"name":"Accueil","item":"https:\/\/www.athome.lu\/blog\/"},{"@type":"ListItem","position":2,"name":"Dossier \u00e0 la une","item":"https:\/\/www.athome.lu\/blog\/en\/category\/featured\/"},{"@type":"ListItem","position":3,"name":"A quoi ressembleront les immeubles du futur ?"}]},{"@type":"WebSite","@id":"https:\/\/www.athome.lu\/blog\/#website","url":"https:\/\/www.athome.lu\/blog\/","name":"atHome Blog","description":"Immobilienanzeigen in Luxemburg. Das Immobilienportal Nr. 1 in Luxemburg.","potentialAction":[{"@type":"SearchAction","target":{"@type":"EntryPoint","urlTemplate":"https:\/\/www.athome.lu\/blog\/?s={search_term_string}"},"query-input":{"@type":"PropertyValueSpecification","valueRequired":true,"valueName":"search_term_string"}}],"inLanguage":"de"},{"@type":"Person","@id":"https:\/\/www.athome.lu\/blog\/#\/schema\/person\/47f7a38089f837e792876ceddc4cb2dc","name":"Fanny Pimentel","image":{"@type":"ImageObject","inLanguage":"de","@id":"https:\/\/secure.gravatar.com\/avatar\/c60b27b93851dc9503f9cc9150e73dcb0a86ba6150657e5e4b11d988400bc633?s=96&d=mm&r=g","url":"https:\/\/secure.gravatar.com\/avatar\/c60b27b93851dc9503f9cc9150e73dcb0a86ba6150657e5e4b11d988400bc633?s=96&d=mm&r=g","contentUrl":"https:\/\/secure.gravatar.com\/avatar\/c60b27b93851dc9503f9cc9150e73dcb0a86ba6150657e5e4b11d988400bc633?s=96&d=mm&r=g","caption":"Fanny Pimentel"}}]}},"featured_media_src_url":"https:\/\/www.athome.lu\/blog\/wp-content\/uploads\/2017\/10\/architecture-102107-1024x683.jpg","_links":{"self":[{"href":"https:\/\/www.athome.lu\/blog\/de\/wp-json\/wp\/v2\/posts\/10387","targetHints":{"allow":["GET"]}}],"collection":[{"href":"https:\/\/www.athome.lu\/blog\/de\/wp-json\/wp\/v2\/posts"}],"about":[{"href":"https:\/\/www.athome.lu\/blog\/de\/wp-json\/wp\/v2\/types\/post"}],"author":[{"embeddable":true,"href":"https:\/\/www.athome.lu\/blog\/de\/wp-json\/wp\/v2\/users\/17"}],"replies":[{"embeddable":true,"href":"https:\/\/www.athome.lu\/blog\/de\/wp-json\/wp\/v2\/comments?post=10387"}],"version-history":[{"count":2,"href":"https:\/\/www.athome.lu\/blog\/de\/wp-json\/wp\/v2\/posts\/10387\/revisions"}],"predecessor-version":[{"id":15228,"href":"https:\/\/www.athome.lu\/blog\/de\/wp-json\/wp\/v2\/posts\/10387\/revisions\/15228"}],"wp:featuredmedia":[{"embeddable":true,"href":"https:\/\/www.athome.lu\/blog\/de\/wp-json\/wp\/v2\/media\/10397"}],"wp:attachment":[{"href":"https:\/\/www.athome.lu\/blog\/de\/wp-json\/wp\/v2\/media?parent=10387"}],"wp:term":[{"taxonomy":"category","embeddable":true,"href":"https:\/\/www.athome.lu\/blog\/de\/wp-json\/wp\/v2\/categories?post=10387"},{"taxonomy":"post_tag","embeddable":true,"href":"https:\/\/www.athome.lu\/blog\/de\/wp-json\/wp\/v2\/tags?post=10387"}],"curies":[{"name":"wp","href":"https:\/\/api.w.org\/{rel}","templated":true}]}}