{"id":10427,"date":"2017-10-26T10:04:10","date_gmt":"2017-10-26T09:04:10","guid":{"rendered":"https:\/\/www.athome.lu\/blog\/?p=10427"},"modified":"2022-05-12T11:10:48","modified_gmt":"2022-05-12T09:10:48","slug":"sie-konnen-ihre-mobel-vermieten","status":"publish","type":"post","link":"https:\/\/www.athome.lu\/blog\/de\/mon-logement\/demenagement\/vous-venez-demmenager-louez-vos-meubles\/","title":{"rendered":"Sind Sie gerade erst eingezogen? Mieten Sie Ihre M\u00f6bel!"},"content":{"rendered":"<p><span style=\"color: #000000;\">Sie haben gerade die T\u00fcr zu Ihrer neuen - und charmanten - Wohnung aufgesto\u00dfen. Da Sie in Luxemburg ankommen oder sich zum ersten Mal \"zu Hause\" einrichten, ist die Wohnung erschreckend leer. Wie w\u00e4re es, M\u00f6bel zu mieten?<\/span><\/p>\n\n\n\n<h2 class=\"wp-block-heading\"><span style=\"color: #000000;\"><strong>W\u00e4hlen Sie Ihre M\u00f6bel online aus<\/strong><\/span><\/h2>\n\n\n\n<p><span style=\"color: #000000;\">Wenn Sie sich nicht f\u00fcr eine m\u00f6blierte Wohnung entschieden haben, verf\u00fcgt Ihre neue Wohnung nur \u00fcber W\u00e4nde und Fenster, ein Badezimmer, eine Toilette und vielleicht nicht einmal \u00fcber eine K\u00fcche. Und Ihr Budget ist nicht so dehnbar, dass Sie es sich leisten k\u00f6nnten, die Wohnung komplett einzurichten. Sie sollten \u00fcber das Mieten von M\u00f6beln nachdenken.<\/span><\/p>\n\n\n\n<p><span style=\"color: #000000;\">In der Praxis ist das nicht sehr kompliziert. Sie loggen sich auf einer speziellen Website ein (z. B. <a style=\"color: #000000;\" href=\"https:\/\/www.in-lease.com\/\">In-Lease<\/a> oder <a style=\"color: #000000;\" href=\"https:\/\/www.semeubler.com\/\">SeMeubler.com<\/a>) und w\u00e4hlen aus dem Katalog das Bett, das Sofa, den Tisch, die St\u00fchle und anderen Stauraum, den Sie brauchen. Wenn Sie nicht die Geduld haben, sie alle einzeln auszuw\u00e4hlen, werden Ihnen sogar Pakete angeboten, die nach R\u00e4umen und in verschiedenen Stimmungen geordnet sind. Die Auswahl ist riesig, so dass Sie Ihre Wohnung ganz nach Ihren W\u00fcnschen einrichten k\u00f6nnen. Und wenn Sie auf der Suche nach Inspiration sind, schauen Sie sich doch mal unseren Blog an, die <a href=\"https:\/\/www.athome.lu\/blog\/blog\/mobilier-les-ingredients-de-votre-deco-pour-lautomne\/\" target=\"_blank\" rel=\"noopener noreferrer\">M\u00f6beltrends dieses Herbstes.<\/a> Die M\u00f6bel werden dann zu Ihnen nach Hause geliefert, aufgebaut und aufgestellt, und schon sind Sie eingezogen... Sie werden nach Ablauf der Mietdauer wieder abgeholt.<\/span><\/p>\n\n\n\n<p><span style=\"color: #000000;\">Es kann jedoch sein, dass Sie auch Haushaltsger\u00e4te und\/oder Multimediager\u00e4te ben\u00f6tigen. Auch diese werden zur Miete angeboten, ebenso wie Sport- und Gartenger\u00e4te. Kurzum, Sie k\u00f6nnen Ihr neues Leben in vollen Z\u00fcgen genie\u00dfen!<\/span><\/p>\n\n\n\n<h2 class=\"wp-block-heading\"><span style=\"color: #000000;\"><strong>Optionen nach Wunsch<\/strong><\/span><\/h2>\n\n\n\n<p><span style=\"color: #000000;\">Die Unternehmen, die M\u00f6bel vermieten, haben an alles gedacht: Ob Sie auf Ihren Umzug warten, nur ein paar Monate in Luxemburg wohnen, vor dem Kauf etwas sparen wollen oder von diesem System (das Ihnen au\u00dferdem die M\u00f6glichkeit gibt, das Ambiente zu wechseln, wann immer Sie wollen) endg\u00fcltig \u00fcberzeugt sind, Sie k\u00f6nnen sich kurz-, mittel- oder langfristig (bis zu 60 Monate) an das System binden. Die Wahl der Mietdauer ist \u00fcbrigens einer der ersten Schritte, die Sie tun sollten, auch wenn die Formeln immer flexibler werden.<\/span><\/p>\n\n\n\n<p><span style=\"color: #000000;\">Und das ist noch nicht alles. Wie bei Autos haben Sie die M\u00f6glichkeit, die M\u00f6bel, in denen Sie sich so wohl f\u00fchlen, nach Ablauf des Vertrags zu leasen und zu kaufen.<\/span><\/p>\n\n\n\n<p><span style=\"color: #000000;\">Ein letzter Hinweis: Auf die M\u00f6bel und Ger\u00e4te wird selbstverst\u00e4ndlich eine Garantie gew\u00e4hrt. Rechnen Sie au\u00dferdem nach und Sie werden feststellen, dass diese L\u00f6sung nicht nur praktisch, sondern auch kosteng\u00fcnstig ist.<\/span><\/p>\n\n\n<section id=\"section-3-14695\" class=\"ct-section\" ><div class=\"ct-section-inner-wrap\"><div id=\"div_block-4-14695\" class=\"ct-div-block\" ><div id=\"new_columns-7-14695\" class=\"ct-new-columns\" ><div id=\"div_block-8-14695\" class=\"ct-div-block\" ><div id=\"div_block-14-14695\" class=\"ct-div-block\" ><\/div><\/div><div id=\"div_block-9-14695\" class=\"ct-div-block\" ><h1 id=\"headline-11-14695\" class=\"ct-headline\">Wie hoch sind die Immobilienpreise derzeit?<\/h1><div id=\"text_block-12-14695\" class=\"ct-text-block\" >Die Preise verlangsamen sich. Die Zinss\u00e4tze steigen. Welche Trends sind in den kommenden Monaten zu erwarten?<\/div><a id=\"link_button-13-14695\" class=\"ct-link-button\" href=\"https:\/\/www.athome.lu\/blog\/blog\/marche-immobilier\/prix\/tendances-2022\/\" target=\"_blank\"  >Analyse lesen<\/a><\/div><\/div><\/div><\/div><\/section>","protected":false},"excerpt":{"rendered":"<p>Vous venez de pousser la porte de votre nouvel \u2013 et charmant \u2013 appartement. Seul souci, puisque vous d\u00e9barquez au Luxembourg ou vous vous installez \u00ab&nbsp;chez vous&nbsp;\u00bb pour la premi\u00e8re fois, il est affreusement vide. Et si louer des meubles \u00e9tait la bonne solution&nbsp;? Choisissez vos meubles en ligne \u00c0 moins d\u2019avoir opt\u00e9 pour une [&hellip;]<\/p>\n","protected":false},"author":17,"featured_media":10429,"comment_status":"closed","ping_status":"open","sticky":false,"template":"","format":"standard","meta":{"_acf_changed":false,"footnotes":""},"categories":[203],"tags":[82,107,49],"class_list":["post-10427","post","type-post","status-publish","format-standard","has-post-thumbnail","hentry","category-demenagement","tag-ameublement","tag-expatrie","tag-location"],"acf":[],"yoast_head":"<!-- This site is optimized with the Yoast SEO plugin v27.4 - https:\/\/yoast.com\/product\/yoast-seo-wordpress\/ -->\n<title>Vous venez d\u2019emm\u00e9nager\u00a0? Louez vos meubles\u00a0! | atHome<\/title>\n<meta name=\"description\" content=\"Vous venez de d\u00e9barquer au Luxembourg pour la premi\u00e8re fois, et votre appart est vide. Et si louer des meubles \u00e9tait la bonne solution ?\" \/>\n<meta name=\"robots\" content=\"index, follow, max-snippet:-1, max-image-preview:large, max-video-preview:-1\" \/>\n<link rel=\"canonical\" href=\"https:\/\/www.athome.lu\/blog\/de\/mein-haus\/umzug\/sie-konnen-ihre-mobel-vermieten\/\" \/>\n<meta property=\"og:locale\" content=\"de_DE\" \/>\n<meta property=\"og:type\" content=\"article\" \/>\n<meta property=\"og:title\" content=\"Vous venez d\u2019emm\u00e9nager\u00a0? Louez vos meubles\u00a0! | atHome\" \/>\n<meta property=\"og:description\" content=\"Vous venez de d\u00e9barquer au Luxembourg pour la premi\u00e8re fois, et votre appart est vide. Et si louer des meubles \u00e9tait la bonne solution ?\" \/>\n<meta property=\"og:url\" content=\"https:\/\/www.athome.lu\/blog\/de\/mein-haus\/umzug\/sie-konnen-ihre-mobel-vermieten\/\" \/>\n<meta property=\"og:site_name\" content=\"atHome Blog\" \/>\n<meta property=\"article:publisher\" content=\"https:\/\/www.facebook.com\/atHome.lu\/\" \/>\n<meta property=\"article:published_time\" content=\"2017-10-26T09:04:10+00:00\" \/>\n<meta property=\"article:modified_time\" content=\"2022-05-12T09:10:48+00:00\" \/>\n<meta property=\"og:image\" content=\"https:\/\/www.athome.lu\/blog\/wp-content\/uploads\/2017\/10\/living-room-2155376_1280.jpg\" \/>\n\t<meta property=\"og:image:width\" content=\"1233\" \/>\n\t<meta property=\"og:image:height\" content=\"822\" \/>\n\t<meta property=\"og:image:type\" content=\"image\/jpeg\" \/>\n<meta name=\"author\" content=\"Fanny Pimentel\" \/>\n<meta name=\"twitter:card\" content=\"summary_large_image\" \/>\n<meta name=\"twitter:creator\" content=\"@athomelu\" \/>\n<meta name=\"twitter:site\" content=\"@athomelu\" \/>\n<meta name=\"twitter:label1\" content=\"Verfasst von\" \/>\n\t<meta name=\"twitter:data1\" content=\"Fanny Pimentel\" \/>\n\t<meta name=\"twitter:label2\" content=\"Gesch\u00e4tzte Lesezeit\" \/>\n\t<meta name=\"twitter:data2\" content=\"3\u00a0Minuten\" \/>\n<script type=\"application\/ld+json\" class=\"yoast-schema-graph\">{\"@context\":\"https:\\\/\\\/schema.org\",\"@graph\":[{\"@type\":\"Article\",\"@id\":\"https:\\\/\\\/www.athome.lu\\\/blog\\\/mon-logement\\\/demenagement\\\/vous-venez-demmenager-louez-vos-meubles\\\/#article\",\"isPartOf\":{\"@id\":\"https:\\\/\\\/www.athome.lu\\\/blog\\\/mon-logement\\\/demenagement\\\/vous-venez-demmenager-louez-vos-meubles\\\/\"},\"author\":{\"name\":\"Fanny Pimentel\",\"@id\":\"https:\\\/\\\/www.athome.lu\\\/blog\\\/#\\\/schema\\\/person\\\/47f7a38089f837e792876ceddc4cb2dc\"},\"headline\":\"Vous venez d\u2019emm\u00e9nager\u00a0? Louez vos meubles\u00a0!\",\"datePublished\":\"2017-10-26T09:04:10+00:00\",\"dateModified\":\"2022-05-12T09:10:48+00:00\",\"mainEntityOfPage\":{\"@id\":\"https:\\\/\\\/www.athome.lu\\\/blog\\\/mon-logement\\\/demenagement\\\/vous-venez-demmenager-louez-vos-meubles\\\/\"},\"wordCount\":496,\"image\":{\"@id\":\"https:\\\/\\\/www.athome.lu\\\/blog\\\/mon-logement\\\/demenagement\\\/vous-venez-demmenager-louez-vos-meubles\\\/#primaryimage\"},\"thumbnailUrl\":\"https:\\\/\\\/www.athome.lu\\\/blog\\\/wp-content\\\/uploads\\\/2017\\\/10\\\/living-room-2155376_1280.jpg\",\"keywords\":[\"Ameublement\",\"Expatri\u00e9\",\"Location\"],\"articleSection\":[\"D\u00e9m\u00e9nagement\"],\"inLanguage\":\"de\"},{\"@type\":\"WebPage\",\"@id\":\"https:\\\/\\\/www.athome.lu\\\/blog\\\/mon-logement\\\/demenagement\\\/vous-venez-demmenager-louez-vos-meubles\\\/\",\"url\":\"https:\\\/\\\/www.athome.lu\\\/blog\\\/mon-logement\\\/demenagement\\\/vous-venez-demmenager-louez-vos-meubles\\\/\",\"name\":\"Vous venez d\u2019emm\u00e9nager\u00a0? Louez vos meubles\u00a0! | atHome\",\"isPartOf\":{\"@id\":\"https:\\\/\\\/www.athome.lu\\\/blog\\\/#website\"},\"primaryImageOfPage\":{\"@id\":\"https:\\\/\\\/www.athome.lu\\\/blog\\\/mon-logement\\\/demenagement\\\/vous-venez-demmenager-louez-vos-meubles\\\/#primaryimage\"},\"image\":{\"@id\":\"https:\\\/\\\/www.athome.lu\\\/blog\\\/mon-logement\\\/demenagement\\\/vous-venez-demmenager-louez-vos-meubles\\\/#primaryimage\"},\"thumbnailUrl\":\"https:\\\/\\\/www.athome.lu\\\/blog\\\/wp-content\\\/uploads\\\/2017\\\/10\\\/living-room-2155376_1280.jpg\",\"datePublished\":\"2017-10-26T09:04:10+00:00\",\"dateModified\":\"2022-05-12T09:10:48+00:00\",\"author\":{\"@id\":\"https:\\\/\\\/www.athome.lu\\\/blog\\\/#\\\/schema\\\/person\\\/47f7a38089f837e792876ceddc4cb2dc\"},\"description\":\"Vous venez de d\u00e9barquer au Luxembourg pour la premi\u00e8re fois, et votre appart est vide. Et si louer des meubles \u00e9tait la bonne solution ?\",\"breadcrumb\":{\"@id\":\"https:\\\/\\\/www.athome.lu\\\/blog\\\/mon-logement\\\/demenagement\\\/vous-venez-demmenager-louez-vos-meubles\\\/#breadcrumb\"},\"inLanguage\":\"de\",\"potentialAction\":[{\"@type\":\"ReadAction\",\"target\":[\"https:\\\/\\\/www.athome.lu\\\/blog\\\/mon-logement\\\/demenagement\\\/vous-venez-demmenager-louez-vos-meubles\\\/\"]}]},{\"@type\":\"ImageObject\",\"inLanguage\":\"de\",\"@id\":\"https:\\\/\\\/www.athome.lu\\\/blog\\\/mon-logement\\\/demenagement\\\/vous-venez-demmenager-louez-vos-meubles\\\/#primaryimage\",\"url\":\"https:\\\/\\\/www.athome.lu\\\/blog\\\/wp-content\\\/uploads\\\/2017\\\/10\\\/living-room-2155376_1280.jpg\",\"contentUrl\":\"https:\\\/\\\/www.athome.lu\\\/blog\\\/wp-content\\\/uploads\\\/2017\\\/10\\\/living-room-2155376_1280.jpg\",\"width\":1233,\"height\":822,\"caption\":\"Location de meuble\"},{\"@type\":\"BreadcrumbList\",\"@id\":\"https:\\\/\\\/www.athome.lu\\\/blog\\\/mon-logement\\\/demenagement\\\/vous-venez-demmenager-louez-vos-meubles\\\/#breadcrumb\",\"itemListElement\":[{\"@type\":\"ListItem\",\"position\":1,\"name\":\"Accueil\",\"item\":\"https:\\\/\\\/www.athome.lu\\\/blog\\\/\"},{\"@type\":\"ListItem\",\"position\":2,\"name\":\"Mon logement\",\"item\":\"https:\\\/\\\/www.athome.lu\\\/blog\\\/de\\\/category\\\/mein-haus\\\/\"},{\"@type\":\"ListItem\",\"position\":3,\"name\":\"D\u00e9m\u00e9nagement\",\"item\":\"https:\\\/\\\/www.athome.lu\\\/blog\\\/category\\\/mon-logement\\\/demenagement\\\/\"},{\"@type\":\"ListItem\",\"position\":4,\"name\":\"Vous venez d\u2019emm\u00e9nager\u00a0? Louez vos meubles\u00a0!\"}]},{\"@type\":\"WebSite\",\"@id\":\"https:\\\/\\\/www.athome.lu\\\/blog\\\/#website\",\"url\":\"https:\\\/\\\/www.athome.lu\\\/blog\\\/\",\"name\":\"atHome Blog\",\"description\":\"Annonces immobili\u00e8res au Luxembourg. Le portail immobilier n\u00b01 au Luxembourg.\",\"potentialAction\":[{\"@type\":\"SearchAction\",\"target\":{\"@type\":\"EntryPoint\",\"urlTemplate\":\"https:\\\/\\\/www.athome.lu\\\/blog\\\/?s={search_term_string}\"},\"query-input\":{\"@type\":\"PropertyValueSpecification\",\"valueRequired\":true,\"valueName\":\"search_term_string\"}}],\"inLanguage\":\"de\"},{\"@type\":\"Person\",\"@id\":\"https:\\\/\\\/www.athome.lu\\\/blog\\\/#\\\/schema\\\/person\\\/47f7a38089f837e792876ceddc4cb2dc\",\"name\":\"Fanny Pimentel\",\"image\":{\"@type\":\"ImageObject\",\"inLanguage\":\"de\",\"@id\":\"https:\\\/\\\/secure.gravatar.com\\\/avatar\\\/c60b27b93851dc9503f9cc9150e73dcb0a86ba6150657e5e4b11d988400bc633?s=96&d=mm&r=g\",\"url\":\"https:\\\/\\\/secure.gravatar.com\\\/avatar\\\/c60b27b93851dc9503f9cc9150e73dcb0a86ba6150657e5e4b11d988400bc633?s=96&d=mm&r=g\",\"contentUrl\":\"https:\\\/\\\/secure.gravatar.com\\\/avatar\\\/c60b27b93851dc9503f9cc9150e73dcb0a86ba6150657e5e4b11d988400bc633?s=96&d=mm&r=g\",\"caption\":\"Fanny Pimentel\"}}]}<\/script>\n<!-- \/ Yoast SEO plugin. -->","yoast_head_json":{"title":"Sind Sie gerade erst eingezogen? Mieten Sie Ihre M\u00f6bel! | atHome","description":"Sie sind gerade zum ersten Mal nach Luxemburg gezogen und Ihre Wohnung ist leer. Was w\u00e4re, wenn das Mieten von M\u00f6beln die richtige L\u00f6sung w\u00e4re?","robots":{"index":"index","follow":"follow","max-snippet":"max-snippet:-1","max-image-preview":"max-image-preview:large","max-video-preview":"max-video-preview:-1"},"canonical":"https:\/\/www.athome.lu\/blog\/de\/mein-haus\/umzug\/sie-konnen-ihre-mobel-vermieten\/","og_locale":"de_DE","og_type":"article","og_title":"Vous venez d\u2019emm\u00e9nager\u00a0? Louez vos meubles\u00a0! | atHome","og_description":"Vous venez de d\u00e9barquer au Luxembourg pour la premi\u00e8re fois, et votre appart est vide. Et si louer des meubles \u00e9tait la bonne solution ?","og_url":"https:\/\/www.athome.lu\/blog\/de\/mein-haus\/umzug\/sie-konnen-ihre-mobel-vermieten\/","og_site_name":"atHome Blog","article_publisher":"https:\/\/www.facebook.com\/atHome.lu\/","article_published_time":"2017-10-26T09:04:10+00:00","article_modified_time":"2022-05-12T09:10:48+00:00","og_image":[{"width":1233,"height":822,"url":"https:\/\/www.athome.lu\/blog\/wp-content\/uploads\/2017\/10\/living-room-2155376_1280.jpg","type":"image\/jpeg"}],"author":"Fanny Pimentel","twitter_card":"summary_large_image","twitter_creator":"@athomelu","twitter_site":"@athomelu","twitter_misc":{"Verfasst von":"Fanny Pimentel","Gesch\u00e4tzte Lesezeit":"3\u00a0Minuten"},"schema":{"@context":"https:\/\/schema.org","@graph":[{"@type":"Article","@id":"https:\/\/www.athome.lu\/blog\/mon-logement\/demenagement\/vous-venez-demmenager-louez-vos-meubles\/#article","isPartOf":{"@id":"https:\/\/www.athome.lu\/blog\/mon-logement\/demenagement\/vous-venez-demmenager-louez-vos-meubles\/"},"author":{"name":"Fanny Pimentel","@id":"https:\/\/www.athome.lu\/blog\/#\/schema\/person\/47f7a38089f837e792876ceddc4cb2dc"},"headline":"Vous venez d\u2019emm\u00e9nager\u00a0? Louez vos meubles\u00a0!","datePublished":"2017-10-26T09:04:10+00:00","dateModified":"2022-05-12T09:10:48+00:00","mainEntityOfPage":{"@id":"https:\/\/www.athome.lu\/blog\/mon-logement\/demenagement\/vous-venez-demmenager-louez-vos-meubles\/"},"wordCount":496,"image":{"@id":"https:\/\/www.athome.lu\/blog\/mon-logement\/demenagement\/vous-venez-demmenager-louez-vos-meubles\/#primaryimage"},"thumbnailUrl":"https:\/\/www.athome.lu\/blog\/wp-content\/uploads\/2017\/10\/living-room-2155376_1280.jpg","keywords":["Ameublement","Expatri\u00e9","Location"],"articleSection":["D\u00e9m\u00e9nagement"],"inLanguage":"de"},{"@type":"WebPage","@id":"https:\/\/www.athome.lu\/blog\/mon-logement\/demenagement\/vous-venez-demmenager-louez-vos-meubles\/","url":"https:\/\/www.athome.lu\/blog\/mon-logement\/demenagement\/vous-venez-demmenager-louez-vos-meubles\/","name":"Sind Sie gerade erst eingezogen? Mieten Sie Ihre M\u00f6bel! | atHome","isPartOf":{"@id":"https:\/\/www.athome.lu\/blog\/#website"},"primaryImageOfPage":{"@id":"https:\/\/www.athome.lu\/blog\/mon-logement\/demenagement\/vous-venez-demmenager-louez-vos-meubles\/#primaryimage"},"image":{"@id":"https:\/\/www.athome.lu\/blog\/mon-logement\/demenagement\/vous-venez-demmenager-louez-vos-meubles\/#primaryimage"},"thumbnailUrl":"https:\/\/www.athome.lu\/blog\/wp-content\/uploads\/2017\/10\/living-room-2155376_1280.jpg","datePublished":"2017-10-26T09:04:10+00:00","dateModified":"2022-05-12T09:10:48+00:00","author":{"@id":"https:\/\/www.athome.lu\/blog\/#\/schema\/person\/47f7a38089f837e792876ceddc4cb2dc"},"description":"Sie sind gerade zum ersten Mal nach Luxemburg gezogen und Ihre Wohnung ist leer. Was w\u00e4re, wenn das Mieten von M\u00f6beln die richtige L\u00f6sung w\u00e4re?","breadcrumb":{"@id":"https:\/\/www.athome.lu\/blog\/mon-logement\/demenagement\/vous-venez-demmenager-louez-vos-meubles\/#breadcrumb"},"inLanguage":"de","potentialAction":[{"@type":"ReadAction","target":["https:\/\/www.athome.lu\/blog\/mon-logement\/demenagement\/vous-venez-demmenager-louez-vos-meubles\/"]}]},{"@type":"ImageObject","inLanguage":"de","@id":"https:\/\/www.athome.lu\/blog\/mon-logement\/demenagement\/vous-venez-demmenager-louez-vos-meubles\/#primaryimage","url":"https:\/\/www.athome.lu\/blog\/wp-content\/uploads\/2017\/10\/living-room-2155376_1280.jpg","contentUrl":"https:\/\/www.athome.lu\/blog\/wp-content\/uploads\/2017\/10\/living-room-2155376_1280.jpg","width":1233,"height":822,"caption":"Location de meuble"},{"@type":"BreadcrumbList","@id":"https:\/\/www.athome.lu\/blog\/mon-logement\/demenagement\/vous-venez-demmenager-louez-vos-meubles\/#breadcrumb","itemListElement":[{"@type":"ListItem","position":1,"name":"Accueil","item":"https:\/\/www.athome.lu\/blog\/"},{"@type":"ListItem","position":2,"name":"Mon logement","item":"https:\/\/www.athome.lu\/blog\/de\/category\/mein-haus\/"},{"@type":"ListItem","position":3,"name":"D\u00e9m\u00e9nagement","item":"https:\/\/www.athome.lu\/blog\/category\/mon-logement\/demenagement\/"},{"@type":"ListItem","position":4,"name":"Vous venez d\u2019emm\u00e9nager\u00a0? Louez vos meubles\u00a0!"}]},{"@type":"WebSite","@id":"https:\/\/www.athome.lu\/blog\/#website","url":"https:\/\/www.athome.lu\/blog\/","name":"atHome Blog","description":"Immobilienanzeigen in Luxemburg. Das Immobilienportal Nr. 1 in Luxemburg.","potentialAction":[{"@type":"SearchAction","target":{"@type":"EntryPoint","urlTemplate":"https:\/\/www.athome.lu\/blog\/?s={search_term_string}"},"query-input":{"@type":"PropertyValueSpecification","valueRequired":true,"valueName":"search_term_string"}}],"inLanguage":"de"},{"@type":"Person","@id":"https:\/\/www.athome.lu\/blog\/#\/schema\/person\/47f7a38089f837e792876ceddc4cb2dc","name":"Fanny Pimentel","image":{"@type":"ImageObject","inLanguage":"de","@id":"https:\/\/secure.gravatar.com\/avatar\/c60b27b93851dc9503f9cc9150e73dcb0a86ba6150657e5e4b11d988400bc633?s=96&d=mm&r=g","url":"https:\/\/secure.gravatar.com\/avatar\/c60b27b93851dc9503f9cc9150e73dcb0a86ba6150657e5e4b11d988400bc633?s=96&d=mm&r=g","contentUrl":"https:\/\/secure.gravatar.com\/avatar\/c60b27b93851dc9503f9cc9150e73dcb0a86ba6150657e5e4b11d988400bc633?s=96&d=mm&r=g","caption":"Fanny Pimentel"}}]}},"featured_media_src_url":"https:\/\/www.athome.lu\/blog\/wp-content\/uploads\/2017\/10\/living-room-2155376_1280-1024x683.jpg","_links":{"self":[{"href":"https:\/\/www.athome.lu\/blog\/de\/wp-json\/wp\/v2\/posts\/10427","targetHints":{"allow":["GET"]}}],"collection":[{"href":"https:\/\/www.athome.lu\/blog\/de\/wp-json\/wp\/v2\/posts"}],"about":[{"href":"https:\/\/www.athome.lu\/blog\/de\/wp-json\/wp\/v2\/types\/post"}],"author":[{"embeddable":true,"href":"https:\/\/www.athome.lu\/blog\/de\/wp-json\/wp\/v2\/users\/17"}],"replies":[{"embeddable":true,"href":"https:\/\/www.athome.lu\/blog\/de\/wp-json\/wp\/v2\/comments?post=10427"}],"version-history":[{"count":2,"href":"https:\/\/www.athome.lu\/blog\/de\/wp-json\/wp\/v2\/posts\/10427\/revisions"}],"predecessor-version":[{"id":15226,"href":"https:\/\/www.athome.lu\/blog\/de\/wp-json\/wp\/v2\/posts\/10427\/revisions\/15226"}],"wp:featuredmedia":[{"embeddable":true,"href":"https:\/\/www.athome.lu\/blog\/de\/wp-json\/wp\/v2\/media\/10429"}],"wp:attachment":[{"href":"https:\/\/www.athome.lu\/blog\/de\/wp-json\/wp\/v2\/media?parent=10427"}],"wp:term":[{"taxonomy":"category","embeddable":true,"href":"https:\/\/www.athome.lu\/blog\/de\/wp-json\/wp\/v2\/categories?post=10427"},{"taxonomy":"post_tag","embeddable":true,"href":"https:\/\/www.athome.lu\/blog\/de\/wp-json\/wp\/v2\/tags?post=10427"}],"curies":[{"name":"wp","href":"https:\/\/api.w.org\/{rel}","templated":true}]}}