{"id":10494,"date":"2017-11-08T10:04:36","date_gmt":"2017-11-08T09:04:36","guid":{"rendered":"https:\/\/www.athome.lu\/blog\/?p=10494"},"modified":"2022-05-12T08:56:16","modified_gmt":"2022-05-12T06:56:16","slug":"welche-privilegien-im-winter","status":"publish","type":"post","link":"https:\/\/www.athome.lu\/blog\/de\/mon-logement\/meuble-decoration\/quels-eclairages-privilegier-en-hiver\/","title":{"rendered":"Welche Beleuchtung sollten Sie im Winter in Ihrer Wohnung bevorzugen?"},"content":{"rendered":"<p><span style=\"color: #000000;\">Die Nacht bricht schneller herein und die Tage werden dunkler: Kein Zweifel, der Winter hat f\u00fcr einige Monate Einzug gehalten. Sie beginnen, zu wenig Licht zu bekommen, und das k\u00f6nnte sich auf Ihre Stimmung auswirken. Handeln Sie!<\/span><\/p>\n\n\n\n<h2 class=\"wp-block-heading\"><span style=\"color: #000000;\"><strong>Bringen Sie Helligkeit<\/strong><\/span><\/h2>\n\n\n\n<p><span style=\"color: #000000;\">Ihr Ziel f\u00fcr die n\u00e4chsten Wochen wird es sein, das, was Mutter Natur Ihnen vorenth\u00e4lt, n\u00e4mlich Helligkeit, in Ihr Haus zu bringen. In der Winterzeit k\u00f6nnen Sie die Wattzahl Ihrer Gl\u00fchbirnen erh\u00f6hen und Halogenlampen bevorzugen, da diese das Licht verbreiten, das dem nat\u00fcrlichen Licht am n\u00e4chsten kommt. Sie m\u00fcssen nicht alles neu einrichten, aber Sie k\u00f6nnen auch Beleuchtungen entlang der Fenster anbringen (z. B. Spots), die das Licht von au\u00dfen imitieren.<\/span><\/p>\n\n\n\n<h2 class=\"wp-block-heading\"><span style=\"color: #000000;\"><strong>Vervielfachen Sie die Beleuchtung<\/strong><\/span><\/h2>\n\n\n\n<p><span style=\"color: #000000;\">Im Winter ist es au\u00dferdem ratsam, mehr Licht zu verwenden, und zwar sowohl direktes als auch indirektes Licht. Wenn Sie dies nicht tun und sich z. B. auf die Deckenleuchte im Wohnzimmer beschr\u00e4nken, entsteht der Eindruck eines begrenzten Raumes. Spielen Sie mit Lampen, Stehlampen, Wandleuchten und sogar Lichterketten, um die R\u00e4ume im Haus in Licht zu tauchen. So schaffen Sie eine lebendigere Atmosph\u00e4re (ohne das Haus in einen Jahrmarkt zu verwandeln, versteht sich).<\/span><\/p>\n\n\n\n<h2 class=\"wp-block-heading\"><span style=\"color: #000000;\"><strong>Achten Sie auf technische Details<\/strong><\/span><\/h2>\n\n\n\n<p><span style=\"color: #000000;\">Wenn Sie Ihre Gl\u00fchbirnen austauschen m\u00f6chten, um mehr Licht zu erhalten, sollten Sie daran denken, dass wir jetzt in das Zeitalter der Energiesparlampen eingetreten sind. Sie m\u00fcssen also in Lumen denken: 700\/750 Lumen (entspricht 60 Watt) sind besser als 410\/430 Lumen (entspricht 40 Watt). F\u00fcr warmes Licht achten Sie auf die Kelvin-Grade auf der Verpackung, sie sollten 3000 \u00b0K betragen. Je h\u00f6her sie diese Zahl \u00fcberschreiten, desto k\u00e4lter wird Ihr Licht. Schlie\u00dflich sollten Sie wissen, dass die Hersteller den CRI, den Farbwiedergabeindex, angeben, der nahe bei 100 (dem nat\u00fcrlichen Licht) liegen sollte, wenn Sie beispielsweise nach dem Schminken im Badezimmer keine b\u00f6sen \u00dcberraschungen erleben wollen.<\/span><\/p>\n\n\n\n<h2 class=\"wp-block-heading\"><span style=\"color: #000000;\"><strong>Kennen Sie die Lichttherapie?<\/strong><\/span><\/h2>\n\n\n\n<p><span style=\"color: #000000;\">Trotz all dieser Ratschl\u00e4ge und Ver\u00e4nderungen l\u00e4sst Sie die tr\u00fcbe Stimmung nicht los? Sind Sie einer saisonal abh\u00e4ngigen Depression nahe? Dann haben Sie noch eine L\u00f6sung: die Lichttherapie. Wenn Sie eine spezielle Lampe kaufen, die wei\u00dfes Licht mit einem breiten Spektrum ausstrahlt - eine perfekte Nachahmung des Sonnenlichts - und sich t\u00e4glich dem Licht aussetzen, k\u00f6nnen Sie die wohltuende Wirkung des Lichts auf Ihren Organismus nutzen.<\/span><\/p>\n\n\n<section id=\"section-3-14695\" class=\"ct-section\" ><div class=\"ct-section-inner-wrap\"><div id=\"div_block-4-14695\" class=\"ct-div-block\" ><div id=\"new_columns-7-14695\" class=\"ct-new-columns\" ><div id=\"div_block-8-14695\" class=\"ct-div-block\" ><div id=\"div_block-14-14695\" class=\"ct-div-block\" ><\/div><\/div><div id=\"div_block-9-14695\" class=\"ct-div-block\" ><h1 id=\"headline-11-14695\" class=\"ct-headline\">Wie hoch sind die Immobilienpreise derzeit?<\/h1><div id=\"text_block-12-14695\" class=\"ct-text-block\" >Die Preise verlangsamen sich. Die Zinss\u00e4tze steigen. Welche Trends sind in den kommenden Monaten zu erwarten?<\/div><a id=\"link_button-13-14695\" class=\"ct-link-button\" href=\"https:\/\/www.athome.lu\/blog\/blog\/marche-immobilier\/prix\/tendances-2022\/\" target=\"_blank\"  >Analyse lesen<\/a><\/div><\/div><\/div><\/div><\/section>","protected":false},"excerpt":{"rendered":"<p>La nuit qui tombe plus vite sur des jours devenus plus sombres&nbsp;: pas de doute, l\u2019hiver s\u2019est install\u00e9 pour quelques mois. Vous commencez \u00e0 manquer de lumi\u00e8re et cela risque de se ressentir sur votre moral. Agissez&nbsp;! Apportez de la luminosit\u00e9 Votre objectif pour les semaines \u00e0 venir sera de proposer chez vous ce dont [&hellip;]<\/p>\n","protected":false},"author":17,"featured_media":10495,"comment_status":"closed","ping_status":"open","sticky":false,"template":"","format":"standard","meta":{"_acf_changed":false,"footnotes":""},"categories":[210],"tags":[79],"class_list":["post-10494","post","type-post","status-publish","format-standard","has-post-thumbnail","hentry","category-meuble-decoration","tag-decoration"],"acf":[],"yoast_head":"<!-- This site is optimized with the Yoast SEO plugin v27.4 - https:\/\/yoast.com\/product\/yoast-seo-wordpress\/ -->\n<title>Quels \u00e9clairages privil\u00e9gier en hiver\u00a0\u00e0 la maison? | atHome.lu<\/title>\n<meta name=\"description\" content=\"En hiver, vous commencez \u00e0 manquer de lumi\u00e8re et cela risque de se ressentir sur votre moral. Agissez sur votre \u00e9clairage !\" \/>\n<meta name=\"robots\" content=\"index, follow, max-snippet:-1, max-image-preview:large, max-video-preview:-1\" \/>\n<link rel=\"canonical\" href=\"https:\/\/www.athome.lu\/blog\/de\/mein-haus\/deko-mobel\/welche-privilegien-im-winter\/\" \/>\n<meta property=\"og:locale\" content=\"de_DE\" \/>\n<meta property=\"og:type\" content=\"article\" \/>\n<meta property=\"og:title\" content=\"Quels \u00e9clairages privil\u00e9gier en hiver\u00a0\u00e0 la maison? | atHome.lu\" \/>\n<meta property=\"og:description\" content=\"En hiver, vous commencez \u00e0 manquer de lumi\u00e8re et cela risque de se ressentir sur votre moral. Agissez sur votre \u00e9clairage !\" \/>\n<meta property=\"og:url\" content=\"https:\/\/www.athome.lu\/blog\/de\/mein-haus\/deko-mobel\/welche-privilegien-im-winter\/\" \/>\n<meta property=\"og:site_name\" content=\"atHome Blog\" \/>\n<meta property=\"article:publisher\" content=\"https:\/\/www.facebook.com\/atHome.lu\/\" \/>\n<meta property=\"article:published_time\" content=\"2017-11-08T09:04:36+00:00\" \/>\n<meta property=\"article:modified_time\" content=\"2022-05-12T06:56:16+00:00\" \/>\n<meta property=\"og:image\" content=\"https:\/\/www.athome.lu\/blog\/wp-content\/uploads\/2017\/11\/light-2572771_1280.jpg\" \/>\n\t<meta property=\"og:image:width\" content=\"1200\" \/>\n\t<meta property=\"og:image:height\" content=\"800\" \/>\n\t<meta property=\"og:image:type\" content=\"image\/jpeg\" \/>\n<meta name=\"author\" content=\"Fanny Pimentel\" \/>\n<meta name=\"twitter:card\" content=\"summary_large_image\" \/>\n<meta name=\"twitter:creator\" content=\"@athomelu\" \/>\n<meta name=\"twitter:site\" content=\"@athomelu\" \/>\n<meta name=\"twitter:label1\" content=\"Verfasst von\" \/>\n\t<meta name=\"twitter:data1\" content=\"Fanny Pimentel\" \/>\n\t<meta name=\"twitter:label2\" content=\"Gesch\u00e4tzte Lesezeit\" \/>\n\t<meta name=\"twitter:data2\" content=\"3\u00a0Minuten\" \/>\n<script type=\"application\/ld+json\" class=\"yoast-schema-graph\">{\"@context\":\"https:\\\/\\\/schema.org\",\"@graph\":[{\"@type\":\"Article\",\"@id\":\"https:\\\/\\\/www.athome.lu\\\/blog\\\/mon-logement\\\/meuble-decoration\\\/quels-eclairages-privilegier-en-hiver\\\/#article\",\"isPartOf\":{\"@id\":\"https:\\\/\\\/www.athome.lu\\\/blog\\\/mon-logement\\\/meuble-decoration\\\/quels-eclairages-privilegier-en-hiver\\\/\"},\"author\":{\"name\":\"Fanny Pimentel\",\"@id\":\"https:\\\/\\\/www.athome.lu\\\/blog\\\/#\\\/schema\\\/person\\\/47f7a38089f837e792876ceddc4cb2dc\"},\"headline\":\"Quels \u00e9clairages privil\u00e9gier en hiver\u00a0chez vous ?\",\"datePublished\":\"2017-11-08T09:04:36+00:00\",\"dateModified\":\"2022-05-12T06:56:16+00:00\",\"mainEntityOfPage\":{\"@id\":\"https:\\\/\\\/www.athome.lu\\\/blog\\\/mon-logement\\\/meuble-decoration\\\/quels-eclairages-privilegier-en-hiver\\\/\"},\"wordCount\":444,\"image\":{\"@id\":\"https:\\\/\\\/www.athome.lu\\\/blog\\\/mon-logement\\\/meuble-decoration\\\/quels-eclairages-privilegier-en-hiver\\\/#primaryimage\"},\"thumbnailUrl\":\"https:\\\/\\\/www.athome.lu\\\/blog\\\/wp-content\\\/uploads\\\/2017\\\/11\\\/light-2572771_1280.jpg\",\"keywords\":[\"D\u00e9coration\"],\"articleSection\":[\"Meubler et D\u00e9corer\"],\"inLanguage\":\"de\"},{\"@type\":\"WebPage\",\"@id\":\"https:\\\/\\\/www.athome.lu\\\/blog\\\/mon-logement\\\/meuble-decoration\\\/quels-eclairages-privilegier-en-hiver\\\/\",\"url\":\"https:\\\/\\\/www.athome.lu\\\/blog\\\/mon-logement\\\/meuble-decoration\\\/quels-eclairages-privilegier-en-hiver\\\/\",\"name\":\"Quels \u00e9clairages privil\u00e9gier en hiver\u00a0\u00e0 la maison? | atHome.lu\",\"isPartOf\":{\"@id\":\"https:\\\/\\\/www.athome.lu\\\/blog\\\/#website\"},\"primaryImageOfPage\":{\"@id\":\"https:\\\/\\\/www.athome.lu\\\/blog\\\/mon-logement\\\/meuble-decoration\\\/quels-eclairages-privilegier-en-hiver\\\/#primaryimage\"},\"image\":{\"@id\":\"https:\\\/\\\/www.athome.lu\\\/blog\\\/mon-logement\\\/meuble-decoration\\\/quels-eclairages-privilegier-en-hiver\\\/#primaryimage\"},\"thumbnailUrl\":\"https:\\\/\\\/www.athome.lu\\\/blog\\\/wp-content\\\/uploads\\\/2017\\\/11\\\/light-2572771_1280.jpg\",\"datePublished\":\"2017-11-08T09:04:36+00:00\",\"dateModified\":\"2022-05-12T06:56:16+00:00\",\"author\":{\"@id\":\"https:\\\/\\\/www.athome.lu\\\/blog\\\/#\\\/schema\\\/person\\\/47f7a38089f837e792876ceddc4cb2dc\"},\"description\":\"En hiver, vous commencez \u00e0 manquer de lumi\u00e8re et cela risque de se ressentir sur votre moral. Agissez sur votre \u00e9clairage !\",\"breadcrumb\":{\"@id\":\"https:\\\/\\\/www.athome.lu\\\/blog\\\/mon-logement\\\/meuble-decoration\\\/quels-eclairages-privilegier-en-hiver\\\/#breadcrumb\"},\"inLanguage\":\"de\",\"potentialAction\":[{\"@type\":\"ReadAction\",\"target\":[\"https:\\\/\\\/www.athome.lu\\\/blog\\\/mon-logement\\\/meuble-decoration\\\/quels-eclairages-privilegier-en-hiver\\\/\"]}]},{\"@type\":\"ImageObject\",\"inLanguage\":\"de\",\"@id\":\"https:\\\/\\\/www.athome.lu\\\/blog\\\/mon-logement\\\/meuble-decoration\\\/quels-eclairages-privilegier-en-hiver\\\/#primaryimage\",\"url\":\"https:\\\/\\\/www.athome.lu\\\/blog\\\/wp-content\\\/uploads\\\/2017\\\/11\\\/light-2572771_1280.jpg\",\"contentUrl\":\"https:\\\/\\\/www.athome.lu\\\/blog\\\/wp-content\\\/uploads\\\/2017\\\/11\\\/light-2572771_1280.jpg\",\"width\":1200,\"height\":800,\"caption\":\"Eclairage int\u00e9rieur\"},{\"@type\":\"BreadcrumbList\",\"@id\":\"https:\\\/\\\/www.athome.lu\\\/blog\\\/mon-logement\\\/meuble-decoration\\\/quels-eclairages-privilegier-en-hiver\\\/#breadcrumb\",\"itemListElement\":[{\"@type\":\"ListItem\",\"position\":1,\"name\":\"Accueil\",\"item\":\"https:\\\/\\\/www.athome.lu\\\/blog\\\/\"},{\"@type\":\"ListItem\",\"position\":2,\"name\":\"Mon logement\",\"item\":\"https:\\\/\\\/www.athome.lu\\\/blog\\\/de\\\/category\\\/mein-haus\\\/\"},{\"@type\":\"ListItem\",\"position\":3,\"name\":\"Meubler et D\u00e9corer\",\"item\":\"https:\\\/\\\/www.athome.lu\\\/blog\\\/de\\\/category\\\/mein-haus\\\/deko-mobel\\\/\"},{\"@type\":\"ListItem\",\"position\":4,\"name\":\"Quels \u00e9clairages privil\u00e9gier en hiver\u00a0chez vous ?\"}]},{\"@type\":\"WebSite\",\"@id\":\"https:\\\/\\\/www.athome.lu\\\/blog\\\/#website\",\"url\":\"https:\\\/\\\/www.athome.lu\\\/blog\\\/\",\"name\":\"atHome Blog\",\"description\":\"Annonces immobili\u00e8res au Luxembourg. Le portail immobilier n\u00b01 au Luxembourg.\",\"potentialAction\":[{\"@type\":\"SearchAction\",\"target\":{\"@type\":\"EntryPoint\",\"urlTemplate\":\"https:\\\/\\\/www.athome.lu\\\/blog\\\/?s={search_term_string}\"},\"query-input\":{\"@type\":\"PropertyValueSpecification\",\"valueRequired\":true,\"valueName\":\"search_term_string\"}}],\"inLanguage\":\"de\"},{\"@type\":\"Person\",\"@id\":\"https:\\\/\\\/www.athome.lu\\\/blog\\\/#\\\/schema\\\/person\\\/47f7a38089f837e792876ceddc4cb2dc\",\"name\":\"Fanny Pimentel\",\"image\":{\"@type\":\"ImageObject\",\"inLanguage\":\"de\",\"@id\":\"https:\\\/\\\/secure.gravatar.com\\\/avatar\\\/c60b27b93851dc9503f9cc9150e73dcb0a86ba6150657e5e4b11d988400bc633?s=96&d=mm&r=g\",\"url\":\"https:\\\/\\\/secure.gravatar.com\\\/avatar\\\/c60b27b93851dc9503f9cc9150e73dcb0a86ba6150657e5e4b11d988400bc633?s=96&d=mm&r=g\",\"contentUrl\":\"https:\\\/\\\/secure.gravatar.com\\\/avatar\\\/c60b27b93851dc9503f9cc9150e73dcb0a86ba6150657e5e4b11d988400bc633?s=96&d=mm&r=g\",\"caption\":\"Fanny Pimentel\"}}]}<\/script>\n<!-- \/ Yoast SEO plugin. -->","yoast_head_json":{"title":"Welche Beleuchtung sollte man im Winter zu Hause bevorzugen? | atHome.lu","description":"Im Winter beginnt Ihnen das Licht auszugehen, und das kann sich auf Ihre Stimmung auswirken. Nehmen Sie Einfluss auf Ihre Beleuchtung!","robots":{"index":"index","follow":"follow","max-snippet":"max-snippet:-1","max-image-preview":"max-image-preview:large","max-video-preview":"max-video-preview:-1"},"canonical":"https:\/\/www.athome.lu\/blog\/de\/mein-haus\/deko-mobel\/welche-privilegien-im-winter\/","og_locale":"de_DE","og_type":"article","og_title":"Quels \u00e9clairages privil\u00e9gier en hiver\u00a0\u00e0 la maison? | atHome.lu","og_description":"En hiver, vous commencez \u00e0 manquer de lumi\u00e8re et cela risque de se ressentir sur votre moral. Agissez sur votre \u00e9clairage !","og_url":"https:\/\/www.athome.lu\/blog\/de\/mein-haus\/deko-mobel\/welche-privilegien-im-winter\/","og_site_name":"atHome Blog","article_publisher":"https:\/\/www.facebook.com\/atHome.lu\/","article_published_time":"2017-11-08T09:04:36+00:00","article_modified_time":"2022-05-12T06:56:16+00:00","og_image":[{"width":1200,"height":800,"url":"https:\/\/www.athome.lu\/blog\/wp-content\/uploads\/2017\/11\/light-2572771_1280.jpg","type":"image\/jpeg"}],"author":"Fanny Pimentel","twitter_card":"summary_large_image","twitter_creator":"@athomelu","twitter_site":"@athomelu","twitter_misc":{"Verfasst von":"Fanny Pimentel","Gesch\u00e4tzte Lesezeit":"3\u00a0Minuten"},"schema":{"@context":"https:\/\/schema.org","@graph":[{"@type":"Article","@id":"https:\/\/www.athome.lu\/blog\/mon-logement\/meuble-decoration\/quels-eclairages-privilegier-en-hiver\/#article","isPartOf":{"@id":"https:\/\/www.athome.lu\/blog\/mon-logement\/meuble-decoration\/quels-eclairages-privilegier-en-hiver\/"},"author":{"name":"Fanny Pimentel","@id":"https:\/\/www.athome.lu\/blog\/#\/schema\/person\/47f7a38089f837e792876ceddc4cb2dc"},"headline":"Quels \u00e9clairages privil\u00e9gier en hiver\u00a0chez vous ?","datePublished":"2017-11-08T09:04:36+00:00","dateModified":"2022-05-12T06:56:16+00:00","mainEntityOfPage":{"@id":"https:\/\/www.athome.lu\/blog\/mon-logement\/meuble-decoration\/quels-eclairages-privilegier-en-hiver\/"},"wordCount":444,"image":{"@id":"https:\/\/www.athome.lu\/blog\/mon-logement\/meuble-decoration\/quels-eclairages-privilegier-en-hiver\/#primaryimage"},"thumbnailUrl":"https:\/\/www.athome.lu\/blog\/wp-content\/uploads\/2017\/11\/light-2572771_1280.jpg","keywords":["D\u00e9coration"],"articleSection":["Meubler et D\u00e9corer"],"inLanguage":"de"},{"@type":"WebPage","@id":"https:\/\/www.athome.lu\/blog\/mon-logement\/meuble-decoration\/quels-eclairages-privilegier-en-hiver\/","url":"https:\/\/www.athome.lu\/blog\/mon-logement\/meuble-decoration\/quels-eclairages-privilegier-en-hiver\/","name":"Welche Beleuchtung sollte man im Winter zu Hause bevorzugen? | atHome.lu","isPartOf":{"@id":"https:\/\/www.athome.lu\/blog\/#website"},"primaryImageOfPage":{"@id":"https:\/\/www.athome.lu\/blog\/mon-logement\/meuble-decoration\/quels-eclairages-privilegier-en-hiver\/#primaryimage"},"image":{"@id":"https:\/\/www.athome.lu\/blog\/mon-logement\/meuble-decoration\/quels-eclairages-privilegier-en-hiver\/#primaryimage"},"thumbnailUrl":"https:\/\/www.athome.lu\/blog\/wp-content\/uploads\/2017\/11\/light-2572771_1280.jpg","datePublished":"2017-11-08T09:04:36+00:00","dateModified":"2022-05-12T06:56:16+00:00","author":{"@id":"https:\/\/www.athome.lu\/blog\/#\/schema\/person\/47f7a38089f837e792876ceddc4cb2dc"},"description":"Im Winter beginnt Ihnen das Licht auszugehen, und das kann sich auf Ihre Stimmung auswirken. Nehmen Sie Einfluss auf Ihre Beleuchtung!","breadcrumb":{"@id":"https:\/\/www.athome.lu\/blog\/mon-logement\/meuble-decoration\/quels-eclairages-privilegier-en-hiver\/#breadcrumb"},"inLanguage":"de","potentialAction":[{"@type":"ReadAction","target":["https:\/\/www.athome.lu\/blog\/mon-logement\/meuble-decoration\/quels-eclairages-privilegier-en-hiver\/"]}]},{"@type":"ImageObject","inLanguage":"de","@id":"https:\/\/www.athome.lu\/blog\/mon-logement\/meuble-decoration\/quels-eclairages-privilegier-en-hiver\/#primaryimage","url":"https:\/\/www.athome.lu\/blog\/wp-content\/uploads\/2017\/11\/light-2572771_1280.jpg","contentUrl":"https:\/\/www.athome.lu\/blog\/wp-content\/uploads\/2017\/11\/light-2572771_1280.jpg","width":1200,"height":800,"caption":"Eclairage int\u00e9rieur"},{"@type":"BreadcrumbList","@id":"https:\/\/www.athome.lu\/blog\/mon-logement\/meuble-decoration\/quels-eclairages-privilegier-en-hiver\/#breadcrumb","itemListElement":[{"@type":"ListItem","position":1,"name":"Accueil","item":"https:\/\/www.athome.lu\/blog\/"},{"@type":"ListItem","position":2,"name":"Mon logement","item":"https:\/\/www.athome.lu\/blog\/de\/category\/mein-haus\/"},{"@type":"ListItem","position":3,"name":"Meubler et D\u00e9corer","item":"https:\/\/www.athome.lu\/blog\/de\/category\/mein-haus\/deko-mobel\/"},{"@type":"ListItem","position":4,"name":"Quels \u00e9clairages privil\u00e9gier en hiver\u00a0chez vous ?"}]},{"@type":"WebSite","@id":"https:\/\/www.athome.lu\/blog\/#website","url":"https:\/\/www.athome.lu\/blog\/","name":"atHome Blog","description":"Immobilienanzeigen in Luxemburg. Das Immobilienportal Nr. 1 in Luxemburg.","potentialAction":[{"@type":"SearchAction","target":{"@type":"EntryPoint","urlTemplate":"https:\/\/www.athome.lu\/blog\/?s={search_term_string}"},"query-input":{"@type":"PropertyValueSpecification","valueRequired":true,"valueName":"search_term_string"}}],"inLanguage":"de"},{"@type":"Person","@id":"https:\/\/www.athome.lu\/blog\/#\/schema\/person\/47f7a38089f837e792876ceddc4cb2dc","name":"Fanny Pimentel","image":{"@type":"ImageObject","inLanguage":"de","@id":"https:\/\/secure.gravatar.com\/avatar\/c60b27b93851dc9503f9cc9150e73dcb0a86ba6150657e5e4b11d988400bc633?s=96&d=mm&r=g","url":"https:\/\/secure.gravatar.com\/avatar\/c60b27b93851dc9503f9cc9150e73dcb0a86ba6150657e5e4b11d988400bc633?s=96&d=mm&r=g","contentUrl":"https:\/\/secure.gravatar.com\/avatar\/c60b27b93851dc9503f9cc9150e73dcb0a86ba6150657e5e4b11d988400bc633?s=96&d=mm&r=g","caption":"Fanny Pimentel"}}]}},"featured_media_src_url":"https:\/\/www.athome.lu\/blog\/wp-content\/uploads\/2017\/11\/light-2572771_1280-1024x683.jpg","_links":{"self":[{"href":"https:\/\/www.athome.lu\/blog\/de\/wp-json\/wp\/v2\/posts\/10494","targetHints":{"allow":["GET"]}}],"collection":[{"href":"https:\/\/www.athome.lu\/blog\/de\/wp-json\/wp\/v2\/posts"}],"about":[{"href":"https:\/\/www.athome.lu\/blog\/de\/wp-json\/wp\/v2\/types\/post"}],"author":[{"embeddable":true,"href":"https:\/\/www.athome.lu\/blog\/de\/wp-json\/wp\/v2\/users\/17"}],"replies":[{"embeddable":true,"href":"https:\/\/www.athome.lu\/blog\/de\/wp-json\/wp\/v2\/comments?post=10494"}],"version-history":[{"count":2,"href":"https:\/\/www.athome.lu\/blog\/de\/wp-json\/wp\/v2\/posts\/10494\/revisions"}],"predecessor-version":[{"id":15218,"href":"https:\/\/www.athome.lu\/blog\/de\/wp-json\/wp\/v2\/posts\/10494\/revisions\/15218"}],"wp:featuredmedia":[{"embeddable":true,"href":"https:\/\/www.athome.lu\/blog\/de\/wp-json\/wp\/v2\/media\/10495"}],"wp:attachment":[{"href":"https:\/\/www.athome.lu\/blog\/de\/wp-json\/wp\/v2\/media?parent=10494"}],"wp:term":[{"taxonomy":"category","embeddable":true,"href":"https:\/\/www.athome.lu\/blog\/de\/wp-json\/wp\/v2\/categories?post=10494"},{"taxonomy":"post_tag","embeddable":true,"href":"https:\/\/www.athome.lu\/blog\/de\/wp-json\/wp\/v2\/tags?post=10494"}],"curies":[{"name":"wp","href":"https:\/\/api.w.org\/{rel}","templated":true}]}}