{"id":10586,"date":"2017-11-21T08:10:39","date_gmt":"2017-11-21T07:10:39","guid":{"rendered":"https:\/\/www.athome.lu\/blog\/?p=10586"},"modified":"2022-05-12T08:53:58","modified_gmt":"2022-05-12T06:53:58","slug":"beggen-eine-grune-lunge-fur-die-hauptstadt","status":"publish","type":"post","link":"https:\/\/www.athome.lu\/blog\/de\/marche-immobilier\/villes\/beggen-un-poumon-vert-pour-la-capitale\/","title":{"rendered":"Beggen, eine gr\u00fcne Lunge f\u00fcr die Hauptstadt"},"content":{"rendered":"<p><span style=\"color: #000000;\">Am n\u00f6rdlichen Rand der Hauptstadt genie\u00dft der Stadtteil Beggen eine ideale Lage. Mit seinen gr\u00fcnen Inseln und der Alzette, die es durchflie\u00dft, ist Beggen eine Oase des Friedens, so dass es immer mehr neue Bewohner anzieht, die Ruhe in der N\u00e4he des Stadtzentrums suchen. Mehrere Immobilienprojekte befinden sich in der Entwicklung.<\/span><\/p>\n\n\n\n<p><span style=\"color: #000000;\">Umgeben von den Stadtteilen Dommeldange im Osten, Eich im S\u00fcden und M\u00fchlenbach im Westen sowie den Gemeinden Walferdange und Bereldange im Norden, ist Beggen ein relativ ruhiger und familienfreundlicher Stadtteil.<\/span><\/p>\n\n\n\n<h2 class=\"wp-block-heading\"><span style=\"color: #000000;\"><strong>Eine kosmopolitische Bev\u00f6lkerung<\/strong><\/span><\/h2>\n\n\n\n<p><span style=\"color: #000000;\">Mit 3.455 Einwohnern (Stand 31. Dezember 2016) vereint Beggen 3% der Bev\u00f6lkerung von Luxemburg-Stadt auf einer Fl\u00e4che von 4km<sup>2<\/sup>. Die Mischung ist gro\u00df, da 90 Nationalit\u00e4ten in dem Viertel vertreten sind. Obwohl die Luxemburger etwa 30% der Bewohner ausmachen, ist die Mehrheit der Bev\u00f6lkerung ausl\u00e4ndischer Herkunft. Franzosen, Portugiesen, Italiener, Belgier, Russen, Deutsche und Polen sind die am st\u00e4rksten vertretenen Nationalit\u00e4ten.<\/span><\/p>\n\n\n\n<p><span style=\"color: #000000;\">Die Bev\u00f6lkerung ist hier eher jung und besteht \u00fcberwiegend aus Familien mit Kindern. In Bezug auf die Wohnsituation besteht das Viertel haupts\u00e4chlich aus Wohnstra\u00dfen mit Einfamilienh\u00e4usern.<\/span><\/p>\n\n\n\n<div class=\"wp-block-image\"><figure class=\"aligncenter\"><img loading=\"lazy\" decoding=\"async\" width=\"1024\" height=\"683\" src=\"https:\/\/www.athome.lu\/blog\/blog\/wp-content\/uploads\/2017\/11\/beggen2-1024x683.jpg\" alt=\"Beggen, Luxemburg\" class=\"wp-image-10589\" srcset=\"https:\/\/www.athome.lu\/blog\/wp-content\/uploads\/2017\/11\/beggen2-1024x683.jpg 1024w, https:\/\/www.athome.lu\/blog\/wp-content\/uploads\/2017\/11\/beggen2-300x200.jpg 300w, https:\/\/www.athome.lu\/blog\/wp-content\/uploads\/2017\/11\/beggen2-768x512.jpg 768w, https:\/\/www.athome.lu\/blog\/wp-content\/uploads\/2017\/11\/beggen2-18x12.jpg 18w, https:\/\/www.athome.lu\/blog\/wp-content\/uploads\/2017\/11\/beggen2.jpg 1200w\" sizes=\"auto, (max-width: 1024px) 100vw, 1024px\" \/><\/figure><\/div>\n\n\n\n<p><\/p>\n\n\n\n<h2 class=\"wp-block-heading\"><span style=\"color: #000000;\"><strong>Gute Verbindungen zum Stadtzentrum<\/strong><\/span><\/h2>\n\n\n\n<p><span style=\"color: #000000;\">Beggen kann zu seinen Vorz\u00fcgen eine sehr gute Anbindung an das Stadtzentrum z\u00e4hlen. Mehrere Buslinien fahren t\u00e4glich in den Stadtteil, der \u00fcber ein Dutzend Haltestellen verf\u00fcgt. Beggen verf\u00fcgt au\u00dferdem \u00fcber 10 Parkpl\u00e4tze, die f\u00fcr Personen mit eingeschr\u00e4nkter Mobilit\u00e4t reserviert sind. Auch die sanfte Mobilit\u00e4t wird nicht vergessen. Mehrere Fahrradwege werden t\u00e4glich benutzt.<\/span><\/p>\n\n\n\n<p><span style=\"color: #000000;\">Seine N\u00e4he zum Zentrum und zum Stadtteil Kirchberg f\u00fchrt jedoch zu einem erheblichen Anstieg des Verkehrsaufkommens auf der Hauptstra\u00dfe, aber auch in den senkrecht dazu verlaufenden Wohnstra\u00dfen. Auch wenn das Viertel keinen eigenen Bahnhof hat, wird es von der Eisenbahnlinie durchquert, die das Stadtzentrum mit den Bahnh\u00f6fen Dommeldange und Walferdange verbindet. Parallel zur Hauptstra\u00dfe und zur Alzette teilt die Bahnlinie das Viertel in drei einzelne Bereiche.<\/span><\/p>\n\n\n<section id=\"section-3-14695\" class=\"ct-section\" ><div class=\"ct-section-inner-wrap\"><div id=\"div_block-4-14695\" class=\"ct-div-block\" ><div id=\"new_columns-7-14695\" class=\"ct-new-columns\" ><div id=\"div_block-8-14695\" class=\"ct-div-block\" ><div id=\"div_block-14-14695\" class=\"ct-div-block\" ><\/div><\/div><div id=\"div_block-9-14695\" class=\"ct-div-block\" ><h1 id=\"headline-11-14695\" class=\"ct-headline\">Wie hoch sind die Immobilienpreise derzeit?<\/h1><div id=\"text_block-12-14695\" class=\"ct-text-block\" >Die Preise verlangsamen sich. Die Zinss\u00e4tze steigen. Welche Trends sind in den kommenden Monaten zu erwarten?<\/div><a id=\"link_button-13-14695\" class=\"ct-link-button\" href=\"https:\/\/www.athome.lu\/blog\/blog\/marche-immobilier\/prix\/tendances-2022\/\" target=\"_blank\"  >Analyse lesen<\/a><\/div><\/div><\/div><\/div><\/section>\n\n\n<h2 class=\"wp-block-heading\"><span style=\"color: #000000;\"><strong>Ein gro\u00dfes Angebot an Infrastruktur<\/strong><\/span><\/h2>\n\n\n\n<p><span style=\"color: #000000;\">In Bezug auf seine Infrastruktur kann Beggen auf zahlreiche Vorteile z\u00e4hlen. Das Viertel verf\u00fcgt \u00fcber gro\u00dfe Freizeitbereiche, die der Kultur und dem Sport gewidmet sind. So k\u00f6nnen Jung und Alt von f\u00fcnf Spielpl\u00e4tzen, einem Fu\u00dfballplatz, Tennispl\u00e4tzen, einer Sporthalle, einem Stadion, aber auch einem Kulturzentrum profitieren. Dieses sehr breite und qualitativ hochwertige Angebot erf\u00fcllt alle oder fast alle Bed\u00fcrfnisse.<\/span><\/p>\n\n\n\n<p><span style=\"color: #000000;\">Um dem Bev\u00f6lkerungswachstum und den Bed\u00fcrfnissen der Familien bestm\u00f6glich gerecht zu werden, verf\u00fcgt Beggen \u00fcber ein umfassendes Angebot an Grundschulbildung. Mehrere Schulen im Zentrum des Viertels nehmen die Kinder der Erstgenannten auf. Ein Schullandheim, dessen Aufnahmekapazit\u00e4t erh\u00f6ht wurde, erg\u00e4nzt dieses Angebot.<\/span><\/p>\n\n\n\n<p><span style=\"color: #000000;\">Die Rue de Beggen, die Hauptverkehrsader, vereint die verschiedenen Gesch\u00e4fte des Viertels und macht es zu einem beliebten Durchgangsort. Beggen verf\u00fcgt \u00fcber ein eigenes Einkaufszentrum, Centre Espace, in dem etwa 15 verschiedene Marken vertreten sind.<\/span><\/p>\n\n\n\n<h2 class=\"wp-block-heading\"><span style=\"color: #000000;\"><strong>Die Natur wird geehrt<\/strong><\/span><\/h2>\n\n\n\n<p><span style=\"color: #000000;\">Beggen verf\u00fcgt au\u00dferdem \u00fcber zahlreiche Erholungsgebiete und mehrere gr\u00fcne Inseln auf H\u00f6he des Eecherfelds und des Mont Dommeldange, die zu Spazierg\u00e4ngen einladen, sei es mit dem Fahrrad oder zu Fu\u00df auf den Wander- und Fahrradwegen. Gr\u00fcnfl\u00e4chen entlang der Alzette steigern die Attraktivit\u00e4t des Viertels.<\/span><\/p>\n\n\n\n<h2 class=\"wp-block-heading\"><span style=\"color: #000000;\"><strong>Neue Annehmlichkeiten realisiert oder in Arbeit<\/strong><\/span><\/h2>\n\n\n\n<p><span style=\"color: #000000;\">Um die Lebensqualit\u00e4t seiner Bewohner zu sichern, entwickelt Beggen neue Projekte. Seine Kl\u00e4ranlage an der Grenze zur Gemeinde Walferdange ist ein zentraler Punkt des Viertels. Die Stadt Luxemburg hat dort 2012 mit dem Bau eines Sammlers begonnen, der sie auf einer L\u00e4nge von \u00fcber 6 Kilometern mit der Kl\u00e4ranlage Bonnevoie verbindet. Ziel der Bauarbeiten, die 2019 abgeschlossen sein sollen, ist es, die Abw\u00e4sser aus den anderen Stadtteilen in Beggen zu sammeln und so die bestehenden Sammler zu entlasten. Die Vorteile sind zahlreich, da dieser Sammler auch als Wasserr\u00fcckhaltebecken oder als Notbecken im Falle eines Ausfalls der Anlage dienen kann. Ein Anfang des Jahres verabschiedetes Projekt sieht auch die Anlage zur Behandlung des R\u00fcckflusswassers aus der Schlammentw\u00e4sserung vor.<\/span><\/p>\n\n\n\n<div class=\"wp-block-image\"><figure class=\"aligncenter\"><img loading=\"lazy\" decoding=\"async\" width=\"1024\" height=\"683\" src=\"https:\/\/www.athome.lu\/blog\/blog\/wp-content\/uploads\/2017\/11\/beggen3-1024x683.jpg\" alt=\"Beggen Residence\" class=\"wp-image-10590\" srcset=\"https:\/\/www.athome.lu\/blog\/wp-content\/uploads\/2017\/11\/beggen3-1024x683.jpg 1024w, https:\/\/www.athome.lu\/blog\/wp-content\/uploads\/2017\/11\/beggen3-300x200.jpg 300w, https:\/\/www.athome.lu\/blog\/wp-content\/uploads\/2017\/11\/beggen3-768x512.jpg 768w, https:\/\/www.athome.lu\/blog\/wp-content\/uploads\/2017\/11\/beggen3-18x12.jpg 18w, https:\/\/www.athome.lu\/blog\/wp-content\/uploads\/2017\/11\/beggen3.jpg 1200w\" sizes=\"auto, (max-width: 1024px) 100vw, 1024px\" \/><\/figure><\/div>\n\n\n\n<p><\/p>\n\n\n\n<p><span style=\"color: #000000;\">Im Bereich Wohnen wurde im Februar 2017 die generationen\u00fcbergreifende Wohnanlage in Luxemburg-Beggen \"Doheem mateneen\" mit 25 Wohnungen eingeweiht. Dieses von der Caritas Luxemburg geleitete Projekt erm\u00f6glicht es \u00e4lteren Menschen mit geringem Einkommen, mit Studierenden der Universit\u00e4t Luxemburg zusammenzuwohnen. Ziel ist es, diese manchmal isolierten Personengruppen zusammenzubringen. Gegen eine sehr geringe Miete helfen die Studenten den Senioren bei den t\u00e4glichen Aufgaben. Das Wohnheim ist aufgeteilt in Bereiche, die den Studierenden vorbehalten sind, und solche, die aufgrund ihres unterschiedlichen Lebensrhythmus den \u00e4lteren Menschen vorbehalten sind, erg\u00e4nzt durch Gemeinschaftsr\u00e4ume. <\/span><br><span style=\"color: #000000;\"> Seit M\u00e4rz 2016 sind die atHome Group und Caritas Luxemburg \u00fcbrigens Partner mit einem gemeinsamen Ziel: die Verbesserung der Wohnsituation und die Umsiedlung von besonders schutzbed\u00fcrftigen Menschen. Am 15. Dezember 2016, rund um einen sozialen und solidarischen Tag, haben 60 Mitarbeiter von atHome an der Einrichtung des Wohnheims in Beggen teilgenommen, jeder mit seinen F\u00e4higkeiten und seiner guten Laune!<\/span><\/p>\n\n\n\n<p><span style=\"color: #000000;\">Schlie\u00dflich soll auch ein Kommunikationszentrum f\u00fcr Geh\u00f6rlose und H\u00f6rgesch\u00e4digte entstehen, w\u00e4hrend die Br\u00fccke \u00fcber die Alzette ersetzt wird.<\/span><\/p>","protected":false},"excerpt":{"rendered":"<p>A la lisi\u00e8re nord de la capitale, le quartier de Beggen jouit d\u2019une situation id\u00e9ale. Avec ses \u00eelots de verdure et l\u2019Alzette qui le traverse, Beggen est un havre de paix, au point d\u2019attirer de plus en plus de nouveaux r\u00e9sidents \u00e0 la recherche de calme \u00e0 proximit\u00e9 du centre-ville. Plusieurs projets immobiliers sont en [&hellip;]<\/p>\n","protected":false},"author":17,"featured_media":10588,"comment_status":"closed","ping_status":"open","sticky":false,"template":"","format":"standard","meta":{"_acf_changed":false,"footnotes":""},"categories":[218],"tags":[95,90],"class_list":["post-10586","post","type-post","status-publish","format-standard","has-post-thumbnail","hentry","category-villes","tag-centre","tag-vie-quotidienne"],"acf":[],"yoast_head":"<!-- This site is optimized with the Yoast SEO plugin v27.4 - https:\/\/yoast.com\/product\/yoast-seo-wordpress\/ -->\n<title>\u25b7 Beggen, un poumon vert pour la capitale | atHome<\/title>\n<meta name=\"description\" content=\"Zoom sur le quartier de Beggen \u25ba Avec ses \u00eelots de verdure et l\u2019Alzette qui le traverse, Beggen est un havre de paix.\" \/>\n<meta name=\"robots\" content=\"index, follow, max-snippet:-1, max-image-preview:large, max-video-preview:-1\" \/>\n<link rel=\"canonical\" href=\"https:\/\/www.athome.lu\/blog\/de\/immobilien-markt\/stadte\/beggen-eine-grune-lunge-fur-die-hauptstadt\/\" \/>\n<meta property=\"og:locale\" content=\"de_DE\" \/>\n<meta property=\"og:type\" content=\"article\" \/>\n<meta property=\"og:title\" content=\"\u25b7 Beggen, un poumon vert pour la capitale | atHome\" \/>\n<meta property=\"og:description\" content=\"Zoom sur le quartier de Beggen \u25ba Avec ses \u00eelots de verdure et l\u2019Alzette qui le traverse, Beggen est un havre de paix.\" \/>\n<meta property=\"og:url\" content=\"https:\/\/www.athome.lu\/blog\/de\/immobilien-markt\/stadte\/beggen-eine-grune-lunge-fur-die-hauptstadt\/\" \/>\n<meta property=\"og:site_name\" content=\"atHome Blog\" \/>\n<meta property=\"article:publisher\" content=\"https:\/\/www.facebook.com\/atHome.lu\/\" \/>\n<meta property=\"article:published_time\" content=\"2017-11-21T07:10:39+00:00\" \/>\n<meta property=\"article:modified_time\" content=\"2022-05-12T06:53:58+00:00\" \/>\n<meta property=\"og:image\" content=\"https:\/\/www.athome.lu\/blog\/wp-content\/uploads\/2017\/11\/Beggen.jpg\" \/>\n\t<meta property=\"og:image:width\" content=\"1200\" \/>\n\t<meta property=\"og:image:height\" content=\"800\" \/>\n\t<meta property=\"og:image:type\" content=\"image\/jpeg\" \/>\n<meta name=\"author\" content=\"Fanny Pimentel\" \/>\n<meta name=\"twitter:card\" content=\"summary_large_image\" \/>\n<meta name=\"twitter:creator\" content=\"@athomelu\" \/>\n<meta name=\"twitter:site\" content=\"@athomelu\" \/>\n<meta name=\"twitter:label1\" content=\"Verfasst von\" \/>\n\t<meta name=\"twitter:data1\" content=\"Fanny Pimentel\" \/>\n\t<meta name=\"twitter:label2\" content=\"Gesch\u00e4tzte Lesezeit\" \/>\n\t<meta name=\"twitter:data2\" content=\"5\u00a0Minuten\" \/>\n<script type=\"application\/ld+json\" class=\"yoast-schema-graph\">{\"@context\":\"https:\\\/\\\/schema.org\",\"@graph\":[{\"@type\":\"Article\",\"@id\":\"https:\\\/\\\/www.athome.lu\\\/blog\\\/marche-immobilier\\\/villes\\\/beggen-un-poumon-vert-pour-la-capitale\\\/#article\",\"isPartOf\":{\"@id\":\"https:\\\/\\\/www.athome.lu\\\/blog\\\/marche-immobilier\\\/villes\\\/beggen-un-poumon-vert-pour-la-capitale\\\/\"},\"author\":{\"name\":\"Fanny Pimentel\",\"@id\":\"https:\\\/\\\/www.athome.lu\\\/blog\\\/#\\\/schema\\\/person\\\/47f7a38089f837e792876ceddc4cb2dc\"},\"headline\":\"Beggen, un poumon vert pour la capitale\",\"datePublished\":\"2017-11-21T07:10:39+00:00\",\"dateModified\":\"2022-05-12T06:53:58+00:00\",\"mainEntityOfPage\":{\"@id\":\"https:\\\/\\\/www.athome.lu\\\/blog\\\/marche-immobilier\\\/villes\\\/beggen-un-poumon-vert-pour-la-capitale\\\/\"},\"wordCount\":958,\"image\":{\"@id\":\"https:\\\/\\\/www.athome.lu\\\/blog\\\/marche-immobilier\\\/villes\\\/beggen-un-poumon-vert-pour-la-capitale\\\/#primaryimage\"},\"thumbnailUrl\":\"https:\\\/\\\/www.athome.lu\\\/blog\\\/wp-content\\\/uploads\\\/2017\\\/11\\\/Beggen.jpg\",\"keywords\":[\"Centre\",\"Vie quotidienne\"],\"articleSection\":[\"Villes\"],\"inLanguage\":\"de\"},{\"@type\":\"WebPage\",\"@id\":\"https:\\\/\\\/www.athome.lu\\\/blog\\\/marche-immobilier\\\/villes\\\/beggen-un-poumon-vert-pour-la-capitale\\\/\",\"url\":\"https:\\\/\\\/www.athome.lu\\\/blog\\\/marche-immobilier\\\/villes\\\/beggen-un-poumon-vert-pour-la-capitale\\\/\",\"name\":\"\u25b7 Beggen, un poumon vert pour la capitale | atHome\",\"isPartOf\":{\"@id\":\"https:\\\/\\\/www.athome.lu\\\/blog\\\/#website\"},\"primaryImageOfPage\":{\"@id\":\"https:\\\/\\\/www.athome.lu\\\/blog\\\/marche-immobilier\\\/villes\\\/beggen-un-poumon-vert-pour-la-capitale\\\/#primaryimage\"},\"image\":{\"@id\":\"https:\\\/\\\/www.athome.lu\\\/blog\\\/marche-immobilier\\\/villes\\\/beggen-un-poumon-vert-pour-la-capitale\\\/#primaryimage\"},\"thumbnailUrl\":\"https:\\\/\\\/www.athome.lu\\\/blog\\\/wp-content\\\/uploads\\\/2017\\\/11\\\/Beggen.jpg\",\"datePublished\":\"2017-11-21T07:10:39+00:00\",\"dateModified\":\"2022-05-12T06:53:58+00:00\",\"author\":{\"@id\":\"https:\\\/\\\/www.athome.lu\\\/blog\\\/#\\\/schema\\\/person\\\/47f7a38089f837e792876ceddc4cb2dc\"},\"description\":\"Zoom sur le quartier de Beggen \u25ba Avec ses \u00eelots de verdure et l\u2019Alzette qui le traverse, Beggen est un havre de paix.\",\"breadcrumb\":{\"@id\":\"https:\\\/\\\/www.athome.lu\\\/blog\\\/marche-immobilier\\\/villes\\\/beggen-un-poumon-vert-pour-la-capitale\\\/#breadcrumb\"},\"inLanguage\":\"de\",\"potentialAction\":[{\"@type\":\"ReadAction\",\"target\":[\"https:\\\/\\\/www.athome.lu\\\/blog\\\/marche-immobilier\\\/villes\\\/beggen-un-poumon-vert-pour-la-capitale\\\/\"]}]},{\"@type\":\"ImageObject\",\"inLanguage\":\"de\",\"@id\":\"https:\\\/\\\/www.athome.lu\\\/blog\\\/marche-immobilier\\\/villes\\\/beggen-un-poumon-vert-pour-la-capitale\\\/#primaryimage\",\"url\":\"https:\\\/\\\/www.athome.lu\\\/blog\\\/wp-content\\\/uploads\\\/2017\\\/11\\\/Beggen.jpg\",\"contentUrl\":\"https:\\\/\\\/www.athome.lu\\\/blog\\\/wp-content\\\/uploads\\\/2017\\\/11\\\/Beggen.jpg\",\"width\":1200,\"height\":800,\"caption\":\"Quartier de Beggen\"},{\"@type\":\"BreadcrumbList\",\"@id\":\"https:\\\/\\\/www.athome.lu\\\/blog\\\/marche-immobilier\\\/villes\\\/beggen-un-poumon-vert-pour-la-capitale\\\/#breadcrumb\",\"itemListElement\":[{\"@type\":\"ListItem\",\"position\":1,\"name\":\"Accueil\",\"item\":\"https:\\\/\\\/www.athome.lu\\\/blog\\\/\"},{\"@type\":\"ListItem\",\"position\":2,\"name\":\"March\u00e9 immobilier\",\"item\":\"https:\\\/\\\/www.athome.lu\\\/blog\\\/category\\\/marche-immobilier\\\/\"},{\"@type\":\"ListItem\",\"position\":3,\"name\":\"Villes\",\"item\":\"https:\\\/\\\/www.athome.lu\\\/blog\\\/category\\\/marche-immobilier\\\/villes\\\/\"},{\"@type\":\"ListItem\",\"position\":4,\"name\":\"Beggen, un poumon vert pour la capitale\"}]},{\"@type\":\"WebSite\",\"@id\":\"https:\\\/\\\/www.athome.lu\\\/blog\\\/#website\",\"url\":\"https:\\\/\\\/www.athome.lu\\\/blog\\\/\",\"name\":\"atHome Blog\",\"description\":\"Annonces immobili\u00e8res au Luxembourg. Le portail immobilier n\u00b01 au Luxembourg.\",\"potentialAction\":[{\"@type\":\"SearchAction\",\"target\":{\"@type\":\"EntryPoint\",\"urlTemplate\":\"https:\\\/\\\/www.athome.lu\\\/blog\\\/?s={search_term_string}\"},\"query-input\":{\"@type\":\"PropertyValueSpecification\",\"valueRequired\":true,\"valueName\":\"search_term_string\"}}],\"inLanguage\":\"de\"},{\"@type\":\"Person\",\"@id\":\"https:\\\/\\\/www.athome.lu\\\/blog\\\/#\\\/schema\\\/person\\\/47f7a38089f837e792876ceddc4cb2dc\",\"name\":\"Fanny Pimentel\",\"image\":{\"@type\":\"ImageObject\",\"inLanguage\":\"de\",\"@id\":\"https:\\\/\\\/secure.gravatar.com\\\/avatar\\\/c60b27b93851dc9503f9cc9150e73dcb0a86ba6150657e5e4b11d988400bc633?s=96&d=mm&r=g\",\"url\":\"https:\\\/\\\/secure.gravatar.com\\\/avatar\\\/c60b27b93851dc9503f9cc9150e73dcb0a86ba6150657e5e4b11d988400bc633?s=96&d=mm&r=g\",\"contentUrl\":\"https:\\\/\\\/secure.gravatar.com\\\/avatar\\\/c60b27b93851dc9503f9cc9150e73dcb0a86ba6150657e5e4b11d988400bc633?s=96&d=mm&r=g\",\"caption\":\"Fanny Pimentel\"}}]}<\/script>\n<!-- \/ Yoast SEO plugin. -->","yoast_head_json":{"title":"\u25b7 Beggen, eine gr\u00fcne Lunge f\u00fcr die Hauptstadt | atHome","description":"Zoom auf das Viertel Beggen \u25ba Mit seinen gr\u00fcnen Inseln und der Alzette, die es durchflie\u00dft, ist Beggen eine Oase des Friedens.","robots":{"index":"index","follow":"follow","max-snippet":"max-snippet:-1","max-image-preview":"max-image-preview:large","max-video-preview":"max-video-preview:-1"},"canonical":"https:\/\/www.athome.lu\/blog\/de\/immobilien-markt\/stadte\/beggen-eine-grune-lunge-fur-die-hauptstadt\/","og_locale":"de_DE","og_type":"article","og_title":"\u25b7 Beggen, un poumon vert pour la capitale | atHome","og_description":"Zoom sur le quartier de Beggen \u25ba Avec ses \u00eelots de verdure et l\u2019Alzette qui le traverse, Beggen est un havre de paix.","og_url":"https:\/\/www.athome.lu\/blog\/de\/immobilien-markt\/stadte\/beggen-eine-grune-lunge-fur-die-hauptstadt\/","og_site_name":"atHome Blog","article_publisher":"https:\/\/www.facebook.com\/atHome.lu\/","article_published_time":"2017-11-21T07:10:39+00:00","article_modified_time":"2022-05-12T06:53:58+00:00","og_image":[{"width":1200,"height":800,"url":"https:\/\/www.athome.lu\/blog\/wp-content\/uploads\/2017\/11\/Beggen.jpg","type":"image\/jpeg"}],"author":"Fanny Pimentel","twitter_card":"summary_large_image","twitter_creator":"@athomelu","twitter_site":"@athomelu","twitter_misc":{"Verfasst von":"Fanny Pimentel","Gesch\u00e4tzte Lesezeit":"5\u00a0Minuten"},"schema":{"@context":"https:\/\/schema.org","@graph":[{"@type":"Article","@id":"https:\/\/www.athome.lu\/blog\/marche-immobilier\/villes\/beggen-un-poumon-vert-pour-la-capitale\/#article","isPartOf":{"@id":"https:\/\/www.athome.lu\/blog\/marche-immobilier\/villes\/beggen-un-poumon-vert-pour-la-capitale\/"},"author":{"name":"Fanny Pimentel","@id":"https:\/\/www.athome.lu\/blog\/#\/schema\/person\/47f7a38089f837e792876ceddc4cb2dc"},"headline":"Beggen, un poumon vert pour la capitale","datePublished":"2017-11-21T07:10:39+00:00","dateModified":"2022-05-12T06:53:58+00:00","mainEntityOfPage":{"@id":"https:\/\/www.athome.lu\/blog\/marche-immobilier\/villes\/beggen-un-poumon-vert-pour-la-capitale\/"},"wordCount":958,"image":{"@id":"https:\/\/www.athome.lu\/blog\/marche-immobilier\/villes\/beggen-un-poumon-vert-pour-la-capitale\/#primaryimage"},"thumbnailUrl":"https:\/\/www.athome.lu\/blog\/wp-content\/uploads\/2017\/11\/Beggen.jpg","keywords":["Centre","Vie quotidienne"],"articleSection":["Villes"],"inLanguage":"de"},{"@type":"WebPage","@id":"https:\/\/www.athome.lu\/blog\/marche-immobilier\/villes\/beggen-un-poumon-vert-pour-la-capitale\/","url":"https:\/\/www.athome.lu\/blog\/marche-immobilier\/villes\/beggen-un-poumon-vert-pour-la-capitale\/","name":"\u25b7 Beggen, eine gr\u00fcne Lunge f\u00fcr die Hauptstadt | atHome","isPartOf":{"@id":"https:\/\/www.athome.lu\/blog\/#website"},"primaryImageOfPage":{"@id":"https:\/\/www.athome.lu\/blog\/marche-immobilier\/villes\/beggen-un-poumon-vert-pour-la-capitale\/#primaryimage"},"image":{"@id":"https:\/\/www.athome.lu\/blog\/marche-immobilier\/villes\/beggen-un-poumon-vert-pour-la-capitale\/#primaryimage"},"thumbnailUrl":"https:\/\/www.athome.lu\/blog\/wp-content\/uploads\/2017\/11\/Beggen.jpg","datePublished":"2017-11-21T07:10:39+00:00","dateModified":"2022-05-12T06:53:58+00:00","author":{"@id":"https:\/\/www.athome.lu\/blog\/#\/schema\/person\/47f7a38089f837e792876ceddc4cb2dc"},"description":"Zoom auf das Viertel Beggen \u25ba Mit seinen gr\u00fcnen Inseln und der Alzette, die es durchflie\u00dft, ist Beggen eine Oase des Friedens.","breadcrumb":{"@id":"https:\/\/www.athome.lu\/blog\/marche-immobilier\/villes\/beggen-un-poumon-vert-pour-la-capitale\/#breadcrumb"},"inLanguage":"de","potentialAction":[{"@type":"ReadAction","target":["https:\/\/www.athome.lu\/blog\/marche-immobilier\/villes\/beggen-un-poumon-vert-pour-la-capitale\/"]}]},{"@type":"ImageObject","inLanguage":"de","@id":"https:\/\/www.athome.lu\/blog\/marche-immobilier\/villes\/beggen-un-poumon-vert-pour-la-capitale\/#primaryimage","url":"https:\/\/www.athome.lu\/blog\/wp-content\/uploads\/2017\/11\/Beggen.jpg","contentUrl":"https:\/\/www.athome.lu\/blog\/wp-content\/uploads\/2017\/11\/Beggen.jpg","width":1200,"height":800,"caption":"Quartier de Beggen"},{"@type":"BreadcrumbList","@id":"https:\/\/www.athome.lu\/blog\/marche-immobilier\/villes\/beggen-un-poumon-vert-pour-la-capitale\/#breadcrumb","itemListElement":[{"@type":"ListItem","position":1,"name":"Accueil","item":"https:\/\/www.athome.lu\/blog\/"},{"@type":"ListItem","position":2,"name":"March\u00e9 immobilier","item":"https:\/\/www.athome.lu\/blog\/category\/marche-immobilier\/"},{"@type":"ListItem","position":3,"name":"Villes","item":"https:\/\/www.athome.lu\/blog\/category\/marche-immobilier\/villes\/"},{"@type":"ListItem","position":4,"name":"Beggen, un poumon vert pour la capitale"}]},{"@type":"WebSite","@id":"https:\/\/www.athome.lu\/blog\/#website","url":"https:\/\/www.athome.lu\/blog\/","name":"atHome Blog","description":"Immobilienanzeigen in Luxemburg. Das Immobilienportal Nr. 1 in Luxemburg.","potentialAction":[{"@type":"SearchAction","target":{"@type":"EntryPoint","urlTemplate":"https:\/\/www.athome.lu\/blog\/?s={search_term_string}"},"query-input":{"@type":"PropertyValueSpecification","valueRequired":true,"valueName":"search_term_string"}}],"inLanguage":"de"},{"@type":"Person","@id":"https:\/\/www.athome.lu\/blog\/#\/schema\/person\/47f7a38089f837e792876ceddc4cb2dc","name":"Fanny Pimentel","image":{"@type":"ImageObject","inLanguage":"de","@id":"https:\/\/secure.gravatar.com\/avatar\/c60b27b93851dc9503f9cc9150e73dcb0a86ba6150657e5e4b11d988400bc633?s=96&d=mm&r=g","url":"https:\/\/secure.gravatar.com\/avatar\/c60b27b93851dc9503f9cc9150e73dcb0a86ba6150657e5e4b11d988400bc633?s=96&d=mm&r=g","contentUrl":"https:\/\/secure.gravatar.com\/avatar\/c60b27b93851dc9503f9cc9150e73dcb0a86ba6150657e5e4b11d988400bc633?s=96&d=mm&r=g","caption":"Fanny Pimentel"}}]}},"featured_media_src_url":"https:\/\/www.athome.lu\/blog\/wp-content\/uploads\/2017\/11\/Beggen-1024x683.jpg","_links":{"self":[{"href":"https:\/\/www.athome.lu\/blog\/de\/wp-json\/wp\/v2\/posts\/10586","targetHints":{"allow":["GET"]}}],"collection":[{"href":"https:\/\/www.athome.lu\/blog\/de\/wp-json\/wp\/v2\/posts"}],"about":[{"href":"https:\/\/www.athome.lu\/blog\/de\/wp-json\/wp\/v2\/types\/post"}],"author":[{"embeddable":true,"href":"https:\/\/www.athome.lu\/blog\/de\/wp-json\/wp\/v2\/users\/17"}],"replies":[{"embeddable":true,"href":"https:\/\/www.athome.lu\/blog\/de\/wp-json\/wp\/v2\/comments?post=10586"}],"version-history":[{"count":2,"href":"https:\/\/www.athome.lu\/blog\/de\/wp-json\/wp\/v2\/posts\/10586\/revisions"}],"predecessor-version":[{"id":15211,"href":"https:\/\/www.athome.lu\/blog\/de\/wp-json\/wp\/v2\/posts\/10586\/revisions\/15211"}],"wp:featuredmedia":[{"embeddable":true,"href":"https:\/\/www.athome.lu\/blog\/de\/wp-json\/wp\/v2\/media\/10588"}],"wp:attachment":[{"href":"https:\/\/www.athome.lu\/blog\/de\/wp-json\/wp\/v2\/media?parent=10586"}],"wp:term":[{"taxonomy":"category","embeddable":true,"href":"https:\/\/www.athome.lu\/blog\/de\/wp-json\/wp\/v2\/categories?post=10586"},{"taxonomy":"post_tag","embeddable":true,"href":"https:\/\/www.athome.lu\/blog\/de\/wp-json\/wp\/v2\/tags?post=10586"}],"curies":[{"name":"wp","href":"https:\/\/api.w.org\/{rel}","templated":true}]}}