{"id":10768,"date":"2018-01-30T13:53:15","date_gmt":"2018-01-30T12:53:15","guid":{"rendered":"https:\/\/www.athome.lu\/blog\/?p=10768"},"modified":"2022-05-12T08:43:09","modified_gmt":"2022-05-12T06:43:09","slug":"diekirch-eine-stadt-die-sich-reinigt","status":"publish","type":"post","link":"https:\/\/www.athome.lu\/blog\/de\/marche-immobilier\/villes\/diekirch-une-ville-qui-se-reinvente\/","title":{"rendered":"Diekirch, eine Stadt, die sich neu erfindet"},"content":{"rendered":"<p><span style=\"color: #000000;\">Die Gemeinde Diekirch, die f\u00fcr ihre Brauerei bekannt ist, liegt inmitten einer besonders attraktiven Naturlandschaft. Zu dieser wundersch\u00f6nen Umgebung kommt noch eine hochmoderne Infrastruktur f\u00fcr Schulen, Sport und Kultur hinzu. Diekirch befindet sich in einer Phase des Wandels, in der mehrere Immobilienprojekte in und um die Stadt herum geplant sind.<\/span><\/p>\n\n\n\n<p><span style=\"color: #000000;\">Die am Ufer der Sauer gelegene Stadt Diekirch bietet ihren Einwohnern einen ruhigen Lebensraum. Man braucht nur 500 Meter zu Fu\u00df zu gehen, um in der Natur zu sein\", sagt Claude Haagen, B\u00fcrgermeister der Gemeinde. \"Es ist eine gr\u00fcne Stadt, die lange Zeit von einem \u00fcberbordenden Tourismus profitiert hat. Das ist auch heute noch der Fall, auch wenn wir weniger Touristen haben, die f\u00fcr zwei Wochen kommen, wie es noch vor einigen Jahrzehnten der Fall war. Der Trend geht eher zu Kurzaufenthalten von 1 bis 5 oder 6 Tagen\".<\/span><\/p>\n\n\n\n<p><span style=\"color: #000000;\">Die Campingpl\u00e4tze sind in der Stadt \u00fcbrigens noch in Betrieb und die Gemeinde hat in eine hochmoderne Kanustation investiert. Amateure k\u00f6nnen ihrer Leidenschaft dank eines Wildwasserkanals im Ort \"Al Schwemm\" in aller Sicherheit nachgehen. Die Sportanlagen auf dem Gemeindegebiet sind nicht nur den Touristen vorbehalten. Zwischen dem Schwimmbad, den synthetischen Tennis- und Fu\u00dfballpl\u00e4tzen, der Sporthalle oder dem Stadion gibt es f\u00fcr jeden Einwohner der Gemeinde etwas, das ihn zufriedenstellt. <\/span><\/p>\n\n\n\n<div class=\"wp-block-image\"><figure class=\"aligncenter\"><img loading=\"lazy\" decoding=\"async\" width=\"500\" height=\"255\" src=\"https:\/\/www.athome.lu\/blog\/blog\/wp-content\/uploads\/2018\/01\/diekirch-2_500.jpg\" alt=\"Diekirch \" class=\"wp-image-10772\" srcset=\"https:\/\/www.athome.lu\/blog\/wp-content\/uploads\/2018\/01\/diekirch-2_500.jpg 500w, https:\/\/www.athome.lu\/blog\/wp-content\/uploads\/2018\/01\/diekirch-2_500-300x153.jpg 300w, https:\/\/www.athome.lu\/blog\/wp-content\/uploads\/2018\/01\/diekirch-2_500-18x9.jpg 18w\" sizes=\"auto, (max-width: 500px) 100vw, 500px\" \/><\/figure><\/div>\n\n\n\n<h2 class=\"wp-block-heading\"><span style=\"color: #000000;\"><strong>Milit\u00e4r-, Verwaltungs- und Kulturstadt<\/strong><\/span><\/h2>\n\n\n\n<p><span style=\"color: #000000;\">Historisch gesehen ist Diekirch vor allem eine Milit\u00e4rstadt. \"Die Gro\u00dfherzog-Johann-Kaserne, die einzige in Luxemburg, befindet sich in unserer Stadt\", erkl\u00e4rt Claude Haagen. Die Gemeinde ist auch heute noch ein wichtiges Zentrum staatlicher Aktivit\u00e4ten, allerdings eher im Verwaltungssektor. Diekirch wird auch von vielen Studenten besucht. Mehrere Gymnasien, darunter das Lyc\u00e9e technique h\u00f4telier Alexis-Heck, befinden sich auf ihrem Gebiet.<\/span><\/p>\n\n\n\n<p><span style=\"color: #000000;\">Heute ist es die Kultur, der sich die Stadt zuwendet. Wir haben f\u00fcnf Museen\", f\u00e4hrt der B\u00fcrgermeister fort. Und vor einigen Monaten haben wir unseren neuen Kinokomplex er\u00f6ffnet. Das ist ein Komplex mit f\u00fcnf Kinos\u00e4len, die mit der neuesten Technologie ausgestattet sind, sowohl in Bezug auf Ton als auch auf Bild, insbesondere mit 3D-Ausr\u00fcstung.\" <\/span><\/p>\n\n\n\n<p><span style=\"color: #000000;\">Die wirtschaftliche Aktivit\u00e4t kommt au\u00dferdem nicht zu kurz, da im Friedhof ein neues Gewerbegebiet entstehen wird. Laut Claude Haagen \"werden sich dort in den n\u00e4chsten Jahren etwa 30 Unternehmen aus den Bereichen Automobil, Tiefbau usw. ansiedeln\".<\/span><\/p>\n\n\n<section id=\"section-3-14695\" class=\"ct-section\" ><div class=\"ct-section-inner-wrap\"><div id=\"div_block-4-14695\" class=\"ct-div-block\" ><div id=\"new_columns-7-14695\" class=\"ct-new-columns\" ><div id=\"div_block-8-14695\" class=\"ct-div-block\" ><div id=\"div_block-14-14695\" class=\"ct-div-block\" ><\/div><\/div><div id=\"div_block-9-14695\" class=\"ct-div-block\" ><h1 id=\"headline-11-14695\" class=\"ct-headline\">Wie hoch sind die Immobilienpreise derzeit?<\/h1><div id=\"text_block-12-14695\" class=\"ct-text-block\" >Die Preise verlangsamen sich. Die Zinss\u00e4tze steigen. Welche Trends sind in den kommenden Monaten zu erwarten?<\/div><a id=\"link_button-13-14695\" class=\"ct-link-button\" href=\"https:\/\/www.athome.lu\/blog\/blog\/marche-immobilier\/prix\/tendances-2022\/\" target=\"_blank\"  >Analyse lesen<\/a><\/div><\/div><\/div><\/div><\/section>\n\n\n<h2 class=\"wp-block-heading\"><span style=\"color: #000000;\"><strong>Immobilienprojekte, die eine soziale Mischung f\u00f6rdern<\/strong><\/span><\/h2>\n\n\n\n<p><span style=\"color: #000000;\">Das umfangreiche Dienstleistungsangebot in Diekirch und die idyllische Umgebung machen die Gemeinde zu einer Einheit mit wachsender Bev\u00f6lkerung. Um der Nachfrage nach Wohnraum gerecht zu werden, setzt sich der Wandel in Diekirch fort, wobei ein Schl\u00fcsselwort lautet: Mischung. Drei gro\u00dfe Immobilienprojekte werden in den n\u00e4chsten sechs Jahren fertiggestellt\", erkl\u00e4rt Claude Haagen. Das erste betrifft das Gel\u00e4nde der Brauerei, das derzeit ein neues Gesicht bekommt. Dort sollen Wohnungen, aber auch Sozialwohnungen gebaut werden. Auch eine Tiefgarage ist in diesem neuen Komplex geplant\".<\/span><\/p>\n\n\n\n<p><span style=\"color: #000000;\">Der B\u00fcrgermeister k\u00fcndigt au\u00dferdem an, dass in den n\u00e4chsten zwei bis drei Jahren eine neue Siedlung in Walebroch entstehen wird. Die Flurbereinigung wurde bereits durchgef\u00fchrt und es werden dort bald Wohnh\u00e4user entstehen. Schlie\u00dflich wird die Milit\u00e4rsiedlung in Diekirch umgestaltet, um im Zentrum der Stadt konventionelle und Sozialwohnungen, einen Parkplatz, Restaurants, Gesch\u00e4fte usw. zu integrieren. <\/span><\/p>\n\n\n\n<p><span style=\"color: #000000;\">Wie man sieht, z\u00f6gern Claude Haagen und die Gemeinde Diekirch nicht, facettenreiche Projekte zu initiieren, die nicht nur die Genres, sondern auch die Bev\u00f6lkerungsgruppen mischen. \"Wir wollen nicht so vorgehen, wie wir es fr\u00fcher getan haben: Geb\u00e4ude bauen, die ausschlie\u00dflich f\u00fcr den sozialen Wohnungsbau genutzt werden. Wir glauben, dass es besser ist, die verschiedenen Bev\u00f6lkerungsgruppen in einem Komplex zu mischen.\"<\/span><\/p>\n\n\n\n<h2 class=\"wp-block-heading\"><span style=\"color: #000000;\"><strong>Dienstleistungen, die Immobilienprojekte begleiten<\/strong><\/span><\/h2>\n\n\n\n<p><span style=\"color: #000000;\">Das soziale Ziel der Gemeindevertreter geht noch weiter. Diekirch entwickelte ein eigenes Projekt mit sozialem Charakter im Bereich des Wohnungswesens. Wir haben uns an Eigent\u00fcmer gewandt, die \u00fcber freie Wohnzellen verf\u00fcgen\", erkl\u00e4rt Claude Haagen. Die Eigent\u00fcmer k\u00f6nnen diese Wohnungen an die Gemeinde vermieten, die sie an Personen, die die Kriterien des Wohnraumfonds erf\u00fcllen, zu einem 10% unter dem Marktkurs untervermietet. Der Eigent\u00fcmer bekommt zwar etwas weniger Geld, aber zum einen kann er sicher sein, dass er seine Miete p\u00fcnktlich erh\u00e4lt, und zum anderen hat er die Garantie, dass seine Immobilie instand gehalten wird.\"<\/span><\/p>\n\n\n\n<p><span style=\"color: #000000;\">F\u00fcr alle Einwohner der Gemeinde gibt es bereits Dienstleistungen, die auf Kinder ausgerichtet sind. Und sie werden weiter ausgebaut\", betont der B\u00fcrgermeister. Wir haben eine Maison-relais und werden eine neue einrichten. Die Kinderkrippe wurde erweitert. Wir werden wahrscheinlich eine zweite in der N\u00e4he eines unserer neuen Immobilienprojekte bauen m\u00fcssen. Schlie\u00dflich mache ich mir keine allzu gro\u00dfen Sorgen um die Grundschulen, die \u00fcber gen\u00fcgend Kapazit\u00e4t verf\u00fcgen, um den Bedarf der n\u00e4chsten sechs Jahre zu decken, oder um die geriatrische Versorgung, die durch ein Alten- und ein Pflegeheim gew\u00e4hrleistet ist.\"<\/span><\/p>\n\n\n\n<p><span style=\"color: #000000;\">Es ist also alles vorhanden, damit die Gemeinde Diekirch ihren sanften Wandel fortsetzen kann. Und weiterhin seinen Ruf geltend machen kann, der viel mit seiner Lebensqualit\u00e4t sowie seiner (neuen) Brauerei zu tun hat... <\/span><\/p>","protected":false},"excerpt":{"rendered":"<p>Bien connue pour sa brasserie, la commune de Diekirch est nich\u00e9e au c\u0153ur d\u2019un \u00e9crin naturel particuli\u00e8rement attrayant. Un cadre magnifique auquel il faut ajouter des infrastructures scolaires, sportives et culturelles \u00e0 la pointe. Diekirch est en pleine phase de mutation, avec plusieurs projets immobiliers au niveau de la ville et de ses abords. Pos\u00e9e [&hellip;]<\/p>\n","protected":false},"author":17,"featured_media":10771,"comment_status":"closed","ping_status":"open","sticky":false,"template":"","format":"standard","meta":{"_acf_changed":false,"footnotes":""},"categories":[218],"tags":[117],"class_list":["post-10768","post","type-post","status-publish","format-standard","has-post-thumbnail","hentry","category-villes","tag-diekirch"],"acf":[],"yoast_head":"<!-- This site is optimized with the Yoast SEO plugin v27.4 - https:\/\/yoast.com\/product\/yoast-seo-wordpress\/ -->\n<title>\u25b7 Diekirch, une ville qui se r\u00e9invente | atHome<\/title>\n<meta name=\"description\" content=\"Bien connue pour sa brasserie, la commune de Diekirch est nich\u00e9e au c\u0153ur d\u2019un \u00e9crin naturel particuli\u00e8rement attrayant.\" \/>\n<meta name=\"robots\" content=\"index, follow, max-snippet:-1, max-image-preview:large, max-video-preview:-1\" \/>\n<link rel=\"canonical\" href=\"https:\/\/www.athome.lu\/blog\/de\/immobilien-markt\/stadte\/diekirch-eine-stadt-die-sich-reinigt\/\" \/>\n<meta property=\"og:locale\" content=\"de_DE\" \/>\n<meta property=\"og:type\" content=\"article\" \/>\n<meta property=\"og:title\" content=\"\u25b7 Diekirch, une ville qui se r\u00e9invente | atHome\" \/>\n<meta property=\"og:description\" content=\"Bien connue pour sa brasserie, la commune de Diekirch est nich\u00e9e au c\u0153ur d\u2019un \u00e9crin naturel particuli\u00e8rement attrayant.\" \/>\n<meta property=\"og:url\" content=\"https:\/\/www.athome.lu\/blog\/de\/immobilien-markt\/stadte\/diekirch-eine-stadt-die-sich-reinigt\/\" \/>\n<meta property=\"og:site_name\" content=\"atHome Blog\" \/>\n<meta property=\"article:publisher\" content=\"https:\/\/www.facebook.com\/atHome.lu\/\" \/>\n<meta property=\"article:published_time\" content=\"2018-01-30T12:53:15+00:00\" \/>\n<meta property=\"article:modified_time\" content=\"2022-05-12T06:43:09+00:00\" \/>\n<meta property=\"og:image\" content=\"https:\/\/www.athome.lu\/blog\/wp-content\/uploads\/2018\/01\/Diekirch-1.jpg\" \/>\n\t<meta property=\"og:image:width\" content=\"1266\" \/>\n\t<meta property=\"og:image:height\" content=\"844\" \/>\n\t<meta property=\"og:image:type\" content=\"image\/jpeg\" \/>\n<meta name=\"author\" content=\"Fanny Pimentel\" \/>\n<meta name=\"twitter:card\" content=\"summary_large_image\" \/>\n<meta name=\"twitter:creator\" content=\"@athomelu\" \/>\n<meta name=\"twitter:site\" content=\"@athomelu\" \/>\n<meta name=\"twitter:label1\" content=\"Verfasst von\" \/>\n\t<meta name=\"twitter:data1\" content=\"Fanny Pimentel\" \/>\n\t<meta name=\"twitter:label2\" content=\"Gesch\u00e4tzte Lesezeit\" \/>\n\t<meta name=\"twitter:data2\" content=\"5\u00a0Minuten\" \/>\n<script type=\"application\/ld+json\" class=\"yoast-schema-graph\">{\"@context\":\"https:\\\/\\\/schema.org\",\"@graph\":[{\"@type\":\"Article\",\"@id\":\"https:\\\/\\\/www.athome.lu\\\/blog\\\/marche-immobilier\\\/villes\\\/diekirch-une-ville-qui-se-reinvente\\\/#article\",\"isPartOf\":{\"@id\":\"https:\\\/\\\/www.athome.lu\\\/blog\\\/marche-immobilier\\\/villes\\\/diekirch-une-ville-qui-se-reinvente\\\/\"},\"author\":{\"name\":\"Fanny Pimentel\",\"@id\":\"https:\\\/\\\/www.athome.lu\\\/blog\\\/#\\\/schema\\\/person\\\/47f7a38089f837e792876ceddc4cb2dc\"},\"headline\":\"Diekirch, une ville qui se r\u00e9invente\",\"datePublished\":\"2018-01-30T12:53:15+00:00\",\"dateModified\":\"2022-05-12T06:43:09+00:00\",\"mainEntityOfPage\":{\"@id\":\"https:\\\/\\\/www.athome.lu\\\/blog\\\/marche-immobilier\\\/villes\\\/diekirch-une-ville-qui-se-reinvente\\\/\"},\"wordCount\":964,\"image\":{\"@id\":\"https:\\\/\\\/www.athome.lu\\\/blog\\\/marche-immobilier\\\/villes\\\/diekirch-une-ville-qui-se-reinvente\\\/#primaryimage\"},\"thumbnailUrl\":\"https:\\\/\\\/www.athome.lu\\\/blog\\\/wp-content\\\/uploads\\\/2018\\\/01\\\/Diekirch-1.jpg\",\"keywords\":[\"Diekirch\"],\"articleSection\":[\"Villes\"],\"inLanguage\":\"de\"},{\"@type\":\"WebPage\",\"@id\":\"https:\\\/\\\/www.athome.lu\\\/blog\\\/marche-immobilier\\\/villes\\\/diekirch-une-ville-qui-se-reinvente\\\/\",\"url\":\"https:\\\/\\\/www.athome.lu\\\/blog\\\/marche-immobilier\\\/villes\\\/diekirch-une-ville-qui-se-reinvente\\\/\",\"name\":\"\u25b7 Diekirch, une ville qui se r\u00e9invente | atHome\",\"isPartOf\":{\"@id\":\"https:\\\/\\\/www.athome.lu\\\/blog\\\/#website\"},\"primaryImageOfPage\":{\"@id\":\"https:\\\/\\\/www.athome.lu\\\/blog\\\/marche-immobilier\\\/villes\\\/diekirch-une-ville-qui-se-reinvente\\\/#primaryimage\"},\"image\":{\"@id\":\"https:\\\/\\\/www.athome.lu\\\/blog\\\/marche-immobilier\\\/villes\\\/diekirch-une-ville-qui-se-reinvente\\\/#primaryimage\"},\"thumbnailUrl\":\"https:\\\/\\\/www.athome.lu\\\/blog\\\/wp-content\\\/uploads\\\/2018\\\/01\\\/Diekirch-1.jpg\",\"datePublished\":\"2018-01-30T12:53:15+00:00\",\"dateModified\":\"2022-05-12T06:43:09+00:00\",\"author\":{\"@id\":\"https:\\\/\\\/www.athome.lu\\\/blog\\\/#\\\/schema\\\/person\\\/47f7a38089f837e792876ceddc4cb2dc\"},\"description\":\"Bien connue pour sa brasserie, la commune de Diekirch est nich\u00e9e au c\u0153ur d\u2019un \u00e9crin naturel particuli\u00e8rement attrayant.\",\"breadcrumb\":{\"@id\":\"https:\\\/\\\/www.athome.lu\\\/blog\\\/marche-immobilier\\\/villes\\\/diekirch-une-ville-qui-se-reinvente\\\/#breadcrumb\"},\"inLanguage\":\"de\",\"potentialAction\":[{\"@type\":\"ReadAction\",\"target\":[\"https:\\\/\\\/www.athome.lu\\\/blog\\\/marche-immobilier\\\/villes\\\/diekirch-une-ville-qui-se-reinvente\\\/\"]}]},{\"@type\":\"ImageObject\",\"inLanguage\":\"de\",\"@id\":\"https:\\\/\\\/www.athome.lu\\\/blog\\\/marche-immobilier\\\/villes\\\/diekirch-une-ville-qui-se-reinvente\\\/#primaryimage\",\"url\":\"https:\\\/\\\/www.athome.lu\\\/blog\\\/wp-content\\\/uploads\\\/2018\\\/01\\\/Diekirch-1.jpg\",\"contentUrl\":\"https:\\\/\\\/www.athome.lu\\\/blog\\\/wp-content\\\/uploads\\\/2018\\\/01\\\/Diekirch-1.jpg\",\"width\":1266,\"height\":844,\"caption\":\"Ville de Diekirch\"},{\"@type\":\"BreadcrumbList\",\"@id\":\"https:\\\/\\\/www.athome.lu\\\/blog\\\/marche-immobilier\\\/villes\\\/diekirch-une-ville-qui-se-reinvente\\\/#breadcrumb\",\"itemListElement\":[{\"@type\":\"ListItem\",\"position\":1,\"name\":\"Accueil\",\"item\":\"https:\\\/\\\/www.athome.lu\\\/blog\\\/\"},{\"@type\":\"ListItem\",\"position\":2,\"name\":\"March\u00e9 immobilier\",\"item\":\"https:\\\/\\\/www.athome.lu\\\/blog\\\/category\\\/marche-immobilier\\\/\"},{\"@type\":\"ListItem\",\"position\":3,\"name\":\"Villes\",\"item\":\"https:\\\/\\\/www.athome.lu\\\/blog\\\/category\\\/marche-immobilier\\\/villes\\\/\"},{\"@type\":\"ListItem\",\"position\":4,\"name\":\"Diekirch, une ville qui se r\u00e9invente\"}]},{\"@type\":\"WebSite\",\"@id\":\"https:\\\/\\\/www.athome.lu\\\/blog\\\/#website\",\"url\":\"https:\\\/\\\/www.athome.lu\\\/blog\\\/\",\"name\":\"atHome Blog\",\"description\":\"Annonces immobili\u00e8res au Luxembourg. Le portail immobilier n\u00b01 au Luxembourg.\",\"potentialAction\":[{\"@type\":\"SearchAction\",\"target\":{\"@type\":\"EntryPoint\",\"urlTemplate\":\"https:\\\/\\\/www.athome.lu\\\/blog\\\/?s={search_term_string}\"},\"query-input\":{\"@type\":\"PropertyValueSpecification\",\"valueRequired\":true,\"valueName\":\"search_term_string\"}}],\"inLanguage\":\"de\"},{\"@type\":\"Person\",\"@id\":\"https:\\\/\\\/www.athome.lu\\\/blog\\\/#\\\/schema\\\/person\\\/47f7a38089f837e792876ceddc4cb2dc\",\"name\":\"Fanny Pimentel\",\"image\":{\"@type\":\"ImageObject\",\"inLanguage\":\"de\",\"@id\":\"https:\\\/\\\/secure.gravatar.com\\\/avatar\\\/c60b27b93851dc9503f9cc9150e73dcb0a86ba6150657e5e4b11d988400bc633?s=96&d=mm&r=g\",\"url\":\"https:\\\/\\\/secure.gravatar.com\\\/avatar\\\/c60b27b93851dc9503f9cc9150e73dcb0a86ba6150657e5e4b11d988400bc633?s=96&d=mm&r=g\",\"contentUrl\":\"https:\\\/\\\/secure.gravatar.com\\\/avatar\\\/c60b27b93851dc9503f9cc9150e73dcb0a86ba6150657e5e4b11d988400bc633?s=96&d=mm&r=g\",\"caption\":\"Fanny Pimentel\"}}]}<\/script>\n<!-- \/ Yoast SEO plugin. -->","yoast_head_json":{"title":"\u25b7 Diekirch, eine Stadt, die sich neu erfindet | atHome","description":"Die f\u00fcr ihre Brauerei bekannte Gemeinde Diekirch liegt inmitten einer besonders attraktiven Naturlandschaft.","robots":{"index":"index","follow":"follow","max-snippet":"max-snippet:-1","max-image-preview":"max-image-preview:large","max-video-preview":"max-video-preview:-1"},"canonical":"https:\/\/www.athome.lu\/blog\/de\/immobilien-markt\/stadte\/diekirch-eine-stadt-die-sich-reinigt\/","og_locale":"de_DE","og_type":"article","og_title":"\u25b7 Diekirch, une ville qui se r\u00e9invente | atHome","og_description":"Bien connue pour sa brasserie, la commune de Diekirch est nich\u00e9e au c\u0153ur d\u2019un \u00e9crin naturel particuli\u00e8rement attrayant.","og_url":"https:\/\/www.athome.lu\/blog\/de\/immobilien-markt\/stadte\/diekirch-eine-stadt-die-sich-reinigt\/","og_site_name":"atHome Blog","article_publisher":"https:\/\/www.facebook.com\/atHome.lu\/","article_published_time":"2018-01-30T12:53:15+00:00","article_modified_time":"2022-05-12T06:43:09+00:00","og_image":[{"width":1266,"height":844,"url":"https:\/\/www.athome.lu\/blog\/wp-content\/uploads\/2018\/01\/Diekirch-1.jpg","type":"image\/jpeg"}],"author":"Fanny Pimentel","twitter_card":"summary_large_image","twitter_creator":"@athomelu","twitter_site":"@athomelu","twitter_misc":{"Verfasst von":"Fanny Pimentel","Gesch\u00e4tzte Lesezeit":"5\u00a0Minuten"},"schema":{"@context":"https:\/\/schema.org","@graph":[{"@type":"Article","@id":"https:\/\/www.athome.lu\/blog\/marche-immobilier\/villes\/diekirch-une-ville-qui-se-reinvente\/#article","isPartOf":{"@id":"https:\/\/www.athome.lu\/blog\/marche-immobilier\/villes\/diekirch-une-ville-qui-se-reinvente\/"},"author":{"name":"Fanny Pimentel","@id":"https:\/\/www.athome.lu\/blog\/#\/schema\/person\/47f7a38089f837e792876ceddc4cb2dc"},"headline":"Diekirch, une ville qui se r\u00e9invente","datePublished":"2018-01-30T12:53:15+00:00","dateModified":"2022-05-12T06:43:09+00:00","mainEntityOfPage":{"@id":"https:\/\/www.athome.lu\/blog\/marche-immobilier\/villes\/diekirch-une-ville-qui-se-reinvente\/"},"wordCount":964,"image":{"@id":"https:\/\/www.athome.lu\/blog\/marche-immobilier\/villes\/diekirch-une-ville-qui-se-reinvente\/#primaryimage"},"thumbnailUrl":"https:\/\/www.athome.lu\/blog\/wp-content\/uploads\/2018\/01\/Diekirch-1.jpg","keywords":["Diekirch"],"articleSection":["Villes"],"inLanguage":"de"},{"@type":"WebPage","@id":"https:\/\/www.athome.lu\/blog\/marche-immobilier\/villes\/diekirch-une-ville-qui-se-reinvente\/","url":"https:\/\/www.athome.lu\/blog\/marche-immobilier\/villes\/diekirch-une-ville-qui-se-reinvente\/","name":"\u25b7 Diekirch, eine Stadt, die sich neu erfindet | atHome","isPartOf":{"@id":"https:\/\/www.athome.lu\/blog\/#website"},"primaryImageOfPage":{"@id":"https:\/\/www.athome.lu\/blog\/marche-immobilier\/villes\/diekirch-une-ville-qui-se-reinvente\/#primaryimage"},"image":{"@id":"https:\/\/www.athome.lu\/blog\/marche-immobilier\/villes\/diekirch-une-ville-qui-se-reinvente\/#primaryimage"},"thumbnailUrl":"https:\/\/www.athome.lu\/blog\/wp-content\/uploads\/2018\/01\/Diekirch-1.jpg","datePublished":"2018-01-30T12:53:15+00:00","dateModified":"2022-05-12T06:43:09+00:00","author":{"@id":"https:\/\/www.athome.lu\/blog\/#\/schema\/person\/47f7a38089f837e792876ceddc4cb2dc"},"description":"Die f\u00fcr ihre Brauerei bekannte Gemeinde Diekirch liegt inmitten einer besonders attraktiven Naturlandschaft.","breadcrumb":{"@id":"https:\/\/www.athome.lu\/blog\/marche-immobilier\/villes\/diekirch-une-ville-qui-se-reinvente\/#breadcrumb"},"inLanguage":"de","potentialAction":[{"@type":"ReadAction","target":["https:\/\/www.athome.lu\/blog\/marche-immobilier\/villes\/diekirch-une-ville-qui-se-reinvente\/"]}]},{"@type":"ImageObject","inLanguage":"de","@id":"https:\/\/www.athome.lu\/blog\/marche-immobilier\/villes\/diekirch-une-ville-qui-se-reinvente\/#primaryimage","url":"https:\/\/www.athome.lu\/blog\/wp-content\/uploads\/2018\/01\/Diekirch-1.jpg","contentUrl":"https:\/\/www.athome.lu\/blog\/wp-content\/uploads\/2018\/01\/Diekirch-1.jpg","width":1266,"height":844,"caption":"Ville de Diekirch"},{"@type":"BreadcrumbList","@id":"https:\/\/www.athome.lu\/blog\/marche-immobilier\/villes\/diekirch-une-ville-qui-se-reinvente\/#breadcrumb","itemListElement":[{"@type":"ListItem","position":1,"name":"Accueil","item":"https:\/\/www.athome.lu\/blog\/"},{"@type":"ListItem","position":2,"name":"March\u00e9 immobilier","item":"https:\/\/www.athome.lu\/blog\/category\/marche-immobilier\/"},{"@type":"ListItem","position":3,"name":"Villes","item":"https:\/\/www.athome.lu\/blog\/category\/marche-immobilier\/villes\/"},{"@type":"ListItem","position":4,"name":"Diekirch, une ville qui se r\u00e9invente"}]},{"@type":"WebSite","@id":"https:\/\/www.athome.lu\/blog\/#website","url":"https:\/\/www.athome.lu\/blog\/","name":"atHome Blog","description":"Immobilienanzeigen in Luxemburg. Das Immobilienportal Nr. 1 in Luxemburg.","potentialAction":[{"@type":"SearchAction","target":{"@type":"EntryPoint","urlTemplate":"https:\/\/www.athome.lu\/blog\/?s={search_term_string}"},"query-input":{"@type":"PropertyValueSpecification","valueRequired":true,"valueName":"search_term_string"}}],"inLanguage":"de"},{"@type":"Person","@id":"https:\/\/www.athome.lu\/blog\/#\/schema\/person\/47f7a38089f837e792876ceddc4cb2dc","name":"Fanny Pimentel","image":{"@type":"ImageObject","inLanguage":"de","@id":"https:\/\/secure.gravatar.com\/avatar\/c60b27b93851dc9503f9cc9150e73dcb0a86ba6150657e5e4b11d988400bc633?s=96&d=mm&r=g","url":"https:\/\/secure.gravatar.com\/avatar\/c60b27b93851dc9503f9cc9150e73dcb0a86ba6150657e5e4b11d988400bc633?s=96&d=mm&r=g","contentUrl":"https:\/\/secure.gravatar.com\/avatar\/c60b27b93851dc9503f9cc9150e73dcb0a86ba6150657e5e4b11d988400bc633?s=96&d=mm&r=g","caption":"Fanny Pimentel"}}]}},"featured_media_src_url":"https:\/\/www.athome.lu\/blog\/wp-content\/uploads\/2018\/01\/Diekirch-1-1024x683.jpg","_links":{"self":[{"href":"https:\/\/www.athome.lu\/blog\/de\/wp-json\/wp\/v2\/posts\/10768","targetHints":{"allow":["GET"]}}],"collection":[{"href":"https:\/\/www.athome.lu\/blog\/de\/wp-json\/wp\/v2\/posts"}],"about":[{"href":"https:\/\/www.athome.lu\/blog\/de\/wp-json\/wp\/v2\/types\/post"}],"author":[{"embeddable":true,"href":"https:\/\/www.athome.lu\/blog\/de\/wp-json\/wp\/v2\/users\/17"}],"replies":[{"embeddable":true,"href":"https:\/\/www.athome.lu\/blog\/de\/wp-json\/wp\/v2\/comments?post=10768"}],"version-history":[{"count":2,"href":"https:\/\/www.athome.lu\/blog\/de\/wp-json\/wp\/v2\/posts\/10768\/revisions"}],"predecessor-version":[{"id":15189,"href":"https:\/\/www.athome.lu\/blog\/de\/wp-json\/wp\/v2\/posts\/10768\/revisions\/15189"}],"wp:featuredmedia":[{"embeddable":true,"href":"https:\/\/www.athome.lu\/blog\/de\/wp-json\/wp\/v2\/media\/10771"}],"wp:attachment":[{"href":"https:\/\/www.athome.lu\/blog\/de\/wp-json\/wp\/v2\/media?parent=10768"}],"wp:term":[{"taxonomy":"category","embeddable":true,"href":"https:\/\/www.athome.lu\/blog\/de\/wp-json\/wp\/v2\/categories?post=10768"},{"taxonomy":"post_tag","embeddable":true,"href":"https:\/\/www.athome.lu\/blog\/de\/wp-json\/wp\/v2\/tags?post=10768"}],"curies":[{"name":"wp","href":"https:\/\/api.w.org\/{rel}","templated":true}]}}