{"id":10954,"date":"2018-03-26T13:58:31","date_gmt":"2018-03-26T12:58:31","guid":{"rendered":"https:\/\/www.athome.lu\/blog\/?p=10954"},"modified":"2022-06-14T17:15:04","modified_gmt":"2022-06-14T15:15:04","slug":"baume-aus-dem-nachbarn-schneiden-ist-es-erlaubt","status":"publish","type":"post","link":"https:\/\/www.athome.lu\/blog\/de\/mon-logement\/vie-quotidienne-mon-logement\/elagage-des-arbres-du-voisin-est-ce-autorise\/","title":{"rendered":"Ist es erlaubt, die B\u00e4ume des Nachbarn zu beschneiden?"},"content":{"rendered":"<p><span style=\"color: #000000;\">\u00dcberwuchernde Anpflanzungen sind h\u00e4ufig eine Quelle f\u00fcr Konflikte zwischen Nachbarn. Auch wenn es verlockend sein mag, die B\u00e4ume des Nachbarn zu beschneiden, sollten Sie wissen, dass es ein Gesetz gibt, das diese Angelegenheit streng regelt.<\/span><\/p>\n\n\n\n<h2 class=\"wp-block-heading\"><strong><span style=\"color: #000000;\">Abst\u00e4nde zwischen Plantagen und Mitoyenne<\/span><\/strong><\/h2>\n\n\n\n<p><span style=\"color: #000000;\">Das Pflanzen von Str\u00e4uchern in der N\u00e4he der Grenze zur Doppelhaush\u00e4lfte ist erlaubt. Die Pflanzen d\u00fcrfen jedoch nicht h\u00f6her als 2 m sein. Sie m\u00fcssen au\u00dferdem einen Mindestabstand von 2 m zur Grundst\u00fccksgrenze einhalten. Werden die Abst\u00e4nde und H\u00f6hen nicht eingehalten? In diesem Fall hat der Nachbar das Recht zu verlangen, dass die B\u00e4ume beschnitten oder gerodet werden, au\u00dfer wenn :<\/span><\/p>\n\n\n\n<ul class=\"wp-block-list\"><li><span style=\"color: #000000;\">es gibt einen Nachweis \u00fcber eine Vereinbarung zwischen Nachbarn, die das Pflanzen dieser B\u00e4ume erlaubt<\/span><\/li><li><span style=\"color: #000000;\">die beiden Parzellen urspr\u00fcnglich ein einziges Grundst\u00fcck waren und die st\u00f6renden Pflanzen vor der Teilung des Grundst\u00fccks vor mehr als zehn Jahren gepflanzt wurden. In diesem Fall gilt die zehnj\u00e4hrige Verj\u00e4hrungsfrist.<\/span><\/li><\/ul>\n\n\n\n<h2 class=\"wp-block-heading\"><strong><span style=\"color: #000000;\">\u00dcberwuchernde \u00c4ste und Wurzeln<\/span><\/strong><\/h2>\n\n\n\n<p><span style=\"color: #000000;\">\u00dcberwuchern \u00c4ste oder Wurzeln vom Nachbargrundst\u00fcck Ihren Garten? In diesem Fall haben Sie das Recht, das Beschneiden aller \u00fcberh\u00e4ngenden \u00c4ste zu verlangen oder es selbst durchzuf\u00fchren. Handelt es sich um Obstb\u00e4ume? Dann haben Sie das Recht, die Fr\u00fcchte der \u00c4ste, die sich auf Ihrem Grundst\u00fcck befinden, zu ernten.<\/span><\/p>\n\n\n\n<p><span style=\"color: #000000;\">Bei einer gemeinsamen Hecke, in der sich Anpflanzungen befinden, k\u00f6nnen beide Nachbarn jederzeit verlangen, dass die B\u00e4ume oder Str\u00e4ucher beschnitten werden.<\/span><\/p>\n\n\n\n<h2 class=\"wp-block-heading\">B\u00e4ume des Nachbarn beschneiden : <strong><span style=\"color: #000000;\">Was kann man tun, bevor man eine Anzeige erstattet?<\/span><\/strong><\/h2>\n\n\n\n<p><span style=\"color: #000000;\">Wenn eine einfache Aufforderung nicht ausreicht, um Ihren Nachbarn zu einer Reaktion zu bewegen, k\u00f6nnen Sie eine Beschwerde einreichen. Es ist jedoch ratsam, sich im Rathaus nach den Gemeindevorschriften f\u00fcr private Anpflanzungen zu erkundigen. Einige Gemeinden haben eine Ausnahmeregelung, in diesem Fall ist die Gemeindeordnung ma\u00dfgeblich.<\/span><\/p>\n\n\n\n<p><span style=\"color: #000000;\">Entdecken Sie die vollst\u00e4ndigen Texte der Artikel 671 bis 673 des Zivilgesetzbuches auf der<a href=\"http:\/\/legilux.public.lu\/eli\/etat\/leg\/code\/civil\/20170401\" target=\"_blank\" rel=\"noopener noreferrer\">ie Website von Legilux<\/a> sowie alle Artikel des Zivilgesetzbuches, die sich auf die Mitoyennetie beziehen.<\/span><\/p>\n\n\n<section id=\"section-3-14695\" class=\"ct-section\" ><div class=\"ct-section-inner-wrap\"><div id=\"div_block-4-14695\" class=\"ct-div-block\" ><div id=\"new_columns-7-14695\" class=\"ct-new-columns\" ><div id=\"div_block-8-14695\" class=\"ct-div-block\" ><div id=\"div_block-14-14695\" class=\"ct-div-block\" ><\/div><\/div><div id=\"div_block-9-14695\" class=\"ct-div-block\" ><h1 id=\"headline-11-14695\" class=\"ct-headline\">Wie hoch sind die Immobilienpreise derzeit?<\/h1><div id=\"text_block-12-14695\" class=\"ct-text-block\" >Die Preise verlangsamen sich. Die Zinss\u00e4tze steigen. Welche Trends sind in den kommenden Monaten zu erwarten?<\/div><a id=\"link_button-13-14695\" class=\"ct-link-button\" href=\"https:\/\/www.athome.lu\/blog\/blog\/marche-immobilier\/prix\/tendances-2022\/\" target=\"_blank\"  >Analyse lesen<\/a><\/div><\/div><\/div><\/div><\/section>","protected":false},"excerpt":{"rendered":"<p>Les plantations envahissantes sont fr\u00e9quemment une source de conflit entre voisins. S\u2019il peut \u00eatre tentant d\u2019\u00e9laguer les arbres du voisin, sachez qu\u2019une loi encadre strictement ce sujet. Les distances entre plantations et mitoyennet\u00e9 Planter des arbustes \u00e0 proximit\u00e9 de la limite de mitoyennet\u00e9 est autoris\u00e9. Cependant, les v\u00e9g\u00e9taux ne peuvent d\u00e9passer les 2 m de [&hellip;]<\/p>\n","protected":false},"author":17,"featured_media":10956,"comment_status":"closed","ping_status":"open","sticky":false,"template":"","format":"standard","meta":{"_acf_changed":false,"footnotes":""},"categories":[214],"tags":[89],"class_list":["post-10954","post","type-post","status-publish","format-standard","has-post-thumbnail","hentry","category-vie-quotidienne-mon-logement","tag-jardin-terrasse"],"acf":[],"yoast_head":"<!-- This site is optimized with the Yoast SEO plugin v27.4 - https:\/\/yoast.com\/product\/yoast-seo-wordpress\/ -->\n<title>\u00c9laguer les Arbres du Voisin : est-ce autoris\u00e9 ? - atHome Blog<\/title>\n<meta name=\"description\" content=\"Vous vous demandez si vous avez le droit d&#039;\u00e9laguer les arbres du voisin ? Sachez qu&#039;une loi encadre l&#039;\u00e9lagage !\" \/>\n<meta name=\"robots\" content=\"index, follow, max-snippet:-1, max-image-preview:large, max-video-preview:-1\" \/>\n<link rel=\"canonical\" href=\"https:\/\/www.athome.lu\/blog\/de\/mein-haus\/tagliches-leben\/baume-aus-dem-nachbarn-schneiden-ist-es-erlaubt\/\" \/>\n<meta property=\"og:locale\" content=\"de_DE\" \/>\n<meta property=\"og:type\" content=\"article\" \/>\n<meta property=\"og:title\" content=\"\u00c9laguer les Arbres du Voisin : est-ce autoris\u00e9 ? - atHome Blog\" \/>\n<meta property=\"og:description\" content=\"Vous vous demandez si vous avez le droit d&#039;\u00e9laguer les arbres du voisin ? Sachez qu&#039;une loi encadre l&#039;\u00e9lagage !\" \/>\n<meta property=\"og:url\" content=\"https:\/\/www.athome.lu\/blog\/de\/mein-haus\/tagliches-leben\/baume-aus-dem-nachbarn-schneiden-ist-es-erlaubt\/\" \/>\n<meta property=\"og:site_name\" content=\"atHome Blog\" \/>\n<meta property=\"article:publisher\" content=\"https:\/\/www.facebook.com\/atHome.lu\/\" \/>\n<meta property=\"article:published_time\" content=\"2018-03-26T12:58:31+00:00\" \/>\n<meta property=\"article:modified_time\" content=\"2022-06-14T15:15:04+00:00\" \/>\n<meta property=\"og:image\" content=\"https:\/\/www.athome.lu\/blog\/wp-content\/uploads\/2018\/03\/arbre-jardin.jpg\" \/>\n\t<meta property=\"og:image:width\" content=\"1200\" \/>\n\t<meta property=\"og:image:height\" content=\"800\" \/>\n\t<meta property=\"og:image:type\" content=\"image\/jpeg\" \/>\n<meta name=\"author\" content=\"Fanny Pimentel\" \/>\n<meta name=\"twitter:card\" content=\"summary_large_image\" \/>\n<meta name=\"twitter:creator\" content=\"@athomelu\" \/>\n<meta name=\"twitter:site\" content=\"@athomelu\" \/>\n<meta name=\"twitter:label1\" content=\"Verfasst von\" \/>\n\t<meta name=\"twitter:data1\" content=\"Fanny Pimentel\" \/>\n\t<meta name=\"twitter:label2\" content=\"Gesch\u00e4tzte Lesezeit\" \/>\n\t<meta name=\"twitter:data2\" content=\"2\u00a0Minuten\" \/>\n<script type=\"application\/ld+json\" class=\"yoast-schema-graph\">{\"@context\":\"https:\\\/\\\/schema.org\",\"@graph\":[{\"@type\":\"Article\",\"@id\":\"https:\\\/\\\/www.athome.lu\\\/blog\\\/mon-logement\\\/vie-quotidienne-mon-logement\\\/elagage-des-arbres-du-voisin-est-ce-autorise\\\/#article\",\"isPartOf\":{\"@id\":\"https:\\\/\\\/www.athome.lu\\\/blog\\\/mon-logement\\\/vie-quotidienne-mon-logement\\\/elagage-des-arbres-du-voisin-est-ce-autorise\\\/\"},\"author\":{\"name\":\"Fanny Pimentel\",\"@id\":\"https:\\\/\\\/www.athome.lu\\\/blog\\\/#\\\/schema\\\/person\\\/47f7a38089f837e792876ceddc4cb2dc\"},\"headline\":\"\u00c9laguer les arbres du voisin, est-ce autoris\u00e9 ?\",\"datePublished\":\"2018-03-26T12:58:31+00:00\",\"dateModified\":\"2022-06-14T15:15:04+00:00\",\"mainEntityOfPage\":{\"@id\":\"https:\\\/\\\/www.athome.lu\\\/blog\\\/mon-logement\\\/vie-quotidienne-mon-logement\\\/elagage-des-arbres-du-voisin-est-ce-autorise\\\/\"},\"wordCount\":361,\"image\":{\"@id\":\"https:\\\/\\\/www.athome.lu\\\/blog\\\/mon-logement\\\/vie-quotidienne-mon-logement\\\/elagage-des-arbres-du-voisin-est-ce-autorise\\\/#primaryimage\"},\"thumbnailUrl\":\"https:\\\/\\\/www.athome.lu\\\/blog\\\/wp-content\\\/uploads\\\/2018\\\/03\\\/arbre-jardin.jpg\",\"keywords\":[\"Jardin &amp; terrasse\"],\"articleSection\":[\"Vie quotidienne\"],\"inLanguage\":\"de\"},{\"@type\":\"WebPage\",\"@id\":\"https:\\\/\\\/www.athome.lu\\\/blog\\\/mon-logement\\\/vie-quotidienne-mon-logement\\\/elagage-des-arbres-du-voisin-est-ce-autorise\\\/\",\"url\":\"https:\\\/\\\/www.athome.lu\\\/blog\\\/mon-logement\\\/vie-quotidienne-mon-logement\\\/elagage-des-arbres-du-voisin-est-ce-autorise\\\/\",\"name\":\"\u00c9laguer les Arbres du Voisin : est-ce autoris\u00e9 ? - atHome Blog\",\"isPartOf\":{\"@id\":\"https:\\\/\\\/www.athome.lu\\\/blog\\\/#website\"},\"primaryImageOfPage\":{\"@id\":\"https:\\\/\\\/www.athome.lu\\\/blog\\\/mon-logement\\\/vie-quotidienne-mon-logement\\\/elagage-des-arbres-du-voisin-est-ce-autorise\\\/#primaryimage\"},\"image\":{\"@id\":\"https:\\\/\\\/www.athome.lu\\\/blog\\\/mon-logement\\\/vie-quotidienne-mon-logement\\\/elagage-des-arbres-du-voisin-est-ce-autorise\\\/#primaryimage\"},\"thumbnailUrl\":\"https:\\\/\\\/www.athome.lu\\\/blog\\\/wp-content\\\/uploads\\\/2018\\\/03\\\/arbre-jardin.jpg\",\"datePublished\":\"2018-03-26T12:58:31+00:00\",\"dateModified\":\"2022-06-14T15:15:04+00:00\",\"author\":{\"@id\":\"https:\\\/\\\/www.athome.lu\\\/blog\\\/#\\\/schema\\\/person\\\/47f7a38089f837e792876ceddc4cb2dc\"},\"description\":\"Vous vous demandez si vous avez le droit d'\u00e9laguer les arbres du voisin ? Sachez qu'une loi encadre l'\u00e9lagage !\",\"breadcrumb\":{\"@id\":\"https:\\\/\\\/www.athome.lu\\\/blog\\\/mon-logement\\\/vie-quotidienne-mon-logement\\\/elagage-des-arbres-du-voisin-est-ce-autorise\\\/#breadcrumb\"},\"inLanguage\":\"de\",\"potentialAction\":[{\"@type\":\"ReadAction\",\"target\":[\"https:\\\/\\\/www.athome.lu\\\/blog\\\/mon-logement\\\/vie-quotidienne-mon-logement\\\/elagage-des-arbres-du-voisin-est-ce-autorise\\\/\"]}]},{\"@type\":\"ImageObject\",\"inLanguage\":\"de\",\"@id\":\"https:\\\/\\\/www.athome.lu\\\/blog\\\/mon-logement\\\/vie-quotidienne-mon-logement\\\/elagage-des-arbres-du-voisin-est-ce-autorise\\\/#primaryimage\",\"url\":\"https:\\\/\\\/www.athome.lu\\\/blog\\\/wp-content\\\/uploads\\\/2018\\\/03\\\/arbre-jardin.jpg\",\"contentUrl\":\"https:\\\/\\\/www.athome.lu\\\/blog\\\/wp-content\\\/uploads\\\/2018\\\/03\\\/arbre-jardin.jpg\",\"width\":1200,\"height\":800,\"caption\":\"\u00c9laguer les arbres du voisin\"},{\"@type\":\"BreadcrumbList\",\"@id\":\"https:\\\/\\\/www.athome.lu\\\/blog\\\/mon-logement\\\/vie-quotidienne-mon-logement\\\/elagage-des-arbres-du-voisin-est-ce-autorise\\\/#breadcrumb\",\"itemListElement\":[{\"@type\":\"ListItem\",\"position\":1,\"name\":\"Accueil\",\"item\":\"https:\\\/\\\/www.athome.lu\\\/blog\\\/\"},{\"@type\":\"ListItem\",\"position\":2,\"name\":\"Mon logement\",\"item\":\"https:\\\/\\\/www.athome.lu\\\/blog\\\/de\\\/category\\\/mein-haus\\\/\"},{\"@type\":\"ListItem\",\"position\":3,\"name\":\"Vie quotidienne\",\"item\":\"https:\\\/\\\/www.athome.lu\\\/blog\\\/category\\\/mon-logement\\\/vie-quotidienne-mon-logement\\\/\"},{\"@type\":\"ListItem\",\"position\":4,\"name\":\"\u00c9laguer les arbres du voisin, est-ce autoris\u00e9 ?\"}]},{\"@type\":\"WebSite\",\"@id\":\"https:\\\/\\\/www.athome.lu\\\/blog\\\/#website\",\"url\":\"https:\\\/\\\/www.athome.lu\\\/blog\\\/\",\"name\":\"atHome Blog\",\"description\":\"Annonces immobili\u00e8res au Luxembourg. Le portail immobilier n\u00b01 au Luxembourg.\",\"potentialAction\":[{\"@type\":\"SearchAction\",\"target\":{\"@type\":\"EntryPoint\",\"urlTemplate\":\"https:\\\/\\\/www.athome.lu\\\/blog\\\/?s={search_term_string}\"},\"query-input\":{\"@type\":\"PropertyValueSpecification\",\"valueRequired\":true,\"valueName\":\"search_term_string\"}}],\"inLanguage\":\"de\"},{\"@type\":\"Person\",\"@id\":\"https:\\\/\\\/www.athome.lu\\\/blog\\\/#\\\/schema\\\/person\\\/47f7a38089f837e792876ceddc4cb2dc\",\"name\":\"Fanny Pimentel\",\"image\":{\"@type\":\"ImageObject\",\"inLanguage\":\"de\",\"@id\":\"https:\\\/\\\/secure.gravatar.com\\\/avatar\\\/c60b27b93851dc9503f9cc9150e73dcb0a86ba6150657e5e4b11d988400bc633?s=96&d=mm&r=g\",\"url\":\"https:\\\/\\\/secure.gravatar.com\\\/avatar\\\/c60b27b93851dc9503f9cc9150e73dcb0a86ba6150657e5e4b11d988400bc633?s=96&d=mm&r=g\",\"contentUrl\":\"https:\\\/\\\/secure.gravatar.com\\\/avatar\\\/c60b27b93851dc9503f9cc9150e73dcb0a86ba6150657e5e4b11d988400bc633?s=96&d=mm&r=g\",\"caption\":\"Fanny Pimentel\"}}]}<\/script>\n<!-- \/ Yoast SEO plugin. -->","yoast_head_json":{"title":"Die B\u00e4ume des Nachbarn beschneiden: Ist das erlaubt? - atHome Blog","description":"Sie fragen sich, ob Sie das Recht haben, die B\u00e4ume Ihres Nachbarn zu beschneiden? Dann sollten Sie wissen, dass es ein Gesetz gibt, das das Beschneiden von B\u00e4umen regelt!","robots":{"index":"index","follow":"follow","max-snippet":"max-snippet:-1","max-image-preview":"max-image-preview:large","max-video-preview":"max-video-preview:-1"},"canonical":"https:\/\/www.athome.lu\/blog\/de\/mein-haus\/tagliches-leben\/baume-aus-dem-nachbarn-schneiden-ist-es-erlaubt\/","og_locale":"de_DE","og_type":"article","og_title":"\u00c9laguer les Arbres du Voisin : est-ce autoris\u00e9 ? - atHome Blog","og_description":"Vous vous demandez si vous avez le droit d'\u00e9laguer les arbres du voisin ? Sachez qu'une loi encadre l'\u00e9lagage !","og_url":"https:\/\/www.athome.lu\/blog\/de\/mein-haus\/tagliches-leben\/baume-aus-dem-nachbarn-schneiden-ist-es-erlaubt\/","og_site_name":"atHome Blog","article_publisher":"https:\/\/www.facebook.com\/atHome.lu\/","article_published_time":"2018-03-26T12:58:31+00:00","article_modified_time":"2022-06-14T15:15:04+00:00","og_image":[{"width":1200,"height":800,"url":"https:\/\/www.athome.lu\/blog\/wp-content\/uploads\/2018\/03\/arbre-jardin.jpg","type":"image\/jpeg"}],"author":"Fanny Pimentel","twitter_card":"summary_large_image","twitter_creator":"@athomelu","twitter_site":"@athomelu","twitter_misc":{"Verfasst von":"Fanny Pimentel","Gesch\u00e4tzte Lesezeit":"2\u00a0Minuten"},"schema":{"@context":"https:\/\/schema.org","@graph":[{"@type":"Article","@id":"https:\/\/www.athome.lu\/blog\/mon-logement\/vie-quotidienne-mon-logement\/elagage-des-arbres-du-voisin-est-ce-autorise\/#article","isPartOf":{"@id":"https:\/\/www.athome.lu\/blog\/mon-logement\/vie-quotidienne-mon-logement\/elagage-des-arbres-du-voisin-est-ce-autorise\/"},"author":{"name":"Fanny Pimentel","@id":"https:\/\/www.athome.lu\/blog\/#\/schema\/person\/47f7a38089f837e792876ceddc4cb2dc"},"headline":"\u00c9laguer les arbres du voisin, est-ce autoris\u00e9 ?","datePublished":"2018-03-26T12:58:31+00:00","dateModified":"2022-06-14T15:15:04+00:00","mainEntityOfPage":{"@id":"https:\/\/www.athome.lu\/blog\/mon-logement\/vie-quotidienne-mon-logement\/elagage-des-arbres-du-voisin-est-ce-autorise\/"},"wordCount":361,"image":{"@id":"https:\/\/www.athome.lu\/blog\/mon-logement\/vie-quotidienne-mon-logement\/elagage-des-arbres-du-voisin-est-ce-autorise\/#primaryimage"},"thumbnailUrl":"https:\/\/www.athome.lu\/blog\/wp-content\/uploads\/2018\/03\/arbre-jardin.jpg","keywords":["Jardin &amp; terrasse"],"articleSection":["Vie quotidienne"],"inLanguage":"de"},{"@type":"WebPage","@id":"https:\/\/www.athome.lu\/blog\/mon-logement\/vie-quotidienne-mon-logement\/elagage-des-arbres-du-voisin-est-ce-autorise\/","url":"https:\/\/www.athome.lu\/blog\/mon-logement\/vie-quotidienne-mon-logement\/elagage-des-arbres-du-voisin-est-ce-autorise\/","name":"Die B\u00e4ume des Nachbarn beschneiden: Ist das erlaubt? - atHome Blog","isPartOf":{"@id":"https:\/\/www.athome.lu\/blog\/#website"},"primaryImageOfPage":{"@id":"https:\/\/www.athome.lu\/blog\/mon-logement\/vie-quotidienne-mon-logement\/elagage-des-arbres-du-voisin-est-ce-autorise\/#primaryimage"},"image":{"@id":"https:\/\/www.athome.lu\/blog\/mon-logement\/vie-quotidienne-mon-logement\/elagage-des-arbres-du-voisin-est-ce-autorise\/#primaryimage"},"thumbnailUrl":"https:\/\/www.athome.lu\/blog\/wp-content\/uploads\/2018\/03\/arbre-jardin.jpg","datePublished":"2018-03-26T12:58:31+00:00","dateModified":"2022-06-14T15:15:04+00:00","author":{"@id":"https:\/\/www.athome.lu\/blog\/#\/schema\/person\/47f7a38089f837e792876ceddc4cb2dc"},"description":"Sie fragen sich, ob Sie das Recht haben, die B\u00e4ume Ihres Nachbarn zu beschneiden? Dann sollten Sie wissen, dass es ein Gesetz gibt, das das Beschneiden von B\u00e4umen regelt!","breadcrumb":{"@id":"https:\/\/www.athome.lu\/blog\/mon-logement\/vie-quotidienne-mon-logement\/elagage-des-arbres-du-voisin-est-ce-autorise\/#breadcrumb"},"inLanguage":"de","potentialAction":[{"@type":"ReadAction","target":["https:\/\/www.athome.lu\/blog\/mon-logement\/vie-quotidienne-mon-logement\/elagage-des-arbres-du-voisin-est-ce-autorise\/"]}]},{"@type":"ImageObject","inLanguage":"de","@id":"https:\/\/www.athome.lu\/blog\/mon-logement\/vie-quotidienne-mon-logement\/elagage-des-arbres-du-voisin-est-ce-autorise\/#primaryimage","url":"https:\/\/www.athome.lu\/blog\/wp-content\/uploads\/2018\/03\/arbre-jardin.jpg","contentUrl":"https:\/\/www.athome.lu\/blog\/wp-content\/uploads\/2018\/03\/arbre-jardin.jpg","width":1200,"height":800,"caption":"\u00c9laguer les arbres du voisin"},{"@type":"BreadcrumbList","@id":"https:\/\/www.athome.lu\/blog\/mon-logement\/vie-quotidienne-mon-logement\/elagage-des-arbres-du-voisin-est-ce-autorise\/#breadcrumb","itemListElement":[{"@type":"ListItem","position":1,"name":"Accueil","item":"https:\/\/www.athome.lu\/blog\/"},{"@type":"ListItem","position":2,"name":"Mon logement","item":"https:\/\/www.athome.lu\/blog\/de\/category\/mein-haus\/"},{"@type":"ListItem","position":3,"name":"Vie quotidienne","item":"https:\/\/www.athome.lu\/blog\/category\/mon-logement\/vie-quotidienne-mon-logement\/"},{"@type":"ListItem","position":4,"name":"\u00c9laguer les arbres du voisin, est-ce autoris\u00e9 ?"}]},{"@type":"WebSite","@id":"https:\/\/www.athome.lu\/blog\/#website","url":"https:\/\/www.athome.lu\/blog\/","name":"atHome Blog","description":"Immobilienanzeigen in Luxemburg. Das Immobilienportal Nr. 1 in Luxemburg.","potentialAction":[{"@type":"SearchAction","target":{"@type":"EntryPoint","urlTemplate":"https:\/\/www.athome.lu\/blog\/?s={search_term_string}"},"query-input":{"@type":"PropertyValueSpecification","valueRequired":true,"valueName":"search_term_string"}}],"inLanguage":"de"},{"@type":"Person","@id":"https:\/\/www.athome.lu\/blog\/#\/schema\/person\/47f7a38089f837e792876ceddc4cb2dc","name":"Fanny Pimentel","image":{"@type":"ImageObject","inLanguage":"de","@id":"https:\/\/secure.gravatar.com\/avatar\/c60b27b93851dc9503f9cc9150e73dcb0a86ba6150657e5e4b11d988400bc633?s=96&d=mm&r=g","url":"https:\/\/secure.gravatar.com\/avatar\/c60b27b93851dc9503f9cc9150e73dcb0a86ba6150657e5e4b11d988400bc633?s=96&d=mm&r=g","contentUrl":"https:\/\/secure.gravatar.com\/avatar\/c60b27b93851dc9503f9cc9150e73dcb0a86ba6150657e5e4b11d988400bc633?s=96&d=mm&r=g","caption":"Fanny Pimentel"}}]}},"featured_media_src_url":"https:\/\/www.athome.lu\/blog\/wp-content\/uploads\/2018\/03\/arbre-jardin-1024x683.jpg","_links":{"self":[{"href":"https:\/\/www.athome.lu\/blog\/de\/wp-json\/wp\/v2\/posts\/10954","targetHints":{"allow":["GET"]}}],"collection":[{"href":"https:\/\/www.athome.lu\/blog\/de\/wp-json\/wp\/v2\/posts"}],"about":[{"href":"https:\/\/www.athome.lu\/blog\/de\/wp-json\/wp\/v2\/types\/post"}],"author":[{"embeddable":true,"href":"https:\/\/www.athome.lu\/blog\/de\/wp-json\/wp\/v2\/users\/17"}],"replies":[{"embeddable":true,"href":"https:\/\/www.athome.lu\/blog\/de\/wp-json\/wp\/v2\/comments?post=10954"}],"version-history":[{"count":4,"href":"https:\/\/www.athome.lu\/blog\/de\/wp-json\/wp\/v2\/posts\/10954\/revisions"}],"predecessor-version":[{"id":15592,"href":"https:\/\/www.athome.lu\/blog\/de\/wp-json\/wp\/v2\/posts\/10954\/revisions\/15592"}],"wp:featuredmedia":[{"embeddable":true,"href":"https:\/\/www.athome.lu\/blog\/de\/wp-json\/wp\/v2\/media\/10956"}],"wp:attachment":[{"href":"https:\/\/www.athome.lu\/blog\/de\/wp-json\/wp\/v2\/media?parent=10954"}],"wp:term":[{"taxonomy":"category","embeddable":true,"href":"https:\/\/www.athome.lu\/blog\/de\/wp-json\/wp\/v2\/categories?post=10954"},{"taxonomy":"post_tag","embeddable":true,"href":"https:\/\/www.athome.lu\/blog\/de\/wp-json\/wp\/v2\/tags?post=10954"}],"curies":[{"name":"wp","href":"https:\/\/api.w.org\/{rel}","templated":true}]}}