{"id":10991,"date":"2018-04-04T08:30:22","date_gmt":"2018-04-04T07:30:22","guid":{"rendered":"https:\/\/www.athome.lu\/blog\/?p=10991"},"modified":"2022-05-11T17:40:05","modified_gmt":"2022-05-11T15:40:05","slug":"ideen-fur-die-gestaltung-eines-parking-a-velo-a-la-home","status":"publish","type":"post","link":"https:\/\/www.athome.lu\/blog\/de\/mon-logement\/meuble-decoration\/idees-pour-amenager-un-parking-a-velo-a-la-maison\/","title":{"rendered":"Ideen f\u00fcr die Einrichtung eines Fahrradparkplatzes zu Hause"},"content":{"rendered":"<p><span style=\"color: #000000;\">Wie k\u00f6nnen Sie die Fahrr\u00e4der der ganzen Familie unterbringen, ohne die Garage zu \u00fcberf\u00fcllen? Wir verraten Ihnen ein paar Tricks, mit denen Sie m\u00b2 sparen k\u00f6nnen!<\/span><\/p>\n\n\n\n<h2 class=\"wp-block-heading\"><strong><span style=\"color: #000000;\">Sich einen Fahrradraum einrichten<\/span><\/strong><\/h2>\n\n\n\n<p><span style=\"color: #000000;\">Sind Sie es leid, dass Ihre Garage oder - noch schlimmer - Ihre Eingangshalle mit Fahrr\u00e4dern vollgestopft ist? Es gibt L\u00f6sungen, mit denen Sie sich zu geringen Kosten einen echten Fahrradraum einrichten k\u00f6nnen. Einige kleine Gartenh\u00e4user sind platzsparend und k\u00f6nnen in einen Fahrradraum umgewandelt werden. Wenn Sie sich daf\u00fcr entscheiden, die T\u00fcr in der Breite des Geb\u00e4udes zu positionieren, steht Ihnen ein ganzer L\u00e4ngsraum nur f\u00fcr Ihr Zweirad zur Verf\u00fcgung. Der Trick besteht darin, einen modularen und individuell gestaltbaren Holzschuppen zu w\u00e4hlen, in dem ein Fahrradst\u00e4nder installiert wird. Dieses System nimmt nur wenig Platz in Anspruch und erm\u00f6glicht es Ihnen, Ihre Garage zu entr\u00fcmpeln.<\/span><\/p>\n\n\n\n<h2 class=\"wp-block-heading\"><strong><span style=\"color: #000000;\">Wie man sein Fahrrad in einer Garage aufbewahrt<\/span><\/strong><\/h2>\n\n\n\n<p><span style=\"color: #000000;\">Wenn es in einer Garage eine ungenutzte Fl\u00e4che gibt, dann ist es die Decke. Einige Hersteller sind auf die Idee gekommen, gelenkige Fahrradst\u00e4nder zu entwickeln, die an der Decke befestigt werden k\u00f6nnen. Achten Sie jedoch darauf, dass Sie berechnen, wie viel Platz Ihr Garagentor einnimmt, wenn es ge\u00f6ffnet ist, und wie hoch es sein muss, damit Ihr Auto noch hineinpasst.<\/span><\/p>\n\n\n\n<p><span style=\"color: #000000;\">Eine andere M\u00f6glichkeit ist, Ihre Fahrr\u00e4der am Rad aufzuh\u00e4ngen. Investieren Sie in einen Fahrradst\u00e4nder, dessen System einem Garderobenst\u00e4nder \u00e4hnelt. Sind Sie handwerklich begabt? Bauen Sie ein Brett und ein paar Haken mit schlangen\u00e4hnlichen Ringen zusammen und Ihre Fahrr\u00e4der sind endlich aus dem Weg!<\/span><\/p>\n\n\n\n<p><span style=\"color: #000000;\">Sind Sie ein Fan von Raufen? Dann sollten Sie wissen, dass es jetzt auch eine um 360\u00b0 drehbare Version gibt. So sparen Sie Platz!<\/span><\/p>\n\n\n\n<h2 class=\"wp-block-heading\"><strong><span style=\"color: #000000;\">DIY-Ideen zur Aufbewahrung des Fahrrads<\/span><\/strong><\/h2>\n\n\n\n<p><span style=\"color: #000000;\">Mit ein wenig Fantasie k\u00f6nnen Alltagsgegenst\u00e4nde ein zweites Leben entdecken. Das gilt zum Beispiel f\u00fcr eine Holzpalette, die vertikal positioniert und am Boden befestigt wird und sich so in einen umweltfreundlichen Fahrradparkplatz verwandelt! Einige DIY-K\u00fcnstler stellen ihre neuesten Kreationen im Internet aus. Wir haben uns in das clevere Stahlfass verliebt, das der L\u00e4nge nach halbiert wurde und in das mit einer Kettens\u00e4ge Radstopper-L\u00fccken geschnitten wurden. Auch die naturbelassene Version aus einem Holzstamm hat unsere Aufmerksamkeit erregt.<\/span><\/p>\n\n\n\n<p><span style=\"color: #000000;\">Ob gekauft oder selbst eingerichtet, der Fahrradparkplatz der neuen Generation macht sich ganz klein oder zeigt sich f\u00fcr alle sichtbar. Treffen Sie Ihre Wahl!<\/span><\/p>\n\n\n\n<p><span style=\"color: #000000;\">Wohnen Sie in einer Wohnung? Finden Sie <a href=\"https:\/\/www.athome.lu\/blog\/blog\/comment-ranger-son-velo-dans-un-appartement\/\" target=\"_blank\" rel=\"noopener noreferrer\">unsere Tipps f\u00fcr die Aufbewahrung Ihres Fahrrads in der Wohnung<\/a><\/span><\/p>\n\n\n<section id=\"section-3-14695\" class=\"ct-section\" ><div class=\"ct-section-inner-wrap\"><div id=\"div_block-4-14695\" class=\"ct-div-block\" ><div id=\"new_columns-7-14695\" class=\"ct-new-columns\" ><div id=\"div_block-8-14695\" class=\"ct-div-block\" ><div id=\"div_block-14-14695\" class=\"ct-div-block\" ><\/div><\/div><div id=\"div_block-9-14695\" class=\"ct-div-block\" ><h1 id=\"headline-11-14695\" class=\"ct-headline\">Wie hoch sind die Immobilienpreise derzeit?<\/h1><div id=\"text_block-12-14695\" class=\"ct-text-block\" >Die Preise verlangsamen sich. Die Zinss\u00e4tze steigen. Welche Trends sind in den kommenden Monaten zu erwarten?<\/div><a id=\"link_button-13-14695\" class=\"ct-link-button\" href=\"https:\/\/www.athome.lu\/blog\/blog\/marche-immobilier\/prix\/tendances-2022\/\" target=\"_blank\"  >Analyse lesen<\/a><\/div><\/div><\/div><\/div><\/section>","protected":false},"excerpt":{"rendered":"<p>Comment ranger les v\u00e9los de toute la famille sans envahir le garage ? Nous vous livrons quelques astuces qui vous permettront de gagner des m\u00b2 ! Se cr\u00e9er un local \u00e0 v\u00e9lo Vous en avez assez de voir votre garage ou pire, votre hall d\u2019entr\u00e9e encombr\u00e9 par les v\u00e9los ? Des solutions existent pour se [&hellip;]<\/p>\n","protected":false},"author":17,"featured_media":10997,"comment_status":"closed","ping_status":"open","sticky":false,"template":"","format":"standard","meta":{"_acf_changed":false,"footnotes":""},"categories":[210],"tags":[82,79],"class_list":["post-10991","post","type-post","status-publish","format-standard","has-post-thumbnail","hentry","category-meuble-decoration","tag-ameublement","tag-decoration"],"acf":[],"yoast_head":"<!-- This site is optimized with the Yoast SEO plugin v27.4 - https:\/\/yoast.com\/product\/yoast-seo-wordpress\/ -->\n<title>Id\u00e9es pour am\u00e9nager un parking \u00e0 v\u00e9lo \u00e0 la maison - atHome Blog<\/title>\n<meta name=\"description\" content=\"Comment ranger les v\u00e9los de toute la famille sans envahir le garage ? Nous vous livrons des astuces qui vous permettront de gagner des m\u00b2.\" \/>\n<meta name=\"robots\" content=\"index, follow, max-snippet:-1, max-image-preview:large, max-video-preview:-1\" \/>\n<link rel=\"canonical\" href=\"https:\/\/www.athome.lu\/blog\/de\/mein-haus\/deko-mobel\/ideen-fur-die-gestaltung-eines-parking-a-velo-a-la-home\/\" \/>\n<meta property=\"og:locale\" content=\"de_DE\" \/>\n<meta property=\"og:type\" content=\"article\" \/>\n<meta property=\"og:title\" content=\"Id\u00e9es pour am\u00e9nager un parking \u00e0 v\u00e9lo \u00e0 la maison - atHome Blog\" \/>\n<meta property=\"og:description\" content=\"Comment ranger les v\u00e9los de toute la famille sans envahir le garage ? Nous vous livrons des astuces qui vous permettront de gagner des m\u00b2.\" \/>\n<meta property=\"og:url\" content=\"https:\/\/www.athome.lu\/blog\/de\/mein-haus\/deko-mobel\/ideen-fur-die-gestaltung-eines-parking-a-velo-a-la-home\/\" \/>\n<meta property=\"og:site_name\" content=\"atHome Blog\" \/>\n<meta property=\"article:publisher\" content=\"https:\/\/www.facebook.com\/atHome.lu\/\" \/>\n<meta property=\"article:published_time\" content=\"2018-04-04T07:30:22+00:00\" \/>\n<meta property=\"article:modified_time\" content=\"2022-05-11T15:40:05+00:00\" \/>\n<meta property=\"og:image\" content=\"https:\/\/www.athome.lu\/blog\/wp-content\/uploads\/2018\/04\/bike-2602080_1280.jpg\" \/>\n\t<meta property=\"og:image:width\" content=\"1200\" \/>\n\t<meta property=\"og:image:height\" content=\"798\" \/>\n\t<meta property=\"og:image:type\" content=\"image\/jpeg\" \/>\n<meta name=\"author\" content=\"Fanny Pimentel\" \/>\n<meta name=\"twitter:card\" content=\"summary_large_image\" \/>\n<meta name=\"twitter:creator\" content=\"@athomelu\" \/>\n<meta name=\"twitter:site\" content=\"@athomelu\" \/>\n<meta name=\"twitter:label1\" content=\"Verfasst von\" \/>\n\t<meta name=\"twitter:data1\" content=\"Fanny Pimentel\" \/>\n\t<meta name=\"twitter:label2\" content=\"Gesch\u00e4tzte Lesezeit\" \/>\n\t<meta name=\"twitter:data2\" content=\"3\u00a0Minuten\" \/>\n<script type=\"application\/ld+json\" class=\"yoast-schema-graph\">{\"@context\":\"https:\\\/\\\/schema.org\",\"@graph\":[{\"@type\":\"Article\",\"@id\":\"https:\\\/\\\/www.athome.lu\\\/blog\\\/mon-logement\\\/meuble-decoration\\\/idees-pour-amenager-un-parking-a-velo-a-la-maison\\\/#article\",\"isPartOf\":{\"@id\":\"https:\\\/\\\/www.athome.lu\\\/blog\\\/mon-logement\\\/meuble-decoration\\\/idees-pour-amenager-un-parking-a-velo-a-la-maison\\\/\"},\"author\":{\"name\":\"Fanny Pimentel\",\"@id\":\"https:\\\/\\\/www.athome.lu\\\/blog\\\/#\\\/schema\\\/person\\\/47f7a38089f837e792876ceddc4cb2dc\"},\"headline\":\"Id\u00e9es pour am\u00e9nager un parking \u00e0 v\u00e9lo \u00e0 la maison\",\"datePublished\":\"2018-04-04T07:30:22+00:00\",\"dateModified\":\"2022-05-11T15:40:05+00:00\",\"mainEntityOfPage\":{\"@id\":\"https:\\\/\\\/www.athome.lu\\\/blog\\\/mon-logement\\\/meuble-decoration\\\/idees-pour-amenager-un-parking-a-velo-a-la-maison\\\/\"},\"wordCount\":454,\"image\":{\"@id\":\"https:\\\/\\\/www.athome.lu\\\/blog\\\/mon-logement\\\/meuble-decoration\\\/idees-pour-amenager-un-parking-a-velo-a-la-maison\\\/#primaryimage\"},\"thumbnailUrl\":\"https:\\\/\\\/www.athome.lu\\\/blog\\\/wp-content\\\/uploads\\\/2018\\\/04\\\/bike-2602080_1280.jpg\",\"keywords\":[\"Ameublement\",\"D\u00e9coration\"],\"articleSection\":[\"Meubler et D\u00e9corer\"],\"inLanguage\":\"de\"},{\"@type\":\"WebPage\",\"@id\":\"https:\\\/\\\/www.athome.lu\\\/blog\\\/mon-logement\\\/meuble-decoration\\\/idees-pour-amenager-un-parking-a-velo-a-la-maison\\\/\",\"url\":\"https:\\\/\\\/www.athome.lu\\\/blog\\\/mon-logement\\\/meuble-decoration\\\/idees-pour-amenager-un-parking-a-velo-a-la-maison\\\/\",\"name\":\"Id\u00e9es pour am\u00e9nager un parking \u00e0 v\u00e9lo \u00e0 la maison - atHome Blog\",\"isPartOf\":{\"@id\":\"https:\\\/\\\/www.athome.lu\\\/blog\\\/#website\"},\"primaryImageOfPage\":{\"@id\":\"https:\\\/\\\/www.athome.lu\\\/blog\\\/mon-logement\\\/meuble-decoration\\\/idees-pour-amenager-un-parking-a-velo-a-la-maison\\\/#primaryimage\"},\"image\":{\"@id\":\"https:\\\/\\\/www.athome.lu\\\/blog\\\/mon-logement\\\/meuble-decoration\\\/idees-pour-amenager-un-parking-a-velo-a-la-maison\\\/#primaryimage\"},\"thumbnailUrl\":\"https:\\\/\\\/www.athome.lu\\\/blog\\\/wp-content\\\/uploads\\\/2018\\\/04\\\/bike-2602080_1280.jpg\",\"datePublished\":\"2018-04-04T07:30:22+00:00\",\"dateModified\":\"2022-05-11T15:40:05+00:00\",\"author\":{\"@id\":\"https:\\\/\\\/www.athome.lu\\\/blog\\\/#\\\/schema\\\/person\\\/47f7a38089f837e792876ceddc4cb2dc\"},\"description\":\"Comment ranger les v\u00e9los de toute la famille sans envahir le garage ? Nous vous livrons des astuces qui vous permettront de gagner des m\u00b2.\",\"breadcrumb\":{\"@id\":\"https:\\\/\\\/www.athome.lu\\\/blog\\\/mon-logement\\\/meuble-decoration\\\/idees-pour-amenager-un-parking-a-velo-a-la-maison\\\/#breadcrumb\"},\"inLanguage\":\"de\",\"potentialAction\":[{\"@type\":\"ReadAction\",\"target\":[\"https:\\\/\\\/www.athome.lu\\\/blog\\\/mon-logement\\\/meuble-decoration\\\/idees-pour-amenager-un-parking-a-velo-a-la-maison\\\/\"]}]},{\"@type\":\"ImageObject\",\"inLanguage\":\"de\",\"@id\":\"https:\\\/\\\/www.athome.lu\\\/blog\\\/mon-logement\\\/meuble-decoration\\\/idees-pour-amenager-un-parking-a-velo-a-la-maison\\\/#primaryimage\",\"url\":\"https:\\\/\\\/www.athome.lu\\\/blog\\\/wp-content\\\/uploads\\\/2018\\\/04\\\/bike-2602080_1280.jpg\",\"contentUrl\":\"https:\\\/\\\/www.athome.lu\\\/blog\\\/wp-content\\\/uploads\\\/2018\\\/04\\\/bike-2602080_1280.jpg\",\"width\":1200,\"height\":798,\"caption\":\"Parking \u00e0 v\u00e9lo dans une maison\"},{\"@type\":\"BreadcrumbList\",\"@id\":\"https:\\\/\\\/www.athome.lu\\\/blog\\\/mon-logement\\\/meuble-decoration\\\/idees-pour-amenager-un-parking-a-velo-a-la-maison\\\/#breadcrumb\",\"itemListElement\":[{\"@type\":\"ListItem\",\"position\":1,\"name\":\"Accueil\",\"item\":\"https:\\\/\\\/www.athome.lu\\\/blog\\\/\"},{\"@type\":\"ListItem\",\"position\":2,\"name\":\"Mon logement\",\"item\":\"https:\\\/\\\/www.athome.lu\\\/blog\\\/de\\\/category\\\/mein-haus\\\/\"},{\"@type\":\"ListItem\",\"position\":3,\"name\":\"Meubler et D\u00e9corer\",\"item\":\"https:\\\/\\\/www.athome.lu\\\/blog\\\/de\\\/category\\\/mein-haus\\\/deko-mobel\\\/\"},{\"@type\":\"ListItem\",\"position\":4,\"name\":\"Id\u00e9es pour am\u00e9nager un parking \u00e0 v\u00e9lo \u00e0 la maison\"}]},{\"@type\":\"WebSite\",\"@id\":\"https:\\\/\\\/www.athome.lu\\\/blog\\\/#website\",\"url\":\"https:\\\/\\\/www.athome.lu\\\/blog\\\/\",\"name\":\"atHome Blog\",\"description\":\"Annonces immobili\u00e8res au Luxembourg. Le portail immobilier n\u00b01 au Luxembourg.\",\"potentialAction\":[{\"@type\":\"SearchAction\",\"target\":{\"@type\":\"EntryPoint\",\"urlTemplate\":\"https:\\\/\\\/www.athome.lu\\\/blog\\\/?s={search_term_string}\"},\"query-input\":{\"@type\":\"PropertyValueSpecification\",\"valueRequired\":true,\"valueName\":\"search_term_string\"}}],\"inLanguage\":\"de\"},{\"@type\":\"Person\",\"@id\":\"https:\\\/\\\/www.athome.lu\\\/blog\\\/#\\\/schema\\\/person\\\/47f7a38089f837e792876ceddc4cb2dc\",\"name\":\"Fanny Pimentel\",\"image\":{\"@type\":\"ImageObject\",\"inLanguage\":\"de\",\"@id\":\"https:\\\/\\\/secure.gravatar.com\\\/avatar\\\/c60b27b93851dc9503f9cc9150e73dcb0a86ba6150657e5e4b11d988400bc633?s=96&d=mm&r=g\",\"url\":\"https:\\\/\\\/secure.gravatar.com\\\/avatar\\\/c60b27b93851dc9503f9cc9150e73dcb0a86ba6150657e5e4b11d988400bc633?s=96&d=mm&r=g\",\"contentUrl\":\"https:\\\/\\\/secure.gravatar.com\\\/avatar\\\/c60b27b93851dc9503f9cc9150e73dcb0a86ba6150657e5e4b11d988400bc633?s=96&d=mm&r=g\",\"caption\":\"Fanny Pimentel\"}}]}<\/script>\n<!-- \/ Yoast SEO plugin. -->","yoast_head_json":{"title":"Ideen f\u00fcr die Einrichtung eines Fahrradparkplatzes zu Hause - atHome Blog","description":"Wie k\u00f6nnen Sie die Fahrr\u00e4der der ganzen Familie unterbringen, ohne die Garage zu \u00fcberf\u00fcllen? Wir verraten Ihnen einige Tricks, mit denen Sie m\u00b2 sparen k\u00f6nnen.","robots":{"index":"index","follow":"follow","max-snippet":"max-snippet:-1","max-image-preview":"max-image-preview:large","max-video-preview":"max-video-preview:-1"},"canonical":"https:\/\/www.athome.lu\/blog\/de\/mein-haus\/deko-mobel\/ideen-fur-die-gestaltung-eines-parking-a-velo-a-la-home\/","og_locale":"de_DE","og_type":"article","og_title":"Id\u00e9es pour am\u00e9nager un parking \u00e0 v\u00e9lo \u00e0 la maison - atHome Blog","og_description":"Comment ranger les v\u00e9los de toute la famille sans envahir le garage ? Nous vous livrons des astuces qui vous permettront de gagner des m\u00b2.","og_url":"https:\/\/www.athome.lu\/blog\/de\/mein-haus\/deko-mobel\/ideen-fur-die-gestaltung-eines-parking-a-velo-a-la-home\/","og_site_name":"atHome Blog","article_publisher":"https:\/\/www.facebook.com\/atHome.lu\/","article_published_time":"2018-04-04T07:30:22+00:00","article_modified_time":"2022-05-11T15:40:05+00:00","og_image":[{"width":1200,"height":798,"url":"https:\/\/www.athome.lu\/blog\/wp-content\/uploads\/2018\/04\/bike-2602080_1280.jpg","type":"image\/jpeg"}],"author":"Fanny Pimentel","twitter_card":"summary_large_image","twitter_creator":"@athomelu","twitter_site":"@athomelu","twitter_misc":{"Verfasst von":"Fanny Pimentel","Gesch\u00e4tzte Lesezeit":"3\u00a0Minuten"},"schema":{"@context":"https:\/\/schema.org","@graph":[{"@type":"Article","@id":"https:\/\/www.athome.lu\/blog\/mon-logement\/meuble-decoration\/idees-pour-amenager-un-parking-a-velo-a-la-maison\/#article","isPartOf":{"@id":"https:\/\/www.athome.lu\/blog\/mon-logement\/meuble-decoration\/idees-pour-amenager-un-parking-a-velo-a-la-maison\/"},"author":{"name":"Fanny Pimentel","@id":"https:\/\/www.athome.lu\/blog\/#\/schema\/person\/47f7a38089f837e792876ceddc4cb2dc"},"headline":"Id\u00e9es pour am\u00e9nager un parking \u00e0 v\u00e9lo \u00e0 la maison","datePublished":"2018-04-04T07:30:22+00:00","dateModified":"2022-05-11T15:40:05+00:00","mainEntityOfPage":{"@id":"https:\/\/www.athome.lu\/blog\/mon-logement\/meuble-decoration\/idees-pour-amenager-un-parking-a-velo-a-la-maison\/"},"wordCount":454,"image":{"@id":"https:\/\/www.athome.lu\/blog\/mon-logement\/meuble-decoration\/idees-pour-amenager-un-parking-a-velo-a-la-maison\/#primaryimage"},"thumbnailUrl":"https:\/\/www.athome.lu\/blog\/wp-content\/uploads\/2018\/04\/bike-2602080_1280.jpg","keywords":["Ameublement","D\u00e9coration"],"articleSection":["Meubler et D\u00e9corer"],"inLanguage":"de"},{"@type":"WebPage","@id":"https:\/\/www.athome.lu\/blog\/mon-logement\/meuble-decoration\/idees-pour-amenager-un-parking-a-velo-a-la-maison\/","url":"https:\/\/www.athome.lu\/blog\/mon-logement\/meuble-decoration\/idees-pour-amenager-un-parking-a-velo-a-la-maison\/","name":"Ideen f\u00fcr die Einrichtung eines Fahrradparkplatzes zu Hause - atHome Blog","isPartOf":{"@id":"https:\/\/www.athome.lu\/blog\/#website"},"primaryImageOfPage":{"@id":"https:\/\/www.athome.lu\/blog\/mon-logement\/meuble-decoration\/idees-pour-amenager-un-parking-a-velo-a-la-maison\/#primaryimage"},"image":{"@id":"https:\/\/www.athome.lu\/blog\/mon-logement\/meuble-decoration\/idees-pour-amenager-un-parking-a-velo-a-la-maison\/#primaryimage"},"thumbnailUrl":"https:\/\/www.athome.lu\/blog\/wp-content\/uploads\/2018\/04\/bike-2602080_1280.jpg","datePublished":"2018-04-04T07:30:22+00:00","dateModified":"2022-05-11T15:40:05+00:00","author":{"@id":"https:\/\/www.athome.lu\/blog\/#\/schema\/person\/47f7a38089f837e792876ceddc4cb2dc"},"description":"Wie k\u00f6nnen Sie die Fahrr\u00e4der der ganzen Familie unterbringen, ohne die Garage zu \u00fcberf\u00fcllen? Wir verraten Ihnen einige Tricks, mit denen Sie m\u00b2 sparen k\u00f6nnen.","breadcrumb":{"@id":"https:\/\/www.athome.lu\/blog\/mon-logement\/meuble-decoration\/idees-pour-amenager-un-parking-a-velo-a-la-maison\/#breadcrumb"},"inLanguage":"de","potentialAction":[{"@type":"ReadAction","target":["https:\/\/www.athome.lu\/blog\/mon-logement\/meuble-decoration\/idees-pour-amenager-un-parking-a-velo-a-la-maison\/"]}]},{"@type":"ImageObject","inLanguage":"de","@id":"https:\/\/www.athome.lu\/blog\/mon-logement\/meuble-decoration\/idees-pour-amenager-un-parking-a-velo-a-la-maison\/#primaryimage","url":"https:\/\/www.athome.lu\/blog\/wp-content\/uploads\/2018\/04\/bike-2602080_1280.jpg","contentUrl":"https:\/\/www.athome.lu\/blog\/wp-content\/uploads\/2018\/04\/bike-2602080_1280.jpg","width":1200,"height":798,"caption":"Parking \u00e0 v\u00e9lo dans une maison"},{"@type":"BreadcrumbList","@id":"https:\/\/www.athome.lu\/blog\/mon-logement\/meuble-decoration\/idees-pour-amenager-un-parking-a-velo-a-la-maison\/#breadcrumb","itemListElement":[{"@type":"ListItem","position":1,"name":"Accueil","item":"https:\/\/www.athome.lu\/blog\/"},{"@type":"ListItem","position":2,"name":"Mon logement","item":"https:\/\/www.athome.lu\/blog\/de\/category\/mein-haus\/"},{"@type":"ListItem","position":3,"name":"Meubler et D\u00e9corer","item":"https:\/\/www.athome.lu\/blog\/de\/category\/mein-haus\/deko-mobel\/"},{"@type":"ListItem","position":4,"name":"Id\u00e9es pour am\u00e9nager un parking \u00e0 v\u00e9lo \u00e0 la maison"}]},{"@type":"WebSite","@id":"https:\/\/www.athome.lu\/blog\/#website","url":"https:\/\/www.athome.lu\/blog\/","name":"atHome Blog","description":"Immobilienanzeigen in Luxemburg. Das Immobilienportal Nr. 1 in Luxemburg.","potentialAction":[{"@type":"SearchAction","target":{"@type":"EntryPoint","urlTemplate":"https:\/\/www.athome.lu\/blog\/?s={search_term_string}"},"query-input":{"@type":"PropertyValueSpecification","valueRequired":true,"valueName":"search_term_string"}}],"inLanguage":"de"},{"@type":"Person","@id":"https:\/\/www.athome.lu\/blog\/#\/schema\/person\/47f7a38089f837e792876ceddc4cb2dc","name":"Fanny Pimentel","image":{"@type":"ImageObject","inLanguage":"de","@id":"https:\/\/secure.gravatar.com\/avatar\/c60b27b93851dc9503f9cc9150e73dcb0a86ba6150657e5e4b11d988400bc633?s=96&d=mm&r=g","url":"https:\/\/secure.gravatar.com\/avatar\/c60b27b93851dc9503f9cc9150e73dcb0a86ba6150657e5e4b11d988400bc633?s=96&d=mm&r=g","contentUrl":"https:\/\/secure.gravatar.com\/avatar\/c60b27b93851dc9503f9cc9150e73dcb0a86ba6150657e5e4b11d988400bc633?s=96&d=mm&r=g","caption":"Fanny Pimentel"}}]}},"featured_media_src_url":"https:\/\/www.athome.lu\/blog\/wp-content\/uploads\/2018\/04\/bike-2602080_1280-1024x681.jpg","_links":{"self":[{"href":"https:\/\/www.athome.lu\/blog\/de\/wp-json\/wp\/v2\/posts\/10991","targetHints":{"allow":["GET"]}}],"collection":[{"href":"https:\/\/www.athome.lu\/blog\/de\/wp-json\/wp\/v2\/posts"}],"about":[{"href":"https:\/\/www.athome.lu\/blog\/de\/wp-json\/wp\/v2\/types\/post"}],"author":[{"embeddable":true,"href":"https:\/\/www.athome.lu\/blog\/de\/wp-json\/wp\/v2\/users\/17"}],"replies":[{"embeddable":true,"href":"https:\/\/www.athome.lu\/blog\/de\/wp-json\/wp\/v2\/comments?post=10991"}],"version-history":[{"count":2,"href":"https:\/\/www.athome.lu\/blog\/de\/wp-json\/wp\/v2\/posts\/10991\/revisions"}],"predecessor-version":[{"id":15158,"href":"https:\/\/www.athome.lu\/blog\/de\/wp-json\/wp\/v2\/posts\/10991\/revisions\/15158"}],"wp:featuredmedia":[{"embeddable":true,"href":"https:\/\/www.athome.lu\/blog\/de\/wp-json\/wp\/v2\/media\/10997"}],"wp:attachment":[{"href":"https:\/\/www.athome.lu\/blog\/de\/wp-json\/wp\/v2\/media?parent=10991"}],"wp:term":[{"taxonomy":"category","embeddable":true,"href":"https:\/\/www.athome.lu\/blog\/de\/wp-json\/wp\/v2\/categories?post=10991"},{"taxonomy":"post_tag","embeddable":true,"href":"https:\/\/www.athome.lu\/blog\/de\/wp-json\/wp\/v2\/tags?post=10991"}],"curies":[{"name":"wp","href":"https:\/\/api.w.org\/{rel}","templated":true}]}}