{"id":11306,"date":"2018-06-06T07:59:38","date_gmt":"2018-06-06T06:59:38","guid":{"rendered":"https:\/\/www.athome.lu\/blog\/?p=11306"},"modified":"2022-05-11T17:12:47","modified_gmt":"2022-05-11T15:12:47","slug":"die-gartenmobel-die-trends-dieses-sommers","status":"publish","type":"post","link":"https:\/\/www.athome.lu\/blog\/de\/mon-logement\/meuble-decoration\/les-meubles-de-jardin-les-tendances-de-cet-ete\/","title":{"rendered":"Gartenm\u00f6bel: Die Trends dieses Sommers"},"content":{"rendered":"<p><span style=\"color: #000000;\">Sie haben Lust, Ihre Gartenm\u00f6bel zu erneuern? Farbe, klare Linien und Harzf\u00e4den sind die gro\u00dfen Trends f\u00fcr Gartenm\u00f6bel in diesem Sommer 2018.<\/span><\/p>\n\n\n\n<h2 class=\"wp-block-heading\"><span style=\"color: #000000;\"><strong>Wir stehen auf Gartenm\u00f6bel mit Maxi-Volumen<\/strong><\/span><\/h2>\n\n\n\n<p><span style=\"color: #000000;\">In diesem Jahr setzten die Designer auf gro\u00dfe, modulare Sofas. Metallstrukturen und Harzf\u00e4den lassen sich wunderbar kombinieren, um Sofas oder Liegen mit herrlichen Retro-Linien zu kreieren. Ob bunt oder einfach nur schwarz, die Couch wird mit einer Meridian kombiniert, um sich gem\u00fctlich zu l\u00fcmmeln. Sofas f\u00fcr 6 oder 8 Personen, als Ecksofa oder geradlinig, gro\u00dfe St\u00fccke sind beliebt! Die gro\u00dfen H\u00e4ngesessel in Tropfenform sind auch in diesem Jahr wieder sehr angesagt und schaffen eine Blase der Intimit\u00e4t.<\/span><\/p>\n\n\n\n<h2 class=\"wp-block-heading\"><span style=\"color: #000000;\"><strong>Zoom auf die Transparenz<\/strong><\/span><\/h2>\n\n\n\n<p><span style=\"color: #000000;\">Es ist unm\u00f6glich, sich dem Harzgarn zu entziehen, das es in allen Farben gibt. Ob im Total Look oder sparsam eingesetzt, er verleiht Ihren Outdoor-Sesseln und Sofas Leichtigkeit. Es ist flexibel und l\u00e4sst sich vielf\u00e4ltig verweben. Wenn Sie sich nur f\u00fcr ein einziges St\u00fcck entscheiden m\u00fcssten, w\u00e4re es wahrscheinlich der runde Sessel mit Fu\u00df oder Schaukelstuhl! Wenn Sie den Vintage-Stil m\u00f6gen, entscheiden Sie sich f\u00fcr einen Gartensessel aus Harzdraht, der wie Rattan geflochten ist.<\/span><\/p>\n\n\n\n<h2 class=\"wp-block-heading\"><span style=\"color: #000000;\"><strong>Wir wagen Farbe!<\/strong><\/span><\/h2>\n\n\n\n<p><span style=\"color: #000000;\">Die von den Designern gesch\u00e4tzten Materialien lassen jede Fantasie zu. Orange, Gr\u00fcn, Lagunenblau oder Gelb - Farbe ist \u00fcberall. Am besten w\u00e4hlt man sie schrill und kombiniert sie mit Maxi-Pflanzen f\u00fcr ein tropisches Flair.<\/span><\/p>\n\n\n\n<p><span style=\"color: #000000;\">Die Farben Rot und Schwarz sind eher designorientiert und verleihen schlichteren Metallkreationen einen Hauch von Eleganz, w\u00e4hrend pastellige Gr\u00fcn- und Blaut\u00f6ne f\u00fcr einen gelungenen Landhausstil unbedingt grau sein m\u00fcssen.<\/span><\/p>\n\n\n\n<h2 class=\"wp-block-heading\"><span style=\"color: #000000;\"><strong>Man bevorzugt niedrige M\u00f6bel<\/strong><\/span><\/h2>\n\n\n\n<p><span style=\"color: #000000;\">Kleine Outdoor-Lounge aus Plastik, quadratischer Clubsessel oder Vintage-Stuhl... es ist ganz egal, wof\u00fcr Sie sich entscheiden, solange es nur ein niedriges Gartenm\u00f6bel ist. In diesem Jahr werden die Beine k\u00fcrzer, um Ihnen eine Aussicht aus einem neuen Winkel zu bieten.<\/span><\/p>\n\n\n\n<p><span style=\"color: #000000;\">Um Ihre Gartenm\u00f6bel zu dekorieren und eine besondere Atmosph\u00e4re zu schaffen, k\u00f6nnen Sie sich f\u00fcr Kissen entscheiden. W\u00e4hlen Sie diese aus wasserabweisenden und leicht waschbaren Materialien wie Polypropylen oder Acryl.<\/span><\/p>\n\n\n<section id=\"section-3-14695\" class=\"ct-section\" ><div class=\"ct-section-inner-wrap\"><div id=\"div_block-4-14695\" class=\"ct-div-block\" ><div id=\"new_columns-7-14695\" class=\"ct-new-columns\" ><div id=\"div_block-8-14695\" class=\"ct-div-block\" ><div id=\"div_block-14-14695\" class=\"ct-div-block\" ><\/div><\/div><div id=\"div_block-9-14695\" class=\"ct-div-block\" ><h1 id=\"headline-11-14695\" class=\"ct-headline\">Wie hoch sind die Immobilienpreise derzeit?<\/h1><div id=\"text_block-12-14695\" class=\"ct-text-block\" >Die Preise verlangsamen sich. Die Zinss\u00e4tze steigen. Welche Trends sind in den kommenden Monaten zu erwarten?<\/div><a id=\"link_button-13-14695\" class=\"ct-link-button\" href=\"https:\/\/www.athome.lu\/blog\/blog\/marche-immobilier\/prix\/tendances-2022\/\" target=\"_blank\"  >Analyse lesen<\/a><\/div><\/div><\/div><\/div><\/section>","protected":false},"excerpt":{"rendered":"<p>Vous avez envie de renouveler vos meubles de jardin ? Couleur, lignes \u00e9pur\u00e9es et fils de r\u00e9sine sont les grandes tendances de cet \u00e9t\u00e9 2018 en mobilier de jardin. On craque pour le mobilier de jardin maxi volume Cette ann\u00e9e, les designers ont mis\u00e9 sur les grands canap\u00e9s modulables. Structures m\u00e9talliques et fils de r\u00e9sine [&hellip;]<\/p>\n","protected":false},"author":17,"featured_media":11309,"comment_status":"closed","ping_status":"open","sticky":false,"template":"","format":"standard","meta":{"_acf_changed":false,"footnotes":""},"categories":[210],"tags":[89],"class_list":["post-11306","post","type-post","status-publish","format-standard","has-post-thumbnail","hentry","category-meuble-decoration","tag-jardin-terrasse"],"acf":[],"yoast_head":"<!-- This site is optimized with the Yoast SEO plugin v27.4 - https:\/\/yoast.com\/product\/yoast-seo-wordpress\/ -->\n<title>Les meubles de jardin : les tendances de cet \u00e9t\u00e9 | atHome<\/title>\n<meta name=\"description\" content=\"Vous avez envie de renouveler vos meubles de jardin ? Couleur, lignes \u00e9pur\u00e9es et fils de r\u00e9sine sont tendances cet \u00e9t\u00e9.\" \/>\n<meta name=\"robots\" content=\"index, follow, max-snippet:-1, max-image-preview:large, max-video-preview:-1\" \/>\n<link rel=\"canonical\" href=\"https:\/\/www.athome.lu\/blog\/de\/mein-haus\/deko-mobel\/die-gartenmobel-die-trends-dieses-sommers\/\" \/>\n<meta property=\"og:locale\" content=\"de_DE\" \/>\n<meta property=\"og:type\" content=\"article\" \/>\n<meta property=\"og:title\" content=\"Les meubles de jardin : les tendances de cet \u00e9t\u00e9 | atHome\" \/>\n<meta property=\"og:description\" content=\"Vous avez envie de renouveler vos meubles de jardin ? Couleur, lignes \u00e9pur\u00e9es et fils de r\u00e9sine sont tendances cet \u00e9t\u00e9.\" \/>\n<meta property=\"og:url\" content=\"https:\/\/www.athome.lu\/blog\/de\/mein-haus\/deko-mobel\/die-gartenmobel-die-trends-dieses-sommers\/\" \/>\n<meta property=\"og:site_name\" content=\"atHome Blog\" \/>\n<meta property=\"article:publisher\" content=\"https:\/\/www.facebook.com\/atHome.lu\/\" \/>\n<meta property=\"article:published_time\" content=\"2018-06-06T06:59:38+00:00\" \/>\n<meta property=\"article:modified_time\" content=\"2022-05-11T15:12:47+00:00\" \/>\n<meta property=\"og:image\" content=\"https:\/\/www.athome.lu\/blog\/wp-content\/uploads\/2018\/06\/meuble-jardin-1200.jpg\" \/>\n\t<meta property=\"og:image:width\" content=\"1200\" \/>\n\t<meta property=\"og:image:height\" content=\"800\" \/>\n\t<meta property=\"og:image:type\" content=\"image\/jpeg\" \/>\n<meta name=\"author\" content=\"Fanny Pimentel\" \/>\n<meta name=\"twitter:card\" content=\"summary_large_image\" \/>\n<meta name=\"twitter:creator\" content=\"@athomelu\" \/>\n<meta name=\"twitter:site\" content=\"@athomelu\" \/>\n<meta name=\"twitter:label1\" content=\"Verfasst von\" \/>\n\t<meta name=\"twitter:data1\" content=\"Fanny Pimentel\" \/>\n\t<meta name=\"twitter:label2\" content=\"Gesch\u00e4tzte Lesezeit\" \/>\n\t<meta name=\"twitter:data2\" content=\"2\u00a0Minuten\" \/>\n<script type=\"application\/ld+json\" class=\"yoast-schema-graph\">{\"@context\":\"https:\\\/\\\/schema.org\",\"@graph\":[{\"@type\":\"Article\",\"@id\":\"https:\\\/\\\/www.athome.lu\\\/blog\\\/mon-logement\\\/meuble-decoration\\\/les-meubles-de-jardin-les-tendances-de-cet-ete\\\/#article\",\"isPartOf\":{\"@id\":\"https:\\\/\\\/www.athome.lu\\\/blog\\\/mon-logement\\\/meuble-decoration\\\/les-meubles-de-jardin-les-tendances-de-cet-ete\\\/\"},\"author\":{\"name\":\"Fanny Pimentel\",\"@id\":\"https:\\\/\\\/www.athome.lu\\\/blog\\\/#\\\/schema\\\/person\\\/47f7a38089f837e792876ceddc4cb2dc\"},\"headline\":\"Les meubles de jardin : les tendances de cet \u00e9t\u00e9\",\"datePublished\":\"2018-06-06T06:59:38+00:00\",\"dateModified\":\"2022-05-11T15:12:47+00:00\",\"mainEntityOfPage\":{\"@id\":\"https:\\\/\\\/www.athome.lu\\\/blog\\\/mon-logement\\\/meuble-decoration\\\/les-meubles-de-jardin-les-tendances-de-cet-ete\\\/\"},\"wordCount\":404,\"image\":{\"@id\":\"https:\\\/\\\/www.athome.lu\\\/blog\\\/mon-logement\\\/meuble-decoration\\\/les-meubles-de-jardin-les-tendances-de-cet-ete\\\/#primaryimage\"},\"thumbnailUrl\":\"https:\\\/\\\/www.athome.lu\\\/blog\\\/wp-content\\\/uploads\\\/2018\\\/06\\\/meuble-jardin-1200.jpg\",\"keywords\":[\"Jardin &amp; terrasse\"],\"articleSection\":[\"Meubler et D\u00e9corer\"],\"inLanguage\":\"de\"},{\"@type\":\"WebPage\",\"@id\":\"https:\\\/\\\/www.athome.lu\\\/blog\\\/mon-logement\\\/meuble-decoration\\\/les-meubles-de-jardin-les-tendances-de-cet-ete\\\/\",\"url\":\"https:\\\/\\\/www.athome.lu\\\/blog\\\/mon-logement\\\/meuble-decoration\\\/les-meubles-de-jardin-les-tendances-de-cet-ete\\\/\",\"name\":\"Les meubles de jardin : les tendances de cet \u00e9t\u00e9 | atHome\",\"isPartOf\":{\"@id\":\"https:\\\/\\\/www.athome.lu\\\/blog\\\/#website\"},\"primaryImageOfPage\":{\"@id\":\"https:\\\/\\\/www.athome.lu\\\/blog\\\/mon-logement\\\/meuble-decoration\\\/les-meubles-de-jardin-les-tendances-de-cet-ete\\\/#primaryimage\"},\"image\":{\"@id\":\"https:\\\/\\\/www.athome.lu\\\/blog\\\/mon-logement\\\/meuble-decoration\\\/les-meubles-de-jardin-les-tendances-de-cet-ete\\\/#primaryimage\"},\"thumbnailUrl\":\"https:\\\/\\\/www.athome.lu\\\/blog\\\/wp-content\\\/uploads\\\/2018\\\/06\\\/meuble-jardin-1200.jpg\",\"datePublished\":\"2018-06-06T06:59:38+00:00\",\"dateModified\":\"2022-05-11T15:12:47+00:00\",\"author\":{\"@id\":\"https:\\\/\\\/www.athome.lu\\\/blog\\\/#\\\/schema\\\/person\\\/47f7a38089f837e792876ceddc4cb2dc\"},\"description\":\"Vous avez envie de renouveler vos meubles de jardin ? Couleur, lignes \u00e9pur\u00e9es et fils de r\u00e9sine sont tendances cet \u00e9t\u00e9.\",\"breadcrumb\":{\"@id\":\"https:\\\/\\\/www.athome.lu\\\/blog\\\/mon-logement\\\/meuble-decoration\\\/les-meubles-de-jardin-les-tendances-de-cet-ete\\\/#breadcrumb\"},\"inLanguage\":\"de\",\"potentialAction\":[{\"@type\":\"ReadAction\",\"target\":[\"https:\\\/\\\/www.athome.lu\\\/blog\\\/mon-logement\\\/meuble-decoration\\\/les-meubles-de-jardin-les-tendances-de-cet-ete\\\/\"]}]},{\"@type\":\"ImageObject\",\"inLanguage\":\"de\",\"@id\":\"https:\\\/\\\/www.athome.lu\\\/blog\\\/mon-logement\\\/meuble-decoration\\\/les-meubles-de-jardin-les-tendances-de-cet-ete\\\/#primaryimage\",\"url\":\"https:\\\/\\\/www.athome.lu\\\/blog\\\/wp-content\\\/uploads\\\/2018\\\/06\\\/meuble-jardin-1200.jpg\",\"contentUrl\":\"https:\\\/\\\/www.athome.lu\\\/blog\\\/wp-content\\\/uploads\\\/2018\\\/06\\\/meuble-jardin-1200.jpg\",\"width\":1200,\"height\":800,\"caption\":\"Tendances meubles de jardin\"},{\"@type\":\"BreadcrumbList\",\"@id\":\"https:\\\/\\\/www.athome.lu\\\/blog\\\/mon-logement\\\/meuble-decoration\\\/les-meubles-de-jardin-les-tendances-de-cet-ete\\\/#breadcrumb\",\"itemListElement\":[{\"@type\":\"ListItem\",\"position\":1,\"name\":\"Accueil\",\"item\":\"https:\\\/\\\/www.athome.lu\\\/blog\\\/\"},{\"@type\":\"ListItem\",\"position\":2,\"name\":\"Mon logement\",\"item\":\"https:\\\/\\\/www.athome.lu\\\/blog\\\/de\\\/category\\\/mein-haus\\\/\"},{\"@type\":\"ListItem\",\"position\":3,\"name\":\"Meubler et D\u00e9corer\",\"item\":\"https:\\\/\\\/www.athome.lu\\\/blog\\\/de\\\/category\\\/mein-haus\\\/deko-mobel\\\/\"},{\"@type\":\"ListItem\",\"position\":4,\"name\":\"Les meubles de jardin : les tendances de cet \u00e9t\u00e9\"}]},{\"@type\":\"WebSite\",\"@id\":\"https:\\\/\\\/www.athome.lu\\\/blog\\\/#website\",\"url\":\"https:\\\/\\\/www.athome.lu\\\/blog\\\/\",\"name\":\"atHome Blog\",\"description\":\"Annonces immobili\u00e8res au Luxembourg. Le portail immobilier n\u00b01 au Luxembourg.\",\"potentialAction\":[{\"@type\":\"SearchAction\",\"target\":{\"@type\":\"EntryPoint\",\"urlTemplate\":\"https:\\\/\\\/www.athome.lu\\\/blog\\\/?s={search_term_string}\"},\"query-input\":{\"@type\":\"PropertyValueSpecification\",\"valueRequired\":true,\"valueName\":\"search_term_string\"}}],\"inLanguage\":\"de\"},{\"@type\":\"Person\",\"@id\":\"https:\\\/\\\/www.athome.lu\\\/blog\\\/#\\\/schema\\\/person\\\/47f7a38089f837e792876ceddc4cb2dc\",\"name\":\"Fanny Pimentel\",\"image\":{\"@type\":\"ImageObject\",\"inLanguage\":\"de\",\"@id\":\"https:\\\/\\\/secure.gravatar.com\\\/avatar\\\/c60b27b93851dc9503f9cc9150e73dcb0a86ba6150657e5e4b11d988400bc633?s=96&d=mm&r=g\",\"url\":\"https:\\\/\\\/secure.gravatar.com\\\/avatar\\\/c60b27b93851dc9503f9cc9150e73dcb0a86ba6150657e5e4b11d988400bc633?s=96&d=mm&r=g\",\"contentUrl\":\"https:\\\/\\\/secure.gravatar.com\\\/avatar\\\/c60b27b93851dc9503f9cc9150e73dcb0a86ba6150657e5e4b11d988400bc633?s=96&d=mm&r=g\",\"caption\":\"Fanny Pimentel\"}}]}<\/script>\n<!-- \/ Yoast SEO plugin. -->","yoast_head_json":{"title":"Gartenm\u00f6bel: Die Trends dieses Sommers | atHome","description":"Haben Sie Lust, Ihre Gartenm\u00f6bel zu erneuern? Farbe, klare Linien und Harzf\u00e4den sind diesen Sommer im Trend.","robots":{"index":"index","follow":"follow","max-snippet":"max-snippet:-1","max-image-preview":"max-image-preview:large","max-video-preview":"max-video-preview:-1"},"canonical":"https:\/\/www.athome.lu\/blog\/de\/mein-haus\/deko-mobel\/die-gartenmobel-die-trends-dieses-sommers\/","og_locale":"de_DE","og_type":"article","og_title":"Les meubles de jardin : les tendances de cet \u00e9t\u00e9 | atHome","og_description":"Vous avez envie de renouveler vos meubles de jardin ? Couleur, lignes \u00e9pur\u00e9es et fils de r\u00e9sine sont tendances cet \u00e9t\u00e9.","og_url":"https:\/\/www.athome.lu\/blog\/de\/mein-haus\/deko-mobel\/die-gartenmobel-die-trends-dieses-sommers\/","og_site_name":"atHome Blog","article_publisher":"https:\/\/www.facebook.com\/atHome.lu\/","article_published_time":"2018-06-06T06:59:38+00:00","article_modified_time":"2022-05-11T15:12:47+00:00","og_image":[{"width":1200,"height":800,"url":"https:\/\/www.athome.lu\/blog\/wp-content\/uploads\/2018\/06\/meuble-jardin-1200.jpg","type":"image\/jpeg"}],"author":"Fanny Pimentel","twitter_card":"summary_large_image","twitter_creator":"@athomelu","twitter_site":"@athomelu","twitter_misc":{"Verfasst von":"Fanny Pimentel","Gesch\u00e4tzte Lesezeit":"2\u00a0Minuten"},"schema":{"@context":"https:\/\/schema.org","@graph":[{"@type":"Article","@id":"https:\/\/www.athome.lu\/blog\/mon-logement\/meuble-decoration\/les-meubles-de-jardin-les-tendances-de-cet-ete\/#article","isPartOf":{"@id":"https:\/\/www.athome.lu\/blog\/mon-logement\/meuble-decoration\/les-meubles-de-jardin-les-tendances-de-cet-ete\/"},"author":{"name":"Fanny Pimentel","@id":"https:\/\/www.athome.lu\/blog\/#\/schema\/person\/47f7a38089f837e792876ceddc4cb2dc"},"headline":"Les meubles de jardin : les tendances de cet \u00e9t\u00e9","datePublished":"2018-06-06T06:59:38+00:00","dateModified":"2022-05-11T15:12:47+00:00","mainEntityOfPage":{"@id":"https:\/\/www.athome.lu\/blog\/mon-logement\/meuble-decoration\/les-meubles-de-jardin-les-tendances-de-cet-ete\/"},"wordCount":404,"image":{"@id":"https:\/\/www.athome.lu\/blog\/mon-logement\/meuble-decoration\/les-meubles-de-jardin-les-tendances-de-cet-ete\/#primaryimage"},"thumbnailUrl":"https:\/\/www.athome.lu\/blog\/wp-content\/uploads\/2018\/06\/meuble-jardin-1200.jpg","keywords":["Jardin &amp; terrasse"],"articleSection":["Meubler et D\u00e9corer"],"inLanguage":"de"},{"@type":"WebPage","@id":"https:\/\/www.athome.lu\/blog\/mon-logement\/meuble-decoration\/les-meubles-de-jardin-les-tendances-de-cet-ete\/","url":"https:\/\/www.athome.lu\/blog\/mon-logement\/meuble-decoration\/les-meubles-de-jardin-les-tendances-de-cet-ete\/","name":"Gartenm\u00f6bel: Die Trends dieses Sommers | atHome","isPartOf":{"@id":"https:\/\/www.athome.lu\/blog\/#website"},"primaryImageOfPage":{"@id":"https:\/\/www.athome.lu\/blog\/mon-logement\/meuble-decoration\/les-meubles-de-jardin-les-tendances-de-cet-ete\/#primaryimage"},"image":{"@id":"https:\/\/www.athome.lu\/blog\/mon-logement\/meuble-decoration\/les-meubles-de-jardin-les-tendances-de-cet-ete\/#primaryimage"},"thumbnailUrl":"https:\/\/www.athome.lu\/blog\/wp-content\/uploads\/2018\/06\/meuble-jardin-1200.jpg","datePublished":"2018-06-06T06:59:38+00:00","dateModified":"2022-05-11T15:12:47+00:00","author":{"@id":"https:\/\/www.athome.lu\/blog\/#\/schema\/person\/47f7a38089f837e792876ceddc4cb2dc"},"description":"Haben Sie Lust, Ihre Gartenm\u00f6bel zu erneuern? Farbe, klare Linien und Harzf\u00e4den sind diesen Sommer im Trend.","breadcrumb":{"@id":"https:\/\/www.athome.lu\/blog\/mon-logement\/meuble-decoration\/les-meubles-de-jardin-les-tendances-de-cet-ete\/#breadcrumb"},"inLanguage":"de","potentialAction":[{"@type":"ReadAction","target":["https:\/\/www.athome.lu\/blog\/mon-logement\/meuble-decoration\/les-meubles-de-jardin-les-tendances-de-cet-ete\/"]}]},{"@type":"ImageObject","inLanguage":"de","@id":"https:\/\/www.athome.lu\/blog\/mon-logement\/meuble-decoration\/les-meubles-de-jardin-les-tendances-de-cet-ete\/#primaryimage","url":"https:\/\/www.athome.lu\/blog\/wp-content\/uploads\/2018\/06\/meuble-jardin-1200.jpg","contentUrl":"https:\/\/www.athome.lu\/blog\/wp-content\/uploads\/2018\/06\/meuble-jardin-1200.jpg","width":1200,"height":800,"caption":"Tendances meubles de jardin"},{"@type":"BreadcrumbList","@id":"https:\/\/www.athome.lu\/blog\/mon-logement\/meuble-decoration\/les-meubles-de-jardin-les-tendances-de-cet-ete\/#breadcrumb","itemListElement":[{"@type":"ListItem","position":1,"name":"Accueil","item":"https:\/\/www.athome.lu\/blog\/"},{"@type":"ListItem","position":2,"name":"Mon logement","item":"https:\/\/www.athome.lu\/blog\/de\/category\/mein-haus\/"},{"@type":"ListItem","position":3,"name":"Meubler et D\u00e9corer","item":"https:\/\/www.athome.lu\/blog\/de\/category\/mein-haus\/deko-mobel\/"},{"@type":"ListItem","position":4,"name":"Les meubles de jardin : les tendances de cet \u00e9t\u00e9"}]},{"@type":"WebSite","@id":"https:\/\/www.athome.lu\/blog\/#website","url":"https:\/\/www.athome.lu\/blog\/","name":"atHome Blog","description":"Immobilienanzeigen in Luxemburg. Das Immobilienportal Nr. 1 in Luxemburg.","potentialAction":[{"@type":"SearchAction","target":{"@type":"EntryPoint","urlTemplate":"https:\/\/www.athome.lu\/blog\/?s={search_term_string}"},"query-input":{"@type":"PropertyValueSpecification","valueRequired":true,"valueName":"search_term_string"}}],"inLanguage":"de"},{"@type":"Person","@id":"https:\/\/www.athome.lu\/blog\/#\/schema\/person\/47f7a38089f837e792876ceddc4cb2dc","name":"Fanny Pimentel","image":{"@type":"ImageObject","inLanguage":"de","@id":"https:\/\/secure.gravatar.com\/avatar\/c60b27b93851dc9503f9cc9150e73dcb0a86ba6150657e5e4b11d988400bc633?s=96&d=mm&r=g","url":"https:\/\/secure.gravatar.com\/avatar\/c60b27b93851dc9503f9cc9150e73dcb0a86ba6150657e5e4b11d988400bc633?s=96&d=mm&r=g","contentUrl":"https:\/\/secure.gravatar.com\/avatar\/c60b27b93851dc9503f9cc9150e73dcb0a86ba6150657e5e4b11d988400bc633?s=96&d=mm&r=g","caption":"Fanny Pimentel"}}]}},"featured_media_src_url":"https:\/\/www.athome.lu\/blog\/wp-content\/uploads\/2018\/06\/meuble-jardin-1200-1024x683.jpg","_links":{"self":[{"href":"https:\/\/www.athome.lu\/blog\/de\/wp-json\/wp\/v2\/posts\/11306","targetHints":{"allow":["GET"]}}],"collection":[{"href":"https:\/\/www.athome.lu\/blog\/de\/wp-json\/wp\/v2\/posts"}],"about":[{"href":"https:\/\/www.athome.lu\/blog\/de\/wp-json\/wp\/v2\/types\/post"}],"author":[{"embeddable":true,"href":"https:\/\/www.athome.lu\/blog\/de\/wp-json\/wp\/v2\/users\/17"}],"replies":[{"embeddable":true,"href":"https:\/\/www.athome.lu\/blog\/de\/wp-json\/wp\/v2\/comments?post=11306"}],"version-history":[{"count":2,"href":"https:\/\/www.athome.lu\/blog\/de\/wp-json\/wp\/v2\/posts\/11306\/revisions"}],"predecessor-version":[{"id":15132,"href":"https:\/\/www.athome.lu\/blog\/de\/wp-json\/wp\/v2\/posts\/11306\/revisions\/15132"}],"wp:featuredmedia":[{"embeddable":true,"href":"https:\/\/www.athome.lu\/blog\/de\/wp-json\/wp\/v2\/media\/11309"}],"wp:attachment":[{"href":"https:\/\/www.athome.lu\/blog\/de\/wp-json\/wp\/v2\/media?parent=11306"}],"wp:term":[{"taxonomy":"category","embeddable":true,"href":"https:\/\/www.athome.lu\/blog\/de\/wp-json\/wp\/v2\/categories?post=11306"},{"taxonomy":"post_tag","embeddable":true,"href":"https:\/\/www.athome.lu\/blog\/de\/wp-json\/wp\/v2\/tags?post=11306"}],"curies":[{"name":"wp","href":"https:\/\/api.w.org\/{rel}","templated":true}]}}