{"id":11335,"date":"2018-06-11T08:07:27","date_gmt":"2018-06-11T07:07:27","guid":{"rendered":"https:\/\/www.athome.lu\/blog\/?p=11335"},"modified":"2022-05-11T17:12:19","modified_gmt":"2022-05-11T15:12:19","slug":"esch-sur-alzette-a-lheure-des-defis","status":"publish","type":"post","link":"https:\/\/www.athome.lu\/blog\/de\/marche-immobilier\/villes\/esch-sur-alzette-a-lheure-des-defis\/","title":{"rendered":"Esch-sur-Alzette vor neuen Herausforderungen"},"content":{"rendered":"<p><span style=\"color: #000000;\">Esch-sur-Alzette, nach Luxemburg die zweitbev\u00f6lkerungsreichste Stadt des Gro\u00dfherzogtums, verf\u00fcgt nur \u00fcber wenig Raum, um sich weiterzuentwickeln, und muss daher intelligente Entscheidungen treffen. Dar\u00fcber hinaus f\u00fchrt sie verschiedene Projekte durch, um das t\u00e4glich von Grenzg\u00e4ngern \u00fcberf\u00fcllte Stadtzentrum zu entlasten.<\/span><\/p>\n\n\n\n<p><span style=\"color: #000000;\">Mit 35.000 Einwohnern ist die Gemeinde Esch-sur-Alzette, zu der allein diese Ortschaft geh\u00f6rt, die zweitbev\u00f6lkerungsreichste Gemeinde Luxemburgs. Die kosmopolitische Stadt hat 57 % Einwohner ausl\u00e4ndischer Herkunft und wird t\u00e4glich von vielen franz\u00f6sischen Grenzg\u00e4ngern durchquert. Esch-sur-Alzette ist auch von einer langen Industriegeschichte gepr\u00e4gt. <em>\"Die Stahlindustrie hat jahrzehntelang einen Gro\u00dfteil der Bev\u00f6lkerung ern\u00e4hrt<\/em>Der neue B\u00fcrgermeister der Stadt, Georges Mischo, erkl\u00e4rte, dass es in den letzten Jahren zu einer Reihe von Problemen gekommen sei. <em>Als die Aktivit\u00e4t aufh\u00f6rte, fanden wir uns auf dem Teppich wieder. Es gab nicht wirklich eine Aktivit\u00e4t, die das Gesch\u00e4ft h\u00e4tte \u00fcbernehmen k\u00f6nnen. Wir hatten nicht die Banken, wie in Luxemburg-Stadt\".<\/em><\/span><\/p>\n\n\n\n<p><span style=\"color: #000000;\">Die Gemeinde Esch hat sich also nach und nach wieder aufgerappelt, insbesondere durch die Umwandlung des ehemaligen Stahlwerks Belval in ein Zentrum f\u00fcr Bildung, Handel und kulturelle Aktivit\u00e4ten. <em>\"Die Ankunft der Universit\u00e4t sowie die Ernennung der Stadt zur europ\u00e4ischen Kulturhauptstadt im Jahr 2022 erm\u00f6glichen es, auf diesem Erfolg aufzubauen.<\/em>Das ist eine gute Nachricht\", freut sich Georges Mischo. <em>Wir m\u00fcssen nun die Entwicklung der Brachfl\u00e4chen in Schifflange und Lentille Terre Rouge in Angriff nehmen, die die beiden einzigen freien Fl\u00e4chen sind, \u00fcber die wir noch verf\u00fcgen...\".<\/em><\/span><\/p>\n\n\n\n<div class=\"wp-block-image\"><figure class=\"aligncenter\"><a href=\"https:\/\/www.athome.lu\/blog\/blog\/wp-content\/uploads\/2018\/06\/esch2018-2.jpg\"><img loading=\"lazy\" decoding=\"async\" width=\"1024\" height=\"683\" src=\"https:\/\/www.athome.lu\/blog\/blog\/wp-content\/uploads\/2018\/06\/esch2018-2-1024x683.jpg\" alt=\"Stadtteil Esch Belval\" class=\"wp-image-11337\" srcset=\"https:\/\/www.athome.lu\/blog\/wp-content\/uploads\/2018\/06\/esch2018-2-1024x683.jpg 1024w, https:\/\/www.athome.lu\/blog\/wp-content\/uploads\/2018\/06\/esch2018-2-300x200.jpg 300w, https:\/\/www.athome.lu\/blog\/wp-content\/uploads\/2018\/06\/esch2018-2-768x512.jpg 768w, https:\/\/www.athome.lu\/blog\/wp-content\/uploads\/2018\/06\/esch2018-2-18x12.jpg 18w, https:\/\/www.athome.lu\/blog\/wp-content\/uploads\/2018\/06\/esch2018-2.jpg 1200w\" sizes=\"auto, (max-width: 1024px) 100vw, 1024px\" \/><\/a><\/figure><\/div>\n\n\n\n<h2 class=\"wp-block-heading\"><span style=\"color: #000000;\"><strong>Ein echtes Platzproblem<\/strong><\/span><\/h2>\n\n\n\n<p><span style=\"color: #000000;\">Denn trotz ihrer Vorz\u00fcge hat die Gemeinde Esch-sur-Alzette ein echtes Platzproblem. <em>\"Tats\u00e4chlich verf\u00fcgen wir im Gegensatz zu Gemeinden wie Wincrange oder Sanem \u00fcber wenig Platz.<\/em>Das ist eine gute Nachricht\", kommentiert Georges Mischo. <em>Wir m\u00fcssen also ernsthaft \u00fcber die Nutzung dieser Standorte nachdenken. Und dabei der Bev\u00f6lkerung die M\u00f6glichkeit geben, sich an diesen \u00dcberlegungen zu beteiligen, was in Belval nicht geschehen ist\".<\/em><\/span><\/p>\n\n\n\n<p><span style=\"color: #000000;\">Zu den Projekten, die auf den beiden noch nutzbaren Brachfl\u00e4chen entstehen sollen, z\u00e4hlen unter anderem neue Schulen. <em>\"Es gibt einen gro\u00dfen Bedarf an neuen Schulstrukturen in der Gemeinde<\/em>Der B\u00fcrgermeister sagte: \"Ich habe mich nicht geirrt. <em>Abgesehen von den Schulen, die auf diesen Brachen gebaut werden, werden wir auch zwei neue Schulen in der Stadt bauen, die Brouch-Schule renovieren und die Schule in der Grand-Rue erweitern. In diesen neuen Geb\u00e4uden werden wir systematisch Maison-relais einrichten\".<\/em><\/span><\/p>\n\n\n\n<h2 class=\"wp-block-heading\"><span style=\"color: #000000;\"><strong>Ein Mix aus Wohnungen und Unternehmen <\/strong><\/span><\/h2>\n\n\n\n<p><span style=\"color: #000000;\">Wie \u00fcberall in Luxemburg ist auch in der Gemeinde Esch-sur-Alzette die Wohnungsfrage und der Zugang zu Wohnraum f\u00fcr alle eine gro\u00dfe Sorge. Der begrenzte zur Verf\u00fcgung stehende Raum zwingt die \u00f6rtlichen Verantwortlichen, kreativ zu werden. <em>\"Auf den Brachfl\u00e4chen von Schifflange und Lentille Terre Rouge werden wir versuchen, Wohn- und Unternehmensprojekte zu kombinieren.<\/em>Der B\u00fcrgermeister sagte: \"Ich habe mich nicht geirrt. <em>Wir haben bereits einige Unternehmen, die an einem solchen Konzept interessiert sind\".<\/em><\/span><\/p>\n\n\n\n<p><span style=\"color: #000000;\">Wie Georges Mischo weiter erkl\u00e4rt, ist der andere von der Gemeinde bevorzugte Weg die Verabschiedung von Gemeindeverordnungen, die es erm\u00f6glichen, neue Familien in die Gemeinde zu bringen. <em>\"Am 9. Februar haben wir die Bauvorschriften ge\u00e4ndert. In Zukunft wird es nicht mehr m\u00f6glich sein, mehrere Wohnungen in Einfamilienh\u00e4usern auf dem Gemeindegebiet einzurichten. Neben der Attraktivit\u00e4t f\u00fcr Familien soll diese Entscheidung auch die illegale Vermietung von unhygienischen m\u00f6blierten Zimmern verhindern. Diese Praxis ist in Esch leider immer noch \u00fcblich und es sind die schw\u00e4chsten Personen, die ihr zum Opfer fallen\".<\/em><\/span><\/p>\n\n\n\n<div class=\"wp-block-image\"><figure class=\"aligncenter\"><a href=\"https:\/\/www.athome.lu\/blog\/blog\/wp-content\/uploads\/2018\/06\/esch2018-3.jpg\"><img loading=\"lazy\" decoding=\"async\" width=\"1024\" height=\"683\" src=\"https:\/\/www.athome.lu\/blog\/blog\/wp-content\/uploads\/2018\/06\/esch2018-3-1024x683.jpg\" alt=\"H\u00e4user in Escch -sur-Aluzette\" class=\"wp-image-11338\" srcset=\"https:\/\/www.athome.lu\/blog\/wp-content\/uploads\/2018\/06\/esch2018-3-1024x683.jpg 1024w, https:\/\/www.athome.lu\/blog\/wp-content\/uploads\/2018\/06\/esch2018-3-300x200.jpg 300w, https:\/\/www.athome.lu\/blog\/wp-content\/uploads\/2018\/06\/esch2018-3-768x512.jpg 768w, https:\/\/www.athome.lu\/blog\/wp-content\/uploads\/2018\/06\/esch2018-3-18x12.jpg 18w, https:\/\/www.athome.lu\/blog\/wp-content\/uploads\/2018\/06\/esch2018-3.jpg 1200w\" sizes=\"auto, (max-width: 1024px) 100vw, 1024px\" \/><\/a><\/figure><\/div>\n\n\n<section id=\"section-3-14695\" class=\"ct-section\" ><div class=\"ct-section-inner-wrap\"><div id=\"div_block-4-14695\" class=\"ct-div-block\" ><div id=\"new_columns-7-14695\" class=\"ct-new-columns\" ><div id=\"div_block-8-14695\" class=\"ct-div-block\" ><div id=\"div_block-14-14695\" class=\"ct-div-block\" ><\/div><\/div><div id=\"div_block-9-14695\" class=\"ct-div-block\" ><h1 id=\"headline-11-14695\" class=\"ct-headline\">Wie hoch sind die Immobilienpreise derzeit?<\/h1><div id=\"text_block-12-14695\" class=\"ct-text-block\" >Die Preise verlangsamen sich. Die Zinss\u00e4tze steigen. Welche Trends sind in den kommenden Monaten zu erwarten?<\/div><a id=\"link_button-13-14695\" class=\"ct-link-button\" href=\"https:\/\/www.athome.lu\/blog\/blog\/marche-immobilier\/prix\/tendances-2022\/\" target=\"_blank\"  >Analyse lesen<\/a><\/div><\/div><\/div><\/div><\/section>\n\n\n<h2 class=\"wp-block-heading\"><span style=\"color: #000000;\"><strong>Die Mobilit\u00e4t verbessern<\/strong><\/span><\/h2>\n\n\n\n<p><span style=\"color: #000000;\">Die andere Schwierigkeit, mit der die Escher konfrontiert sind, betrifft die Mobilit\u00e4t. <em>\"Der Staat ist dabei, die Autobahn A4 auszubauen, damit die Grenzg\u00e4nger direkt wieder nach Frankreich fahren k\u00f6nnen, ohne durch das Zentrum von Esch zu fahren, das jeden Tag verstopft ist.<\/em>Die meisten von uns haben sich in den letzten Jahren mit dem Thema besch\u00e4ftigt\", erkl\u00e4rt Georges Mischo. <em>Au\u00dferdem wird in unserem Mobilit\u00e4tsplan viel Wert auf \u00f6ffentliche Verkehrsmittel gelegt: der Kussbus, mit dem man zur Arbeit fahren kann, die Gemeindebusse City Bus oder die baldige Ankunft von Bussen mit hohem Serviceniveau, die eine eigene Fahrspur erhalten... Ich denke, daran m\u00fcssen wir arbeiten, denn Fahrgemeinschaften scheinen mir eine Illusion zu sein.\"<\/em><\/span><\/p>\n\n\n\n<p><span style=\"color: #000000;\">Die Gemeinde Esch-sur-Alzette ist ebenfalls im Gespr\u00e4ch mit den CFL, um einen zus\u00e4tzlichen kleinen Bahnhof im Stadtzentrum zu bauen, der einen Teil der Autofahrer abziehen w\u00fcrde. Au\u00dferdem wird das Projekt eines Kultur-Sport-Busses von Georges Mischo immer noch mit gro\u00dfer Leidenschaft verteidigt. <em>\"Die Idee war in unserem Wahlprogramm<\/em>Er sagt: \"Ich bin nicht der einzige, der sich mit dem Thema besch\u00e4ftigt. <em>Sie besteht darin, unsere Kinder aus den Maison-relais herauszuholen und sie zu ihren sportlichen oder kulturellen Aktivit\u00e4ten zu bringen. Die Idee wird weiterverfolgt und soll bald umgesetzt werden\".<\/em><\/span><\/p>\n\n\n\n<h2 class=\"wp-block-heading\"><span style=\"color: #000000;\"><strong>Der Gaalgebierg, die gr\u00fcne Lunge der Stadt<\/strong><\/span><\/h2>\n\n\n\n<p><span style=\"color: #000000;\">Wo k\u00f6nnen die Einwohner bei einem solchen Platzmangel spazieren gehen und frische Luft schnappen? Gl\u00fccklicherweise hat sich Esch-sur-Alzette eine attraktive gr\u00fcne Lunge bewahrt: den Gaalgebierg, einen H\u00fcgel \u00fcber der Stadt, der von einem ausgedehnten Wald bedeckt ist. Hier gibt es Parks, einen Fu\u00dfballplatz, einen Campingplatz, einen Tierpark, eine nat\u00fcrliche Eisbahn im Winter und vieles mehr. <em>\"Wir investieren viel in diesen Raum<\/em>Das ist eine sehr gute Nachricht\", sagt Georges Mischo. <em>Es ist wichtig, ein St\u00fcck Natur wie dieses zu erhalten, das nur wenige Gehminuten von der Stadt entfernt ist. Dar\u00fcber hinaus haben wir einen Austausch mit dem<\/em><em>Staat, der es uns erm\u00f6glichte, einen Teil des Waldes auf der anderen Seite von Esch zur\u00fcckzugewinnen. <\/em><em>An dieser Stelle sind wir in der Lage, einen neuen Park mit Spielpl\u00e4tzen zu errichten, das Ganze in einer Gr\u00f6\u00dfe, die mit der des Gaalgebiergs vergleichbar ist.\"<\/em><\/span><\/p>\n\n\n\n<p><span style=\"color: #000000;\">Wie man sieht, gibt es in Esch-sur-Alzette viele Herausforderungen. Dennoch ist sie eine der am besten ausgestatteten St\u00e4dte Luxemburgs, was Dienstleistungen jeglicher Art betrifft. Au\u00dferdem sorgt das intensive kulturelle Leben daf\u00fcr, dass es den Einwohnern nicht langweilig wird...<\/span><\/p>","protected":false},"excerpt":{"rendered":"<p>Disposant de peu d\u2019espace pour continuer \u00e0 se d\u00e9velopper, Esch-sur-Alzette, deuxi\u00e8me ville la plus peupl\u00e9e du Grand-Duch\u00e9 apr\u00e8s Luxembourg, doit faire des choix intelligents. Elle m\u00e8ne en outre diff\u00e9rents projets pour d\u00e9sengorger un centre-ville envahi quotidiennement par les frontaliers. Avec ses 35.000 habitants, la commune d\u2019Esch-sur-Alzette, qui comprend cette seule localit\u00e9, est la deuxi\u00e8me municipalit\u00e9 [&hellip;]<\/p>\n","protected":false},"author":17,"featured_media":11336,"comment_status":"closed","ping_status":"open","sticky":false,"template":"","format":"standard","meta":{"_acf_changed":false,"footnotes":""},"categories":[218],"tags":[],"class_list":["post-11335","post","type-post","status-publish","format-standard","has-post-thumbnail","hentry","category-villes"],"acf":[],"yoast_head":"<!-- This site is optimized with the Yoast SEO plugin v27.4 - https:\/\/yoast.com\/product\/yoast-seo-wordpress\/ -->\n<title>Zoom sur Esch-sur-Alzette: la commune \u00e0 l\u2019heure des d\u00e9fis | atHome<\/title>\n<meta name=\"description\" content=\"Disposant de peu d\u2019espace pour continuer \u00e0 se d\u00e9velopper, Esch-sur-Alzette, deuxi\u00e8me ville du Grand-Duch\u00e9, doit faire des choix intelligents.\" \/>\n<meta name=\"robots\" content=\"index, follow, max-snippet:-1, max-image-preview:large, max-video-preview:-1\" \/>\n<link rel=\"canonical\" href=\"https:\/\/www.athome.lu\/blog\/de\/immobilien-markt\/stadte\/esch-sur-alzette-a-lheure-des-defis\/\" \/>\n<meta property=\"og:locale\" content=\"de_DE\" \/>\n<meta property=\"og:type\" content=\"article\" \/>\n<meta property=\"og:title\" content=\"Zoom sur Esch-sur-Alzette: la commune \u00e0 l\u2019heure des d\u00e9fis | atHome\" \/>\n<meta property=\"og:description\" content=\"Disposant de peu d\u2019espace pour continuer \u00e0 se d\u00e9velopper, Esch-sur-Alzette, deuxi\u00e8me ville du Grand-Duch\u00e9, doit faire des choix intelligents.\" \/>\n<meta property=\"og:url\" content=\"https:\/\/www.athome.lu\/blog\/de\/immobilien-markt\/stadte\/esch-sur-alzette-a-lheure-des-defis\/\" \/>\n<meta property=\"og:site_name\" content=\"atHome Blog\" \/>\n<meta property=\"article:publisher\" content=\"https:\/\/www.facebook.com\/atHome.lu\/\" \/>\n<meta property=\"article:published_time\" content=\"2018-06-11T07:07:27+00:00\" \/>\n<meta property=\"article:modified_time\" content=\"2022-05-11T15:12:19+00:00\" \/>\n<meta property=\"og:image\" content=\"https:\/\/www.athome.lu\/blog\/wp-content\/uploads\/2018\/06\/esch2018.jpg\" \/>\n\t<meta property=\"og:image:width\" content=\"1200\" \/>\n\t<meta property=\"og:image:height\" content=\"800\" \/>\n\t<meta property=\"og:image:type\" content=\"image\/jpeg\" \/>\n<meta name=\"author\" content=\"Fanny Pimentel\" \/>\n<meta name=\"twitter:card\" content=\"summary_large_image\" \/>\n<meta name=\"twitter:creator\" content=\"@athomelu\" \/>\n<meta name=\"twitter:site\" content=\"@athomelu\" \/>\n<meta name=\"twitter:label1\" content=\"Verfasst von\" \/>\n\t<meta name=\"twitter:data1\" content=\"Fanny Pimentel\" \/>\n\t<meta name=\"twitter:label2\" content=\"Gesch\u00e4tzte Lesezeit\" \/>\n\t<meta name=\"twitter:data2\" content=\"5\u00a0Minuten\" \/>\n<script type=\"application\/ld+json\" class=\"yoast-schema-graph\">{\"@context\":\"https:\\\/\\\/schema.org\",\"@graph\":[{\"@type\":\"Article\",\"@id\":\"https:\\\/\\\/www.athome.lu\\\/blog\\\/marche-immobilier\\\/villes\\\/esch-sur-alzette-a-lheure-des-defis\\\/#article\",\"isPartOf\":{\"@id\":\"https:\\\/\\\/www.athome.lu\\\/blog\\\/marche-immobilier\\\/villes\\\/esch-sur-alzette-a-lheure-des-defis\\\/\"},\"author\":{\"name\":\"Fanny Pimentel\",\"@id\":\"https:\\\/\\\/www.athome.lu\\\/blog\\\/#\\\/schema\\\/person\\\/47f7a38089f837e792876ceddc4cb2dc\"},\"headline\":\"Esch-sur-Alzette \u00e0 l\u2019heure des d\u00e9fis\",\"datePublished\":\"2018-06-11T07:07:27+00:00\",\"dateModified\":\"2022-05-11T15:12:19+00:00\",\"mainEntityOfPage\":{\"@id\":\"https:\\\/\\\/www.athome.lu\\\/blog\\\/marche-immobilier\\\/villes\\\/esch-sur-alzette-a-lheure-des-defis\\\/\"},\"wordCount\":1023,\"image\":{\"@id\":\"https:\\\/\\\/www.athome.lu\\\/blog\\\/marche-immobilier\\\/villes\\\/esch-sur-alzette-a-lheure-des-defis\\\/#primaryimage\"},\"thumbnailUrl\":\"https:\\\/\\\/www.athome.lu\\\/blog\\\/wp-content\\\/uploads\\\/2018\\\/06\\\/esch2018.jpg\",\"articleSection\":[\"Villes\"],\"inLanguage\":\"de\"},{\"@type\":\"WebPage\",\"@id\":\"https:\\\/\\\/www.athome.lu\\\/blog\\\/marche-immobilier\\\/villes\\\/esch-sur-alzette-a-lheure-des-defis\\\/\",\"url\":\"https:\\\/\\\/www.athome.lu\\\/blog\\\/marche-immobilier\\\/villes\\\/esch-sur-alzette-a-lheure-des-defis\\\/\",\"name\":\"Zoom sur Esch-sur-Alzette: la commune \u00e0 l\u2019heure des d\u00e9fis | atHome\",\"isPartOf\":{\"@id\":\"https:\\\/\\\/www.athome.lu\\\/blog\\\/#website\"},\"primaryImageOfPage\":{\"@id\":\"https:\\\/\\\/www.athome.lu\\\/blog\\\/marche-immobilier\\\/villes\\\/esch-sur-alzette-a-lheure-des-defis\\\/#primaryimage\"},\"image\":{\"@id\":\"https:\\\/\\\/www.athome.lu\\\/blog\\\/marche-immobilier\\\/villes\\\/esch-sur-alzette-a-lheure-des-defis\\\/#primaryimage\"},\"thumbnailUrl\":\"https:\\\/\\\/www.athome.lu\\\/blog\\\/wp-content\\\/uploads\\\/2018\\\/06\\\/esch2018.jpg\",\"datePublished\":\"2018-06-11T07:07:27+00:00\",\"dateModified\":\"2022-05-11T15:12:19+00:00\",\"author\":{\"@id\":\"https:\\\/\\\/www.athome.lu\\\/blog\\\/#\\\/schema\\\/person\\\/47f7a38089f837e792876ceddc4cb2dc\"},\"description\":\"Disposant de peu d\u2019espace pour continuer \u00e0 se d\u00e9velopper, Esch-sur-Alzette, deuxi\u00e8me ville du Grand-Duch\u00e9, doit faire des choix intelligents.\",\"breadcrumb\":{\"@id\":\"https:\\\/\\\/www.athome.lu\\\/blog\\\/marche-immobilier\\\/villes\\\/esch-sur-alzette-a-lheure-des-defis\\\/#breadcrumb\"},\"inLanguage\":\"de\",\"potentialAction\":[{\"@type\":\"ReadAction\",\"target\":[\"https:\\\/\\\/www.athome.lu\\\/blog\\\/marche-immobilier\\\/villes\\\/esch-sur-alzette-a-lheure-des-defis\\\/\"]}]},{\"@type\":\"ImageObject\",\"inLanguage\":\"de\",\"@id\":\"https:\\\/\\\/www.athome.lu\\\/blog\\\/marche-immobilier\\\/villes\\\/esch-sur-alzette-a-lheure-des-defis\\\/#primaryimage\",\"url\":\"https:\\\/\\\/www.athome.lu\\\/blog\\\/wp-content\\\/uploads\\\/2018\\\/06\\\/esch2018.jpg\",\"contentUrl\":\"https:\\\/\\\/www.athome.lu\\\/blog\\\/wp-content\\\/uploads\\\/2018\\\/06\\\/esch2018.jpg\",\"width\":1200,\"height\":800,\"caption\":\"Vivre \u00e0 Esch-sur-Alzette\"},{\"@type\":\"BreadcrumbList\",\"@id\":\"https:\\\/\\\/www.athome.lu\\\/blog\\\/marche-immobilier\\\/villes\\\/esch-sur-alzette-a-lheure-des-defis\\\/#breadcrumb\",\"itemListElement\":[{\"@type\":\"ListItem\",\"position\":1,\"name\":\"Accueil\",\"item\":\"https:\\\/\\\/www.athome.lu\\\/blog\\\/\"},{\"@type\":\"ListItem\",\"position\":2,\"name\":\"March\u00e9 immobilier\",\"item\":\"https:\\\/\\\/www.athome.lu\\\/blog\\\/category\\\/marche-immobilier\\\/\"},{\"@type\":\"ListItem\",\"position\":3,\"name\":\"Villes\",\"item\":\"https:\\\/\\\/www.athome.lu\\\/blog\\\/category\\\/marche-immobilier\\\/villes\\\/\"},{\"@type\":\"ListItem\",\"position\":4,\"name\":\"Esch-sur-Alzette \u00e0 l\u2019heure des d\u00e9fis\"}]},{\"@type\":\"WebSite\",\"@id\":\"https:\\\/\\\/www.athome.lu\\\/blog\\\/#website\",\"url\":\"https:\\\/\\\/www.athome.lu\\\/blog\\\/\",\"name\":\"atHome Blog\",\"description\":\"Annonces immobili\u00e8res au Luxembourg. Le portail immobilier n\u00b01 au Luxembourg.\",\"potentialAction\":[{\"@type\":\"SearchAction\",\"target\":{\"@type\":\"EntryPoint\",\"urlTemplate\":\"https:\\\/\\\/www.athome.lu\\\/blog\\\/?s={search_term_string}\"},\"query-input\":{\"@type\":\"PropertyValueSpecification\",\"valueRequired\":true,\"valueName\":\"search_term_string\"}}],\"inLanguage\":\"de\"},{\"@type\":\"Person\",\"@id\":\"https:\\\/\\\/www.athome.lu\\\/blog\\\/#\\\/schema\\\/person\\\/47f7a38089f837e792876ceddc4cb2dc\",\"name\":\"Fanny Pimentel\",\"image\":{\"@type\":\"ImageObject\",\"inLanguage\":\"de\",\"@id\":\"https:\\\/\\\/secure.gravatar.com\\\/avatar\\\/c60b27b93851dc9503f9cc9150e73dcb0a86ba6150657e5e4b11d988400bc633?s=96&d=mm&r=g\",\"url\":\"https:\\\/\\\/secure.gravatar.com\\\/avatar\\\/c60b27b93851dc9503f9cc9150e73dcb0a86ba6150657e5e4b11d988400bc633?s=96&d=mm&r=g\",\"contentUrl\":\"https:\\\/\\\/secure.gravatar.com\\\/avatar\\\/c60b27b93851dc9503f9cc9150e73dcb0a86ba6150657e5e4b11d988400bc633?s=96&d=mm&r=g\",\"caption\":\"Fanny Pimentel\"}}]}<\/script>\n<!-- \/ Yoast SEO plugin. -->","yoast_head_json":{"title":"Zoom auf Esch-sur-Alzette: Die Gemeinde stellt sich den Herausforderungen | atHome","description":"Da Esch-sur-Alzette, die zweitgr\u00f6\u00dfte Stadt des Gro\u00dfherzogtums, nur \u00fcber wenig Platz verf\u00fcgt, um sich weiter zu entwickeln, muss sie intelligente Entscheidungen treffen.","robots":{"index":"index","follow":"follow","max-snippet":"max-snippet:-1","max-image-preview":"max-image-preview:large","max-video-preview":"max-video-preview:-1"},"canonical":"https:\/\/www.athome.lu\/blog\/de\/immobilien-markt\/stadte\/esch-sur-alzette-a-lheure-des-defis\/","og_locale":"de_DE","og_type":"article","og_title":"Zoom sur Esch-sur-Alzette: la commune \u00e0 l\u2019heure des d\u00e9fis | atHome","og_description":"Disposant de peu d\u2019espace pour continuer \u00e0 se d\u00e9velopper, Esch-sur-Alzette, deuxi\u00e8me ville du Grand-Duch\u00e9, doit faire des choix intelligents.","og_url":"https:\/\/www.athome.lu\/blog\/de\/immobilien-markt\/stadte\/esch-sur-alzette-a-lheure-des-defis\/","og_site_name":"atHome Blog","article_publisher":"https:\/\/www.facebook.com\/atHome.lu\/","article_published_time":"2018-06-11T07:07:27+00:00","article_modified_time":"2022-05-11T15:12:19+00:00","og_image":[{"width":1200,"height":800,"url":"https:\/\/www.athome.lu\/blog\/wp-content\/uploads\/2018\/06\/esch2018.jpg","type":"image\/jpeg"}],"author":"Fanny Pimentel","twitter_card":"summary_large_image","twitter_creator":"@athomelu","twitter_site":"@athomelu","twitter_misc":{"Verfasst von":"Fanny Pimentel","Gesch\u00e4tzte Lesezeit":"5\u00a0Minuten"},"schema":{"@context":"https:\/\/schema.org","@graph":[{"@type":"Article","@id":"https:\/\/www.athome.lu\/blog\/marche-immobilier\/villes\/esch-sur-alzette-a-lheure-des-defis\/#article","isPartOf":{"@id":"https:\/\/www.athome.lu\/blog\/marche-immobilier\/villes\/esch-sur-alzette-a-lheure-des-defis\/"},"author":{"name":"Fanny Pimentel","@id":"https:\/\/www.athome.lu\/blog\/#\/schema\/person\/47f7a38089f837e792876ceddc4cb2dc"},"headline":"Esch-sur-Alzette \u00e0 l\u2019heure des d\u00e9fis","datePublished":"2018-06-11T07:07:27+00:00","dateModified":"2022-05-11T15:12:19+00:00","mainEntityOfPage":{"@id":"https:\/\/www.athome.lu\/blog\/marche-immobilier\/villes\/esch-sur-alzette-a-lheure-des-defis\/"},"wordCount":1023,"image":{"@id":"https:\/\/www.athome.lu\/blog\/marche-immobilier\/villes\/esch-sur-alzette-a-lheure-des-defis\/#primaryimage"},"thumbnailUrl":"https:\/\/www.athome.lu\/blog\/wp-content\/uploads\/2018\/06\/esch2018.jpg","articleSection":["Villes"],"inLanguage":"de"},{"@type":"WebPage","@id":"https:\/\/www.athome.lu\/blog\/marche-immobilier\/villes\/esch-sur-alzette-a-lheure-des-defis\/","url":"https:\/\/www.athome.lu\/blog\/marche-immobilier\/villes\/esch-sur-alzette-a-lheure-des-defis\/","name":"Zoom auf Esch-sur-Alzette: Die Gemeinde stellt sich den Herausforderungen | atHome","isPartOf":{"@id":"https:\/\/www.athome.lu\/blog\/#website"},"primaryImageOfPage":{"@id":"https:\/\/www.athome.lu\/blog\/marche-immobilier\/villes\/esch-sur-alzette-a-lheure-des-defis\/#primaryimage"},"image":{"@id":"https:\/\/www.athome.lu\/blog\/marche-immobilier\/villes\/esch-sur-alzette-a-lheure-des-defis\/#primaryimage"},"thumbnailUrl":"https:\/\/www.athome.lu\/blog\/wp-content\/uploads\/2018\/06\/esch2018.jpg","datePublished":"2018-06-11T07:07:27+00:00","dateModified":"2022-05-11T15:12:19+00:00","author":{"@id":"https:\/\/www.athome.lu\/blog\/#\/schema\/person\/47f7a38089f837e792876ceddc4cb2dc"},"description":"Da Esch-sur-Alzette, die zweitgr\u00f6\u00dfte Stadt des Gro\u00dfherzogtums, nur \u00fcber wenig Platz verf\u00fcgt, um sich weiter zu entwickeln, muss sie intelligente Entscheidungen treffen.","breadcrumb":{"@id":"https:\/\/www.athome.lu\/blog\/marche-immobilier\/villes\/esch-sur-alzette-a-lheure-des-defis\/#breadcrumb"},"inLanguage":"de","potentialAction":[{"@type":"ReadAction","target":["https:\/\/www.athome.lu\/blog\/marche-immobilier\/villes\/esch-sur-alzette-a-lheure-des-defis\/"]}]},{"@type":"ImageObject","inLanguage":"de","@id":"https:\/\/www.athome.lu\/blog\/marche-immobilier\/villes\/esch-sur-alzette-a-lheure-des-defis\/#primaryimage","url":"https:\/\/www.athome.lu\/blog\/wp-content\/uploads\/2018\/06\/esch2018.jpg","contentUrl":"https:\/\/www.athome.lu\/blog\/wp-content\/uploads\/2018\/06\/esch2018.jpg","width":1200,"height":800,"caption":"Vivre \u00e0 Esch-sur-Alzette"},{"@type":"BreadcrumbList","@id":"https:\/\/www.athome.lu\/blog\/marche-immobilier\/villes\/esch-sur-alzette-a-lheure-des-defis\/#breadcrumb","itemListElement":[{"@type":"ListItem","position":1,"name":"Accueil","item":"https:\/\/www.athome.lu\/blog\/"},{"@type":"ListItem","position":2,"name":"March\u00e9 immobilier","item":"https:\/\/www.athome.lu\/blog\/category\/marche-immobilier\/"},{"@type":"ListItem","position":3,"name":"Villes","item":"https:\/\/www.athome.lu\/blog\/category\/marche-immobilier\/villes\/"},{"@type":"ListItem","position":4,"name":"Esch-sur-Alzette \u00e0 l\u2019heure des d\u00e9fis"}]},{"@type":"WebSite","@id":"https:\/\/www.athome.lu\/blog\/#website","url":"https:\/\/www.athome.lu\/blog\/","name":"atHome Blog","description":"Immobilienanzeigen in Luxemburg. Das Immobilienportal Nr. 1 in Luxemburg.","potentialAction":[{"@type":"SearchAction","target":{"@type":"EntryPoint","urlTemplate":"https:\/\/www.athome.lu\/blog\/?s={search_term_string}"},"query-input":{"@type":"PropertyValueSpecification","valueRequired":true,"valueName":"search_term_string"}}],"inLanguage":"de"},{"@type":"Person","@id":"https:\/\/www.athome.lu\/blog\/#\/schema\/person\/47f7a38089f837e792876ceddc4cb2dc","name":"Fanny Pimentel","image":{"@type":"ImageObject","inLanguage":"de","@id":"https:\/\/secure.gravatar.com\/avatar\/c60b27b93851dc9503f9cc9150e73dcb0a86ba6150657e5e4b11d988400bc633?s=96&d=mm&r=g","url":"https:\/\/secure.gravatar.com\/avatar\/c60b27b93851dc9503f9cc9150e73dcb0a86ba6150657e5e4b11d988400bc633?s=96&d=mm&r=g","contentUrl":"https:\/\/secure.gravatar.com\/avatar\/c60b27b93851dc9503f9cc9150e73dcb0a86ba6150657e5e4b11d988400bc633?s=96&d=mm&r=g","caption":"Fanny Pimentel"}}]}},"featured_media_src_url":"https:\/\/www.athome.lu\/blog\/wp-content\/uploads\/2018\/06\/esch2018-1024x683.jpg","_links":{"self":[{"href":"https:\/\/www.athome.lu\/blog\/de\/wp-json\/wp\/v2\/posts\/11335","targetHints":{"allow":["GET"]}}],"collection":[{"href":"https:\/\/www.athome.lu\/blog\/de\/wp-json\/wp\/v2\/posts"}],"about":[{"href":"https:\/\/www.athome.lu\/blog\/de\/wp-json\/wp\/v2\/types\/post"}],"author":[{"embeddable":true,"href":"https:\/\/www.athome.lu\/blog\/de\/wp-json\/wp\/v2\/users\/17"}],"replies":[{"embeddable":true,"href":"https:\/\/www.athome.lu\/blog\/de\/wp-json\/wp\/v2\/comments?post=11335"}],"version-history":[{"count":2,"href":"https:\/\/www.athome.lu\/blog\/de\/wp-json\/wp\/v2\/posts\/11335\/revisions"}],"predecessor-version":[{"id":15131,"href":"https:\/\/www.athome.lu\/blog\/de\/wp-json\/wp\/v2\/posts\/11335\/revisions\/15131"}],"wp:featuredmedia":[{"embeddable":true,"href":"https:\/\/www.athome.lu\/blog\/de\/wp-json\/wp\/v2\/media\/11336"}],"wp:attachment":[{"href":"https:\/\/www.athome.lu\/blog\/de\/wp-json\/wp\/v2\/media?parent=11335"}],"wp:term":[{"taxonomy":"category","embeddable":true,"href":"https:\/\/www.athome.lu\/blog\/de\/wp-json\/wp\/v2\/categories?post=11335"},{"taxonomy":"post_tag","embeddable":true,"href":"https:\/\/www.athome.lu\/blog\/de\/wp-json\/wp\/v2\/tags?post=11335"}],"curies":[{"name":"wp","href":"https:\/\/api.w.org\/{rel}","templated":true}]}}