{"id":11379,"date":"2018-06-26T13:07:15","date_gmt":"2018-06-26T12:07:15","guid":{"rendered":"https:\/\/www.athome.lu\/blog\/?p=11379"},"modified":"2022-05-11T17:10:07","modified_gmt":"2022-05-11T15:10:07","slug":"wie-man-einen-vertikalen-garten-anlegt","status":"publish","type":"post","link":"https:\/\/www.athome.lu\/blog\/de\/mon-logement\/meuble-decoration\/comment-creer-un-jardin-vertical\/","title":{"rendered":"Wie legt man einen vertikalen Garten an?"},"content":{"rendered":"<p><span style=\"color: #000000;\">Nach dem Erfolg der Pflanzen, die man senkrecht an die Wand h\u00e4ngen kann, wird der vertikale Garten zu einem Muss in unseren G\u00e4rten. Er ist einfach zu realisieren und setzt nur Ihrer Fantasie Grenzen.<\/span><\/p>\n<h2><strong><span style=\"color: #000000;\">Fertigl\u00f6sungen f\u00fcr vertikale G\u00e4rten<\/span><\/strong><\/h2>\n<p><span style=\"color: #000000;\"><a href=\"https:\/\/www.athome.lu\/blog\/blog\/wp-content\/uploads\/2018\/06\/balcony-397785_1920.jpg\"><img loading=\"lazy\" decoding=\"async\" class=\"normal alignleft wp-image-11380\" src=\"https:\/\/www.athome.lu\/blog\/blog\/wp-content\/uploads\/2018\/06\/balcony-397785_1920.jpg\" alt=\"Einen vertikalen Garten anlegen\" width=\"300\" height=\"485\" srcset=\"https:\/\/www.athome.lu\/blog\/wp-content\/uploads\/2018\/06\/balcony-397785_1920.jpg 500w, https:\/\/www.athome.lu\/blog\/wp-content\/uploads\/2018\/06\/balcony-397785_1920-185x300.jpg 185w, https:\/\/www.athome.lu\/blog\/wp-content\/uploads\/2018\/06\/balcony-397785_1920-7x12.jpg 7w\" sizes=\"auto, (max-width: 300px) 100vw, 300px\" \/><\/a>Wenn Sie einen gr\u00fcnen Daumen haben, aber Heimwerken nicht Ihre Tasse Tee ist, gibt es in Gartencentern fertige Baus\u00e4tze, mit denen Sie schnell einen vertikalen Garten auf Ihrem Balkon anlegen k\u00f6nnen. Dabei handelt es sich in der Regel um farbige oder naturfarbene Holz- oder Stahlpaneele, die meist an der Mittenwand zwischen zwei Balkonen befestigt werden. Dieses System, das oft als Sichtschutz verwendet wird, enth\u00e4lt T\u00f6pfe, die Sie nach Belieben bewegen k\u00f6nnen. Ein weiteres Trendprodukt, das wir wegen seines minimalistischen Stils lieben, ist die Pflanztasche, die Sie an der Wand befestigen k\u00f6nnen. Sie besteht aus robustem Stoff und hat mehrere Taschen, in denen Sie Ihre Blumenerde und Pflanzen unterbringen k\u00f6nnen.<\/span><\/p>\n<p>\u00a0<\/p>\n<p>\u00a0<\/p>\n<h2><strong><span style=\"color: #000000;\">Den eigenen vertikalen Garten mit eigenen H\u00e4nden anlegen<\/span><\/strong><\/h2>\n<p><span style=\"color: #000000;\">Wenn Sie keine Angst vor Heimwerkerarbeiten haben, k\u00f6nnen Sie einen ma\u00dfgefertigten h\u00e4ngenden Garten selbst entwerfen, indem Sie die folgenden Schritte befolgen:<br \/><\/span><br \/><span style=\"color: #000000;\">1.<strong> Sch\u00fctzen Sie Ihre Wand<\/strong> Garten: In der Regel schiebt sich eine Schutzschicht zwischen die Mauer oder Wand und den vertikalen Garten. Dies kann eine Plastikplane, Jutegewebe oder ein filz\u00e4hnliches Material sein.<\/span><\/p>\n<p><span style=\"color: #000000;\">2. <strong>Bauen Sie Ihre Unterst\u00fctzung auf<\/strong> Wenn Sie keine L\u00f6cher in Ihre Wand bohren m\u00f6chten, ist eine einfache M\u00f6glichkeit, eine St\u00fctze zu installieren, dass Sie sie in einen mit Erde gef\u00fcllten Blumenkasten stecken.<\/span><\/p>\n<p><span style=\"color: #000000;\">3. <strong>W\u00e4hlen Sie Ihre Pflanzen aus<\/strong> : Wagen Sie Farbmischungen, Farbverl\u00e4ufe oder auch aromatische Kr\u00e4uter. Wenn Sie sich f\u00fcr leicht h\u00e4ngende Pflanzen entscheiden, achten Sie darauf, dass sie sich nicht zu sehr \u00fcber die Pflanzen ausbreiten, die den Platz unter ihnen einnehmen. Entscheiden Sie sich f\u00fcr Pflanzen, die regelm\u00e4\u00dfig gegossen werden m\u00fcssen. Wenn Sie wirklich eine Pflanze bevorzugen, die sich in trockener Umgebung wohlf\u00fchlt, sollten Sie ihr einen erh\u00f6hten Platz zuweisen, damit sie beim Gie\u00dfen der anderen Pflanzen nicht nass wird. Im Idealfall sollten Sie ein Bew\u00e4sserungssystem installieren, das das Wasser von Topf zu Topf flie\u00dfen l\u00e4sst, um dies zu vermeiden.<\/span><\/p>\n<p><span style=\"color: #000000;\">Der h\u00e4ngende Garten ist einer der gro\u00dfen Trends in den Gartencentern. Vergleichbar mit einem Pflanzenbild verf\u00fchrt er die kreativsten unter uns und bringt Farbe in eine etwas triste Wand.<\/span><\/p>\n\n<section id=\"section-3-14695\" class=\"ct-section\" ><div class=\"ct-section-inner-wrap\"><div id=\"div_block-4-14695\" class=\"ct-div-block\" ><div id=\"new_columns-7-14695\" class=\"ct-new-columns\" ><div id=\"div_block-8-14695\" class=\"ct-div-block\" ><div id=\"div_block-14-14695\" class=\"ct-div-block\" ><\/div><\/div><div id=\"div_block-9-14695\" class=\"ct-div-block\" ><h1 id=\"headline-11-14695\" class=\"ct-headline\">Wie hoch sind die Immobilienpreise derzeit?<\/h1><div id=\"text_block-12-14695\" class=\"ct-text-block\" >Die Preise verlangsamen sich. Die Zinss\u00e4tze steigen. Welche Trends sind in den kommenden Monaten zu erwarten?<\/div><a id=\"link_button-13-14695\" class=\"ct-link-button\" href=\"https:\/\/www.athome.lu\/blog\/blog\/marche-immobilier\/prix\/tendances-2022\/\" target=\"_blank\"  >Analyse lesen<\/a><\/div><\/div><\/div><\/div><\/section>","protected":false},"excerpt":{"rendered":"<p>Apr\u00e8s le succ\u00e8s des plantes \u00e0 accrocher verticalement au mur, le jardin vertical devient un incontournable dans nos jardins. Simple \u00e0 r\u00e9aliser, il n\u2019a de limite que votre imagination. Solutions toutes faites pour jardin vertical Si vous avez la main verte, mais que le bricolage n\u2019est pas votre tasse de th\u00e9, il existe en jardinerie [&hellip;]<\/p>\n","protected":false},"author":17,"featured_media":11382,"comment_status":"closed","ping_status":"open","sticky":false,"template":"","format":"standard","meta":{"_acf_changed":false,"footnotes":""},"categories":[210],"tags":[89],"class_list":["post-11379","post","type-post","status-publish","format-standard","has-post-thumbnail","hentry","category-meuble-decoration","tag-jardin-terrasse"],"acf":[],"yoast_head":"<!-- This site is optimized with the Yoast SEO plugin v27.4 - https:\/\/yoast.com\/product\/yoast-seo-wordpress\/ -->\n<title>Comment cr\u00e9er facilement un jardin vertical ? | atHome<\/title>\n<meta name=\"description\" content=\"Apr\u00e8s le succ\u00e8s des plantes \u00e0 accrocher verticalement au mur, le jardin vertical devient un incontournable dans nos jardins.\" \/>\n<meta name=\"robots\" content=\"index, follow, max-snippet:-1, max-image-preview:large, max-video-preview:-1\" \/>\n<link rel=\"canonical\" href=\"https:\/\/www.athome.lu\/blog\/de\/mein-haus\/deko-mobel\/wie-man-einen-vertikalen-garten-anlegt\/\" \/>\n<meta property=\"og:locale\" content=\"de_DE\" \/>\n<meta property=\"og:type\" content=\"article\" \/>\n<meta property=\"og:title\" content=\"Comment cr\u00e9er facilement un jardin vertical ? | atHome\" \/>\n<meta property=\"og:description\" content=\"Apr\u00e8s le succ\u00e8s des plantes \u00e0 accrocher verticalement au mur, le jardin vertical devient un incontournable dans nos jardins.\" \/>\n<meta property=\"og:url\" content=\"https:\/\/www.athome.lu\/blog\/de\/mein-haus\/deko-mobel\/wie-man-einen-vertikalen-garten-anlegt\/\" \/>\n<meta property=\"og:site_name\" content=\"atHome Blog\" \/>\n<meta property=\"article:publisher\" content=\"https:\/\/www.facebook.com\/atHome.lu\/\" \/>\n<meta property=\"article:published_time\" content=\"2018-06-26T12:07:15+00:00\" \/>\n<meta property=\"article:modified_time\" content=\"2022-05-11T15:10:07+00:00\" \/>\n<meta property=\"og:image\" content=\"https:\/\/www.athome.lu\/blog\/wp-content\/uploads\/2018\/06\/Jardin-vertical-1200-iStock-178611255.jpg\" \/>\n\t<meta property=\"og:image:width\" content=\"1200\" \/>\n\t<meta property=\"og:image:height\" content=\"800\" \/>\n\t<meta property=\"og:image:type\" content=\"image\/jpeg\" \/>\n<meta name=\"author\" content=\"Fanny Pimentel\" \/>\n<meta name=\"twitter:card\" content=\"summary_large_image\" \/>\n<meta name=\"twitter:creator\" content=\"@athomelu\" \/>\n<meta name=\"twitter:site\" content=\"@athomelu\" \/>\n<meta name=\"twitter:label1\" content=\"Verfasst von\" \/>\n\t<meta name=\"twitter:data1\" content=\"Fanny Pimentel\" \/>\n\t<meta name=\"twitter:label2\" content=\"Gesch\u00e4tzte Lesezeit\" \/>\n\t<meta name=\"twitter:data2\" content=\"3\u00a0Minuten\" \/>\n<script type=\"application\/ld+json\" class=\"yoast-schema-graph\">{\"@context\":\"https:\\\/\\\/schema.org\",\"@graph\":[{\"@type\":\"Article\",\"@id\":\"https:\\\/\\\/www.athome.lu\\\/blog\\\/mon-logement\\\/meuble-decoration\\\/comment-creer-un-jardin-vertical\\\/#article\",\"isPartOf\":{\"@id\":\"https:\\\/\\\/www.athome.lu\\\/blog\\\/mon-logement\\\/meuble-decoration\\\/comment-creer-un-jardin-vertical\\\/\"},\"author\":{\"name\":\"Fanny Pimentel\",\"@id\":\"https:\\\/\\\/www.athome.lu\\\/blog\\\/#\\\/schema\\\/person\\\/47f7a38089f837e792876ceddc4cb2dc\"},\"headline\":\"Comment cr\u00e9er un jardin vertical ?\",\"datePublished\":\"2018-06-26T12:07:15+00:00\",\"dateModified\":\"2022-05-11T15:10:07+00:00\",\"mainEntityOfPage\":{\"@id\":\"https:\\\/\\\/www.athome.lu\\\/blog\\\/mon-logement\\\/meuble-decoration\\\/comment-creer-un-jardin-vertical\\\/\"},\"wordCount\":467,\"image\":{\"@id\":\"https:\\\/\\\/www.athome.lu\\\/blog\\\/mon-logement\\\/meuble-decoration\\\/comment-creer-un-jardin-vertical\\\/#primaryimage\"},\"thumbnailUrl\":\"https:\\\/\\\/www.athome.lu\\\/blog\\\/wp-content\\\/uploads\\\/2018\\\/06\\\/Jardin-vertical-1200-iStock-178611255.jpg\",\"keywords\":[\"Jardin &amp; terrasse\"],\"articleSection\":[\"Meubler et D\u00e9corer\"],\"inLanguage\":\"de\"},{\"@type\":\"WebPage\",\"@id\":\"https:\\\/\\\/www.athome.lu\\\/blog\\\/mon-logement\\\/meuble-decoration\\\/comment-creer-un-jardin-vertical\\\/\",\"url\":\"https:\\\/\\\/www.athome.lu\\\/blog\\\/mon-logement\\\/meuble-decoration\\\/comment-creer-un-jardin-vertical\\\/\",\"name\":\"Comment cr\u00e9er facilement un jardin vertical ? | atHome\",\"isPartOf\":{\"@id\":\"https:\\\/\\\/www.athome.lu\\\/blog\\\/#website\"},\"primaryImageOfPage\":{\"@id\":\"https:\\\/\\\/www.athome.lu\\\/blog\\\/mon-logement\\\/meuble-decoration\\\/comment-creer-un-jardin-vertical\\\/#primaryimage\"},\"image\":{\"@id\":\"https:\\\/\\\/www.athome.lu\\\/blog\\\/mon-logement\\\/meuble-decoration\\\/comment-creer-un-jardin-vertical\\\/#primaryimage\"},\"thumbnailUrl\":\"https:\\\/\\\/www.athome.lu\\\/blog\\\/wp-content\\\/uploads\\\/2018\\\/06\\\/Jardin-vertical-1200-iStock-178611255.jpg\",\"datePublished\":\"2018-06-26T12:07:15+00:00\",\"dateModified\":\"2022-05-11T15:10:07+00:00\",\"author\":{\"@id\":\"https:\\\/\\\/www.athome.lu\\\/blog\\\/#\\\/schema\\\/person\\\/47f7a38089f837e792876ceddc4cb2dc\"},\"description\":\"Apr\u00e8s le succ\u00e8s des plantes \u00e0 accrocher verticalement au mur, le jardin vertical devient un incontournable dans nos jardins.\",\"breadcrumb\":{\"@id\":\"https:\\\/\\\/www.athome.lu\\\/blog\\\/mon-logement\\\/meuble-decoration\\\/comment-creer-un-jardin-vertical\\\/#breadcrumb\"},\"inLanguage\":\"de\",\"potentialAction\":[{\"@type\":\"ReadAction\",\"target\":[\"https:\\\/\\\/www.athome.lu\\\/blog\\\/mon-logement\\\/meuble-decoration\\\/comment-creer-un-jardin-vertical\\\/\"]}]},{\"@type\":\"ImageObject\",\"inLanguage\":\"de\",\"@id\":\"https:\\\/\\\/www.athome.lu\\\/blog\\\/mon-logement\\\/meuble-decoration\\\/comment-creer-un-jardin-vertical\\\/#primaryimage\",\"url\":\"https:\\\/\\\/www.athome.lu\\\/blog\\\/wp-content\\\/uploads\\\/2018\\\/06\\\/Jardin-vertical-1200-iStock-178611255.jpg\",\"contentUrl\":\"https:\\\/\\\/www.athome.lu\\\/blog\\\/wp-content\\\/uploads\\\/2018\\\/06\\\/Jardin-vertical-1200-iStock-178611255.jpg\",\"width\":1200,\"height\":800,\"caption\":\"Cr\u00e9er un jardin vertical\"},{\"@type\":\"BreadcrumbList\",\"@id\":\"https:\\\/\\\/www.athome.lu\\\/blog\\\/mon-logement\\\/meuble-decoration\\\/comment-creer-un-jardin-vertical\\\/#breadcrumb\",\"itemListElement\":[{\"@type\":\"ListItem\",\"position\":1,\"name\":\"Accueil\",\"item\":\"https:\\\/\\\/www.athome.lu\\\/blog\\\/\"},{\"@type\":\"ListItem\",\"position\":2,\"name\":\"Mon logement\",\"item\":\"https:\\\/\\\/www.athome.lu\\\/blog\\\/de\\\/category\\\/mein-haus\\\/\"},{\"@type\":\"ListItem\",\"position\":3,\"name\":\"Meubler et D\u00e9corer\",\"item\":\"https:\\\/\\\/www.athome.lu\\\/blog\\\/de\\\/category\\\/mein-haus\\\/deko-mobel\\\/\"},{\"@type\":\"ListItem\",\"position\":4,\"name\":\"Comment cr\u00e9er un jardin vertical ?\"}]},{\"@type\":\"WebSite\",\"@id\":\"https:\\\/\\\/www.athome.lu\\\/blog\\\/#website\",\"url\":\"https:\\\/\\\/www.athome.lu\\\/blog\\\/\",\"name\":\"atHome Blog\",\"description\":\"Annonces immobili\u00e8res au Luxembourg. Le portail immobilier n\u00b01 au Luxembourg.\",\"potentialAction\":[{\"@type\":\"SearchAction\",\"target\":{\"@type\":\"EntryPoint\",\"urlTemplate\":\"https:\\\/\\\/www.athome.lu\\\/blog\\\/?s={search_term_string}\"},\"query-input\":{\"@type\":\"PropertyValueSpecification\",\"valueRequired\":true,\"valueName\":\"search_term_string\"}}],\"inLanguage\":\"de\"},{\"@type\":\"Person\",\"@id\":\"https:\\\/\\\/www.athome.lu\\\/blog\\\/#\\\/schema\\\/person\\\/47f7a38089f837e792876ceddc4cb2dc\",\"name\":\"Fanny Pimentel\",\"image\":{\"@type\":\"ImageObject\",\"inLanguage\":\"de\",\"@id\":\"https:\\\/\\\/secure.gravatar.com\\\/avatar\\\/c60b27b93851dc9503f9cc9150e73dcb0a86ba6150657e5e4b11d988400bc633?s=96&d=mm&r=g\",\"url\":\"https:\\\/\\\/secure.gravatar.com\\\/avatar\\\/c60b27b93851dc9503f9cc9150e73dcb0a86ba6150657e5e4b11d988400bc633?s=96&d=mm&r=g\",\"contentUrl\":\"https:\\\/\\\/secure.gravatar.com\\\/avatar\\\/c60b27b93851dc9503f9cc9150e73dcb0a86ba6150657e5e4b11d988400bc633?s=96&d=mm&r=g\",\"caption\":\"Fanny Pimentel\"}}]}<\/script>\n<!-- \/ Yoast SEO plugin. -->","yoast_head_json":{"title":"Wie kann man ganz einfach einen vertikalen Garten anlegen? | atHome","description":"Nach dem Erfolg der Pflanzen, die man senkrecht an die Wand h\u00e4ngen kann, wird der vertikale Garten zu einem Muss in unseren G\u00e4rten.","robots":{"index":"index","follow":"follow","max-snippet":"max-snippet:-1","max-image-preview":"max-image-preview:large","max-video-preview":"max-video-preview:-1"},"canonical":"https:\/\/www.athome.lu\/blog\/de\/mein-haus\/deko-mobel\/wie-man-einen-vertikalen-garten-anlegt\/","og_locale":"de_DE","og_type":"article","og_title":"Comment cr\u00e9er facilement un jardin vertical ? | atHome","og_description":"Apr\u00e8s le succ\u00e8s des plantes \u00e0 accrocher verticalement au mur, le jardin vertical devient un incontournable dans nos jardins.","og_url":"https:\/\/www.athome.lu\/blog\/de\/mein-haus\/deko-mobel\/wie-man-einen-vertikalen-garten-anlegt\/","og_site_name":"atHome Blog","article_publisher":"https:\/\/www.facebook.com\/atHome.lu\/","article_published_time":"2018-06-26T12:07:15+00:00","article_modified_time":"2022-05-11T15:10:07+00:00","og_image":[{"width":1200,"height":800,"url":"https:\/\/www.athome.lu\/blog\/wp-content\/uploads\/2018\/06\/Jardin-vertical-1200-iStock-178611255.jpg","type":"image\/jpeg"}],"author":"Fanny Pimentel","twitter_card":"summary_large_image","twitter_creator":"@athomelu","twitter_site":"@athomelu","twitter_misc":{"Verfasst von":"Fanny Pimentel","Gesch\u00e4tzte Lesezeit":"3\u00a0Minuten"},"schema":{"@context":"https:\/\/schema.org","@graph":[{"@type":"Article","@id":"https:\/\/www.athome.lu\/blog\/mon-logement\/meuble-decoration\/comment-creer-un-jardin-vertical\/#article","isPartOf":{"@id":"https:\/\/www.athome.lu\/blog\/mon-logement\/meuble-decoration\/comment-creer-un-jardin-vertical\/"},"author":{"name":"Fanny Pimentel","@id":"https:\/\/www.athome.lu\/blog\/#\/schema\/person\/47f7a38089f837e792876ceddc4cb2dc"},"headline":"Comment cr\u00e9er un jardin vertical ?","datePublished":"2018-06-26T12:07:15+00:00","dateModified":"2022-05-11T15:10:07+00:00","mainEntityOfPage":{"@id":"https:\/\/www.athome.lu\/blog\/mon-logement\/meuble-decoration\/comment-creer-un-jardin-vertical\/"},"wordCount":467,"image":{"@id":"https:\/\/www.athome.lu\/blog\/mon-logement\/meuble-decoration\/comment-creer-un-jardin-vertical\/#primaryimage"},"thumbnailUrl":"https:\/\/www.athome.lu\/blog\/wp-content\/uploads\/2018\/06\/Jardin-vertical-1200-iStock-178611255.jpg","keywords":["Jardin &amp; terrasse"],"articleSection":["Meubler et D\u00e9corer"],"inLanguage":"de"},{"@type":"WebPage","@id":"https:\/\/www.athome.lu\/blog\/mon-logement\/meuble-decoration\/comment-creer-un-jardin-vertical\/","url":"https:\/\/www.athome.lu\/blog\/mon-logement\/meuble-decoration\/comment-creer-un-jardin-vertical\/","name":"Wie kann man ganz einfach einen vertikalen Garten anlegen? | atHome","isPartOf":{"@id":"https:\/\/www.athome.lu\/blog\/#website"},"primaryImageOfPage":{"@id":"https:\/\/www.athome.lu\/blog\/mon-logement\/meuble-decoration\/comment-creer-un-jardin-vertical\/#primaryimage"},"image":{"@id":"https:\/\/www.athome.lu\/blog\/mon-logement\/meuble-decoration\/comment-creer-un-jardin-vertical\/#primaryimage"},"thumbnailUrl":"https:\/\/www.athome.lu\/blog\/wp-content\/uploads\/2018\/06\/Jardin-vertical-1200-iStock-178611255.jpg","datePublished":"2018-06-26T12:07:15+00:00","dateModified":"2022-05-11T15:10:07+00:00","author":{"@id":"https:\/\/www.athome.lu\/blog\/#\/schema\/person\/47f7a38089f837e792876ceddc4cb2dc"},"description":"Nach dem Erfolg der Pflanzen, die man senkrecht an die Wand h\u00e4ngen kann, wird der vertikale Garten zu einem Muss in unseren G\u00e4rten.","breadcrumb":{"@id":"https:\/\/www.athome.lu\/blog\/mon-logement\/meuble-decoration\/comment-creer-un-jardin-vertical\/#breadcrumb"},"inLanguage":"de","potentialAction":[{"@type":"ReadAction","target":["https:\/\/www.athome.lu\/blog\/mon-logement\/meuble-decoration\/comment-creer-un-jardin-vertical\/"]}]},{"@type":"ImageObject","inLanguage":"de","@id":"https:\/\/www.athome.lu\/blog\/mon-logement\/meuble-decoration\/comment-creer-un-jardin-vertical\/#primaryimage","url":"https:\/\/www.athome.lu\/blog\/wp-content\/uploads\/2018\/06\/Jardin-vertical-1200-iStock-178611255.jpg","contentUrl":"https:\/\/www.athome.lu\/blog\/wp-content\/uploads\/2018\/06\/Jardin-vertical-1200-iStock-178611255.jpg","width":1200,"height":800,"caption":"Cr\u00e9er un jardin vertical"},{"@type":"BreadcrumbList","@id":"https:\/\/www.athome.lu\/blog\/mon-logement\/meuble-decoration\/comment-creer-un-jardin-vertical\/#breadcrumb","itemListElement":[{"@type":"ListItem","position":1,"name":"Accueil","item":"https:\/\/www.athome.lu\/blog\/"},{"@type":"ListItem","position":2,"name":"Mon logement","item":"https:\/\/www.athome.lu\/blog\/de\/category\/mein-haus\/"},{"@type":"ListItem","position":3,"name":"Meubler et D\u00e9corer","item":"https:\/\/www.athome.lu\/blog\/de\/category\/mein-haus\/deko-mobel\/"},{"@type":"ListItem","position":4,"name":"Comment cr\u00e9er un jardin vertical ?"}]},{"@type":"WebSite","@id":"https:\/\/www.athome.lu\/blog\/#website","url":"https:\/\/www.athome.lu\/blog\/","name":"atHome Blog","description":"Immobilienanzeigen in Luxemburg. Das Immobilienportal Nr. 1 in Luxemburg.","potentialAction":[{"@type":"SearchAction","target":{"@type":"EntryPoint","urlTemplate":"https:\/\/www.athome.lu\/blog\/?s={search_term_string}"},"query-input":{"@type":"PropertyValueSpecification","valueRequired":true,"valueName":"search_term_string"}}],"inLanguage":"de"},{"@type":"Person","@id":"https:\/\/www.athome.lu\/blog\/#\/schema\/person\/47f7a38089f837e792876ceddc4cb2dc","name":"Fanny Pimentel","image":{"@type":"ImageObject","inLanguage":"de","@id":"https:\/\/secure.gravatar.com\/avatar\/c60b27b93851dc9503f9cc9150e73dcb0a86ba6150657e5e4b11d988400bc633?s=96&d=mm&r=g","url":"https:\/\/secure.gravatar.com\/avatar\/c60b27b93851dc9503f9cc9150e73dcb0a86ba6150657e5e4b11d988400bc633?s=96&d=mm&r=g","contentUrl":"https:\/\/secure.gravatar.com\/avatar\/c60b27b93851dc9503f9cc9150e73dcb0a86ba6150657e5e4b11d988400bc633?s=96&d=mm&r=g","caption":"Fanny Pimentel"}}]}},"featured_media_src_url":"https:\/\/www.athome.lu\/blog\/wp-content\/uploads\/2018\/06\/Jardin-vertical-1200-iStock-178611255-1024x683.jpg","_links":{"self":[{"href":"https:\/\/www.athome.lu\/blog\/de\/wp-json\/wp\/v2\/posts\/11379","targetHints":{"allow":["GET"]}}],"collection":[{"href":"https:\/\/www.athome.lu\/blog\/de\/wp-json\/wp\/v2\/posts"}],"about":[{"href":"https:\/\/www.athome.lu\/blog\/de\/wp-json\/wp\/v2\/types\/post"}],"author":[{"embeddable":true,"href":"https:\/\/www.athome.lu\/blog\/de\/wp-json\/wp\/v2\/users\/17"}],"replies":[{"embeddable":true,"href":"https:\/\/www.athome.lu\/blog\/de\/wp-json\/wp\/v2\/comments?post=11379"}],"version-history":[{"count":2,"href":"https:\/\/www.athome.lu\/blog\/de\/wp-json\/wp\/v2\/posts\/11379\/revisions"}],"predecessor-version":[{"id":15126,"href":"https:\/\/www.athome.lu\/blog\/de\/wp-json\/wp\/v2\/posts\/11379\/revisions\/15126"}],"wp:featuredmedia":[{"embeddable":true,"href":"https:\/\/www.athome.lu\/blog\/de\/wp-json\/wp\/v2\/media\/11382"}],"wp:attachment":[{"href":"https:\/\/www.athome.lu\/blog\/de\/wp-json\/wp\/v2\/media?parent=11379"}],"wp:term":[{"taxonomy":"category","embeddable":true,"href":"https:\/\/www.athome.lu\/blog\/de\/wp-json\/wp\/v2\/categories?post=11379"},{"taxonomy":"post_tag","embeddable":true,"href":"https:\/\/www.athome.lu\/blog\/de\/wp-json\/wp\/v2\/tags?post=11379"}],"curies":[{"name":"wp","href":"https:\/\/api.w.org\/{rel}","templated":true}]}}