{"id":11413,"date":"2018-07-05T09:01:19","date_gmt":"2018-07-05T08:01:19","guid":{"rendered":"https:\/\/www.athome.lu\/blog\/?p=11413"},"modified":"2022-05-11T17:08:29","modified_gmt":"2022-05-11T15:08:29","slug":"habscht-eine-kommune-in-der-zukunft","status":"publish","type":"post","link":"https:\/\/www.athome.lu\/blog\/de\/marche-immobilier\/villes\/habscht-une-commune-en-devenir\/","title":{"rendered":"Habscht, eine Gemeinde im Aufbruch"},"content":{"rendered":"<p><span style=\"color: #000000;\">Die Gemeinde Habscht entstand erst k\u00fcrzlich durch die Fusion der ehemaligen Teilgemeinden Hobscheid und Septfontaines. Sie achtet darauf, ihren malerischen Charakter zu bewahren und gleichzeitig ihren B\u00fcrgern hochwertige Dienstleistungen zu garantieren.<\/span><\/p>\n\n\n\n<p><span style=\"color: #000000;\">Die ehemaligen Gemeinden Hobscheid und Septfontaines, die im Westen des Landes im Kanton Capellen liegen, haben sich entschieden, zum 1. Januar 2009 zu fusionieren.<sup>er<\/sup> Januar 2018 und bilden damit die neue Einheit Habscht. Die Gemeinde Habscht setzt sich aus f\u00fcnf Ortschaften - Eischen, Greisch, Hobscheid, Roodt, Septfontaines - und vier Orten - Gaichel, Kreuzerbuch, Simmerfarm, Simmerschmelz - zusammen und erstreckt sich heute \u00fcber 32,45 km\u00b2.<\/span><\/p>\n\n\n\n<p><span style=\"color: #000000;\">\"<em>&nbsp;Diese seit einigen Jahren geplante Zusammenlegung soll uns erm\u00f6glichen, uns rationeller zu organisieren und von sch\u00f6nen Synergien zu profitieren, die allen unseren B\u00fcrgern zugute kommen.&nbsp;<\/em>\", gesteht Serge Hoffmann, der B\u00fcrgermeister von Habscht. Die Fusion, die eine spezifische Subventionierung von acht Millionen Euro f\u00fcr die Gemeinde mit sich bringt, wird es ihr in der Tat erm\u00f6glichen, neue Projekte auf ihrem gesamten Gebiet zu entwickeln.<\/span><\/p>\n\n\n\n<h2 class=\"wp-block-heading\"><span style=\"color: #000000;\"><strong>Projekte f\u00fcr Jung und Alt<\/strong><\/span><\/h2>\n\n\n\n<p><span style=\"color: #000000;\">\"&nbsp;<em>Der erste betrifft die Erweiterung des Schulgeb\u00e4udes in Septfontaines und die Integration eines Maison-relais, um die Kinder aller Grundschulzyklen bestm\u00f6glich zu betreuen. <\/em>\", erkl\u00e4rt der B\u00fcrgermeister. Die Bauarbeiten, die vor einigen Monaten begonnen haben, sehen den Bau zus\u00e4tzlicher Klassenzimmer und R\u00e4ume f\u00fcr die au\u00dferschulische Betreuung sowie die Neugestaltung des Schulhofs vor.<\/span><\/p>\n\n\n\n<div class=\"wp-block-image\"><figure class=\"aligncenter\"><a href=\"https:\/\/www.athome.lu\/blog\/blog\/wp-content\/uploads\/2018\/07\/habscht2.jpg\"><img loading=\"lazy\" decoding=\"async\" width=\"1024\" height=\"683\" src=\"https:\/\/www.athome.lu\/blog\/blog\/wp-content\/uploads\/2018\/07\/habscht2-1024x683.jpg\" alt=\"Park in der Gemeinde Habscht\" class=\"wp-image-11416\" srcset=\"https:\/\/www.athome.lu\/blog\/wp-content\/uploads\/2018\/07\/habscht2-1024x683.jpg 1024w, https:\/\/www.athome.lu\/blog\/wp-content\/uploads\/2018\/07\/habscht2-300x200.jpg 300w, https:\/\/www.athome.lu\/blog\/wp-content\/uploads\/2018\/07\/habscht2-768x512.jpg 768w, https:\/\/www.athome.lu\/blog\/wp-content\/uploads\/2018\/07\/habscht2-18x12.jpg 18w, https:\/\/www.athome.lu\/blog\/wp-content\/uploads\/2018\/07\/habscht2.jpg 1200w\" sizes=\"auto, (max-width: 1024px) 100vw, 1024px\" \/><\/a><\/figure><\/div>\n\n\n\n<p><span style=\"color: #000000;\">Mit mehr als 470 Kindern unter 10 Jahren, die in der Gemeinde leben, legt Habscht besonderen Wert auf seine Bildungseinrichtungen. So verf\u00fcgt die Gemeinde \u00fcber drei optimal ausgestattete Schulgeb\u00e4ude. Sie befinden sich in Eischen, Hobscheid und Septfontaines. Zwei Maison-relais befinden sich ebenfalls in Hobscheid und Eischen. Zwei Kinderkrippen, die in Hobscheid und Tuntange (au\u00dferhalb des Gemeindegebiets) angesiedelt sind, vervollst\u00e4ndigen das Angebot in diesem Bereich. &nbsp;<\/span><\/p>\n\n\n\n<p><span style=\"color: #000000;\">Auch Jugendliche, junge Erwachsene und Senioren werden nicht vergessen. Das \"Maison des Jeunes\", das im Oktober letzten Jahres in Eischen er\u00f6ffnet wurde, bietet Jugendlichen im Alter von 12 bis 26 Jahren Platz und t\u00e4gliche Aktivit\u00e4ten. Das \"Haus der Generationen\", das im Dezember 2016 in der alten Schule in Hobscheid eingeweiht wurde, stellt seinerseits einen echten Treffpunkt f\u00fcr Menschen \u00fcber 60 Jahre dar.<\/span><\/p>\n\n\n\n<p><span style=\"color: #000000;\">Parallel zu diesen Infrastrukturen m\u00f6chte die Gemeinde Habscht in Eischen ein integriertes Zentrum f\u00fcr \u00e4ltere Menschen (CIPA) einrichten. \"&nbsp;<em>Wir m\u00f6chten Folgendes erstellen <\/em><em>diese angepasste Wohnstruktur, um die \u00e4lteren Menschen in unserer Gemeinde - die \u00fcber 70-J\u00e4hrigen machen hier mehr als 10 % der Bev\u00f6lkerung aus - bestm\u00f6glich zu betreuen und auf den Bettenmangel in der Region zu reagieren, <\/em>betont Serge Hoffmann. <em>Dieses Projekt befindet sich derzeit in der Planungsphase mit dem Familienministerium.&nbsp;<\/em>\"<\/span><\/p>\n\n\n\n<h2 class=\"wp-block-heading\"><span style=\"color: #000000;\"><strong>Eine durchdachte Immobilienentwicklung<\/strong><\/span><\/h2>\n\n\n\n<p><span style=\"color: #000000;\">Die Gemeinde Habscht, die heute rund 4430 Einwohner hat, von denen 3500 in Eischen und Hobscheid wohnen, verzeichnete in den letzten Jahren ein Bev\u00f6lkerungswachstum, das dem des gesamten Landes entsprach. \"&nbsp;<em>Es handelt sich um eine nat\u00fcrliche Entwicklung, die nicht speziell angestrebt wurde. Wir haben zu diesem Zweck keine gro\u00dfen Siedlungsprojekte oder Neueinteilungen von Grundst\u00fccken in die Wege geleitet <\/em>\", pr\u00e4zisiert der B\u00fcrgermeister.&nbsp;<\/span><\/p>\n\n\n\n<div class=\"wp-block-image\"><figure class=\"aligncenter\"><a href=\"https:\/\/www.athome.lu\/blog\/blog\/wp-content\/uploads\/2018\/07\/habscht3.jpg\"><img loading=\"lazy\" decoding=\"async\" width=\"1024\" height=\"683\" src=\"https:\/\/www.athome.lu\/blog\/blog\/wp-content\/uploads\/2018\/07\/habscht3-1024x683.jpg\" alt=\"Immobilien in Habscht\" class=\"wp-image-11417\" srcset=\"https:\/\/www.athome.lu\/blog\/wp-content\/uploads\/2018\/07\/habscht3-1024x683.jpg 1024w, https:\/\/www.athome.lu\/blog\/wp-content\/uploads\/2018\/07\/habscht3-300x200.jpg 300w, https:\/\/www.athome.lu\/blog\/wp-content\/uploads\/2018\/07\/habscht3-768x512.jpg 768w, https:\/\/www.athome.lu\/blog\/wp-content\/uploads\/2018\/07\/habscht3-18x12.jpg 18w, https:\/\/www.athome.lu\/blog\/wp-content\/uploads\/2018\/07\/habscht3.jpg 1200w\" sizes=\"auto, (max-width: 1024px) 100vw, 1024px\" \/><\/a><\/figure><\/div>\n\n\n\n<p><span style=\"color: #000000;\">Es gibt also auch heute noch gen\u00fcgend Grundst\u00fccke innerhalb des bestehenden Siedlungsgebiets, insbesondere auf dem Gebiet der ehemaligen Entit\u00e4t Septfontaines. Habscht hat jedoch nicht vor, seine Bev\u00f6lkerung in den n\u00e4chsten Jahren massiv zu vergr\u00f6\u00dfern. Die politischen Entscheidungstr\u00e4ger in der Gemeinde wollen vor allem jungen Menschen helfen, ein Eigenheim in ihren D\u00f6rfern zu erwerben. <em>In diesem Zusammenhang soll in Zusammenarbeit mit dem Wohnungsbauministerium eine Siedlung geschaffen werden, die den Kriterien des sozialen Wohnungsbaus entspricht. Die <\/em><em>H\u00e4user und Wohnungen sollen vorrangig an junge Menschen aus der Gemeinde verkauft oder vermietet werden,<\/em> versichert Serge Hoffmann.&nbsp;<em>Wir werden also weiter wachsen, aber auf vern\u00fcnftige Weise und immer mit Respekt f\u00fcr unsere Umwelt und unser historisches architektonisches Erbe.&nbsp;<\/em>\"<\/span><\/p>\n\n\n\n<p><span style=\"color: #000000;\">Habscht liegt im Herzen des Eischtals, das auch als \"Tal der sieben Schl\u00f6sser\" bekannt ist, und bietet seinen Bewohnern einen privilegierten Lebensraum. Zusammen mit dem Mamertal bildet es das gr\u00f6\u00dfte Naturschutzgebiet des Landes. \"&nbsp;<em>Wir haben das Gl\u00fcck, in einer idyllischen Umgebung zu leben, die wir pflegen m\u00fcssen. Dazu geh\u00f6rt auch eine durchdachte Immobilienentwicklung, die den malerischen Charakter unserer Geb\u00e4ude bewahrt und sie gleichzeitig mit unseren modernen Bed\u00fcrfnissen in Einklang bringt.&nbsp;<\/em>\", gibt der B\u00fcrgermeister an.&nbsp;<\/span><\/p>\n\n\n<section id=\"section-3-14695\" class=\"ct-section\" ><div class=\"ct-section-inner-wrap\"><div id=\"div_block-4-14695\" class=\"ct-div-block\" ><div id=\"new_columns-7-14695\" class=\"ct-new-columns\" ><div id=\"div_block-8-14695\" class=\"ct-div-block\" ><div id=\"div_block-14-14695\" class=\"ct-div-block\" ><\/div><\/div><div id=\"div_block-9-14695\" class=\"ct-div-block\" ><h1 id=\"headline-11-14695\" class=\"ct-headline\">Wie hoch sind die Immobilienpreise derzeit?<\/h1><div id=\"text_block-12-14695\" class=\"ct-text-block\" >Die Preise verlangsamen sich. Die Zinss\u00e4tze steigen. Welche Trends sind in den kommenden Monaten zu erwarten?<\/div><a id=\"link_button-13-14695\" class=\"ct-link-button\" href=\"https:\/\/www.athome.lu\/blog\/blog\/marche-immobilier\/prix\/tendances-2022\/\" target=\"_blank\"  >Analyse lesen<\/a><\/div><\/div><\/div><\/div><\/section>\n\n\n<h2 class=\"wp-block-heading\"><span style=\"color: #000000;\"><strong>Sport, Musik, Kultur und Arbeit<\/strong><\/span><\/h2>\n\n\n\n<p><span style=\"color: #000000;\">Obwohl die Gemeinde Habscht in einem gr\u00fcnen Tal liegt, verf\u00fcgt sie \u00fcber alle notwendigen Einrichtungen. Jeden Tag werden in der Sporthalle von Eischen zahlreiche Aktivit\u00e4ten veranstaltet. Musik-, Instrumental- und Gesangsunterricht werden in Eischen und\/oder Hobscheid angeboten, w\u00e4hrend im Kulturzentrum \"Jean Wolff\" regelm\u00e4\u00dfig kulturelle Aktivit\u00e4ten stattfinden. So k\u00f6nnen alle W\u00fcnsche der B\u00fcrger erf\u00fcllt werden.<\/span><\/p>\n\n\n\n<p><span style=\"color: #000000;\">Die Gemeinde Habscht verf\u00fcgt zwar nicht \u00fcber ein eigentliches Gewerbegebiet, beherbergt jedoch zahlreiche gastronomische Einrichtungen und mehrere Arztpraxen. Gemeinsam mit f\u00fcnf anderen Gemeinden der Region - Koerich, Kehlen, Steinfort, Garnich und Mamer - ist sie Mitglied der ZARO (Zone d'Activit\u00e9s de la R\u00e9gion Ouest). In diesem Zusammenhang beteiligte sich Habscht an der Finanzierung des neuen regionalen Gewerbegebiets in Grass, das nur etwa zehn Kilometer entfernt liegt. Dieser befindet sich derzeit in der Endausbaustufe und soll in den n\u00e4chsten Wochen rund 1500 Besch\u00e4ftigte aufnehmen.<\/span><\/p>\n\n\n\n<h2 class=\"wp-block-heading\"><span style=\"color: #000000;\"><strong>Die Mobilit\u00e4t verbessern<\/strong><\/span><\/h2>\n\n\n\n<p><span style=\"color: #000000;\">Die Gemeinde Habscht profitiert au\u00dferdem von einer idealen Lage in der N\u00e4he von Mersch und Luxemburg-Stadt, zwei wirtschaftlichen Lungen des Gro\u00dfherzogtums. \"&nbsp;<em>Wir profitieren von ausgezeichneten, schnellen und regelm\u00e4\u00dfigen Busverbindungen zu beiden St\u00e4dten.<\/em>Der B\u00fcrgermeister kommentierte: \"Ich bin sehr froh, dass wir das tun. <em>Und um den Bed\u00fcrfnissen unserer Einwohner noch besser gerecht zu werden, wollen wir die Verbindungen zwischen den verschiedenen D\u00f6rfern der ehemals fusionierten Gemeinden sowie zum Bahnhof Kleinbettingen ausbauen.<\/em>&nbsp;\"<\/span><\/p>\n\n\n\n<div class=\"wp-block-image\"><figure class=\"aligncenter\"><a href=\"https:\/\/www.athome.lu\/blog\/blog\/wp-content\/uploads\/2018\/07\/habscht4.jpg\"><img loading=\"lazy\" decoding=\"async\" width=\"1024\" height=\"683\" src=\"https:\/\/www.athome.lu\/blog\/blog\/wp-content\/uploads\/2018\/07\/habscht4-1024x683.jpg\" alt=\"Blick von Habscht\" class=\"wp-image-11418\" srcset=\"https:\/\/www.athome.lu\/blog\/wp-content\/uploads\/2018\/07\/habscht4-1024x683.jpg 1024w, https:\/\/www.athome.lu\/blog\/wp-content\/uploads\/2018\/07\/habscht4-300x200.jpg 300w, https:\/\/www.athome.lu\/blog\/wp-content\/uploads\/2018\/07\/habscht4-768x512.jpg 768w, https:\/\/www.athome.lu\/blog\/wp-content\/uploads\/2018\/07\/habscht4-18x12.jpg 18w, https:\/\/www.athome.lu\/blog\/wp-content\/uploads\/2018\/07\/habscht4.jpg 1200w\" sizes=\"auto, (max-width: 1024px) 100vw, 1024px\" \/><\/a><\/figure><\/div>\n\n\n\n<p><span style=\"color: #000000;\">Denn wie viele luxemburgische Gemeinden hat auch Habscht mit Mobilit\u00e4tsproblemen zu k\u00e4mpfen. Die Gemeinde liegt in unmittelbarer N\u00e4he zu Belgien. T\u00e4glich durchqueren zahlreiche Grenzg\u00e4nger die kleinen Stra\u00dfen der Gemeinde, um die verstopfte Autobahn in die Hauptstadt zu vermeiden. Eine Situation, die nicht ohne Folgen f\u00fcr die Anwohner bleibt. \"\u00a0<em>Jeden Tag fahren 8000 Autos durch Hobscheid. Aus diesem Grund haben wir eine komplette Neugestaltung dieser Achse eingef\u00fchrt, um die Fahrer dazu zu bringen, ihre Geschwindigkeit zu begrenzen<\/em>\u00a0\", sagt der B\u00fcrgermeister. Man sieht also, dass in der Gemeinde Habscht alles getan wird, um den B\u00fcrgern bestm\u00f6glich zu dienen und ihnen ein ideales Lebensumfeld zu garantieren.<\/span><\/p>","protected":false},"excerpt":{"rendered":"<p>N\u00e9e tout r\u00e9cemment de la fusion des anciennes entit\u00e9s d\u2019Hobscheid et Septfontaines, la commune d\u2019Habscht veille \u00e0 conserver son caract\u00e8re pittoresque tout en garantissant des services de qualit\u00e9 \u00e0 ses citoyens. Implant\u00e9es \u00e0 l\u2019ouest du pays, au sein du canton de Capellen, les anciennes communes d\u2019Hobscheid et de Septfontaines ont choisi de fusionner au 1er [&hellip;]<\/p>\n","protected":false},"author":17,"featured_media":11415,"comment_status":"closed","ping_status":"open","sticky":false,"template":"","format":"standard","meta":{"_acf_changed":false,"footnotes":""},"categories":[218],"tags":[],"class_list":["post-11413","post","type-post","status-publish","format-standard","has-post-thumbnail","hentry","category-villes"],"acf":[],"yoast_head":"<!-- This site is optimized with the Yoast SEO plugin v27.4 - https:\/\/yoast.com\/product\/yoast-seo-wordpress\/ -->\n<title>\u25b7Zoom sur Habscht, une commune en devenir | atHome<\/title>\n<meta name=\"description\" content=\"N\u00e9e de la fusion des anciennes entit\u00e9s d\u2019Hobscheid et Septfontaines, la commune d\u2019Habscht veille \u00e0 conserver son caract\u00e8re pittoresque.\" \/>\n<meta name=\"robots\" content=\"index, follow, max-snippet:-1, max-image-preview:large, max-video-preview:-1\" \/>\n<link rel=\"canonical\" href=\"https:\/\/www.athome.lu\/blog\/de\/immobilien-markt\/stadte\/habscht-eine-kommune-in-der-zukunft\/\" \/>\n<meta property=\"og:locale\" content=\"de_DE\" \/>\n<meta property=\"og:type\" content=\"article\" \/>\n<meta property=\"og:title\" content=\"\u25b7Zoom sur Habscht, une commune en devenir | atHome\" \/>\n<meta property=\"og:description\" content=\"N\u00e9e de la fusion des anciennes entit\u00e9s d\u2019Hobscheid et Septfontaines, la commune d\u2019Habscht veille \u00e0 conserver son caract\u00e8re pittoresque.\" \/>\n<meta property=\"og:url\" content=\"https:\/\/www.athome.lu\/blog\/de\/immobilien-markt\/stadte\/habscht-eine-kommune-in-der-zukunft\/\" \/>\n<meta property=\"og:site_name\" content=\"atHome Blog\" \/>\n<meta property=\"article:publisher\" content=\"https:\/\/www.facebook.com\/atHome.lu\/\" \/>\n<meta property=\"article:published_time\" content=\"2018-07-05T08:01:19+00:00\" \/>\n<meta property=\"article:modified_time\" content=\"2022-05-11T15:08:29+00:00\" \/>\n<meta property=\"og:image\" content=\"https:\/\/www.athome.lu\/blog\/wp-content\/uploads\/2018\/07\/habscht1.jpg\" \/>\n\t<meta property=\"og:image:width\" content=\"1200\" \/>\n\t<meta property=\"og:image:height\" content=\"800\" \/>\n\t<meta property=\"og:image:type\" content=\"image\/jpeg\" \/>\n<meta name=\"author\" content=\"Fanny Pimentel\" \/>\n<meta name=\"twitter:card\" content=\"summary_large_image\" \/>\n<meta name=\"twitter:creator\" content=\"@athomelu\" \/>\n<meta name=\"twitter:site\" content=\"@athomelu\" \/>\n<meta name=\"twitter:label1\" content=\"Verfasst von\" \/>\n\t<meta name=\"twitter:data1\" content=\"Fanny Pimentel\" \/>\n\t<meta name=\"twitter:label2\" content=\"Gesch\u00e4tzte Lesezeit\" \/>\n\t<meta name=\"twitter:data2\" content=\"7\u00a0Minuten\" \/>\n<script type=\"application\/ld+json\" class=\"yoast-schema-graph\">{\"@context\":\"https:\\\/\\\/schema.org\",\"@graph\":[{\"@type\":\"Article\",\"@id\":\"https:\\\/\\\/www.athome.lu\\\/blog\\\/marche-immobilier\\\/villes\\\/habscht-une-commune-en-devenir\\\/#article\",\"isPartOf\":{\"@id\":\"https:\\\/\\\/www.athome.lu\\\/blog\\\/marche-immobilier\\\/villes\\\/habscht-une-commune-en-devenir\\\/\"},\"author\":{\"name\":\"Fanny Pimentel\",\"@id\":\"https:\\\/\\\/www.athome.lu\\\/blog\\\/#\\\/schema\\\/person\\\/47f7a38089f837e792876ceddc4cb2dc\"},\"headline\":\"Habscht, une commune en devenir\",\"datePublished\":\"2018-07-05T08:01:19+00:00\",\"dateModified\":\"2022-05-11T15:08:29+00:00\",\"mainEntityOfPage\":{\"@id\":\"https:\\\/\\\/www.athome.lu\\\/blog\\\/marche-immobilier\\\/villes\\\/habscht-une-commune-en-devenir\\\/\"},\"wordCount\":1234,\"image\":{\"@id\":\"https:\\\/\\\/www.athome.lu\\\/blog\\\/marche-immobilier\\\/villes\\\/habscht-une-commune-en-devenir\\\/#primaryimage\"},\"thumbnailUrl\":\"https:\\\/\\\/www.athome.lu\\\/blog\\\/wp-content\\\/uploads\\\/2018\\\/07\\\/habscht1.jpg\",\"articleSection\":[\"Villes\"],\"inLanguage\":\"de\"},{\"@type\":\"WebPage\",\"@id\":\"https:\\\/\\\/www.athome.lu\\\/blog\\\/marche-immobilier\\\/villes\\\/habscht-une-commune-en-devenir\\\/\",\"url\":\"https:\\\/\\\/www.athome.lu\\\/blog\\\/marche-immobilier\\\/villes\\\/habscht-une-commune-en-devenir\\\/\",\"name\":\"\u25b7Zoom sur Habscht, une commune en devenir | atHome\",\"isPartOf\":{\"@id\":\"https:\\\/\\\/www.athome.lu\\\/blog\\\/#website\"},\"primaryImageOfPage\":{\"@id\":\"https:\\\/\\\/www.athome.lu\\\/blog\\\/marche-immobilier\\\/villes\\\/habscht-une-commune-en-devenir\\\/#primaryimage\"},\"image\":{\"@id\":\"https:\\\/\\\/www.athome.lu\\\/blog\\\/marche-immobilier\\\/villes\\\/habscht-une-commune-en-devenir\\\/#primaryimage\"},\"thumbnailUrl\":\"https:\\\/\\\/www.athome.lu\\\/blog\\\/wp-content\\\/uploads\\\/2018\\\/07\\\/habscht1.jpg\",\"datePublished\":\"2018-07-05T08:01:19+00:00\",\"dateModified\":\"2022-05-11T15:08:29+00:00\",\"author\":{\"@id\":\"https:\\\/\\\/www.athome.lu\\\/blog\\\/#\\\/schema\\\/person\\\/47f7a38089f837e792876ceddc4cb2dc\"},\"description\":\"N\u00e9e de la fusion des anciennes entit\u00e9s d\u2019Hobscheid et Septfontaines, la commune d\u2019Habscht veille \u00e0 conserver son caract\u00e8re pittoresque.\",\"breadcrumb\":{\"@id\":\"https:\\\/\\\/www.athome.lu\\\/blog\\\/marche-immobilier\\\/villes\\\/habscht-une-commune-en-devenir\\\/#breadcrumb\"},\"inLanguage\":\"de\",\"potentialAction\":[{\"@type\":\"ReadAction\",\"target\":[\"https:\\\/\\\/www.athome.lu\\\/blog\\\/marche-immobilier\\\/villes\\\/habscht-une-commune-en-devenir\\\/\"]}]},{\"@type\":\"ImageObject\",\"inLanguage\":\"de\",\"@id\":\"https:\\\/\\\/www.athome.lu\\\/blog\\\/marche-immobilier\\\/villes\\\/habscht-une-commune-en-devenir\\\/#primaryimage\",\"url\":\"https:\\\/\\\/www.athome.lu\\\/blog\\\/wp-content\\\/uploads\\\/2018\\\/07\\\/habscht1.jpg\",\"contentUrl\":\"https:\\\/\\\/www.athome.lu\\\/blog\\\/wp-content\\\/uploads\\\/2018\\\/07\\\/habscht1.jpg\",\"width\":1200,\"height\":800,\"caption\":\"Commune de Habscht\"},{\"@type\":\"BreadcrumbList\",\"@id\":\"https:\\\/\\\/www.athome.lu\\\/blog\\\/marche-immobilier\\\/villes\\\/habscht-une-commune-en-devenir\\\/#breadcrumb\",\"itemListElement\":[{\"@type\":\"ListItem\",\"position\":1,\"name\":\"Accueil\",\"item\":\"https:\\\/\\\/www.athome.lu\\\/blog\\\/\"},{\"@type\":\"ListItem\",\"position\":2,\"name\":\"March\u00e9 immobilier\",\"item\":\"https:\\\/\\\/www.athome.lu\\\/blog\\\/category\\\/marche-immobilier\\\/\"},{\"@type\":\"ListItem\",\"position\":3,\"name\":\"Villes\",\"item\":\"https:\\\/\\\/www.athome.lu\\\/blog\\\/category\\\/marche-immobilier\\\/villes\\\/\"},{\"@type\":\"ListItem\",\"position\":4,\"name\":\"Habscht, une commune en devenir\"}]},{\"@type\":\"WebSite\",\"@id\":\"https:\\\/\\\/www.athome.lu\\\/blog\\\/#website\",\"url\":\"https:\\\/\\\/www.athome.lu\\\/blog\\\/\",\"name\":\"atHome Blog\",\"description\":\"Annonces immobili\u00e8res au Luxembourg. Le portail immobilier n\u00b01 au Luxembourg.\",\"potentialAction\":[{\"@type\":\"SearchAction\",\"target\":{\"@type\":\"EntryPoint\",\"urlTemplate\":\"https:\\\/\\\/www.athome.lu\\\/blog\\\/?s={search_term_string}\"},\"query-input\":{\"@type\":\"PropertyValueSpecification\",\"valueRequired\":true,\"valueName\":\"search_term_string\"}}],\"inLanguage\":\"de\"},{\"@type\":\"Person\",\"@id\":\"https:\\\/\\\/www.athome.lu\\\/blog\\\/#\\\/schema\\\/person\\\/47f7a38089f837e792876ceddc4cb2dc\",\"name\":\"Fanny Pimentel\",\"image\":{\"@type\":\"ImageObject\",\"inLanguage\":\"de\",\"@id\":\"https:\\\/\\\/secure.gravatar.com\\\/avatar\\\/c60b27b93851dc9503f9cc9150e73dcb0a86ba6150657e5e4b11d988400bc633?s=96&d=mm&r=g\",\"url\":\"https:\\\/\\\/secure.gravatar.com\\\/avatar\\\/c60b27b93851dc9503f9cc9150e73dcb0a86ba6150657e5e4b11d988400bc633?s=96&d=mm&r=g\",\"contentUrl\":\"https:\\\/\\\/secure.gravatar.com\\\/avatar\\\/c60b27b93851dc9503f9cc9150e73dcb0a86ba6150657e5e4b11d988400bc633?s=96&d=mm&r=g\",\"caption\":\"Fanny Pimentel\"}}]}<\/script>\n<!-- \/ Yoast SEO plugin. -->","yoast_head_json":{"title":"\u25b7Zoom auf Habscht, eine Gemeinde im Aufbruch | atHome","description":"Die Gemeinde Habscht entstand aus der Fusion der ehemaligen Teilgemeinden Hobscheid und Septfontaines und achtet darauf, ihren malerischen Charakter zu bewahren.","robots":{"index":"index","follow":"follow","max-snippet":"max-snippet:-1","max-image-preview":"max-image-preview:large","max-video-preview":"max-video-preview:-1"},"canonical":"https:\/\/www.athome.lu\/blog\/de\/immobilien-markt\/stadte\/habscht-eine-kommune-in-der-zukunft\/","og_locale":"de_DE","og_type":"article","og_title":"\u25b7Zoom sur Habscht, une commune en devenir | atHome","og_description":"N\u00e9e de la fusion des anciennes entit\u00e9s d\u2019Hobscheid et Septfontaines, la commune d\u2019Habscht veille \u00e0 conserver son caract\u00e8re pittoresque.","og_url":"https:\/\/www.athome.lu\/blog\/de\/immobilien-markt\/stadte\/habscht-eine-kommune-in-der-zukunft\/","og_site_name":"atHome Blog","article_publisher":"https:\/\/www.facebook.com\/atHome.lu\/","article_published_time":"2018-07-05T08:01:19+00:00","article_modified_time":"2022-05-11T15:08:29+00:00","og_image":[{"width":1200,"height":800,"url":"https:\/\/www.athome.lu\/blog\/wp-content\/uploads\/2018\/07\/habscht1.jpg","type":"image\/jpeg"}],"author":"Fanny Pimentel","twitter_card":"summary_large_image","twitter_creator":"@athomelu","twitter_site":"@athomelu","twitter_misc":{"Verfasst von":"Fanny Pimentel","Gesch\u00e4tzte Lesezeit":"7\u00a0Minuten"},"schema":{"@context":"https:\/\/schema.org","@graph":[{"@type":"Article","@id":"https:\/\/www.athome.lu\/blog\/marche-immobilier\/villes\/habscht-une-commune-en-devenir\/#article","isPartOf":{"@id":"https:\/\/www.athome.lu\/blog\/marche-immobilier\/villes\/habscht-une-commune-en-devenir\/"},"author":{"name":"Fanny Pimentel","@id":"https:\/\/www.athome.lu\/blog\/#\/schema\/person\/47f7a38089f837e792876ceddc4cb2dc"},"headline":"Habscht, une commune en devenir","datePublished":"2018-07-05T08:01:19+00:00","dateModified":"2022-05-11T15:08:29+00:00","mainEntityOfPage":{"@id":"https:\/\/www.athome.lu\/blog\/marche-immobilier\/villes\/habscht-une-commune-en-devenir\/"},"wordCount":1234,"image":{"@id":"https:\/\/www.athome.lu\/blog\/marche-immobilier\/villes\/habscht-une-commune-en-devenir\/#primaryimage"},"thumbnailUrl":"https:\/\/www.athome.lu\/blog\/wp-content\/uploads\/2018\/07\/habscht1.jpg","articleSection":["Villes"],"inLanguage":"de"},{"@type":"WebPage","@id":"https:\/\/www.athome.lu\/blog\/marche-immobilier\/villes\/habscht-une-commune-en-devenir\/","url":"https:\/\/www.athome.lu\/blog\/marche-immobilier\/villes\/habscht-une-commune-en-devenir\/","name":"\u25b7Zoom auf Habscht, eine Gemeinde im Aufbruch | atHome","isPartOf":{"@id":"https:\/\/www.athome.lu\/blog\/#website"},"primaryImageOfPage":{"@id":"https:\/\/www.athome.lu\/blog\/marche-immobilier\/villes\/habscht-une-commune-en-devenir\/#primaryimage"},"image":{"@id":"https:\/\/www.athome.lu\/blog\/marche-immobilier\/villes\/habscht-une-commune-en-devenir\/#primaryimage"},"thumbnailUrl":"https:\/\/www.athome.lu\/blog\/wp-content\/uploads\/2018\/07\/habscht1.jpg","datePublished":"2018-07-05T08:01:19+00:00","dateModified":"2022-05-11T15:08:29+00:00","author":{"@id":"https:\/\/www.athome.lu\/blog\/#\/schema\/person\/47f7a38089f837e792876ceddc4cb2dc"},"description":"Die Gemeinde Habscht entstand aus der Fusion der ehemaligen Teilgemeinden Hobscheid und Septfontaines und achtet darauf, ihren malerischen Charakter zu bewahren.","breadcrumb":{"@id":"https:\/\/www.athome.lu\/blog\/marche-immobilier\/villes\/habscht-une-commune-en-devenir\/#breadcrumb"},"inLanguage":"de","potentialAction":[{"@type":"ReadAction","target":["https:\/\/www.athome.lu\/blog\/marche-immobilier\/villes\/habscht-une-commune-en-devenir\/"]}]},{"@type":"ImageObject","inLanguage":"de","@id":"https:\/\/www.athome.lu\/blog\/marche-immobilier\/villes\/habscht-une-commune-en-devenir\/#primaryimage","url":"https:\/\/www.athome.lu\/blog\/wp-content\/uploads\/2018\/07\/habscht1.jpg","contentUrl":"https:\/\/www.athome.lu\/blog\/wp-content\/uploads\/2018\/07\/habscht1.jpg","width":1200,"height":800,"caption":"Commune de Habscht"},{"@type":"BreadcrumbList","@id":"https:\/\/www.athome.lu\/blog\/marche-immobilier\/villes\/habscht-une-commune-en-devenir\/#breadcrumb","itemListElement":[{"@type":"ListItem","position":1,"name":"Accueil","item":"https:\/\/www.athome.lu\/blog\/"},{"@type":"ListItem","position":2,"name":"March\u00e9 immobilier","item":"https:\/\/www.athome.lu\/blog\/category\/marche-immobilier\/"},{"@type":"ListItem","position":3,"name":"Villes","item":"https:\/\/www.athome.lu\/blog\/category\/marche-immobilier\/villes\/"},{"@type":"ListItem","position":4,"name":"Habscht, une commune en devenir"}]},{"@type":"WebSite","@id":"https:\/\/www.athome.lu\/blog\/#website","url":"https:\/\/www.athome.lu\/blog\/","name":"atHome Blog","description":"Immobilienanzeigen in Luxemburg. Das Immobilienportal Nr. 1 in Luxemburg.","potentialAction":[{"@type":"SearchAction","target":{"@type":"EntryPoint","urlTemplate":"https:\/\/www.athome.lu\/blog\/?s={search_term_string}"},"query-input":{"@type":"PropertyValueSpecification","valueRequired":true,"valueName":"search_term_string"}}],"inLanguage":"de"},{"@type":"Person","@id":"https:\/\/www.athome.lu\/blog\/#\/schema\/person\/47f7a38089f837e792876ceddc4cb2dc","name":"Fanny Pimentel","image":{"@type":"ImageObject","inLanguage":"de","@id":"https:\/\/secure.gravatar.com\/avatar\/c60b27b93851dc9503f9cc9150e73dcb0a86ba6150657e5e4b11d988400bc633?s=96&d=mm&r=g","url":"https:\/\/secure.gravatar.com\/avatar\/c60b27b93851dc9503f9cc9150e73dcb0a86ba6150657e5e4b11d988400bc633?s=96&d=mm&r=g","contentUrl":"https:\/\/secure.gravatar.com\/avatar\/c60b27b93851dc9503f9cc9150e73dcb0a86ba6150657e5e4b11d988400bc633?s=96&d=mm&r=g","caption":"Fanny Pimentel"}}]}},"featured_media_src_url":"https:\/\/www.athome.lu\/blog\/wp-content\/uploads\/2018\/07\/habscht1-1024x683.jpg","_links":{"self":[{"href":"https:\/\/www.athome.lu\/blog\/de\/wp-json\/wp\/v2\/posts\/11413","targetHints":{"allow":["GET"]}}],"collection":[{"href":"https:\/\/www.athome.lu\/blog\/de\/wp-json\/wp\/v2\/posts"}],"about":[{"href":"https:\/\/www.athome.lu\/blog\/de\/wp-json\/wp\/v2\/types\/post"}],"author":[{"embeddable":true,"href":"https:\/\/www.athome.lu\/blog\/de\/wp-json\/wp\/v2\/users\/17"}],"replies":[{"embeddable":true,"href":"https:\/\/www.athome.lu\/blog\/de\/wp-json\/wp\/v2\/comments?post=11413"}],"version-history":[{"count":2,"href":"https:\/\/www.athome.lu\/blog\/de\/wp-json\/wp\/v2\/posts\/11413\/revisions"}],"predecessor-version":[{"id":15122,"href":"https:\/\/www.athome.lu\/blog\/de\/wp-json\/wp\/v2\/posts\/11413\/revisions\/15122"}],"wp:featuredmedia":[{"embeddable":true,"href":"https:\/\/www.athome.lu\/blog\/de\/wp-json\/wp\/v2\/media\/11415"}],"wp:attachment":[{"href":"https:\/\/www.athome.lu\/blog\/de\/wp-json\/wp\/v2\/media?parent=11413"}],"wp:term":[{"taxonomy":"category","embeddable":true,"href":"https:\/\/www.athome.lu\/blog\/de\/wp-json\/wp\/v2\/categories?post=11413"},{"taxonomy":"post_tag","embeddable":true,"href":"https:\/\/www.athome.lu\/blog\/de\/wp-json\/wp\/v2\/tags?post=11413"}],"curies":[{"name":"wp","href":"https:\/\/api.w.org\/{rel}","templated":true}]}}