{"id":11455,"date":"2018-08-02T08:18:25","date_gmt":"2018-08-02T07:18:25","guid":{"rendered":"https:\/\/www.athome.lu\/blog\/?p=11455"},"modified":"2022-05-11T17:06:04","modified_gmt":"2022-05-11T15:06:04","slug":"lorentzweiler-eine-dynamische-gemeinde","status":"publish","type":"post","link":"https:\/\/www.athome.lu\/blog\/de\/marche-immobilier\/villes\/lorentzweiler-une-commune-dynamique\/","title":{"rendered":"Lorentzweiler, eine dynamische Gemeinde"},"content":{"rendered":"<p><span style=\"color: #000000;\">Die Gemeinde Lorentzweiler liegt nur wenige Kilometer von der Hauptstadt entfernt und genie\u00dft eine ideale geografische Lage, w\u00e4hrend sie ihren Einwohnern Ruhe und Gelassenheit bietet. Die hervorragende Anbindung an den \u00f6ffentlichen Nahverkehr und die zahlreichen Bildungseinrichtungen z\u00e4hlen zu ihren gr\u00f6\u00dften Vorteilen und machen sie zu einem beliebten Wohnort.<\/span><\/p>\n\n\n\n<p><span style=\"color: #000000;\">Die Gemeinde setzt sich aus den Ortschaften Lorentzweiler, Helmdange, Bofferdange, Blaschette\/Asselscheuer und Hunsdof zusammen und verf\u00fcgt \u00fcber eine Fl\u00e4che von 17,45 km<sup>2<\/sup>. Sie ist zwar klein, hat aber dennoch 4000 Einwohner in ihrem gesamten Gebiet, was einer Bev\u00f6lkerungsdichte von etwas mehr als 200 Einwohnern pro Quadratkilometer entspricht.<\/span><\/p>\n\n\n\n<h2 class=\"wp-block-heading\"><span style=\"color: #000000;\"><strong>Eine wachsende Bev\u00f6lkerung<\/strong><\/span><\/h2>\n\n\n\n<p><span style=\"color: #000000;\">Obwohl Lorentzweiler nicht zu den am dichtesten besiedelten Gemeinden geh\u00f6rt, w\u00e4chst seine Bev\u00f6lkerung allm\u00e4hlich. \"&nbsp;<em>Die Bev\u00f6lkerung w\u00e4chst j\u00e4hrlich um etwa 100 Personen. Sie besteht zu 61 % aus Luxemburgern und zu 39 % aus Ausl\u00e4ndern, von denen die meisten Portugiesen sind. Wir z\u00e4hlen immer mehr junge Menschen&nbsp;<\/em>\", erkl\u00e4rt Jos Roller, der seit 30 Jahren B\u00fcrgermeister ist. Seine N\u00e4he zu Luxemburg-Stadt und dem Kirchberg-Plateau ist nicht ganz unschuldig an diesem Anstieg, da viele Einwohner der Gemeinde in der Hauptstadt arbeiten.<\/span><\/p>\n\n\n\n<div class=\"wp-block-image\"><figure class=\"aligncenter\"><a href=\"https:\/\/www.athome.lu\/blog\/blog\/wp-content\/uploads\/2018\/08\/lorentzweiler4.jpg\"><img loading=\"lazy\" decoding=\"async\" width=\"1024\" height=\"683\" src=\"https:\/\/www.athome.lu\/blog\/blog\/wp-content\/uploads\/2018\/08\/lorentzweiler4-1024x683.jpg\" alt=\"Immobilien in Lorentzweiler\" class=\"wp-image-11459\" srcset=\"https:\/\/www.athome.lu\/blog\/wp-content\/uploads\/2018\/08\/lorentzweiler4-1024x683.jpg 1024w, https:\/\/www.athome.lu\/blog\/wp-content\/uploads\/2018\/08\/lorentzweiler4-300x200.jpg 300w, https:\/\/www.athome.lu\/blog\/wp-content\/uploads\/2018\/08\/lorentzweiler4-768x512.jpg 768w, https:\/\/www.athome.lu\/blog\/wp-content\/uploads\/2018\/08\/lorentzweiler4-18x12.jpg 18w, https:\/\/www.athome.lu\/blog\/wp-content\/uploads\/2018\/08\/lorentzweiler4.jpg 1200w\" sizes=\"auto, (max-width: 1024px) 100vw, 1024px\" \/><\/a><\/figure><\/div>\n\n\n\n<p><span style=\"color: #000000;\">Um ihrer wachsenden Bev\u00f6lkerung und den steigenden Immobilienpreisen gerecht zu werden, setzt die Gemeinde auf die Schaffung gro\u00dfer gemischter Wohnsiedlungen, die haupts\u00e4chlich aus Wohnungen bestehen. \"<em>&nbsp;Wir versuchen, eine gemischte Bev\u00f6lkerung zu haben, aber wir bauen haupts\u00e4chlich H\u00e4user mit Wohnungen. Viele \u00e4ltere Menschen haben ihr Haus verkauft, um in eine Wohnung zu ziehen. <\/em>\"<\/span><\/p>\n\n\n\n<h2 class=\"wp-block-heading\"><span style=\"color: #000000;\"><strong>Verst\u00e4rkte Mobilit\u00e4t<\/strong><\/span><\/h2>\n\n\n\n<p><span style=\"color: #000000;\">Lorentzweiler kann auf hervorragende Verbindungen zur Hauptstadt z\u00e4hlen, wie die Zuglinie Nummer 10, die den Norden des Landes mit Luxemburg verbindet. \"&nbsp;<em>Wir sind gut angebunden. Der Bahnhof befindet sich neben dem Rathaus.&nbsp;<\/em>\", erl\u00e4utert der B\u00fcrgermeister. Mehrere Buslinien verlaufen durch die Gemeinde. \"&nbsp;<em>Wir haben zum Beispiel die Buslinie 290, die Mersch mit Luxemburg-Stadt verbindet. Die Nordautobahn verl\u00e4uft ebenfalls in der N\u00e4he&nbsp;<\/em>\", f\u00e4hrt er fort. Wie jede Gemeinde in der N\u00e4he der Hauptstadt kennt auch Lorentzweiler die Kehrseite der Medaille<em>&nbsp;: \"Der Verkehr ist stark und es gibt zu wenig Parkpl\u00e4tze&nbsp;<\/em>\", betont Jos Roller.<\/span><\/p>\n\n\n\n<div class=\"wp-block-image\"><figure class=\"aligncenter\"><a href=\"https:\/\/www.athome.lu\/blog\/blog\/wp-content\/uploads\/2018\/08\/lorentzweiller.jpg\"><img loading=\"lazy\" decoding=\"async\" width=\"1024\" height=\"683\" src=\"https:\/\/www.athome.lu\/blog\/blog\/wp-content\/uploads\/2018\/08\/lorentzweiller-1024x683.jpg\" alt=\"Bahnhof Lorentzweiler\" class=\"wp-image-11460\" srcset=\"https:\/\/www.athome.lu\/blog\/wp-content\/uploads\/2018\/08\/lorentzweiller-1024x683.jpg 1024w, https:\/\/www.athome.lu\/blog\/wp-content\/uploads\/2018\/08\/lorentzweiller-300x200.jpg 300w, https:\/\/www.athome.lu\/blog\/wp-content\/uploads\/2018\/08\/lorentzweiller-768x512.jpg 768w, https:\/\/www.athome.lu\/blog\/wp-content\/uploads\/2018\/08\/lorentzweiller-18x12.jpg 18w, https:\/\/www.athome.lu\/blog\/wp-content\/uploads\/2018\/08\/lorentzweiller.jpg 1200w\" sizes=\"auto, (max-width: 1024px) 100vw, 1024px\" \/><\/a><\/figure><\/div>\n\n\n\n<p><span style=\"color: #000000;\">Nach dem Bau einer Umgehungsstra\u00dfe am n\u00f6rdlichen Ortseingang von Lorentzweiler plant die Gemeinde eine Neugestaltung der Nationalstra\u00dfe mit Radfahrfl\u00e4chen und Sammelparkpl\u00e4tzen. Die Gemeinde m\u00f6chte den Verkehr fl\u00fcssiger machen. \"<em>&nbsp;Der Bahn\u00fcbergang bereitet vor allem in der Hauptverkehrszeit Probleme. Auch die Busse des Schultransports fahren dort vorbei. Wir wollen den Bahn\u00fcbergang bis Ende des Jahres beseitigen und eine Unterf\u00fchrung vom Kreisel aus anlegen.&nbsp;<\/em>\", gibt der B\u00fcrgermeister an.<\/span><\/p>\n\n\n\n<p><span style=\"color: #000000;\">Liebhaber sanfter Mobilit\u00e4t k\u00f6nnen das Stadtzentrum auch \u00fcber den Alzette-Radweg erreichen, der durch die Gemeinde f\u00fchrt, aber auch \u00fcber Wege wie den Alzette-Pfad und den Op Kuelent-Pfad.&nbsp;<\/span><\/p>\n\n\n\n<h2 class=\"wp-block-heading\"><span style=\"color: #000000;\"><strong>Infrastruktur f\u00fcr alle Altersgruppen<\/strong><\/span><\/h2>\n\n\n\n<p><span style=\"color: #000000;\">Lorentzweiler ist eine angenehme Gemeinde, die sich in der N\u00e4he der Stadt befindet, aber dennoch ihre gr\u00fcne Umgebung bewahrt hat. Die Gemeinde kann sich auf die zahlreichen hochwertigen Infrastrukturen verlassen, die sie entwickelt hat, um die Lebensqualit\u00e4t zu gew\u00e4hrleisten. \"&nbsp;<em>Viele junge Haushalte ziehen in die Gemeinde, weil wir eine gute Infrastruktur haben, vor allem f\u00fcr Kinder. Alle Geb\u00e4ude sind an einem Standort zusammengefasst. Die Grundschule (Fr\u00fch-, Vor- und Grundschule zusammengenommen) wird derzeit von 310 Sch\u00fclern besucht und in den n\u00e4chsten Jahren wird diese Zahl noch steigen.&nbsp;<\/em>\", verr\u00e4t Jos Roller. Auf dem Schulkomplex Jos Wohlfart befinden sich auch das Maison-Relais, die Kinderkrippe, die Sporthalle und Multisportpl\u00e4tze.<\/span><\/p>\n\n\n\n<div class=\"wp-block-image\"><figure class=\"aligncenter\"><a href=\"https:\/\/www.athome.lu\/blog\/blog\/wp-content\/uploads\/2018\/08\/lorentzweiler5.jpg\"><img loading=\"lazy\" decoding=\"async\" width=\"1024\" height=\"683\" src=\"https:\/\/www.athome.lu\/blog\/blog\/wp-content\/uploads\/2018\/08\/lorentzweiler5-1024x683.jpg\" alt=\"Infrastruktur in Lorentzweiler\" class=\"wp-image-11461\" srcset=\"https:\/\/www.athome.lu\/blog\/wp-content\/uploads\/2018\/08\/lorentzweiler5-1024x683.jpg 1024w, https:\/\/www.athome.lu\/blog\/wp-content\/uploads\/2018\/08\/lorentzweiler5-300x200.jpg 300w, https:\/\/www.athome.lu\/blog\/wp-content\/uploads\/2018\/08\/lorentzweiler5-768x512.jpg 768w, https:\/\/www.athome.lu\/blog\/wp-content\/uploads\/2018\/08\/lorentzweiler5-18x12.jpg 18w, https:\/\/www.athome.lu\/blog\/wp-content\/uploads\/2018\/08\/lorentzweiler5.jpg 1200w\" sizes=\"auto, (max-width: 1024px) 100vw, 1024px\" \/><\/a><\/figure><\/div>\n\n\n\n<p><span style=\"color: #000000;\">Die Gemeinde verf\u00fcgt au\u00dferdem \u00fcber einen Festsaal, ein Kulturzentrum, ein Jugendhaus An der Sonn, Fu\u00dfball- und Tennispl\u00e4tze sowie mehrere Mehrzweckhallen.<\/span><\/p>\n\n\n\n<p><span style=\"color: #000000;\">Lorentzweiler will allen Altersgruppen Abwechslung und Freizeitgestaltung bieten. Daher werden auch die Senioren nicht vergessen. In der Ortschaft Bofferdange gibt es ein Altenheim, das die Senioren der Gemeinde aufnimmt.<\/span><\/p>\n\n\n\n<h2 class=\"wp-block-heading\"><span style=\"color: #000000;\"><strong>Projekte in gro\u00dfer Zahl<\/strong><\/span><\/h2>\n\n\n\n<p><span style=\"color: #000000;\">Der Gemeinde war es wichtig, ihre Infrastruktur zu verbessern, angefangen mit dem Rathaus vor zehn Jahren, aber auch in j\u00fcngerer Zeit mit einem neuen Trinkwasserreservoir in Blaschette, das eine Erh\u00f6hung des Wasserdrucks und eine garantierte Reserve erm\u00f6glicht. \"&nbsp;<em>Unsere Becken von Bofferdange, Lorentzweiler und Blaschette sind an die SEBES angeschlossen.&nbsp;<\/em>\", erl\u00e4utert der B\u00fcrgermeister. Lorentzweiler hat sich auch eine neue Sporthalle zugelegt, die 2017 eingeweiht wurde. Sie umfasst einen Lagerraum, einen Sanit\u00e4rbereich, einen Getr\u00e4nkestand und Trib\u00fcnen f\u00fcr 500 Zuschauer. Im Untergeschoss beherbergt das Geb\u00e4ude vier gro\u00dfe Umkleider\u00e4ume und zwei kleinere mit Dusche sowie zwei Kraftr\u00e4ume und R\u00e4ume f\u00fcr die Schulmedizin. Der f\u00fcr den Unterricht vorgesehene Teil beherbergt f\u00fcnf Klassenzimmer und drei Zwischenr\u00e4ume, von denen einer f\u00fcr den Unterricht der Musikschule vorgesehen ist.<\/span><\/p>\n\n\n\n<div class=\"wp-block-image\"><figure class=\"aligncenter\"><a href=\"https:\/\/www.athome.lu\/blog\/blog\/wp-content\/uploads\/2018\/08\/lorentzweiler3.jpg\"><img loading=\"lazy\" decoding=\"async\" width=\"1024\" height=\"683\" src=\"https:\/\/www.athome.lu\/blog\/blog\/wp-content\/uploads\/2018\/08\/lorentzweiler3-1024x683.jpg\" alt=\"Rathaus von Lorentzweiler\" class=\"wp-image-11458\" srcset=\"https:\/\/www.athome.lu\/blog\/wp-content\/uploads\/2018\/08\/lorentzweiler3-1024x683.jpg 1024w, https:\/\/www.athome.lu\/blog\/wp-content\/uploads\/2018\/08\/lorentzweiler3-300x200.jpg 300w, https:\/\/www.athome.lu\/blog\/wp-content\/uploads\/2018\/08\/lorentzweiler3-768x512.jpg 768w, https:\/\/www.athome.lu\/blog\/wp-content\/uploads\/2018\/08\/lorentzweiler3-18x12.jpg 18w, https:\/\/www.athome.lu\/blog\/wp-content\/uploads\/2018\/08\/lorentzweiler3.jpg 1200w\" sizes=\"auto, (max-width: 1024px) 100vw, 1024px\" \/><\/a><\/figure><\/div>\n\n\n\n<p><span style=\"color: #000000;\">Der B\u00fcrgermeister hat nicht vor, sich auf diesem Weg aufzuhalten. \"<em>&nbsp;Wir planen, die Kinderkrippe und die Maison-relais mit einem zweiten Geb\u00e4ude f\u00fcr letztere zu erweitern. Au\u00dferdem wollen wir die Sportinfrastruktur verbessern. Wir wollen ein Gesamtkonzept f\u00fcr die Erholung mit Spiel- und Fitnessbereich, Skateboardplatz erstellen. Au\u00dferdem wollen wir einen neuen Proberaum f\u00fcr unsere 75-k\u00f6pfige Blaskapelle schaffen. Die alte Schule in Bofferdange war zu klein geworden&nbsp;<\/em>\", versichert Jos Roller. &nbsp;<\/span><\/p>\n\n\n\n<p><span style=\"color: #000000;\">Die Erweiterung des Jugendzentrums und des Seniorenclubs Uelzechtdall ist ebenfalls geplant, um das Angebot zu verbessern und zu diversifizieren. \"<em>\u00a0Der alte Schuppen der Metzgerei wird abgerissen. Eine Br\u00fccke wird die beiden Geb\u00e4ude miteinander verbinden <\/em>\", schloss der B\u00fcrgermeister.<\/span><\/p>\n\n\n<section id=\"section-3-14695\" class=\"ct-section\" ><div class=\"ct-section-inner-wrap\"><div id=\"div_block-4-14695\" class=\"ct-div-block\" ><div id=\"new_columns-7-14695\" class=\"ct-new-columns\" ><div id=\"div_block-8-14695\" class=\"ct-div-block\" ><div id=\"div_block-14-14695\" class=\"ct-div-block\" ><\/div><\/div><div id=\"div_block-9-14695\" class=\"ct-div-block\" ><h1 id=\"headline-11-14695\" class=\"ct-headline\">Wie hoch sind die Immobilienpreise derzeit?<\/h1><div id=\"text_block-12-14695\" class=\"ct-text-block\" >Die Preise verlangsamen sich. Die Zinss\u00e4tze steigen. Welche Trends sind in den kommenden Monaten zu erwarten?<\/div><a id=\"link_button-13-14695\" class=\"ct-link-button\" href=\"https:\/\/www.athome.lu\/blog\/blog\/marche-immobilier\/prix\/tendances-2022\/\" target=\"_blank\"  >Analyse lesen<\/a><\/div><\/div><\/div><\/div><\/section>","protected":false},"excerpt":{"rendered":"<p>Situ\u00e9e \u00e0 quelques kilom\u00e8tres seulement de la capitale, la commune de Lorentzweiler jouit d\u2019une position g\u00e9ographique id\u00e9ale tout en offrant calme et s\u00e9r\u00e9nit\u00e9 \u00e0 ses habitants. Ses excellentes connexions aux transports publics et ses nombreuses infrastructures scolaires figurent parmi ses principaux atouts et en font un lieu de vie tr\u00e8s pris\u00e9. Compos\u00e9e des localit\u00e9s de [&hellip;]<\/p>\n","protected":false},"author":17,"featured_media":11457,"comment_status":"closed","ping_status":"open","sticky":false,"template":"","format":"standard","meta":{"_acf_changed":false,"footnotes":""},"categories":[218],"tags":[],"class_list":["post-11455","post","type-post","status-publish","format-standard","has-post-thumbnail","hentry","category-villes"],"acf":[],"yoast_head":"<!-- This site is optimized with the Yoast SEO plugin v27.4 - https:\/\/yoast.com\/product\/yoast-seo-wordpress\/ -->\n<title>Lorentzweiler, une commune dynamique | atHome<\/title>\n<meta name=\"description\" content=\"Situ\u00e9e \u00e0 quelques kilom\u00e8tres de la capitale, Lorentzweiler jouit d\u2019une position g\u00e9ographique id\u00e9ale et calme et s\u00e9r\u00e9nit\u00e9 \u00e0 ses habitants.\" \/>\n<meta name=\"robots\" content=\"index, follow, max-snippet:-1, max-image-preview:large, max-video-preview:-1\" \/>\n<link rel=\"canonical\" href=\"https:\/\/www.athome.lu\/blog\/de\/immobilien-markt\/stadte\/lorentzweiler-eine-dynamische-gemeinde\/\" \/>\n<meta property=\"og:locale\" content=\"de_DE\" \/>\n<meta property=\"og:type\" content=\"article\" \/>\n<meta property=\"og:title\" content=\"Lorentzweiler, une commune dynamique | atHome\" \/>\n<meta property=\"og:description\" content=\"Situ\u00e9e \u00e0 quelques kilom\u00e8tres de la capitale, Lorentzweiler jouit d\u2019une position g\u00e9ographique id\u00e9ale et calme et s\u00e9r\u00e9nit\u00e9 \u00e0 ses habitants.\" \/>\n<meta property=\"og:url\" content=\"https:\/\/www.athome.lu\/blog\/de\/immobilien-markt\/stadte\/lorentzweiler-eine-dynamische-gemeinde\/\" \/>\n<meta property=\"og:site_name\" content=\"atHome Blog\" \/>\n<meta property=\"article:publisher\" content=\"https:\/\/www.facebook.com\/atHome.lu\/\" \/>\n<meta property=\"article:published_time\" content=\"2018-08-02T07:18:25+00:00\" \/>\n<meta property=\"article:modified_time\" content=\"2022-05-11T15:06:04+00:00\" \/>\n<meta property=\"og:image\" content=\"https:\/\/www.athome.lu\/blog\/wp-content\/uploads\/2018\/08\/lorentzweiler2.jpg\" \/>\n\t<meta property=\"og:image:width\" content=\"1200\" \/>\n\t<meta property=\"og:image:height\" content=\"800\" \/>\n\t<meta property=\"og:image:type\" content=\"image\/jpeg\" \/>\n<meta name=\"author\" content=\"Fanny Pimentel\" \/>\n<meta name=\"twitter:card\" content=\"summary_large_image\" \/>\n<meta name=\"twitter:creator\" content=\"@athomelu\" \/>\n<meta name=\"twitter:site\" content=\"@athomelu\" \/>\n<meta name=\"twitter:label1\" content=\"Verfasst von\" \/>\n\t<meta name=\"twitter:data1\" content=\"Fanny Pimentel\" \/>\n\t<meta name=\"twitter:label2\" content=\"Gesch\u00e4tzte Lesezeit\" \/>\n\t<meta name=\"twitter:data2\" content=\"6\u00a0Minuten\" \/>\n<script type=\"application\/ld+json\" class=\"yoast-schema-graph\">{\"@context\":\"https:\\\/\\\/schema.org\",\"@graph\":[{\"@type\":\"Article\",\"@id\":\"https:\\\/\\\/www.athome.lu\\\/blog\\\/marche-immobilier\\\/villes\\\/lorentzweiler-une-commune-dynamique\\\/#article\",\"isPartOf\":{\"@id\":\"https:\\\/\\\/www.athome.lu\\\/blog\\\/marche-immobilier\\\/villes\\\/lorentzweiler-une-commune-dynamique\\\/\"},\"author\":{\"name\":\"Fanny Pimentel\",\"@id\":\"https:\\\/\\\/www.athome.lu\\\/blog\\\/#\\\/schema\\\/person\\\/47f7a38089f837e792876ceddc4cb2dc\"},\"headline\":\"Lorentzweiler, une commune dynamique\",\"datePublished\":\"2018-08-02T07:18:25+00:00\",\"dateModified\":\"2022-05-11T15:06:04+00:00\",\"mainEntityOfPage\":{\"@id\":\"https:\\\/\\\/www.athome.lu\\\/blog\\\/marche-immobilier\\\/villes\\\/lorentzweiler-une-commune-dynamique\\\/\"},\"wordCount\":973,\"image\":{\"@id\":\"https:\\\/\\\/www.athome.lu\\\/blog\\\/marche-immobilier\\\/villes\\\/lorentzweiler-une-commune-dynamique\\\/#primaryimage\"},\"thumbnailUrl\":\"https:\\\/\\\/www.athome.lu\\\/blog\\\/wp-content\\\/uploads\\\/2018\\\/08\\\/lorentzweiler2.jpg\",\"articleSection\":[\"Villes\"],\"inLanguage\":\"de\"},{\"@type\":\"WebPage\",\"@id\":\"https:\\\/\\\/www.athome.lu\\\/blog\\\/marche-immobilier\\\/villes\\\/lorentzweiler-une-commune-dynamique\\\/\",\"url\":\"https:\\\/\\\/www.athome.lu\\\/blog\\\/marche-immobilier\\\/villes\\\/lorentzweiler-une-commune-dynamique\\\/\",\"name\":\"Lorentzweiler, une commune dynamique | atHome\",\"isPartOf\":{\"@id\":\"https:\\\/\\\/www.athome.lu\\\/blog\\\/#website\"},\"primaryImageOfPage\":{\"@id\":\"https:\\\/\\\/www.athome.lu\\\/blog\\\/marche-immobilier\\\/villes\\\/lorentzweiler-une-commune-dynamique\\\/#primaryimage\"},\"image\":{\"@id\":\"https:\\\/\\\/www.athome.lu\\\/blog\\\/marche-immobilier\\\/villes\\\/lorentzweiler-une-commune-dynamique\\\/#primaryimage\"},\"thumbnailUrl\":\"https:\\\/\\\/www.athome.lu\\\/blog\\\/wp-content\\\/uploads\\\/2018\\\/08\\\/lorentzweiler2.jpg\",\"datePublished\":\"2018-08-02T07:18:25+00:00\",\"dateModified\":\"2022-05-11T15:06:04+00:00\",\"author\":{\"@id\":\"https:\\\/\\\/www.athome.lu\\\/blog\\\/#\\\/schema\\\/person\\\/47f7a38089f837e792876ceddc4cb2dc\"},\"description\":\"Situ\u00e9e \u00e0 quelques kilom\u00e8tres de la capitale, Lorentzweiler jouit d\u2019une position g\u00e9ographique id\u00e9ale et calme et s\u00e9r\u00e9nit\u00e9 \u00e0 ses habitants.\",\"breadcrumb\":{\"@id\":\"https:\\\/\\\/www.athome.lu\\\/blog\\\/marche-immobilier\\\/villes\\\/lorentzweiler-une-commune-dynamique\\\/#breadcrumb\"},\"inLanguage\":\"de\",\"potentialAction\":[{\"@type\":\"ReadAction\",\"target\":[\"https:\\\/\\\/www.athome.lu\\\/blog\\\/marche-immobilier\\\/villes\\\/lorentzweiler-une-commune-dynamique\\\/\"]}]},{\"@type\":\"ImageObject\",\"inLanguage\":\"de\",\"@id\":\"https:\\\/\\\/www.athome.lu\\\/blog\\\/marche-immobilier\\\/villes\\\/lorentzweiler-une-commune-dynamique\\\/#primaryimage\",\"url\":\"https:\\\/\\\/www.athome.lu\\\/blog\\\/wp-content\\\/uploads\\\/2018\\\/08\\\/lorentzweiler2.jpg\",\"contentUrl\":\"https:\\\/\\\/www.athome.lu\\\/blog\\\/wp-content\\\/uploads\\\/2018\\\/08\\\/lorentzweiler2.jpg\",\"width\":1200,\"height\":800,\"caption\":\"Lorentzweiler, Luxembourg\"},{\"@type\":\"BreadcrumbList\",\"@id\":\"https:\\\/\\\/www.athome.lu\\\/blog\\\/marche-immobilier\\\/villes\\\/lorentzweiler-une-commune-dynamique\\\/#breadcrumb\",\"itemListElement\":[{\"@type\":\"ListItem\",\"position\":1,\"name\":\"Accueil\",\"item\":\"https:\\\/\\\/www.athome.lu\\\/blog\\\/\"},{\"@type\":\"ListItem\",\"position\":2,\"name\":\"March\u00e9 immobilier\",\"item\":\"https:\\\/\\\/www.athome.lu\\\/blog\\\/category\\\/marche-immobilier\\\/\"},{\"@type\":\"ListItem\",\"position\":3,\"name\":\"Villes\",\"item\":\"https:\\\/\\\/www.athome.lu\\\/blog\\\/category\\\/marche-immobilier\\\/villes\\\/\"},{\"@type\":\"ListItem\",\"position\":4,\"name\":\"Lorentzweiler, une commune dynamique\"}]},{\"@type\":\"WebSite\",\"@id\":\"https:\\\/\\\/www.athome.lu\\\/blog\\\/#website\",\"url\":\"https:\\\/\\\/www.athome.lu\\\/blog\\\/\",\"name\":\"atHome Blog\",\"description\":\"Annonces immobili\u00e8res au Luxembourg. Le portail immobilier n\u00b01 au Luxembourg.\",\"potentialAction\":[{\"@type\":\"SearchAction\",\"target\":{\"@type\":\"EntryPoint\",\"urlTemplate\":\"https:\\\/\\\/www.athome.lu\\\/blog\\\/?s={search_term_string}\"},\"query-input\":{\"@type\":\"PropertyValueSpecification\",\"valueRequired\":true,\"valueName\":\"search_term_string\"}}],\"inLanguage\":\"de\"},{\"@type\":\"Person\",\"@id\":\"https:\\\/\\\/www.athome.lu\\\/blog\\\/#\\\/schema\\\/person\\\/47f7a38089f837e792876ceddc4cb2dc\",\"name\":\"Fanny Pimentel\",\"image\":{\"@type\":\"ImageObject\",\"inLanguage\":\"de\",\"@id\":\"https:\\\/\\\/secure.gravatar.com\\\/avatar\\\/c60b27b93851dc9503f9cc9150e73dcb0a86ba6150657e5e4b11d988400bc633?s=96&d=mm&r=g\",\"url\":\"https:\\\/\\\/secure.gravatar.com\\\/avatar\\\/c60b27b93851dc9503f9cc9150e73dcb0a86ba6150657e5e4b11d988400bc633?s=96&d=mm&r=g\",\"contentUrl\":\"https:\\\/\\\/secure.gravatar.com\\\/avatar\\\/c60b27b93851dc9503f9cc9150e73dcb0a86ba6150657e5e4b11d988400bc633?s=96&d=mm&r=g\",\"caption\":\"Fanny Pimentel\"}}]}<\/script>\n<!-- \/ Yoast SEO plugin. -->","yoast_head_json":{"title":"Lorentzweiler, eine dynamische Gemeinde | atHome","description":"Lorentzweiler liegt nur wenige Kilometer von der Hauptstadt entfernt und genie\u00dft eine ideale geografische Lage, die seinen Bewohnern Ruhe und Gelassenheit bietet.","robots":{"index":"index","follow":"follow","max-snippet":"max-snippet:-1","max-image-preview":"max-image-preview:large","max-video-preview":"max-video-preview:-1"},"canonical":"https:\/\/www.athome.lu\/blog\/de\/immobilien-markt\/stadte\/lorentzweiler-eine-dynamische-gemeinde\/","og_locale":"de_DE","og_type":"article","og_title":"Lorentzweiler, une commune dynamique | atHome","og_description":"Situ\u00e9e \u00e0 quelques kilom\u00e8tres de la capitale, Lorentzweiler jouit d\u2019une position g\u00e9ographique id\u00e9ale et calme et s\u00e9r\u00e9nit\u00e9 \u00e0 ses habitants.","og_url":"https:\/\/www.athome.lu\/blog\/de\/immobilien-markt\/stadte\/lorentzweiler-eine-dynamische-gemeinde\/","og_site_name":"atHome Blog","article_publisher":"https:\/\/www.facebook.com\/atHome.lu\/","article_published_time":"2018-08-02T07:18:25+00:00","article_modified_time":"2022-05-11T15:06:04+00:00","og_image":[{"width":1200,"height":800,"url":"https:\/\/www.athome.lu\/blog\/wp-content\/uploads\/2018\/08\/lorentzweiler2.jpg","type":"image\/jpeg"}],"author":"Fanny Pimentel","twitter_card":"summary_large_image","twitter_creator":"@athomelu","twitter_site":"@athomelu","twitter_misc":{"Verfasst von":"Fanny Pimentel","Gesch\u00e4tzte Lesezeit":"6\u00a0Minuten"},"schema":{"@context":"https:\/\/schema.org","@graph":[{"@type":"Article","@id":"https:\/\/www.athome.lu\/blog\/marche-immobilier\/villes\/lorentzweiler-une-commune-dynamique\/#article","isPartOf":{"@id":"https:\/\/www.athome.lu\/blog\/marche-immobilier\/villes\/lorentzweiler-une-commune-dynamique\/"},"author":{"name":"Fanny Pimentel","@id":"https:\/\/www.athome.lu\/blog\/#\/schema\/person\/47f7a38089f837e792876ceddc4cb2dc"},"headline":"Lorentzweiler, une commune dynamique","datePublished":"2018-08-02T07:18:25+00:00","dateModified":"2022-05-11T15:06:04+00:00","mainEntityOfPage":{"@id":"https:\/\/www.athome.lu\/blog\/marche-immobilier\/villes\/lorentzweiler-une-commune-dynamique\/"},"wordCount":973,"image":{"@id":"https:\/\/www.athome.lu\/blog\/marche-immobilier\/villes\/lorentzweiler-une-commune-dynamique\/#primaryimage"},"thumbnailUrl":"https:\/\/www.athome.lu\/blog\/wp-content\/uploads\/2018\/08\/lorentzweiler2.jpg","articleSection":["Villes"],"inLanguage":"de"},{"@type":"WebPage","@id":"https:\/\/www.athome.lu\/blog\/marche-immobilier\/villes\/lorentzweiler-une-commune-dynamique\/","url":"https:\/\/www.athome.lu\/blog\/marche-immobilier\/villes\/lorentzweiler-une-commune-dynamique\/","name":"Lorentzweiler, eine dynamische Gemeinde | atHome","isPartOf":{"@id":"https:\/\/www.athome.lu\/blog\/#website"},"primaryImageOfPage":{"@id":"https:\/\/www.athome.lu\/blog\/marche-immobilier\/villes\/lorentzweiler-une-commune-dynamique\/#primaryimage"},"image":{"@id":"https:\/\/www.athome.lu\/blog\/marche-immobilier\/villes\/lorentzweiler-une-commune-dynamique\/#primaryimage"},"thumbnailUrl":"https:\/\/www.athome.lu\/blog\/wp-content\/uploads\/2018\/08\/lorentzweiler2.jpg","datePublished":"2018-08-02T07:18:25+00:00","dateModified":"2022-05-11T15:06:04+00:00","author":{"@id":"https:\/\/www.athome.lu\/blog\/#\/schema\/person\/47f7a38089f837e792876ceddc4cb2dc"},"description":"Lorentzweiler liegt nur wenige Kilometer von der Hauptstadt entfernt und genie\u00dft eine ideale geografische Lage, die seinen Bewohnern Ruhe und Gelassenheit bietet.","breadcrumb":{"@id":"https:\/\/www.athome.lu\/blog\/marche-immobilier\/villes\/lorentzweiler-une-commune-dynamique\/#breadcrumb"},"inLanguage":"de","potentialAction":[{"@type":"ReadAction","target":["https:\/\/www.athome.lu\/blog\/marche-immobilier\/villes\/lorentzweiler-une-commune-dynamique\/"]}]},{"@type":"ImageObject","inLanguage":"de","@id":"https:\/\/www.athome.lu\/blog\/marche-immobilier\/villes\/lorentzweiler-une-commune-dynamique\/#primaryimage","url":"https:\/\/www.athome.lu\/blog\/wp-content\/uploads\/2018\/08\/lorentzweiler2.jpg","contentUrl":"https:\/\/www.athome.lu\/blog\/wp-content\/uploads\/2018\/08\/lorentzweiler2.jpg","width":1200,"height":800,"caption":"Lorentzweiler, Luxembourg"},{"@type":"BreadcrumbList","@id":"https:\/\/www.athome.lu\/blog\/marche-immobilier\/villes\/lorentzweiler-une-commune-dynamique\/#breadcrumb","itemListElement":[{"@type":"ListItem","position":1,"name":"Accueil","item":"https:\/\/www.athome.lu\/blog\/"},{"@type":"ListItem","position":2,"name":"March\u00e9 immobilier","item":"https:\/\/www.athome.lu\/blog\/category\/marche-immobilier\/"},{"@type":"ListItem","position":3,"name":"Villes","item":"https:\/\/www.athome.lu\/blog\/category\/marche-immobilier\/villes\/"},{"@type":"ListItem","position":4,"name":"Lorentzweiler, une commune dynamique"}]},{"@type":"WebSite","@id":"https:\/\/www.athome.lu\/blog\/#website","url":"https:\/\/www.athome.lu\/blog\/","name":"atHome Blog","description":"Immobilienanzeigen in Luxemburg. Das Immobilienportal Nr. 1 in Luxemburg.","potentialAction":[{"@type":"SearchAction","target":{"@type":"EntryPoint","urlTemplate":"https:\/\/www.athome.lu\/blog\/?s={search_term_string}"},"query-input":{"@type":"PropertyValueSpecification","valueRequired":true,"valueName":"search_term_string"}}],"inLanguage":"de"},{"@type":"Person","@id":"https:\/\/www.athome.lu\/blog\/#\/schema\/person\/47f7a38089f837e792876ceddc4cb2dc","name":"Fanny Pimentel","image":{"@type":"ImageObject","inLanguage":"de","@id":"https:\/\/secure.gravatar.com\/avatar\/c60b27b93851dc9503f9cc9150e73dcb0a86ba6150657e5e4b11d988400bc633?s=96&d=mm&r=g","url":"https:\/\/secure.gravatar.com\/avatar\/c60b27b93851dc9503f9cc9150e73dcb0a86ba6150657e5e4b11d988400bc633?s=96&d=mm&r=g","contentUrl":"https:\/\/secure.gravatar.com\/avatar\/c60b27b93851dc9503f9cc9150e73dcb0a86ba6150657e5e4b11d988400bc633?s=96&d=mm&r=g","caption":"Fanny Pimentel"}}]}},"featured_media_src_url":"https:\/\/www.athome.lu\/blog\/wp-content\/uploads\/2018\/08\/lorentzweiler2-1024x683.jpg","_links":{"self":[{"href":"https:\/\/www.athome.lu\/blog\/de\/wp-json\/wp\/v2\/posts\/11455","targetHints":{"allow":["GET"]}}],"collection":[{"href":"https:\/\/www.athome.lu\/blog\/de\/wp-json\/wp\/v2\/posts"}],"about":[{"href":"https:\/\/www.athome.lu\/blog\/de\/wp-json\/wp\/v2\/types\/post"}],"author":[{"embeddable":true,"href":"https:\/\/www.athome.lu\/blog\/de\/wp-json\/wp\/v2\/users\/17"}],"replies":[{"embeddable":true,"href":"https:\/\/www.athome.lu\/blog\/de\/wp-json\/wp\/v2\/comments?post=11455"}],"version-history":[{"count":2,"href":"https:\/\/www.athome.lu\/blog\/de\/wp-json\/wp\/v2\/posts\/11455\/revisions"}],"predecessor-version":[{"id":15116,"href":"https:\/\/www.athome.lu\/blog\/de\/wp-json\/wp\/v2\/posts\/11455\/revisions\/15116"}],"wp:featuredmedia":[{"embeddable":true,"href":"https:\/\/www.athome.lu\/blog\/de\/wp-json\/wp\/v2\/media\/11457"}],"wp:attachment":[{"href":"https:\/\/www.athome.lu\/blog\/de\/wp-json\/wp\/v2\/media?parent=11455"}],"wp:term":[{"taxonomy":"category","embeddable":true,"href":"https:\/\/www.athome.lu\/blog\/de\/wp-json\/wp\/v2\/categories?post=11455"},{"taxonomy":"post_tag","embeddable":true,"href":"https:\/\/www.athome.lu\/blog\/de\/wp-json\/wp\/v2\/tags?post=11455"}],"curies":[{"name":"wp","href":"https:\/\/api.w.org\/{rel}","templated":true}]}}