{"id":11484,"date":"2018-08-17T09:04:12","date_gmt":"2018-08-17T08:04:12","guid":{"rendered":"https:\/\/www.athome.lu\/blog\/?p=11484"},"modified":"2022-05-11T17:04:45","modified_gmt":"2022-05-11T15:04:45","slug":"des-idees-deco-fur-dado-zimmer","status":"publish","type":"post","link":"https:\/\/www.athome.lu\/blog\/de\/mon-logement\/meuble-decoration\/des-idees-deco-pour-les-chambres-dado\/","title":{"rendered":"Dekorationsideen f\u00fcr Teenagerzimmer"},"content":{"rendered":"<p><span style=\"color: #000000;\">Wenn es darum geht, das Zimmer eines Teenagers neu einzurichten, sollten Eltern am besten nichts falsch machen. Die einfachste L\u00f6sung ist es, die Jugendlichen selbst an der Gestaltung ihres Zimmers mitwirken zu lassen. Wir zeigen Ihnen unsere Lieblingsideen, wie Sie das Zimmer Ihres Teenagers einrichten und dekorieren k\u00f6nnen.<\/span><\/p>\n<h2><span style=\"color: #000000;\"><strong>Teenagerzimmer: Die Trends<\/strong><\/span><\/h2>\n<p><span style=\"color: #000000;\">Jeder Teenager hat zwar seinen eigenen Geschmack und seine eigenen W\u00fcnsche, was die Einrichtung angeht, aber es gibt einige Trends, denen Sie trotzdem folgen k\u00f6nnen. <\/span><\/p>\n<p><span style=\"color: #000000;\">F\u00fcr M\u00e4dchenzimmer werden Sie Pastellfarben bevorzugen, ein pudriges Rosa oder ein zartes Gr\u00fcn f\u00fcr eine sanfte Dekoration.<\/span><\/p>\n<blockquote class=\"instagram-media\" style=\"background: #FFF; border: 0; border-radius: 3px; box-shadow: 0 0 1px 0 rgba(0,0,0,0.5),0 1px 10px 0 rgba(0,0,0,0.15); margin: 1px; max-width: 540px; min-width: 326px; padding: 0; width: calc(100% - 2px);\" data-instgrm-permalink=\"https:\/\/www.instagram.com\/p\/BZ7DTsvlLnj\/?utm_source=ig_embed\" data-instgrm-version=\"9\">\n<div style=\"padding: 8px;\">\n<div style=\"background: #F8F8F8; line-height: 0; margin-top: 40px; padding: 58.05555555555556% 0; text-align: center; width: 100%;\">\n<div style=\"background: url(data:image\/png; base64,ivborw0kggoaaaansuheugaaacwaaaascamaaaapwqozaaaabgdbtueaalgpc\/xhbqaaaafzukdcak7ohokaaaamuexurczmzpf399fx1+bm5mzy9amaaadisurbvdjlvzxbesmgces5\/p8\/t9furvcrmu73jwlzosgsiizurcjo\/ad+eqjjb4hv8bft+idpqocx1wjosbfhh2xssxeiyn3uli\/6mnree07uiwjev8ueowds88ly97kqytlijkktuybbruayvh5wohixmpi5we58ek028czwyuqdlkpg1bkb4nnm+veanfhqn1k4+gpt6ugqcvu2h2ovuif\/gwufyy8owepdyzsa3avcqpvovvzzz2vtnn2wu8qzvjddeto90gsy9mvlqtgysy231mxry6i2ggqjrty0l8fxcxfcbbhwrsyyaaaaaelftksuqmcc); display: block; height: 44px; margin: 0 auto -44px; position: relative; top: -22px; width: 44px;\">\u00a0<\/div>\n<\/div>\n<p style=\"color: #c9c8cd; font-family: Arial,sans-serif; font-size: 14px; line-height: 17px; margin-bottom: 0; margin-top: 8px; overflow: hidden; padding: 8px 0 7px; text-align: center; text-overflow: ellipsis; white-space: nowrap;\"><a style=\"color: #c9c8cd; font-family: Arial,sans-serif; font-size: 14px; font-style: normal; font-weight: normal; line-height: 17px; text-decoration: none;\" href=\"https:\/\/www.instagram.com\/p\/BZ7DTsvlLnj\/?utm_source=ig_embed\" target=\"_blank\" rel=\"noopener noreferrer\">Ein Beitrag geteilt von 3 Little Crowns (@3.little.crowns)<\/a> die <time style=\"font-family: Arial,sans-serif; font-size: 14px; line-height: 17px;\" datetime=\"2017-10-06T22:05:12+00:00\">6 Okt 2017 um 3:05 PDT<\/time><\/p>\n<\/div>\n<\/blockquote>\n<p><script async=\"\" defer=\"\" src=\"\/\/www.instagram.com\/embed.js\"><\/script><\/p>\n<p><span style=\"color: #000000;\">Ein weiterer Trend, der bei jungen M\u00e4dchen erfolgreich ist, ist der Bohemian Style.<\/span><\/p>\n<blockquote class=\"instagram-media\" style=\"background: #FFF; border: 0; border-radius: 3px; box-shadow: 0 0 1px 0 rgba(0,0,0,0.5),0 1px 10px 0 rgba(0,0,0,0.15); margin: 1px; max-width: 540px; min-width: 326px; padding: 0; width: calc(100% - 2px);\" data-instgrm-permalink=\"https:\/\/www.instagram.com\/p\/BluksJTgQRE\/?utm_source=ig_embed\" data-instgrm-version=\"9\">\n<div style=\"padding: 8px;\">\n<div style=\"background: #F8F8F8; line-height: 0; margin-top: 40px; padding: 50.0% 0; text-align: center; width: 100%;\">\n<div style=\"background: url(data:image\/png; base64,ivborw0kggoaaaansuheugaaacwaaaascamaaaapwqozaaaabgdbtueaalgpc\/xhbqaaaafzukdcak7ohokaaaamuexurczmzpf399fx1+bm5mzy9amaaadisurbvdjlvzxbesmgces5\/p8\/t9furvcrmu73jwlzosgsiizurcjo\/ad+eqjjb4hv8bft+idpqocx1wjosbfhh2xssxeiyn3uli\/6mnree07uiwjev8ueowds88ly97kqytlijkktuybbruayvh5wohixmpi5we58ek028czwyuqdlkpg1bkb4nnm+veanfhqn1k4+gpt6ugqcvu2h2ovuif\/gwufyy8owepdyzsa3avcqpvovvzzz2vtnn2wu8qzvjddeto90gsy9mvlqtgysy231mxry6i2ggqjrty0l8fxcxfcbbhwrsyyaaaaaelftksuqmcc); display: block; height: 44px; margin: 0 auto -44px; position: relative; top: -22px; width: 44px;\">\u00a0<\/div>\n<\/div>\n<p style=\"color: #c9c8cd; font-family: Arial,sans-serif; font-size: 14px; line-height: 17px; margin-bottom: 0; margin-top: 8px; overflow: hidden; padding: 8px 0 7px; text-align: center; text-overflow: ellipsis; white-space: nowrap;\"><a style=\"color: #c9c8cd; font-family: Arial,sans-serif; font-size: 14px; font-style: normal; font-weight: normal; line-height: 17px; text-decoration: none;\" href=\"https:\/\/www.instagram.com\/p\/BluksJTgQRE\/?utm_source=ig_embed\" target=\"_blank\" rel=\"noopener noreferrer\">Ein Beitrag geteilt von WIHISTORE (@wihistore)<\/a> die <time style=\"font-family: Arial,sans-serif; font-size: 14px; line-height: 17px;\" datetime=\"2018-07-27T08:03:30+00:00\">27 Jul 2018 um 1:03 PDT<\/time><\/p>\n<\/div>\n<\/blockquote>\n<p><script async=\"\" defer=\"\" src=\"\/\/www.instagram.com\/embed.js\"><\/script><\/p>\n<p><span style=\"color: #000000;\">Bei den Jungen ist der Industrie- oder \"Street Art\"-Stil beliebt.<\/span><\/p>\n<blockquote class=\"instagram-media\" style=\"background: #FFF; border: 0; border-radius: 3px; box-shadow: 0 0 1px 0 rgba(0,0,0,0.5),0 1px 10px 0 rgba(0,0,0,0.15); margin: 1px; max-width: 540px; min-width: 326px; padding: 0; width: calc(100% - 2px);\" data-instgrm-permalink=\"https:\/\/www.instagram.com\/p\/Bj9ZgO2n10k\/?utm_source=ig_embed\" data-instgrm-version=\"9\">\n<div style=\"padding: 8px;\">\n<div style=\"background: #F8F8F8; line-height: 0; margin-top: 40px; padding: 50.0% 0; text-align: center; width: 100%;\">\n<div style=\"background: url(data:image\/png; base64,ivborw0kggoaaaansuheugaaacwaaaascamaaaapwqozaaaabgdbtueaalgpc\/xhbqaaaafzukdcak7ohokaaaamuexurczmzpf399fx1+bm5mzy9amaaadisurbvdjlvzxbesmgces5\/p8\/t9furvcrmu73jwlzosgsiizurcjo\/ad+eqjjb4hv8bft+idpqocx1wjosbfhh2xssxeiyn3uli\/6mnree07uiwjev8ueowds88ly97kqytlijkktuybbruayvh5wohixmpi5we58ek028czwyuqdlkpg1bkb4nnm+veanfhqn1k4+gpt6ugqcvu2h2ovuif\/gwufyy8owepdyzsa3avcqpvovvzzz2vtnn2wu8qzvjddeto90gsy9mvlqtgysy231mxry6i2ggqjrty0l8fxcxfcbbhwrsyyaaaaaelftksuqmcc); display: block; height: 44px; margin: 0 auto -44px; position: relative; top: -22px; width: 44px;\">\u00a0<\/div>\n<\/div>\n<p style=\"color: #c9c8cd; font-family: Arial,sans-serif; font-size: 14px; line-height: 17px; margin-bottom: 0; margin-top: 8px; overflow: hidden; padding: 8px 0 7px; text-align: center; text-overflow: ellipsis; white-space: nowrap;\"><a style=\"color: #c9c8cd; font-family: Arial,sans-serif; font-size: 14px; font-style: normal; font-weight: normal; line-height: 17px; text-decoration: none;\" href=\"https:\/\/www.instagram.com\/p\/Bj9ZgO2n10k\/?utm_source=ig_embed\" target=\"_blank\" rel=\"noopener noreferrer\">Ein Beitrag geteilt von AC Designer d'Interieur (@acdesignerdinterieur)<\/a> die <time style=\"font-family: Arial,sans-serif; font-size: 14px; line-height: 17px;\" datetime=\"2018-06-13T09:11:34+00:00\">13 Juni 2018 um 2:11 PDT<\/time><\/p>\n<\/div>\n<\/blockquote>\n<p><script async=\"\" defer=\"\" src=\"\/\/www.instagram.com\/embed.js\"><\/script><\/p>\n<p><span style=\"color: #000000;\">F\u00fcr eine individuellere Dekoration sind Themenzimmer ebenfalls eine gute Alternative. Sie stehen unter dem Motto einer Reise oder des Lieblingssports Ihres Teenagers!<\/span><\/p>\n<blockquote class=\"instagram-media\" style=\"background: #FFF; border: 0; border-radius: 3px; box-shadow: 0 0 1px 0 rgba(0,0,0,0.5),0 1px 10px 0 rgba(0,0,0,0.15); margin: 1px; max-width: 540px; min-width: 326px; padding: 0; width: calc(100% - 2px);\" data-instgrm-permalink=\"https:\/\/www.instagram.com\/p\/BfyP12-gkej\/?utm_source=ig_embed\" data-instgrm-version=\"9\">\n<div style=\"padding: 8px;\">\n<div style=\"background: #F8F8F8; line-height: 0; margin-top: 40px; padding: 50.0% 0; text-align: center; width: 100%;\">\n<div style=\"background: url(data:image\/png; base64,ivborw0kggoaaaansuheugaaacwaaaascamaaaapwqozaaaabgdbtueaalgpc\/xhbqaaaafzukdcak7ohokaaaamuexurczmzpf399fx1+bm5mzy9amaaadisurbvdjlvzxbesmgces5\/p8\/t9furvcrmu73jwlzosgsiizurcjo\/ad+eqjjb4hv8bft+idpqocx1wjosbfhh2xssxeiyn3uli\/6mnree07uiwjev8ueowds88ly97kqytlijkktuybbruayvh5wohixmpi5we58ek028czwyuqdlkpg1bkb4nnm+veanfhqn1k4+gpt6ugqcvu2h2ovuif\/gwufyy8owepdyzsa3avcqpvovvzzz2vtnn2wu8qzvjddeto90gsy9mvlqtgysy231mxry6i2ggqjrty0l8fxcxfcbbhwrsyyaaaaaelftksuqmcc); display: block; height: 44px; margin: 0 auto -44px; position: relative; top: -22px; width: 44px;\">\u00a0<\/div>\n<\/div>\n<p style=\"color: #c9c8cd; font-family: Arial,sans-serif; font-size: 14px; line-height: 17px; margin-bottom: 0; margin-top: 8px; overflow: hidden; padding: 8px 0 7px; text-align: center; text-overflow: ellipsis; white-space: nowrap;\"><a style=\"color: #c9c8cd; font-family: Arial,sans-serif; font-size: 14px; font-style: normal; font-weight: normal; line-height: 17px; text-decoration: none;\" href=\"https:\/\/www.instagram.com\/p\/BfyP12-gkej\/?utm_source=ig_embed\" target=\"_blank\" rel=\"noopener noreferrer\">Ein Beitrag geteilt von Inspirasi Dekorasi Rumah (@desainrumahdantaman)<\/a> die <time style=\"font-family: Arial,sans-serif; font-size: 14px; line-height: 17px;\" datetime=\"2018-03-01T15:09:55+00:00\">1 M\u00e4rz 2018 um 7:09 PST<\/time><\/p>\n<\/div>\n<\/blockquote>\n<p><script async=\"\" defer=\"\" src=\"\/\/www.instagram.com\/embed.js\"><\/script><\/p>\n<p>Teilen auch Sie Ihre Deko-Ideen mit anderen! Hinterlassen Sie uns Ihre Kommentare.<\/p>\n\n<section id=\"section-3-14695\" class=\"ct-section\" ><div class=\"ct-section-inner-wrap\"><div id=\"div_block-4-14695\" class=\"ct-div-block\" ><div id=\"new_columns-7-14695\" class=\"ct-new-columns\" ><div id=\"div_block-8-14695\" class=\"ct-div-block\" ><div id=\"div_block-14-14695\" class=\"ct-div-block\" ><\/div><\/div><div id=\"div_block-9-14695\" class=\"ct-div-block\" ><h1 id=\"headline-11-14695\" class=\"ct-headline\">Wie hoch sind die Immobilienpreise derzeit?<\/h1><div id=\"text_block-12-14695\" class=\"ct-text-block\" >Die Preise verlangsamen sich. Die Zinss\u00e4tze steigen. Welche Trends sind in den kommenden Monaten zu erwarten?<\/div><a id=\"link_button-13-14695\" class=\"ct-link-button\" href=\"https:\/\/www.athome.lu\/blog\/blog\/marche-immobilier\/prix\/tendances-2022\/\" target=\"_blank\"  >Analyse lesen<\/a><\/div><\/div><\/div><\/div><\/section>","protected":false},"excerpt":{"rendered":"<p>Lorsqu\u2019il s\u2019agit de red\u00e9corer la chambre d\u2019un adolescent, mieux vaut, pour les parents, ne pas se tromper. La solution la plus simple est de laisser les jeunes participer \u00e0 la d\u00e9coration de leur propre chambre. Nous vous d\u00e9voilons nos id\u00e9es coup de c\u0153ur pour meubler et d\u00e9corer la chambre de votre ado. Chambre d\u2019adolescent\u00a0: les [&hellip;]<\/p>\n","protected":false},"author":17,"featured_media":11485,"comment_status":"closed","ping_status":"open","sticky":false,"template":"","format":"standard","meta":{"_acf_changed":false,"footnotes":""},"categories":[210],"tags":[88],"class_list":["post-11484","post","type-post","status-publish","format-standard","has-post-thumbnail","hentry","category-meuble-decoration","tag-chambre"],"acf":[],"yoast_head":"<!-- This site is optimized with the Yoast SEO plugin v27.4 - https:\/\/yoast.com\/product\/yoast-seo-wordpress\/ -->\n<title>Des id\u00e9es d\u00e9co pour les chambres d&#039;ado - atHome Blog<\/title>\n<meta name=\"description\" content=\"Nous vous d\u00e9voilons nos id\u00e9es coup de c\u0153ur pour meubler et d\u00e9corer la chambre de votre adolescent - en images.\" \/>\n<meta name=\"robots\" content=\"index, follow, max-snippet:-1, max-image-preview:large, max-video-preview:-1\" \/>\n<link rel=\"canonical\" href=\"https:\/\/www.athome.lu\/blog\/de\/mein-haus\/deko-mobel\/des-idees-deco-fur-dado-zimmer\/\" \/>\n<meta property=\"og:locale\" content=\"de_DE\" \/>\n<meta property=\"og:type\" content=\"article\" \/>\n<meta property=\"og:title\" content=\"Des id\u00e9es d\u00e9co pour les chambres d&#039;ado - atHome Blog\" \/>\n<meta property=\"og:description\" content=\"Nous vous d\u00e9voilons nos id\u00e9es coup de c\u0153ur pour meubler et d\u00e9corer la chambre de votre adolescent - en images.\" \/>\n<meta property=\"og:url\" content=\"https:\/\/www.athome.lu\/blog\/de\/mein-haus\/deko-mobel\/des-idees-deco-fur-dado-zimmer\/\" \/>\n<meta property=\"og:site_name\" content=\"atHome Blog\" \/>\n<meta property=\"article:publisher\" content=\"https:\/\/www.facebook.com\/atHome.lu\/\" \/>\n<meta property=\"article:published_time\" content=\"2018-08-17T08:04:12+00:00\" \/>\n<meta property=\"article:modified_time\" content=\"2022-05-11T15:04:45+00:00\" \/>\n<meta property=\"og:image\" content=\"https:\/\/www.athome.lu\/blog\/wp-content\/uploads\/2018\/08\/chambre-ado-1200-iStock-612751248.jpg\" \/>\n\t<meta property=\"og:image:width\" content=\"1200\" \/>\n\t<meta property=\"og:image:height\" content=\"800\" \/>\n\t<meta property=\"og:image:type\" content=\"image\/jpeg\" \/>\n<meta name=\"author\" content=\"Fanny Pimentel\" \/>\n<meta name=\"twitter:card\" content=\"summary_large_image\" \/>\n<meta name=\"twitter:creator\" content=\"@athomelu\" \/>\n<meta name=\"twitter:site\" content=\"@athomelu\" \/>\n<meta name=\"twitter:label1\" content=\"Verfasst von\" \/>\n\t<meta name=\"twitter:data1\" content=\"Fanny Pimentel\" \/>\n\t<meta name=\"twitter:label2\" content=\"Gesch\u00e4tzte Lesezeit\" \/>\n\t<meta name=\"twitter:data2\" content=\"2\u00a0Minuten\" \/>\n<script type=\"application\/ld+json\" class=\"yoast-schema-graph\">{\"@context\":\"https:\\\/\\\/schema.org\",\"@graph\":[{\"@type\":\"Article\",\"@id\":\"https:\\\/\\\/www.athome.lu\\\/blog\\\/mon-logement\\\/meuble-decoration\\\/des-idees-deco-pour-les-chambres-dado\\\/#article\",\"isPartOf\":{\"@id\":\"https:\\\/\\\/www.athome.lu\\\/blog\\\/mon-logement\\\/meuble-decoration\\\/des-idees-deco-pour-les-chambres-dado\\\/\"},\"author\":{\"name\":\"Fanny Pimentel\",\"@id\":\"https:\\\/\\\/www.athome.lu\\\/blog\\\/#\\\/schema\\\/person\\\/47f7a38089f837e792876ceddc4cb2dc\"},\"headline\":\"Des id\u00e9es d\u00e9co pour les chambres d'ado\",\"datePublished\":\"2018-08-17T08:04:12+00:00\",\"dateModified\":\"2022-05-11T15:04:45+00:00\",\"mainEntityOfPage\":{\"@id\":\"https:\\\/\\\/www.athome.lu\\\/blog\\\/mon-logement\\\/meuble-decoration\\\/des-idees-deco-pour-les-chambres-dado\\\/\"},\"wordCount\":248,\"image\":{\"@id\":\"https:\\\/\\\/www.athome.lu\\\/blog\\\/mon-logement\\\/meuble-decoration\\\/des-idees-deco-pour-les-chambres-dado\\\/#primaryimage\"},\"thumbnailUrl\":\"https:\\\/\\\/www.athome.lu\\\/blog\\\/wp-content\\\/uploads\\\/2018\\\/08\\\/chambre-ado-1200-iStock-612751248.jpg\",\"keywords\":[\"Chambre\"],\"articleSection\":[\"Meubler et D\u00e9corer\"],\"inLanguage\":\"de\"},{\"@type\":\"WebPage\",\"@id\":\"https:\\\/\\\/www.athome.lu\\\/blog\\\/mon-logement\\\/meuble-decoration\\\/des-idees-deco-pour-les-chambres-dado\\\/\",\"url\":\"https:\\\/\\\/www.athome.lu\\\/blog\\\/mon-logement\\\/meuble-decoration\\\/des-idees-deco-pour-les-chambres-dado\\\/\",\"name\":\"Des id\u00e9es d\u00e9co pour les chambres d'ado - atHome Blog\",\"isPartOf\":{\"@id\":\"https:\\\/\\\/www.athome.lu\\\/blog\\\/#website\"},\"primaryImageOfPage\":{\"@id\":\"https:\\\/\\\/www.athome.lu\\\/blog\\\/mon-logement\\\/meuble-decoration\\\/des-idees-deco-pour-les-chambres-dado\\\/#primaryimage\"},\"image\":{\"@id\":\"https:\\\/\\\/www.athome.lu\\\/blog\\\/mon-logement\\\/meuble-decoration\\\/des-idees-deco-pour-les-chambres-dado\\\/#primaryimage\"},\"thumbnailUrl\":\"https:\\\/\\\/www.athome.lu\\\/blog\\\/wp-content\\\/uploads\\\/2018\\\/08\\\/chambre-ado-1200-iStock-612751248.jpg\",\"datePublished\":\"2018-08-17T08:04:12+00:00\",\"dateModified\":\"2022-05-11T15:04:45+00:00\",\"author\":{\"@id\":\"https:\\\/\\\/www.athome.lu\\\/blog\\\/#\\\/schema\\\/person\\\/47f7a38089f837e792876ceddc4cb2dc\"},\"description\":\"Nous vous d\u00e9voilons nos id\u00e9es coup de c\u0153ur pour meubler et d\u00e9corer la chambre de votre adolescent - en images.\",\"breadcrumb\":{\"@id\":\"https:\\\/\\\/www.athome.lu\\\/blog\\\/mon-logement\\\/meuble-decoration\\\/des-idees-deco-pour-les-chambres-dado\\\/#breadcrumb\"},\"inLanguage\":\"de\",\"potentialAction\":[{\"@type\":\"ReadAction\",\"target\":[\"https:\\\/\\\/www.athome.lu\\\/blog\\\/mon-logement\\\/meuble-decoration\\\/des-idees-deco-pour-les-chambres-dado\\\/\"]}]},{\"@type\":\"ImageObject\",\"inLanguage\":\"de\",\"@id\":\"https:\\\/\\\/www.athome.lu\\\/blog\\\/mon-logement\\\/meuble-decoration\\\/des-idees-deco-pour-les-chambres-dado\\\/#primaryimage\",\"url\":\"https:\\\/\\\/www.athome.lu\\\/blog\\\/wp-content\\\/uploads\\\/2018\\\/08\\\/chambre-ado-1200-iStock-612751248.jpg\",\"contentUrl\":\"https:\\\/\\\/www.athome.lu\\\/blog\\\/wp-content\\\/uploads\\\/2018\\\/08\\\/chambre-ado-1200-iStock-612751248.jpg\",\"width\":1200,\"height\":800,\"caption\":\"D\u00e9coration chambre adolescent\"},{\"@type\":\"BreadcrumbList\",\"@id\":\"https:\\\/\\\/www.athome.lu\\\/blog\\\/mon-logement\\\/meuble-decoration\\\/des-idees-deco-pour-les-chambres-dado\\\/#breadcrumb\",\"itemListElement\":[{\"@type\":\"ListItem\",\"position\":1,\"name\":\"Accueil\",\"item\":\"https:\\\/\\\/www.athome.lu\\\/blog\\\/\"},{\"@type\":\"ListItem\",\"position\":2,\"name\":\"Mon logement\",\"item\":\"https:\\\/\\\/www.athome.lu\\\/blog\\\/de\\\/category\\\/mein-haus\\\/\"},{\"@type\":\"ListItem\",\"position\":3,\"name\":\"Meubler et D\u00e9corer\",\"item\":\"https:\\\/\\\/www.athome.lu\\\/blog\\\/de\\\/category\\\/mein-haus\\\/deko-mobel\\\/\"},{\"@type\":\"ListItem\",\"position\":4,\"name\":\"Des id\u00e9es d\u00e9co pour les chambres d'ado\"}]},{\"@type\":\"WebSite\",\"@id\":\"https:\\\/\\\/www.athome.lu\\\/blog\\\/#website\",\"url\":\"https:\\\/\\\/www.athome.lu\\\/blog\\\/\",\"name\":\"atHome Blog\",\"description\":\"Annonces immobili\u00e8res au Luxembourg. Le portail immobilier n\u00b01 au Luxembourg.\",\"potentialAction\":[{\"@type\":\"SearchAction\",\"target\":{\"@type\":\"EntryPoint\",\"urlTemplate\":\"https:\\\/\\\/www.athome.lu\\\/blog\\\/?s={search_term_string}\"},\"query-input\":{\"@type\":\"PropertyValueSpecification\",\"valueRequired\":true,\"valueName\":\"search_term_string\"}}],\"inLanguage\":\"de\"},{\"@type\":\"Person\",\"@id\":\"https:\\\/\\\/www.athome.lu\\\/blog\\\/#\\\/schema\\\/person\\\/47f7a38089f837e792876ceddc4cb2dc\",\"name\":\"Fanny Pimentel\",\"image\":{\"@type\":\"ImageObject\",\"inLanguage\":\"de\",\"@id\":\"https:\\\/\\\/secure.gravatar.com\\\/avatar\\\/c60b27b93851dc9503f9cc9150e73dcb0a86ba6150657e5e4b11d988400bc633?s=96&d=mm&r=g\",\"url\":\"https:\\\/\\\/secure.gravatar.com\\\/avatar\\\/c60b27b93851dc9503f9cc9150e73dcb0a86ba6150657e5e4b11d988400bc633?s=96&d=mm&r=g\",\"contentUrl\":\"https:\\\/\\\/secure.gravatar.com\\\/avatar\\\/c60b27b93851dc9503f9cc9150e73dcb0a86ba6150657e5e4b11d988400bc633?s=96&d=mm&r=g\",\"caption\":\"Fanny Pimentel\"}}]}<\/script>\n<!-- \/ Yoast SEO plugin. -->","yoast_head_json":{"title":"Dekorationsideen f\u00fcr Teenagerzimmer - atHome Blog","description":"Wir zeigen Ihnen unsere Lieblingsideen f\u00fcr die Einrichtung und Dekoration des Zimmers Ihres Teenagers - in Bildern.","robots":{"index":"index","follow":"follow","max-snippet":"max-snippet:-1","max-image-preview":"max-image-preview:large","max-video-preview":"max-video-preview:-1"},"canonical":"https:\/\/www.athome.lu\/blog\/de\/mein-haus\/deko-mobel\/des-idees-deco-fur-dado-zimmer\/","og_locale":"de_DE","og_type":"article","og_title":"Des id\u00e9es d\u00e9co pour les chambres d'ado - atHome Blog","og_description":"Nous vous d\u00e9voilons nos id\u00e9es coup de c\u0153ur pour meubler et d\u00e9corer la chambre de votre adolescent - en images.","og_url":"https:\/\/www.athome.lu\/blog\/de\/mein-haus\/deko-mobel\/des-idees-deco-fur-dado-zimmer\/","og_site_name":"atHome Blog","article_publisher":"https:\/\/www.facebook.com\/atHome.lu\/","article_published_time":"2018-08-17T08:04:12+00:00","article_modified_time":"2022-05-11T15:04:45+00:00","og_image":[{"width":1200,"height":800,"url":"https:\/\/www.athome.lu\/blog\/wp-content\/uploads\/2018\/08\/chambre-ado-1200-iStock-612751248.jpg","type":"image\/jpeg"}],"author":"Fanny Pimentel","twitter_card":"summary_large_image","twitter_creator":"@athomelu","twitter_site":"@athomelu","twitter_misc":{"Verfasst von":"Fanny Pimentel","Gesch\u00e4tzte Lesezeit":"2\u00a0Minuten"},"schema":{"@context":"https:\/\/schema.org","@graph":[{"@type":"Article","@id":"https:\/\/www.athome.lu\/blog\/mon-logement\/meuble-decoration\/des-idees-deco-pour-les-chambres-dado\/#article","isPartOf":{"@id":"https:\/\/www.athome.lu\/blog\/mon-logement\/meuble-decoration\/des-idees-deco-pour-les-chambres-dado\/"},"author":{"name":"Fanny Pimentel","@id":"https:\/\/www.athome.lu\/blog\/#\/schema\/person\/47f7a38089f837e792876ceddc4cb2dc"},"headline":"Des id\u00e9es d\u00e9co pour les chambres d'ado","datePublished":"2018-08-17T08:04:12+00:00","dateModified":"2022-05-11T15:04:45+00:00","mainEntityOfPage":{"@id":"https:\/\/www.athome.lu\/blog\/mon-logement\/meuble-decoration\/des-idees-deco-pour-les-chambres-dado\/"},"wordCount":248,"image":{"@id":"https:\/\/www.athome.lu\/blog\/mon-logement\/meuble-decoration\/des-idees-deco-pour-les-chambres-dado\/#primaryimage"},"thumbnailUrl":"https:\/\/www.athome.lu\/blog\/wp-content\/uploads\/2018\/08\/chambre-ado-1200-iStock-612751248.jpg","keywords":["Chambre"],"articleSection":["Meubler et D\u00e9corer"],"inLanguage":"de"},{"@type":"WebPage","@id":"https:\/\/www.athome.lu\/blog\/mon-logement\/meuble-decoration\/des-idees-deco-pour-les-chambres-dado\/","url":"https:\/\/www.athome.lu\/blog\/mon-logement\/meuble-decoration\/des-idees-deco-pour-les-chambres-dado\/","name":"Dekorationsideen f\u00fcr Teenagerzimmer - atHome Blog","isPartOf":{"@id":"https:\/\/www.athome.lu\/blog\/#website"},"primaryImageOfPage":{"@id":"https:\/\/www.athome.lu\/blog\/mon-logement\/meuble-decoration\/des-idees-deco-pour-les-chambres-dado\/#primaryimage"},"image":{"@id":"https:\/\/www.athome.lu\/blog\/mon-logement\/meuble-decoration\/des-idees-deco-pour-les-chambres-dado\/#primaryimage"},"thumbnailUrl":"https:\/\/www.athome.lu\/blog\/wp-content\/uploads\/2018\/08\/chambre-ado-1200-iStock-612751248.jpg","datePublished":"2018-08-17T08:04:12+00:00","dateModified":"2022-05-11T15:04:45+00:00","author":{"@id":"https:\/\/www.athome.lu\/blog\/#\/schema\/person\/47f7a38089f837e792876ceddc4cb2dc"},"description":"Wir zeigen Ihnen unsere Lieblingsideen f\u00fcr die Einrichtung und Dekoration des Zimmers Ihres Teenagers - in Bildern.","breadcrumb":{"@id":"https:\/\/www.athome.lu\/blog\/mon-logement\/meuble-decoration\/des-idees-deco-pour-les-chambres-dado\/#breadcrumb"},"inLanguage":"de","potentialAction":[{"@type":"ReadAction","target":["https:\/\/www.athome.lu\/blog\/mon-logement\/meuble-decoration\/des-idees-deco-pour-les-chambres-dado\/"]}]},{"@type":"ImageObject","inLanguage":"de","@id":"https:\/\/www.athome.lu\/blog\/mon-logement\/meuble-decoration\/des-idees-deco-pour-les-chambres-dado\/#primaryimage","url":"https:\/\/www.athome.lu\/blog\/wp-content\/uploads\/2018\/08\/chambre-ado-1200-iStock-612751248.jpg","contentUrl":"https:\/\/www.athome.lu\/blog\/wp-content\/uploads\/2018\/08\/chambre-ado-1200-iStock-612751248.jpg","width":1200,"height":800,"caption":"D\u00e9coration chambre adolescent"},{"@type":"BreadcrumbList","@id":"https:\/\/www.athome.lu\/blog\/mon-logement\/meuble-decoration\/des-idees-deco-pour-les-chambres-dado\/#breadcrumb","itemListElement":[{"@type":"ListItem","position":1,"name":"Accueil","item":"https:\/\/www.athome.lu\/blog\/"},{"@type":"ListItem","position":2,"name":"Mon logement","item":"https:\/\/www.athome.lu\/blog\/de\/category\/mein-haus\/"},{"@type":"ListItem","position":3,"name":"Meubler et D\u00e9corer","item":"https:\/\/www.athome.lu\/blog\/de\/category\/mein-haus\/deko-mobel\/"},{"@type":"ListItem","position":4,"name":"Des id\u00e9es d\u00e9co pour les chambres d'ado"}]},{"@type":"WebSite","@id":"https:\/\/www.athome.lu\/blog\/#website","url":"https:\/\/www.athome.lu\/blog\/","name":"atHome Blog","description":"Immobilienanzeigen in Luxemburg. Das Immobilienportal Nr. 1 in Luxemburg.","potentialAction":[{"@type":"SearchAction","target":{"@type":"EntryPoint","urlTemplate":"https:\/\/www.athome.lu\/blog\/?s={search_term_string}"},"query-input":{"@type":"PropertyValueSpecification","valueRequired":true,"valueName":"search_term_string"}}],"inLanguage":"de"},{"@type":"Person","@id":"https:\/\/www.athome.lu\/blog\/#\/schema\/person\/47f7a38089f837e792876ceddc4cb2dc","name":"Fanny Pimentel","image":{"@type":"ImageObject","inLanguage":"de","@id":"https:\/\/secure.gravatar.com\/avatar\/c60b27b93851dc9503f9cc9150e73dcb0a86ba6150657e5e4b11d988400bc633?s=96&d=mm&r=g","url":"https:\/\/secure.gravatar.com\/avatar\/c60b27b93851dc9503f9cc9150e73dcb0a86ba6150657e5e4b11d988400bc633?s=96&d=mm&r=g","contentUrl":"https:\/\/secure.gravatar.com\/avatar\/c60b27b93851dc9503f9cc9150e73dcb0a86ba6150657e5e4b11d988400bc633?s=96&d=mm&r=g","caption":"Fanny Pimentel"}}]}},"featured_media_src_url":"https:\/\/www.athome.lu\/blog\/wp-content\/uploads\/2018\/08\/chambre-ado-1200-iStock-612751248-1024x683.jpg","_links":{"self":[{"href":"https:\/\/www.athome.lu\/blog\/de\/wp-json\/wp\/v2\/posts\/11484","targetHints":{"allow":["GET"]}}],"collection":[{"href":"https:\/\/www.athome.lu\/blog\/de\/wp-json\/wp\/v2\/posts"}],"about":[{"href":"https:\/\/www.athome.lu\/blog\/de\/wp-json\/wp\/v2\/types\/post"}],"author":[{"embeddable":true,"href":"https:\/\/www.athome.lu\/blog\/de\/wp-json\/wp\/v2\/users\/17"}],"replies":[{"embeddable":true,"href":"https:\/\/www.athome.lu\/blog\/de\/wp-json\/wp\/v2\/comments?post=11484"}],"version-history":[{"count":2,"href":"https:\/\/www.athome.lu\/blog\/de\/wp-json\/wp\/v2\/posts\/11484\/revisions"}],"predecessor-version":[{"id":15113,"href":"https:\/\/www.athome.lu\/blog\/de\/wp-json\/wp\/v2\/posts\/11484\/revisions\/15113"}],"wp:featuredmedia":[{"embeddable":true,"href":"https:\/\/www.athome.lu\/blog\/de\/wp-json\/wp\/v2\/media\/11485"}],"wp:attachment":[{"href":"https:\/\/www.athome.lu\/blog\/de\/wp-json\/wp\/v2\/media?parent=11484"}],"wp:term":[{"taxonomy":"category","embeddable":true,"href":"https:\/\/www.athome.lu\/blog\/de\/wp-json\/wp\/v2\/categories?post=11484"},{"taxonomy":"post_tag","embeddable":true,"href":"https:\/\/www.athome.lu\/blog\/de\/wp-json\/wp\/v2\/tags?post=11484"}],"curies":[{"name":"wp","href":"https:\/\/api.w.org\/{rel}","templated":true}]}}