{"id":11521,"date":"2018-09-13T08:43:49","date_gmt":"2018-09-13T07:43:49","guid":{"rendered":"https:\/\/www.athome.lu\/blog\/?p=11521"},"modified":"2022-05-11T16:57:05","modified_gmt":"2022-05-11T14:57:05","slug":"wie-kann-man-eine-abime-wand-anziehen","status":"publish","type":"post","link":"https:\/\/www.athome.lu\/blog\/de\/mon-logement\/travaux-renovation\/comment-habiller-un-mur-abime\/","title":{"rendered":"Wie verkleidet man eine besch\u00e4digte Wand?"},"content":{"rendered":"<p><span style=\"color: #000000;\">Ist eine Ihrer W\u00e4nde schadhaft und Sie planen, die Decke zu verputzen? Haben Sie schon daran gedacht, die Wand zu versch\u00f6nern, bevor Sie zu den gro\u00dfen Mitteln greifen? Es gibt viele M\u00f6glichkeiten, eine besch\u00e4digte Wand zu versch\u00f6nern. Hier sind unsere Favoriten...<\/span><\/p>\n\n\n\n<h2 class=\"wp-block-heading\"><span style=\"color: #000000;\"><strong>Verbergen eines Defekts hoch oben an einer Wand<\/strong><\/span><\/h2>\n\n\n\n<p><span style=\"color: #000000;\">Ein Schnitt, abbl\u00e4tternde Farbe, ein Loch... so klein sie auch sein m\u00f6gen, diese Art von Unannehmlichkeiten erfordern oft eine Renovierung der gesamten Wand. Wenn sie hoch oben sind, k\u00f6nnen Sie sie mit einem der folgenden Deko-Tipps verbergen:<\/span><\/p>\n\n\n\n<ol class=\"wp-block-list\"><li><span style=\"color: #000000;\"><strong>Tapete&nbsp;<\/strong><\/span><\/li><\/ol>\n\n\n\n<p><span style=\"color: #000000;\">Sie ist nicht mehr wegzudenken und in zahlreichen Texturen und Farben erh\u00e4ltlich. Sie k\u00f6nnen sie auf einer ganzen Wand oder sparsam verwenden, um in einem Raum einen Bereich zu schaffen, der einer bestimmten Funktion gewidmet ist, denn sie verleiht Stil. Verwenden Sie eine oder mehrere Bahnen, um Ihre Wand zu verkleiden und Fehler zu kaschieren.<\/span><\/p>\n\n\n\n<ol class=\"wp-block-list\" start=\"2\"><li><span style=\"color: #000000;\"><strong>Bilderrahmen und Spiegel<\/strong><\/span><\/li><\/ol>\n\n\n\n<p><span style=\"color: #000000;\">Fotografien, Gem\u00e4lde oder Vintage-inspirierte Schilder - Wanddekorationen sind eine einfache M\u00f6glichkeit, eine Unvollkommenheit in einer Wand zu verbergen. Entscheiden Sie sich f\u00fcr einen Maxi-Rahmen, der allein einen gro\u00dfen Raum ausf\u00fcllt, oder f\u00fcr zahlreiche Rahmen und Spiegel in verschiedenen Gr\u00f6\u00dfen und Materialien. Mit dieser L\u00f6sung k\u00f6nnen Sie mehrere Unvollkommenheiten verbergen, ohne dass Sie eine Renovierung vornehmen m\u00fcssen.<\/span><\/p>\n\n\n\n<ol class=\"wp-block-list\" start=\"3\"><li><span style=\"color: #000000;\"><strong>Der Teppich<\/strong><\/span><\/li><\/ol>\n\n\n\n<p><span style=\"color: #000000;\">In unseren westlichen Breitengraden neigt man dazu, Teppiche ausschlie\u00dflich auf dem Boden zu verwenden. Nichts hindert uns jedoch daran, uns von orientalischen Dekorationstrends inspirieren zu lassen und sie an unseren W\u00e4nden aufzuh\u00e4ngen. Ein Wandteppich sollte leicht und grafisch sein. Je nach Design des Teppichs werden Wandfehler perfekt kaschiert und machen Platz f\u00fcr eine ethnisch inspirierte oder zeitgen\u00f6ssische Dekoration.<\/span><\/p>\n\n\n\n<h2 class=\"wp-block-heading\"><span style=\"color: #000000;\"><strong>Eine Unvollkommenheit an der Unterseite einer Wand kaschieren<\/strong><\/span><\/h2>\n\n\n\n<p><span style=\"color: #000000;\">Hat Ihre Wand M\u00e4ngel, die sich unterhalb des Meters befinden? Es gibt mehrere M\u00f6glichkeiten, diese zu verbergen:<\/span><\/p>\n\n\n\n<ol class=\"wp-block-list\"><li><span style=\"color: #000000;\"><strong>Der Unterbau aus Holz oder Stein<\/strong><\/span><\/li><\/ol>\n\n\n\n<p><span style=\"color: #000000;\">Der dekorative Holzsockel ist ideal, um eine stark besch\u00e4digte Wand zu verkleiden, und verleiht Ihrem Zuhause eine gewisse Eleganz. Er l\u00e4sst sich leicht streichen und sieht auch in Wei\u00df sehr gut aus, um einen schicken Haussmann-Stil zu erzielen. Sie bevorzugen Stein statt Holz? Gestalten Sie den Sockel einer Mauer mit Verblendsteinen. Auf dem Markt gibt es zahlreiche Steint\u00f6ne, die von der sehr klassischen Sandfarbe bis zum modernen Schwarz reichen.<\/span><\/p>\n\n\n\n<ol class=\"wp-block-list\" start=\"2\"><li><span style=\"color: #000000;\"><strong>Die Holzverblendplatte<\/strong><\/span><\/li><\/ol>\n\n\n\n<p><span style=\"color: #000000;\">Ob zum Streichen oder bereits bedruckt, die Holzplatte erm\u00f6glicht es, kleinere oder gr\u00f6\u00dfere Sch\u00e4den zu verbergen. Als moderne Version der honigfarbenen Holzverkleidung verleiht sie Ihrem Raum Identit\u00e4t. Sie k\u00f6nnen sie als Sockel verwenden, indem Sie einen Abschluss mit einer dekorativen Leiste herstellen, oder sich f\u00fcr die vollst\u00e4ndige Abdeckung der besch\u00e4digten Wand entscheiden.  Au\u00dferdem ist die Holzvert\u00e4felung eine hervorragende W\u00e4rme- und Schalld\u00e4mmung.<\/span><\/p>\n\n\n\n<p><span style=\"color: #000000;\">Das Verdecken eines Defekts in einer Wand erspart Ihnen umfangreiche Arbeiten, die sich oft \u00fcber die besch\u00e4digte Fl\u00e4che hinaus erstrecken. So k\u00f6nnen Sie sich an einem sch\u00f6n dekorierten Innenraum erfreuen, w\u00e4hrend Sie auf den richtigen Zeitpunkt f\u00fcr die Durchf\u00fchrung der Arbeiten warten.<\/span><\/p>\n\n\n<section id=\"section-3-14695\" class=\"ct-section\" ><div class=\"ct-section-inner-wrap\"><div id=\"div_block-4-14695\" class=\"ct-div-block\" ><div id=\"new_columns-7-14695\" class=\"ct-new-columns\" ><div id=\"div_block-8-14695\" class=\"ct-div-block\" ><div id=\"div_block-14-14695\" class=\"ct-div-block\" ><\/div><\/div><div id=\"div_block-9-14695\" class=\"ct-div-block\" ><h1 id=\"headline-11-14695\" class=\"ct-headline\">Wie hoch sind die Immobilienpreise derzeit?<\/h1><div id=\"text_block-12-14695\" class=\"ct-text-block\" >Die Preise verlangsamen sich. Die Zinss\u00e4tze steigen. Welche Trends sind in den kommenden Monaten zu erwarten?<\/div><a id=\"link_button-13-14695\" class=\"ct-link-button\" href=\"https:\/\/www.athome.lu\/blog\/blog\/marche-immobilier\/prix\/tendances-2022\/\" target=\"_blank\"  >Analyse lesen<\/a><\/div><\/div><\/div><\/div><\/section>","protected":false},"excerpt":{"rendered":"<p>L\u2019un de vos murs est ab\u00eem\u00e9 et vous envisagez d\u2019entreprendre des travaux de plafonnage&nbsp;? Avant d\u2019employer les grands moyens, avez-vous pens\u00e9 \u00e0 le d\u00e9corer&nbsp;? Il existe de nombreuses fa\u00e7ons d\u2019habiller un mur ab\u00eem\u00e9. Voici nos pr\u00e9f\u00e9r\u00e9es\u2026 Dissimuler un d\u00e9faut en hauteur sur un mur Coup, peinture qui s\u2019\u00e9caille, trou\u2026 si petits soient-ils, ce genre de [&hellip;]<\/p>\n","protected":false},"author":17,"featured_media":11523,"comment_status":"closed","ping_status":"open","sticky":false,"template":"","format":"standard","meta":{"_acf_changed":false,"footnotes":""},"categories":[205],"tags":[79],"class_list":["post-11521","post","type-post","status-publish","format-standard","has-post-thumbnail","hentry","category-travaux-renovation","tag-decoration"],"acf":[],"yoast_head":"<!-- This site is optimized with the Yoast SEO plugin v27.5 - https:\/\/yoast.com\/product\/yoast-seo-wordpress\/ -->\n<title>Astuce d\u00e9co: Comment habiller un mur ab\u00eem\u00e9 ? | atHome<\/title>\n<meta name=\"description\" content=\"Votre mur est ab\u00eem\u00e9 et vous envisagez de faire des travaux ? Il existe de nombreuses fa\u00e7ons d\u2019habiller un mur ab\u00eem\u00e9. Voici nos pr\u00e9f\u00e9r\u00e9es !\" \/>\n<meta name=\"robots\" content=\"index, follow, max-snippet:-1, max-image-preview:large, max-video-preview:-1\" \/>\n<link rel=\"canonical\" href=\"https:\/\/www.athome.lu\/blog\/de\/mein-haus\/renovieren\/wie-kann-man-eine-abime-wand-anziehen\/\" \/>\n<meta property=\"og:locale\" content=\"de_DE\" \/>\n<meta property=\"og:type\" content=\"article\" \/>\n<meta property=\"og:title\" content=\"Astuce d\u00e9co: Comment habiller un mur ab\u00eem\u00e9 ? | atHome\" \/>\n<meta property=\"og:description\" content=\"Votre mur est ab\u00eem\u00e9 et vous envisagez de faire des travaux ? Il existe de nombreuses fa\u00e7ons d\u2019habiller un mur ab\u00eem\u00e9. Voici nos pr\u00e9f\u00e9r\u00e9es !\" \/>\n<meta property=\"og:url\" content=\"https:\/\/www.athome.lu\/blog\/de\/mein-haus\/renovieren\/wie-kann-man-eine-abime-wand-anziehen\/\" \/>\n<meta property=\"og:site_name\" content=\"atHome Blog\" \/>\n<meta property=\"article:publisher\" content=\"https:\/\/www.facebook.com\/atHome.lu\/\" \/>\n<meta property=\"article:published_time\" content=\"2018-09-13T07:43:49+00:00\" \/>\n<meta property=\"article:modified_time\" content=\"2022-05-11T14:57:05+00:00\" \/>\n<meta property=\"og:image\" content=\"https:\/\/www.athome.lu\/blog\/wp-content\/uploads\/2018\/09\/mur-abime.jpg\" \/>\n\t<meta property=\"og:image:width\" content=\"1200\" \/>\n\t<meta property=\"og:image:height\" content=\"800\" \/>\n\t<meta property=\"og:image:type\" content=\"image\/jpeg\" \/>\n<meta name=\"author\" content=\"Fanny Pimentel\" \/>\n<meta name=\"twitter:card\" content=\"summary_large_image\" \/>\n<meta name=\"twitter:creator\" content=\"@athomelu\" \/>\n<meta name=\"twitter:site\" content=\"@athomelu\" \/>\n<meta name=\"twitter:label1\" content=\"Verfasst von\" \/>\n\t<meta name=\"twitter:data1\" content=\"Fanny Pimentel\" \/>\n\t<meta name=\"twitter:label2\" content=\"Gesch\u00e4tzte Lesezeit\" \/>\n\t<meta name=\"twitter:data2\" content=\"3\u00a0Minuten\" \/>\n<script type=\"application\/ld+json\" class=\"yoast-schema-graph\">{\"@context\":\"https:\\\/\\\/schema.org\",\"@graph\":[{\"@type\":\"Article\",\"@id\":\"https:\\\/\\\/www.athome.lu\\\/blog\\\/mon-logement\\\/travaux-renovation\\\/comment-habiller-un-mur-abime\\\/#article\",\"isPartOf\":{\"@id\":\"https:\\\/\\\/www.athome.lu\\\/blog\\\/mon-logement\\\/travaux-renovation\\\/comment-habiller-un-mur-abime\\\/\"},\"author\":{\"name\":\"Fanny Pimentel\",\"@id\":\"https:\\\/\\\/www.athome.lu\\\/blog\\\/#\\\/schema\\\/person\\\/47f7a38089f837e792876ceddc4cb2dc\"},\"headline\":\"Comment habiller un mur ab\u00eem\u00e9 ?\",\"datePublished\":\"2018-09-13T07:43:49+00:00\",\"dateModified\":\"2022-05-11T14:57:05+00:00\",\"mainEntityOfPage\":{\"@id\":\"https:\\\/\\\/www.athome.lu\\\/blog\\\/mon-logement\\\/travaux-renovation\\\/comment-habiller-un-mur-abime\\\/\"},\"wordCount\":557,\"image\":{\"@id\":\"https:\\\/\\\/www.athome.lu\\\/blog\\\/mon-logement\\\/travaux-renovation\\\/comment-habiller-un-mur-abime\\\/#primaryimage\"},\"thumbnailUrl\":\"https:\\\/\\\/www.athome.lu\\\/blog\\\/wp-content\\\/uploads\\\/2018\\\/09\\\/mur-abime.jpg\",\"keywords\":[\"D\u00e9coration\"],\"articleSection\":[\"Travaux et r\u00e9novation\"],\"inLanguage\":\"de\"},{\"@type\":\"WebPage\",\"@id\":\"https:\\\/\\\/www.athome.lu\\\/blog\\\/mon-logement\\\/travaux-renovation\\\/comment-habiller-un-mur-abime\\\/\",\"url\":\"https:\\\/\\\/www.athome.lu\\\/blog\\\/mon-logement\\\/travaux-renovation\\\/comment-habiller-un-mur-abime\\\/\",\"name\":\"Astuce d\u00e9co: Comment habiller un mur ab\u00eem\u00e9 ? | atHome\",\"isPartOf\":{\"@id\":\"https:\\\/\\\/www.athome.lu\\\/blog\\\/#website\"},\"primaryImageOfPage\":{\"@id\":\"https:\\\/\\\/www.athome.lu\\\/blog\\\/mon-logement\\\/travaux-renovation\\\/comment-habiller-un-mur-abime\\\/#primaryimage\"},\"image\":{\"@id\":\"https:\\\/\\\/www.athome.lu\\\/blog\\\/mon-logement\\\/travaux-renovation\\\/comment-habiller-un-mur-abime\\\/#primaryimage\"},\"thumbnailUrl\":\"https:\\\/\\\/www.athome.lu\\\/blog\\\/wp-content\\\/uploads\\\/2018\\\/09\\\/mur-abime.jpg\",\"datePublished\":\"2018-09-13T07:43:49+00:00\",\"dateModified\":\"2022-05-11T14:57:05+00:00\",\"author\":{\"@id\":\"https:\\\/\\\/www.athome.lu\\\/blog\\\/#\\\/schema\\\/person\\\/47f7a38089f837e792876ceddc4cb2dc\"},\"description\":\"Votre mur est ab\u00eem\u00e9 et vous envisagez de faire des travaux ? Il existe de nombreuses fa\u00e7ons d\u2019habiller un mur ab\u00eem\u00e9. Voici nos pr\u00e9f\u00e9r\u00e9es !\",\"breadcrumb\":{\"@id\":\"https:\\\/\\\/www.athome.lu\\\/blog\\\/mon-logement\\\/travaux-renovation\\\/comment-habiller-un-mur-abime\\\/#breadcrumb\"},\"inLanguage\":\"de\",\"potentialAction\":[{\"@type\":\"ReadAction\",\"target\":[\"https:\\\/\\\/www.athome.lu\\\/blog\\\/mon-logement\\\/travaux-renovation\\\/comment-habiller-un-mur-abime\\\/\"]}]},{\"@type\":\"ImageObject\",\"inLanguage\":\"de\",\"@id\":\"https:\\\/\\\/www.athome.lu\\\/blog\\\/mon-logement\\\/travaux-renovation\\\/comment-habiller-un-mur-abime\\\/#primaryimage\",\"url\":\"https:\\\/\\\/www.athome.lu\\\/blog\\\/wp-content\\\/uploads\\\/2018\\\/09\\\/mur-abime.jpg\",\"contentUrl\":\"https:\\\/\\\/www.athome.lu\\\/blog\\\/wp-content\\\/uploads\\\/2018\\\/09\\\/mur-abime.jpg\",\"width\":1200,\"height\":800,\"caption\":\"Comment habiller un mur ab\u00eem\u00e9 ?\"},{\"@type\":\"BreadcrumbList\",\"@id\":\"https:\\\/\\\/www.athome.lu\\\/blog\\\/mon-logement\\\/travaux-renovation\\\/comment-habiller-un-mur-abime\\\/#breadcrumb\",\"itemListElement\":[{\"@type\":\"ListItem\",\"position\":1,\"name\":\"Accueil\",\"item\":\"https:\\\/\\\/www.athome.lu\\\/blog\\\/\"},{\"@type\":\"ListItem\",\"position\":2,\"name\":\"Mon logement\",\"item\":\"https:\\\/\\\/www.athome.lu\\\/blog\\\/de\\\/category\\\/mein-haus\\\/\"},{\"@type\":\"ListItem\",\"position\":3,\"name\":\"Travaux et r\u00e9novation\",\"item\":\"https:\\\/\\\/www.athome.lu\\\/blog\\\/en\\\/category\\\/my-home\\\/renovate\\\/\"},{\"@type\":\"ListItem\",\"position\":4,\"name\":\"Comment habiller un mur ab\u00eem\u00e9 ?\"}]},{\"@type\":\"WebSite\",\"@id\":\"https:\\\/\\\/www.athome.lu\\\/blog\\\/#website\",\"url\":\"https:\\\/\\\/www.athome.lu\\\/blog\\\/\",\"name\":\"atHome Blog\",\"description\":\"Annonces immobili\u00e8res au Luxembourg. Le portail immobilier n\u00b01 au Luxembourg.\",\"potentialAction\":[{\"@type\":\"SearchAction\",\"target\":{\"@type\":\"EntryPoint\",\"urlTemplate\":\"https:\\\/\\\/www.athome.lu\\\/blog\\\/?s={search_term_string}\"},\"query-input\":{\"@type\":\"PropertyValueSpecification\",\"valueRequired\":true,\"valueName\":\"search_term_string\"}}],\"inLanguage\":\"de\"},{\"@type\":\"Person\",\"@id\":\"https:\\\/\\\/www.athome.lu\\\/blog\\\/#\\\/schema\\\/person\\\/47f7a38089f837e792876ceddc4cb2dc\",\"name\":\"Fanny Pimentel\",\"image\":{\"@type\":\"ImageObject\",\"inLanguage\":\"de\",\"@id\":\"https:\\\/\\\/secure.gravatar.com\\\/avatar\\\/c60b27b93851dc9503f9cc9150e73dcb0a86ba6150657e5e4b11d988400bc633?s=96&d=mm&r=g\",\"url\":\"https:\\\/\\\/secure.gravatar.com\\\/avatar\\\/c60b27b93851dc9503f9cc9150e73dcb0a86ba6150657e5e4b11d988400bc633?s=96&d=mm&r=g\",\"contentUrl\":\"https:\\\/\\\/secure.gravatar.com\\\/avatar\\\/c60b27b93851dc9503f9cc9150e73dcb0a86ba6150657e5e4b11d988400bc633?s=96&d=mm&r=g\",\"caption\":\"Fanny Pimentel\"}}]}<\/script>\n<!-- \/ Yoast SEO plugin. -->","yoast_head_json":{"title":"Dekotipp: Wie verkleidet man eine besch\u00e4digte Wand? | atHome","description":"Ihre Wand ist besch\u00e4digt und Sie planen eine Renovierung? Es gibt viele M\u00f6glichkeiten, eine besch\u00e4digte Wand zu verkleiden. Hier sind unsere Favoriten!","robots":{"index":"index","follow":"follow","max-snippet":"max-snippet:-1","max-image-preview":"max-image-preview:large","max-video-preview":"max-video-preview:-1"},"canonical":"https:\/\/www.athome.lu\/blog\/de\/mein-haus\/renovieren\/wie-kann-man-eine-abime-wand-anziehen\/","og_locale":"de_DE","og_type":"article","og_title":"Astuce d\u00e9co: Comment habiller un mur ab\u00eem\u00e9 ? | atHome","og_description":"Votre mur est ab\u00eem\u00e9 et vous envisagez de faire des travaux ? Il existe de nombreuses fa\u00e7ons d\u2019habiller un mur ab\u00eem\u00e9. Voici nos pr\u00e9f\u00e9r\u00e9es !","og_url":"https:\/\/www.athome.lu\/blog\/de\/mein-haus\/renovieren\/wie-kann-man-eine-abime-wand-anziehen\/","og_site_name":"atHome Blog","article_publisher":"https:\/\/www.facebook.com\/atHome.lu\/","article_published_time":"2018-09-13T07:43:49+00:00","article_modified_time":"2022-05-11T14:57:05+00:00","og_image":[{"width":1200,"height":800,"url":"https:\/\/www.athome.lu\/blog\/wp-content\/uploads\/2018\/09\/mur-abime.jpg","type":"image\/jpeg"}],"author":"Fanny Pimentel","twitter_card":"summary_large_image","twitter_creator":"@athomelu","twitter_site":"@athomelu","twitter_misc":{"Verfasst von":"Fanny Pimentel","Gesch\u00e4tzte Lesezeit":"3\u00a0Minuten"},"schema":{"@context":"https:\/\/schema.org","@graph":[{"@type":"Article","@id":"https:\/\/www.athome.lu\/blog\/mon-logement\/travaux-renovation\/comment-habiller-un-mur-abime\/#article","isPartOf":{"@id":"https:\/\/www.athome.lu\/blog\/mon-logement\/travaux-renovation\/comment-habiller-un-mur-abime\/"},"author":{"name":"Fanny Pimentel","@id":"https:\/\/www.athome.lu\/blog\/#\/schema\/person\/47f7a38089f837e792876ceddc4cb2dc"},"headline":"Comment habiller un mur ab\u00eem\u00e9 ?","datePublished":"2018-09-13T07:43:49+00:00","dateModified":"2022-05-11T14:57:05+00:00","mainEntityOfPage":{"@id":"https:\/\/www.athome.lu\/blog\/mon-logement\/travaux-renovation\/comment-habiller-un-mur-abime\/"},"wordCount":557,"image":{"@id":"https:\/\/www.athome.lu\/blog\/mon-logement\/travaux-renovation\/comment-habiller-un-mur-abime\/#primaryimage"},"thumbnailUrl":"https:\/\/www.athome.lu\/blog\/wp-content\/uploads\/2018\/09\/mur-abime.jpg","keywords":["D\u00e9coration"],"articleSection":["Travaux et r\u00e9novation"],"inLanguage":"de"},{"@type":"WebPage","@id":"https:\/\/www.athome.lu\/blog\/mon-logement\/travaux-renovation\/comment-habiller-un-mur-abime\/","url":"https:\/\/www.athome.lu\/blog\/mon-logement\/travaux-renovation\/comment-habiller-un-mur-abime\/","name":"Dekotipp: Wie verkleidet man eine besch\u00e4digte Wand? | atHome","isPartOf":{"@id":"https:\/\/www.athome.lu\/blog\/#website"},"primaryImageOfPage":{"@id":"https:\/\/www.athome.lu\/blog\/mon-logement\/travaux-renovation\/comment-habiller-un-mur-abime\/#primaryimage"},"image":{"@id":"https:\/\/www.athome.lu\/blog\/mon-logement\/travaux-renovation\/comment-habiller-un-mur-abime\/#primaryimage"},"thumbnailUrl":"https:\/\/www.athome.lu\/blog\/wp-content\/uploads\/2018\/09\/mur-abime.jpg","datePublished":"2018-09-13T07:43:49+00:00","dateModified":"2022-05-11T14:57:05+00:00","author":{"@id":"https:\/\/www.athome.lu\/blog\/#\/schema\/person\/47f7a38089f837e792876ceddc4cb2dc"},"description":"Ihre Wand ist besch\u00e4digt und Sie planen eine Renovierung? Es gibt viele M\u00f6glichkeiten, eine besch\u00e4digte Wand zu verkleiden. Hier sind unsere Favoriten!","breadcrumb":{"@id":"https:\/\/www.athome.lu\/blog\/mon-logement\/travaux-renovation\/comment-habiller-un-mur-abime\/#breadcrumb"},"inLanguage":"de","potentialAction":[{"@type":"ReadAction","target":["https:\/\/www.athome.lu\/blog\/mon-logement\/travaux-renovation\/comment-habiller-un-mur-abime\/"]}]},{"@type":"ImageObject","inLanguage":"de","@id":"https:\/\/www.athome.lu\/blog\/mon-logement\/travaux-renovation\/comment-habiller-un-mur-abime\/#primaryimage","url":"https:\/\/www.athome.lu\/blog\/wp-content\/uploads\/2018\/09\/mur-abime.jpg","contentUrl":"https:\/\/www.athome.lu\/blog\/wp-content\/uploads\/2018\/09\/mur-abime.jpg","width":1200,"height":800,"caption":"Comment habiller un mur ab\u00eem\u00e9 ?"},{"@type":"BreadcrumbList","@id":"https:\/\/www.athome.lu\/blog\/mon-logement\/travaux-renovation\/comment-habiller-un-mur-abime\/#breadcrumb","itemListElement":[{"@type":"ListItem","position":1,"name":"Accueil","item":"https:\/\/www.athome.lu\/blog\/"},{"@type":"ListItem","position":2,"name":"Mon logement","item":"https:\/\/www.athome.lu\/blog\/de\/category\/mein-haus\/"},{"@type":"ListItem","position":3,"name":"Travaux et r\u00e9novation","item":"https:\/\/www.athome.lu\/blog\/en\/category\/my-home\/renovate\/"},{"@type":"ListItem","position":4,"name":"Comment habiller un mur ab\u00eem\u00e9 ?"}]},{"@type":"WebSite","@id":"https:\/\/www.athome.lu\/blog\/#website","url":"https:\/\/www.athome.lu\/blog\/","name":"atHome Blog","description":"Immobilienanzeigen in Luxemburg. Das Immobilienportal Nr. 1 in Luxemburg.","potentialAction":[{"@type":"SearchAction","target":{"@type":"EntryPoint","urlTemplate":"https:\/\/www.athome.lu\/blog\/?s={search_term_string}"},"query-input":{"@type":"PropertyValueSpecification","valueRequired":true,"valueName":"search_term_string"}}],"inLanguage":"de"},{"@type":"Person","@id":"https:\/\/www.athome.lu\/blog\/#\/schema\/person\/47f7a38089f837e792876ceddc4cb2dc","name":"Fanny Pimentel","image":{"@type":"ImageObject","inLanguage":"de","@id":"https:\/\/secure.gravatar.com\/avatar\/c60b27b93851dc9503f9cc9150e73dcb0a86ba6150657e5e4b11d988400bc633?s=96&d=mm&r=g","url":"https:\/\/secure.gravatar.com\/avatar\/c60b27b93851dc9503f9cc9150e73dcb0a86ba6150657e5e4b11d988400bc633?s=96&d=mm&r=g","contentUrl":"https:\/\/secure.gravatar.com\/avatar\/c60b27b93851dc9503f9cc9150e73dcb0a86ba6150657e5e4b11d988400bc633?s=96&d=mm&r=g","caption":"Fanny Pimentel"}}]}},"featured_media_src_url":"https:\/\/www.athome.lu\/blog\/wp-content\/uploads\/2018\/09\/mur-abime-1024x683.jpg","_links":{"self":[{"href":"https:\/\/www.athome.lu\/blog\/de\/wp-json\/wp\/v2\/posts\/11521","targetHints":{"allow":["GET"]}}],"collection":[{"href":"https:\/\/www.athome.lu\/blog\/de\/wp-json\/wp\/v2\/posts"}],"about":[{"href":"https:\/\/www.athome.lu\/blog\/de\/wp-json\/wp\/v2\/types\/post"}],"author":[{"embeddable":true,"href":"https:\/\/www.athome.lu\/blog\/de\/wp-json\/wp\/v2\/users\/17"}],"replies":[{"embeddable":true,"href":"https:\/\/www.athome.lu\/blog\/de\/wp-json\/wp\/v2\/comments?post=11521"}],"version-history":[{"count":2,"href":"https:\/\/www.athome.lu\/blog\/de\/wp-json\/wp\/v2\/posts\/11521\/revisions"}],"predecessor-version":[{"id":15104,"href":"https:\/\/www.athome.lu\/blog\/de\/wp-json\/wp\/v2\/posts\/11521\/revisions\/15104"}],"wp:featuredmedia":[{"embeddable":true,"href":"https:\/\/www.athome.lu\/blog\/de\/wp-json\/wp\/v2\/media\/11523"}],"wp:attachment":[{"href":"https:\/\/www.athome.lu\/blog\/de\/wp-json\/wp\/v2\/media?parent=11521"}],"wp:term":[{"taxonomy":"category","embeddable":true,"href":"https:\/\/www.athome.lu\/blog\/de\/wp-json\/wp\/v2\/categories?post=11521"},{"taxonomy":"post_tag","embeddable":true,"href":"https:\/\/www.athome.lu\/blog\/de\/wp-json\/wp\/v2\/tags?post=11521"}],"curies":[{"name":"wp","href":"https:\/\/api.w.org\/{rel}","templated":true}]}}