{"id":11658,"date":"2018-10-29T10:53:57","date_gmt":"2018-10-29T09:53:57","guid":{"rendered":"https:\/\/www.athome.lu\/blog\/?p=11658"},"modified":"2022-05-11T16:51:03","modified_gmt":"2022-05-11T14:51:03","slug":"fokus-auf-den-immobilienmarkt-im-norden","status":"publish","type":"post","link":"https:\/\/www.athome.lu\/blog\/de\/marche-immobilier\/prix\/focus-sur-le-marche-immobilier-dans-le-nord\/","title":{"rendered":"Fokus auf den Immobilienmarkt im Norden"},"content":{"rendered":"<p><span style=\"color: #000000;\">Im Immobilienbereich ist der Norden des Gro\u00dfherzogtums die billigste Region des Landes! Trotz dieser Feststellung ist sie f\u00fcr zuk\u00fcnftige K\u00e4ufer nicht attraktiv, die das Zentrum und den S\u00fcden Luxemburgs bevorzugen.<\/span><\/p>\n\n\n\n<p><span style=\"color: #000000;\">Die Verkaufspreise sind jedoch attraktiv.<\/span> <span style=\"color: #000000;\">F\u00fcr eine Wohnung betr\u00e4gt der durchschnittlich ausgewiesene Preis \"nur\" 356.024 Euro und f\u00fcr ein Haus 585.289 Euro (durchschnittlich ausgewiesener Preis im September 2018).<\/span><\/p>\n\n\n\n<p><span style=\"color: #000000;\">Es ist jedoch ein konsequenter Preisanstieg in den letzten 6 Monaten zu verzeichnen, der je nach Art der Immobilie durchschnittlich zwischen 4 und 8% liegt. Dieser starke Preisanstieg ist im \u00dcbrigen im ganzen Land zu beobachten.<\/span><\/p>\n\n\n\n<h2 class=\"wp-block-heading\"><span style=\"color: #000000;\"><strong>Die Preise f\u00fcr Wohnungen im Norden<\/strong><\/span><\/h2>\n\n\n\n<p><span style=\"color: #000000;\">Wohnungen, die in der Region Nord zum Verkauf stehen, sind nicht sehr zahlreich und machen 10% des landesweiten Angebots aus. Um diese Art von Immobilie zu kaufen, betr\u00e4gt das durchschnittliche Budget in der Region 356.024 Euro. Das ist ein Anstieg von 8% im letzten Halbjahr (Ver\u00e4nderung zwischen M\u00e4rz und September 2018).<\/span><\/p>\n\n\n\n<p><span style=\"color: #000000;\">Allerdings liegen die Durchschnittspreise f\u00fcr diese Art von Unterkunft mit 22% immer noch unter dem nationalen Durchschnittspreis.<\/span><\/p>\n\n\n\n<h2 class=\"wp-block-heading\"><span style=\"color: #000000;\"><strong>Die Preise f\u00fcr H\u00e4user im Norden<\/strong><\/span><\/h2>\n\n\n\n<p><span style=\"color: #000000;\">Obwohl das Immobilienangebot in der Nordregion gering ist, ist sie ideal f\u00fcr Familien, die auf der Suche nach einem Hauskauf sind. <\/span><\/p>\n\n\n\n<p><span style=\"color: #000000;\">Die Region bietet in der Tat \u00fcberwiegend H\u00e4user an, deren Preise um 23 % unter dem Landesdurchschnitt liegen.  Fast die H\u00e4lfte davon (42%) sind \u00fcbrigens Familienh\u00e4user mit vier Schlafzimmern. Im September 2018 betrug das durchschnittliche Budget f\u00fcr diese Art von Immobilie 608.229 Euro. In den letzten sechs Monaten betrug der Preisanstieg 6%.<\/span><\/p>\n\n\n\n<p><span style=\"color: #000000;\">Beachten Sie schlie\u00dflich, dass die am meisten gesuchten Gemeinden im Norden sind <a href=\"https:\/\/www.athome.lu\/blog\/blog\/ettelbruck-une-commune-pleine-datouts\/\">Ettelbruck<\/a>Diekirch und Wiltz.<\/span><\/p>\n\n\n<section id=\"section-3-14695\" class=\"ct-section\" ><div class=\"ct-section-inner-wrap\"><div id=\"div_block-4-14695\" class=\"ct-div-block\" ><div id=\"new_columns-7-14695\" class=\"ct-new-columns\" ><div id=\"div_block-8-14695\" class=\"ct-div-block\" ><div id=\"div_block-14-14695\" class=\"ct-div-block\" ><\/div><\/div><div id=\"div_block-9-14695\" class=\"ct-div-block\" ><h1 id=\"headline-11-14695\" class=\"ct-headline\">Wie hoch sind die Immobilienpreise derzeit?<\/h1><div id=\"text_block-12-14695\" class=\"ct-text-block\" >Die Preise verlangsamen sich. Die Zinss\u00e4tze steigen. Welche Trends sind in den kommenden Monaten zu erwarten?<\/div><a id=\"link_button-13-14695\" class=\"ct-link-button\" href=\"https:\/\/www.athome.lu\/blog\/blog\/marche-immobilier\/prix\/tendances-2022\/\" target=\"_blank\"  >Analyse lesen<\/a><\/div><\/div><\/div><\/div><\/section>\n\n\n<p><span style=\"color: #808080;\"><em>Quelle<\/em>&nbsp;:<em> Die Statistiken in diesem Artikel sowie im atHome Magazine basieren auf den Preisen, die in den auf atHome.lu ver\u00f6ffentlichten Anzeigen zwischen September 2017 und September 2018 angezeigt wurden. Die statistische Stichprobe setzt sich aus mehr als 21.000 Immobilienanzeigen zusammen.<\/em><\/span><\/p>","protected":false},"excerpt":{"rendered":"<p>En immobilier, le Nord du Grand-Duch\u00e9 est la r\u00e9gion la moins ch\u00e8re du pays ! Malgr\u00e9 ce constat, elle n'attire pas les futurs acqu\u00e9reurs qui lui pr\u00e9f\u00e8rent le centre et le sud du Luxembourg. Les prix de vente sont pourtant attractifs. Pour un appartement le prix moyen affich\u00e9 est de \"seulement\" 356 024 euros et [&hellip;]<\/p>\n","protected":false},"author":17,"featured_media":9747,"comment_status":"closed","ping_status":"open","sticky":false,"template":"","format":"standard","meta":{"_acf_changed":false,"footnotes":""},"categories":[219],"tags":[101,32],"class_list":["post-11658","post","type-post","status-publish","format-standard","has-post-thumbnail","hentry","category-prix","tag-nord","tag-prix"],"acf":[],"yoast_head":"<!-- This site is optimized with the Yoast SEO plugin v27.4 - https:\/\/yoast.com\/product\/yoast-seo-wordpress\/ -->\n<title>Focus sur le march\u00e9 immobilier dans le Nord | atHome<\/title>\n<meta name=\"description\" content=\"En immobilier, le Nord du Grand-Duch\u00e9 est la r\u00e9gion la moins ch\u00e8re du pays ! Malgr\u00e9 ce constat, elle n&#039;attire pas les futurs acqu\u00e9reurs.\" \/>\n<meta name=\"robots\" content=\"index, follow, max-snippet:-1, max-image-preview:large, max-video-preview:-1\" \/>\n<link rel=\"canonical\" href=\"https:\/\/www.athome.lu\/blog\/de\/immobilien-markt\/preis\/fokus-auf-den-immobilienmarkt-im-norden\/\" \/>\n<meta property=\"og:locale\" content=\"de_DE\" \/>\n<meta property=\"og:type\" content=\"article\" \/>\n<meta property=\"og:title\" content=\"Focus sur le march\u00e9 immobilier dans le Nord | atHome\" \/>\n<meta property=\"og:description\" content=\"En immobilier, le Nord du Grand-Duch\u00e9 est la r\u00e9gion la moins ch\u00e8re du pays ! Malgr\u00e9 ce constat, elle n&#039;attire pas les futurs acqu\u00e9reurs.\" \/>\n<meta property=\"og:url\" content=\"https:\/\/www.athome.lu\/blog\/de\/immobilien-markt\/preis\/fokus-auf-den-immobilienmarkt-im-norden\/\" \/>\n<meta property=\"og:site_name\" content=\"atHome Blog\" \/>\n<meta property=\"article:publisher\" content=\"https:\/\/www.facebook.com\/atHome.lu\/\" \/>\n<meta property=\"article:published_time\" content=\"2018-10-29T09:53:57+00:00\" \/>\n<meta property=\"article:modified_time\" content=\"2022-05-11T14:51:03+00:00\" \/>\n<meta property=\"og:image\" content=\"https:\/\/www.athome.lu\/blog\/wp-content\/uploads\/2017\/06\/ettelbruck2017_4.jpg\" \/>\n\t<meta property=\"og:image:width\" content=\"1280\" \/>\n\t<meta property=\"og:image:height\" content=\"853\" \/>\n\t<meta property=\"og:image:type\" content=\"image\/jpeg\" \/>\n<meta name=\"author\" content=\"Fanny Pimentel\" \/>\n<meta name=\"twitter:card\" content=\"summary_large_image\" \/>\n<meta name=\"twitter:creator\" content=\"@athomelu\" \/>\n<meta name=\"twitter:site\" content=\"@athomelu\" \/>\n<meta name=\"twitter:label1\" content=\"Verfasst von\" \/>\n\t<meta name=\"twitter:data1\" content=\"Fanny Pimentel\" \/>\n\t<meta name=\"twitter:label2\" content=\"Gesch\u00e4tzte Lesezeit\" \/>\n\t<meta name=\"twitter:data2\" content=\"2\u00a0Minuten\" \/>\n<script type=\"application\/ld+json\" class=\"yoast-schema-graph\">{\"@context\":\"https:\\\/\\\/schema.org\",\"@graph\":[{\"@type\":\"Article\",\"@id\":\"https:\\\/\\\/www.athome.lu\\\/blog\\\/marche-immobilier\\\/prix\\\/focus-sur-le-marche-immobilier-dans-le-nord\\\/#article\",\"isPartOf\":{\"@id\":\"https:\\\/\\\/www.athome.lu\\\/blog\\\/marche-immobilier\\\/prix\\\/focus-sur-le-marche-immobilier-dans-le-nord\\\/\"},\"author\":{\"name\":\"Fanny Pimentel\",\"@id\":\"https:\\\/\\\/www.athome.lu\\\/blog\\\/#\\\/schema\\\/person\\\/47f7a38089f837e792876ceddc4cb2dc\"},\"headline\":\"Focus sur le march\u00e9 immobilier dans le Nord\",\"datePublished\":\"2018-10-29T09:53:57+00:00\",\"dateModified\":\"2022-05-11T14:51:03+00:00\",\"mainEntityOfPage\":{\"@id\":\"https:\\\/\\\/www.athome.lu\\\/blog\\\/marche-immobilier\\\/prix\\\/focus-sur-le-marche-immobilier-dans-le-nord\\\/\"},\"wordCount\":331,\"image\":{\"@id\":\"https:\\\/\\\/www.athome.lu\\\/blog\\\/marche-immobilier\\\/prix\\\/focus-sur-le-marche-immobilier-dans-le-nord\\\/#primaryimage\"},\"thumbnailUrl\":\"https:\\\/\\\/www.athome.lu\\\/blog\\\/wp-content\\\/uploads\\\/2017\\\/06\\\/ettelbruck2017_4.jpg\",\"keywords\":[\"Nord\",\"Prix\"],\"articleSection\":[\"Prix\"],\"inLanguage\":\"de\"},{\"@type\":\"WebPage\",\"@id\":\"https:\\\/\\\/www.athome.lu\\\/blog\\\/marche-immobilier\\\/prix\\\/focus-sur-le-marche-immobilier-dans-le-nord\\\/\",\"url\":\"https:\\\/\\\/www.athome.lu\\\/blog\\\/marche-immobilier\\\/prix\\\/focus-sur-le-marche-immobilier-dans-le-nord\\\/\",\"name\":\"Focus sur le march\u00e9 immobilier dans le Nord | atHome\",\"isPartOf\":{\"@id\":\"https:\\\/\\\/www.athome.lu\\\/blog\\\/#website\"},\"primaryImageOfPage\":{\"@id\":\"https:\\\/\\\/www.athome.lu\\\/blog\\\/marche-immobilier\\\/prix\\\/focus-sur-le-marche-immobilier-dans-le-nord\\\/#primaryimage\"},\"image\":{\"@id\":\"https:\\\/\\\/www.athome.lu\\\/blog\\\/marche-immobilier\\\/prix\\\/focus-sur-le-marche-immobilier-dans-le-nord\\\/#primaryimage\"},\"thumbnailUrl\":\"https:\\\/\\\/www.athome.lu\\\/blog\\\/wp-content\\\/uploads\\\/2017\\\/06\\\/ettelbruck2017_4.jpg\",\"datePublished\":\"2018-10-29T09:53:57+00:00\",\"dateModified\":\"2022-05-11T14:51:03+00:00\",\"author\":{\"@id\":\"https:\\\/\\\/www.athome.lu\\\/blog\\\/#\\\/schema\\\/person\\\/47f7a38089f837e792876ceddc4cb2dc\"},\"description\":\"En immobilier, le Nord du Grand-Duch\u00e9 est la r\u00e9gion la moins ch\u00e8re du pays ! Malgr\u00e9 ce constat, elle n'attire pas les futurs acqu\u00e9reurs.\",\"breadcrumb\":{\"@id\":\"https:\\\/\\\/www.athome.lu\\\/blog\\\/marche-immobilier\\\/prix\\\/focus-sur-le-marche-immobilier-dans-le-nord\\\/#breadcrumb\"},\"inLanguage\":\"de\",\"potentialAction\":[{\"@type\":\"ReadAction\",\"target\":[\"https:\\\/\\\/www.athome.lu\\\/blog\\\/marche-immobilier\\\/prix\\\/focus-sur-le-marche-immobilier-dans-le-nord\\\/\"]}]},{\"@type\":\"ImageObject\",\"inLanguage\":\"de\",\"@id\":\"https:\\\/\\\/www.athome.lu\\\/blog\\\/marche-immobilier\\\/prix\\\/focus-sur-le-marche-immobilier-dans-le-nord\\\/#primaryimage\",\"url\":\"https:\\\/\\\/www.athome.lu\\\/blog\\\/wp-content\\\/uploads\\\/2017\\\/06\\\/ettelbruck2017_4.jpg\",\"contentUrl\":\"https:\\\/\\\/www.athome.lu\\\/blog\\\/wp-content\\\/uploads\\\/2017\\\/06\\\/ettelbruck2017_4.jpg\",\"width\":1280,\"height\":853,\"caption\":\"Le march\u00e9 immobilier dans la Nord\"},{\"@type\":\"BreadcrumbList\",\"@id\":\"https:\\\/\\\/www.athome.lu\\\/blog\\\/marche-immobilier\\\/prix\\\/focus-sur-le-marche-immobilier-dans-le-nord\\\/#breadcrumb\",\"itemListElement\":[{\"@type\":\"ListItem\",\"position\":1,\"name\":\"Accueil\",\"item\":\"https:\\\/\\\/www.athome.lu\\\/blog\\\/\"},{\"@type\":\"ListItem\",\"position\":2,\"name\":\"March\u00e9 immobilier\",\"item\":\"https:\\\/\\\/www.athome.lu\\\/blog\\\/category\\\/marche-immobilier\\\/\"},{\"@type\":\"ListItem\",\"position\":3,\"name\":\"Prix\",\"item\":\"https:\\\/\\\/www.athome.lu\\\/blog\\\/category\\\/marche-immobilier\\\/prix\\\/\"},{\"@type\":\"ListItem\",\"position\":4,\"name\":\"Focus sur le march\u00e9 immobilier dans le Nord\"}]},{\"@type\":\"WebSite\",\"@id\":\"https:\\\/\\\/www.athome.lu\\\/blog\\\/#website\",\"url\":\"https:\\\/\\\/www.athome.lu\\\/blog\\\/\",\"name\":\"atHome Blog\",\"description\":\"Annonces immobili\u00e8res au Luxembourg. Le portail immobilier n\u00b01 au Luxembourg.\",\"potentialAction\":[{\"@type\":\"SearchAction\",\"target\":{\"@type\":\"EntryPoint\",\"urlTemplate\":\"https:\\\/\\\/www.athome.lu\\\/blog\\\/?s={search_term_string}\"},\"query-input\":{\"@type\":\"PropertyValueSpecification\",\"valueRequired\":true,\"valueName\":\"search_term_string\"}}],\"inLanguage\":\"de\"},{\"@type\":\"Person\",\"@id\":\"https:\\\/\\\/www.athome.lu\\\/blog\\\/#\\\/schema\\\/person\\\/47f7a38089f837e792876ceddc4cb2dc\",\"name\":\"Fanny Pimentel\",\"image\":{\"@type\":\"ImageObject\",\"inLanguage\":\"de\",\"@id\":\"https:\\\/\\\/secure.gravatar.com\\\/avatar\\\/c60b27b93851dc9503f9cc9150e73dcb0a86ba6150657e5e4b11d988400bc633?s=96&d=mm&r=g\",\"url\":\"https:\\\/\\\/secure.gravatar.com\\\/avatar\\\/c60b27b93851dc9503f9cc9150e73dcb0a86ba6150657e5e4b11d988400bc633?s=96&d=mm&r=g\",\"contentUrl\":\"https:\\\/\\\/secure.gravatar.com\\\/avatar\\\/c60b27b93851dc9503f9cc9150e73dcb0a86ba6150657e5e4b11d988400bc633?s=96&d=mm&r=g\",\"caption\":\"Fanny Pimentel\"}}]}<\/script>\n<!-- \/ Yoast SEO plugin. -->","yoast_head_json":{"title":"Fokus auf den Immobilienmarkt im Norden | atHome","description":"Im Immobilienbereich ist der Norden des Gro\u00dfherzogtums die billigste Region des Landes! Trotz dieser Feststellung ist sie f\u00fcr zuk\u00fcnftige K\u00e4ufer nicht attraktiv.","robots":{"index":"index","follow":"follow","max-snippet":"max-snippet:-1","max-image-preview":"max-image-preview:large","max-video-preview":"max-video-preview:-1"},"canonical":"https:\/\/www.athome.lu\/blog\/de\/immobilien-markt\/preis\/fokus-auf-den-immobilienmarkt-im-norden\/","og_locale":"de_DE","og_type":"article","og_title":"Focus sur le march\u00e9 immobilier dans le Nord | atHome","og_description":"En immobilier, le Nord du Grand-Duch\u00e9 est la r\u00e9gion la moins ch\u00e8re du pays ! Malgr\u00e9 ce constat, elle n'attire pas les futurs acqu\u00e9reurs.","og_url":"https:\/\/www.athome.lu\/blog\/de\/immobilien-markt\/preis\/fokus-auf-den-immobilienmarkt-im-norden\/","og_site_name":"atHome Blog","article_publisher":"https:\/\/www.facebook.com\/atHome.lu\/","article_published_time":"2018-10-29T09:53:57+00:00","article_modified_time":"2022-05-11T14:51:03+00:00","og_image":[{"width":1280,"height":853,"url":"https:\/\/www.athome.lu\/blog\/wp-content\/uploads\/2017\/06\/ettelbruck2017_4.jpg","type":"image\/jpeg"}],"author":"Fanny Pimentel","twitter_card":"summary_large_image","twitter_creator":"@athomelu","twitter_site":"@athomelu","twitter_misc":{"Verfasst von":"Fanny Pimentel","Gesch\u00e4tzte Lesezeit":"2\u00a0Minuten"},"schema":{"@context":"https:\/\/schema.org","@graph":[{"@type":"Article","@id":"https:\/\/www.athome.lu\/blog\/marche-immobilier\/prix\/focus-sur-le-marche-immobilier-dans-le-nord\/#article","isPartOf":{"@id":"https:\/\/www.athome.lu\/blog\/marche-immobilier\/prix\/focus-sur-le-marche-immobilier-dans-le-nord\/"},"author":{"name":"Fanny Pimentel","@id":"https:\/\/www.athome.lu\/blog\/#\/schema\/person\/47f7a38089f837e792876ceddc4cb2dc"},"headline":"Focus sur le march\u00e9 immobilier dans le Nord","datePublished":"2018-10-29T09:53:57+00:00","dateModified":"2022-05-11T14:51:03+00:00","mainEntityOfPage":{"@id":"https:\/\/www.athome.lu\/blog\/marche-immobilier\/prix\/focus-sur-le-marche-immobilier-dans-le-nord\/"},"wordCount":331,"image":{"@id":"https:\/\/www.athome.lu\/blog\/marche-immobilier\/prix\/focus-sur-le-marche-immobilier-dans-le-nord\/#primaryimage"},"thumbnailUrl":"https:\/\/www.athome.lu\/blog\/wp-content\/uploads\/2017\/06\/ettelbruck2017_4.jpg","keywords":["Nord","Prix"],"articleSection":["Prix"],"inLanguage":"de"},{"@type":"WebPage","@id":"https:\/\/www.athome.lu\/blog\/marche-immobilier\/prix\/focus-sur-le-marche-immobilier-dans-le-nord\/","url":"https:\/\/www.athome.lu\/blog\/marche-immobilier\/prix\/focus-sur-le-marche-immobilier-dans-le-nord\/","name":"Fokus auf den Immobilienmarkt im Norden | atHome","isPartOf":{"@id":"https:\/\/www.athome.lu\/blog\/#website"},"primaryImageOfPage":{"@id":"https:\/\/www.athome.lu\/blog\/marche-immobilier\/prix\/focus-sur-le-marche-immobilier-dans-le-nord\/#primaryimage"},"image":{"@id":"https:\/\/www.athome.lu\/blog\/marche-immobilier\/prix\/focus-sur-le-marche-immobilier-dans-le-nord\/#primaryimage"},"thumbnailUrl":"https:\/\/www.athome.lu\/blog\/wp-content\/uploads\/2017\/06\/ettelbruck2017_4.jpg","datePublished":"2018-10-29T09:53:57+00:00","dateModified":"2022-05-11T14:51:03+00:00","author":{"@id":"https:\/\/www.athome.lu\/blog\/#\/schema\/person\/47f7a38089f837e792876ceddc4cb2dc"},"description":"Im Immobilienbereich ist der Norden des Gro\u00dfherzogtums die billigste Region des Landes! Trotz dieser Feststellung ist sie f\u00fcr zuk\u00fcnftige K\u00e4ufer nicht attraktiv.","breadcrumb":{"@id":"https:\/\/www.athome.lu\/blog\/marche-immobilier\/prix\/focus-sur-le-marche-immobilier-dans-le-nord\/#breadcrumb"},"inLanguage":"de","potentialAction":[{"@type":"ReadAction","target":["https:\/\/www.athome.lu\/blog\/marche-immobilier\/prix\/focus-sur-le-marche-immobilier-dans-le-nord\/"]}]},{"@type":"ImageObject","inLanguage":"de","@id":"https:\/\/www.athome.lu\/blog\/marche-immobilier\/prix\/focus-sur-le-marche-immobilier-dans-le-nord\/#primaryimage","url":"https:\/\/www.athome.lu\/blog\/wp-content\/uploads\/2017\/06\/ettelbruck2017_4.jpg","contentUrl":"https:\/\/www.athome.lu\/blog\/wp-content\/uploads\/2017\/06\/ettelbruck2017_4.jpg","width":1280,"height":853,"caption":"Le march\u00e9 immobilier dans la Nord"},{"@type":"BreadcrumbList","@id":"https:\/\/www.athome.lu\/blog\/marche-immobilier\/prix\/focus-sur-le-marche-immobilier-dans-le-nord\/#breadcrumb","itemListElement":[{"@type":"ListItem","position":1,"name":"Accueil","item":"https:\/\/www.athome.lu\/blog\/"},{"@type":"ListItem","position":2,"name":"March\u00e9 immobilier","item":"https:\/\/www.athome.lu\/blog\/category\/marche-immobilier\/"},{"@type":"ListItem","position":3,"name":"Prix","item":"https:\/\/www.athome.lu\/blog\/category\/marche-immobilier\/prix\/"},{"@type":"ListItem","position":4,"name":"Focus sur le march\u00e9 immobilier dans le Nord"}]},{"@type":"WebSite","@id":"https:\/\/www.athome.lu\/blog\/#website","url":"https:\/\/www.athome.lu\/blog\/","name":"atHome Blog","description":"Immobilienanzeigen in Luxemburg. Das Immobilienportal Nr. 1 in Luxemburg.","potentialAction":[{"@type":"SearchAction","target":{"@type":"EntryPoint","urlTemplate":"https:\/\/www.athome.lu\/blog\/?s={search_term_string}"},"query-input":{"@type":"PropertyValueSpecification","valueRequired":true,"valueName":"search_term_string"}}],"inLanguage":"de"},{"@type":"Person","@id":"https:\/\/www.athome.lu\/blog\/#\/schema\/person\/47f7a38089f837e792876ceddc4cb2dc","name":"Fanny Pimentel","image":{"@type":"ImageObject","inLanguage":"de","@id":"https:\/\/secure.gravatar.com\/avatar\/c60b27b93851dc9503f9cc9150e73dcb0a86ba6150657e5e4b11d988400bc633?s=96&d=mm&r=g","url":"https:\/\/secure.gravatar.com\/avatar\/c60b27b93851dc9503f9cc9150e73dcb0a86ba6150657e5e4b11d988400bc633?s=96&d=mm&r=g","contentUrl":"https:\/\/secure.gravatar.com\/avatar\/c60b27b93851dc9503f9cc9150e73dcb0a86ba6150657e5e4b11d988400bc633?s=96&d=mm&r=g","caption":"Fanny Pimentel"}}]}},"featured_media_src_url":"https:\/\/www.athome.lu\/blog\/wp-content\/uploads\/2017\/06\/ettelbruck2017_4-1024x682.jpg","_links":{"self":[{"href":"https:\/\/www.athome.lu\/blog\/de\/wp-json\/wp\/v2\/posts\/11658","targetHints":{"allow":["GET"]}}],"collection":[{"href":"https:\/\/www.athome.lu\/blog\/de\/wp-json\/wp\/v2\/posts"}],"about":[{"href":"https:\/\/www.athome.lu\/blog\/de\/wp-json\/wp\/v2\/types\/post"}],"author":[{"embeddable":true,"href":"https:\/\/www.athome.lu\/blog\/de\/wp-json\/wp\/v2\/users\/17"}],"replies":[{"embeddable":true,"href":"https:\/\/www.athome.lu\/blog\/de\/wp-json\/wp\/v2\/comments?post=11658"}],"version-history":[{"count":2,"href":"https:\/\/www.athome.lu\/blog\/de\/wp-json\/wp\/v2\/posts\/11658\/revisions"}],"predecessor-version":[{"id":15092,"href":"https:\/\/www.athome.lu\/blog\/de\/wp-json\/wp\/v2\/posts\/11658\/revisions\/15092"}],"wp:featuredmedia":[{"embeddable":true,"href":"https:\/\/www.athome.lu\/blog\/de\/wp-json\/wp\/v2\/media\/9747"}],"wp:attachment":[{"href":"https:\/\/www.athome.lu\/blog\/de\/wp-json\/wp\/v2\/media?parent=11658"}],"wp:term":[{"taxonomy":"category","embeddable":true,"href":"https:\/\/www.athome.lu\/blog\/de\/wp-json\/wp\/v2\/categories?post=11658"},{"taxonomy":"post_tag","embeddable":true,"href":"https:\/\/www.athome.lu\/blog\/de\/wp-json\/wp\/v2\/tags?post=11658"}],"curies":[{"name":"wp","href":"https:\/\/api.w.org\/{rel}","templated":true}]}}