{"id":11729,"date":"2018-12-05T10:08:38","date_gmt":"2018-12-05T09:08:38","guid":{"rendered":"https:\/\/www.athome.lu\/blog\/?p=11729"},"modified":"2022-05-11T16:40:07","modified_gmt":"2022-05-11T14:40:07","slug":"seinen-weihnachtstisch-in-rot-dekorieren","status":"publish","type":"post","link":"https:\/\/www.athome.lu\/blog\/de\/mon-logement\/meuble-decoration\/decorer-sa-table-de-noel-en-rouge\/","title":{"rendered":"Den Weihnachtstisch in Rot dekorieren"},"content":{"rendered":"<p><span style=\"color: #000000;\">Nur noch wenige Tage bis Weihnachten! <\/span><br><span style=\"color: #000000;\">F\u00fcr viele von uns ist es ein besonderer Moment im Jahr, um mit der Familie ein Essen an einem sch\u00f6n gedeckten Tisch zu genie\u00dfen.<\/span><\/p>\n\n\n\n<p><span style=\"color: #000000;\">Wie Sie sicher wissen, ist unsere Lieblingsfarbe bei atHome rot? Und es ist auch die perfekte Farbe f\u00fcr die Silvesterfeiertage. Wir erkl\u00e4ren Ihnen, warum das so ist und wie Sie Ihren Silvestertisch in Rot dekorieren k\u00f6nnen.<\/span><\/p>\n\n\n\n<h2 class=\"wp-block-heading\"><span style=\"color: #000000;\"><strong>Warum Rot an Weihnachten?<\/strong><\/span><\/h2>\n\n\n\n<p><span style=\"color: #000000;\">Wenn Rot eine der klassischen Weihnachtsfarben ist, k\u00f6nnte man dies mit einer christlichen Tradition aus dem Mittelalter erkl\u00e4ren. Damals wurde der Tag von Adam und Eva am 14. Dezember gefeiert. Zu diesem Anlass wurden die Kirchen mit einer Szene aus dem Garten Eden geschm\u00fcckt. Man verwendete damals Tannenzweige und rote \u00c4pfel, die die verbotene Frucht von Eden symbolisierten.<\/span><\/p>\n\n\n\n<p><span style=\"color: #000000;\">Diese Tradition soll der Ursprung der Farbe Rot sein, die heute mit Weihnachten in Verbindung gebracht und im traditionellen Baumschmuck verwendet wird.<\/span><\/p>\n\n\n\n<h2 class=\"wp-block-heading\"><span style=\"color: #000000;\"><strong>Den Weihnachtstisch in Rot dekorieren<\/strong><\/span><\/h2>\n\n\n\n<p><span style=\"color: #000000;\">W\u00e4hlen Sie in diesem Jahr Rot als Hauptfarbe f\u00fcr Ihre Festtafel!<br><\/span><span style=\"color: #000000;\">F\u00fcr eine gelungene Dekoration k\u00f6nnen Sie auf rote Geschirrteile, kleine dekorative Accessoires oder rote Blumen setzen und nat\u00fcrlich den obligatorischen Weihnachtsmann nicht vergessen.<\/span><\/p>\n\n\n\n<p><span style=\"color: #000000;\">Je nach Ihrem Geschmack und dem Stil, den Sie Ihrem Tisch verleihen m\u00f6chten, k\u00f6nnen Sie Rot mit Wei\u00df, Gold oder Silber kombinieren. Die M\u00f6glichkeiten sind vielf\u00e4ltig, aber denken Sie vor allem daran, auf die kleinen Details Ihrer Dekoration zu achten.<\/span><\/p>\n\n\n\n<p><span style=\"color: #000000;\">Wir zeigen Ihnen hier einige Beispiele f\u00fcr Ihre Tischdekoration in Rot.<\/span><\/p>\n\n\n<section id=\"section-3-14695\" class=\"ct-section\" ><div class=\"ct-section-inner-wrap\"><div id=\"div_block-4-14695\" class=\"ct-div-block\" ><div id=\"new_columns-7-14695\" class=\"ct-new-columns\" ><div id=\"div_block-8-14695\" class=\"ct-div-block\" ><div id=\"div_block-14-14695\" class=\"ct-div-block\" ><\/div><\/div><div id=\"div_block-9-14695\" class=\"ct-div-block\" ><h1 id=\"headline-11-14695\" class=\"ct-headline\">Wie hoch sind die Immobilienpreise derzeit?<\/h1><div id=\"text_block-12-14695\" class=\"ct-text-block\" >Die Preise verlangsamen sich. Die Zinss\u00e4tze steigen. Welche Trends sind in den kommenden Monaten zu erwarten?<\/div><a id=\"link_button-13-14695\" class=\"ct-link-button\" href=\"https:\/\/www.athome.lu\/blog\/blog\/marche-immobilier\/prix\/tendances-2022\/\" target=\"_blank\"  >Analyse lesen<\/a><\/div><\/div><\/div><\/div><\/section>","protected":false},"excerpt":{"rendered":"<p>Plus que quelques jours \u00e0 patienter avant No\u00ebl&nbsp;! Pour beaucoup d\u2019entre nous, c\u2019est un moment privil\u00e9gi\u00e9 de l\u2019ann\u00e9e pour partager un repas en famille autour d\u2019une belle table. Comme vous le savez surement, chez atHome notre couleur favorite est le rouge&nbsp;?. Et c\u2019est aussi la couleur parfaite pour les f\u00eates de fin d\u2019ann\u00e9e. Nous vous [&hellip;]<\/p>\n","protected":false},"author":17,"featured_media":11733,"comment_status":"closed","ping_status":"open","sticky":false,"template":"","format":"standard","meta":{"_acf_changed":false,"footnotes":""},"categories":[210],"tags":[79],"class_list":["post-11729","post","type-post","status-publish","format-standard","has-post-thumbnail","hentry","category-meuble-decoration","tag-decoration"],"acf":[],"yoast_head":"<!-- This site is optimized with the Yoast SEO plugin v27.4 - https:\/\/yoast.com\/product\/yoast-seo-wordpress\/ -->\n<title>\u203b D\u00e9corer sa table de No\u00ebl en rouge | atHome<\/title>\n<meta name=\"description\" content=\"Pour votre table de f\u00eate, il est essentiel de soigner votre d\u00e9coration jusque dans les petits d\u00e9tails. Des exemples de d\u00e9coration en rouge.\" \/>\n<meta name=\"robots\" content=\"index, follow, max-snippet:-1, max-image-preview:large, max-video-preview:-1\" \/>\n<link rel=\"canonical\" href=\"https:\/\/www.athome.lu\/blog\/de\/mein-haus\/deko-mobel\/seinen-weihnachtstisch-in-rot-dekorieren\/\" \/>\n<meta property=\"og:locale\" content=\"de_DE\" \/>\n<meta property=\"og:type\" content=\"article\" \/>\n<meta property=\"og:title\" content=\"\u203b D\u00e9corer sa table de No\u00ebl en rouge | atHome\" \/>\n<meta property=\"og:description\" content=\"Pour votre table de f\u00eate, il est essentiel de soigner votre d\u00e9coration jusque dans les petits d\u00e9tails. Des exemples de d\u00e9coration en rouge.\" \/>\n<meta property=\"og:url\" content=\"https:\/\/www.athome.lu\/blog\/de\/mein-haus\/deko-mobel\/seinen-weihnachtstisch-in-rot-dekorieren\/\" \/>\n<meta property=\"og:site_name\" content=\"atHome Blog\" \/>\n<meta property=\"article:publisher\" content=\"https:\/\/www.facebook.com\/atHome.lu\/\" \/>\n<meta property=\"article:published_time\" content=\"2018-12-05T09:08:38+00:00\" \/>\n<meta property=\"article:modified_time\" content=\"2022-05-11T14:40:07+00:00\" \/>\n<meta property=\"og:image\" content=\"https:\/\/www.athome.lu\/blog\/wp-content\/uploads\/2018\/12\/christmas-1104391_1280.jpg\" \/>\n\t<meta property=\"og:image:width\" content=\"1200\" \/>\n\t<meta property=\"og:image:height\" content=\"800\" \/>\n\t<meta property=\"og:image:type\" content=\"image\/jpeg\" \/>\n<meta name=\"author\" content=\"Fanny Pimentel\" \/>\n<meta name=\"twitter:card\" content=\"summary_large_image\" \/>\n<meta name=\"twitter:creator\" content=\"@athomelu\" \/>\n<meta name=\"twitter:site\" content=\"@athomelu\" \/>\n<meta name=\"twitter:label1\" content=\"Verfasst von\" \/>\n\t<meta name=\"twitter:data1\" content=\"Fanny Pimentel\" \/>\n\t<meta name=\"twitter:label2\" content=\"Gesch\u00e4tzte Lesezeit\" \/>\n\t<meta name=\"twitter:data2\" content=\"2\u00a0Minuten\" \/>\n<script type=\"application\/ld+json\" class=\"yoast-schema-graph\">{\"@context\":\"https:\\\/\\\/schema.org\",\"@graph\":[{\"@type\":\"Article\",\"@id\":\"https:\\\/\\\/www.athome.lu\\\/blog\\\/mon-logement\\\/meuble-decoration\\\/decorer-sa-table-de-noel-en-rouge\\\/#article\",\"isPartOf\":{\"@id\":\"https:\\\/\\\/www.athome.lu\\\/blog\\\/mon-logement\\\/meuble-decoration\\\/decorer-sa-table-de-noel-en-rouge\\\/\"},\"author\":{\"name\":\"Fanny Pimentel\",\"@id\":\"https:\\\/\\\/www.athome.lu\\\/blog\\\/#\\\/schema\\\/person\\\/47f7a38089f837e792876ceddc4cb2dc\"},\"headline\":\"D\u00e9corer sa table de No\u00ebl en rouge\",\"datePublished\":\"2018-12-05T09:08:38+00:00\",\"dateModified\":\"2022-05-11T14:40:07+00:00\",\"mainEntityOfPage\":{\"@id\":\"https:\\\/\\\/www.athome.lu\\\/blog\\\/mon-logement\\\/meuble-decoration\\\/decorer-sa-table-de-noel-en-rouge\\\/\"},\"wordCount\":313,\"image\":{\"@id\":\"https:\\\/\\\/www.athome.lu\\\/blog\\\/mon-logement\\\/meuble-decoration\\\/decorer-sa-table-de-noel-en-rouge\\\/#primaryimage\"},\"thumbnailUrl\":\"https:\\\/\\\/www.athome.lu\\\/blog\\\/wp-content\\\/uploads\\\/2018\\\/12\\\/christmas-1104391_1280.jpg\",\"keywords\":[\"D\u00e9coration\"],\"articleSection\":[\"Meubler et D\u00e9corer\"],\"inLanguage\":\"de\"},{\"@type\":\"WebPage\",\"@id\":\"https:\\\/\\\/www.athome.lu\\\/blog\\\/mon-logement\\\/meuble-decoration\\\/decorer-sa-table-de-noel-en-rouge\\\/\",\"url\":\"https:\\\/\\\/www.athome.lu\\\/blog\\\/mon-logement\\\/meuble-decoration\\\/decorer-sa-table-de-noel-en-rouge\\\/\",\"name\":\"\u203b D\u00e9corer sa table de No\u00ebl en rouge | atHome\",\"isPartOf\":{\"@id\":\"https:\\\/\\\/www.athome.lu\\\/blog\\\/#website\"},\"primaryImageOfPage\":{\"@id\":\"https:\\\/\\\/www.athome.lu\\\/blog\\\/mon-logement\\\/meuble-decoration\\\/decorer-sa-table-de-noel-en-rouge\\\/#primaryimage\"},\"image\":{\"@id\":\"https:\\\/\\\/www.athome.lu\\\/blog\\\/mon-logement\\\/meuble-decoration\\\/decorer-sa-table-de-noel-en-rouge\\\/#primaryimage\"},\"thumbnailUrl\":\"https:\\\/\\\/www.athome.lu\\\/blog\\\/wp-content\\\/uploads\\\/2018\\\/12\\\/christmas-1104391_1280.jpg\",\"datePublished\":\"2018-12-05T09:08:38+00:00\",\"dateModified\":\"2022-05-11T14:40:07+00:00\",\"author\":{\"@id\":\"https:\\\/\\\/www.athome.lu\\\/blog\\\/#\\\/schema\\\/person\\\/47f7a38089f837e792876ceddc4cb2dc\"},\"description\":\"Pour votre table de f\u00eate, il est essentiel de soigner votre d\u00e9coration jusque dans les petits d\u00e9tails. Des exemples de d\u00e9coration en rouge.\",\"breadcrumb\":{\"@id\":\"https:\\\/\\\/www.athome.lu\\\/blog\\\/mon-logement\\\/meuble-decoration\\\/decorer-sa-table-de-noel-en-rouge\\\/#breadcrumb\"},\"inLanguage\":\"de\",\"potentialAction\":[{\"@type\":\"ReadAction\",\"target\":[\"https:\\\/\\\/www.athome.lu\\\/blog\\\/mon-logement\\\/meuble-decoration\\\/decorer-sa-table-de-noel-en-rouge\\\/\"]}]},{\"@type\":\"ImageObject\",\"inLanguage\":\"de\",\"@id\":\"https:\\\/\\\/www.athome.lu\\\/blog\\\/mon-logement\\\/meuble-decoration\\\/decorer-sa-table-de-noel-en-rouge\\\/#primaryimage\",\"url\":\"https:\\\/\\\/www.athome.lu\\\/blog\\\/wp-content\\\/uploads\\\/2018\\\/12\\\/christmas-1104391_1280.jpg\",\"contentUrl\":\"https:\\\/\\\/www.athome.lu\\\/blog\\\/wp-content\\\/uploads\\\/2018\\\/12\\\/christmas-1104391_1280.jpg\",\"width\":1200,\"height\":800,\"caption\":\"D\u00e9corer sa table de Noel en rouge\"},{\"@type\":\"BreadcrumbList\",\"@id\":\"https:\\\/\\\/www.athome.lu\\\/blog\\\/mon-logement\\\/meuble-decoration\\\/decorer-sa-table-de-noel-en-rouge\\\/#breadcrumb\",\"itemListElement\":[{\"@type\":\"ListItem\",\"position\":1,\"name\":\"Accueil\",\"item\":\"https:\\\/\\\/www.athome.lu\\\/blog\\\/\"},{\"@type\":\"ListItem\",\"position\":2,\"name\":\"Mon logement\",\"item\":\"https:\\\/\\\/www.athome.lu\\\/blog\\\/de\\\/category\\\/mein-haus\\\/\"},{\"@type\":\"ListItem\",\"position\":3,\"name\":\"Meubler et D\u00e9corer\",\"item\":\"https:\\\/\\\/www.athome.lu\\\/blog\\\/de\\\/category\\\/mein-haus\\\/deko-mobel\\\/\"},{\"@type\":\"ListItem\",\"position\":4,\"name\":\"D\u00e9corer sa table de No\u00ebl en rouge\"}]},{\"@type\":\"WebSite\",\"@id\":\"https:\\\/\\\/www.athome.lu\\\/blog\\\/#website\",\"url\":\"https:\\\/\\\/www.athome.lu\\\/blog\\\/\",\"name\":\"atHome Blog\",\"description\":\"Annonces immobili\u00e8res au Luxembourg. Le portail immobilier n\u00b01 au Luxembourg.\",\"potentialAction\":[{\"@type\":\"SearchAction\",\"target\":{\"@type\":\"EntryPoint\",\"urlTemplate\":\"https:\\\/\\\/www.athome.lu\\\/blog\\\/?s={search_term_string}\"},\"query-input\":{\"@type\":\"PropertyValueSpecification\",\"valueRequired\":true,\"valueName\":\"search_term_string\"}}],\"inLanguage\":\"de\"},{\"@type\":\"Person\",\"@id\":\"https:\\\/\\\/www.athome.lu\\\/blog\\\/#\\\/schema\\\/person\\\/47f7a38089f837e792876ceddc4cb2dc\",\"name\":\"Fanny Pimentel\",\"image\":{\"@type\":\"ImageObject\",\"inLanguage\":\"de\",\"@id\":\"https:\\\/\\\/secure.gravatar.com\\\/avatar\\\/c60b27b93851dc9503f9cc9150e73dcb0a86ba6150657e5e4b11d988400bc633?s=96&d=mm&r=g\",\"url\":\"https:\\\/\\\/secure.gravatar.com\\\/avatar\\\/c60b27b93851dc9503f9cc9150e73dcb0a86ba6150657e5e4b11d988400bc633?s=96&d=mm&r=g\",\"contentUrl\":\"https:\\\/\\\/secure.gravatar.com\\\/avatar\\\/c60b27b93851dc9503f9cc9150e73dcb0a86ba6150657e5e4b11d988400bc633?s=96&d=mm&r=g\",\"caption\":\"Fanny Pimentel\"}}]}<\/script>\n<!-- \/ Yoast SEO plugin. -->","yoast_head_json":{"title":"\u203b Den Weihnachtstisch in Rot dekorieren | atHome","description":"F\u00fcr Ihren festlich gedeckten Tisch ist es wichtig, dass Sie Ihre Dekoration bis ins kleinste Detail pflegen. Beispiele f\u00fcr Dekoration in Rot.","robots":{"index":"index","follow":"follow","max-snippet":"max-snippet:-1","max-image-preview":"max-image-preview:large","max-video-preview":"max-video-preview:-1"},"canonical":"https:\/\/www.athome.lu\/blog\/de\/mein-haus\/deko-mobel\/seinen-weihnachtstisch-in-rot-dekorieren\/","og_locale":"de_DE","og_type":"article","og_title":"\u203b D\u00e9corer sa table de No\u00ebl en rouge | atHome","og_description":"Pour votre table de f\u00eate, il est essentiel de soigner votre d\u00e9coration jusque dans les petits d\u00e9tails. Des exemples de d\u00e9coration en rouge.","og_url":"https:\/\/www.athome.lu\/blog\/de\/mein-haus\/deko-mobel\/seinen-weihnachtstisch-in-rot-dekorieren\/","og_site_name":"atHome Blog","article_publisher":"https:\/\/www.facebook.com\/atHome.lu\/","article_published_time":"2018-12-05T09:08:38+00:00","article_modified_time":"2022-05-11T14:40:07+00:00","og_image":[{"width":1200,"height":800,"url":"https:\/\/www.athome.lu\/blog\/wp-content\/uploads\/2018\/12\/christmas-1104391_1280.jpg","type":"image\/jpeg"}],"author":"Fanny Pimentel","twitter_card":"summary_large_image","twitter_creator":"@athomelu","twitter_site":"@athomelu","twitter_misc":{"Verfasst von":"Fanny Pimentel","Gesch\u00e4tzte Lesezeit":"2\u00a0Minuten"},"schema":{"@context":"https:\/\/schema.org","@graph":[{"@type":"Article","@id":"https:\/\/www.athome.lu\/blog\/mon-logement\/meuble-decoration\/decorer-sa-table-de-noel-en-rouge\/#article","isPartOf":{"@id":"https:\/\/www.athome.lu\/blog\/mon-logement\/meuble-decoration\/decorer-sa-table-de-noel-en-rouge\/"},"author":{"name":"Fanny Pimentel","@id":"https:\/\/www.athome.lu\/blog\/#\/schema\/person\/47f7a38089f837e792876ceddc4cb2dc"},"headline":"D\u00e9corer sa table de No\u00ebl en rouge","datePublished":"2018-12-05T09:08:38+00:00","dateModified":"2022-05-11T14:40:07+00:00","mainEntityOfPage":{"@id":"https:\/\/www.athome.lu\/blog\/mon-logement\/meuble-decoration\/decorer-sa-table-de-noel-en-rouge\/"},"wordCount":313,"image":{"@id":"https:\/\/www.athome.lu\/blog\/mon-logement\/meuble-decoration\/decorer-sa-table-de-noel-en-rouge\/#primaryimage"},"thumbnailUrl":"https:\/\/www.athome.lu\/blog\/wp-content\/uploads\/2018\/12\/christmas-1104391_1280.jpg","keywords":["D\u00e9coration"],"articleSection":["Meubler et D\u00e9corer"],"inLanguage":"de"},{"@type":"WebPage","@id":"https:\/\/www.athome.lu\/blog\/mon-logement\/meuble-decoration\/decorer-sa-table-de-noel-en-rouge\/","url":"https:\/\/www.athome.lu\/blog\/mon-logement\/meuble-decoration\/decorer-sa-table-de-noel-en-rouge\/","name":"\u203b Den Weihnachtstisch in Rot dekorieren | atHome","isPartOf":{"@id":"https:\/\/www.athome.lu\/blog\/#website"},"primaryImageOfPage":{"@id":"https:\/\/www.athome.lu\/blog\/mon-logement\/meuble-decoration\/decorer-sa-table-de-noel-en-rouge\/#primaryimage"},"image":{"@id":"https:\/\/www.athome.lu\/blog\/mon-logement\/meuble-decoration\/decorer-sa-table-de-noel-en-rouge\/#primaryimage"},"thumbnailUrl":"https:\/\/www.athome.lu\/blog\/wp-content\/uploads\/2018\/12\/christmas-1104391_1280.jpg","datePublished":"2018-12-05T09:08:38+00:00","dateModified":"2022-05-11T14:40:07+00:00","author":{"@id":"https:\/\/www.athome.lu\/blog\/#\/schema\/person\/47f7a38089f837e792876ceddc4cb2dc"},"description":"F\u00fcr Ihren festlich gedeckten Tisch ist es wichtig, dass Sie Ihre Dekoration bis ins kleinste Detail pflegen. Beispiele f\u00fcr Dekoration in Rot.","breadcrumb":{"@id":"https:\/\/www.athome.lu\/blog\/mon-logement\/meuble-decoration\/decorer-sa-table-de-noel-en-rouge\/#breadcrumb"},"inLanguage":"de","potentialAction":[{"@type":"ReadAction","target":["https:\/\/www.athome.lu\/blog\/mon-logement\/meuble-decoration\/decorer-sa-table-de-noel-en-rouge\/"]}]},{"@type":"ImageObject","inLanguage":"de","@id":"https:\/\/www.athome.lu\/blog\/mon-logement\/meuble-decoration\/decorer-sa-table-de-noel-en-rouge\/#primaryimage","url":"https:\/\/www.athome.lu\/blog\/wp-content\/uploads\/2018\/12\/christmas-1104391_1280.jpg","contentUrl":"https:\/\/www.athome.lu\/blog\/wp-content\/uploads\/2018\/12\/christmas-1104391_1280.jpg","width":1200,"height":800,"caption":"D\u00e9corer sa table de Noel en rouge"},{"@type":"BreadcrumbList","@id":"https:\/\/www.athome.lu\/blog\/mon-logement\/meuble-decoration\/decorer-sa-table-de-noel-en-rouge\/#breadcrumb","itemListElement":[{"@type":"ListItem","position":1,"name":"Accueil","item":"https:\/\/www.athome.lu\/blog\/"},{"@type":"ListItem","position":2,"name":"Mon logement","item":"https:\/\/www.athome.lu\/blog\/de\/category\/mein-haus\/"},{"@type":"ListItem","position":3,"name":"Meubler et D\u00e9corer","item":"https:\/\/www.athome.lu\/blog\/de\/category\/mein-haus\/deko-mobel\/"},{"@type":"ListItem","position":4,"name":"D\u00e9corer sa table de No\u00ebl en rouge"}]},{"@type":"WebSite","@id":"https:\/\/www.athome.lu\/blog\/#website","url":"https:\/\/www.athome.lu\/blog\/","name":"atHome Blog","description":"Immobilienanzeigen in Luxemburg. Das Immobilienportal Nr. 1 in Luxemburg.","potentialAction":[{"@type":"SearchAction","target":{"@type":"EntryPoint","urlTemplate":"https:\/\/www.athome.lu\/blog\/?s={search_term_string}"},"query-input":{"@type":"PropertyValueSpecification","valueRequired":true,"valueName":"search_term_string"}}],"inLanguage":"de"},{"@type":"Person","@id":"https:\/\/www.athome.lu\/blog\/#\/schema\/person\/47f7a38089f837e792876ceddc4cb2dc","name":"Fanny Pimentel","image":{"@type":"ImageObject","inLanguage":"de","@id":"https:\/\/secure.gravatar.com\/avatar\/c60b27b93851dc9503f9cc9150e73dcb0a86ba6150657e5e4b11d988400bc633?s=96&d=mm&r=g","url":"https:\/\/secure.gravatar.com\/avatar\/c60b27b93851dc9503f9cc9150e73dcb0a86ba6150657e5e4b11d988400bc633?s=96&d=mm&r=g","contentUrl":"https:\/\/secure.gravatar.com\/avatar\/c60b27b93851dc9503f9cc9150e73dcb0a86ba6150657e5e4b11d988400bc633?s=96&d=mm&r=g","caption":"Fanny Pimentel"}}]}},"featured_media_src_url":"https:\/\/www.athome.lu\/blog\/wp-content\/uploads\/2018\/12\/christmas-1104391_1280-1024x683.jpg","_links":{"self":[{"href":"https:\/\/www.athome.lu\/blog\/de\/wp-json\/wp\/v2\/posts\/11729","targetHints":{"allow":["GET"]}}],"collection":[{"href":"https:\/\/www.athome.lu\/blog\/de\/wp-json\/wp\/v2\/posts"}],"about":[{"href":"https:\/\/www.athome.lu\/blog\/de\/wp-json\/wp\/v2\/types\/post"}],"author":[{"embeddable":true,"href":"https:\/\/www.athome.lu\/blog\/de\/wp-json\/wp\/v2\/users\/17"}],"replies":[{"embeddable":true,"href":"https:\/\/www.athome.lu\/blog\/de\/wp-json\/wp\/v2\/comments?post=11729"}],"version-history":[{"count":2,"href":"https:\/\/www.athome.lu\/blog\/de\/wp-json\/wp\/v2\/posts\/11729\/revisions"}],"predecessor-version":[{"id":15080,"href":"https:\/\/www.athome.lu\/blog\/de\/wp-json\/wp\/v2\/posts\/11729\/revisions\/15080"}],"wp:featuredmedia":[{"embeddable":true,"href":"https:\/\/www.athome.lu\/blog\/de\/wp-json\/wp\/v2\/media\/11733"}],"wp:attachment":[{"href":"https:\/\/www.athome.lu\/blog\/de\/wp-json\/wp\/v2\/media?parent=11729"}],"wp:term":[{"taxonomy":"category","embeddable":true,"href":"https:\/\/www.athome.lu\/blog\/de\/wp-json\/wp\/v2\/categories?post=11729"},{"taxonomy":"post_tag","embeddable":true,"href":"https:\/\/www.athome.lu\/blog\/de\/wp-json\/wp\/v2\/tags?post=11729"}],"curies":[{"name":"wp","href":"https:\/\/api.w.org\/{rel}","templated":true}]}}