{"id":11789,"date":"2019-01-10T09:43:10","date_gmt":"2019-01-10T08:43:10","guid":{"rendered":"https:\/\/www.athome.lu\/blog\/?p=11789"},"modified":"2022-05-11T16:37:12","modified_gmt":"2022-05-11T14:37:12","slug":"wohnen-a-kehlen-ein-leben-in-der-nahe-der-hauptstadt","status":"publish","type":"post","link":"https:\/\/www.athome.lu\/blog\/de\/marche-immobilier\/villes\/habiter-a-kehlen-une-vie-a-proximite-de-la-capitale\/","title":{"rendered":"Wohnen in Kehlen: Ein Leben in der N\u00e4he der Hauptstadt"},"content":{"rendered":"<p><span style=\"color: #000000;\">Kehlen ist eine mittelgro\u00dfe Gemeinde, die in einer gr\u00fcnen Umgebung liegt und dennoch relativ nah an der Hauptstadt ist. Es wird alles getan, um die Lebensqualit\u00e4t jedes Bewohners zu erhalten und zu verbessern. <\/span><\/p>\n\n\n\n<p><span style=\"color: #000000;\">Die Gemeinde Kehlen besteht aus den sechs Ortschaften Dondelange, Kehlen, Keispelt, Meispelt, Nospelt und Olm und befindet sich im S\u00fcdwesten des Gro\u00dfherzogtums Luxemburg. Kehlen liegt vor den Toren von Luxemburg-Stadt und nur etwa 12 km von der belgischen Grenze entfernt und genie\u00dft somit eine ideale Lage. \"&nbsp;<em>Wir befinden uns in der N\u00e4he der Hauptstadt, ihrer Arbeitsm\u00f6glichkeiten und all ihrer Annehmlichkeiten und leben gleichzeitig in einer privilegierten Umgebung, indem wir von W\u00e4ldern und Feldern umgeben sind&nbsp;<\/em>\", betont B\u00fcrgermeister Felix Eischen.<\/span><\/p>\n\n\n\n<p><span style=\"color: #000000;\">Dieses angenehme Lebensumfeld macht Kehlen und seine Umgebung sehr attraktiv. Wie das ganze Land hat auch Kehlen in den letzten Jahren ein relativ starkes Bev\u00f6lkerungswachstum verzeichnet. In Kehlen leben heute fast 6.000 Menschen, w\u00e4hrend es Anfang der 1990er Jahre noch 4.000 und 20 Jahre sp\u00e4ter 5.000 waren.<\/span><\/p>\n\n\n\n<h2 class=\"wp-block-heading\"><span style=\"color: #000000;\"><strong>Bauen von Wohnraum, unter Ber\u00fccksichtigung einer d\u00f6rflichen und l\u00e4ndlichen Architektur<\/strong><\/span><\/h2>\n\n\n\n<p><span style=\"color: #000000;\">Wie im gesamten Gebiet um Luxemburg-Stadt herum werden auch innerhalb der Gemeinde Grundst\u00fccke und Wohnungen zu H\u00f6chstpreisen verkauft. \"&nbsp;<em>Bei solchen Preisen besteht die Gefahr, dass wir unsere junge Generation verlieren, die einer Gemeinde Dynamik und Leben einhaucht,<\/em> gesteht Felix Eischen. <em>Deshalb versuchen wir<\/em><em> den Zugang zu Wohnraum zu erleichtern. In dieser Hinsicht unterst\u00fctzen wir die Entwicklung des Elmen-Projekts der <\/em><em>Soci\u00e9t\u00e9 Nationale des Habitations \u00e0 Bon March\u00e9 (Nationale Gesellschaft f\u00fcr billige Wohnungen) (S<\/em><em>NHBM). Dieses zwischen Olm und Capellen gelegene Viertel mit 800 Wohnungen soll in den n\u00e4chsten 15 Jahren gebaut werden. Die Bauarbeiten haben gerade erst begonnen. H\u00e4user und Wohnungen werden dort zwischen 20 und 25 % unter dem Marktpreis verkauft. <\/em>\"<\/span><\/p>\n\n\n\n<div class=\"wp-block-image\"><figure class=\"aligncenter\"><a href=\"https:\/\/www.athome.lu\/blog\/blog\/wp-content\/uploads\/2019\/01\/kehlen3.jpg\"><img loading=\"lazy\" decoding=\"async\" width=\"1024\" height=\"683\" src=\"https:\/\/www.athome.lu\/blog\/blog\/wp-content\/uploads\/2019\/01\/kehlen3-1024x683.jpg\" alt=\"Unterkunft in Kehlen\" class=\"wp-image-11791\" srcset=\"https:\/\/www.athome.lu\/blog\/wp-content\/uploads\/2019\/01\/kehlen3-1024x683.jpg 1024w, https:\/\/www.athome.lu\/blog\/wp-content\/uploads\/2019\/01\/kehlen3-300x200.jpg 300w, https:\/\/www.athome.lu\/blog\/wp-content\/uploads\/2019\/01\/kehlen3-768x512.jpg 768w, https:\/\/www.athome.lu\/blog\/wp-content\/uploads\/2019\/01\/kehlen3-18x12.jpg 18w, https:\/\/www.athome.lu\/blog\/wp-content\/uploads\/2019\/01\/kehlen3.jpg 1200w\" sizes=\"auto, (max-width: 1024px) 100vw, 1024px\" \/><\/a><\/figure><\/div>\n\n\n\n<p><span style=\"color: #000000;\">Weitere Wohnsiedlungen, die eine Mischung aus verschiedenen Immobilien beinhalten, um den Bed\u00fcrfnissen von Familien, aber auch von Alleinstehenden, Paaren oder Alleinerziehenden gerecht zu werden, sind ebenfalls entstanden oder stehen kurz vor der Fertigstellung in Keispelt, Nospelt und Kehlen.<\/span><\/p>\n\n\n\n<p><span style=\"color: #000000;\">Bei jedem Neubau oder jeder gr\u00f6\u00dferen Renovierung, die auf dem Gebiet der Gemeinde durchgef\u00fchrt wird, legt Kehlen gro\u00dfen Wert darauf, dass die architektonische Identit\u00e4t der Geb\u00e4ude erhalten bleibt. \"\u00a0<em>Unsere Gemeinde ist l\u00e4ndlichen Ursprungs und hat lange Zeit von der Landwirtschaft gelebt,<\/em> pr\u00e4zisiert Felix Eischen. <em>Wir halten es f\u00fcr wesentlich, dieses Erbe nach M\u00f6glichkeit zu erhalten. Auch wenn wir uns bewusst sind, dass wir nicht jedes alte Geb\u00e4ude erhalten k\u00f6nnen, ist es f\u00fcr uns selbstverst\u00e4ndlich, darauf zu achten, dass sich neue Entwicklungen harmonisch in diese Umgebung einf\u00fcgen. \u00a0<\/em>\"<\/span><\/p>\n\n\n<section id=\"section-3-14695\" class=\"ct-section\" ><div class=\"ct-section-inner-wrap\"><div id=\"div_block-4-14695\" class=\"ct-div-block\" ><div id=\"new_columns-7-14695\" class=\"ct-new-columns\" ><div id=\"div_block-8-14695\" class=\"ct-div-block\" ><div id=\"div_block-14-14695\" class=\"ct-div-block\" ><\/div><\/div><div id=\"div_block-9-14695\" class=\"ct-div-block\" ><h1 id=\"headline-11-14695\" class=\"ct-headline\">Wie hoch sind die Immobilienpreise derzeit?<\/h1><div id=\"text_block-12-14695\" class=\"ct-text-block\" >Die Preise verlangsamen sich. Die Zinss\u00e4tze steigen. Welche Trends sind in den kommenden Monaten zu erwarten?<\/div><a id=\"link_button-13-14695\" class=\"ct-link-button\" href=\"https:\/\/www.athome.lu\/blog\/blog\/marche-immobilier\/prix\/tendances-2022\/\" target=\"_blank\"  >Analyse lesen<\/a><\/div><\/div><\/div><\/div><\/section>\n\n\n<h2 class=\"wp-block-heading\"><span style=\"color: #000000;\"><strong>Die Herausforderung der Mobilit\u00e4t<\/strong><\/span><\/h2>\n\n\n\n<p><span style=\"color: #000000;\">Kehlen ist eine l\u00e4ndliche Gemeinde, aber dennoch nicht isoliert. Das Gebiet verf\u00fcgt \u00fcber gute Stra\u00dfen- und \u00f6ffentliche Verkehrsverbindungen. Es liegt auch in der N\u00e4he des Autobahnnetzes und der Bahnh\u00f6fe Capellen und Kehlen. <a href=\"https:\/\/www.athome.lu\/blog\/blog\/mamer-la-commune-aux-1000-atouts\/\">Mamer,<\/a> die beide nur f\u00fcnf Kilometer entfernt liegen. Gleichzeitig wird bei der Entwicklung jedes neuen Projekts die sanfte Mobilit\u00e4t gef\u00f6rdert.<\/span><\/p>\n\n\n\n<div class=\"wp-block-image\"><figure class=\"aligncenter\"><a href=\"https:\/\/www.athome.lu\/blog\/blog\/wp-content\/uploads\/2019\/01\/kehlen2.jpg\"><img loading=\"lazy\" decoding=\"async\" width=\"1024\" height=\"683\" src=\"https:\/\/www.athome.lu\/blog\/blog\/wp-content\/uploads\/2019\/01\/kehlen2-1024x683.jpg\" alt=\"Transport in Kehlen\" class=\"wp-image-11792\" srcset=\"https:\/\/www.athome.lu\/blog\/wp-content\/uploads\/2019\/01\/kehlen2-1024x683.jpg 1024w, https:\/\/www.athome.lu\/blog\/wp-content\/uploads\/2019\/01\/kehlen2-300x200.jpg 300w, https:\/\/www.athome.lu\/blog\/wp-content\/uploads\/2019\/01\/kehlen2-768x512.jpg 768w, https:\/\/www.athome.lu\/blog\/wp-content\/uploads\/2019\/01\/kehlen2-18x12.jpg 18w, https:\/\/www.athome.lu\/blog\/wp-content\/uploads\/2019\/01\/kehlen2.jpg 1200w\" sizes=\"auto, (max-width: 1024px) 100vw, 1024px\" \/><\/a><\/figure><\/div>\n\n\n\n<p><span style=\"color: #000000;\">\" <em>Einziger Nachteil: Die Lage unserer Gemeinde, das Bev\u00f6lkerungswachstum, das wir erleben, sowie die zunehmende Attraktivit\u00e4t unseres Gewerbegebiets (in dem t\u00e4glich etwa 1.500 Arbeitnehmer arbeiten) setzen unsere Gemeinde einem starken Stra\u00dfenverkehr aus, vor allem in den Zentren von Olm, Kehlen und Keispelt, <\/em>pr\u00e4zisiert Felix Eischen. <em>Ein Antrag auf eine Umgehungsstra\u00dfe und eine neue Verbindung zwischen der ZA und dem CR 102 zwischen Kehlen und Mamer ist in Arbeit. Wir hoffen, dass diese Projekte bald vorangetrieben werden.&nbsp;<\/em>\"<\/span><\/p>\n\n\n\n<h2 class=\"wp-block-heading\"><span style=\"color: #000000;\"><strong>Moderne Infrastruktur f\u00fcr Jugendliche<\/strong><\/span><\/h2>\n\n\n\n<p><span style=\"color: #000000;\">Um mit dem Bev\u00f6lkerungswachstum Schritt zu halten, investiert die Gemeinde auch viel in die Entwicklung neuer Infrastrukturen und die Instandhaltung bestehender Einrichtungen.<\/span><\/p>\n\n\n\n<p><span style=\"color: #000000;\">Die Schule verf\u00fcgt \u00fcber einen Campus in Kehlen mit Grundschulgeb\u00e4uden, einer Sporthalle, die nicht nur den Sch\u00fclern, sondern auch allen anderen Bewohnern der Gemeinde zur Verf\u00fcgung steht, Spielpl\u00e4tzen, Multisport- und Fu\u00dfballpl\u00e4tzen, deren Umkleidekabinen demn\u00e4chst renoviert werden sollen. Die Spillschoul in Kehlen beherbergt ihrerseits die Vorschulerziehung, w\u00e4hrend die Fr\u00fchf\u00f6rderung in Olm stattfindet.<\/span><\/p>\n\n\n\n<div class=\"wp-block-image\"><figure class=\"aligncenter\"><a href=\"https:\/\/www.athome.lu\/blog\/blog\/wp-content\/uploads\/2019\/01\/kehlen1.jpg\"><img loading=\"lazy\" decoding=\"async\" width=\"1024\" height=\"683\" src=\"https:\/\/www.athome.lu\/blog\/blog\/wp-content\/uploads\/2019\/01\/kehlen1-1024x683.jpg\" alt=\"Schule in Kehlen\" class=\"wp-image-11793\" srcset=\"https:\/\/www.athome.lu\/blog\/wp-content\/uploads\/2019\/01\/kehlen1-1024x683.jpg 1024w, https:\/\/www.athome.lu\/blog\/wp-content\/uploads\/2019\/01\/kehlen1-300x200.jpg 300w, https:\/\/www.athome.lu\/blog\/wp-content\/uploads\/2019\/01\/kehlen1-768x512.jpg 768w, https:\/\/www.athome.lu\/blog\/wp-content\/uploads\/2019\/01\/kehlen1-18x12.jpg 18w, https:\/\/www.athome.lu\/blog\/wp-content\/uploads\/2019\/01\/kehlen1.jpg 1200w\" sizes=\"auto, (max-width: 1024px) 100vw, 1024px\" \/><\/a><\/figure><\/div>\n\n\n\n<p><span style=\"color: #000000;\">Familien k\u00f6nnen au\u00dferdem auf eine Kindertagesst\u00e4tte in Keispelt und zwei Maison-relais z\u00e4hlen, in denen ihre Kinder au\u00dferhalb der Schulzeiten betreut werden. Teenager wiederum treffen sich h\u00e4ufig im Jugendhaus, das bald eine zweite Zweigstelle in Olm erhalten wird. \"&nbsp;<em>Das Elmen-Projekt beinhaltet au\u00dferdem den Bau einer neuen Grundschule mit 24 Klassenzimmern, was einer Investition von etwa 30 Millionen Euro entspricht. Ein Sportzentrum und ein Haus f\u00fcr alle werden das Bildungs- und Freizeitangebot vervollst\u00e4ndigen.<\/em>Der B\u00fcrgermeister f\u00fcgte hinzu. <em>In den n\u00e4chsten f\u00fcnf Jahren werden wir viele Projekte verwirklicht sehen.&nbsp;<\/em>\"<\/span><\/p>","protected":false},"excerpt":{"rendered":"<p>Commune de taille moyenne, sise dans un environnement verdoyant tout en \u00e9tant relativement proche de la capitale, Kehlen ne manque pas d\u2019atouts. Tout est mis en \u0153uvre pour pr\u00e9server et renforcer la qualit\u00e9 de vie offerte \u00e0 chaque r\u00e9sident. Compos\u00e9e de six localit\u00e9s, \u00e0 savoir Dondelange, Kehlen, Keispelt, Meispelt, Nospelt et Olm, la commune de [&hellip;]<\/p>\n","protected":false},"author":17,"featured_media":11790,"comment_status":"closed","ping_status":"open","sticky":false,"template":"","format":"standard","meta":{"_acf_changed":false,"footnotes":""},"categories":[218],"tags":[],"class_list":["post-11789","post","type-post","status-publish","format-standard","has-post-thumbnail","hentry","category-villes"],"acf":[],"yoast_head":"<!-- This site is optimized with the Yoast SEO plugin v27.4 - https:\/\/yoast.com\/product\/yoast-seo-wordpress\/ -->\n<title>Habiter \u00e0 Kehlen : une vie \u00e0 proximit\u00e9 de la capitale | atHome<\/title>\n<meta name=\"description\" content=\"Situ\u00e9e dans un environnement verdoyant tout en \u00e9tant relativement proche de la capitale, la commune de Kehlen ne manque pas d\u2019atouts\" \/>\n<meta name=\"robots\" content=\"index, follow, max-snippet:-1, max-image-preview:large, max-video-preview:-1\" \/>\n<link rel=\"canonical\" href=\"https:\/\/www.athome.lu\/blog\/de\/immobilien-markt\/stadte\/wohnen-a-kehlen-ein-leben-in-der-nahe-der-hauptstadt\/\" \/>\n<meta property=\"og:locale\" content=\"de_DE\" \/>\n<meta property=\"og:type\" content=\"article\" \/>\n<meta property=\"og:title\" content=\"Habiter \u00e0 Kehlen : une vie \u00e0 proximit\u00e9 de la capitale | atHome\" \/>\n<meta property=\"og:description\" content=\"Situ\u00e9e dans un environnement verdoyant tout en \u00e9tant relativement proche de la capitale, la commune de Kehlen ne manque pas d\u2019atouts\" \/>\n<meta property=\"og:url\" content=\"https:\/\/www.athome.lu\/blog\/de\/immobilien-markt\/stadte\/wohnen-a-kehlen-ein-leben-in-der-nahe-der-hauptstadt\/\" \/>\n<meta property=\"og:site_name\" content=\"atHome Blog\" \/>\n<meta property=\"article:publisher\" content=\"https:\/\/www.facebook.com\/atHome.lu\/\" \/>\n<meta property=\"article:published_time\" content=\"2019-01-10T08:43:10+00:00\" \/>\n<meta property=\"article:modified_time\" content=\"2022-05-11T14:37:12+00:00\" \/>\n<meta property=\"og:image\" content=\"https:\/\/www.athome.lu\/blog\/wp-content\/uploads\/2019\/01\/kehlen4.jpg\" \/>\n\t<meta property=\"og:image:width\" content=\"1200\" \/>\n\t<meta property=\"og:image:height\" content=\"800\" \/>\n\t<meta property=\"og:image:type\" content=\"image\/jpeg\" \/>\n<meta name=\"author\" content=\"Fanny Pimentel\" \/>\n<meta name=\"twitter:card\" content=\"summary_large_image\" \/>\n<meta name=\"twitter:creator\" content=\"@athomelu\" \/>\n<meta name=\"twitter:site\" content=\"@athomelu\" \/>\n<meta name=\"twitter:label1\" content=\"Verfasst von\" \/>\n\t<meta name=\"twitter:data1\" content=\"Fanny Pimentel\" \/>\n\t<meta name=\"twitter:label2\" content=\"Gesch\u00e4tzte Lesezeit\" \/>\n\t<meta name=\"twitter:data2\" content=\"5\u00a0Minuten\" \/>\n<script type=\"application\/ld+json\" class=\"yoast-schema-graph\">{\"@context\":\"https:\\\/\\\/schema.org\",\"@graph\":[{\"@type\":\"Article\",\"@id\":\"https:\\\/\\\/www.athome.lu\\\/blog\\\/marche-immobilier\\\/villes\\\/habiter-a-kehlen-une-vie-a-proximite-de-la-capitale\\\/#article\",\"isPartOf\":{\"@id\":\"https:\\\/\\\/www.athome.lu\\\/blog\\\/marche-immobilier\\\/villes\\\/habiter-a-kehlen-une-vie-a-proximite-de-la-capitale\\\/\"},\"author\":{\"name\":\"Fanny Pimentel\",\"@id\":\"https:\\\/\\\/www.athome.lu\\\/blog\\\/#\\\/schema\\\/person\\\/47f7a38089f837e792876ceddc4cb2dc\"},\"headline\":\"Habiter \u00e0 Kehlen : une vie \u00e0 proximit\u00e9 de la capitale\",\"datePublished\":\"2019-01-10T08:43:10+00:00\",\"dateModified\":\"2022-05-11T14:37:12+00:00\",\"mainEntityOfPage\":{\"@id\":\"https:\\\/\\\/www.athome.lu\\\/blog\\\/marche-immobilier\\\/villes\\\/habiter-a-kehlen-une-vie-a-proximite-de-la-capitale\\\/\"},\"wordCount\":884,\"image\":{\"@id\":\"https:\\\/\\\/www.athome.lu\\\/blog\\\/marche-immobilier\\\/villes\\\/habiter-a-kehlen-une-vie-a-proximite-de-la-capitale\\\/#primaryimage\"},\"thumbnailUrl\":\"https:\\\/\\\/www.athome.lu\\\/blog\\\/wp-content\\\/uploads\\\/2019\\\/01\\\/kehlen4.jpg\",\"articleSection\":[\"Villes\"],\"inLanguage\":\"de\"},{\"@type\":\"WebPage\",\"@id\":\"https:\\\/\\\/www.athome.lu\\\/blog\\\/marche-immobilier\\\/villes\\\/habiter-a-kehlen-une-vie-a-proximite-de-la-capitale\\\/\",\"url\":\"https:\\\/\\\/www.athome.lu\\\/blog\\\/marche-immobilier\\\/villes\\\/habiter-a-kehlen-une-vie-a-proximite-de-la-capitale\\\/\",\"name\":\"Habiter \u00e0 Kehlen : une vie \u00e0 proximit\u00e9 de la capitale | atHome\",\"isPartOf\":{\"@id\":\"https:\\\/\\\/www.athome.lu\\\/blog\\\/#website\"},\"primaryImageOfPage\":{\"@id\":\"https:\\\/\\\/www.athome.lu\\\/blog\\\/marche-immobilier\\\/villes\\\/habiter-a-kehlen-une-vie-a-proximite-de-la-capitale\\\/#primaryimage\"},\"image\":{\"@id\":\"https:\\\/\\\/www.athome.lu\\\/blog\\\/marche-immobilier\\\/villes\\\/habiter-a-kehlen-une-vie-a-proximite-de-la-capitale\\\/#primaryimage\"},\"thumbnailUrl\":\"https:\\\/\\\/www.athome.lu\\\/blog\\\/wp-content\\\/uploads\\\/2019\\\/01\\\/kehlen4.jpg\",\"datePublished\":\"2019-01-10T08:43:10+00:00\",\"dateModified\":\"2022-05-11T14:37:12+00:00\",\"author\":{\"@id\":\"https:\\\/\\\/www.athome.lu\\\/blog\\\/#\\\/schema\\\/person\\\/47f7a38089f837e792876ceddc4cb2dc\"},\"description\":\"Situ\u00e9e dans un environnement verdoyant tout en \u00e9tant relativement proche de la capitale, la commune de Kehlen ne manque pas d\u2019atouts\",\"breadcrumb\":{\"@id\":\"https:\\\/\\\/www.athome.lu\\\/blog\\\/marche-immobilier\\\/villes\\\/habiter-a-kehlen-une-vie-a-proximite-de-la-capitale\\\/#breadcrumb\"},\"inLanguage\":\"de\",\"potentialAction\":[{\"@type\":\"ReadAction\",\"target\":[\"https:\\\/\\\/www.athome.lu\\\/blog\\\/marche-immobilier\\\/villes\\\/habiter-a-kehlen-une-vie-a-proximite-de-la-capitale\\\/\"]}]},{\"@type\":\"ImageObject\",\"inLanguage\":\"de\",\"@id\":\"https:\\\/\\\/www.athome.lu\\\/blog\\\/marche-immobilier\\\/villes\\\/habiter-a-kehlen-une-vie-a-proximite-de-la-capitale\\\/#primaryimage\",\"url\":\"https:\\\/\\\/www.athome.lu\\\/blog\\\/wp-content\\\/uploads\\\/2019\\\/01\\\/kehlen4.jpg\",\"contentUrl\":\"https:\\\/\\\/www.athome.lu\\\/blog\\\/wp-content\\\/uploads\\\/2019\\\/01\\\/kehlen4.jpg\",\"width\":1200,\"height\":800,\"caption\":\"Mairie de Kehlen\"},{\"@type\":\"BreadcrumbList\",\"@id\":\"https:\\\/\\\/www.athome.lu\\\/blog\\\/marche-immobilier\\\/villes\\\/habiter-a-kehlen-une-vie-a-proximite-de-la-capitale\\\/#breadcrumb\",\"itemListElement\":[{\"@type\":\"ListItem\",\"position\":1,\"name\":\"Accueil\",\"item\":\"https:\\\/\\\/www.athome.lu\\\/blog\\\/\"},{\"@type\":\"ListItem\",\"position\":2,\"name\":\"March\u00e9 immobilier\",\"item\":\"https:\\\/\\\/www.athome.lu\\\/blog\\\/category\\\/marche-immobilier\\\/\"},{\"@type\":\"ListItem\",\"position\":3,\"name\":\"Villes\",\"item\":\"https:\\\/\\\/www.athome.lu\\\/blog\\\/category\\\/marche-immobilier\\\/villes\\\/\"},{\"@type\":\"ListItem\",\"position\":4,\"name\":\"Habiter \u00e0 Kehlen : une vie \u00e0 proximit\u00e9 de la capitale\"}]},{\"@type\":\"WebSite\",\"@id\":\"https:\\\/\\\/www.athome.lu\\\/blog\\\/#website\",\"url\":\"https:\\\/\\\/www.athome.lu\\\/blog\\\/\",\"name\":\"atHome Blog\",\"description\":\"Annonces immobili\u00e8res au Luxembourg. Le portail immobilier n\u00b01 au Luxembourg.\",\"potentialAction\":[{\"@type\":\"SearchAction\",\"target\":{\"@type\":\"EntryPoint\",\"urlTemplate\":\"https:\\\/\\\/www.athome.lu\\\/blog\\\/?s={search_term_string}\"},\"query-input\":{\"@type\":\"PropertyValueSpecification\",\"valueRequired\":true,\"valueName\":\"search_term_string\"}}],\"inLanguage\":\"de\"},{\"@type\":\"Person\",\"@id\":\"https:\\\/\\\/www.athome.lu\\\/blog\\\/#\\\/schema\\\/person\\\/47f7a38089f837e792876ceddc4cb2dc\",\"name\":\"Fanny Pimentel\",\"image\":{\"@type\":\"ImageObject\",\"inLanguage\":\"de\",\"@id\":\"https:\\\/\\\/secure.gravatar.com\\\/avatar\\\/c60b27b93851dc9503f9cc9150e73dcb0a86ba6150657e5e4b11d988400bc633?s=96&d=mm&r=g\",\"url\":\"https:\\\/\\\/secure.gravatar.com\\\/avatar\\\/c60b27b93851dc9503f9cc9150e73dcb0a86ba6150657e5e4b11d988400bc633?s=96&d=mm&r=g\",\"contentUrl\":\"https:\\\/\\\/secure.gravatar.com\\\/avatar\\\/c60b27b93851dc9503f9cc9150e73dcb0a86ba6150657e5e4b11d988400bc633?s=96&d=mm&r=g\",\"caption\":\"Fanny Pimentel\"}}]}<\/script>\n<!-- \/ Yoast SEO plugin. -->","yoast_head_json":{"title":"Wohnen in Kehlen: Ein Leben in der N\u00e4he der Hauptstadt | atHome","description":"Die Gemeinde Kehlen liegt in einer gr\u00fcnen Umgebung und doch relativ nah an der Hauptstadt, so dass es ihr nicht an Vorteilen mangelt","robots":{"index":"index","follow":"follow","max-snippet":"max-snippet:-1","max-image-preview":"max-image-preview:large","max-video-preview":"max-video-preview:-1"},"canonical":"https:\/\/www.athome.lu\/blog\/de\/immobilien-markt\/stadte\/wohnen-a-kehlen-ein-leben-in-der-nahe-der-hauptstadt\/","og_locale":"de_DE","og_type":"article","og_title":"Habiter \u00e0 Kehlen : une vie \u00e0 proximit\u00e9 de la capitale | atHome","og_description":"Situ\u00e9e dans un environnement verdoyant tout en \u00e9tant relativement proche de la capitale, la commune de Kehlen ne manque pas d\u2019atouts","og_url":"https:\/\/www.athome.lu\/blog\/de\/immobilien-markt\/stadte\/wohnen-a-kehlen-ein-leben-in-der-nahe-der-hauptstadt\/","og_site_name":"atHome Blog","article_publisher":"https:\/\/www.facebook.com\/atHome.lu\/","article_published_time":"2019-01-10T08:43:10+00:00","article_modified_time":"2022-05-11T14:37:12+00:00","og_image":[{"width":1200,"height":800,"url":"https:\/\/www.athome.lu\/blog\/wp-content\/uploads\/2019\/01\/kehlen4.jpg","type":"image\/jpeg"}],"author":"Fanny Pimentel","twitter_card":"summary_large_image","twitter_creator":"@athomelu","twitter_site":"@athomelu","twitter_misc":{"Verfasst von":"Fanny Pimentel","Gesch\u00e4tzte Lesezeit":"5\u00a0Minuten"},"schema":{"@context":"https:\/\/schema.org","@graph":[{"@type":"Article","@id":"https:\/\/www.athome.lu\/blog\/marche-immobilier\/villes\/habiter-a-kehlen-une-vie-a-proximite-de-la-capitale\/#article","isPartOf":{"@id":"https:\/\/www.athome.lu\/blog\/marche-immobilier\/villes\/habiter-a-kehlen-une-vie-a-proximite-de-la-capitale\/"},"author":{"name":"Fanny Pimentel","@id":"https:\/\/www.athome.lu\/blog\/#\/schema\/person\/47f7a38089f837e792876ceddc4cb2dc"},"headline":"Habiter \u00e0 Kehlen : une vie \u00e0 proximit\u00e9 de la capitale","datePublished":"2019-01-10T08:43:10+00:00","dateModified":"2022-05-11T14:37:12+00:00","mainEntityOfPage":{"@id":"https:\/\/www.athome.lu\/blog\/marche-immobilier\/villes\/habiter-a-kehlen-une-vie-a-proximite-de-la-capitale\/"},"wordCount":884,"image":{"@id":"https:\/\/www.athome.lu\/blog\/marche-immobilier\/villes\/habiter-a-kehlen-une-vie-a-proximite-de-la-capitale\/#primaryimage"},"thumbnailUrl":"https:\/\/www.athome.lu\/blog\/wp-content\/uploads\/2019\/01\/kehlen4.jpg","articleSection":["Villes"],"inLanguage":"de"},{"@type":"WebPage","@id":"https:\/\/www.athome.lu\/blog\/marche-immobilier\/villes\/habiter-a-kehlen-une-vie-a-proximite-de-la-capitale\/","url":"https:\/\/www.athome.lu\/blog\/marche-immobilier\/villes\/habiter-a-kehlen-une-vie-a-proximite-de-la-capitale\/","name":"Wohnen in Kehlen: Ein Leben in der N\u00e4he der Hauptstadt | atHome","isPartOf":{"@id":"https:\/\/www.athome.lu\/blog\/#website"},"primaryImageOfPage":{"@id":"https:\/\/www.athome.lu\/blog\/marche-immobilier\/villes\/habiter-a-kehlen-une-vie-a-proximite-de-la-capitale\/#primaryimage"},"image":{"@id":"https:\/\/www.athome.lu\/blog\/marche-immobilier\/villes\/habiter-a-kehlen-une-vie-a-proximite-de-la-capitale\/#primaryimage"},"thumbnailUrl":"https:\/\/www.athome.lu\/blog\/wp-content\/uploads\/2019\/01\/kehlen4.jpg","datePublished":"2019-01-10T08:43:10+00:00","dateModified":"2022-05-11T14:37:12+00:00","author":{"@id":"https:\/\/www.athome.lu\/blog\/#\/schema\/person\/47f7a38089f837e792876ceddc4cb2dc"},"description":"Die Gemeinde Kehlen liegt in einer gr\u00fcnen Umgebung und doch relativ nah an der Hauptstadt, so dass es ihr nicht an Vorteilen mangelt","breadcrumb":{"@id":"https:\/\/www.athome.lu\/blog\/marche-immobilier\/villes\/habiter-a-kehlen-une-vie-a-proximite-de-la-capitale\/#breadcrumb"},"inLanguage":"de","potentialAction":[{"@type":"ReadAction","target":["https:\/\/www.athome.lu\/blog\/marche-immobilier\/villes\/habiter-a-kehlen-une-vie-a-proximite-de-la-capitale\/"]}]},{"@type":"ImageObject","inLanguage":"de","@id":"https:\/\/www.athome.lu\/blog\/marche-immobilier\/villes\/habiter-a-kehlen-une-vie-a-proximite-de-la-capitale\/#primaryimage","url":"https:\/\/www.athome.lu\/blog\/wp-content\/uploads\/2019\/01\/kehlen4.jpg","contentUrl":"https:\/\/www.athome.lu\/blog\/wp-content\/uploads\/2019\/01\/kehlen4.jpg","width":1200,"height":800,"caption":"Mairie de Kehlen"},{"@type":"BreadcrumbList","@id":"https:\/\/www.athome.lu\/blog\/marche-immobilier\/villes\/habiter-a-kehlen-une-vie-a-proximite-de-la-capitale\/#breadcrumb","itemListElement":[{"@type":"ListItem","position":1,"name":"Accueil","item":"https:\/\/www.athome.lu\/blog\/"},{"@type":"ListItem","position":2,"name":"March\u00e9 immobilier","item":"https:\/\/www.athome.lu\/blog\/category\/marche-immobilier\/"},{"@type":"ListItem","position":3,"name":"Villes","item":"https:\/\/www.athome.lu\/blog\/category\/marche-immobilier\/villes\/"},{"@type":"ListItem","position":4,"name":"Habiter \u00e0 Kehlen : une vie \u00e0 proximit\u00e9 de la capitale"}]},{"@type":"WebSite","@id":"https:\/\/www.athome.lu\/blog\/#website","url":"https:\/\/www.athome.lu\/blog\/","name":"atHome Blog","description":"Immobilienanzeigen in Luxemburg. Das Immobilienportal Nr. 1 in Luxemburg.","potentialAction":[{"@type":"SearchAction","target":{"@type":"EntryPoint","urlTemplate":"https:\/\/www.athome.lu\/blog\/?s={search_term_string}"},"query-input":{"@type":"PropertyValueSpecification","valueRequired":true,"valueName":"search_term_string"}}],"inLanguage":"de"},{"@type":"Person","@id":"https:\/\/www.athome.lu\/blog\/#\/schema\/person\/47f7a38089f837e792876ceddc4cb2dc","name":"Fanny Pimentel","image":{"@type":"ImageObject","inLanguage":"de","@id":"https:\/\/secure.gravatar.com\/avatar\/c60b27b93851dc9503f9cc9150e73dcb0a86ba6150657e5e4b11d988400bc633?s=96&d=mm&r=g","url":"https:\/\/secure.gravatar.com\/avatar\/c60b27b93851dc9503f9cc9150e73dcb0a86ba6150657e5e4b11d988400bc633?s=96&d=mm&r=g","contentUrl":"https:\/\/secure.gravatar.com\/avatar\/c60b27b93851dc9503f9cc9150e73dcb0a86ba6150657e5e4b11d988400bc633?s=96&d=mm&r=g","caption":"Fanny Pimentel"}}]}},"featured_media_src_url":"https:\/\/www.athome.lu\/blog\/wp-content\/uploads\/2019\/01\/kehlen4-1024x683.jpg","_links":{"self":[{"href":"https:\/\/www.athome.lu\/blog\/de\/wp-json\/wp\/v2\/posts\/11789","targetHints":{"allow":["GET"]}}],"collection":[{"href":"https:\/\/www.athome.lu\/blog\/de\/wp-json\/wp\/v2\/posts"}],"about":[{"href":"https:\/\/www.athome.lu\/blog\/de\/wp-json\/wp\/v2\/types\/post"}],"author":[{"embeddable":true,"href":"https:\/\/www.athome.lu\/blog\/de\/wp-json\/wp\/v2\/users\/17"}],"replies":[{"embeddable":true,"href":"https:\/\/www.athome.lu\/blog\/de\/wp-json\/wp\/v2\/comments?post=11789"}],"version-history":[{"count":2,"href":"https:\/\/www.athome.lu\/blog\/de\/wp-json\/wp\/v2\/posts\/11789\/revisions"}],"predecessor-version":[{"id":15072,"href":"https:\/\/www.athome.lu\/blog\/de\/wp-json\/wp\/v2\/posts\/11789\/revisions\/15072"}],"wp:featuredmedia":[{"embeddable":true,"href":"https:\/\/www.athome.lu\/blog\/de\/wp-json\/wp\/v2\/media\/11790"}],"wp:attachment":[{"href":"https:\/\/www.athome.lu\/blog\/de\/wp-json\/wp\/v2\/media?parent=11789"}],"wp:term":[{"taxonomy":"category","embeddable":true,"href":"https:\/\/www.athome.lu\/blog\/de\/wp-json\/wp\/v2\/categories?post=11789"},{"taxonomy":"post_tag","embeddable":true,"href":"https:\/\/www.athome.lu\/blog\/de\/wp-json\/wp\/v2\/tags?post=11789"}],"curies":[{"name":"wp","href":"https:\/\/api.w.org\/{rel}","templated":true}]}}