{"id":11860,"date":"2019-02-13T16:09:12","date_gmt":"2019-02-13T15:09:12","guid":{"rendered":"https:\/\/www.athome.lu\/blog\/?p=11860"},"modified":"2022-05-11T15:07:18","modified_gmt":"2022-05-11T13:07:18","slug":"ein-ein-raum-in-mehr-ohne-eine-wand-hinzufugen","status":"publish","type":"post","link":"https:\/\/www.athome.lu\/blog\/de\/mon-logement\/meuble-decoration\/une-piece-en-plus-sans-ajouter-de-mur\/","title":{"rendered":"Ein zus\u00e4tzlicher Raum, ohne eine Wand einzuziehen"},"content":{"rendered":"<p><span style=\"color: #000000;\">R\u00e4ume neu zu definieren, ohne W\u00e4nde hochzuziehen, ist m\u00f6glich! Entdecken Sie unsere Deko-Tipps, um ein zus\u00e4tzliches Zimmer zu schaffen, ohne gro\u00dfe Umbauarbeiten durchf\u00fchren zu m\u00fcssen!<\/span><\/p>\n\n\n\n<h2 class=\"wp-block-heading\"><strong><span style=\"color: #000000;\">Glasd\u00e4cher: Licht und Privatsph\u00e4re<\/span><\/strong><\/h2>\n\n\n\n<p><span style=\"color: #000000;\">Um eine B\u00fcroecke abzugrenzen oder eine K\u00fcche zu schlie\u00dfen, ohne sie v\u00f6llig vom Wohnzimmer abzutrennen, entscheidet man sich f\u00fcr ein Glasdach! Sie l\u00e4sst viel Licht durch und sch\u00fctzt vor Umgebungsger\u00e4uschen. Das Glasdach im Industriestil liegt voll im Trend und passt sowohl in klassische als auch in moderne Einrichtungen. Und um sich nur dann abzuschotten, wenn man es m\u00f6chte, verf\u00fcgen einige Modelle \u00fcber Schienen, auf denen sich die Paneele nach Belieben \u00f6ffnen und schlie\u00dfen lassen.<\/span><\/p>\n\n\n\n<h2 class=\"wp-block-heading\"><strong><span style=\"color: #000000;\">Wir r\u00fccken die M\u00f6bel um!<\/span><\/strong><\/h2>\n\n\n\n<p><span style=\"color: #000000;\">Um gro\u00dfe R\u00e4ume neu zu definieren, wagt man es, mit den M\u00f6beln zu spielen. Gro\u00dfe Sofas fungieren als Sichtbarrieren und B\u00fccherregale r\u00fccken von den W\u00e4nden weg, um durchbrochene Sichtschutzw\u00e4nde zu schaffen.<\/span><\/p>\n\n\n\n<h2 class=\"wp-block-heading\"><strong><span style=\"color: #000000;\">Ein Hauch von Farbe und schon ist es geschafft!<\/span><\/strong><\/h2>\n\n\n\n<p><span style=\"color: #000000;\">Eine helle Farbe zieht das Auge an. In kleinen R\u00e4umen ist es oft kompliziert, verschiedene Bereiche abzugrenzen. Durch die Verwendung von Farben k\u00f6nnen Sie unterschiedliche Bereiche schaffen, ohne den Raum abtrennen zu m\u00fcssen. Ein M\u00f6belst\u00fcck in einer kr\u00e4ftigen Farbe, eine in einer anderen Farbe gestrichene Wand... all dies sind L\u00f6sungen, die Sie in Betracht ziehen k\u00f6nnen, um einen neuen Raum zu definieren.<\/span><\/p>\n\n\n\n<h2 class=\"wp-block-heading\"><strong><span style=\"color: #000000;\">Mix aus Bodenbel\u00e4gen<\/span><\/strong><\/h2>\n\n\n\n<p><span style=\"color: #000000;\">In einem gro\u00dfen Wohnzimmer oder in einer Mastersuite ist die Abgrenzung des Raums durch den Boden ebenso einfach wie \u00e4sthetisch. Zementfliesen im K\u00fcchenbereich und Parkett im restlichen Wohnbereich oder Fliesen im Badezimmer und Teppichboden im Schlafzimmer... Bodenbel\u00e4ge setzen ihre Grenzen.<\/span><\/p>\n\n\n\n<h2 class=\"wp-block-heading\"><strong><span style=\"color: #000000;\">\u00c4sthetische Holztrennw\u00e4nde<\/span><\/strong><\/h2>\n\n\n\n<p><span style=\"color: #000000;\">Trennw\u00e4nde sind nur dem Namen nach Trennw\u00e4nde! Ob aus hellem oder dunklem Holz, mit oder ohne Leuchten, Trennw\u00e4nde verleihen einen h\u00fcbschen dekorativen Touch und grenzen gleichzeitig einen Raum elegant ab. Bar, K\u00fcchenzeile oder Schreibtisch finden im Schutz dieser sch\u00f6n gearbeiteten Paneele ihren Platz.<\/span><\/p>\n\n\n<section id=\"section-3-14695\" class=\"ct-section\" ><div class=\"ct-section-inner-wrap\"><div id=\"div_block-4-14695\" class=\"ct-div-block\" ><div id=\"new_columns-7-14695\" class=\"ct-new-columns\" ><div id=\"div_block-8-14695\" class=\"ct-div-block\" ><div id=\"div_block-14-14695\" class=\"ct-div-block\" ><\/div><\/div><div id=\"div_block-9-14695\" class=\"ct-div-block\" ><h1 id=\"headline-11-14695\" class=\"ct-headline\">Wie hoch sind die Immobilienpreise derzeit?<\/h1><div id=\"text_block-12-14695\" class=\"ct-text-block\" >Die Preise verlangsamen sich. Die Zinss\u00e4tze steigen. Welche Trends sind in den kommenden Monaten zu erwarten?<\/div><a id=\"link_button-13-14695\" class=\"ct-link-button\" href=\"https:\/\/www.athome.lu\/blog\/blog\/marche-immobilier\/prix\/tendances-2022\/\" target=\"_blank\"  >Analyse lesen<\/a><\/div><\/div><\/div><\/div><\/section>","protected":false},"excerpt":{"rendered":"<p>Red\u00e9finir les espaces sans monter de mur, c\u2019est possible ! D\u00e9couvrez nos astuces d\u00e9co pour cr\u00e9er une pi\u00e8ce en plus sans r\u00e9aliser de gros travaux ! Verri\u00e8res : lumi\u00e8re et intimit\u00e9 Pour d\u00e9limiter un coin bureau ou pour fermer une cuisine sans la couper totalement du s\u00e9jour, on opte pour la verri\u00e8re ! Elle laisse [&hellip;]<\/p>\n","protected":false},"author":17,"featured_media":11863,"comment_status":"closed","ping_status":"open","sticky":false,"template":"","format":"standard","meta":{"_acf_changed":false,"footnotes":""},"categories":[210],"tags":[79],"class_list":["post-11860","post","type-post","status-publish","format-standard","has-post-thumbnail","hentry","category-meuble-decoration","tag-decoration"],"acf":[],"yoast_head":"<!-- This site is optimized with the Yoast SEO plugin v27.4 - https:\/\/yoast.com\/product\/yoast-seo-wordpress\/ -->\n<title>\u25b7 Une pi\u00e8ce en plus sans ajouter de mur | atHome<\/title>\n<meta name=\"description\" content=\"Red\u00e9finir les espaces sans monter de mur, c\u2019est possible ! D\u00e9couvrez nos astuces d\u00e9co pour cr\u00e9er une pi\u00e8ce en plus sans r\u00e9aliser de gros travaux !\" \/>\n<meta name=\"robots\" content=\"index, follow, max-snippet:-1, max-image-preview:large, max-video-preview:-1\" \/>\n<link rel=\"canonical\" href=\"https:\/\/www.athome.lu\/blog\/de\/mein-haus\/deko-mobel\/ein-ein-raum-in-mehr-ohne-eine-wand-hinzufugen\/\" \/>\n<meta property=\"og:locale\" content=\"de_DE\" \/>\n<meta property=\"og:type\" content=\"article\" \/>\n<meta property=\"og:title\" content=\"\u25b7 Une pi\u00e8ce en plus sans ajouter de mur | atHome\" \/>\n<meta property=\"og:description\" content=\"Red\u00e9finir les espaces sans monter de mur, c\u2019est possible ! D\u00e9couvrez nos astuces d\u00e9co pour cr\u00e9er une pi\u00e8ce en plus sans r\u00e9aliser de gros travaux !\" \/>\n<meta property=\"og:url\" content=\"https:\/\/www.athome.lu\/blog\/de\/mein-haus\/deko-mobel\/ein-ein-raum-in-mehr-ohne-eine-wand-hinzufugen\/\" \/>\n<meta property=\"og:site_name\" content=\"atHome Blog\" \/>\n<meta property=\"article:publisher\" content=\"https:\/\/www.facebook.com\/atHome.lu\/\" \/>\n<meta property=\"article:published_time\" content=\"2019-02-13T15:09:12+00:00\" \/>\n<meta property=\"article:modified_time\" content=\"2022-05-11T13:07:18+00:00\" \/>\n<meta property=\"og:image\" content=\"https:\/\/www.athome.lu\/blog\/wp-content\/uploads\/2019\/02\/verriere-1200-iStock-859413886.jpg\" \/>\n\t<meta property=\"og:image:width\" content=\"1200\" \/>\n\t<meta property=\"og:image:height\" content=\"800\" \/>\n\t<meta property=\"og:image:type\" content=\"image\/jpeg\" \/>\n<meta name=\"author\" content=\"Fanny Pimentel\" \/>\n<meta name=\"twitter:card\" content=\"summary_large_image\" \/>\n<meta name=\"twitter:creator\" content=\"@athomelu\" \/>\n<meta name=\"twitter:site\" content=\"@athomelu\" \/>\n<meta name=\"twitter:label1\" content=\"Verfasst von\" \/>\n\t<meta name=\"twitter:data1\" content=\"Fanny Pimentel\" \/>\n\t<meta name=\"twitter:label2\" content=\"Gesch\u00e4tzte Lesezeit\" \/>\n\t<meta name=\"twitter:data2\" content=\"2\u00a0Minuten\" \/>\n<script type=\"application\/ld+json\" class=\"yoast-schema-graph\">{\"@context\":\"https:\\\/\\\/schema.org\",\"@graph\":[{\"@type\":\"Article\",\"@id\":\"https:\\\/\\\/www.athome.lu\\\/blog\\\/mon-logement\\\/meuble-decoration\\\/une-piece-en-plus-sans-ajouter-de-mur\\\/#article\",\"isPartOf\":{\"@id\":\"https:\\\/\\\/www.athome.lu\\\/blog\\\/mon-logement\\\/meuble-decoration\\\/une-piece-en-plus-sans-ajouter-de-mur\\\/\"},\"author\":{\"name\":\"Fanny Pimentel\",\"@id\":\"https:\\\/\\\/www.athome.lu\\\/blog\\\/#\\\/schema\\\/person\\\/47f7a38089f837e792876ceddc4cb2dc\"},\"headline\":\"Une pi\u00e8ce en plus sans ajouter de mur\",\"datePublished\":\"2019-02-13T15:09:12+00:00\",\"dateModified\":\"2022-05-11T13:07:18+00:00\",\"mainEntityOfPage\":{\"@id\":\"https:\\\/\\\/www.athome.lu\\\/blog\\\/mon-logement\\\/meuble-decoration\\\/une-piece-en-plus-sans-ajouter-de-mur\\\/\"},\"wordCount\":362,\"image\":{\"@id\":\"https:\\\/\\\/www.athome.lu\\\/blog\\\/mon-logement\\\/meuble-decoration\\\/une-piece-en-plus-sans-ajouter-de-mur\\\/#primaryimage\"},\"thumbnailUrl\":\"https:\\\/\\\/www.athome.lu\\\/blog\\\/wp-content\\\/uploads\\\/2019\\\/02\\\/verriere-1200-iStock-859413886.jpg\",\"keywords\":[\"D\u00e9coration\"],\"articleSection\":[\"Meubler et D\u00e9corer\"],\"inLanguage\":\"de\"},{\"@type\":\"WebPage\",\"@id\":\"https:\\\/\\\/www.athome.lu\\\/blog\\\/mon-logement\\\/meuble-decoration\\\/une-piece-en-plus-sans-ajouter-de-mur\\\/\",\"url\":\"https:\\\/\\\/www.athome.lu\\\/blog\\\/mon-logement\\\/meuble-decoration\\\/une-piece-en-plus-sans-ajouter-de-mur\\\/\",\"name\":\"\u25b7 Une pi\u00e8ce en plus sans ajouter de mur | atHome\",\"isPartOf\":{\"@id\":\"https:\\\/\\\/www.athome.lu\\\/blog\\\/#website\"},\"primaryImageOfPage\":{\"@id\":\"https:\\\/\\\/www.athome.lu\\\/blog\\\/mon-logement\\\/meuble-decoration\\\/une-piece-en-plus-sans-ajouter-de-mur\\\/#primaryimage\"},\"image\":{\"@id\":\"https:\\\/\\\/www.athome.lu\\\/blog\\\/mon-logement\\\/meuble-decoration\\\/une-piece-en-plus-sans-ajouter-de-mur\\\/#primaryimage\"},\"thumbnailUrl\":\"https:\\\/\\\/www.athome.lu\\\/blog\\\/wp-content\\\/uploads\\\/2019\\\/02\\\/verriere-1200-iStock-859413886.jpg\",\"datePublished\":\"2019-02-13T15:09:12+00:00\",\"dateModified\":\"2022-05-11T13:07:18+00:00\",\"author\":{\"@id\":\"https:\\\/\\\/www.athome.lu\\\/blog\\\/#\\\/schema\\\/person\\\/47f7a38089f837e792876ceddc4cb2dc\"},\"description\":\"Red\u00e9finir les espaces sans monter de mur, c\u2019est possible ! D\u00e9couvrez nos astuces d\u00e9co pour cr\u00e9er une pi\u00e8ce en plus sans r\u00e9aliser de gros travaux !\",\"breadcrumb\":{\"@id\":\"https:\\\/\\\/www.athome.lu\\\/blog\\\/mon-logement\\\/meuble-decoration\\\/une-piece-en-plus-sans-ajouter-de-mur\\\/#breadcrumb\"},\"inLanguage\":\"de\",\"potentialAction\":[{\"@type\":\"ReadAction\",\"target\":[\"https:\\\/\\\/www.athome.lu\\\/blog\\\/mon-logement\\\/meuble-decoration\\\/une-piece-en-plus-sans-ajouter-de-mur\\\/\"]}]},{\"@type\":\"ImageObject\",\"inLanguage\":\"de\",\"@id\":\"https:\\\/\\\/www.athome.lu\\\/blog\\\/mon-logement\\\/meuble-decoration\\\/une-piece-en-plus-sans-ajouter-de-mur\\\/#primaryimage\",\"url\":\"https:\\\/\\\/www.athome.lu\\\/blog\\\/wp-content\\\/uploads\\\/2019\\\/02\\\/verriere-1200-iStock-859413886.jpg\",\"contentUrl\":\"https:\\\/\\\/www.athome.lu\\\/blog\\\/wp-content\\\/uploads\\\/2019\\\/02\\\/verriere-1200-iStock-859413886.jpg\",\"width\":1200,\"height\":800,\"caption\":\"Verri\u00e8re int\u00e9rieure\"},{\"@type\":\"BreadcrumbList\",\"@id\":\"https:\\\/\\\/www.athome.lu\\\/blog\\\/mon-logement\\\/meuble-decoration\\\/une-piece-en-plus-sans-ajouter-de-mur\\\/#breadcrumb\",\"itemListElement\":[{\"@type\":\"ListItem\",\"position\":1,\"name\":\"Accueil\",\"item\":\"https:\\\/\\\/www.athome.lu\\\/blog\\\/\"},{\"@type\":\"ListItem\",\"position\":2,\"name\":\"Mon logement\",\"item\":\"https:\\\/\\\/www.athome.lu\\\/blog\\\/de\\\/category\\\/mein-haus\\\/\"},{\"@type\":\"ListItem\",\"position\":3,\"name\":\"Meubler et D\u00e9corer\",\"item\":\"https:\\\/\\\/www.athome.lu\\\/blog\\\/de\\\/category\\\/mein-haus\\\/deko-mobel\\\/\"},{\"@type\":\"ListItem\",\"position\":4,\"name\":\"Une pi\u00e8ce en plus sans ajouter de mur\"}]},{\"@type\":\"WebSite\",\"@id\":\"https:\\\/\\\/www.athome.lu\\\/blog\\\/#website\",\"url\":\"https:\\\/\\\/www.athome.lu\\\/blog\\\/\",\"name\":\"atHome Blog\",\"description\":\"Annonces immobili\u00e8res au Luxembourg. Le portail immobilier n\u00b01 au Luxembourg.\",\"potentialAction\":[{\"@type\":\"SearchAction\",\"target\":{\"@type\":\"EntryPoint\",\"urlTemplate\":\"https:\\\/\\\/www.athome.lu\\\/blog\\\/?s={search_term_string}\"},\"query-input\":{\"@type\":\"PropertyValueSpecification\",\"valueRequired\":true,\"valueName\":\"search_term_string\"}}],\"inLanguage\":\"de\"},{\"@type\":\"Person\",\"@id\":\"https:\\\/\\\/www.athome.lu\\\/blog\\\/#\\\/schema\\\/person\\\/47f7a38089f837e792876ceddc4cb2dc\",\"name\":\"Fanny Pimentel\",\"image\":{\"@type\":\"ImageObject\",\"inLanguage\":\"de\",\"@id\":\"https:\\\/\\\/secure.gravatar.com\\\/avatar\\\/c60b27b93851dc9503f9cc9150e73dcb0a86ba6150657e5e4b11d988400bc633?s=96&d=mm&r=g\",\"url\":\"https:\\\/\\\/secure.gravatar.com\\\/avatar\\\/c60b27b93851dc9503f9cc9150e73dcb0a86ba6150657e5e4b11d988400bc633?s=96&d=mm&r=g\",\"contentUrl\":\"https:\\\/\\\/secure.gravatar.com\\\/avatar\\\/c60b27b93851dc9503f9cc9150e73dcb0a86ba6150657e5e4b11d988400bc633?s=96&d=mm&r=g\",\"caption\":\"Fanny Pimentel\"}}]}<\/script>\n<!-- \/ Yoast SEO plugin. -->","yoast_head_json":{"title":"\u25b7 Ein zus\u00e4tzlicher Raum, ohne eine Wand einzuziehen | atHome","description":"R\u00e4ume neu zu definieren, ohne W\u00e4nde hochzuziehen, ist m\u00f6glich! Entdecken Sie unsere Deko-Tipps, um ein zus\u00e4tzliches Zimmer zu schaffen, ohne gro\u00dfe Umbauarbeiten durchf\u00fchren zu m\u00fcssen!","robots":{"index":"index","follow":"follow","max-snippet":"max-snippet:-1","max-image-preview":"max-image-preview:large","max-video-preview":"max-video-preview:-1"},"canonical":"https:\/\/www.athome.lu\/blog\/de\/mein-haus\/deko-mobel\/ein-ein-raum-in-mehr-ohne-eine-wand-hinzufugen\/","og_locale":"de_DE","og_type":"article","og_title":"\u25b7 Une pi\u00e8ce en plus sans ajouter de mur | atHome","og_description":"Red\u00e9finir les espaces sans monter de mur, c\u2019est possible ! D\u00e9couvrez nos astuces d\u00e9co pour cr\u00e9er une pi\u00e8ce en plus sans r\u00e9aliser de gros travaux !","og_url":"https:\/\/www.athome.lu\/blog\/de\/mein-haus\/deko-mobel\/ein-ein-raum-in-mehr-ohne-eine-wand-hinzufugen\/","og_site_name":"atHome Blog","article_publisher":"https:\/\/www.facebook.com\/atHome.lu\/","article_published_time":"2019-02-13T15:09:12+00:00","article_modified_time":"2022-05-11T13:07:18+00:00","og_image":[{"width":1200,"height":800,"url":"https:\/\/www.athome.lu\/blog\/wp-content\/uploads\/2019\/02\/verriere-1200-iStock-859413886.jpg","type":"image\/jpeg"}],"author":"Fanny Pimentel","twitter_card":"summary_large_image","twitter_creator":"@athomelu","twitter_site":"@athomelu","twitter_misc":{"Verfasst von":"Fanny Pimentel","Gesch\u00e4tzte Lesezeit":"2\u00a0Minuten"},"schema":{"@context":"https:\/\/schema.org","@graph":[{"@type":"Article","@id":"https:\/\/www.athome.lu\/blog\/mon-logement\/meuble-decoration\/une-piece-en-plus-sans-ajouter-de-mur\/#article","isPartOf":{"@id":"https:\/\/www.athome.lu\/blog\/mon-logement\/meuble-decoration\/une-piece-en-plus-sans-ajouter-de-mur\/"},"author":{"name":"Fanny Pimentel","@id":"https:\/\/www.athome.lu\/blog\/#\/schema\/person\/47f7a38089f837e792876ceddc4cb2dc"},"headline":"Une pi\u00e8ce en plus sans ajouter de mur","datePublished":"2019-02-13T15:09:12+00:00","dateModified":"2022-05-11T13:07:18+00:00","mainEntityOfPage":{"@id":"https:\/\/www.athome.lu\/blog\/mon-logement\/meuble-decoration\/une-piece-en-plus-sans-ajouter-de-mur\/"},"wordCount":362,"image":{"@id":"https:\/\/www.athome.lu\/blog\/mon-logement\/meuble-decoration\/une-piece-en-plus-sans-ajouter-de-mur\/#primaryimage"},"thumbnailUrl":"https:\/\/www.athome.lu\/blog\/wp-content\/uploads\/2019\/02\/verriere-1200-iStock-859413886.jpg","keywords":["D\u00e9coration"],"articleSection":["Meubler et D\u00e9corer"],"inLanguage":"de"},{"@type":"WebPage","@id":"https:\/\/www.athome.lu\/blog\/mon-logement\/meuble-decoration\/une-piece-en-plus-sans-ajouter-de-mur\/","url":"https:\/\/www.athome.lu\/blog\/mon-logement\/meuble-decoration\/une-piece-en-plus-sans-ajouter-de-mur\/","name":"\u25b7 Ein zus\u00e4tzlicher Raum, ohne eine Wand einzuziehen | atHome","isPartOf":{"@id":"https:\/\/www.athome.lu\/blog\/#website"},"primaryImageOfPage":{"@id":"https:\/\/www.athome.lu\/blog\/mon-logement\/meuble-decoration\/une-piece-en-plus-sans-ajouter-de-mur\/#primaryimage"},"image":{"@id":"https:\/\/www.athome.lu\/blog\/mon-logement\/meuble-decoration\/une-piece-en-plus-sans-ajouter-de-mur\/#primaryimage"},"thumbnailUrl":"https:\/\/www.athome.lu\/blog\/wp-content\/uploads\/2019\/02\/verriere-1200-iStock-859413886.jpg","datePublished":"2019-02-13T15:09:12+00:00","dateModified":"2022-05-11T13:07:18+00:00","author":{"@id":"https:\/\/www.athome.lu\/blog\/#\/schema\/person\/47f7a38089f837e792876ceddc4cb2dc"},"description":"R\u00e4ume neu zu definieren, ohne W\u00e4nde hochzuziehen, ist m\u00f6glich! Entdecken Sie unsere Deko-Tipps, um ein zus\u00e4tzliches Zimmer zu schaffen, ohne gro\u00dfe Umbauarbeiten durchf\u00fchren zu m\u00fcssen!","breadcrumb":{"@id":"https:\/\/www.athome.lu\/blog\/mon-logement\/meuble-decoration\/une-piece-en-plus-sans-ajouter-de-mur\/#breadcrumb"},"inLanguage":"de","potentialAction":[{"@type":"ReadAction","target":["https:\/\/www.athome.lu\/blog\/mon-logement\/meuble-decoration\/une-piece-en-plus-sans-ajouter-de-mur\/"]}]},{"@type":"ImageObject","inLanguage":"de","@id":"https:\/\/www.athome.lu\/blog\/mon-logement\/meuble-decoration\/une-piece-en-plus-sans-ajouter-de-mur\/#primaryimage","url":"https:\/\/www.athome.lu\/blog\/wp-content\/uploads\/2019\/02\/verriere-1200-iStock-859413886.jpg","contentUrl":"https:\/\/www.athome.lu\/blog\/wp-content\/uploads\/2019\/02\/verriere-1200-iStock-859413886.jpg","width":1200,"height":800,"caption":"Verri\u00e8re int\u00e9rieure"},{"@type":"BreadcrumbList","@id":"https:\/\/www.athome.lu\/blog\/mon-logement\/meuble-decoration\/une-piece-en-plus-sans-ajouter-de-mur\/#breadcrumb","itemListElement":[{"@type":"ListItem","position":1,"name":"Accueil","item":"https:\/\/www.athome.lu\/blog\/"},{"@type":"ListItem","position":2,"name":"Mon logement","item":"https:\/\/www.athome.lu\/blog\/de\/category\/mein-haus\/"},{"@type":"ListItem","position":3,"name":"Meubler et D\u00e9corer","item":"https:\/\/www.athome.lu\/blog\/de\/category\/mein-haus\/deko-mobel\/"},{"@type":"ListItem","position":4,"name":"Une pi\u00e8ce en plus sans ajouter de mur"}]},{"@type":"WebSite","@id":"https:\/\/www.athome.lu\/blog\/#website","url":"https:\/\/www.athome.lu\/blog\/","name":"atHome Blog","description":"Immobilienanzeigen in Luxemburg. Das Immobilienportal Nr. 1 in Luxemburg.","potentialAction":[{"@type":"SearchAction","target":{"@type":"EntryPoint","urlTemplate":"https:\/\/www.athome.lu\/blog\/?s={search_term_string}"},"query-input":{"@type":"PropertyValueSpecification","valueRequired":true,"valueName":"search_term_string"}}],"inLanguage":"de"},{"@type":"Person","@id":"https:\/\/www.athome.lu\/blog\/#\/schema\/person\/47f7a38089f837e792876ceddc4cb2dc","name":"Fanny Pimentel","image":{"@type":"ImageObject","inLanguage":"de","@id":"https:\/\/secure.gravatar.com\/avatar\/c60b27b93851dc9503f9cc9150e73dcb0a86ba6150657e5e4b11d988400bc633?s=96&d=mm&r=g","url":"https:\/\/secure.gravatar.com\/avatar\/c60b27b93851dc9503f9cc9150e73dcb0a86ba6150657e5e4b11d988400bc633?s=96&d=mm&r=g","contentUrl":"https:\/\/secure.gravatar.com\/avatar\/c60b27b93851dc9503f9cc9150e73dcb0a86ba6150657e5e4b11d988400bc633?s=96&d=mm&r=g","caption":"Fanny Pimentel"}}]}},"featured_media_src_url":"https:\/\/www.athome.lu\/blog\/wp-content\/uploads\/2019\/02\/verriere-1200-iStock-859413886-1024x683.jpg","_links":{"self":[{"href":"https:\/\/www.athome.lu\/blog\/de\/wp-json\/wp\/v2\/posts\/11860","targetHints":{"allow":["GET"]}}],"collection":[{"href":"https:\/\/www.athome.lu\/blog\/de\/wp-json\/wp\/v2\/posts"}],"about":[{"href":"https:\/\/www.athome.lu\/blog\/de\/wp-json\/wp\/v2\/types\/post"}],"author":[{"embeddable":true,"href":"https:\/\/www.athome.lu\/blog\/de\/wp-json\/wp\/v2\/users\/17"}],"replies":[{"embeddable":true,"href":"https:\/\/www.athome.lu\/blog\/de\/wp-json\/wp\/v2\/comments?post=11860"}],"version-history":[{"count":2,"href":"https:\/\/www.athome.lu\/blog\/de\/wp-json\/wp\/v2\/posts\/11860\/revisions"}],"predecessor-version":[{"id":15018,"href":"https:\/\/www.athome.lu\/blog\/de\/wp-json\/wp\/v2\/posts\/11860\/revisions\/15018"}],"wp:featuredmedia":[{"embeddable":true,"href":"https:\/\/www.athome.lu\/blog\/de\/wp-json\/wp\/v2\/media\/11863"}],"wp:attachment":[{"href":"https:\/\/www.athome.lu\/blog\/de\/wp-json\/wp\/v2\/media?parent=11860"}],"wp:term":[{"taxonomy":"category","embeddable":true,"href":"https:\/\/www.athome.lu\/blog\/de\/wp-json\/wp\/v2\/categories?post=11860"},{"taxonomy":"post_tag","embeddable":true,"href":"https:\/\/www.athome.lu\/blog\/de\/wp-json\/wp\/v2\/tags?post=11860"}],"curies":[{"name":"wp","href":"https:\/\/api.w.org\/{rel}","templated":true}]}}