{"id":11890,"date":"2019-03-12T09:30:16","date_gmt":"2019-03-12T08:30:16","guid":{"rendered":"https:\/\/www.athome.lu\/blog\/?p=11890"},"modified":"2022-05-11T15:03:51","modified_gmt":"2022-05-11T13:03:51","slug":"mondorf-les-bains-das-rentenparadies-aber-nicht-wie","status":"publish","type":"post","link":"https:\/\/www.athome.lu\/blog\/de\/marche-immobilier\/villes\/mondorf-les-bains-le-paradis-des-retraites-mais-pas-que\/","title":{"rendered":"Mondorf-les-Bains: Das Paradies f\u00fcr Rentner ..aber nicht nur!"},"content":{"rendered":"<p><span style=\"color: #000000;\">Mondorf-les-Bains ist keineswegs eine Schlafgemeinde, sondern beherbergt eine Bev\u00f6lkerung, deren Alter etwas \u00fcber dem nationalen Durchschnitt liegt. Viele Rentner verbringen ihren Lebensabend in Mondorf-les-Bains, einer kleinen Stadt, die gut zu Fu\u00df erreichbar ist und \u00fcber alle notwendigen Dienstleistungen verf\u00fcgt.<\/span><\/p>\n\n\n\n<p><span style=\"color: #000000;\">Mondorf-les-Bains ist in erster Linie als Kurort bekannt. Die Entdeckung einer Quelle mit lauwarmem, mineralreichem Wasser Mitte des 19. Jahrhunderts f\u00fchrte zum Bau eines Thermalbads, dessen Erfolg seitdem nicht mehr nachgelassen hat. Auch heute noch kommen jedes Jahr 380.000 Kurg\u00e4ste in die Therme. Zusammen mit den 700.000 Personen, die j\u00e4hrlich das Kasino besuchen, gibt diese Zahl einen Einblick in die touristische Attraktivit\u00e4t der Stadt Mondorf-les-Bains. Die Renovierung des Hotels im Thermalgebiet hat die Besucherzahlen angekurbelt\", meint Lex Delles, der junge stellvertretende B\u00fcrgermeister der Gemeinde. Wir tun unsererseits alles, um den Sektor zu unterst\u00fctzen, insbesondere durch die Einrichtung eines Dienstes innerhalb der Gemeinde selbst, der Touristen empfangen und touristische Aktivit\u00e4ten f\u00f6rdern soll.\"<\/span><\/p>\n\n\n\n<h2 class=\"wp-block-heading\"><strong><span style=\"color: #000000;\">Eine Bev\u00f6lkerung, die von den zahlreichen verf\u00fcgbaren Dienstleistungen verf\u00fchrt wird<\/span><\/strong><\/h2>\n\n\n\n<div class=\"wp-block-image\"><figure class=\"alignleft\"><a href=\"https:\/\/www.athome.lu\/blog\/blog\/wp-content\/uploads\/2019\/03\/IMG_4539-mondorf-1200.jpg\"><img loading=\"lazy\" decoding=\"async\" width=\"300\" height=\"450\" src=\"https:\/\/www.athome.lu\/blog\/blog\/wp-content\/uploads\/2019\/03\/IMG_4539-mondorf-1200.jpg\" alt=\"Leben in mondorf-les-bains\" class=\"wp-image-11893\" srcset=\"https:\/\/www.athome.lu\/blog\/wp-content\/uploads\/2019\/03\/IMG_4539-mondorf-1200.jpg 300w, https:\/\/www.athome.lu\/blog\/wp-content\/uploads\/2019\/03\/IMG_4539-mondorf-1200-200x300.jpg 200w, https:\/\/www.athome.lu\/blog\/wp-content\/uploads\/2019\/03\/IMG_4539-mondorf-1200-8x12.jpg 8w\" sizes=\"auto, (max-width: 300px) 100vw, 300px\" \/><\/a><\/figure><\/div>\n\n\n\n<p><span style=\"color: #000000;\">Diese Attraktivit\u00e4t beschr\u00e4nkt sich jedoch nicht nur auf Durchreisende. Mit 5.209 Einwohnern in Mondorf-les-Bains, Ellange und Altwies und einem Bev\u00f6lkerungswachstum von 2,5% in den letzten zehn Jahren zieht die Gemeinde eine wachsende Bev\u00f6lkerung an. Viele Rentner verkaufen ihre Immobilien und ziehen ins Zentrum von Mondorf\", erkl\u00e4rt der B\u00fcrgermeister. Das ist recht einfach zu erkl\u00e4ren: Wir haben das Gl\u00fcck, ein sehr flaches Dorfzentrum zu haben, in dem alle Dienstleistungen vorhanden sind. Es ist also sehr gut erreichbar und das passt gut zu dieser Bev\u00f6lkerungsgruppe. \u00dcbrigens wurden gerade zwei neue Wohnanlagen im Zentrum gebaut und alle Wohnungen sind bereits gekauft. Nat\u00fcrlich tendiert diese hohe Nachfrage dazu, die Preise zu erh\u00f6hen...\".<\/span><\/p>\n\n\n\n<p><span style=\"color: #000000;\">So beherbergt Mondorf-les-Bains zahlreiche Allgemeinmediziner und Spezialisten aller Art. Die Gemeinde hat au\u00dferdem einen Sozialdienst eingerichtet, der \u00e4lteren Menschen bei der Erledigung komplizierter Beh\u00f6rdeng\u00e4nge helfen kann. Au\u00dferdem gibt es zahlreiche und vielf\u00e4ltige Gesch\u00e4fte, Restaurants und Sportvereine.<\/span><\/p>\n\n\n\n<h2 class=\"wp-block-heading\"><span style=\"color: #000000;\"><strong>einen gro\u00dfen t\u00e4glichen Fahrzeugstrom bew\u00e4ltigen<\/strong><\/span><\/h2>\n\n\n\n<p><span style=\"color: #000000;\">Aufgrund seiner Lage an der franz\u00f6sischen Grenze hat Mondorf-les-Bains jedoch auch Probleme zu bew\u00e4ltigen, insbesondere im Bereich der Mobilit\u00e4t. 4.600 Autos \u00fcberqueren n\u00e4mlich jeden Morgen die Grenze in Mondorf, was die Gemeinde zum zweitgr\u00f6\u00dften Grenz\u00fcbergang zwischen Frankreich und Luxemburg macht. <em>\"Das ist nat\u00fcrlich problematisch<\/em>Lex Delles berichtet. <em>Gl\u00fccklicherweise haben wir das Gl\u00fcck, uns mit der franz\u00f6sischen Nachbargemeinde Mondorff gut zu verstehen. So konnten wir uns unter anderem in Bezug auf eine rote Ampel auf franz\u00f6sischem Gebiet, die bei uns Staus verursachte, absprechen. Das Problem wurde schnell gel\u00f6st. Aber auch wenn dieser Fahrzeugstrom nicht einfach zu bew\u00e4ltigen ist, muss man auch sagen, dass er den Gesch\u00e4ftsleuten in Mondorf-les-Bains etwas bringt: Viele Franzosen kommen zu uns, um bei uns einzukaufen.\" <\/em>\u00d6ffentliche Verkehrsmittel sind eine interessante Alternative, um das Zentrum von Mondorf am Morgen und am Abend zu entlasten. Mehrere RGTR-Linien bedienen bereits das Dorf und eine grenz\u00fcberschreitende Linie bringt jetzt franz\u00f6sische Grenzg\u00e4nger direkt nach Kirchberg.<\/span><\/p>\n\n\n\n<p><span style=\"color: #000000;\">Die Bauarbeiten an der Hauptstra\u00dfe in Mondorf, die noch f\u00fcnf Jahre dauern werden, werden die morgendlichen Staus nicht beheben. Dies d\u00fcrfte jedoch langfristig f\u00fcr alle Einwohner von Vorteil sein. <em>\"Die Stra\u00dfe wird schmaler sein und mehr Platz f\u00fcr sanfte Mobilit\u00e4t bieten. Au\u00dferdem werden wir den Fluss Gander, der die Grenze zwischen Frankreich und Luxemburg markiert, sichtbar machen.<\/em>Lex Delles. \u00a0<\/span><\/p>\n\n\n<section id=\"section-3-14695\" class=\"ct-section\" ><div class=\"ct-section-inner-wrap\"><div id=\"div_block-4-14695\" class=\"ct-div-block\" ><div id=\"new_columns-7-14695\" class=\"ct-new-columns\" ><div id=\"div_block-8-14695\" class=\"ct-div-block\" ><div id=\"div_block-14-14695\" class=\"ct-div-block\" ><\/div><\/div><div id=\"div_block-9-14695\" class=\"ct-div-block\" ><h1 id=\"headline-11-14695\" class=\"ct-headline\">Wie hoch sind die Immobilienpreise derzeit?<\/h1><div id=\"text_block-12-14695\" class=\"ct-text-block\" >Die Preise verlangsamen sich. Die Zinss\u00e4tze steigen. Welche Trends sind in den kommenden Monaten zu erwarten?<\/div><a id=\"link_button-13-14695\" class=\"ct-link-button\" href=\"https:\/\/www.athome.lu\/blog\/blog\/marche-immobilier\/prix\/tendances-2022\/\" target=\"_blank\"  >Analyse lesen<\/a><\/div><\/div><\/div><\/div><\/section>\n\n\n<h2 class=\"wp-block-heading\"><span style=\"color: #000000;\"><strong>Wohnraum f\u00fcr junge Menschen, Familien und \u00e4ltere Menschen<\/strong><\/span><a href=\"https:\/\/www.athome.lu\/blog\/blog\/wp-content\/uploads\/2019\/03\/IMG_4514-mondorf-1200.jpg\"><img loading=\"lazy\" decoding=\"async\" class=\"normal aligncenter wp-image-11894\" src=\"https:\/\/www.athome.lu\/blog\/blog\/wp-content\/uploads\/2019\/03\/IMG_4514-mondorf-1200.jpg\" alt=\"Unterk\u00fcnfte in Mondorf-les-bains\" width=\"600\" height=\"400\" srcset=\"https:\/\/www.athome.lu\/blog\/wp-content\/uploads\/2019\/03\/IMG_4514-mondorf-1200.jpg 1200w, https:\/\/www.athome.lu\/blog\/wp-content\/uploads\/2019\/03\/IMG_4514-mondorf-1200-300x200.jpg 300w, https:\/\/www.athome.lu\/blog\/wp-content\/uploads\/2019\/03\/IMG_4514-mondorf-1200-1024x683.jpg 1024w, https:\/\/www.athome.lu\/blog\/wp-content\/uploads\/2019\/03\/IMG_4514-mondorf-1200-768x512.jpg 768w, https:\/\/www.athome.lu\/blog\/wp-content\/uploads\/2019\/03\/IMG_4514-mondorf-1200-18x12.jpg 18w\" sizes=\"auto, (max-width: 600px) 100vw, 600px\" \/><\/a><\/h2>\n\n\n\n<p><span style=\"color: #000000;\">Um Menschen mit begrenzten Mitteln den Zugang zu Wohnraum zu erm\u00f6glichen, hat die Gemeinde Mondorf-les-Bains mehrere Initiativen ins Leben gerufen. Zun\u00e4chst wurden 18 H\u00e4user mithilfe des Fonds du Logement gebaut. Dar\u00fcber hinaus wurden weitere H\u00e4user von der Gemeinde gekauft, um sie zu g\u00fcnstigen Preisen zur Verf\u00fcgung zu stellen. Doch Lex Delles und die Gemeinde Mondorf-les-Bains haben nicht vor, es dabei zu belassen. <em>\"Wir haben unsere Aktionen auf drei Bev\u00f6lkerungsgruppen ausgerichtet: junge Menschen, Familien und \u00e4ltere Menschen.<\/em>Er sagt: \"Ich bin nicht sicher, ob ich das kann. <em>F\u00fcr junge Leute zwischen 18 und 28 Jahren bieten wir eine Wohngemeinschaft im Marie-Felten-Haus an. Der Preis richtet sich nach dem Einkommen der jeweiligen Person. Zus\u00e4tzlich zur Miete verlangen wir einen kleinen Betrag, der eine Ersparnis darstellt, die es dem jungen Menschen erm\u00f6glicht, sp\u00e4ter ein klassisches Mietobjekt zu finden.\"<\/em><\/span><\/p>\n\n\n\n<p><span style=\"color: #000000;\">F\u00fcr Familien stehen in K\u00fcrze vier H\u00e4user zum Verkauf und vier Wohnungen zur Miete zur Verf\u00fcgung. Schlie\u00dflich gibt es auch f\u00fcr \u00e4ltere Menschen ein besonderes Angebot. <em>\" Manche \u00e4ltere Menschen haben auch Geldprobleme,<\/em> erinnert der stellvertretende B\u00fcrgermeister. <em>F\u00fcr sie versuchen wir, Ein-Zimmer-Wohnungen im Stadtzentrum zu kaufen, die wir f\u00fcr eine Miete zur Verf\u00fcgung stellen, die ein Drittel des Einkommens der Person nicht \u00fcbersteigt. Wir planen, 15 solcher Wohnungen zu kaufen. Bisher sind zwei Wohnungen bereits belegt\".<\/em><\/span><\/p>\n\n\n\n<p><span style=\"color: #000000;\">Das Paradies f\u00fcr Rentner, wir haben es Ihnen gesagt... <em>&nbsp;<\/em><\/span><\/p>","protected":false},"excerpt":{"rendered":"<p>Loin d\u2019\u00eatre une commune dortoir, Mondorf-les-Bains accueille une population \u00e0 l\u2019\u00e2ge un rien sup\u00e9rieur \u00e0 la moyenne nationale. Il faut dire que de nombreux retrait\u00e9s viennent passer leurs vieux jours \u00e0 Mondorf-les Bains, une petite ville dans laquelle il est facile de circuler \u00e0 pied et pourvue de tous les services n\u00e9cessaires. Mondorf-les-Bains est d\u2019abord [&hellip;]<\/p>\n","protected":false},"author":17,"featured_media":11892,"comment_status":"closed","ping_status":"open","sticky":false,"template":"","format":"standard","meta":{"_acf_changed":false,"footnotes":""},"categories":[218],"tags":[],"class_list":["post-11890","post","type-post","status-publish","format-standard","has-post-thumbnail","hentry","category-villes"],"acf":[],"yoast_head":"<!-- This site is optimized with the Yoast SEO plugin v27.4 - https:\/\/yoast.com\/product\/yoast-seo-wordpress\/ -->\n<title>Mondorf-les-Bains : le paradis des retrait\u00e9s ..mais pas que ! | atHome<\/title>\n<meta name=\"description\" content=\"Loin d\u2019\u00eatre une commune dortoir, Mondorf-les-Bains accueille une population \u00e0 l\u2019\u00e2ge un rien sup\u00e9rieur \u00e0 la moyenne nationale.\" \/>\n<meta name=\"robots\" content=\"index, follow, max-snippet:-1, max-image-preview:large, max-video-preview:-1\" \/>\n<link rel=\"canonical\" href=\"https:\/\/www.athome.lu\/blog\/de\/immobilien-markt\/stadte\/mondorf-les-bains-das-rentenparadies-aber-nicht-wie\/\" \/>\n<meta property=\"og:locale\" content=\"de_DE\" \/>\n<meta property=\"og:type\" content=\"article\" \/>\n<meta property=\"og:title\" content=\"Mondorf-les-Bains : le paradis des retrait\u00e9s ..mais pas que ! | atHome\" \/>\n<meta property=\"og:description\" content=\"Loin d\u2019\u00eatre une commune dortoir, Mondorf-les-Bains accueille une population \u00e0 l\u2019\u00e2ge un rien sup\u00e9rieur \u00e0 la moyenne nationale.\" \/>\n<meta property=\"og:url\" content=\"https:\/\/www.athome.lu\/blog\/de\/immobilien-markt\/stadte\/mondorf-les-bains-das-rentenparadies-aber-nicht-wie\/\" \/>\n<meta property=\"og:site_name\" content=\"atHome Blog\" \/>\n<meta property=\"article:publisher\" content=\"https:\/\/www.facebook.com\/atHome.lu\/\" \/>\n<meta property=\"article:published_time\" content=\"2019-03-12T08:30:16+00:00\" \/>\n<meta property=\"article:modified_time\" content=\"2022-05-11T13:03:51+00:00\" \/>\n<meta property=\"og:image\" content=\"https:\/\/www.athome.lu\/blog\/wp-content\/uploads\/2019\/03\/IMG_4492-mondorf-1200.jpg\" \/>\n\t<meta property=\"og:image:width\" content=\"1200\" \/>\n\t<meta property=\"og:image:height\" content=\"800\" \/>\n\t<meta property=\"og:image:type\" content=\"image\/jpeg\" \/>\n<meta name=\"author\" content=\"Fanny Pimentel\" \/>\n<meta name=\"twitter:card\" content=\"summary_large_image\" \/>\n<meta name=\"twitter:creator\" content=\"@athomelu\" \/>\n<meta name=\"twitter:site\" content=\"@athomelu\" \/>\n<meta name=\"twitter:label1\" content=\"Verfasst von\" \/>\n\t<meta name=\"twitter:data1\" content=\"Fanny Pimentel\" \/>\n\t<meta name=\"twitter:label2\" content=\"Gesch\u00e4tzte Lesezeit\" \/>\n\t<meta name=\"twitter:data2\" content=\"5\u00a0Minuten\" \/>\n<script type=\"application\/ld+json\" class=\"yoast-schema-graph\">{\"@context\":\"https:\\\/\\\/schema.org\",\"@graph\":[{\"@type\":\"Article\",\"@id\":\"https:\\\/\\\/www.athome.lu\\\/blog\\\/marche-immobilier\\\/villes\\\/mondorf-les-bains-le-paradis-des-retraites-mais-pas-que\\\/#article\",\"isPartOf\":{\"@id\":\"https:\\\/\\\/www.athome.lu\\\/blog\\\/marche-immobilier\\\/villes\\\/mondorf-les-bains-le-paradis-des-retraites-mais-pas-que\\\/\"},\"author\":{\"name\":\"Fanny Pimentel\",\"@id\":\"https:\\\/\\\/www.athome.lu\\\/blog\\\/#\\\/schema\\\/person\\\/47f7a38089f837e792876ceddc4cb2dc\"},\"headline\":\"Mondorf-les-Bains : le paradis des retrait\u00e9s ..mais pas que !\",\"datePublished\":\"2019-03-12T08:30:16+00:00\",\"dateModified\":\"2022-05-11T13:03:51+00:00\",\"mainEntityOfPage\":{\"@id\":\"https:\\\/\\\/www.athome.lu\\\/blog\\\/marche-immobilier\\\/villes\\\/mondorf-les-bains-le-paradis-des-retraites-mais-pas-que\\\/\"},\"wordCount\":956,\"image\":{\"@id\":\"https:\\\/\\\/www.athome.lu\\\/blog\\\/marche-immobilier\\\/villes\\\/mondorf-les-bains-le-paradis-des-retraites-mais-pas-que\\\/#primaryimage\"},\"thumbnailUrl\":\"https:\\\/\\\/www.athome.lu\\\/blog\\\/wp-content\\\/uploads\\\/2019\\\/03\\\/IMG_4492-mondorf-1200.jpg\",\"articleSection\":[\"Villes\"],\"inLanguage\":\"de\"},{\"@type\":\"WebPage\",\"@id\":\"https:\\\/\\\/www.athome.lu\\\/blog\\\/marche-immobilier\\\/villes\\\/mondorf-les-bains-le-paradis-des-retraites-mais-pas-que\\\/\",\"url\":\"https:\\\/\\\/www.athome.lu\\\/blog\\\/marche-immobilier\\\/villes\\\/mondorf-les-bains-le-paradis-des-retraites-mais-pas-que\\\/\",\"name\":\"Mondorf-les-Bains : le paradis des retrait\u00e9s ..mais pas que ! | atHome\",\"isPartOf\":{\"@id\":\"https:\\\/\\\/www.athome.lu\\\/blog\\\/#website\"},\"primaryImageOfPage\":{\"@id\":\"https:\\\/\\\/www.athome.lu\\\/blog\\\/marche-immobilier\\\/villes\\\/mondorf-les-bains-le-paradis-des-retraites-mais-pas-que\\\/#primaryimage\"},\"image\":{\"@id\":\"https:\\\/\\\/www.athome.lu\\\/blog\\\/marche-immobilier\\\/villes\\\/mondorf-les-bains-le-paradis-des-retraites-mais-pas-que\\\/#primaryimage\"},\"thumbnailUrl\":\"https:\\\/\\\/www.athome.lu\\\/blog\\\/wp-content\\\/uploads\\\/2019\\\/03\\\/IMG_4492-mondorf-1200.jpg\",\"datePublished\":\"2019-03-12T08:30:16+00:00\",\"dateModified\":\"2022-05-11T13:03:51+00:00\",\"author\":{\"@id\":\"https:\\\/\\\/www.athome.lu\\\/blog\\\/#\\\/schema\\\/person\\\/47f7a38089f837e792876ceddc4cb2dc\"},\"description\":\"Loin d\u2019\u00eatre une commune dortoir, Mondorf-les-Bains accueille une population \u00e0 l\u2019\u00e2ge un rien sup\u00e9rieur \u00e0 la moyenne nationale.\",\"breadcrumb\":{\"@id\":\"https:\\\/\\\/www.athome.lu\\\/blog\\\/marche-immobilier\\\/villes\\\/mondorf-les-bains-le-paradis-des-retraites-mais-pas-que\\\/#breadcrumb\"},\"inLanguage\":\"de\",\"potentialAction\":[{\"@type\":\"ReadAction\",\"target\":[\"https:\\\/\\\/www.athome.lu\\\/blog\\\/marche-immobilier\\\/villes\\\/mondorf-les-bains-le-paradis-des-retraites-mais-pas-que\\\/\"]}]},{\"@type\":\"ImageObject\",\"inLanguage\":\"de\",\"@id\":\"https:\\\/\\\/www.athome.lu\\\/blog\\\/marche-immobilier\\\/villes\\\/mondorf-les-bains-le-paradis-des-retraites-mais-pas-que\\\/#primaryimage\",\"url\":\"https:\\\/\\\/www.athome.lu\\\/blog\\\/wp-content\\\/uploads\\\/2019\\\/03\\\/IMG_4492-mondorf-1200.jpg\",\"contentUrl\":\"https:\\\/\\\/www.athome.lu\\\/blog\\\/wp-content\\\/uploads\\\/2019\\\/03\\\/IMG_4492-mondorf-1200.jpg\",\"width\":1200,\"height\":800,\"caption\":\"Mondorf-les-bains, Luxembourg\"},{\"@type\":\"BreadcrumbList\",\"@id\":\"https:\\\/\\\/www.athome.lu\\\/blog\\\/marche-immobilier\\\/villes\\\/mondorf-les-bains-le-paradis-des-retraites-mais-pas-que\\\/#breadcrumb\",\"itemListElement\":[{\"@type\":\"ListItem\",\"position\":1,\"name\":\"Accueil\",\"item\":\"https:\\\/\\\/www.athome.lu\\\/blog\\\/\"},{\"@type\":\"ListItem\",\"position\":2,\"name\":\"March\u00e9 immobilier\",\"item\":\"https:\\\/\\\/www.athome.lu\\\/blog\\\/category\\\/marche-immobilier\\\/\"},{\"@type\":\"ListItem\",\"position\":3,\"name\":\"Villes\",\"item\":\"https:\\\/\\\/www.athome.lu\\\/blog\\\/category\\\/marche-immobilier\\\/villes\\\/\"},{\"@type\":\"ListItem\",\"position\":4,\"name\":\"Mondorf-les-Bains : le paradis des retrait\u00e9s ..mais pas que !\"}]},{\"@type\":\"WebSite\",\"@id\":\"https:\\\/\\\/www.athome.lu\\\/blog\\\/#website\",\"url\":\"https:\\\/\\\/www.athome.lu\\\/blog\\\/\",\"name\":\"atHome Blog\",\"description\":\"Annonces immobili\u00e8res au Luxembourg. Le portail immobilier n\u00b01 au Luxembourg.\",\"potentialAction\":[{\"@type\":\"SearchAction\",\"target\":{\"@type\":\"EntryPoint\",\"urlTemplate\":\"https:\\\/\\\/www.athome.lu\\\/blog\\\/?s={search_term_string}\"},\"query-input\":{\"@type\":\"PropertyValueSpecification\",\"valueRequired\":true,\"valueName\":\"search_term_string\"}}],\"inLanguage\":\"de\"},{\"@type\":\"Person\",\"@id\":\"https:\\\/\\\/www.athome.lu\\\/blog\\\/#\\\/schema\\\/person\\\/47f7a38089f837e792876ceddc4cb2dc\",\"name\":\"Fanny Pimentel\",\"image\":{\"@type\":\"ImageObject\",\"inLanguage\":\"de\",\"@id\":\"https:\\\/\\\/secure.gravatar.com\\\/avatar\\\/c60b27b93851dc9503f9cc9150e73dcb0a86ba6150657e5e4b11d988400bc633?s=96&d=mm&r=g\",\"url\":\"https:\\\/\\\/secure.gravatar.com\\\/avatar\\\/c60b27b93851dc9503f9cc9150e73dcb0a86ba6150657e5e4b11d988400bc633?s=96&d=mm&r=g\",\"contentUrl\":\"https:\\\/\\\/secure.gravatar.com\\\/avatar\\\/c60b27b93851dc9503f9cc9150e73dcb0a86ba6150657e5e4b11d988400bc633?s=96&d=mm&r=g\",\"caption\":\"Fanny Pimentel\"}}]}<\/script>\n<!-- \/ Yoast SEO plugin. -->","yoast_head_json":{"title":"Mondorf-les-Bains: Das Paradies f\u00fcr Rentner ..aber nicht nur! | atHome","description":"Mondorf-les-Bains ist keine Schlafgemeinde, sondern beherbergt eine Bev\u00f6lkerung, deren Alter etwas \u00fcber dem nationalen Durchschnitt liegt.","robots":{"index":"index","follow":"follow","max-snippet":"max-snippet:-1","max-image-preview":"max-image-preview:large","max-video-preview":"max-video-preview:-1"},"canonical":"https:\/\/www.athome.lu\/blog\/de\/immobilien-markt\/stadte\/mondorf-les-bains-das-rentenparadies-aber-nicht-wie\/","og_locale":"de_DE","og_type":"article","og_title":"Mondorf-les-Bains : le paradis des retrait\u00e9s ..mais pas que ! | atHome","og_description":"Loin d\u2019\u00eatre une commune dortoir, Mondorf-les-Bains accueille une population \u00e0 l\u2019\u00e2ge un rien sup\u00e9rieur \u00e0 la moyenne nationale.","og_url":"https:\/\/www.athome.lu\/blog\/de\/immobilien-markt\/stadte\/mondorf-les-bains-das-rentenparadies-aber-nicht-wie\/","og_site_name":"atHome Blog","article_publisher":"https:\/\/www.facebook.com\/atHome.lu\/","article_published_time":"2019-03-12T08:30:16+00:00","article_modified_time":"2022-05-11T13:03:51+00:00","og_image":[{"width":1200,"height":800,"url":"https:\/\/www.athome.lu\/blog\/wp-content\/uploads\/2019\/03\/IMG_4492-mondorf-1200.jpg","type":"image\/jpeg"}],"author":"Fanny Pimentel","twitter_card":"summary_large_image","twitter_creator":"@athomelu","twitter_site":"@athomelu","twitter_misc":{"Verfasst von":"Fanny Pimentel","Gesch\u00e4tzte Lesezeit":"5\u00a0Minuten"},"schema":{"@context":"https:\/\/schema.org","@graph":[{"@type":"Article","@id":"https:\/\/www.athome.lu\/blog\/marche-immobilier\/villes\/mondorf-les-bains-le-paradis-des-retraites-mais-pas-que\/#article","isPartOf":{"@id":"https:\/\/www.athome.lu\/blog\/marche-immobilier\/villes\/mondorf-les-bains-le-paradis-des-retraites-mais-pas-que\/"},"author":{"name":"Fanny Pimentel","@id":"https:\/\/www.athome.lu\/blog\/#\/schema\/person\/47f7a38089f837e792876ceddc4cb2dc"},"headline":"Mondorf-les-Bains : le paradis des retrait\u00e9s ..mais pas que !","datePublished":"2019-03-12T08:30:16+00:00","dateModified":"2022-05-11T13:03:51+00:00","mainEntityOfPage":{"@id":"https:\/\/www.athome.lu\/blog\/marche-immobilier\/villes\/mondorf-les-bains-le-paradis-des-retraites-mais-pas-que\/"},"wordCount":956,"image":{"@id":"https:\/\/www.athome.lu\/blog\/marche-immobilier\/villes\/mondorf-les-bains-le-paradis-des-retraites-mais-pas-que\/#primaryimage"},"thumbnailUrl":"https:\/\/www.athome.lu\/blog\/wp-content\/uploads\/2019\/03\/IMG_4492-mondorf-1200.jpg","articleSection":["Villes"],"inLanguage":"de"},{"@type":"WebPage","@id":"https:\/\/www.athome.lu\/blog\/marche-immobilier\/villes\/mondorf-les-bains-le-paradis-des-retraites-mais-pas-que\/","url":"https:\/\/www.athome.lu\/blog\/marche-immobilier\/villes\/mondorf-les-bains-le-paradis-des-retraites-mais-pas-que\/","name":"Mondorf-les-Bains: Das Paradies f\u00fcr Rentner ..aber nicht nur! | atHome","isPartOf":{"@id":"https:\/\/www.athome.lu\/blog\/#website"},"primaryImageOfPage":{"@id":"https:\/\/www.athome.lu\/blog\/marche-immobilier\/villes\/mondorf-les-bains-le-paradis-des-retraites-mais-pas-que\/#primaryimage"},"image":{"@id":"https:\/\/www.athome.lu\/blog\/marche-immobilier\/villes\/mondorf-les-bains-le-paradis-des-retraites-mais-pas-que\/#primaryimage"},"thumbnailUrl":"https:\/\/www.athome.lu\/blog\/wp-content\/uploads\/2019\/03\/IMG_4492-mondorf-1200.jpg","datePublished":"2019-03-12T08:30:16+00:00","dateModified":"2022-05-11T13:03:51+00:00","author":{"@id":"https:\/\/www.athome.lu\/blog\/#\/schema\/person\/47f7a38089f837e792876ceddc4cb2dc"},"description":"Mondorf-les-Bains ist keine Schlafgemeinde, sondern beherbergt eine Bev\u00f6lkerung, deren Alter etwas \u00fcber dem nationalen Durchschnitt liegt.","breadcrumb":{"@id":"https:\/\/www.athome.lu\/blog\/marche-immobilier\/villes\/mondorf-les-bains-le-paradis-des-retraites-mais-pas-que\/#breadcrumb"},"inLanguage":"de","potentialAction":[{"@type":"ReadAction","target":["https:\/\/www.athome.lu\/blog\/marche-immobilier\/villes\/mondorf-les-bains-le-paradis-des-retraites-mais-pas-que\/"]}]},{"@type":"ImageObject","inLanguage":"de","@id":"https:\/\/www.athome.lu\/blog\/marche-immobilier\/villes\/mondorf-les-bains-le-paradis-des-retraites-mais-pas-que\/#primaryimage","url":"https:\/\/www.athome.lu\/blog\/wp-content\/uploads\/2019\/03\/IMG_4492-mondorf-1200.jpg","contentUrl":"https:\/\/www.athome.lu\/blog\/wp-content\/uploads\/2019\/03\/IMG_4492-mondorf-1200.jpg","width":1200,"height":800,"caption":"Mondorf-les-bains, Luxembourg"},{"@type":"BreadcrumbList","@id":"https:\/\/www.athome.lu\/blog\/marche-immobilier\/villes\/mondorf-les-bains-le-paradis-des-retraites-mais-pas-que\/#breadcrumb","itemListElement":[{"@type":"ListItem","position":1,"name":"Accueil","item":"https:\/\/www.athome.lu\/blog\/"},{"@type":"ListItem","position":2,"name":"March\u00e9 immobilier","item":"https:\/\/www.athome.lu\/blog\/category\/marche-immobilier\/"},{"@type":"ListItem","position":3,"name":"Villes","item":"https:\/\/www.athome.lu\/blog\/category\/marche-immobilier\/villes\/"},{"@type":"ListItem","position":4,"name":"Mondorf-les-Bains : le paradis des retrait\u00e9s ..mais pas que !"}]},{"@type":"WebSite","@id":"https:\/\/www.athome.lu\/blog\/#website","url":"https:\/\/www.athome.lu\/blog\/","name":"atHome Blog","description":"Immobilienanzeigen in Luxemburg. Das Immobilienportal Nr. 1 in Luxemburg.","potentialAction":[{"@type":"SearchAction","target":{"@type":"EntryPoint","urlTemplate":"https:\/\/www.athome.lu\/blog\/?s={search_term_string}"},"query-input":{"@type":"PropertyValueSpecification","valueRequired":true,"valueName":"search_term_string"}}],"inLanguage":"de"},{"@type":"Person","@id":"https:\/\/www.athome.lu\/blog\/#\/schema\/person\/47f7a38089f837e792876ceddc4cb2dc","name":"Fanny Pimentel","image":{"@type":"ImageObject","inLanguage":"de","@id":"https:\/\/secure.gravatar.com\/avatar\/c60b27b93851dc9503f9cc9150e73dcb0a86ba6150657e5e4b11d988400bc633?s=96&d=mm&r=g","url":"https:\/\/secure.gravatar.com\/avatar\/c60b27b93851dc9503f9cc9150e73dcb0a86ba6150657e5e4b11d988400bc633?s=96&d=mm&r=g","contentUrl":"https:\/\/secure.gravatar.com\/avatar\/c60b27b93851dc9503f9cc9150e73dcb0a86ba6150657e5e4b11d988400bc633?s=96&d=mm&r=g","caption":"Fanny Pimentel"}}]}},"featured_media_src_url":"https:\/\/www.athome.lu\/blog\/wp-content\/uploads\/2019\/03\/IMG_4492-mondorf-1200-1024x683.jpg","_links":{"self":[{"href":"https:\/\/www.athome.lu\/blog\/de\/wp-json\/wp\/v2\/posts\/11890","targetHints":{"allow":["GET"]}}],"collection":[{"href":"https:\/\/www.athome.lu\/blog\/de\/wp-json\/wp\/v2\/posts"}],"about":[{"href":"https:\/\/www.athome.lu\/blog\/de\/wp-json\/wp\/v2\/types\/post"}],"author":[{"embeddable":true,"href":"https:\/\/www.athome.lu\/blog\/de\/wp-json\/wp\/v2\/users\/17"}],"replies":[{"embeddable":true,"href":"https:\/\/www.athome.lu\/blog\/de\/wp-json\/wp\/v2\/comments?post=11890"}],"version-history":[{"count":2,"href":"https:\/\/www.athome.lu\/blog\/de\/wp-json\/wp\/v2\/posts\/11890\/revisions"}],"predecessor-version":[{"id":15013,"href":"https:\/\/www.athome.lu\/blog\/de\/wp-json\/wp\/v2\/posts\/11890\/revisions\/15013"}],"wp:featuredmedia":[{"embeddable":true,"href":"https:\/\/www.athome.lu\/blog\/de\/wp-json\/wp\/v2\/media\/11892"}],"wp:attachment":[{"href":"https:\/\/www.athome.lu\/blog\/de\/wp-json\/wp\/v2\/media?parent=11890"}],"wp:term":[{"taxonomy":"category","embeddable":true,"href":"https:\/\/www.athome.lu\/blog\/de\/wp-json\/wp\/v2\/categories?post=11890"},{"taxonomy":"post_tag","embeddable":true,"href":"https:\/\/www.athome.lu\/blog\/de\/wp-json\/wp\/v2\/tags?post=11890"}],"curies":[{"name":"wp","href":"https:\/\/api.w.org\/{rel}","templated":true}]}}