{"id":12031,"date":"2019-06-05T08:55:32","date_gmt":"2019-06-05T07:55:32","guid":{"rendered":"https:\/\/www.athome.lu\/blog\/?p=12031"},"modified":"2022-05-11T16:24:09","modified_gmt":"2022-05-11T14:24:09","slug":"wie-man-seine-terrasse-gestaltet","status":"publish","type":"post","link":"https:\/\/www.athome.lu\/blog\/de\/mon-logement\/meuble-decoration\/comment-amenager-sa-terrasse\/","title":{"rendered":"Wie gestaltet man seine Terrasse?"},"content":{"rendered":"<p><span style=\"color: #000000;\">Wenn die sch\u00f6nen Tage kommen, ist es immer ein Vergn\u00fcgen, die Terrasse wieder in Beschlag zu nehmen. Dieses Jahr lassen wir uns von den Farben verf\u00fchren oder entscheiden uns f\u00fcr eine komplette Dekoration in Holzfarbe. M\u00f6bel, Vegetation und Dekoration... wir verraten Ihnen unsere Tipps f\u00fcr die Gestaltung von kleinen Balkonen und gro\u00dfen Terrassen.<\/span><\/p>\n\n\n\n<h2 class=\"wp-block-heading\"><span style=\"color: #000000;\">Balkon: Alles eine Frage der Raumoptimierung<\/span><\/h2>\n\n\n\n<p><span style=\"color: #000000;\">Einen Balkon einzurichten, ohne ihn zu \u00fcberladen, ist durchaus m\u00f6glich, wenn Sie eine Auswahl an Gartenm\u00f6beln und Dekoration f\u00fcr den Au\u00dfenbereich treffen, die mit dem Platz kompatibel ist. F\u00fcr die Sitzgelegenheiten eignen sich Klappst\u00fchle oder -sessel. F\u00fcr den Tisch sollte man m\u00f6glichst ein Modell mit Klappe w\u00e4hlen. So k\u00f6nnen Sie sich auf einem Liegestuhl in die Sonne legen... nat\u00fcrlich klappbar.<br><\/span><br><span style=\"color: #000000;\">Nur weil Sie wenig Platz haben, hei\u00dft das nicht, dass Sie auf Pflanzen verzichten m\u00fcssen. Eine gute L\u00f6sung ist eine Pflanzenwand, die an die Trennwand Ihres Balkons angebaut wird. Pflanzen und Kr\u00e4uter wachsen dort in ihrem eigenen Rhythmus.<\/span><\/p>\n\n\n\n<figure class=\"wp-block-image\"><a href=\"https:\/\/www.athome.lu\/blog\/blog\/wp-content\/uploads\/2019\/06\/balcon-iStock-1043529520.jpg\"><img loading=\"lazy\" decoding=\"async\" width=\"1024\" height=\"684\" src=\"https:\/\/www.athome.lu\/blog\/blog\/wp-content\/uploads\/2019\/06\/balcon-iStock-1043529520-1024x684.jpg\" alt=\"\" class=\"wp-image-12034\" srcset=\"https:\/\/www.athome.lu\/blog\/wp-content\/uploads\/2019\/06\/balcon-iStock-1043529520-1024x684.jpg 1024w, https:\/\/www.athome.lu\/blog\/wp-content\/uploads\/2019\/06\/balcon-iStock-1043529520-300x200.jpg 300w, https:\/\/www.athome.lu\/blog\/wp-content\/uploads\/2019\/06\/balcon-iStock-1043529520-768x513.jpg 768w, https:\/\/www.athome.lu\/blog\/wp-content\/uploads\/2019\/06\/balcon-iStock-1043529520-18x12.jpg 18w, https:\/\/www.athome.lu\/blog\/wp-content\/uploads\/2019\/06\/balcon-iStock-1043529520.jpg 1200w\" sizes=\"auto, (max-width: 1024px) 100vw, 1024px\" \/><\/a><\/figure>\n\n\n\n<h2 class=\"wp-block-heading\"><span style=\"color: #000000;\">Terrasse: Wie schafft man klar abgegrenzte Bereiche?<\/span><\/h2>\n\n\n\n<p><span style=\"color: #000000;\">Essbereich, Lesezimmer, Solarium... Auf einer Terrasse lassen sich durchaus Bereiche einrichten, die bestimmten Aktivit\u00e4ten gewidmet sind. Um dies zu erreichen, gehen Sie wie folgt vor:<br><\/span><br><span style=\"color: #000000;\">- <strong>Definieren Sie die zu gestaltenden Bereiche<\/strong> : Denken Sie an Ihre W\u00fcnsche und Bed\u00fcrfnisse. Bleiben Sie realistisch, was den Platz angeht, den Sie zur Verf\u00fcgung haben, und vermeiden Sie es, Ihre Terrasse mit M\u00f6beln und anderen Accessoires zu \u00fcberladen.<\/span><\/p>\n\n\n\n<p><br><span style=\"color: #000000;\">- <strong>Trennungsmodus w\u00e4hlen<\/strong> Die Terrasse: Um die Terrasse so zu gestalten, dass verschiedene Bereiche entstehen, kann man M\u00f6bel, aber auch Bodenbel\u00e4ge oder nat\u00fcrliche Barrieren nutzen. Ein Sichtschutz aus Kletterpflanzen oder Bambus kann einen Entspannungsbereich sch\u00f6n abtrennen, w\u00e4hrend Fliesen oder anderes Holz als das bereits vorhandene beispielsweise den Essbereich visualisieren.<\/span><\/p>\n\n\n\n<p><br><span style=\"color: #000000;\">- <strong>Den Stil bestimmen<\/strong> : Schlie\u00dflich dekorieren Sie Ihre Terrasse in dem Stil Ihrer Wahl. Naturgef\u00fchl mit Holzm\u00f6beln, Pariser Bistro-Stil mit Schilf- oder Bambusst\u00fchlen, Designkonzept mit Designer-St\u00fccken... Schaffen Sie einen harmonischen Raum, der zu Ihnen passt und in dem Sie sich wohlf\u00fchlen werden.<\/span><\/p>\n\n\n\n<div class=\"wp-block-image\"><figure class=\"aligncenter\"><a href=\"https:\/\/www.athome.lu\/blog\/blog\/wp-content\/uploads\/2019\/06\/terrasse-iStock-609089692.jpg\"><img loading=\"lazy\" decoding=\"async\" width=\"1024\" height=\"682\" src=\"https:\/\/www.athome.lu\/blog\/blog\/wp-content\/uploads\/2019\/06\/terrasse-iStock-609089692-1024x682.jpg\" alt=\"\" class=\"wp-image-12035\" srcset=\"https:\/\/www.athome.lu\/blog\/wp-content\/uploads\/2019\/06\/terrasse-iStock-609089692-1024x682.jpg 1024w, https:\/\/www.athome.lu\/blog\/wp-content\/uploads\/2019\/06\/terrasse-iStock-609089692-300x200.jpg 300w, https:\/\/www.athome.lu\/blog\/wp-content\/uploads\/2019\/06\/terrasse-iStock-609089692-768x512.jpg 768w, https:\/\/www.athome.lu\/blog\/wp-content\/uploads\/2019\/06\/terrasse-iStock-609089692-18x12.jpg 18w, https:\/\/www.athome.lu\/blog\/wp-content\/uploads\/2019\/06\/terrasse-iStock-609089692.jpg 1379w\" sizes=\"auto, (max-width: 1024px) 100vw, 1024px\" \/><\/a><\/figure><\/div>\n\n\n\n<h2 class=\"wp-block-heading\"><span style=\"color: #000000;\">Auswahl von Au\u00dfenleuchten<\/span><\/h2>\n\n\n\n<p><span style=\"color: #000000;\">Der letzte Schliff bei der Gestaltung Ihrer Terrasse ist schlie\u00dflich das Licht. LED-Lampen, die sich leicht bewegen lassen, oder eingebaute Spots, die jedem Wetter standhalten, machen Ihre Terrasse zum Blickfang. Blaue oder farbige Lichter oder ein warmes, gem\u00fctliches Licht... Gartenlampen werden heute als Nomadenlampen oder als Stehlampen im Stil eines riesigen Lampenschirms verwendet. F\u00fcr eine zus\u00e4tzliche und umweltfreundliche Beleuchtung bieten Solarleuchten, die in den Boden gesteckt werden, einige Stunden Licht ohne Auswirkungen auf die Natur.<br><\/span><br><span style=\"color: #000000;\">Wenn Sie Ihre Terrasse allein oder mit Hilfe eines Fachmanns gestalten, k\u00f6nnen Sie einen Raum schaffen, der ganz dem Leben im Freien gewidmet ist. Mit dem Beginn der w\u00e4rmeren Jahreszeit gibt es in den Fachgesch\u00e4ften eine F\u00fclle von Ideen f\u00fcr Arbeiten und Dekorationen im Freien f\u00fcr jedes Budget.<\/span><\/p>\n\n\n<section id=\"section-3-14695\" class=\"ct-section\" ><div class=\"ct-section-inner-wrap\"><div id=\"div_block-4-14695\" class=\"ct-div-block\" ><div id=\"new_columns-7-14695\" class=\"ct-new-columns\" ><div id=\"div_block-8-14695\" class=\"ct-div-block\" ><div id=\"div_block-14-14695\" class=\"ct-div-block\" ><\/div><\/div><div id=\"div_block-9-14695\" class=\"ct-div-block\" ><h1 id=\"headline-11-14695\" class=\"ct-headline\">Wie hoch sind die Immobilienpreise derzeit?<\/h1><div id=\"text_block-12-14695\" class=\"ct-text-block\" >Die Preise verlangsamen sich. Die Zinss\u00e4tze steigen. Welche Trends sind in den kommenden Monaten zu erwarten?<\/div><a id=\"link_button-13-14695\" class=\"ct-link-button\" href=\"https:\/\/www.athome.lu\/blog\/blog\/marche-immobilier\/prix\/tendances-2022\/\" target=\"_blank\"  >Analyse lesen<\/a><\/div><\/div><\/div><\/div><\/section>\n\n\n<p>&nbsp;<\/p>","protected":false},"excerpt":{"rendered":"<p>\u00c0 l\u2019arriv\u00e9e des beaux jours, c\u2019est toujours un plaisir de r\u00e9investir sa terrasse. Cette ann\u00e9e on se laisse s\u00e9duire par les couleurs ou on opte pour une totale d\u00e9co couleur bois. Mobilier, v\u00e9g\u00e9tation et d\u00e9coration\u2026 on vous d\u00e9voile nos astuces pour am\u00e9nager petits balcons ou grandes terrasses. Balcon : tout est une question d\u2019optimisation de [&hellip;]<\/p>\n","protected":false},"author":17,"featured_media":12033,"comment_status":"closed","ping_status":"closed","sticky":false,"template":"","format":"standard","meta":{"_acf_changed":false,"footnotes":""},"categories":[210],"tags":[89],"class_list":["post-12031","post","type-post","status-publish","format-standard","has-post-thumbnail","hentry","category-meuble-decoration","tag-jardin-terrasse"],"acf":[],"yoast_head":"<!-- This site is optimized with the Yoast SEO plugin v27.4 - https:\/\/yoast.com\/product\/yoast-seo-wordpress\/ -->\n<title>Comment am\u00e9nager sa terrasse ? - atHome Blog<\/title>\n<meta name=\"description\" content=\"\u00c0 l\u2019arriv\u00e9e des beaux jours, c\u2019est toujours un plaisir de r\u00e9investir sa terrasse. Cette ann\u00e9e on se laisse s\u00e9duire par les couleurs ou on opte pour une totale d\u00e9co couleur bois.\" \/>\n<meta name=\"robots\" content=\"index, follow, max-snippet:-1, max-image-preview:large, max-video-preview:-1\" \/>\n<link rel=\"canonical\" href=\"https:\/\/www.athome.lu\/blog\/de\/mein-haus\/deko-mobel\/wie-man-seine-terrasse-gestaltet\/\" \/>\n<meta property=\"og:locale\" content=\"de_DE\" \/>\n<meta property=\"og:type\" content=\"article\" \/>\n<meta property=\"og:title\" content=\"Comment am\u00e9nager sa terrasse ? - atHome Blog\" \/>\n<meta property=\"og:description\" content=\"\u00c0 l\u2019arriv\u00e9e des beaux jours, c\u2019est toujours un plaisir de r\u00e9investir sa terrasse. Cette ann\u00e9e on se laisse s\u00e9duire par les couleurs ou on opte pour une totale d\u00e9co couleur bois.\" \/>\n<meta property=\"og:url\" content=\"https:\/\/www.athome.lu\/blog\/de\/mein-haus\/deko-mobel\/wie-man-seine-terrasse-gestaltet\/\" \/>\n<meta property=\"og:site_name\" content=\"atHome Blog\" \/>\n<meta property=\"article:publisher\" content=\"https:\/\/www.facebook.com\/atHome.lu\/\" \/>\n<meta property=\"article:published_time\" content=\"2019-06-05T07:55:32+00:00\" \/>\n<meta property=\"article:modified_time\" content=\"2022-05-11T14:24:09+00:00\" \/>\n<meta property=\"og:image\" content=\"https:\/\/www.athome.lu\/blog\/wp-content\/uploads\/2019\/06\/terrace-4237047_1280.jpg\" \/>\n\t<meta property=\"og:image:width\" content=\"1280\" \/>\n\t<meta property=\"og:image:height\" content=\"847\" \/>\n\t<meta property=\"og:image:type\" content=\"image\/jpeg\" \/>\n<meta name=\"author\" content=\"Fanny Pimentel\" \/>\n<meta name=\"twitter:card\" content=\"summary_large_image\" \/>\n<meta name=\"twitter:creator\" content=\"@athomelu\" \/>\n<meta name=\"twitter:site\" content=\"@athomelu\" \/>\n<meta name=\"twitter:label1\" content=\"Verfasst von\" \/>\n\t<meta name=\"twitter:data1\" content=\"Fanny Pimentel\" \/>\n\t<meta name=\"twitter:label2\" content=\"Gesch\u00e4tzte Lesezeit\" \/>\n\t<meta name=\"twitter:data2\" content=\"3\u00a0Minuten\" \/>\n<script type=\"application\/ld+json\" class=\"yoast-schema-graph\">{\"@context\":\"https:\\\/\\\/schema.org\",\"@graph\":[{\"@type\":\"Article\",\"@id\":\"https:\\\/\\\/www.athome.lu\\\/blog\\\/mon-logement\\\/meuble-decoration\\\/comment-amenager-sa-terrasse\\\/#article\",\"isPartOf\":{\"@id\":\"https:\\\/\\\/www.athome.lu\\\/blog\\\/mon-logement\\\/meuble-decoration\\\/comment-amenager-sa-terrasse\\\/\"},\"author\":{\"name\":\"Fanny Pimentel\",\"@id\":\"https:\\\/\\\/www.athome.lu\\\/blog\\\/#\\\/schema\\\/person\\\/47f7a38089f837e792876ceddc4cb2dc\"},\"headline\":\"Comment am\u00e9nager sa terrasse ?\",\"datePublished\":\"2019-06-05T07:55:32+00:00\",\"dateModified\":\"2022-05-11T14:24:09+00:00\",\"mainEntityOfPage\":{\"@id\":\"https:\\\/\\\/www.athome.lu\\\/blog\\\/mon-logement\\\/meuble-decoration\\\/comment-amenager-sa-terrasse\\\/\"},\"wordCount\":553,\"image\":{\"@id\":\"https:\\\/\\\/www.athome.lu\\\/blog\\\/mon-logement\\\/meuble-decoration\\\/comment-amenager-sa-terrasse\\\/#primaryimage\"},\"thumbnailUrl\":\"https:\\\/\\\/www.athome.lu\\\/blog\\\/wp-content\\\/uploads\\\/2019\\\/06\\\/terrace-4237047_1280.jpg\",\"keywords\":[\"Jardin &amp; terrasse\"],\"articleSection\":[\"Meubler et D\u00e9corer\"],\"inLanguage\":\"de\"},{\"@type\":\"WebPage\",\"@id\":\"https:\\\/\\\/www.athome.lu\\\/blog\\\/mon-logement\\\/meuble-decoration\\\/comment-amenager-sa-terrasse\\\/\",\"url\":\"https:\\\/\\\/www.athome.lu\\\/blog\\\/mon-logement\\\/meuble-decoration\\\/comment-amenager-sa-terrasse\\\/\",\"name\":\"Comment am\u00e9nager sa terrasse ? - atHome Blog\",\"isPartOf\":{\"@id\":\"https:\\\/\\\/www.athome.lu\\\/blog\\\/#website\"},\"primaryImageOfPage\":{\"@id\":\"https:\\\/\\\/www.athome.lu\\\/blog\\\/mon-logement\\\/meuble-decoration\\\/comment-amenager-sa-terrasse\\\/#primaryimage\"},\"image\":{\"@id\":\"https:\\\/\\\/www.athome.lu\\\/blog\\\/mon-logement\\\/meuble-decoration\\\/comment-amenager-sa-terrasse\\\/#primaryimage\"},\"thumbnailUrl\":\"https:\\\/\\\/www.athome.lu\\\/blog\\\/wp-content\\\/uploads\\\/2019\\\/06\\\/terrace-4237047_1280.jpg\",\"datePublished\":\"2019-06-05T07:55:32+00:00\",\"dateModified\":\"2022-05-11T14:24:09+00:00\",\"author\":{\"@id\":\"https:\\\/\\\/www.athome.lu\\\/blog\\\/#\\\/schema\\\/person\\\/47f7a38089f837e792876ceddc4cb2dc\"},\"description\":\"\u00c0 l\u2019arriv\u00e9e des beaux jours, c\u2019est toujours un plaisir de r\u00e9investir sa terrasse. Cette ann\u00e9e on se laisse s\u00e9duire par les couleurs ou on opte pour une totale d\u00e9co couleur bois.\",\"breadcrumb\":{\"@id\":\"https:\\\/\\\/www.athome.lu\\\/blog\\\/mon-logement\\\/meuble-decoration\\\/comment-amenager-sa-terrasse\\\/#breadcrumb\"},\"inLanguage\":\"de\",\"potentialAction\":[{\"@type\":\"ReadAction\",\"target\":[\"https:\\\/\\\/www.athome.lu\\\/blog\\\/mon-logement\\\/meuble-decoration\\\/comment-amenager-sa-terrasse\\\/\"]}]},{\"@type\":\"ImageObject\",\"inLanguage\":\"de\",\"@id\":\"https:\\\/\\\/www.athome.lu\\\/blog\\\/mon-logement\\\/meuble-decoration\\\/comment-amenager-sa-terrasse\\\/#primaryimage\",\"url\":\"https:\\\/\\\/www.athome.lu\\\/blog\\\/wp-content\\\/uploads\\\/2019\\\/06\\\/terrace-4237047_1280.jpg\",\"contentUrl\":\"https:\\\/\\\/www.athome.lu\\\/blog\\\/wp-content\\\/uploads\\\/2019\\\/06\\\/terrace-4237047_1280.jpg\",\"width\":1280,\"height\":847,\"caption\":\"Comment am\u00e9nager sa terrasse ?\"},{\"@type\":\"BreadcrumbList\",\"@id\":\"https:\\\/\\\/www.athome.lu\\\/blog\\\/mon-logement\\\/meuble-decoration\\\/comment-amenager-sa-terrasse\\\/#breadcrumb\",\"itemListElement\":[{\"@type\":\"ListItem\",\"position\":1,\"name\":\"Accueil\",\"item\":\"https:\\\/\\\/www.athome.lu\\\/blog\\\/\"},{\"@type\":\"ListItem\",\"position\":2,\"name\":\"Mon logement\",\"item\":\"https:\\\/\\\/www.athome.lu\\\/blog\\\/de\\\/category\\\/mein-haus\\\/\"},{\"@type\":\"ListItem\",\"position\":3,\"name\":\"Meubler et D\u00e9corer\",\"item\":\"https:\\\/\\\/www.athome.lu\\\/blog\\\/de\\\/category\\\/mein-haus\\\/deko-mobel\\\/\"},{\"@type\":\"ListItem\",\"position\":4,\"name\":\"Comment am\u00e9nager sa terrasse ?\"}]},{\"@type\":\"WebSite\",\"@id\":\"https:\\\/\\\/www.athome.lu\\\/blog\\\/#website\",\"url\":\"https:\\\/\\\/www.athome.lu\\\/blog\\\/\",\"name\":\"atHome Blog\",\"description\":\"Annonces immobili\u00e8res au Luxembourg. Le portail immobilier n\u00b01 au Luxembourg.\",\"potentialAction\":[{\"@type\":\"SearchAction\",\"target\":{\"@type\":\"EntryPoint\",\"urlTemplate\":\"https:\\\/\\\/www.athome.lu\\\/blog\\\/?s={search_term_string}\"},\"query-input\":{\"@type\":\"PropertyValueSpecification\",\"valueRequired\":true,\"valueName\":\"search_term_string\"}}],\"inLanguage\":\"de\"},{\"@type\":\"Person\",\"@id\":\"https:\\\/\\\/www.athome.lu\\\/blog\\\/#\\\/schema\\\/person\\\/47f7a38089f837e792876ceddc4cb2dc\",\"name\":\"Fanny Pimentel\",\"image\":{\"@type\":\"ImageObject\",\"inLanguage\":\"de\",\"@id\":\"https:\\\/\\\/secure.gravatar.com\\\/avatar\\\/c60b27b93851dc9503f9cc9150e73dcb0a86ba6150657e5e4b11d988400bc633?s=96&d=mm&r=g\",\"url\":\"https:\\\/\\\/secure.gravatar.com\\\/avatar\\\/c60b27b93851dc9503f9cc9150e73dcb0a86ba6150657e5e4b11d988400bc633?s=96&d=mm&r=g\",\"contentUrl\":\"https:\\\/\\\/secure.gravatar.com\\\/avatar\\\/c60b27b93851dc9503f9cc9150e73dcb0a86ba6150657e5e4b11d988400bc633?s=96&d=mm&r=g\",\"caption\":\"Fanny Pimentel\"}}]}<\/script>\n<!-- \/ Yoast SEO plugin. -->","yoast_head_json":{"title":"Wie gestaltet man seine Terrasse? - atHome Blog","description":"Wenn die sch\u00f6nen Tage kommen, ist es immer ein Vergn\u00fcgen, die Terrasse wieder in Beschlag zu nehmen. Dieses Jahr lassen wir uns von den Farben verf\u00fchren oder entscheiden uns f\u00fcr eine totale Deko in Holzfarbe.","robots":{"index":"index","follow":"follow","max-snippet":"max-snippet:-1","max-image-preview":"max-image-preview:large","max-video-preview":"max-video-preview:-1"},"canonical":"https:\/\/www.athome.lu\/blog\/de\/mein-haus\/deko-mobel\/wie-man-seine-terrasse-gestaltet\/","og_locale":"de_DE","og_type":"article","og_title":"Comment am\u00e9nager sa terrasse ? - atHome Blog","og_description":"\u00c0 l\u2019arriv\u00e9e des beaux jours, c\u2019est toujours un plaisir de r\u00e9investir sa terrasse. Cette ann\u00e9e on se laisse s\u00e9duire par les couleurs ou on opte pour une totale d\u00e9co couleur bois.","og_url":"https:\/\/www.athome.lu\/blog\/de\/mein-haus\/deko-mobel\/wie-man-seine-terrasse-gestaltet\/","og_site_name":"atHome Blog","article_publisher":"https:\/\/www.facebook.com\/atHome.lu\/","article_published_time":"2019-06-05T07:55:32+00:00","article_modified_time":"2022-05-11T14:24:09+00:00","og_image":[{"width":1280,"height":847,"url":"https:\/\/www.athome.lu\/blog\/wp-content\/uploads\/2019\/06\/terrace-4237047_1280.jpg","type":"image\/jpeg"}],"author":"Fanny Pimentel","twitter_card":"summary_large_image","twitter_creator":"@athomelu","twitter_site":"@athomelu","twitter_misc":{"Verfasst von":"Fanny Pimentel","Gesch\u00e4tzte Lesezeit":"3\u00a0Minuten"},"schema":{"@context":"https:\/\/schema.org","@graph":[{"@type":"Article","@id":"https:\/\/www.athome.lu\/blog\/mon-logement\/meuble-decoration\/comment-amenager-sa-terrasse\/#article","isPartOf":{"@id":"https:\/\/www.athome.lu\/blog\/mon-logement\/meuble-decoration\/comment-amenager-sa-terrasse\/"},"author":{"name":"Fanny Pimentel","@id":"https:\/\/www.athome.lu\/blog\/#\/schema\/person\/47f7a38089f837e792876ceddc4cb2dc"},"headline":"Comment am\u00e9nager sa terrasse ?","datePublished":"2019-06-05T07:55:32+00:00","dateModified":"2022-05-11T14:24:09+00:00","mainEntityOfPage":{"@id":"https:\/\/www.athome.lu\/blog\/mon-logement\/meuble-decoration\/comment-amenager-sa-terrasse\/"},"wordCount":553,"image":{"@id":"https:\/\/www.athome.lu\/blog\/mon-logement\/meuble-decoration\/comment-amenager-sa-terrasse\/#primaryimage"},"thumbnailUrl":"https:\/\/www.athome.lu\/blog\/wp-content\/uploads\/2019\/06\/terrace-4237047_1280.jpg","keywords":["Jardin &amp; terrasse"],"articleSection":["Meubler et D\u00e9corer"],"inLanguage":"de"},{"@type":"WebPage","@id":"https:\/\/www.athome.lu\/blog\/mon-logement\/meuble-decoration\/comment-amenager-sa-terrasse\/","url":"https:\/\/www.athome.lu\/blog\/mon-logement\/meuble-decoration\/comment-amenager-sa-terrasse\/","name":"Wie gestaltet man seine Terrasse? - atHome Blog","isPartOf":{"@id":"https:\/\/www.athome.lu\/blog\/#website"},"primaryImageOfPage":{"@id":"https:\/\/www.athome.lu\/blog\/mon-logement\/meuble-decoration\/comment-amenager-sa-terrasse\/#primaryimage"},"image":{"@id":"https:\/\/www.athome.lu\/blog\/mon-logement\/meuble-decoration\/comment-amenager-sa-terrasse\/#primaryimage"},"thumbnailUrl":"https:\/\/www.athome.lu\/blog\/wp-content\/uploads\/2019\/06\/terrace-4237047_1280.jpg","datePublished":"2019-06-05T07:55:32+00:00","dateModified":"2022-05-11T14:24:09+00:00","author":{"@id":"https:\/\/www.athome.lu\/blog\/#\/schema\/person\/47f7a38089f837e792876ceddc4cb2dc"},"description":"Wenn die sch\u00f6nen Tage kommen, ist es immer ein Vergn\u00fcgen, die Terrasse wieder in Beschlag zu nehmen. Dieses Jahr lassen wir uns von den Farben verf\u00fchren oder entscheiden uns f\u00fcr eine totale Deko in Holzfarbe.","breadcrumb":{"@id":"https:\/\/www.athome.lu\/blog\/mon-logement\/meuble-decoration\/comment-amenager-sa-terrasse\/#breadcrumb"},"inLanguage":"de","potentialAction":[{"@type":"ReadAction","target":["https:\/\/www.athome.lu\/blog\/mon-logement\/meuble-decoration\/comment-amenager-sa-terrasse\/"]}]},{"@type":"ImageObject","inLanguage":"de","@id":"https:\/\/www.athome.lu\/blog\/mon-logement\/meuble-decoration\/comment-amenager-sa-terrasse\/#primaryimage","url":"https:\/\/www.athome.lu\/blog\/wp-content\/uploads\/2019\/06\/terrace-4237047_1280.jpg","contentUrl":"https:\/\/www.athome.lu\/blog\/wp-content\/uploads\/2019\/06\/terrace-4237047_1280.jpg","width":1280,"height":847,"caption":"Comment am\u00e9nager sa terrasse ?"},{"@type":"BreadcrumbList","@id":"https:\/\/www.athome.lu\/blog\/mon-logement\/meuble-decoration\/comment-amenager-sa-terrasse\/#breadcrumb","itemListElement":[{"@type":"ListItem","position":1,"name":"Accueil","item":"https:\/\/www.athome.lu\/blog\/"},{"@type":"ListItem","position":2,"name":"Mon logement","item":"https:\/\/www.athome.lu\/blog\/de\/category\/mein-haus\/"},{"@type":"ListItem","position":3,"name":"Meubler et D\u00e9corer","item":"https:\/\/www.athome.lu\/blog\/de\/category\/mein-haus\/deko-mobel\/"},{"@type":"ListItem","position":4,"name":"Comment am\u00e9nager sa terrasse ?"}]},{"@type":"WebSite","@id":"https:\/\/www.athome.lu\/blog\/#website","url":"https:\/\/www.athome.lu\/blog\/","name":"atHome Blog","description":"Immobilienanzeigen in Luxemburg. Das Immobilienportal Nr. 1 in Luxemburg.","potentialAction":[{"@type":"SearchAction","target":{"@type":"EntryPoint","urlTemplate":"https:\/\/www.athome.lu\/blog\/?s={search_term_string}"},"query-input":{"@type":"PropertyValueSpecification","valueRequired":true,"valueName":"search_term_string"}}],"inLanguage":"de"},{"@type":"Person","@id":"https:\/\/www.athome.lu\/blog\/#\/schema\/person\/47f7a38089f837e792876ceddc4cb2dc","name":"Fanny Pimentel","image":{"@type":"ImageObject","inLanguage":"de","@id":"https:\/\/secure.gravatar.com\/avatar\/c60b27b93851dc9503f9cc9150e73dcb0a86ba6150657e5e4b11d988400bc633?s=96&d=mm&r=g","url":"https:\/\/secure.gravatar.com\/avatar\/c60b27b93851dc9503f9cc9150e73dcb0a86ba6150657e5e4b11d988400bc633?s=96&d=mm&r=g","contentUrl":"https:\/\/secure.gravatar.com\/avatar\/c60b27b93851dc9503f9cc9150e73dcb0a86ba6150657e5e4b11d988400bc633?s=96&d=mm&r=g","caption":"Fanny Pimentel"}}]}},"featured_media_src_url":"https:\/\/www.athome.lu\/blog\/wp-content\/uploads\/2019\/06\/terrace-4237047_1280-1024x678.jpg","_links":{"self":[{"href":"https:\/\/www.athome.lu\/blog\/de\/wp-json\/wp\/v2\/posts\/12031","targetHints":{"allow":["GET"]}}],"collection":[{"href":"https:\/\/www.athome.lu\/blog\/de\/wp-json\/wp\/v2\/posts"}],"about":[{"href":"https:\/\/www.athome.lu\/blog\/de\/wp-json\/wp\/v2\/types\/post"}],"author":[{"embeddable":true,"href":"https:\/\/www.athome.lu\/blog\/de\/wp-json\/wp\/v2\/users\/17"}],"replies":[{"embeddable":true,"href":"https:\/\/www.athome.lu\/blog\/de\/wp-json\/wp\/v2\/comments?post=12031"}],"version-history":[{"count":2,"href":"https:\/\/www.athome.lu\/blog\/de\/wp-json\/wp\/v2\/posts\/12031\/revisions"}],"predecessor-version":[{"id":15054,"href":"https:\/\/www.athome.lu\/blog\/de\/wp-json\/wp\/v2\/posts\/12031\/revisions\/15054"}],"wp:featuredmedia":[{"embeddable":true,"href":"https:\/\/www.athome.lu\/blog\/de\/wp-json\/wp\/v2\/media\/12033"}],"wp:attachment":[{"href":"https:\/\/www.athome.lu\/blog\/de\/wp-json\/wp\/v2\/media?parent=12031"}],"wp:term":[{"taxonomy":"category","embeddable":true,"href":"https:\/\/www.athome.lu\/blog\/de\/wp-json\/wp\/v2\/categories?post=12031"},{"taxonomy":"post_tag","embeddable":true,"href":"https:\/\/www.athome.lu\/blog\/de\/wp-json\/wp\/v2\/tags?post=12031"}],"curies":[{"name":"wp","href":"https:\/\/api.w.org\/{rel}","templated":true}]}}