{"id":12321,"date":"2019-09-12T15:37:21","date_gmt":"2019-09-12T14:37:21","guid":{"rendered":"https:\/\/www.athome.lu\/blog\/?p=12321"},"modified":"2022-05-11T15:40:42","modified_gmt":"2022-05-11T13:40:42","slug":"kuche-welche-farbe-fur-meine-deko","status":"publish","type":"post","link":"https:\/\/www.athome.lu\/blog\/de\/mon-logement\/meuble-decoration\/cuisine-quelle-couleur-pour-ma-deco\/","title":{"rendered":"K\u00fcche: Welche Farbe f\u00fcr meine Dekoration?"},"content":{"rendered":"<p><span style=\"color: #000000;\">Die K\u00fcche ist ein Symbol f\u00fcr Geselligkeit und ein idealer Raum, um sich mit der Familie zu einem guten Essen zu treffen. Wie schaffen Sie eine warme und einladende Atmosph\u00e4re? Nutzen Sie unsere Deko-Tipps, um die Farben f\u00fcr Ihre K\u00fcche auszuw\u00e4hlen.<\/span><\/p>\n\n\n\n<h2 class=\"wp-block-heading\"><span style=\"color: #000000;\">Wie w\u00e4hlt man die Farbe seiner K\u00fcche?<\/span><\/h2>\n\n\n\n<p><span style=\"color: #000000;\">Die Hauptfarbe einer K\u00fcche wird oft durch die Wahl der M\u00f6bel bestimmt. Das Prinzip ist, dass Sie sich an der Farbe Ihrer M\u00f6bel orientieren und diese mit der Farbe Ihrer W\u00e4nde kombinieren. W\u00e4hlen Sie eine Komplement\u00e4rfarbe, die zu der allgemeinen Stimmung passt, die Sie erzeugen m\u00f6chten. Wenn Ihre M\u00f6bel zum Beispiel taupefarben sind, warum entscheiden Sie sich dann nicht f\u00fcr pflaumenfarben oder wei\u00df gestrichene W\u00e4nde?<\/span><br><span style=\"color: #000000;\">Bei einer offenen K\u00fcche sollten Sie Farben bevorzugen, die mit Ihrem Wohnzimmer harmonieren. Wenn Sie die Koh\u00e4renz zwischen Ihren verschiedenen R\u00e4umen wahren, k\u00f6nnen Sie die Illusion eines viel gr\u00f6\u00dferen Wohnraums erzeugen.<\/span><\/p>\n\n\n\n<h2 class=\"wp-block-heading\"><span style=\"color: #000000;\">Warme oder kalte Farben?<\/span><\/h2>\n\n\n\n<div class=\"wp-block-image\"><figure class=\"aligncenter\"><a href=\"https:\/\/www.athome.lu\/blog\/blog\/wp-content\/uploads\/2019\/09\/kitchen-yellow-728727_1280.jpg\"><img loading=\"lazy\" decoding=\"async\" width=\"1024\" height=\"683\" src=\"https:\/\/www.athome.lu\/blog\/blog\/wp-content\/uploads\/2019\/09\/kitchen-yellow-728727_1280-1024x683.jpg\" alt=\"\" class=\"wp-image-12323\" srcset=\"https:\/\/www.athome.lu\/blog\/wp-content\/uploads\/2019\/09\/kitchen-yellow-728727_1280-1024x683.jpg 1024w, https:\/\/www.athome.lu\/blog\/wp-content\/uploads\/2019\/09\/kitchen-yellow-728727_1280-300x200.jpg 300w, https:\/\/www.athome.lu\/blog\/wp-content\/uploads\/2019\/09\/kitchen-yellow-728727_1280-768x512.jpg 768w, https:\/\/www.athome.lu\/blog\/wp-content\/uploads\/2019\/09\/kitchen-yellow-728727_1280-18x12.jpg 18w, https:\/\/www.athome.lu\/blog\/wp-content\/uploads\/2019\/09\/kitchen-yellow-728727_1280.jpg 1200w\" sizes=\"auto, (max-width: 1024px) 100vw, 1024px\" \/><\/a><\/figure><\/div>\n\n\n\n<p><span style=\"color: #000000;\">F\u00fcr die K\u00fcche kommen uns am ehesten warme Farben in den Sinn. Sie bringen Dynamik, Sympathie und gute Laune mit sich. Die Definition dieses Raumes, der von Gespr\u00e4chen und gemeinsamen Momenten gepr\u00e4gt ist! Lassen Sie sich von Gelb, Orange oder sogar Rot verf\u00fchren. Wenn Sie das Gef\u00fchl der Bedr\u00fcckung f\u00fcrchten, reicht ein St\u00fcck Wand aus, um eine sch\u00f6ne, farbenfrohe K\u00fcche zu genie\u00dfen. Bevorzugen Sie sanfte und beruhigende Farben? Zartes Gr\u00fcn liegt voll im Trend und l\u00e4sst sich wunderbar mit Perlgrau kombinieren.<\/span><\/p>\n\n\n<section id=\"section-3-14695\" class=\"ct-section\" ><div class=\"ct-section-inner-wrap\"><div id=\"div_block-4-14695\" class=\"ct-div-block\" ><div id=\"new_columns-7-14695\" class=\"ct-new-columns\" ><div id=\"div_block-8-14695\" class=\"ct-div-block\" ><div id=\"div_block-14-14695\" class=\"ct-div-block\" ><\/div><\/div><div id=\"div_block-9-14695\" class=\"ct-div-block\" ><h1 id=\"headline-11-14695\" class=\"ct-headline\">Wie hoch sind die Immobilienpreise derzeit?<\/h1><div id=\"text_block-12-14695\" class=\"ct-text-block\" >Die Preise verlangsamen sich. Die Zinss\u00e4tze steigen. Welche Trends sind in den kommenden Monaten zu erwarten?<\/div><a id=\"link_button-13-14695\" class=\"ct-link-button\" href=\"https:\/\/www.athome.lu\/blog\/blog\/marche-immobilier\/prix\/tendances-2022\/\" target=\"_blank\"  >Analyse lesen<\/a><\/div><\/div><\/div><\/div><\/section>\n\n\n<h2 class=\"wp-block-heading\"><span style=\"color: #000000;\">Chromotherapie: Die Wirkung von Farben auf die Stimmung<\/span><\/h2>\n\n\n\n<p><span style=\"color: #000000;\">Die Chromotherapie ist eine Methode, bei der die Energie von Farben genutzt wird. Diese besagt, dass unsere Stimmung durch das Sehen von Farben beeinflusst werden kann. Die Auswirkungen sind vielf\u00e4ltig: Einige Farben sollen den Blutdruck senken, w\u00e4hrend andere den Herzschlag beschleunigen. Sie k\u00f6nnen also k\u00f6rperliche Reaktionen ausl\u00f6sen und unsere Stimmung beeinflussen.<\/span><br><span style=\"color: #000000;\">Auf diese Weise w\u00fcrden warme Farben f\u00fcr Energie und W\u00e4rme stehen. Kalte Farben w\u00fcrden zu Ruhe und Entspannung f\u00fchren. Fehlt es Ihnen am Morgen an Kraft? Dann ist die Dynamik der Farbe Orange genau das Richtige f\u00fcr Sie! F\u00fchlen Sie sich schon in den ersten Stunden des Tages gestresst? Die Farbe Blau wird Ihr bester Verb\u00fcndeter sein, um Ihre Gelassenheit wiederzufinden.<\/span><br><span style=\"color: #000000;\">Denken Sie schlie\u00dflich daran, dass helle Farben ein Gef\u00fchl von Weite vermitteln. Sie werden auch oft von Hausbesitzern gesch\u00e4tzt.<\/span><\/p>","protected":false},"excerpt":{"rendered":"<p>Symbole de convivialit\u00e9, la cuisine est une pi\u00e8ce id\u00e9ale pour se retrouver en famille autour d\u2019un bon repas. Comment cr\u00e9er une atmosph\u00e8re chaleureuse et accueillante ? Profitez de nos astuces d\u00e9co pour choisir les couleurs de votre cuisine. Comment choisir la couleur de sa cuisine ? La couleur principale d\u2019une cuisine est souvent d\u00e9termin\u00e9e par [&hellip;]<\/p>\n","protected":false},"author":17,"featured_media":11277,"comment_status":"closed","ping_status":"open","sticky":false,"template":"","format":"standard","meta":{"_acf_changed":false,"footnotes":""},"categories":[210],"tags":[79],"class_list":["post-12321","post","type-post","status-publish","format-standard","has-post-thumbnail","hentry","category-meuble-decoration","tag-decoration"],"acf":[],"yoast_head":"<!-- This site is optimized with the Yoast SEO plugin v27.4 - https:\/\/yoast.com\/product\/yoast-seo-wordpress\/ -->\n<title>Cuisine : quelle couleur pour ma d\u00e9co ? - atHome Blog<\/title>\n<meta name=\"description\" content=\"Symbole de convivialit\u00e9, la cuisine est une pi\u00e8ce id\u00e9ale pour se retrouver en famille autour d\u2019un bon repas.\" \/>\n<meta name=\"robots\" content=\"index, follow, max-snippet:-1, max-image-preview:large, max-video-preview:-1\" \/>\n<link rel=\"canonical\" href=\"https:\/\/www.athome.lu\/blog\/de\/mein-haus\/deko-mobel\/kuche-welche-farbe-fur-meine-deko\/\" \/>\n<meta property=\"og:locale\" content=\"de_DE\" \/>\n<meta property=\"og:type\" content=\"article\" \/>\n<meta property=\"og:title\" content=\"Cuisine : quelle couleur pour ma d\u00e9co ? - atHome Blog\" \/>\n<meta property=\"og:description\" content=\"Symbole de convivialit\u00e9, la cuisine est une pi\u00e8ce id\u00e9ale pour se retrouver en famille autour d\u2019un bon repas.\" \/>\n<meta property=\"og:url\" content=\"https:\/\/www.athome.lu\/blog\/de\/mein-haus\/deko-mobel\/kuche-welche-farbe-fur-meine-deko\/\" \/>\n<meta property=\"og:site_name\" content=\"atHome Blog\" \/>\n<meta property=\"article:publisher\" content=\"https:\/\/www.facebook.com\/atHome.lu\/\" \/>\n<meta property=\"article:published_time\" content=\"2019-09-12T14:37:21+00:00\" \/>\n<meta property=\"article:modified_time\" content=\"2022-05-11T13:40:42+00:00\" \/>\n<meta property=\"og:image\" content=\"https:\/\/www.athome.lu\/blog\/wp-content\/uploads\/2018\/05\/cuisine-iStock-1200-160945655.jpg\" \/>\n\t<meta property=\"og:image:width\" content=\"1200\" \/>\n\t<meta property=\"og:image:height\" content=\"800\" \/>\n\t<meta property=\"og:image:type\" content=\"image\/jpeg\" \/>\n<meta name=\"author\" content=\"Fanny Pimentel\" \/>\n<meta name=\"twitter:card\" content=\"summary_large_image\" \/>\n<meta name=\"twitter:creator\" content=\"@athomelu\" \/>\n<meta name=\"twitter:site\" content=\"@athomelu\" \/>\n<meta name=\"twitter:label1\" content=\"Verfasst von\" \/>\n\t<meta name=\"twitter:data1\" content=\"Fanny Pimentel\" \/>\n\t<meta name=\"twitter:label2\" content=\"Gesch\u00e4tzte Lesezeit\" \/>\n\t<meta name=\"twitter:data2\" content=\"3\u00a0Minuten\" \/>\n<script type=\"application\/ld+json\" class=\"yoast-schema-graph\">{\"@context\":\"https:\\\/\\\/schema.org\",\"@graph\":[{\"@type\":\"Article\",\"@id\":\"https:\\\/\\\/www.athome.lu\\\/blog\\\/mon-logement\\\/meuble-decoration\\\/cuisine-quelle-couleur-pour-ma-deco\\\/#article\",\"isPartOf\":{\"@id\":\"https:\\\/\\\/www.athome.lu\\\/blog\\\/mon-logement\\\/meuble-decoration\\\/cuisine-quelle-couleur-pour-ma-deco\\\/\"},\"author\":{\"name\":\"Fanny Pimentel\",\"@id\":\"https:\\\/\\\/www.athome.lu\\\/blog\\\/#\\\/schema\\\/person\\\/47f7a38089f837e792876ceddc4cb2dc\"},\"headline\":\"Cuisine : quelle couleur pour ma d\u00e9co ?\",\"datePublished\":\"2019-09-12T14:37:21+00:00\",\"dateModified\":\"2022-05-11T13:40:42+00:00\",\"mainEntityOfPage\":{\"@id\":\"https:\\\/\\\/www.athome.lu\\\/blog\\\/mon-logement\\\/meuble-decoration\\\/cuisine-quelle-couleur-pour-ma-deco\\\/\"},\"wordCount\":443,\"image\":{\"@id\":\"https:\\\/\\\/www.athome.lu\\\/blog\\\/mon-logement\\\/meuble-decoration\\\/cuisine-quelle-couleur-pour-ma-deco\\\/#primaryimage\"},\"thumbnailUrl\":\"https:\\\/\\\/www.athome.lu\\\/blog\\\/wp-content\\\/uploads\\\/2018\\\/05\\\/cuisine-iStock-1200-160945655.jpg\",\"keywords\":[\"D\u00e9coration\"],\"articleSection\":[\"Meubler et D\u00e9corer\"],\"inLanguage\":\"de\"},{\"@type\":\"WebPage\",\"@id\":\"https:\\\/\\\/www.athome.lu\\\/blog\\\/mon-logement\\\/meuble-decoration\\\/cuisine-quelle-couleur-pour-ma-deco\\\/\",\"url\":\"https:\\\/\\\/www.athome.lu\\\/blog\\\/mon-logement\\\/meuble-decoration\\\/cuisine-quelle-couleur-pour-ma-deco\\\/\",\"name\":\"Cuisine : quelle couleur pour ma d\u00e9co ? - atHome Blog\",\"isPartOf\":{\"@id\":\"https:\\\/\\\/www.athome.lu\\\/blog\\\/#website\"},\"primaryImageOfPage\":{\"@id\":\"https:\\\/\\\/www.athome.lu\\\/blog\\\/mon-logement\\\/meuble-decoration\\\/cuisine-quelle-couleur-pour-ma-deco\\\/#primaryimage\"},\"image\":{\"@id\":\"https:\\\/\\\/www.athome.lu\\\/blog\\\/mon-logement\\\/meuble-decoration\\\/cuisine-quelle-couleur-pour-ma-deco\\\/#primaryimage\"},\"thumbnailUrl\":\"https:\\\/\\\/www.athome.lu\\\/blog\\\/wp-content\\\/uploads\\\/2018\\\/05\\\/cuisine-iStock-1200-160945655.jpg\",\"datePublished\":\"2019-09-12T14:37:21+00:00\",\"dateModified\":\"2022-05-11T13:40:42+00:00\",\"author\":{\"@id\":\"https:\\\/\\\/www.athome.lu\\\/blog\\\/#\\\/schema\\\/person\\\/47f7a38089f837e792876ceddc4cb2dc\"},\"description\":\"Symbole de convivialit\u00e9, la cuisine est une pi\u00e8ce id\u00e9ale pour se retrouver en famille autour d\u2019un bon repas.\",\"breadcrumb\":{\"@id\":\"https:\\\/\\\/www.athome.lu\\\/blog\\\/mon-logement\\\/meuble-decoration\\\/cuisine-quelle-couleur-pour-ma-deco\\\/#breadcrumb\"},\"inLanguage\":\"de\",\"potentialAction\":[{\"@type\":\"ReadAction\",\"target\":[\"https:\\\/\\\/www.athome.lu\\\/blog\\\/mon-logement\\\/meuble-decoration\\\/cuisine-quelle-couleur-pour-ma-deco\\\/\"]}]},{\"@type\":\"ImageObject\",\"inLanguage\":\"de\",\"@id\":\"https:\\\/\\\/www.athome.lu\\\/blog\\\/mon-logement\\\/meuble-decoration\\\/cuisine-quelle-couleur-pour-ma-deco\\\/#primaryimage\",\"url\":\"https:\\\/\\\/www.athome.lu\\\/blog\\\/wp-content\\\/uploads\\\/2018\\\/05\\\/cuisine-iStock-1200-160945655.jpg\",\"contentUrl\":\"https:\\\/\\\/www.athome.lu\\\/blog\\\/wp-content\\\/uploads\\\/2018\\\/05\\\/cuisine-iStock-1200-160945655.jpg\",\"width\":1200,\"height\":800,\"caption\":\"Rangement petite cuisine\"},{\"@type\":\"BreadcrumbList\",\"@id\":\"https:\\\/\\\/www.athome.lu\\\/blog\\\/mon-logement\\\/meuble-decoration\\\/cuisine-quelle-couleur-pour-ma-deco\\\/#breadcrumb\",\"itemListElement\":[{\"@type\":\"ListItem\",\"position\":1,\"name\":\"Accueil\",\"item\":\"https:\\\/\\\/www.athome.lu\\\/blog\\\/\"},{\"@type\":\"ListItem\",\"position\":2,\"name\":\"Mon logement\",\"item\":\"https:\\\/\\\/www.athome.lu\\\/blog\\\/de\\\/category\\\/mein-haus\\\/\"},{\"@type\":\"ListItem\",\"position\":3,\"name\":\"Meubler et D\u00e9corer\",\"item\":\"https:\\\/\\\/www.athome.lu\\\/blog\\\/de\\\/category\\\/mein-haus\\\/deko-mobel\\\/\"},{\"@type\":\"ListItem\",\"position\":4,\"name\":\"Cuisine : quelle couleur pour ma d\u00e9co ?\"}]},{\"@type\":\"WebSite\",\"@id\":\"https:\\\/\\\/www.athome.lu\\\/blog\\\/#website\",\"url\":\"https:\\\/\\\/www.athome.lu\\\/blog\\\/\",\"name\":\"atHome Blog\",\"description\":\"Annonces immobili\u00e8res au Luxembourg. Le portail immobilier n\u00b01 au Luxembourg.\",\"potentialAction\":[{\"@type\":\"SearchAction\",\"target\":{\"@type\":\"EntryPoint\",\"urlTemplate\":\"https:\\\/\\\/www.athome.lu\\\/blog\\\/?s={search_term_string}\"},\"query-input\":{\"@type\":\"PropertyValueSpecification\",\"valueRequired\":true,\"valueName\":\"search_term_string\"}}],\"inLanguage\":\"de\"},{\"@type\":\"Person\",\"@id\":\"https:\\\/\\\/www.athome.lu\\\/blog\\\/#\\\/schema\\\/person\\\/47f7a38089f837e792876ceddc4cb2dc\",\"name\":\"Fanny Pimentel\",\"image\":{\"@type\":\"ImageObject\",\"inLanguage\":\"de\",\"@id\":\"https:\\\/\\\/secure.gravatar.com\\\/avatar\\\/c60b27b93851dc9503f9cc9150e73dcb0a86ba6150657e5e4b11d988400bc633?s=96&d=mm&r=g\",\"url\":\"https:\\\/\\\/secure.gravatar.com\\\/avatar\\\/c60b27b93851dc9503f9cc9150e73dcb0a86ba6150657e5e4b11d988400bc633?s=96&d=mm&r=g\",\"contentUrl\":\"https:\\\/\\\/secure.gravatar.com\\\/avatar\\\/c60b27b93851dc9503f9cc9150e73dcb0a86ba6150657e5e4b11d988400bc633?s=96&d=mm&r=g\",\"caption\":\"Fanny Pimentel\"}}]}<\/script>\n<!-- \/ Yoast SEO plugin. -->","yoast_head_json":{"title":"K\u00fcche: Welche Farbe f\u00fcr meine Dekoration? - atHome Blog","description":"Als Symbol f\u00fcr Geselligkeit ist die K\u00fcche ein idealer Raum, um mit der Familie bei einem guten Essen zusammenzukommen.","robots":{"index":"index","follow":"follow","max-snippet":"max-snippet:-1","max-image-preview":"max-image-preview:large","max-video-preview":"max-video-preview:-1"},"canonical":"https:\/\/www.athome.lu\/blog\/de\/mein-haus\/deko-mobel\/kuche-welche-farbe-fur-meine-deko\/","og_locale":"de_DE","og_type":"article","og_title":"Cuisine : quelle couleur pour ma d\u00e9co ? - atHome Blog","og_description":"Symbole de convivialit\u00e9, la cuisine est une pi\u00e8ce id\u00e9ale pour se retrouver en famille autour d\u2019un bon repas.","og_url":"https:\/\/www.athome.lu\/blog\/de\/mein-haus\/deko-mobel\/kuche-welche-farbe-fur-meine-deko\/","og_site_name":"atHome Blog","article_publisher":"https:\/\/www.facebook.com\/atHome.lu\/","article_published_time":"2019-09-12T14:37:21+00:00","article_modified_time":"2022-05-11T13:40:42+00:00","og_image":[{"width":1200,"height":800,"url":"https:\/\/www.athome.lu\/blog\/wp-content\/uploads\/2018\/05\/cuisine-iStock-1200-160945655.jpg","type":"image\/jpeg"}],"author":"Fanny Pimentel","twitter_card":"summary_large_image","twitter_creator":"@athomelu","twitter_site":"@athomelu","twitter_misc":{"Verfasst von":"Fanny Pimentel","Gesch\u00e4tzte Lesezeit":"3\u00a0Minuten"},"schema":{"@context":"https:\/\/schema.org","@graph":[{"@type":"Article","@id":"https:\/\/www.athome.lu\/blog\/mon-logement\/meuble-decoration\/cuisine-quelle-couleur-pour-ma-deco\/#article","isPartOf":{"@id":"https:\/\/www.athome.lu\/blog\/mon-logement\/meuble-decoration\/cuisine-quelle-couleur-pour-ma-deco\/"},"author":{"name":"Fanny Pimentel","@id":"https:\/\/www.athome.lu\/blog\/#\/schema\/person\/47f7a38089f837e792876ceddc4cb2dc"},"headline":"Cuisine : quelle couleur pour ma d\u00e9co ?","datePublished":"2019-09-12T14:37:21+00:00","dateModified":"2022-05-11T13:40:42+00:00","mainEntityOfPage":{"@id":"https:\/\/www.athome.lu\/blog\/mon-logement\/meuble-decoration\/cuisine-quelle-couleur-pour-ma-deco\/"},"wordCount":443,"image":{"@id":"https:\/\/www.athome.lu\/blog\/mon-logement\/meuble-decoration\/cuisine-quelle-couleur-pour-ma-deco\/#primaryimage"},"thumbnailUrl":"https:\/\/www.athome.lu\/blog\/wp-content\/uploads\/2018\/05\/cuisine-iStock-1200-160945655.jpg","keywords":["D\u00e9coration"],"articleSection":["Meubler et D\u00e9corer"],"inLanguage":"de"},{"@type":"WebPage","@id":"https:\/\/www.athome.lu\/blog\/mon-logement\/meuble-decoration\/cuisine-quelle-couleur-pour-ma-deco\/","url":"https:\/\/www.athome.lu\/blog\/mon-logement\/meuble-decoration\/cuisine-quelle-couleur-pour-ma-deco\/","name":"K\u00fcche: Welche Farbe f\u00fcr meine Dekoration? - atHome Blog","isPartOf":{"@id":"https:\/\/www.athome.lu\/blog\/#website"},"primaryImageOfPage":{"@id":"https:\/\/www.athome.lu\/blog\/mon-logement\/meuble-decoration\/cuisine-quelle-couleur-pour-ma-deco\/#primaryimage"},"image":{"@id":"https:\/\/www.athome.lu\/blog\/mon-logement\/meuble-decoration\/cuisine-quelle-couleur-pour-ma-deco\/#primaryimage"},"thumbnailUrl":"https:\/\/www.athome.lu\/blog\/wp-content\/uploads\/2018\/05\/cuisine-iStock-1200-160945655.jpg","datePublished":"2019-09-12T14:37:21+00:00","dateModified":"2022-05-11T13:40:42+00:00","author":{"@id":"https:\/\/www.athome.lu\/blog\/#\/schema\/person\/47f7a38089f837e792876ceddc4cb2dc"},"description":"Als Symbol f\u00fcr Geselligkeit ist die K\u00fcche ein idealer Raum, um mit der Familie bei einem guten Essen zusammenzukommen.","breadcrumb":{"@id":"https:\/\/www.athome.lu\/blog\/mon-logement\/meuble-decoration\/cuisine-quelle-couleur-pour-ma-deco\/#breadcrumb"},"inLanguage":"de","potentialAction":[{"@type":"ReadAction","target":["https:\/\/www.athome.lu\/blog\/mon-logement\/meuble-decoration\/cuisine-quelle-couleur-pour-ma-deco\/"]}]},{"@type":"ImageObject","inLanguage":"de","@id":"https:\/\/www.athome.lu\/blog\/mon-logement\/meuble-decoration\/cuisine-quelle-couleur-pour-ma-deco\/#primaryimage","url":"https:\/\/www.athome.lu\/blog\/wp-content\/uploads\/2018\/05\/cuisine-iStock-1200-160945655.jpg","contentUrl":"https:\/\/www.athome.lu\/blog\/wp-content\/uploads\/2018\/05\/cuisine-iStock-1200-160945655.jpg","width":1200,"height":800,"caption":"Rangement petite cuisine"},{"@type":"BreadcrumbList","@id":"https:\/\/www.athome.lu\/blog\/mon-logement\/meuble-decoration\/cuisine-quelle-couleur-pour-ma-deco\/#breadcrumb","itemListElement":[{"@type":"ListItem","position":1,"name":"Accueil","item":"https:\/\/www.athome.lu\/blog\/"},{"@type":"ListItem","position":2,"name":"Mon logement","item":"https:\/\/www.athome.lu\/blog\/de\/category\/mein-haus\/"},{"@type":"ListItem","position":3,"name":"Meubler et D\u00e9corer","item":"https:\/\/www.athome.lu\/blog\/de\/category\/mein-haus\/deko-mobel\/"},{"@type":"ListItem","position":4,"name":"Cuisine : quelle couleur pour ma d\u00e9co ?"}]},{"@type":"WebSite","@id":"https:\/\/www.athome.lu\/blog\/#website","url":"https:\/\/www.athome.lu\/blog\/","name":"atHome Blog","description":"Immobilienanzeigen in Luxemburg. Das Immobilienportal Nr. 1 in Luxemburg.","potentialAction":[{"@type":"SearchAction","target":{"@type":"EntryPoint","urlTemplate":"https:\/\/www.athome.lu\/blog\/?s={search_term_string}"},"query-input":{"@type":"PropertyValueSpecification","valueRequired":true,"valueName":"search_term_string"}}],"inLanguage":"de"},{"@type":"Person","@id":"https:\/\/www.athome.lu\/blog\/#\/schema\/person\/47f7a38089f837e792876ceddc4cb2dc","name":"Fanny Pimentel","image":{"@type":"ImageObject","inLanguage":"de","@id":"https:\/\/secure.gravatar.com\/avatar\/c60b27b93851dc9503f9cc9150e73dcb0a86ba6150657e5e4b11d988400bc633?s=96&d=mm&r=g","url":"https:\/\/secure.gravatar.com\/avatar\/c60b27b93851dc9503f9cc9150e73dcb0a86ba6150657e5e4b11d988400bc633?s=96&d=mm&r=g","contentUrl":"https:\/\/secure.gravatar.com\/avatar\/c60b27b93851dc9503f9cc9150e73dcb0a86ba6150657e5e4b11d988400bc633?s=96&d=mm&r=g","caption":"Fanny Pimentel"}}]}},"featured_media_src_url":"https:\/\/www.athome.lu\/blog\/wp-content\/uploads\/2018\/05\/cuisine-iStock-1200-160945655-1024x683.jpg","_links":{"self":[{"href":"https:\/\/www.athome.lu\/blog\/de\/wp-json\/wp\/v2\/posts\/12321","targetHints":{"allow":["GET"]}}],"collection":[{"href":"https:\/\/www.athome.lu\/blog\/de\/wp-json\/wp\/v2\/posts"}],"about":[{"href":"https:\/\/www.athome.lu\/blog\/de\/wp-json\/wp\/v2\/types\/post"}],"author":[{"embeddable":true,"href":"https:\/\/www.athome.lu\/blog\/de\/wp-json\/wp\/v2\/users\/17"}],"replies":[{"embeddable":true,"href":"https:\/\/www.athome.lu\/blog\/de\/wp-json\/wp\/v2\/comments?post=12321"}],"version-history":[{"count":2,"href":"https:\/\/www.athome.lu\/blog\/de\/wp-json\/wp\/v2\/posts\/12321\/revisions"}],"predecessor-version":[{"id":15034,"href":"https:\/\/www.athome.lu\/blog\/de\/wp-json\/wp\/v2\/posts\/12321\/revisions\/15034"}],"wp:featuredmedia":[{"embeddable":true,"href":"https:\/\/www.athome.lu\/blog\/de\/wp-json\/wp\/v2\/media\/11277"}],"wp:attachment":[{"href":"https:\/\/www.athome.lu\/blog\/de\/wp-json\/wp\/v2\/media?parent=12321"}],"wp:term":[{"taxonomy":"category","embeddable":true,"href":"https:\/\/www.athome.lu\/blog\/de\/wp-json\/wp\/v2\/categories?post=12321"},{"taxonomy":"post_tag","embeddable":true,"href":"https:\/\/www.athome.lu\/blog\/de\/wp-json\/wp\/v2\/tags?post=12321"}],"curies":[{"name":"wp","href":"https:\/\/api.w.org\/{rel}","templated":true}]}}