{"id":12333,"date":"2019-09-25T09:12:23","date_gmt":"2019-09-25T08:12:23","guid":{"rendered":"https:\/\/www.athome.lu\/blog\/?p=12333"},"modified":"2022-05-11T15:37:44","modified_gmt":"2022-05-11T13:37:44","slug":"zoom-auf-grevenmacher","status":"publish","type":"post","link":"https:\/\/www.athome.lu\/blog\/de\/marche-immobilier\/villes\/zoom-sur-grevenmacher\/","title":{"rendered":"Zoom auf Grevenmacher"},"content":{"rendered":"<p><span style=\"color: #000000;\">Als historische Stadt ist Grevenmacher auch ein Handelszentrum, das t\u00e4glich mit dem gro\u00dfen Strom deutscher Grenzg\u00e4nger leben muss, die das Gebiet auf dem Weg nach Luxemburg-Stadt durchqueren. Die Moselgemeinde bietet die Reize der Stadt und die Freuden des Landes und bietet ihren Einwohnern und zahlreichen Touristen die M\u00f6glichkeit, den \"Miseler way of life\" zu genie\u00dfen.<\/span><\/p>\n\n\n\n<p><span style=\"color: #000000;\">Die Stadt Grevenmacher, die im Osten des Gro\u00dfherzogtums an der deutschen Grenze liegt, war schon vor der R\u00f6merzeit besiedelt. Die fruchtbaren B\u00f6den, durch die die Mosel flie\u00dft, waren f\u00fcr die ersten Siedler sehr attraktiv. Auch heute noch genie\u00dfen rund 4.900 Einwohner das s\u00fc\u00dfe Leben, das der B\u00fcrgermeister der Gemeinde, L\u00e9on Gloden, gerne als \"Miseler way of life\" bezeichnet. Die Bev\u00f6lkerungszahl hat sich in den letzten Jahren stabilisiert\", erkl\u00e4rt er. In diesem Jahr wird sie jedoch voraussichtlich wieder ansteigen, da viele Bauprojekte im Gange sind. Man muss jedoch realistisch sein: Grevenmacher liegt zwischen den Weinbergen auf der einen und der Mosel auf der anderen Seite. Es ist auch eine Stadt, in der man nicht einfach alles machen kann, da viele Geb\u00e4ude unter Denkmalschutz stehen. Wir k\u00f6nnen also hoffen, die Bev\u00f6lkerung auf etwa 5.500 Einwohner zu erh\u00f6hen, aber nicht dar\u00fcber hinaus.\"<\/span><\/p>\n\n\n\n<figure class=\"wp-block-image\"><a href=\"https:\/\/www.athome.lu\/blog\/blog\/wp-content\/uploads\/2019\/09\/GettyImages-613985527-2-1200.jpg\"><img loading=\"lazy\" decoding=\"async\" width=\"1024\" height=\"683\" src=\"https:\/\/www.athome.lu\/blog\/blog\/wp-content\/uploads\/2019\/09\/GettyImages-613985527-2-1200-1024x683.jpg\" alt=\"\" class=\"wp-image-12334\" srcset=\"https:\/\/www.athome.lu\/blog\/wp-content\/uploads\/2019\/09\/GettyImages-613985527-2-1200-1024x683.jpg 1024w, https:\/\/www.athome.lu\/blog\/wp-content\/uploads\/2019\/09\/GettyImages-613985527-2-1200-300x200.jpg 300w, https:\/\/www.athome.lu\/blog\/wp-content\/uploads\/2019\/09\/GettyImages-613985527-2-1200-768x512.jpg 768w, https:\/\/www.athome.lu\/blog\/wp-content\/uploads\/2019\/09\/GettyImages-613985527-2-1200-18x12.jpg 18w, https:\/\/www.athome.lu\/blog\/wp-content\/uploads\/2019\/09\/GettyImages-613985527-2-1200.jpg 1200w\" sizes=\"auto, (max-width: 1024px) 100vw, 1024px\" \/><\/a><\/figure>\n\n\n\n<h2 class=\"wp-block-heading\"><span style=\"color: #000000;\">Wohnungen f\u00fcr 350 zus\u00e4tzliche Einwohner<\/span><\/h2>\n\n\n\n<p><span style=\"color: #000000;\">Zu den laufenden Projekten geh\u00f6ren zwei im Stadtzentrum gelegene Projekte, die vom Fonds du Logement und der Soci\u00e9t\u00e9 Nationale des Habitations \u00e0 Bon March\u00e9 durchgef\u00fchrt werden. Diese Projekte werden 100 zus\u00e4tzliche Einwohner aufnehmen\", so L\u00e9on Gloden. Unter dem Projekt der SNHBM wird au\u00dferdem eine Tiefgarage geplant, wodurch die derzeit recht knappen Parkm\u00f6glichkeiten in der Stadt erweitert werden.\"<\/span><\/p>\n\n\n\n<p><span style=\"color: #000000;\">Ein weiteres Wohnprojekt, das nach jahrzehntelangem Hin und Her endlich zum Abschluss gebracht werden soll, ist das seit den 1960er Jahren diskutierte Projet d'Am\u00e9nagement Particulier \"Unter Dem Pietert\". Auf einer Bruttofl\u00e4che von 3,72 Hektar gegen\u00fcber der Schleuse von Grevenmacher soll ein neues Wohnviertel entstehen. Es werden 106 gemischte Wohneinheiten (Einfamilienh\u00e4user, H\u00e4user f\u00fcr Alleinstehende, Doppelhaush\u00e4lften, Reihenh\u00e4user usw.) entstehen, in denen etwa 250 Menschen wohnen werden.<\/span><\/p>\n\n\n\n<p><span style=\"color: #000000;\">Schlie\u00dflich k\u00f6nnte das Gesicht von Grevenmacher in den n\u00e4chsten Jahren auch etwas gr\u00fcner werden, da im Juni \u00fcber das neue PAG abgestimmt werden soll, das unter anderem einen Schwerpunkt auf Dachbegr\u00fcnungen legt.<\/span><\/p>\n\n\n\n<h2 class=\"wp-block-heading\"><span style=\"color: #000000;\">15.000 bis 20.000 Grenzg\u00e4nger pro Tag<\/span><\/h2>\n\n\n\n<p><span style=\"color: #000000;\">Grevenmacher verf\u00fcgt au\u00dferdem \u00fcber eine relativ gro\u00dfe Handels- und Industriestruktur. Viele Einzelhandelsgesch\u00e4fte befinden sich im Stadtzentrum, w\u00e4hrend gr\u00f6\u00dfere B\u00fcro-, Gewerbe- und Industriebetriebe im Baugebiet Potaschbierg angesiedelt sind. \"Wir sind sehr daran interessiert, dass das Zentrum der Stadt weiterhin dem Einzelhandel gewidmet ist. Deshalb erlauben wir diese Art von Aktivit\u00e4ten nicht im Zoning. Man muss bedenken, dass die Nachfrage nach B\u00fcrofl\u00e4chen hier sehr gro\u00df ist. Da wir uns an der Grenze befinden, w\u00fcrden sich viele deutsche Unternehmen, die in Luxemburg ans\u00e4ssig sind und fast ausschlie\u00dflich Grenzg\u00e4nger besch\u00e4ftigen, gerne hier ansiedeln, um ihnen die t\u00e4glichen Staus zu ersparen\", so der B\u00fcrgermeister.<\/span><\/p>\n\n\n\n<p><span style=\"color: #000000;\">Diese N\u00e4he bringt auch eine Reihe von Mobilit\u00e4tsproblemen mit sich. L\u00e9on Gloden erkl\u00e4rt: \"15 bis 20 000 deutsche Grenzg\u00e4nger fahren jeden Tag durch Grevenmacher. Sie haben keine andere Wahl, als die Br\u00fccke \u00fcber die Mosel zu \u00fcberqueren und durch das Zentrum zu fahren, bevor sie auf die Autobahn nach Luxemburg gelangen. Das ist nat\u00fcrlich etwas, das auf kommunaler Ebene heikel zu handhaben ist\". Es wurden sogar Initiativen ergriffen, um diesen gro\u00dfen Fahrzeugstrom zu reduzieren, insbesondere der Bau eines \"Park and Ride\" auf luxemburgischer Seite. \"Die Deutschen m\u00fcssten allerdings auf ihrer Seite das Gleiche tun, damit sich die Dinge wirklich verbessern\", meint der B\u00fcrgermeister. Ein Flexibus und ein Ruffbus geben ebenfalls Alternativen f\u00fcr die Mobilit\u00e4t mit \u00f6ffentlichen Verkehrsmitteln.<\/span><\/p>\n\n\n<section id=\"section-3-14695\" class=\"ct-section\" ><div class=\"ct-section-inner-wrap\"><div id=\"div_block-4-14695\" class=\"ct-div-block\" ><div id=\"new_columns-7-14695\" class=\"ct-new-columns\" ><div id=\"div_block-8-14695\" class=\"ct-div-block\" ><div id=\"div_block-14-14695\" class=\"ct-div-block\" ><\/div><\/div><div id=\"div_block-9-14695\" class=\"ct-div-block\" ><h1 id=\"headline-11-14695\" class=\"ct-headline\">Wie hoch sind die Immobilienpreise derzeit?<\/h1><div id=\"text_block-12-14695\" class=\"ct-text-block\" >Die Preise verlangsamen sich. Die Zinss\u00e4tze steigen. Welche Trends sind in den kommenden Monaten zu erwarten?<\/div><a id=\"link_button-13-14695\" class=\"ct-link-button\" href=\"https:\/\/www.athome.lu\/blog\/blog\/marche-immobilier\/prix\/tendances-2022\/\" target=\"_blank\"  >Analyse lesen<\/a><\/div><\/div><\/div><\/div><\/section>\n\n\n<h2 class=\"wp-block-heading\"><span style=\"color: #000000;\">Die Vorteile der Stadt, die Ruhe des Landes<\/span><\/h2>\n\n\n\n<p><span style=\"color: #000000;\">Grevenmacher teilt zwar mit jeder Stadt die Mobilit\u00e4tsprobleme, verf\u00fcgt aber auch \u00fcber die Vorteile einer st\u00e4dtischen Struktur, angefangen bei einem guten Sportangebot, das durch die k\u00fcrzlich erbaute neue Halle und das bald entstehende Clubhaus f\u00fcr den Fu\u00dfballverein erg\u00e4nzt wird. In der Gemeinde gibt es eine Leichtathletikbahn, Tennispl\u00e4tze und ein Schwimmbad, zu dem noch zwei parallele Rutschen hinzukommen werden. Es gibt auch zahlreiche \u00c4rzte und ein medizinisches Zentrum befindet sich im Bau. Ich habe mich sehr f\u00fcr dieses Projekt eingesetzt\", sagt L\u00e9on Gloden, der seit 2009 auch Abgeordneter ist. Es besteht sogar die Chance, dass in dieses medizinische Zentrum ein MRT integriert wird, was eine sehr gute Nachricht f\u00fcr die Region w\u00e4re.\" Auch die Kultur wird in den n\u00e4chsten Monaten verw\u00f6hnt, da ein neues Kulturzentrum gebaut werden soll.<\/span><\/p>\n\n\n\n<p><span style=\"color: #000000;\">All dies steigert die touristische Attraktivit\u00e4t von Grevenmacher, die bereits durch seinen Status als Weinstadt stark angekurbelt wird. Hier befinden sich u. a. die Weinkeller von Bernard-Massard und die Domaines Vinsmoselle, und jedes Jahr findet hier das Trauben- und Weinfest statt, das 20.000 Menschen anzieht. Entlang der Mosel wurde ein neuer Kai f\u00fcr die Einschiffung von Passagieren gebaut, und das Angebot an Touristenunterk\u00fcnften wurde erweitert, u. a. mit einem sehr sch\u00f6nen Campingplatz und verschiedenen Ferienh\u00e4usern. Mit all diesen Projekten k\u00f6nnte der \"Miseler way of life\" also sowohl neue Einwohner als auch Touristen aus der ganzen Welt anziehen!<\/span><\/p>","protected":false},"excerpt":{"rendered":"<p>Ville historique, Grevenmacher est \u00e9galement un centre commercial qui doit vivre quotidiennement avec l\u2019important flux de frontaliers allemands qui traversent son territoire pour se rendre \u00e0 Luxembourg-Ville. Proposant les attraits de la ville et les joies de la campagne, la commune mosellane offre \u00e0 ses habitants et nombreux touristes la possibilit\u00e9 de go\u00fbter au \u00ab\u2009Miseler [&hellip;]<\/p>\n","protected":false},"author":17,"featured_media":12335,"comment_status":"closed","ping_status":"open","sticky":false,"template":"","format":"standard","meta":{"_acf_changed":false,"footnotes":""},"categories":[218],"tags":[],"class_list":["post-12333","post","type-post","status-publish","format-standard","has-post-thumbnail","hentry","category-villes"],"acf":[],"yoast_head":"<!-- This site is optimized with the Yoast SEO plugin v27.4 - https:\/\/yoast.com\/product\/yoast-seo-wordpress\/ -->\n<title>Zoom sur Grevenmacher - atHome Blog<\/title>\n<meta name=\"description\" content=\"Proposant les attraits de la ville et les joies de la campagne, Grevenmacher offre \u00e0 ses habitants et nombreux touristes la possibilit\u00e9 de go\u00fbter au \u00ab\u2009Miseler way of life\u2009\u00bb.\" \/>\n<meta name=\"robots\" content=\"index, follow, max-snippet:-1, max-image-preview:large, max-video-preview:-1\" \/>\n<link rel=\"canonical\" href=\"https:\/\/www.athome.lu\/blog\/de\/immobilien-markt\/stadte\/zoom-auf-grevenmacher\/\" \/>\n<meta property=\"og:locale\" content=\"de_DE\" \/>\n<meta property=\"og:type\" content=\"article\" \/>\n<meta property=\"og:title\" content=\"Zoom sur Grevenmacher - atHome Blog\" \/>\n<meta property=\"og:description\" content=\"Proposant les attraits de la ville et les joies de la campagne, Grevenmacher offre \u00e0 ses habitants et nombreux touristes la possibilit\u00e9 de go\u00fbter au \u00ab\u2009Miseler way of life\u2009\u00bb.\" \/>\n<meta property=\"og:url\" content=\"https:\/\/www.athome.lu\/blog\/de\/immobilien-markt\/stadte\/zoom-auf-grevenmacher\/\" \/>\n<meta property=\"og:site_name\" content=\"atHome Blog\" \/>\n<meta property=\"article:publisher\" content=\"https:\/\/www.facebook.com\/atHome.lu\/\" \/>\n<meta property=\"article:published_time\" content=\"2019-09-25T08:12:23+00:00\" \/>\n<meta property=\"article:modified_time\" content=\"2022-05-11T13:37:44+00:00\" \/>\n<meta property=\"og:image\" content=\"https:\/\/www.athome.lu\/blog\/wp-content\/uploads\/2019\/09\/GettyImages-593440211-1-1200.jpg\" \/>\n\t<meta property=\"og:image:width\" content=\"1200\" \/>\n\t<meta property=\"og:image:height\" content=\"800\" \/>\n\t<meta property=\"og:image:type\" content=\"image\/jpeg\" \/>\n<meta name=\"author\" content=\"Fanny Pimentel\" \/>\n<meta name=\"twitter:card\" content=\"summary_large_image\" \/>\n<meta name=\"twitter:creator\" content=\"@athomelu\" \/>\n<meta name=\"twitter:site\" content=\"@athomelu\" \/>\n<meta name=\"twitter:label1\" content=\"Verfasst von\" \/>\n\t<meta name=\"twitter:data1\" content=\"Fanny Pimentel\" \/>\n\t<meta name=\"twitter:label2\" content=\"Gesch\u00e4tzte Lesezeit\" \/>\n\t<meta name=\"twitter:data2\" content=\"5\u00a0Minuten\" \/>\n<script type=\"application\/ld+json\" class=\"yoast-schema-graph\">{\"@context\":\"https:\\\/\\\/schema.org\",\"@graph\":[{\"@type\":\"Article\",\"@id\":\"https:\\\/\\\/www.athome.lu\\\/blog\\\/marche-immobilier\\\/villes\\\/zoom-sur-grevenmacher\\\/#article\",\"isPartOf\":{\"@id\":\"https:\\\/\\\/www.athome.lu\\\/blog\\\/marche-immobilier\\\/villes\\\/zoom-sur-grevenmacher\\\/\"},\"author\":{\"name\":\"Fanny Pimentel\",\"@id\":\"https:\\\/\\\/www.athome.lu\\\/blog\\\/#\\\/schema\\\/person\\\/47f7a38089f837e792876ceddc4cb2dc\"},\"headline\":\"Zoom sur Grevenmacher\",\"datePublished\":\"2019-09-25T08:12:23+00:00\",\"dateModified\":\"2022-05-11T13:37:44+00:00\",\"mainEntityOfPage\":{\"@id\":\"https:\\\/\\\/www.athome.lu\\\/blog\\\/marche-immobilier\\\/villes\\\/zoom-sur-grevenmacher\\\/\"},\"wordCount\":974,\"image\":{\"@id\":\"https:\\\/\\\/www.athome.lu\\\/blog\\\/marche-immobilier\\\/villes\\\/zoom-sur-grevenmacher\\\/#primaryimage\"},\"thumbnailUrl\":\"https:\\\/\\\/www.athome.lu\\\/blog\\\/wp-content\\\/uploads\\\/2019\\\/09\\\/GettyImages-593440211-1-1200.jpg\",\"articleSection\":[\"Villes\"],\"inLanguage\":\"de\"},{\"@type\":\"WebPage\",\"@id\":\"https:\\\/\\\/www.athome.lu\\\/blog\\\/marche-immobilier\\\/villes\\\/zoom-sur-grevenmacher\\\/\",\"url\":\"https:\\\/\\\/www.athome.lu\\\/blog\\\/marche-immobilier\\\/villes\\\/zoom-sur-grevenmacher\\\/\",\"name\":\"Zoom sur Grevenmacher - atHome Blog\",\"isPartOf\":{\"@id\":\"https:\\\/\\\/www.athome.lu\\\/blog\\\/#website\"},\"primaryImageOfPage\":{\"@id\":\"https:\\\/\\\/www.athome.lu\\\/blog\\\/marche-immobilier\\\/villes\\\/zoom-sur-grevenmacher\\\/#primaryimage\"},\"image\":{\"@id\":\"https:\\\/\\\/www.athome.lu\\\/blog\\\/marche-immobilier\\\/villes\\\/zoom-sur-grevenmacher\\\/#primaryimage\"},\"thumbnailUrl\":\"https:\\\/\\\/www.athome.lu\\\/blog\\\/wp-content\\\/uploads\\\/2019\\\/09\\\/GettyImages-593440211-1-1200.jpg\",\"datePublished\":\"2019-09-25T08:12:23+00:00\",\"dateModified\":\"2022-05-11T13:37:44+00:00\",\"author\":{\"@id\":\"https:\\\/\\\/www.athome.lu\\\/blog\\\/#\\\/schema\\\/person\\\/47f7a38089f837e792876ceddc4cb2dc\"},\"description\":\"Proposant les attraits de la ville et les joies de la campagne, Grevenmacher offre \u00e0 ses habitants et nombreux touristes la possibilit\u00e9 de go\u00fbter au \u00ab\u2009Miseler way of life\u2009\u00bb.\",\"breadcrumb\":{\"@id\":\"https:\\\/\\\/www.athome.lu\\\/blog\\\/marche-immobilier\\\/villes\\\/zoom-sur-grevenmacher\\\/#breadcrumb\"},\"inLanguage\":\"de\",\"potentialAction\":[{\"@type\":\"ReadAction\",\"target\":[\"https:\\\/\\\/www.athome.lu\\\/blog\\\/marche-immobilier\\\/villes\\\/zoom-sur-grevenmacher\\\/\"]}]},{\"@type\":\"ImageObject\",\"inLanguage\":\"de\",\"@id\":\"https:\\\/\\\/www.athome.lu\\\/blog\\\/marche-immobilier\\\/villes\\\/zoom-sur-grevenmacher\\\/#primaryimage\",\"url\":\"https:\\\/\\\/www.athome.lu\\\/blog\\\/wp-content\\\/uploads\\\/2019\\\/09\\\/GettyImages-593440211-1-1200.jpg\",\"contentUrl\":\"https:\\\/\\\/www.athome.lu\\\/blog\\\/wp-content\\\/uploads\\\/2019\\\/09\\\/GettyImages-593440211-1-1200.jpg\",\"width\":1200,\"height\":800},{\"@type\":\"BreadcrumbList\",\"@id\":\"https:\\\/\\\/www.athome.lu\\\/blog\\\/marche-immobilier\\\/villes\\\/zoom-sur-grevenmacher\\\/#breadcrumb\",\"itemListElement\":[{\"@type\":\"ListItem\",\"position\":1,\"name\":\"Accueil\",\"item\":\"https:\\\/\\\/www.athome.lu\\\/blog\\\/\"},{\"@type\":\"ListItem\",\"position\":2,\"name\":\"March\u00e9 immobilier\",\"item\":\"https:\\\/\\\/www.athome.lu\\\/blog\\\/category\\\/marche-immobilier\\\/\"},{\"@type\":\"ListItem\",\"position\":3,\"name\":\"Villes\",\"item\":\"https:\\\/\\\/www.athome.lu\\\/blog\\\/category\\\/marche-immobilier\\\/villes\\\/\"},{\"@type\":\"ListItem\",\"position\":4,\"name\":\"Zoom sur Grevenmacher\"}]},{\"@type\":\"WebSite\",\"@id\":\"https:\\\/\\\/www.athome.lu\\\/blog\\\/#website\",\"url\":\"https:\\\/\\\/www.athome.lu\\\/blog\\\/\",\"name\":\"atHome Blog\",\"description\":\"Annonces immobili\u00e8res au Luxembourg. Le portail immobilier n\u00b01 au Luxembourg.\",\"potentialAction\":[{\"@type\":\"SearchAction\",\"target\":{\"@type\":\"EntryPoint\",\"urlTemplate\":\"https:\\\/\\\/www.athome.lu\\\/blog\\\/?s={search_term_string}\"},\"query-input\":{\"@type\":\"PropertyValueSpecification\",\"valueRequired\":true,\"valueName\":\"search_term_string\"}}],\"inLanguage\":\"de\"},{\"@type\":\"Person\",\"@id\":\"https:\\\/\\\/www.athome.lu\\\/blog\\\/#\\\/schema\\\/person\\\/47f7a38089f837e792876ceddc4cb2dc\",\"name\":\"Fanny Pimentel\",\"image\":{\"@type\":\"ImageObject\",\"inLanguage\":\"de\",\"@id\":\"https:\\\/\\\/secure.gravatar.com\\\/avatar\\\/c60b27b93851dc9503f9cc9150e73dcb0a86ba6150657e5e4b11d988400bc633?s=96&d=mm&r=g\",\"url\":\"https:\\\/\\\/secure.gravatar.com\\\/avatar\\\/c60b27b93851dc9503f9cc9150e73dcb0a86ba6150657e5e4b11d988400bc633?s=96&d=mm&r=g\",\"contentUrl\":\"https:\\\/\\\/secure.gravatar.com\\\/avatar\\\/c60b27b93851dc9503f9cc9150e73dcb0a86ba6150657e5e4b11d988400bc633?s=96&d=mm&r=g\",\"caption\":\"Fanny Pimentel\"}}]}<\/script>\n<!-- \/ Yoast SEO plugin. -->","yoast_head_json":{"title":"Zoom auf Grevenmacher - atHome Blog","description":"Grevenmacher bietet seinen Einwohnern und vielen Touristen die M\u00f6glichkeit, den \"Miseler way of life\" zu erleben.","robots":{"index":"index","follow":"follow","max-snippet":"max-snippet:-1","max-image-preview":"max-image-preview:large","max-video-preview":"max-video-preview:-1"},"canonical":"https:\/\/www.athome.lu\/blog\/de\/immobilien-markt\/stadte\/zoom-auf-grevenmacher\/","og_locale":"de_DE","og_type":"article","og_title":"Zoom sur Grevenmacher - atHome Blog","og_description":"Proposant les attraits de la ville et les joies de la campagne, Grevenmacher offre \u00e0 ses habitants et nombreux touristes la possibilit\u00e9 de go\u00fbter au \u00ab\u2009Miseler way of life\u2009\u00bb.","og_url":"https:\/\/www.athome.lu\/blog\/de\/immobilien-markt\/stadte\/zoom-auf-grevenmacher\/","og_site_name":"atHome Blog","article_publisher":"https:\/\/www.facebook.com\/atHome.lu\/","article_published_time":"2019-09-25T08:12:23+00:00","article_modified_time":"2022-05-11T13:37:44+00:00","og_image":[{"width":1200,"height":800,"url":"https:\/\/www.athome.lu\/blog\/wp-content\/uploads\/2019\/09\/GettyImages-593440211-1-1200.jpg","type":"image\/jpeg"}],"author":"Fanny Pimentel","twitter_card":"summary_large_image","twitter_creator":"@athomelu","twitter_site":"@athomelu","twitter_misc":{"Verfasst von":"Fanny Pimentel","Gesch\u00e4tzte Lesezeit":"5\u00a0Minuten"},"schema":{"@context":"https:\/\/schema.org","@graph":[{"@type":"Article","@id":"https:\/\/www.athome.lu\/blog\/marche-immobilier\/villes\/zoom-sur-grevenmacher\/#article","isPartOf":{"@id":"https:\/\/www.athome.lu\/blog\/marche-immobilier\/villes\/zoom-sur-grevenmacher\/"},"author":{"name":"Fanny Pimentel","@id":"https:\/\/www.athome.lu\/blog\/#\/schema\/person\/47f7a38089f837e792876ceddc4cb2dc"},"headline":"Zoom sur Grevenmacher","datePublished":"2019-09-25T08:12:23+00:00","dateModified":"2022-05-11T13:37:44+00:00","mainEntityOfPage":{"@id":"https:\/\/www.athome.lu\/blog\/marche-immobilier\/villes\/zoom-sur-grevenmacher\/"},"wordCount":974,"image":{"@id":"https:\/\/www.athome.lu\/blog\/marche-immobilier\/villes\/zoom-sur-grevenmacher\/#primaryimage"},"thumbnailUrl":"https:\/\/www.athome.lu\/blog\/wp-content\/uploads\/2019\/09\/GettyImages-593440211-1-1200.jpg","articleSection":["Villes"],"inLanguage":"de"},{"@type":"WebPage","@id":"https:\/\/www.athome.lu\/blog\/marche-immobilier\/villes\/zoom-sur-grevenmacher\/","url":"https:\/\/www.athome.lu\/blog\/marche-immobilier\/villes\/zoom-sur-grevenmacher\/","name":"Zoom auf Grevenmacher - atHome Blog","isPartOf":{"@id":"https:\/\/www.athome.lu\/blog\/#website"},"primaryImageOfPage":{"@id":"https:\/\/www.athome.lu\/blog\/marche-immobilier\/villes\/zoom-sur-grevenmacher\/#primaryimage"},"image":{"@id":"https:\/\/www.athome.lu\/blog\/marche-immobilier\/villes\/zoom-sur-grevenmacher\/#primaryimage"},"thumbnailUrl":"https:\/\/www.athome.lu\/blog\/wp-content\/uploads\/2019\/09\/GettyImages-593440211-1-1200.jpg","datePublished":"2019-09-25T08:12:23+00:00","dateModified":"2022-05-11T13:37:44+00:00","author":{"@id":"https:\/\/www.athome.lu\/blog\/#\/schema\/person\/47f7a38089f837e792876ceddc4cb2dc"},"description":"Grevenmacher bietet seinen Einwohnern und vielen Touristen die M\u00f6glichkeit, den \"Miseler way of life\" zu erleben.","breadcrumb":{"@id":"https:\/\/www.athome.lu\/blog\/marche-immobilier\/villes\/zoom-sur-grevenmacher\/#breadcrumb"},"inLanguage":"de","potentialAction":[{"@type":"ReadAction","target":["https:\/\/www.athome.lu\/blog\/marche-immobilier\/villes\/zoom-sur-grevenmacher\/"]}]},{"@type":"ImageObject","inLanguage":"de","@id":"https:\/\/www.athome.lu\/blog\/marche-immobilier\/villes\/zoom-sur-grevenmacher\/#primaryimage","url":"https:\/\/www.athome.lu\/blog\/wp-content\/uploads\/2019\/09\/GettyImages-593440211-1-1200.jpg","contentUrl":"https:\/\/www.athome.lu\/blog\/wp-content\/uploads\/2019\/09\/GettyImages-593440211-1-1200.jpg","width":1200,"height":800},{"@type":"BreadcrumbList","@id":"https:\/\/www.athome.lu\/blog\/marche-immobilier\/villes\/zoom-sur-grevenmacher\/#breadcrumb","itemListElement":[{"@type":"ListItem","position":1,"name":"Accueil","item":"https:\/\/www.athome.lu\/blog\/"},{"@type":"ListItem","position":2,"name":"March\u00e9 immobilier","item":"https:\/\/www.athome.lu\/blog\/category\/marche-immobilier\/"},{"@type":"ListItem","position":3,"name":"Villes","item":"https:\/\/www.athome.lu\/blog\/category\/marche-immobilier\/villes\/"},{"@type":"ListItem","position":4,"name":"Zoom sur Grevenmacher"}]},{"@type":"WebSite","@id":"https:\/\/www.athome.lu\/blog\/#website","url":"https:\/\/www.athome.lu\/blog\/","name":"atHome Blog","description":"Immobilienanzeigen in Luxemburg. Das Immobilienportal Nr. 1 in Luxemburg.","potentialAction":[{"@type":"SearchAction","target":{"@type":"EntryPoint","urlTemplate":"https:\/\/www.athome.lu\/blog\/?s={search_term_string}"},"query-input":{"@type":"PropertyValueSpecification","valueRequired":true,"valueName":"search_term_string"}}],"inLanguage":"de"},{"@type":"Person","@id":"https:\/\/www.athome.lu\/blog\/#\/schema\/person\/47f7a38089f837e792876ceddc4cb2dc","name":"Fanny Pimentel","image":{"@type":"ImageObject","inLanguage":"de","@id":"https:\/\/secure.gravatar.com\/avatar\/c60b27b93851dc9503f9cc9150e73dcb0a86ba6150657e5e4b11d988400bc633?s=96&d=mm&r=g","url":"https:\/\/secure.gravatar.com\/avatar\/c60b27b93851dc9503f9cc9150e73dcb0a86ba6150657e5e4b11d988400bc633?s=96&d=mm&r=g","contentUrl":"https:\/\/secure.gravatar.com\/avatar\/c60b27b93851dc9503f9cc9150e73dcb0a86ba6150657e5e4b11d988400bc633?s=96&d=mm&r=g","caption":"Fanny Pimentel"}}]}},"featured_media_src_url":"https:\/\/www.athome.lu\/blog\/wp-content\/uploads\/2019\/09\/GettyImages-593440211-1-1200-1024x683.jpg","_links":{"self":[{"href":"https:\/\/www.athome.lu\/blog\/de\/wp-json\/wp\/v2\/posts\/12333","targetHints":{"allow":["GET"]}}],"collection":[{"href":"https:\/\/www.athome.lu\/blog\/de\/wp-json\/wp\/v2\/posts"}],"about":[{"href":"https:\/\/www.athome.lu\/blog\/de\/wp-json\/wp\/v2\/types\/post"}],"author":[{"embeddable":true,"href":"https:\/\/www.athome.lu\/blog\/de\/wp-json\/wp\/v2\/users\/17"}],"replies":[{"embeddable":true,"href":"https:\/\/www.athome.lu\/blog\/de\/wp-json\/wp\/v2\/comments?post=12333"}],"version-history":[{"count":2,"href":"https:\/\/www.athome.lu\/blog\/de\/wp-json\/wp\/v2\/posts\/12333\/revisions"}],"predecessor-version":[{"id":15031,"href":"https:\/\/www.athome.lu\/blog\/de\/wp-json\/wp\/v2\/posts\/12333\/revisions\/15031"}],"wp:featuredmedia":[{"embeddable":true,"href":"https:\/\/www.athome.lu\/blog\/de\/wp-json\/wp\/v2\/media\/12335"}],"wp:attachment":[{"href":"https:\/\/www.athome.lu\/blog\/de\/wp-json\/wp\/v2\/media?parent=12333"}],"wp:term":[{"taxonomy":"category","embeddable":true,"href":"https:\/\/www.athome.lu\/blog\/de\/wp-json\/wp\/v2\/categories?post=12333"},{"taxonomy":"post_tag","embeddable":true,"href":"https:\/\/www.athome.lu\/blog\/de\/wp-json\/wp\/v2\/tags?post=12333"}],"curies":[{"name":"wp","href":"https:\/\/api.w.org\/{rel}","templated":true}]}}