{"id":12419,"date":"2019-10-16T12:55:10","date_gmt":"2019-10-16T11:55:10","guid":{"rendered":"https:\/\/www.athome.lu\/blog\/?p=12419"},"modified":"2022-05-11T15:11:45","modified_gmt":"2022-05-11T13:11:45","slug":"der-immobilienmarkt-in-lest-du-luxembourg","status":"publish","type":"post","link":"https:\/\/www.athome.lu\/blog\/de\/marche-immobilier\/prix\/le-marche-immobilier-dans-lest-du-luxembourg\/","title":{"rendered":"Der Immobilienmarkt in Ostluxemburg"},"content":{"rendered":"<p><span style=\"color: #000000;\">W\u00e4hrend die Immobilienpreise im Zentrum des Landes, insbesondere in der Hauptstadt, alle Rekorde brechen, kann man auch f\u00fcr ein geringeres Budget wohnen, wenn man sich von Luxemburg-Stadt entfernt. Dies ist insbesondere dann der Fall, wenn man sich f\u00fcr einen Umzug in eine andere Region des Landes entscheidet. Heute m\u00f6chten wir Ihnen einen Blick auf den Immobilienmarkt in Richtung Osten werfen.<\/span><\/p>\n\n\n\n<h2 class=\"wp-block-heading\"><span style=\"color: #000000;\"><strong>Welcher Trend f\u00fcr Immobilien im Osten?<\/strong><\/span><\/h2>\n\n\n\n<p><span style=\"color: #000000;\">Im Osten des Landes entwickelten sich die Immobilienpreise in den letzten sechs Monaten moderat, nachdem sie im vorangegangenen Halbjahr stark angestiegen waren. Damals waren die Preise um +8% gestiegen.<\/span><\/p>\n\n\n\n<p><span style=\"color: #000000;\">Heute liegt das durchschnittliche Budget bei 454.338 Euro f\u00fcr eine Wohnung und 791.634 Euro f\u00fcr ein Haus. Insgesamt n\u00e4hern sich die praktizierten Preise dem nationalen Durchschnitt an, sind aber dennoch 6% niedriger.<\/span><\/p>\n\n\n\n<p><span style=\"color: #000000;\">Was das Mieten angeht, so sind die Mietpreise im Osten des Gro\u00dfherzogtums \"g\u00fcnstig\". F\u00fcr eine Wohnung muss man durchschnittlich 1.215 Euro Miete zahlen und f\u00fcr ein Haus bel\u00e4uft sich der Preis auf 2.350 Euro\/Monat.<\/span><\/p>\n\n\n\n<h2 class=\"wp-block-heading\"><span style=\"color: #000000;\"><strong>Die Preise f\u00fcr Wohnungen in Ostluxemburg<\/strong><\/span><\/h2>\n\n\n\n<p><span style=\"color: #000000;\">Im September 2019 lag der durchschnittliche Preis f\u00fcr eine Wohnung im Osten des Landes bei 454.338 Euro, was einem Anstieg von 3% in den letzten 6 Monaten entspricht.<\/span><\/p>\n\n\n\n<p><span style=\"color: #000000;\">In dieser Region machen Wohnungen nur ein Drittel des Angebots aus und werden f\u00fcr rund 5.328 \u20ac \/m2 verkauft.<\/span><\/p>\n\n\n\n<blockquote class=\"wp-block-quote is-layout-flow wp-block-quote-is-layout-flow\"><p><span style=\"color: #000000;\">48% der in der Region zum Verkauf stehenden Wohnungen sind 2-Zimmer-Wohnungen mit einer durchschnittlichen Gr\u00f6\u00dfe von 90 m2<\/span><\/p><\/blockquote>\n\n\n\n<p><span style=\"color: #000000;\">Im Osten des Gro\u00dfherzogtums ist Grevenmacher die Gemeinde, die von den Internetnutzern auf atHome.lu am h\u00e4ufigsten gesucht wird, gefolgt von Echternach und Mondorf-les-Bains.<\/span><\/p>\n\n\n\n<h2 class=\"wp-block-heading\"><span style=\"color: #000000;\"><strong>Hauspreise in Ostluxemburg<\/strong><\/span><\/h2>\n\n\n\n<p><span style=\"color: #000000;\">Die Preise f\u00fcr H\u00e4user sind im vergangenen Halbjahr im Osten Luxemburgs um 4% gestiegen. Heute betr\u00e4gt das durchschnittliche Budget f\u00fcr den Erwerb dieser Art von Immobilien 791.634 Euro oder 4.207 \u20ac\/m2.<\/span><\/p>\n\n\n\n<blockquote class=\"wp-block-quote is-layout-flow wp-block-quote-is-layout-flow\"><p><span style=\"color: #000000;\">In dieser Region sind die H\u00e4user gro\u00df, im Durchschnitt 193 m2. Sie eignen sich gut f\u00fcr Familien&nbsp;<\/span><\/p><\/blockquote>\n\n\n\n<p><span style=\"color: #000000;\">Wenn man sich die Preise genauer ansieht, stellt man fest, dass Mondorf-les-Bains mit einem Quadratmeterpreis von 6.176 Euro die teuerste Gemeinde in dieser Region ist.<\/span><\/p>\n\n\n\n<p><span style=\"color: #000000;\">In dieser Region ist das Immobilienangebot eher gering, vor allem was den Verkauf von Immobilien betrifft. Es gibt jedoch immer noch gute Investitionsm\u00f6glichkeiten, sei es im Altbau oder im Neubau.<\/span><\/p>\n\n\n<section id=\"section-3-14695\" class=\"ct-section\" ><div class=\"ct-section-inner-wrap\"><div id=\"div_block-4-14695\" class=\"ct-div-block\" ><div id=\"new_columns-7-14695\" class=\"ct-new-columns\" ><div id=\"div_block-8-14695\" class=\"ct-div-block\" ><div id=\"div_block-14-14695\" class=\"ct-div-block\" ><\/div><\/div><div id=\"div_block-9-14695\" class=\"ct-div-block\" ><h1 id=\"headline-11-14695\" class=\"ct-headline\">Wie hoch sind die Immobilienpreise derzeit?<\/h1><div id=\"text_block-12-14695\" class=\"ct-text-block\" >Die Preise verlangsamen sich. Die Zinss\u00e4tze steigen. Welche Trends sind in den kommenden Monaten zu erwarten?<\/div><a id=\"link_button-13-14695\" class=\"ct-link-button\" href=\"https:\/\/www.athome.lu\/blog\/blog\/marche-immobilier\/prix\/tendances-2022\/\" target=\"_blank\"  >Analyse lesen<\/a><\/div><\/div><\/div><\/div><\/section>","protected":false},"excerpt":{"rendered":"<p>Si les prix immobiliers battent tous les records dans le centre du pays et plus particuli\u00e8rement dans la capitale, il est possible de se loger pour un budget inf\u00e9rieur en s\u2019\u00e9loignant de Luxembourg-ville. C\u2019est notamment le cas en choisissant de s\u2019installer dans une autre r\u00e9gion du pays. Aujourd\u2019hui, nous vous proposons de mettre le cap [&hellip;]<\/p>\n","protected":false},"author":17,"featured_media":12421,"comment_status":"closed","ping_status":"open","sticky":false,"template":"","format":"standard","meta":{"_acf_changed":false,"footnotes":""},"categories":[219],"tags":[30,97,32],"class_list":["post-12419","post","type-post","status-publish","format-standard","has-post-thumbnail","hentry","category-prix","tag-achat","tag-est","tag-prix"],"acf":[],"yoast_head":"<!-- This site is optimized with the Yoast SEO plugin v27.4 - https:\/\/yoast.com\/product\/yoast-seo-wordpress\/ -->\n<title>Le march\u00e9 immobilier dans l&#039;Est du Luxembourg - atHome Blog<\/title>\n<meta name=\"description\" content=\"Dans l\u2019Est du pays, les prix immobiliers ont \u00e9volu\u00e9 de mani\u00e8re mod\u00e9r\u00e9e au cours des 6 derniers \u25b7 Le point sur le march\u00e9 immobilier dans l&#039;Est du Luxembourg\" \/>\n<meta name=\"robots\" content=\"index, follow, max-snippet:-1, max-image-preview:large, max-video-preview:-1\" \/>\n<link rel=\"canonical\" href=\"https:\/\/www.athome.lu\/blog\/de\/immobilien-markt\/preis\/der-immobilienmarkt-in-lest-du-luxembourg\/\" \/>\n<meta property=\"og:locale\" content=\"de_DE\" \/>\n<meta property=\"og:type\" content=\"article\" \/>\n<meta property=\"og:title\" content=\"Le march\u00e9 immobilier dans l&#039;Est du Luxembourg - atHome Blog\" \/>\n<meta property=\"og:description\" content=\"Dans l\u2019Est du pays, les prix immobiliers ont \u00e9volu\u00e9 de mani\u00e8re mod\u00e9r\u00e9e au cours des 6 derniers \u25b7 Le point sur le march\u00e9 immobilier dans l&#039;Est du Luxembourg\" \/>\n<meta property=\"og:url\" content=\"https:\/\/www.athome.lu\/blog\/de\/immobilien-markt\/preis\/der-immobilienmarkt-in-lest-du-luxembourg\/\" \/>\n<meta property=\"og:site_name\" content=\"atHome Blog\" \/>\n<meta property=\"article:publisher\" content=\"https:\/\/www.facebook.com\/atHome.lu\/\" \/>\n<meta property=\"article:published_time\" content=\"2019-10-16T11:55:10+00:00\" \/>\n<meta property=\"article:modified_time\" content=\"2022-05-11T13:11:45+00:00\" \/>\n<meta property=\"og:image\" content=\"https:\/\/www.athome.lu\/blog\/wp-content\/uploads\/2019\/10\/remich2-1200.jpg\" \/>\n\t<meta property=\"og:image:width\" content=\"1200\" \/>\n\t<meta property=\"og:image:height\" content=\"800\" \/>\n\t<meta property=\"og:image:type\" content=\"image\/jpeg\" \/>\n<meta name=\"author\" content=\"Fanny Pimentel\" \/>\n<meta name=\"twitter:card\" content=\"summary_large_image\" \/>\n<meta name=\"twitter:creator\" content=\"@athomelu\" \/>\n<meta name=\"twitter:site\" content=\"@athomelu\" \/>\n<meta name=\"twitter:label1\" content=\"Verfasst von\" \/>\n\t<meta name=\"twitter:data1\" content=\"Fanny Pimentel\" \/>\n\t<meta name=\"twitter:label2\" content=\"Gesch\u00e4tzte Lesezeit\" \/>\n\t<meta name=\"twitter:data2\" content=\"3\u00a0Minuten\" \/>\n<script type=\"application\/ld+json\" class=\"yoast-schema-graph\">{\"@context\":\"https:\\\/\\\/schema.org\",\"@graph\":[{\"@type\":\"Article\",\"@id\":\"https:\\\/\\\/www.athome.lu\\\/blog\\\/marche-immobilier\\\/prix\\\/le-marche-immobilier-dans-lest-du-luxembourg\\\/#article\",\"isPartOf\":{\"@id\":\"https:\\\/\\\/www.athome.lu\\\/blog\\\/marche-immobilier\\\/prix\\\/le-marche-immobilier-dans-lest-du-luxembourg\\\/\"},\"author\":{\"name\":\"Fanny Pimentel\",\"@id\":\"https:\\\/\\\/www.athome.lu\\\/blog\\\/#\\\/schema\\\/person\\\/47f7a38089f837e792876ceddc4cb2dc\"},\"headline\":\"Le march\u00e9 immobilier dans l'Est du Luxembourg\",\"datePublished\":\"2019-10-16T11:55:10+00:00\",\"dateModified\":\"2022-05-11T13:11:45+00:00\",\"mainEntityOfPage\":{\"@id\":\"https:\\\/\\\/www.athome.lu\\\/blog\\\/marche-immobilier\\\/prix\\\/le-marche-immobilier-dans-lest-du-luxembourg\\\/\"},\"wordCount\":430,\"image\":{\"@id\":\"https:\\\/\\\/www.athome.lu\\\/blog\\\/marche-immobilier\\\/prix\\\/le-marche-immobilier-dans-lest-du-luxembourg\\\/#primaryimage\"},\"thumbnailUrl\":\"https:\\\/\\\/www.athome.lu\\\/blog\\\/wp-content\\\/uploads\\\/2019\\\/10\\\/remich2-1200.jpg\",\"keywords\":[\"Achat\",\"Est\",\"Prix\"],\"articleSection\":[\"Prix\"],\"inLanguage\":\"de\"},{\"@type\":\"WebPage\",\"@id\":\"https:\\\/\\\/www.athome.lu\\\/blog\\\/marche-immobilier\\\/prix\\\/le-marche-immobilier-dans-lest-du-luxembourg\\\/\",\"url\":\"https:\\\/\\\/www.athome.lu\\\/blog\\\/marche-immobilier\\\/prix\\\/le-marche-immobilier-dans-lest-du-luxembourg\\\/\",\"name\":\"Le march\u00e9 immobilier dans l'Est du Luxembourg - atHome Blog\",\"isPartOf\":{\"@id\":\"https:\\\/\\\/www.athome.lu\\\/blog\\\/#website\"},\"primaryImageOfPage\":{\"@id\":\"https:\\\/\\\/www.athome.lu\\\/blog\\\/marche-immobilier\\\/prix\\\/le-marche-immobilier-dans-lest-du-luxembourg\\\/#primaryimage\"},\"image\":{\"@id\":\"https:\\\/\\\/www.athome.lu\\\/blog\\\/marche-immobilier\\\/prix\\\/le-marche-immobilier-dans-lest-du-luxembourg\\\/#primaryimage\"},\"thumbnailUrl\":\"https:\\\/\\\/www.athome.lu\\\/blog\\\/wp-content\\\/uploads\\\/2019\\\/10\\\/remich2-1200.jpg\",\"datePublished\":\"2019-10-16T11:55:10+00:00\",\"dateModified\":\"2022-05-11T13:11:45+00:00\",\"author\":{\"@id\":\"https:\\\/\\\/www.athome.lu\\\/blog\\\/#\\\/schema\\\/person\\\/47f7a38089f837e792876ceddc4cb2dc\"},\"description\":\"Dans l\u2019Est du pays, les prix immobiliers ont \u00e9volu\u00e9 de mani\u00e8re mod\u00e9r\u00e9e au cours des 6 derniers \u25b7 Le point sur le march\u00e9 immobilier dans l'Est du Luxembourg\",\"breadcrumb\":{\"@id\":\"https:\\\/\\\/www.athome.lu\\\/blog\\\/marche-immobilier\\\/prix\\\/le-marche-immobilier-dans-lest-du-luxembourg\\\/#breadcrumb\"},\"inLanguage\":\"de\",\"potentialAction\":[{\"@type\":\"ReadAction\",\"target\":[\"https:\\\/\\\/www.athome.lu\\\/blog\\\/marche-immobilier\\\/prix\\\/le-marche-immobilier-dans-lest-du-luxembourg\\\/\"]}]},{\"@type\":\"ImageObject\",\"inLanguage\":\"de\",\"@id\":\"https:\\\/\\\/www.athome.lu\\\/blog\\\/marche-immobilier\\\/prix\\\/le-marche-immobilier-dans-lest-du-luxembourg\\\/#primaryimage\",\"url\":\"https:\\\/\\\/www.athome.lu\\\/blog\\\/wp-content\\\/uploads\\\/2019\\\/10\\\/remich2-1200.jpg\",\"contentUrl\":\"https:\\\/\\\/www.athome.lu\\\/blog\\\/wp-content\\\/uploads\\\/2019\\\/10\\\/remich2-1200.jpg\",\"width\":1200,\"height\":800,\"caption\":\"Luxembourg : le march\u00e9 immobilier dans l'Est\"},{\"@type\":\"BreadcrumbList\",\"@id\":\"https:\\\/\\\/www.athome.lu\\\/blog\\\/marche-immobilier\\\/prix\\\/le-marche-immobilier-dans-lest-du-luxembourg\\\/#breadcrumb\",\"itemListElement\":[{\"@type\":\"ListItem\",\"position\":1,\"name\":\"Accueil\",\"item\":\"https:\\\/\\\/www.athome.lu\\\/blog\\\/\"},{\"@type\":\"ListItem\",\"position\":2,\"name\":\"March\u00e9 immobilier\",\"item\":\"https:\\\/\\\/www.athome.lu\\\/blog\\\/category\\\/marche-immobilier\\\/\"},{\"@type\":\"ListItem\",\"position\":3,\"name\":\"Prix\",\"item\":\"https:\\\/\\\/www.athome.lu\\\/blog\\\/category\\\/marche-immobilier\\\/prix\\\/\"},{\"@type\":\"ListItem\",\"position\":4,\"name\":\"Le march\u00e9 immobilier dans l'Est du Luxembourg\"}]},{\"@type\":\"WebSite\",\"@id\":\"https:\\\/\\\/www.athome.lu\\\/blog\\\/#website\",\"url\":\"https:\\\/\\\/www.athome.lu\\\/blog\\\/\",\"name\":\"atHome Blog\",\"description\":\"Annonces immobili\u00e8res au Luxembourg. Le portail immobilier n\u00b01 au Luxembourg.\",\"potentialAction\":[{\"@type\":\"SearchAction\",\"target\":{\"@type\":\"EntryPoint\",\"urlTemplate\":\"https:\\\/\\\/www.athome.lu\\\/blog\\\/?s={search_term_string}\"},\"query-input\":{\"@type\":\"PropertyValueSpecification\",\"valueRequired\":true,\"valueName\":\"search_term_string\"}}],\"inLanguage\":\"de\"},{\"@type\":\"Person\",\"@id\":\"https:\\\/\\\/www.athome.lu\\\/blog\\\/#\\\/schema\\\/person\\\/47f7a38089f837e792876ceddc4cb2dc\",\"name\":\"Fanny Pimentel\",\"image\":{\"@type\":\"ImageObject\",\"inLanguage\":\"de\",\"@id\":\"https:\\\/\\\/secure.gravatar.com\\\/avatar\\\/c60b27b93851dc9503f9cc9150e73dcb0a86ba6150657e5e4b11d988400bc633?s=96&d=mm&r=g\",\"url\":\"https:\\\/\\\/secure.gravatar.com\\\/avatar\\\/c60b27b93851dc9503f9cc9150e73dcb0a86ba6150657e5e4b11d988400bc633?s=96&d=mm&r=g\",\"contentUrl\":\"https:\\\/\\\/secure.gravatar.com\\\/avatar\\\/c60b27b93851dc9503f9cc9150e73dcb0a86ba6150657e5e4b11d988400bc633?s=96&d=mm&r=g\",\"caption\":\"Fanny Pimentel\"}}]}<\/script>\n<!-- \/ Yoast SEO plugin. -->","yoast_head_json":{"title":"Der Immobilienmarkt in Ostluxemburg - atHome Blog","description":"Im Osten des Landes haben sich die Immobilienpreise in den letzten 6 Jahren moderat entwickelt \u25b7 Der aktuelle Stand auf dem Immobilienmarkt im Osten Luxemburgs","robots":{"index":"index","follow":"follow","max-snippet":"max-snippet:-1","max-image-preview":"max-image-preview:large","max-video-preview":"max-video-preview:-1"},"canonical":"https:\/\/www.athome.lu\/blog\/de\/immobilien-markt\/preis\/der-immobilienmarkt-in-lest-du-luxembourg\/","og_locale":"de_DE","og_type":"article","og_title":"Le march\u00e9 immobilier dans l'Est du Luxembourg - atHome Blog","og_description":"Dans l\u2019Est du pays, les prix immobiliers ont \u00e9volu\u00e9 de mani\u00e8re mod\u00e9r\u00e9e au cours des 6 derniers \u25b7 Le point sur le march\u00e9 immobilier dans l'Est du Luxembourg","og_url":"https:\/\/www.athome.lu\/blog\/de\/immobilien-markt\/preis\/der-immobilienmarkt-in-lest-du-luxembourg\/","og_site_name":"atHome Blog","article_publisher":"https:\/\/www.facebook.com\/atHome.lu\/","article_published_time":"2019-10-16T11:55:10+00:00","article_modified_time":"2022-05-11T13:11:45+00:00","og_image":[{"width":1200,"height":800,"url":"https:\/\/www.athome.lu\/blog\/wp-content\/uploads\/2019\/10\/remich2-1200.jpg","type":"image\/jpeg"}],"author":"Fanny Pimentel","twitter_card":"summary_large_image","twitter_creator":"@athomelu","twitter_site":"@athomelu","twitter_misc":{"Verfasst von":"Fanny Pimentel","Gesch\u00e4tzte Lesezeit":"3\u00a0Minuten"},"schema":{"@context":"https:\/\/schema.org","@graph":[{"@type":"Article","@id":"https:\/\/www.athome.lu\/blog\/marche-immobilier\/prix\/le-marche-immobilier-dans-lest-du-luxembourg\/#article","isPartOf":{"@id":"https:\/\/www.athome.lu\/blog\/marche-immobilier\/prix\/le-marche-immobilier-dans-lest-du-luxembourg\/"},"author":{"name":"Fanny Pimentel","@id":"https:\/\/www.athome.lu\/blog\/#\/schema\/person\/47f7a38089f837e792876ceddc4cb2dc"},"headline":"Le march\u00e9 immobilier dans l'Est du Luxembourg","datePublished":"2019-10-16T11:55:10+00:00","dateModified":"2022-05-11T13:11:45+00:00","mainEntityOfPage":{"@id":"https:\/\/www.athome.lu\/blog\/marche-immobilier\/prix\/le-marche-immobilier-dans-lest-du-luxembourg\/"},"wordCount":430,"image":{"@id":"https:\/\/www.athome.lu\/blog\/marche-immobilier\/prix\/le-marche-immobilier-dans-lest-du-luxembourg\/#primaryimage"},"thumbnailUrl":"https:\/\/www.athome.lu\/blog\/wp-content\/uploads\/2019\/10\/remich2-1200.jpg","keywords":["Achat","Est","Prix"],"articleSection":["Prix"],"inLanguage":"de"},{"@type":"WebPage","@id":"https:\/\/www.athome.lu\/blog\/marche-immobilier\/prix\/le-marche-immobilier-dans-lest-du-luxembourg\/","url":"https:\/\/www.athome.lu\/blog\/marche-immobilier\/prix\/le-marche-immobilier-dans-lest-du-luxembourg\/","name":"Der Immobilienmarkt in Ostluxemburg - atHome Blog","isPartOf":{"@id":"https:\/\/www.athome.lu\/blog\/#website"},"primaryImageOfPage":{"@id":"https:\/\/www.athome.lu\/blog\/marche-immobilier\/prix\/le-marche-immobilier-dans-lest-du-luxembourg\/#primaryimage"},"image":{"@id":"https:\/\/www.athome.lu\/blog\/marche-immobilier\/prix\/le-marche-immobilier-dans-lest-du-luxembourg\/#primaryimage"},"thumbnailUrl":"https:\/\/www.athome.lu\/blog\/wp-content\/uploads\/2019\/10\/remich2-1200.jpg","datePublished":"2019-10-16T11:55:10+00:00","dateModified":"2022-05-11T13:11:45+00:00","author":{"@id":"https:\/\/www.athome.lu\/blog\/#\/schema\/person\/47f7a38089f837e792876ceddc4cb2dc"},"description":"Im Osten des Landes haben sich die Immobilienpreise in den letzten 6 Jahren moderat entwickelt \u25b7 Der aktuelle Stand auf dem Immobilienmarkt im Osten Luxemburgs","breadcrumb":{"@id":"https:\/\/www.athome.lu\/blog\/marche-immobilier\/prix\/le-marche-immobilier-dans-lest-du-luxembourg\/#breadcrumb"},"inLanguage":"de","potentialAction":[{"@type":"ReadAction","target":["https:\/\/www.athome.lu\/blog\/marche-immobilier\/prix\/le-marche-immobilier-dans-lest-du-luxembourg\/"]}]},{"@type":"ImageObject","inLanguage":"de","@id":"https:\/\/www.athome.lu\/blog\/marche-immobilier\/prix\/le-marche-immobilier-dans-lest-du-luxembourg\/#primaryimage","url":"https:\/\/www.athome.lu\/blog\/wp-content\/uploads\/2019\/10\/remich2-1200.jpg","contentUrl":"https:\/\/www.athome.lu\/blog\/wp-content\/uploads\/2019\/10\/remich2-1200.jpg","width":1200,"height":800,"caption":"Luxembourg : le march\u00e9 immobilier dans l'Est"},{"@type":"BreadcrumbList","@id":"https:\/\/www.athome.lu\/blog\/marche-immobilier\/prix\/le-marche-immobilier-dans-lest-du-luxembourg\/#breadcrumb","itemListElement":[{"@type":"ListItem","position":1,"name":"Accueil","item":"https:\/\/www.athome.lu\/blog\/"},{"@type":"ListItem","position":2,"name":"March\u00e9 immobilier","item":"https:\/\/www.athome.lu\/blog\/category\/marche-immobilier\/"},{"@type":"ListItem","position":3,"name":"Prix","item":"https:\/\/www.athome.lu\/blog\/category\/marche-immobilier\/prix\/"},{"@type":"ListItem","position":4,"name":"Le march\u00e9 immobilier dans l'Est du Luxembourg"}]},{"@type":"WebSite","@id":"https:\/\/www.athome.lu\/blog\/#website","url":"https:\/\/www.athome.lu\/blog\/","name":"atHome Blog","description":"Immobilienanzeigen in Luxemburg. Das Immobilienportal Nr. 1 in Luxemburg.","potentialAction":[{"@type":"SearchAction","target":{"@type":"EntryPoint","urlTemplate":"https:\/\/www.athome.lu\/blog\/?s={search_term_string}"},"query-input":{"@type":"PropertyValueSpecification","valueRequired":true,"valueName":"search_term_string"}}],"inLanguage":"de"},{"@type":"Person","@id":"https:\/\/www.athome.lu\/blog\/#\/schema\/person\/47f7a38089f837e792876ceddc4cb2dc","name":"Fanny Pimentel","image":{"@type":"ImageObject","inLanguage":"de","@id":"https:\/\/secure.gravatar.com\/avatar\/c60b27b93851dc9503f9cc9150e73dcb0a86ba6150657e5e4b11d988400bc633?s=96&d=mm&r=g","url":"https:\/\/secure.gravatar.com\/avatar\/c60b27b93851dc9503f9cc9150e73dcb0a86ba6150657e5e4b11d988400bc633?s=96&d=mm&r=g","contentUrl":"https:\/\/secure.gravatar.com\/avatar\/c60b27b93851dc9503f9cc9150e73dcb0a86ba6150657e5e4b11d988400bc633?s=96&d=mm&r=g","caption":"Fanny Pimentel"}}]}},"featured_media_src_url":"https:\/\/www.athome.lu\/blog\/wp-content\/uploads\/2019\/10\/remich2-1200-1024x683.jpg","_links":{"self":[{"href":"https:\/\/www.athome.lu\/blog\/de\/wp-json\/wp\/v2\/posts\/12419","targetHints":{"allow":["GET"]}}],"collection":[{"href":"https:\/\/www.athome.lu\/blog\/de\/wp-json\/wp\/v2\/posts"}],"about":[{"href":"https:\/\/www.athome.lu\/blog\/de\/wp-json\/wp\/v2\/types\/post"}],"author":[{"embeddable":true,"href":"https:\/\/www.athome.lu\/blog\/de\/wp-json\/wp\/v2\/users\/17"}],"replies":[{"embeddable":true,"href":"https:\/\/www.athome.lu\/blog\/de\/wp-json\/wp\/v2\/comments?post=12419"}],"version-history":[{"count":2,"href":"https:\/\/www.athome.lu\/blog\/de\/wp-json\/wp\/v2\/posts\/12419\/revisions"}],"predecessor-version":[{"id":15026,"href":"https:\/\/www.athome.lu\/blog\/de\/wp-json\/wp\/v2\/posts\/12419\/revisions\/15026"}],"wp:featuredmedia":[{"embeddable":true,"href":"https:\/\/www.athome.lu\/blog\/de\/wp-json\/wp\/v2\/media\/12421"}],"wp:attachment":[{"href":"https:\/\/www.athome.lu\/blog\/de\/wp-json\/wp\/v2\/media?parent=12419"}],"wp:term":[{"taxonomy":"category","embeddable":true,"href":"https:\/\/www.athome.lu\/blog\/de\/wp-json\/wp\/v2\/categories?post=12419"},{"taxonomy":"post_tag","embeddable":true,"href":"https:\/\/www.athome.lu\/blog\/de\/wp-json\/wp\/v2\/tags?post=12419"}],"curies":[{"name":"wp","href":"https:\/\/api.w.org\/{rel}","templated":true}]}}