{"id":12582,"date":"2020-01-14T09:07:41","date_gmt":"2020-01-14T08:07:41","guid":{"rendered":"https:\/\/www.athome.lu\/blog\/?p=12582"},"modified":"2024-10-16T11:34:19","modified_gmt":"2024-10-16T09:34:19","slug":"hat-ihre-wohnung-an-wert-gewonnen","status":"publish","type":"post","link":"https:\/\/www.athome.lu\/blog\/de\/vendre\/estimer\/votre-appartement-a-t-il-pris-de-la-valeur\/","title":{"rendered":"Hat Ihre Wohnung an Wert gewonnen?"},"content":{"rendered":"<p><span style=\"color: #000000;\">Sie haben Ihre Wohnung vor einigen Jahren gekauft und m\u00f6chten nun den <a href=\"https:\/\/www.athome.lu\/blog\/vendre\">verkaufen<\/a>. Aber hat Ihre Wohnung im Laufe der Jahre an Wert gewonnen? Wie hoch w\u00e4re der Verkaufspreis heute?<\/span><br><span style=\"color: #000000;\">Bevor Sie sich auf Prognosen einlassen, sollten Sie wissen, wie Sie Ihre Immobilie richtig einsch\u00e4tzen.<\/span><\/p>\n\n\n\n<h2 class=\"wp-block-heading\"><span style=\"color: #000000;\"><strong>Eine Wohnung sch\u00e4tzen: Den aktuellen Markt ber\u00fccksichtigen<\/strong><\/span><\/h2>\n\n\n\n<p><span style=\"color: #000000;\">Um eine erste Vorstellung vom Preis Ihrer Wohnung zu bekommen, m\u00fcssen Sie sich \u00fcber den Immobilienmarkt in Ihrer Gegend informieren. Dazu stehen Ihnen mehrere M\u00f6glichkeiten zur Verf\u00fcgung: Orientieren Sie sich an den Immobilienpreisen, die ver\u00f6ffentlicht werden in<a href=\"https:\/\/www.athome.lu\/blog\/blog\/marche-de-limmobilier\/athome-magazine\/\"> atHome Magazin<\/a> oder schauen Sie sich die Anzeigen im Internet an. Wenn Sie Ihre Wohnung mit \u00e4hnlichen Anzeigen auf atHome vergleichen, erhalten Sie eine erste Information \u00fcber die Preise, die in Ihrer Gemeinde f\u00fcr den Wohnungstyp gelten, den Sie besitzen.<\/span><\/p>\n\n\n\n<p><span style=\"color: #000000;\">Nat\u00fcrlich gibt es noch viele andere Kriterien, die den Preis Ihrer Wohnung bestimmen und verfeinern. In der Tat hat jede Immobilie ihren eigenen Wert. Gl\u00fccklicherweise gibt es heute Sch\u00e4tzwerkzeuge, mit denen Sie den Wert einer Wohnung ermitteln k\u00f6nnen. Verwenden Sie <a href=\"https:\/\/www.athome.lu\/blog\/vendre\">das Sch\u00e4tzungsinstrument<\/a> von atHome k\u00f6nnen Sie in nur wenigen Minuten eine Bewertung Ihrer Wohnung erhalten.<\/span><\/p>\n\n\n\n<h2 class=\"wp-block-heading\"><span style=\"color: #000000;\"><strong>Eine Wohnung sch\u00e4tzen: Der Zustand des Miteigentums<\/strong><\/span><\/h2>\n\n\n\n<p><span style=\"color: #000000;\">Beim Verkauf einer Wohnung sollte der Zustand des Wohnhauses nicht vernachl\u00e4ssigt werden. Denn alles, was mit dem Miteigentum zu tun hat, wird bei der Berechnung des Preises f\u00fcr Ihre Wohnung eine Rolle spielen.<\/span><br><span style=\"color: #000000;\">Ein defekter Aufzug oder eine verblasste Fassade k\u00f6nnen den Verkaufspreis senken. Umgekehrt k\u00f6nnen Ausstattungsmerkmale wie ein hypersicherer Zugang oder eine gepflegte Gr\u00fcnanlage den Preis nach oben treiben.<\/span><\/p>\n\n\n\n<p><span style=\"color: #000000;\">Ebenfalls im Zusammenhang mit der Immobilie spielt die Energieeffizienz des Geb\u00e4udes eine Rolle bei der Sch\u00e4tzung des Verkaufspreises. Konkret bedeutet dies, dass sich eine gute \"Note\" positiv auf den Preis auswirkt, w\u00e4hrend ein niedriger Energiewert die Bewertung der Immobilie senkt. Dies wird als gr\u00fcner Wert bezeichnet: die Ver\u00e4nderung des Immobilienwerts, die auf die Energieeffizienz zur\u00fcckzuf\u00fchren ist.<\/span><\/p>\n\n\n\n<p><span style=\"color: #000000;\">Beachten Sie schlie\u00dflich, dass auch die Etage, in der sich Ihre Wohnung befindet, eine Auswirkung auf den endg\u00fcltigen Verkaufspreis hat: Je h\u00f6her die Wohnung liegt, desto h\u00f6her ist der Preis.<\/span><\/p>\n\n\n<section id=\"section-3-14695\" class=\"ct-section\" ><div class=\"ct-section-inner-wrap\"><div id=\"div_block-4-14695\" class=\"ct-div-block\" ><div id=\"new_columns-7-14695\" class=\"ct-new-columns\" ><div id=\"div_block-8-14695\" class=\"ct-div-block\" ><div id=\"div_block-14-14695\" class=\"ct-div-block\" ><\/div><\/div><div id=\"div_block-9-14695\" class=\"ct-div-block\" ><h1 id=\"headline-11-14695\" class=\"ct-headline\">Wie hoch sind die Immobilienpreise derzeit?<\/h1><div id=\"text_block-12-14695\" class=\"ct-text-block\" >Die Preise verlangsamen sich. Die Zinss\u00e4tze steigen. Welche Trends sind in den kommenden Monaten zu erwarten?<\/div><a id=\"link_button-13-14695\" class=\"ct-link-button\" href=\"https:\/\/www.athome.lu\/blog\/blog\/marche-immobilier\/prix\/tendances-2022\/\" target=\"_blank\"  >Analyse lesen<\/a><\/div><\/div><\/div><\/div><\/section>","protected":false},"excerpt":{"rendered":"<p>Vous avez achet\u00e9 votre appartement il y a plusieurs ann\u00e9es et vous souhaitez maintenant le vendre. Mais, au fil des ann\u00e9es, votre logement a-t-il pris de la valeur ? Quel serait le prix de vente aujourd\u2019hui ?Avant de vous lancer dans des pronostics, vous devez savoir comment bien estimer votre bien immobilier. Estimer un appartement&nbsp;: [&hellip;]<\/p>\n","protected":false},"author":17,"featured_media":12584,"comment_status":"closed","ping_status":"closed","sticky":false,"template":"","format":"standard","meta":{"_acf_changed":false,"footnotes":""},"categories":[227],"tags":[37],"class_list":["post-12582","post","type-post","status-publish","format-standard","has-post-thumbnail","hentry","category-estimer","tag-vente"],"acf":[],"yoast_head":"<!-- This site is optimized with the Yoast SEO plugin v27.4 - https:\/\/yoast.com\/product\/yoast-seo-wordpress\/ -->\n<title>Votre appartement a-t-il pris de la valeur\u00a0? - atHome Blog<\/title>\n<meta name=\"description\" content=\"Vous avez achet\u00e9 votre appartement il y a plusieurs ann\u00e9es et vous avez d\u00e9cid\u00e9 de vendre ? Mais vous vous demandez quel serait le prix de vente aujourd\u2019hui ? Voici comment estimer votre appartement.\" \/>\n<meta name=\"robots\" content=\"index, follow, max-snippet:-1, max-image-preview:large, max-video-preview:-1\" \/>\n<link rel=\"canonical\" href=\"https:\/\/www.athome.lu\/blog\/de\/verkaufen\/einschatzen\/hat-ihre-wohnung-an-wert-gewonnen\/\" \/>\n<meta property=\"og:locale\" content=\"de_DE\" \/>\n<meta property=\"og:type\" content=\"article\" \/>\n<meta property=\"og:title\" content=\"Votre appartement a-t-il pris de la valeur\u00a0? - atHome Blog\" \/>\n<meta property=\"og:description\" content=\"Vous avez achet\u00e9 votre appartement il y a plusieurs ann\u00e9es et vous avez d\u00e9cid\u00e9 de vendre ? Mais vous vous demandez quel serait le prix de vente aujourd\u2019hui ? Voici comment estimer votre appartement.\" \/>\n<meta property=\"og:url\" content=\"https:\/\/www.athome.lu\/blog\/de\/verkaufen\/einschatzen\/hat-ihre-wohnung-an-wert-gewonnen\/\" \/>\n<meta property=\"og:site_name\" content=\"atHome Blog\" \/>\n<meta property=\"article:publisher\" content=\"https:\/\/www.facebook.com\/atHome.lu\/\" \/>\n<meta property=\"article:published_time\" content=\"2020-01-14T08:07:41+00:00\" \/>\n<meta property=\"article:modified_time\" content=\"2024-10-16T09:34:19+00:00\" \/>\n<meta property=\"og:image\" content=\"https:\/\/www.athome.lu\/blog\/wp-content\/uploads\/2020\/01\/lamp-4720975_1280.jpg\" \/>\n\t<meta property=\"og:image:width\" content=\"1215\" \/>\n\t<meta property=\"og:image:height\" content=\"811\" \/>\n\t<meta property=\"og:image:type\" content=\"image\/jpeg\" \/>\n<meta name=\"author\" content=\"Fanny Pimentel\" \/>\n<meta name=\"twitter:card\" content=\"summary_large_image\" \/>\n<meta name=\"twitter:creator\" content=\"@athomelu\" \/>\n<meta name=\"twitter:site\" content=\"@athomelu\" \/>\n<meta name=\"twitter:label1\" content=\"Verfasst von\" \/>\n\t<meta name=\"twitter:data1\" content=\"Fanny Pimentel\" \/>\n\t<meta name=\"twitter:label2\" content=\"Gesch\u00e4tzte Lesezeit\" \/>\n\t<meta name=\"twitter:data2\" content=\"3\u00a0Minuten\" \/>\n<script type=\"application\/ld+json\" class=\"yoast-schema-graph\">{\"@context\":\"https:\\\/\\\/schema.org\",\"@graph\":[{\"@type\":\"Article\",\"@id\":\"https:\\\/\\\/www.athome.lu\\\/blog\\\/vendre\\\/estimer\\\/votre-appartement-a-t-il-pris-de-la-valeur\\\/#article\",\"isPartOf\":{\"@id\":\"https:\\\/\\\/www.athome.lu\\\/blog\\\/vendre\\\/estimer\\\/votre-appartement-a-t-il-pris-de-la-valeur\\\/\"},\"author\":{\"name\":\"Fanny Pimentel\",\"@id\":\"https:\\\/\\\/www.athome.lu\\\/blog\\\/#\\\/schema\\\/person\\\/47f7a38089f837e792876ceddc4cb2dc\"},\"headline\":\"Votre appartement a-t-il pris de la valeur\u00a0?\",\"datePublished\":\"2020-01-14T08:07:41+00:00\",\"dateModified\":\"2024-10-16T09:34:19+00:00\",\"mainEntityOfPage\":{\"@id\":\"https:\\\/\\\/www.athome.lu\\\/blog\\\/vendre\\\/estimer\\\/votre-appartement-a-t-il-pris-de-la-valeur\\\/\"},\"wordCount\":436,\"image\":{\"@id\":\"https:\\\/\\\/www.athome.lu\\\/blog\\\/vendre\\\/estimer\\\/votre-appartement-a-t-il-pris-de-la-valeur\\\/#primaryimage\"},\"thumbnailUrl\":\"https:\\\/\\\/www.athome.lu\\\/blog\\\/wp-content\\\/uploads\\\/2020\\\/01\\\/lamp-4720975_1280.jpg\",\"keywords\":[\"Vente\"],\"articleSection\":[\"Estimer\"],\"inLanguage\":\"de\"},{\"@type\":\"WebPage\",\"@id\":\"https:\\\/\\\/www.athome.lu\\\/blog\\\/vendre\\\/estimer\\\/votre-appartement-a-t-il-pris-de-la-valeur\\\/\",\"url\":\"https:\\\/\\\/www.athome.lu\\\/blog\\\/vendre\\\/estimer\\\/votre-appartement-a-t-il-pris-de-la-valeur\\\/\",\"name\":\"Votre appartement a-t-il pris de la valeur\u00a0? - atHome Blog\",\"isPartOf\":{\"@id\":\"https:\\\/\\\/www.athome.lu\\\/blog\\\/#website\"},\"primaryImageOfPage\":{\"@id\":\"https:\\\/\\\/www.athome.lu\\\/blog\\\/vendre\\\/estimer\\\/votre-appartement-a-t-il-pris-de-la-valeur\\\/#primaryimage\"},\"image\":{\"@id\":\"https:\\\/\\\/www.athome.lu\\\/blog\\\/vendre\\\/estimer\\\/votre-appartement-a-t-il-pris-de-la-valeur\\\/#primaryimage\"},\"thumbnailUrl\":\"https:\\\/\\\/www.athome.lu\\\/blog\\\/wp-content\\\/uploads\\\/2020\\\/01\\\/lamp-4720975_1280.jpg\",\"datePublished\":\"2020-01-14T08:07:41+00:00\",\"dateModified\":\"2024-10-16T09:34:19+00:00\",\"author\":{\"@id\":\"https:\\\/\\\/www.athome.lu\\\/blog\\\/#\\\/schema\\\/person\\\/47f7a38089f837e792876ceddc4cb2dc\"},\"description\":\"Vous avez achet\u00e9 votre appartement il y a plusieurs ann\u00e9es et vous avez d\u00e9cid\u00e9 de vendre ? Mais vous vous demandez quel serait le prix de vente aujourd\u2019hui ? Voici comment estimer votre appartement.\",\"breadcrumb\":{\"@id\":\"https:\\\/\\\/www.athome.lu\\\/blog\\\/vendre\\\/estimer\\\/votre-appartement-a-t-il-pris-de-la-valeur\\\/#breadcrumb\"},\"inLanguage\":\"de\",\"potentialAction\":[{\"@type\":\"ReadAction\",\"target\":[\"https:\\\/\\\/www.athome.lu\\\/blog\\\/vendre\\\/estimer\\\/votre-appartement-a-t-il-pris-de-la-valeur\\\/\"]}]},{\"@type\":\"ImageObject\",\"inLanguage\":\"de\",\"@id\":\"https:\\\/\\\/www.athome.lu\\\/blog\\\/vendre\\\/estimer\\\/votre-appartement-a-t-il-pris-de-la-valeur\\\/#primaryimage\",\"url\":\"https:\\\/\\\/www.athome.lu\\\/blog\\\/wp-content\\\/uploads\\\/2020\\\/01\\\/lamp-4720975_1280.jpg\",\"contentUrl\":\"https:\\\/\\\/www.athome.lu\\\/blog\\\/wp-content\\\/uploads\\\/2020\\\/01\\\/lamp-4720975_1280.jpg\",\"width\":1215,\"height\":811,\"caption\":\"Estimer un appartement\"},{\"@type\":\"BreadcrumbList\",\"@id\":\"https:\\\/\\\/www.athome.lu\\\/blog\\\/vendre\\\/estimer\\\/votre-appartement-a-t-il-pris-de-la-valeur\\\/#breadcrumb\",\"itemListElement\":[{\"@type\":\"ListItem\",\"position\":1,\"name\":\"Accueil\",\"item\":\"https:\\\/\\\/www.athome.lu\\\/blog\\\/\"},{\"@type\":\"ListItem\",\"position\":2,\"name\":\"Vendre\",\"item\":\"https:\\\/\\\/www.athome.lu\\\/blog\\\/en\\\/category\\\/sell\\\/\"},{\"@type\":\"ListItem\",\"position\":3,\"name\":\"Estimer\",\"item\":\"https:\\\/\\\/www.athome.lu\\\/blog\\\/category\\\/vendre\\\/estimer\\\/\"},{\"@type\":\"ListItem\",\"position\":4,\"name\":\"Votre appartement a-t-il pris de la valeur\u00a0?\"}]},{\"@type\":\"WebSite\",\"@id\":\"https:\\\/\\\/www.athome.lu\\\/blog\\\/#website\",\"url\":\"https:\\\/\\\/www.athome.lu\\\/blog\\\/\",\"name\":\"atHome Blog\",\"description\":\"Annonces immobili\u00e8res au Luxembourg. Le portail immobilier n\u00b01 au Luxembourg.\",\"potentialAction\":[{\"@type\":\"SearchAction\",\"target\":{\"@type\":\"EntryPoint\",\"urlTemplate\":\"https:\\\/\\\/www.athome.lu\\\/blog\\\/?s={search_term_string}\"},\"query-input\":{\"@type\":\"PropertyValueSpecification\",\"valueRequired\":true,\"valueName\":\"search_term_string\"}}],\"inLanguage\":\"de\"},{\"@type\":\"Person\",\"@id\":\"https:\\\/\\\/www.athome.lu\\\/blog\\\/#\\\/schema\\\/person\\\/47f7a38089f837e792876ceddc4cb2dc\",\"name\":\"Fanny Pimentel\",\"image\":{\"@type\":\"ImageObject\",\"inLanguage\":\"de\",\"@id\":\"https:\\\/\\\/secure.gravatar.com\\\/avatar\\\/c60b27b93851dc9503f9cc9150e73dcb0a86ba6150657e5e4b11d988400bc633?s=96&d=mm&r=g\",\"url\":\"https:\\\/\\\/secure.gravatar.com\\\/avatar\\\/c60b27b93851dc9503f9cc9150e73dcb0a86ba6150657e5e4b11d988400bc633?s=96&d=mm&r=g\",\"contentUrl\":\"https:\\\/\\\/secure.gravatar.com\\\/avatar\\\/c60b27b93851dc9503f9cc9150e73dcb0a86ba6150657e5e4b11d988400bc633?s=96&d=mm&r=g\",\"caption\":\"Fanny Pimentel\"}}]}<\/script>\n<!-- \/ Yoast SEO plugin. -->","yoast_head_json":{"title":"Hat Ihre Wohnung an Wert gewonnen? - atHome Blog","description":"Sie haben Ihre Wohnung vor einigen Jahren gekauft und wollen sie nun verkaufen? Aber Sie fragen sich, wie hoch der Verkaufspreis heute sein w\u00fcrde? Hier erfahren Sie, wie Sie Ihre Wohnung sch\u00e4tzen k\u00f6nnen.","robots":{"index":"index","follow":"follow","max-snippet":"max-snippet:-1","max-image-preview":"max-image-preview:large","max-video-preview":"max-video-preview:-1"},"canonical":"https:\/\/www.athome.lu\/blog\/de\/verkaufen\/einschatzen\/hat-ihre-wohnung-an-wert-gewonnen\/","og_locale":"de_DE","og_type":"article","og_title":"Votre appartement a-t-il pris de la valeur\u00a0? - atHome Blog","og_description":"Vous avez achet\u00e9 votre appartement il y a plusieurs ann\u00e9es et vous avez d\u00e9cid\u00e9 de vendre ? Mais vous vous demandez quel serait le prix de vente aujourd\u2019hui ? Voici comment estimer votre appartement.","og_url":"https:\/\/www.athome.lu\/blog\/de\/verkaufen\/einschatzen\/hat-ihre-wohnung-an-wert-gewonnen\/","og_site_name":"atHome Blog","article_publisher":"https:\/\/www.facebook.com\/atHome.lu\/","article_published_time":"2020-01-14T08:07:41+00:00","article_modified_time":"2024-10-16T09:34:19+00:00","og_image":[{"width":1215,"height":811,"url":"https:\/\/www.athome.lu\/blog\/wp-content\/uploads\/2020\/01\/lamp-4720975_1280.jpg","type":"image\/jpeg"}],"author":"Fanny Pimentel","twitter_card":"summary_large_image","twitter_creator":"@athomelu","twitter_site":"@athomelu","twitter_misc":{"Verfasst von":"Fanny Pimentel","Gesch\u00e4tzte Lesezeit":"3\u00a0Minuten"},"schema":{"@context":"https:\/\/schema.org","@graph":[{"@type":"Article","@id":"https:\/\/www.athome.lu\/blog\/vendre\/estimer\/votre-appartement-a-t-il-pris-de-la-valeur\/#article","isPartOf":{"@id":"https:\/\/www.athome.lu\/blog\/vendre\/estimer\/votre-appartement-a-t-il-pris-de-la-valeur\/"},"author":{"name":"Fanny Pimentel","@id":"https:\/\/www.athome.lu\/blog\/#\/schema\/person\/47f7a38089f837e792876ceddc4cb2dc"},"headline":"Votre appartement a-t-il pris de la valeur\u00a0?","datePublished":"2020-01-14T08:07:41+00:00","dateModified":"2024-10-16T09:34:19+00:00","mainEntityOfPage":{"@id":"https:\/\/www.athome.lu\/blog\/vendre\/estimer\/votre-appartement-a-t-il-pris-de-la-valeur\/"},"wordCount":436,"image":{"@id":"https:\/\/www.athome.lu\/blog\/vendre\/estimer\/votre-appartement-a-t-il-pris-de-la-valeur\/#primaryimage"},"thumbnailUrl":"https:\/\/www.athome.lu\/blog\/wp-content\/uploads\/2020\/01\/lamp-4720975_1280.jpg","keywords":["Vente"],"articleSection":["Estimer"],"inLanguage":"de"},{"@type":"WebPage","@id":"https:\/\/www.athome.lu\/blog\/vendre\/estimer\/votre-appartement-a-t-il-pris-de-la-valeur\/","url":"https:\/\/www.athome.lu\/blog\/vendre\/estimer\/votre-appartement-a-t-il-pris-de-la-valeur\/","name":"Hat Ihre Wohnung an Wert gewonnen? - atHome Blog","isPartOf":{"@id":"https:\/\/www.athome.lu\/blog\/#website"},"primaryImageOfPage":{"@id":"https:\/\/www.athome.lu\/blog\/vendre\/estimer\/votre-appartement-a-t-il-pris-de-la-valeur\/#primaryimage"},"image":{"@id":"https:\/\/www.athome.lu\/blog\/vendre\/estimer\/votre-appartement-a-t-il-pris-de-la-valeur\/#primaryimage"},"thumbnailUrl":"https:\/\/www.athome.lu\/blog\/wp-content\/uploads\/2020\/01\/lamp-4720975_1280.jpg","datePublished":"2020-01-14T08:07:41+00:00","dateModified":"2024-10-16T09:34:19+00:00","author":{"@id":"https:\/\/www.athome.lu\/blog\/#\/schema\/person\/47f7a38089f837e792876ceddc4cb2dc"},"description":"Sie haben Ihre Wohnung vor einigen Jahren gekauft und wollen sie nun verkaufen? Aber Sie fragen sich, wie hoch der Verkaufspreis heute sein w\u00fcrde? Hier erfahren Sie, wie Sie Ihre Wohnung sch\u00e4tzen k\u00f6nnen.","breadcrumb":{"@id":"https:\/\/www.athome.lu\/blog\/vendre\/estimer\/votre-appartement-a-t-il-pris-de-la-valeur\/#breadcrumb"},"inLanguage":"de","potentialAction":[{"@type":"ReadAction","target":["https:\/\/www.athome.lu\/blog\/vendre\/estimer\/votre-appartement-a-t-il-pris-de-la-valeur\/"]}]},{"@type":"ImageObject","inLanguage":"de","@id":"https:\/\/www.athome.lu\/blog\/vendre\/estimer\/votre-appartement-a-t-il-pris-de-la-valeur\/#primaryimage","url":"https:\/\/www.athome.lu\/blog\/wp-content\/uploads\/2020\/01\/lamp-4720975_1280.jpg","contentUrl":"https:\/\/www.athome.lu\/blog\/wp-content\/uploads\/2020\/01\/lamp-4720975_1280.jpg","width":1215,"height":811,"caption":"Estimer un appartement"},{"@type":"BreadcrumbList","@id":"https:\/\/www.athome.lu\/blog\/vendre\/estimer\/votre-appartement-a-t-il-pris-de-la-valeur\/#breadcrumb","itemListElement":[{"@type":"ListItem","position":1,"name":"Accueil","item":"https:\/\/www.athome.lu\/blog\/"},{"@type":"ListItem","position":2,"name":"Vendre","item":"https:\/\/www.athome.lu\/blog\/en\/category\/sell\/"},{"@type":"ListItem","position":3,"name":"Estimer","item":"https:\/\/www.athome.lu\/blog\/category\/vendre\/estimer\/"},{"@type":"ListItem","position":4,"name":"Votre appartement a-t-il pris de la valeur\u00a0?"}]},{"@type":"WebSite","@id":"https:\/\/www.athome.lu\/blog\/#website","url":"https:\/\/www.athome.lu\/blog\/","name":"atHome Blog","description":"Immobilienanzeigen in Luxemburg. Das Immobilienportal Nr. 1 in Luxemburg.","potentialAction":[{"@type":"SearchAction","target":{"@type":"EntryPoint","urlTemplate":"https:\/\/www.athome.lu\/blog\/?s={search_term_string}"},"query-input":{"@type":"PropertyValueSpecification","valueRequired":true,"valueName":"search_term_string"}}],"inLanguage":"de"},{"@type":"Person","@id":"https:\/\/www.athome.lu\/blog\/#\/schema\/person\/47f7a38089f837e792876ceddc4cb2dc","name":"Fanny Pimentel","image":{"@type":"ImageObject","inLanguage":"de","@id":"https:\/\/secure.gravatar.com\/avatar\/c60b27b93851dc9503f9cc9150e73dcb0a86ba6150657e5e4b11d988400bc633?s=96&d=mm&r=g","url":"https:\/\/secure.gravatar.com\/avatar\/c60b27b93851dc9503f9cc9150e73dcb0a86ba6150657e5e4b11d988400bc633?s=96&d=mm&r=g","contentUrl":"https:\/\/secure.gravatar.com\/avatar\/c60b27b93851dc9503f9cc9150e73dcb0a86ba6150657e5e4b11d988400bc633?s=96&d=mm&r=g","caption":"Fanny Pimentel"}}]}},"featured_media_src_url":"https:\/\/www.athome.lu\/blog\/wp-content\/uploads\/2020\/01\/lamp-4720975_1280-1024x684.jpg","_links":{"self":[{"href":"https:\/\/www.athome.lu\/blog\/de\/wp-json\/wp\/v2\/posts\/12582","targetHints":{"allow":["GET"]}}],"collection":[{"href":"https:\/\/www.athome.lu\/blog\/de\/wp-json\/wp\/v2\/posts"}],"about":[{"href":"https:\/\/www.athome.lu\/blog\/de\/wp-json\/wp\/v2\/types\/post"}],"author":[{"embeddable":true,"href":"https:\/\/www.athome.lu\/blog\/de\/wp-json\/wp\/v2\/users\/17"}],"replies":[{"embeddable":true,"href":"https:\/\/www.athome.lu\/blog\/de\/wp-json\/wp\/v2\/comments?post=12582"}],"version-history":[{"count":2,"href":"https:\/\/www.athome.lu\/blog\/de\/wp-json\/wp\/v2\/posts\/12582\/revisions"}],"predecessor-version":[{"id":14992,"href":"https:\/\/www.athome.lu\/blog\/de\/wp-json\/wp\/v2\/posts\/12582\/revisions\/14992"}],"wp:featuredmedia":[{"embeddable":true,"href":"https:\/\/www.athome.lu\/blog\/de\/wp-json\/wp\/v2\/media\/12584"}],"wp:attachment":[{"href":"https:\/\/www.athome.lu\/blog\/de\/wp-json\/wp\/v2\/media?parent=12582"}],"wp:term":[{"taxonomy":"category","embeddable":true,"href":"https:\/\/www.athome.lu\/blog\/de\/wp-json\/wp\/v2\/categories?post=12582"},{"taxonomy":"post_tag","embeddable":true,"href":"https:\/\/www.athome.lu\/blog\/de\/wp-json\/wp\/v2\/tags?post=12582"}],"curies":[{"name":"wp","href":"https:\/\/api.w.org\/{rel}","templated":true}]}}