{"id":12834,"date":"2022-02-17T09:22:03","date_gmt":"2022-02-17T08:22:03","guid":{"rendered":"https:\/\/www.athome.lu\/blogpro\/?p=12834"},"modified":"2024-04-23T10:01:03","modified_gmt":"2024-04-23T08:01:03","slug":"die-gesundheitskrise-covid-19-welche-auswirkungen-auf-den-luxemburgischen-markt","status":"publish","type":"post","link":"https:\/\/www.athome.lu\/blog\/de\/pro\/marketing-immobilier\/la-crise-sanitaire-covid-19-quel-impact-sur-le-marche-luxembourgeois\/","title":{"rendered":"Die Gesundheitskrise, welche Auswirkungen hat sie auf den luxemburgischen Markt?"},"content":{"rendered":"<p><strong>Wirkt sich die Gesundheitskrise des Covid-19 auf den luxemburgischen Markt aus? Zwischen dem beschleunigten Preisanstieg und den neuen strengen Vorschriften f\u00fcr Hypothekenkredite d\u00fcrfte diese Gesundheitskrise sogar nachhaltige Auswirkungen auf die Branche haben. Wir erkl\u00e4ren Ihnen alles in diesem Artikel. <\/strong><\/p>\n<h2><strong>Covid-19-Gesundheitskrise wirkt sich auf den luxemburgischen Markt aus?<\/strong><\/h2>\n<p>W\u00e4hrend die Covid-19-Gesundheitskrise beispiellose Auswirkungen auf viele Bereiche unserer Gesellschaft hatte, wurde der luxemburgische Immobiliensektor seit M\u00e4rz 2020 und den ersten Ma\u00dfnahmen der Beh\u00f6rden zur Verlangsamung der Ausbreitung des Virus nicht mehr mit voller Wucht getroffen.<\/p>\n<p>Um sich davon zu \u00fcberzeugen, muss man sich nur die Zahlen ansehen: im Vergleich zum vierten Quartal 2019 wurden im vierten Quartal 2020 <strong><a href=\"https:\/\/www.athome.lu\/blog\/blogpro\/athome-magazine-automne-2021\/\">ein j\u00e4hrlicher Anstieg<\/a> der Hauspreise um 16,7 % <\/strong>! Das zweite Jahr in Folge ist somit ein zweistelliges Wachstum der Immobilienpreise in Luxemburg zu verzeichnen*.<\/p>\n<table width=\"645\">\n<tbody>\n<tr>\n<td width=\"82\"><strong>Jahr<\/strong><\/td>\n<td width=\"111\"><strong>Alte und neue Wohnungen<\/strong><\/td>\n<td width=\"119\"><strong>Alte Unterk\u00fcnfte<\/strong><\/td>\n<td width=\"109\"><strong>Alte H\u00e4user<\/strong><\/td>\n<td width=\"117\"><strong>Alte Wohnungen<\/strong><\/td>\n<td width=\"106\"><strong>Neue Unterk\u00fcnfte<\/strong><\/td>\n<\/tr>\n<\/tbody>\n<\/table>\n<table width=\"640\">\n<tbody>\n<tr>\n<td width=\"79\">2016<\/td>\n<td width=\"114\">+6,01%<\/td>\n<td width=\"114\">+6,21%<\/td>\n<td width=\"114\">+6,02%<\/td>\n<td width=\"114\">+6,47%<\/td>\n<td width=\"104\">+5,61%<\/td>\n<\/tr>\n<tr>\n<td width=\"79\">2017<\/td>\n<td width=\"114\">+5,63%<\/td>\n<td width=\"114\">+5,72%<\/td>\n<td width=\"114\">+5,73%<\/td>\n<td width=\"114\">+5,73%<\/td>\n<td width=\"104\">+5,46%<\/td>\n<\/tr>\n<tr>\n<td width=\"79\">2018<\/td>\n<td width=\"114\">+7,04%<\/td>\n<td width=\"114\">+7,75%<\/td>\n<td width=\"114\">+7,22%<\/td>\n<td width=\"114\">+8,52%<\/td>\n<td width=\"104\">+5,63%<\/td>\n<\/tr>\n<tr>\n<td width=\"79\">2019<\/td>\n<td width=\"114\">+10,12%<\/td>\n<td width=\"114\">+10,86%<\/td>\n<td width=\"114\">+11,05%<\/td>\n<td width=\"114\">+10,56%<\/td>\n<td width=\"104\">+8,53%<\/td>\n<\/tr>\n<tr>\n<td width=\"79\">2020<\/td>\n<td width=\"114\">+14,50%<\/td>\n<td width=\"114\">+14,70%<\/td>\n<td width=\"114\">+13,55%<\/td>\n<td width=\"114\">+16,32%<\/td>\n<td width=\"104\">+14,47%<\/td>\n<\/tr>\n<\/tbody>\n<\/table>\n<p><em>*Quelle: <a href=\"https:\/\/statistiques.public.lu\/fr\/acteurs\/statec\/index.html\" target=\"_blank\" rel=\"noopener\">Statec<\/a> - Observatorium f\u00fcr Wohnungswesen<\/em><\/p>\n<p>Die Gr\u00fcnde f\u00fcr diesen anhaltenden Anstieg sind auf mehrere Faktoren zur\u00fcckzuf\u00fchren, aber <strong>die tiefe Kluft zwischen Nachfrage und Angebot <\/strong>ist h\u00e4ufig die Antwort, die zur Erkl\u00e4rung dieses Ph\u00e4nomens hervorgehoben wird.<\/p>\n<h2><strong>Die Gesundheitskrise als Beschleuniger des Preisanstiegs auf dem luxemburgischen Markt?<\/strong><\/h2>\n<p>Hat Covid bei diesem Preisanstieg eine Rolle gespielt? Sehr wahrscheinlich nicht. Seit jeher wurden Immobilien als sicherer Hafen in einem unsicheren sozio\u00f6konomischen Umfeld gesehen. Angesichts der Krisensituation vor anderthalb Jahren waren daher nur wenige Haus-, Wohnungs- und Grundst\u00fcckseigent\u00fcmer geneigt, ihre Immobilien zum Verkauf anzubieten. Ein Ph\u00e4nomen, das <strong>reduziert ein bereits sehr geringes Angebot in Luxemburg<\/strong>.<\/p>\n<p>Andererseits stieg die Nachfrage unaufh\u00f6rlich, was die Diskrepanz zwischen Verk\u00e4ufern und K\u00e4ufern noch verst\u00e4rkte.<\/p>\n<p>Die Beobachter sind sich einig, dass dieses Wachstum der Immobilienpreise in Luxemburg - aber auch in anderen europ\u00e4ischen Gro\u00dfst\u00e4dten - anhalten wird, wenn auch in geringerem Ausma\u00df.<\/p>\n<h2><strong>Auf dem Weg zu einem zus\u00e4tzlichen Liquidit\u00e4tszufluss in Stein?<\/strong><\/h2>\n<p>Wenn man Thomas Valici, \u00d6konom bei der Idea-Stiftung, der vom Luxemburger Wort zu diesem Thema befragt wurde, glauben darf, hatte die Coronavirus-Krise noch eine weitere Auswirkung auf die luxemburgischen Haushalte. \"\u00a0<em>Ein Teil der Zwangsersparnisse, die w\u00e4hrend der COVID-19-Krise von den wohlhabendsten Haushalten gebildet wurden, k\u00f6nnte einen zus\u00e4tzlichen Zufluss von Liquidit\u00e4t in den Steinsektor bewirken.<\/em> \", erkl\u00e4rte er der luxemburgischen Tageszeitung.<\/p>\n<p>Ein Ph\u00e4nomen, das die Kluft zwischen Angebot und Nachfrage in der Zukunft nat\u00fcrlich noch vergr\u00f6\u00dfern k\u00f6nnte.<\/p>\n<h2><strong>Zugang zu Wohneigentum in Luxemburg immer schwieriger<\/strong><\/h2>\n<p>Immobilien sind mehr als nur Wohnr\u00e4ume, sie werden zunehmend als interessante Investitionsquellen angesehen. Und dem kann man nicht widersprechen, wenn man sich den Wert ansieht, den Immobilien in Luxemburg gewinnen, noch dazu, wenn man sich wie derzeit in einem Umfeld niedriger Zinsen bewegt.<\/p>\n<p>Nichtsdestotrotz hat dieser Preisanstieg zur Folge, dass der Zugang zu Stein immer schwieriger wird. Die Auswirkungen der Coronavirus-Krise auf die Bankinstitute k\u00f6nnten diese Problematik noch versch\u00e4rfen. Die Banken, die in die Wirtschaftskrise nach dem Covid verstrickt sind, k\u00f6nnten n\u00e4mlich von zuk\u00fcnftigen K\u00e4ufern mehr Sicherheiten verlangen. Bei Preisen, die schon jetzt die Grenzen des Vorstellbaren \u00fcberschreiten, und noch strengeren Bedingungen f\u00fcr die Gew\u00e4hrung eines Kredits w\u00fcrde es f\u00fcr K\u00e4ufer noch schwieriger werden, ein Eigenheim zu erwerben.<\/p>\n<p>Seit dem 1.<sup>er<\/sup> Januar 2021 gelten in den Banken \u00fcbrigens bereits neue Bedingungen f\u00fcr die Vergabe von Immobilienkrediten. Diese neuen Standards sollen die Stabilit\u00e4t des luxemburgischen Bankensystems gew\u00e4hrleisten und eine \u00dcberschuldung der Haushalte, die auf die Gesundheitskrise zur\u00fcckgef\u00fchrt werden k\u00f6nnte, verhindern.<\/p>\n<ul>\n<li>\n<h4><strong>100 % des Darlehens f\u00fcr Erstk\u00e4ufer<\/strong><\/h4>\n<\/li>\n<\/ul>\n<p>Personen, die ihre erste Immobilie erwerben m\u00f6chten, wird nun ein Darlehen gew\u00e4hrt, das den tats\u00e4chlichen Betrag der Immobilie nicht \u00fcbersteigen darf. Fr\u00fcher schlossen einige Banken in dieses Hypothekendarlehen die Eintragungsgeb\u00fchr, die Notarkosten oder einen Betrag f\u00fcr Renovierungsarbeiten ein.<\/p>\n<ul>\n<li>\n<h4><strong>80 % des Darlehens f\u00fcr Hausbesitzer, die ihr Verm\u00f6gen erweitern m\u00f6chten<\/strong><\/h4>\n<\/li>\n<\/ul>\n<p>Personen, die bereits eine Immobilie besitzen und ihr Verm\u00f6gen mit einer neuen Immobilie erweitern m\u00f6chten, k\u00f6nnen nur 80 % des Kredits erhalten, d. h. sie m\u00fcssen 20 % der Summe aufbringen, um den Kredit gew\u00e4hrt zu bekommen.<\/p>\n<ul>\n<li>\n<h4><strong>90 % f\u00fcr Hausbesitzer, die umziehen<\/strong><\/h4>\n<\/li>\n<\/ul>\n<p>Schlie\u00dflich k\u00f6nnen luxemburgische Hausbesitzer, die umziehen m\u00f6chten, ein Darlehen in H\u00f6he von 90 % des Betrags erhalten. Sie m\u00fcssen also 10 % des Betrags als Eigenkapital aufbringen, um ihr neues Dach \u00fcber dem Kopf zu erwerben.<\/p>\n<p>Zusammenfassend l\u00e4sst sich sagen, dass die Covid-Krise zwar den Anstieg der Immobilienpreise beschleunigt und den Zugang zu Wohneigentum m\u00f6glicherweise komplizierter gemacht hat, ihre langfristigen Auswirkungen jedoch schwer vorherzusagen sind. Die Fachleute der Branche passen sich jedenfalls an, um die Auswirkungen dieser Krise auf den Immobilienmarkt, der eine echte St\u00fctze der wirtschaftlichen Aktivit\u00e4t des Landes ist, so gering wie m\u00f6glich zu halten.<\/p>","protected":false},"excerpt":{"rendered":"<p>La crise sanitaire du Covid-19 impacte le march\u00e9 luxembourgeois\u00a0? Entre l\u2019acc\u00e9l\u00e9ration de la flamb\u00e9e des prix et les nouvelles r\u00e8glementations strictes en mati\u00e8re de pr\u00eats hypoth\u00e9caires, cette crise sanitaire devrait m\u00eame impacter durablement le secteur. On vous explique tout dans cet article. La crise sanitaire du Covid-19 impacte le march\u00e9 luxembourgeois\u00a0? Si la crise sanitaire [&hellip;]<\/p>\n","protected":false},"author":17,"featured_media":12835,"comment_status":"closed","ping_status":"closed","sticky":false,"template":"","format":"standard","meta":{"_acf_changed":false,"footnotes":""},"categories":[235],"tags":[],"class_list":["post-12834","post","type-post","status-publish","format-standard","has-post-thumbnail","hentry","category-marketing-immobilier"],"acf":[],"yoast_head":"<!-- This site is optimized with the Yoast SEO plugin v27.4 - https:\/\/yoast.com\/product\/yoast-seo-wordpress\/ -->\n<title>\u25b7 La crise sanitaire, quel impact sur le march\u00e9 luxembourgeois ? | atHomePro<\/title>\n<meta name=\"description\" content=\"La crise sanitaire du Covid-19 impacte le march\u00e9 luxembourgeois ? La flamb\u00e9e des prix et les nouvelles r\u00e8glementations ?\" \/>\n<meta name=\"robots\" content=\"index, follow, max-snippet:-1, max-image-preview:large, max-video-preview:-1\" \/>\n<link rel=\"canonical\" href=\"https:\/\/www.athome.lu\/blog\/de\/pro\/immobilienmarketing\/die-gesundheitskrise-covid-19-welche-auswirkungen-auf-den-luxemburgischen-markt\/\" \/>\n<meta property=\"og:locale\" content=\"de_DE\" \/>\n<meta property=\"og:type\" content=\"article\" \/>\n<meta property=\"og:title\" content=\"\u25b7 La crise sanitaire, quel impact sur le march\u00e9 luxembourgeois ? | atHomePro\" \/>\n<meta property=\"og:description\" content=\"La crise sanitaire du Covid-19 impacte le march\u00e9 luxembourgeois ? La flamb\u00e9e des prix et les nouvelles r\u00e8glementations ?\" \/>\n<meta property=\"og:url\" content=\"https:\/\/www.athome.lu\/blog\/de\/pro\/immobilienmarketing\/die-gesundheitskrise-covid-19-welche-auswirkungen-auf-den-luxemburgischen-markt\/\" \/>\n<meta property=\"og:site_name\" content=\"atHome Blog\" \/>\n<meta property=\"article:publisher\" content=\"https:\/\/www.facebook.com\/atHome.lu\/\" \/>\n<meta property=\"article:published_time\" content=\"2022-02-17T08:22:03+00:00\" \/>\n<meta property=\"article:modified_time\" content=\"2024-04-23T08:01:03+00:00\" \/>\n<meta property=\"og:image\" content=\"https:\/\/www.athome.lu\/blog\/wp-content\/uploads\/2022\/02\/pexels-photo-3951606.jpeg\" \/>\n\t<meta property=\"og:image:width\" content=\"1000\" \/>\n\t<meta property=\"og:image:height\" content=\"1500\" \/>\n\t<meta property=\"og:image:type\" content=\"image\/jpeg\" \/>\n<meta name=\"author\" content=\"Fanny Pimentel\" \/>\n<meta name=\"twitter:card\" content=\"summary_large_image\" \/>\n<meta name=\"twitter:creator\" content=\"@athomelu\" \/>\n<meta name=\"twitter:site\" content=\"@athomelu\" \/>\n<meta name=\"twitter:label1\" content=\"Verfasst von\" \/>\n\t<meta name=\"twitter:data1\" content=\"Fanny Pimentel\" \/>\n\t<meta name=\"twitter:label2\" content=\"Gesch\u00e4tzte Lesezeit\" \/>\n\t<meta name=\"twitter:data2\" content=\"5\u00a0Minuten\" \/>\n<script type=\"application\/ld+json\" class=\"yoast-schema-graph\">{\"@context\":\"https:\\\/\\\/schema.org\",\"@graph\":[{\"@type\":\"Article\",\"@id\":\"https:\\\/\\\/www.athome.lu\\\/blog\\\/pro\\\/marketing-immobilier\\\/la-crise-sanitaire-covid-19-quel-impact-sur-le-marche-luxembourgeois\\\/#article\",\"isPartOf\":{\"@id\":\"https:\\\/\\\/www.athome.lu\\\/blog\\\/pro\\\/marketing-immobilier\\\/la-crise-sanitaire-covid-19-quel-impact-sur-le-marche-luxembourgeois\\\/\"},\"author\":{\"name\":\"Fanny Pimentel\",\"@id\":\"https:\\\/\\\/www.athome.lu\\\/blog\\\/#\\\/schema\\\/person\\\/47f7a38089f837e792876ceddc4cb2dc\"},\"headline\":\"La crise sanitaire, quel impact sur le march\u00e9 luxembourgeois ?\",\"datePublished\":\"2022-02-17T08:22:03+00:00\",\"dateModified\":\"2024-04-23T08:01:03+00:00\",\"mainEntityOfPage\":{\"@id\":\"https:\\\/\\\/www.athome.lu\\\/blog\\\/pro\\\/marketing-immobilier\\\/la-crise-sanitaire-covid-19-quel-impact-sur-le-marche-luxembourgeois\\\/\"},\"wordCount\":954,\"image\":{\"@id\":\"https:\\\/\\\/www.athome.lu\\\/blog\\\/pro\\\/marketing-immobilier\\\/la-crise-sanitaire-covid-19-quel-impact-sur-le-marche-luxembourgeois\\\/#primaryimage\"},\"thumbnailUrl\":\"https:\\\/\\\/www.athome.lu\\\/blog\\\/wp-content\\\/uploads\\\/2022\\\/02\\\/pexels-photo-3951606.jpeg\",\"articleSection\":[\"Marketing immobilier\"],\"inLanguage\":\"de\"},{\"@type\":\"WebPage\",\"@id\":\"https:\\\/\\\/www.athome.lu\\\/blog\\\/pro\\\/marketing-immobilier\\\/la-crise-sanitaire-covid-19-quel-impact-sur-le-marche-luxembourgeois\\\/\",\"url\":\"https:\\\/\\\/www.athome.lu\\\/blog\\\/pro\\\/marketing-immobilier\\\/la-crise-sanitaire-covid-19-quel-impact-sur-le-marche-luxembourgeois\\\/\",\"name\":\"\u25b7 La crise sanitaire, quel impact sur le march\u00e9 luxembourgeois ? | atHomePro\",\"isPartOf\":{\"@id\":\"https:\\\/\\\/www.athome.lu\\\/blog\\\/#website\"},\"primaryImageOfPage\":{\"@id\":\"https:\\\/\\\/www.athome.lu\\\/blog\\\/pro\\\/marketing-immobilier\\\/la-crise-sanitaire-covid-19-quel-impact-sur-le-marche-luxembourgeois\\\/#primaryimage\"},\"image\":{\"@id\":\"https:\\\/\\\/www.athome.lu\\\/blog\\\/pro\\\/marketing-immobilier\\\/la-crise-sanitaire-covid-19-quel-impact-sur-le-marche-luxembourgeois\\\/#primaryimage\"},\"thumbnailUrl\":\"https:\\\/\\\/www.athome.lu\\\/blog\\\/wp-content\\\/uploads\\\/2022\\\/02\\\/pexels-photo-3951606.jpeg\",\"datePublished\":\"2022-02-17T08:22:03+00:00\",\"dateModified\":\"2024-04-23T08:01:03+00:00\",\"author\":{\"@id\":\"https:\\\/\\\/www.athome.lu\\\/blog\\\/#\\\/schema\\\/person\\\/47f7a38089f837e792876ceddc4cb2dc\"},\"description\":\"La crise sanitaire du Covid-19 impacte le march\u00e9 luxembourgeois ? La flamb\u00e9e des prix et les nouvelles r\u00e8glementations ?\",\"breadcrumb\":{\"@id\":\"https:\\\/\\\/www.athome.lu\\\/blog\\\/pro\\\/marketing-immobilier\\\/la-crise-sanitaire-covid-19-quel-impact-sur-le-marche-luxembourgeois\\\/#breadcrumb\"},\"inLanguage\":\"de\",\"potentialAction\":[{\"@type\":\"ReadAction\",\"target\":[\"https:\\\/\\\/www.athome.lu\\\/blog\\\/pro\\\/marketing-immobilier\\\/la-crise-sanitaire-covid-19-quel-impact-sur-le-marche-luxembourgeois\\\/\"]}]},{\"@type\":\"ImageObject\",\"inLanguage\":\"de\",\"@id\":\"https:\\\/\\\/www.athome.lu\\\/blog\\\/pro\\\/marketing-immobilier\\\/la-crise-sanitaire-covid-19-quel-impact-sur-le-marche-luxembourgeois\\\/#primaryimage\",\"url\":\"https:\\\/\\\/www.athome.lu\\\/blog\\\/wp-content\\\/uploads\\\/2022\\\/02\\\/pexels-photo-3951606.jpeg\",\"contentUrl\":\"https:\\\/\\\/www.athome.lu\\\/blog\\\/wp-content\\\/uploads\\\/2022\\\/02\\\/pexels-photo-3951606.jpeg\",\"width\":1000,\"height\":1500,\"caption\":\"Crise sanitaire, quel impact sur le march\u00e9 luxembourgeois ?\"},{\"@type\":\"BreadcrumbList\",\"@id\":\"https:\\\/\\\/www.athome.lu\\\/blog\\\/pro\\\/marketing-immobilier\\\/la-crise-sanitaire-covid-19-quel-impact-sur-le-marche-luxembourgeois\\\/#breadcrumb\",\"itemListElement\":[{\"@type\":\"ListItem\",\"position\":1,\"name\":\"Accueil\",\"item\":\"https:\\\/\\\/www.athome.lu\\\/blog\\\/\"},{\"@type\":\"ListItem\",\"position\":2,\"name\":\"Pro\",\"item\":\"https:\\\/\\\/www.athome.lu\\\/blog\\\/category\\\/pro\\\/\"},{\"@type\":\"ListItem\",\"position\":3,\"name\":\"Marketing immobilier\",\"item\":\"https:\\\/\\\/www.athome.lu\\\/blog\\\/category\\\/pro\\\/marketing-immobilier\\\/\"},{\"@type\":\"ListItem\",\"position\":4,\"name\":\"La crise sanitaire, quel impact sur le march\u00e9 luxembourgeois ?\"}]},{\"@type\":\"WebSite\",\"@id\":\"https:\\\/\\\/www.athome.lu\\\/blog\\\/#website\",\"url\":\"https:\\\/\\\/www.athome.lu\\\/blog\\\/\",\"name\":\"atHome Blog\",\"description\":\"Annonces immobili\u00e8res au Luxembourg. Le portail immobilier n\u00b01 au Luxembourg.\",\"potentialAction\":[{\"@type\":\"SearchAction\",\"target\":{\"@type\":\"EntryPoint\",\"urlTemplate\":\"https:\\\/\\\/www.athome.lu\\\/blog\\\/?s={search_term_string}\"},\"query-input\":{\"@type\":\"PropertyValueSpecification\",\"valueRequired\":true,\"valueName\":\"search_term_string\"}}],\"inLanguage\":\"de\"},{\"@type\":\"Person\",\"@id\":\"https:\\\/\\\/www.athome.lu\\\/blog\\\/#\\\/schema\\\/person\\\/47f7a38089f837e792876ceddc4cb2dc\",\"name\":\"Fanny Pimentel\",\"image\":{\"@type\":\"ImageObject\",\"inLanguage\":\"de\",\"@id\":\"https:\\\/\\\/secure.gravatar.com\\\/avatar\\\/c60b27b93851dc9503f9cc9150e73dcb0a86ba6150657e5e4b11d988400bc633?s=96&d=mm&r=g\",\"url\":\"https:\\\/\\\/secure.gravatar.com\\\/avatar\\\/c60b27b93851dc9503f9cc9150e73dcb0a86ba6150657e5e4b11d988400bc633?s=96&d=mm&r=g\",\"contentUrl\":\"https:\\\/\\\/secure.gravatar.com\\\/avatar\\\/c60b27b93851dc9503f9cc9150e73dcb0a86ba6150657e5e4b11d988400bc633?s=96&d=mm&r=g\",\"caption\":\"Fanny Pimentel\"}}]}<\/script>\n<!-- \/ Yoast SEO plugin. -->","yoast_head_json":{"title":"\u25b7 Die Gesundheitskrise, welche Auswirkungen hat sie auf den luxemburgischen Markt? | atHomePro","description":"Beeinflusst die Gesundheitskrise bei Covid-19 den luxemburgischen Markt? Der Preisanstieg und die neuen Vorschriften?","robots":{"index":"index","follow":"follow","max-snippet":"max-snippet:-1","max-image-preview":"max-image-preview:large","max-video-preview":"max-video-preview:-1"},"canonical":"https:\/\/www.athome.lu\/blog\/de\/pro\/immobilienmarketing\/die-gesundheitskrise-covid-19-welche-auswirkungen-auf-den-luxemburgischen-markt\/","og_locale":"de_DE","og_type":"article","og_title":"\u25b7 La crise sanitaire, quel impact sur le march\u00e9 luxembourgeois ? | atHomePro","og_description":"La crise sanitaire du Covid-19 impacte le march\u00e9 luxembourgeois ? La flamb\u00e9e des prix et les nouvelles r\u00e8glementations ?","og_url":"https:\/\/www.athome.lu\/blog\/de\/pro\/immobilienmarketing\/die-gesundheitskrise-covid-19-welche-auswirkungen-auf-den-luxemburgischen-markt\/","og_site_name":"atHome Blog","article_publisher":"https:\/\/www.facebook.com\/atHome.lu\/","article_published_time":"2022-02-17T08:22:03+00:00","article_modified_time":"2024-04-23T08:01:03+00:00","og_image":[{"width":1000,"height":1500,"url":"https:\/\/www.athome.lu\/blog\/wp-content\/uploads\/2022\/02\/pexels-photo-3951606.jpeg","type":"image\/jpeg"}],"author":"Fanny Pimentel","twitter_card":"summary_large_image","twitter_creator":"@athomelu","twitter_site":"@athomelu","twitter_misc":{"Verfasst von":"Fanny Pimentel","Gesch\u00e4tzte Lesezeit":"5\u00a0Minuten"},"schema":{"@context":"https:\/\/schema.org","@graph":[{"@type":"Article","@id":"https:\/\/www.athome.lu\/blog\/pro\/marketing-immobilier\/la-crise-sanitaire-covid-19-quel-impact-sur-le-marche-luxembourgeois\/#article","isPartOf":{"@id":"https:\/\/www.athome.lu\/blog\/pro\/marketing-immobilier\/la-crise-sanitaire-covid-19-quel-impact-sur-le-marche-luxembourgeois\/"},"author":{"name":"Fanny Pimentel","@id":"https:\/\/www.athome.lu\/blog\/#\/schema\/person\/47f7a38089f837e792876ceddc4cb2dc"},"headline":"La crise sanitaire, quel impact sur le march\u00e9 luxembourgeois ?","datePublished":"2022-02-17T08:22:03+00:00","dateModified":"2024-04-23T08:01:03+00:00","mainEntityOfPage":{"@id":"https:\/\/www.athome.lu\/blog\/pro\/marketing-immobilier\/la-crise-sanitaire-covid-19-quel-impact-sur-le-marche-luxembourgeois\/"},"wordCount":954,"image":{"@id":"https:\/\/www.athome.lu\/blog\/pro\/marketing-immobilier\/la-crise-sanitaire-covid-19-quel-impact-sur-le-marche-luxembourgeois\/#primaryimage"},"thumbnailUrl":"https:\/\/www.athome.lu\/blog\/wp-content\/uploads\/2022\/02\/pexels-photo-3951606.jpeg","articleSection":["Marketing immobilier"],"inLanguage":"de"},{"@type":"WebPage","@id":"https:\/\/www.athome.lu\/blog\/pro\/marketing-immobilier\/la-crise-sanitaire-covid-19-quel-impact-sur-le-marche-luxembourgeois\/","url":"https:\/\/www.athome.lu\/blog\/pro\/marketing-immobilier\/la-crise-sanitaire-covid-19-quel-impact-sur-le-marche-luxembourgeois\/","name":"\u25b7 Die Gesundheitskrise, welche Auswirkungen hat sie auf den luxemburgischen Markt? | atHomePro","isPartOf":{"@id":"https:\/\/www.athome.lu\/blog\/#website"},"primaryImageOfPage":{"@id":"https:\/\/www.athome.lu\/blog\/pro\/marketing-immobilier\/la-crise-sanitaire-covid-19-quel-impact-sur-le-marche-luxembourgeois\/#primaryimage"},"image":{"@id":"https:\/\/www.athome.lu\/blog\/pro\/marketing-immobilier\/la-crise-sanitaire-covid-19-quel-impact-sur-le-marche-luxembourgeois\/#primaryimage"},"thumbnailUrl":"https:\/\/www.athome.lu\/blog\/wp-content\/uploads\/2022\/02\/pexels-photo-3951606.jpeg","datePublished":"2022-02-17T08:22:03+00:00","dateModified":"2024-04-23T08:01:03+00:00","author":{"@id":"https:\/\/www.athome.lu\/blog\/#\/schema\/person\/47f7a38089f837e792876ceddc4cb2dc"},"description":"Beeinflusst die Gesundheitskrise bei Covid-19 den luxemburgischen Markt? Der Preisanstieg und die neuen Vorschriften?","breadcrumb":{"@id":"https:\/\/www.athome.lu\/blog\/pro\/marketing-immobilier\/la-crise-sanitaire-covid-19-quel-impact-sur-le-marche-luxembourgeois\/#breadcrumb"},"inLanguage":"de","potentialAction":[{"@type":"ReadAction","target":["https:\/\/www.athome.lu\/blog\/pro\/marketing-immobilier\/la-crise-sanitaire-covid-19-quel-impact-sur-le-marche-luxembourgeois\/"]}]},{"@type":"ImageObject","inLanguage":"de","@id":"https:\/\/www.athome.lu\/blog\/pro\/marketing-immobilier\/la-crise-sanitaire-covid-19-quel-impact-sur-le-marche-luxembourgeois\/#primaryimage","url":"https:\/\/www.athome.lu\/blog\/wp-content\/uploads\/2022\/02\/pexels-photo-3951606.jpeg","contentUrl":"https:\/\/www.athome.lu\/blog\/wp-content\/uploads\/2022\/02\/pexels-photo-3951606.jpeg","width":1000,"height":1500,"caption":"Crise sanitaire, quel impact sur le march\u00e9 luxembourgeois ?"},{"@type":"BreadcrumbList","@id":"https:\/\/www.athome.lu\/blog\/pro\/marketing-immobilier\/la-crise-sanitaire-covid-19-quel-impact-sur-le-marche-luxembourgeois\/#breadcrumb","itemListElement":[{"@type":"ListItem","position":1,"name":"Accueil","item":"https:\/\/www.athome.lu\/blog\/"},{"@type":"ListItem","position":2,"name":"Pro","item":"https:\/\/www.athome.lu\/blog\/category\/pro\/"},{"@type":"ListItem","position":3,"name":"Marketing immobilier","item":"https:\/\/www.athome.lu\/blog\/category\/pro\/marketing-immobilier\/"},{"@type":"ListItem","position":4,"name":"La crise sanitaire, quel impact sur le march\u00e9 luxembourgeois ?"}]},{"@type":"WebSite","@id":"https:\/\/www.athome.lu\/blog\/#website","url":"https:\/\/www.athome.lu\/blog\/","name":"atHome Blog","description":"Immobilienanzeigen in Luxemburg. Das Immobilienportal Nr. 1 in Luxemburg.","potentialAction":[{"@type":"SearchAction","target":{"@type":"EntryPoint","urlTemplate":"https:\/\/www.athome.lu\/blog\/?s={search_term_string}"},"query-input":{"@type":"PropertyValueSpecification","valueRequired":true,"valueName":"search_term_string"}}],"inLanguage":"de"},{"@type":"Person","@id":"https:\/\/www.athome.lu\/blog\/#\/schema\/person\/47f7a38089f837e792876ceddc4cb2dc","name":"Fanny Pimentel","image":{"@type":"ImageObject","inLanguage":"de","@id":"https:\/\/secure.gravatar.com\/avatar\/c60b27b93851dc9503f9cc9150e73dcb0a86ba6150657e5e4b11d988400bc633?s=96&d=mm&r=g","url":"https:\/\/secure.gravatar.com\/avatar\/c60b27b93851dc9503f9cc9150e73dcb0a86ba6150657e5e4b11d988400bc633?s=96&d=mm&r=g","contentUrl":"https:\/\/secure.gravatar.com\/avatar\/c60b27b93851dc9503f9cc9150e73dcb0a86ba6150657e5e4b11d988400bc633?s=96&d=mm&r=g","caption":"Fanny Pimentel"}}]}},"featured_media_src_url":"https:\/\/www.athome.lu\/blog\/wp-content\/uploads\/2022\/02\/pexels-photo-3951606-683x1024.jpeg","_links":{"self":[{"href":"https:\/\/www.athome.lu\/blog\/de\/wp-json\/wp\/v2\/posts\/12834","targetHints":{"allow":["GET"]}}],"collection":[{"href":"https:\/\/www.athome.lu\/blog\/de\/wp-json\/wp\/v2\/posts"}],"about":[{"href":"https:\/\/www.athome.lu\/blog\/de\/wp-json\/wp\/v2\/types\/post"}],"author":[{"embeddable":true,"href":"https:\/\/www.athome.lu\/blog\/de\/wp-json\/wp\/v2\/users\/17"}],"replies":[{"embeddable":true,"href":"https:\/\/www.athome.lu\/blog\/de\/wp-json\/wp\/v2\/comments?post=12834"}],"version-history":[{"count":2,"href":"https:\/\/www.athome.lu\/blog\/de\/wp-json\/wp\/v2\/posts\/12834\/revisions"}],"predecessor-version":[{"id":16402,"href":"https:\/\/www.athome.lu\/blog\/de\/wp-json\/wp\/v2\/posts\/12834\/revisions\/16402"}],"wp:featuredmedia":[{"embeddable":true,"href":"https:\/\/www.athome.lu\/blog\/de\/wp-json\/wp\/v2\/media\/12835"}],"wp:attachment":[{"href":"https:\/\/www.athome.lu\/blog\/de\/wp-json\/wp\/v2\/media?parent=12834"}],"wp:term":[{"taxonomy":"category","embeddable":true,"href":"https:\/\/www.athome.lu\/blog\/de\/wp-json\/wp\/v2\/categories?post=12834"},{"taxonomy":"post_tag","embeddable":true,"href":"https:\/\/www.athome.lu\/blog\/de\/wp-json\/wp\/v2\/tags?post=12834"}],"curies":[{"name":"wp","href":"https:\/\/api.w.org\/{rel}","templated":true}]}}