{"id":12913,"date":"2020-07-30T15:37:36","date_gmt":"2020-07-30T14:37:36","guid":{"rendered":"https:\/\/www.athome.lu\/blog\/?p=12913"},"modified":"2022-05-11T11:29:23","modified_gmt":"2022-05-11T09:29:23","slug":"ein-neuer-wohnungspakt-2-0-verschleiert","status":"publish","type":"post","link":"https:\/\/www.athome.lu\/blog\/de\/mon-logement\/actualites\/un-nouveau-pacte-logement-2-0-devoile\/","title":{"rendered":"Ein neuer Pacte Logement 2.0 enth\u00fcllt"},"content":{"rendered":"<p><span class=\"normaltextrun\" style=\"color: #000000;\"><span lang=\"FR\">Auf der Pressekonferenz am 30. Juli 2020 stellten der Minister f\u00fcr Wohnungswesen, Henri Kox, und die Innenministerin, Taina Bofferding, den Gesetzentwurf vor, der die k\u00fcnftige Zusammenarbeit zwischen Staat und Gemeinden zur F\u00f6rderung des Angebots an erschwinglichen Wohnungen festlegt. Der Gesetzentwurf sieht au\u00dferdem die Einf\u00fchrung einer neuen Regel vor, die es dem \u00f6ffentlichen Sektor erm\u00f6glicht, in besonderen Bebauungspl\u00e4nen \"neuer Stadtteil\" eine bestimmte Anzahl an erschwinglichen Wohnungen zu erwerben.<\/span><\/span><\/p>\n\n\n\n<h2 class=\"wp-block-heading\"><span style=\"color: #000000;\"><strong>Minister Henri Kox und Taina Bofferding stellen den neuen Pacte Logement vor&nbsp;<\/strong><\/span><\/h2>\n\n\n\n<p><span style=\"color: #000000;\">Am 31. Dezember 2020 l\u00e4uft der derzeit geltende Pacte logement aus. Seit 2017 bereitet das Wohnungsbauministerium ein neues Programm zur Unterst\u00fctzung von Gemeinden vor, mit dem das Angebot an bezahlbarem Wohnraum weiter ausgebaut werden soll. Das Wohnungsbauministerium hat sich daf\u00fcr entschieden, den Wohnraumpakt 2.0 auf der Grundlage eines&nbsp;<strong>partizipativer Prozess mit den Gemeinden<\/strong>.<\/span><\/p>\n\n\n\n<p><span style=\"color: #000000;\">So f\u00fchrte das Ministerium f\u00fcr Wohnungsbau in&nbsp;<strong>2019 sechs interaktive regionale Workshops<\/strong>&nbsp;mit Gemeindevertretern, um deren Ideen und Erfahrungen zu sammeln, um dann konkrete Projekte und Ma\u00dfnahmen mit dem Ziel zu entwickeln, mehr erschwinglichen Wohnraum zu schaffen. Die Ergebnisse dieses Austauschs wurden in der Abgeordnetenkammer vorgestellt und waren Gegenstand einer Konsultationsdebatte.<\/span><\/p>\n\n\n\n<p><span style=\"color: #000000;\">Anschlie\u00dfend wurde mit den konkreten Arbeiten zur Umsetzung des Gesetzesvorentwurfs im Hinblick auf den neuen Wohnungsbaupakt begonnen. Am 29. Juli 2020 genehmigte der Regierungsrat&nbsp;<strong>der Gesetzesvorentwurf des neuen Wohnungsbaupakts<\/strong>.<\/span><\/p>\n\n\n\n<p><span style=\"color: #000000;\">Der Pacte logement 2.0 wird bis 2032 in Kraft sein und erm\u00f6glicht den Beginn eines neuen Ansatzes f\u00fcr die Wohnungspolitik auf kommunaler Ebene. Ziel ist es, die Gemeinden als Partner des Staates besser zu unterst\u00fctzen, um das Wohnungsangebot zu erh\u00f6hen, das Bodenpotenzial zu mobilisieren und schlie\u00dflich die Wohnqualit\u00e4t zu verbessern.<\/span><\/p>\n\n\n\n<p><span style=\"color: #000000;\">Zu diesem Zweck&nbsp;<strong>neue Instrumente und Mechanismen<\/strong>&nbsp;eingef\u00fchrt werden:<\/span><\/p>\n\n\n\n<ol class=\"wp-block-list\"><li><span style=\"color: #000000;\"><u>der Wohnberater<\/u>Sie unterst\u00fctzt die Gemeinden bei der Entwicklung und Umsetzung einer Wohnraumstrategie;<\/span><\/li><li><span style=\"color: #000000;\"><u>das lokale Aktionsprogramm - Wohnen<\/u>&nbsp;(PAL), der eine echte kommunale Strategie zur F\u00f6rderung erschwinglichen Wohnraums darstellt, die die Priorit\u00e4ten definiert und die Projekte der Gemeinde im Bereich des Wohnraums auflistet;<\/span><\/li><li><span style=\"color: #000000;\"><u>die finanzielle Unterst\u00fctzung des Staates<\/u>Die Mittel werden direkt von der Anzahl der geschaffenen erschwinglichen Wohnungen abh\u00e4ngen und sollen f\u00fcr Projekte verwendet werden, die die Ziele des Wohnraumpakts unterst\u00fctzen.<\/span><\/li><\/ol>\n\n\n\n<p><span style=\"color: #000000;\">\"Die Gemeinden sind die bevorzugten Partner des Staates, um das notwendige Angebot an bezahlbaren Wohnungen zu schaffen, an dem es heute leider mangelt. Der Wohnungsbaupakt 2.0 wird der Hebel sein, der dazu beitr\u00e4gt, einen Kurswechsel in der Wohnungspolitik herbeizuf\u00fchren\", betonte Wohnungsbauminister Henri Kox auf der Pressekonferenz.<\/span><\/p>\n\n\n\n<p><span style=\"color: #000000;\">Um den Gemeinden ein wirksames Mittel an die Hand zu geben, erschwingliche Wohnungen oder auch Grundst\u00fccke zu erwerben, die die Schaffung erschwinglicher Wohnungen erm\u00f6glichen, wird vorgeschlagen, einen neuen Artikel 29 einzuf\u00fcgen<em>bis<\/em>\u00a0im ge\u00e4nderten Gesetz vom 19. Juli 2004 \u00fcber die kommunale Planung und Stadtentwicklung. Das mit dem ersten Wohnraumpakt eingef\u00fchrte Instrument erwies sich n\u00e4mlich als wenig wirksam, da viele der so geschaffenen Wohnungen fr\u00fcher oder sp\u00e4ter zu Marktpreisen verkauft wurden.<\/span><\/p>\n\n\n<section id=\"section-3-14695\" class=\"ct-section\" ><div class=\"ct-section-inner-wrap\"><div id=\"div_block-4-14695\" class=\"ct-div-block\" ><div id=\"new_columns-7-14695\" class=\"ct-new-columns\" ><div id=\"div_block-8-14695\" class=\"ct-div-block\" ><div id=\"div_block-14-14695\" class=\"ct-div-block\" ><\/div><\/div><div id=\"div_block-9-14695\" class=\"ct-div-block\" ><h1 id=\"headline-11-14695\" class=\"ct-headline\">Wie hoch sind die Immobilienpreise derzeit?<\/h1><div id=\"text_block-12-14695\" class=\"ct-text-block\" >Die Preise verlangsamen sich. Die Zinss\u00e4tze steigen. Welche Trends sind in den kommenden Monaten zu erwarten?<\/div><a id=\"link_button-13-14695\" class=\"ct-link-button\" href=\"https:\/\/www.athome.lu\/blog\/blog\/marche-immobilier\/prix\/tendances-2022\/\" target=\"_blank\"  >Analyse lesen<\/a><\/div><\/div><\/div><\/div><\/section>\n\n\n<p><span style=\"color: #000000;\">Die neue Bestimmung sieht daher vor, dass Grundst\u00fccke, auf denen erschwingliche Wohnungen entstehen sollen, von den Immobilienentwicklern entweder an die Gemeinden oder an den Staat abgetreten werden, damit diese Eigent\u00fcmer von Wohnungen werden k\u00f6nnen. Der Erwerb einer erheblichen Anzahl von Wohnungen durch den \u00f6ffentlichen Sektor ist in der Tat von entscheidender Bedeutung, um das Angebot an erschwinglichen Wohnungen zu erh\u00f6hen und eine gute soziale Mischung in zuk\u00fcnftigen Wohngebieten zu erhalten.<\/span><\/p>\n\n\n\n<p><span style=\"color: #000000;\">Dar\u00fcber hinaus wird die Schaffung von erschwinglichem Wohnraum durch die Verpflichtung gest\u00e4rkt, einen deutlich h\u00f6heren Anteil an Land f\u00fcr diesen Zweck zu reservieren. Nach geltendem Recht m\u00fcssen nur Sonderentwicklungspl\u00e4ne (PAP), die mehr als 25 Wohneinheiten vorsehen, 10% der f\u00fcr den Wohnungsbau vorgesehenen bebauten Fl\u00e4che f\u00fcr preisg\u00fcnstige Wohnungen reservieren. Der Gesetzentwurf zum Wohnraumpakt schl\u00e4gt vor, zum einen auch auf kleinere PAPs abzuzielen und zum anderen einen gr\u00f6\u00dferen Anteil der bebauten Fl\u00e4che zu reservieren, der bis zu 30% der bebauten Fl\u00e4che ausmachen kann.<\/span><\/p>\n\n\n\n<p><span style=\"color: #000000;\">\"Wenn wir verhindern wollen, dass sich die soziale Spaltung in Luxemburg vertieft, ist es die Pflicht der \u00f6ffentlichen Hand, ihren eigenen Wohnungsbestand weiter auszubauen und aktiv in den Wohnungsmarkt einzugreifen. Die Ma\u00dfnahmen des neuen Wohnungspakts werden ihnen dazu die notwendigen und effizienten Mittel an die Hand geben\", so Innenministerin Taina Bofferding abschlie\u00dfend.<\/span><\/p>\n\n\n\n<p><em>Pressemitteilung Ministerium f\u00fcr Wohnungsbau und Innenministerium<\/em><\/p>","protected":false},"excerpt":{"rendered":"<p>Lors de la conf\u00e9rence de presse du 30 juillet 2020, le ministre du Logement, Henri Kox, et la ministre de l\u2019Int\u00e9rieur, Taina Bofferding, ont pr\u00e9sent\u00e9 le projet de loi d\u00e9finissant la collaboration future entre l\u2019Etat et les communes afin de stimuler l\u2019offre de logements abordables. Le projet de loi pr\u00e9voit \u00e9galement l\u2019introduction d\u2019une nouvelle r\u00e8gle [&hellip;]<\/p>\n","protected":false},"author":17,"featured_media":12914,"comment_status":"closed","ping_status":"closed","sticky":false,"template":"","format":"standard","meta":{"_acf_changed":false,"footnotes":""},"categories":[222],"tags":[],"class_list":["post-12913","post","type-post","status-publish","format-standard","has-post-thumbnail","hentry","category-actualites"],"acf":[],"yoast_head":"<!-- This site is optimized with the Yoast SEO plugin v27.4 - https:\/\/yoast.com\/product\/yoast-seo-wordpress\/ -->\n<title>Un nouveau Pacte Logement 2.0 d\u00e9voil\u00e9 - atHome Blog<\/title>\n<meta name=\"description\" content=\"Lors de la conf\u00e9rence de presse du 30 juillet 2020, le ministre du Logement, Henri Kox, et la ministre de l\u2019Int\u00e9rieur, Taina Bofferding, ont pr\u00e9sent\u00e9 le projet de loi d\u00e9finissant la collaboration future entre l\u2019Etat et les communes afin de stimuler l\u2019offre de logements abordables\" \/>\n<meta name=\"robots\" content=\"index, follow, max-snippet:-1, max-image-preview:large, max-video-preview:-1\" \/>\n<link rel=\"canonical\" href=\"https:\/\/www.athome.lu\/blog\/de\/mein-haus\/nachrichten\/ein-neuer-wohnungspakt-2-0-verschleiert\/\" \/>\n<meta property=\"og:locale\" content=\"de_DE\" \/>\n<meta property=\"og:type\" content=\"article\" \/>\n<meta property=\"og:title\" content=\"Un nouveau Pacte Logement 2.0 d\u00e9voil\u00e9 - atHome Blog\" \/>\n<meta property=\"og:description\" content=\"Lors de la conf\u00e9rence de presse du 30 juillet 2020, le ministre du Logement, Henri Kox, et la ministre de l\u2019Int\u00e9rieur, Taina Bofferding, ont pr\u00e9sent\u00e9 le projet de loi d\u00e9finissant la collaboration future entre l\u2019Etat et les communes afin de stimuler l\u2019offre de logements abordables\" \/>\n<meta property=\"og:url\" content=\"https:\/\/www.athome.lu\/blog\/de\/mein-haus\/nachrichten\/ein-neuer-wohnungspakt-2-0-verschleiert\/\" \/>\n<meta property=\"og:site_name\" content=\"atHome Blog\" \/>\n<meta property=\"article:publisher\" content=\"https:\/\/www.facebook.com\/atHome.lu\/\" \/>\n<meta property=\"article:published_time\" content=\"2020-07-30T14:37:36+00:00\" \/>\n<meta property=\"article:modified_time\" content=\"2022-05-11T09:29:23+00:00\" \/>\n<meta property=\"og:image\" content=\"https:\/\/www.athome.lu\/blog\/wp-content\/uploads\/2020\/07\/thumb-xxhdpi.jpg\" \/>\n\t<meta property=\"og:image:width\" content=\"1281\" \/>\n\t<meta property=\"og:image:height\" content=\"905\" \/>\n\t<meta property=\"og:image:type\" content=\"image\/jpeg\" \/>\n<meta name=\"author\" content=\"Fanny Pimentel\" \/>\n<meta name=\"twitter:card\" content=\"summary_large_image\" \/>\n<meta name=\"twitter:creator\" content=\"@athomelu\" \/>\n<meta name=\"twitter:site\" content=\"@athomelu\" \/>\n<meta name=\"twitter:label1\" content=\"Verfasst von\" \/>\n\t<meta name=\"twitter:data1\" content=\"Fanny Pimentel\" \/>\n\t<meta name=\"twitter:label2\" content=\"Gesch\u00e4tzte Lesezeit\" \/>\n\t<meta name=\"twitter:data2\" content=\"4\u00a0Minuten\" \/>\n<script type=\"application\/ld+json\" class=\"yoast-schema-graph\">{\"@context\":\"https:\\\/\\\/schema.org\",\"@graph\":[{\"@type\":\"Article\",\"@id\":\"https:\\\/\\\/www.athome.lu\\\/blog\\\/mon-logement\\\/actualites\\\/un-nouveau-pacte-logement-2-0-devoile\\\/#article\",\"isPartOf\":{\"@id\":\"https:\\\/\\\/www.athome.lu\\\/blog\\\/mon-logement\\\/actualites\\\/un-nouveau-pacte-logement-2-0-devoile\\\/\"},\"author\":{\"name\":\"Fanny Pimentel\",\"@id\":\"https:\\\/\\\/www.athome.lu\\\/blog\\\/#\\\/schema\\\/person\\\/47f7a38089f837e792876ceddc4cb2dc\"},\"headline\":\"Un nouveau Pacte Logement 2.0 d\u00e9voil\u00e9\",\"datePublished\":\"2020-07-30T14:37:36+00:00\",\"dateModified\":\"2022-05-11T09:29:23+00:00\",\"mainEntityOfPage\":{\"@id\":\"https:\\\/\\\/www.athome.lu\\\/blog\\\/mon-logement\\\/actualites\\\/un-nouveau-pacte-logement-2-0-devoile\\\/\"},\"wordCount\":886,\"image\":{\"@id\":\"https:\\\/\\\/www.athome.lu\\\/blog\\\/mon-logement\\\/actualites\\\/un-nouveau-pacte-logement-2-0-devoile\\\/#primaryimage\"},\"thumbnailUrl\":\"https:\\\/\\\/www.athome.lu\\\/blog\\\/wp-content\\\/uploads\\\/2020\\\/07\\\/thumb-xxhdpi.jpg\",\"articleSection\":[\"Actualit\u00e9s\"],\"inLanguage\":\"de\"},{\"@type\":\"WebPage\",\"@id\":\"https:\\\/\\\/www.athome.lu\\\/blog\\\/mon-logement\\\/actualites\\\/un-nouveau-pacte-logement-2-0-devoile\\\/\",\"url\":\"https:\\\/\\\/www.athome.lu\\\/blog\\\/mon-logement\\\/actualites\\\/un-nouveau-pacte-logement-2-0-devoile\\\/\",\"name\":\"Un nouveau Pacte Logement 2.0 d\u00e9voil\u00e9 - atHome Blog\",\"isPartOf\":{\"@id\":\"https:\\\/\\\/www.athome.lu\\\/blog\\\/#website\"},\"primaryImageOfPage\":{\"@id\":\"https:\\\/\\\/www.athome.lu\\\/blog\\\/mon-logement\\\/actualites\\\/un-nouveau-pacte-logement-2-0-devoile\\\/#primaryimage\"},\"image\":{\"@id\":\"https:\\\/\\\/www.athome.lu\\\/blog\\\/mon-logement\\\/actualites\\\/un-nouveau-pacte-logement-2-0-devoile\\\/#primaryimage\"},\"thumbnailUrl\":\"https:\\\/\\\/www.athome.lu\\\/blog\\\/wp-content\\\/uploads\\\/2020\\\/07\\\/thumb-xxhdpi.jpg\",\"datePublished\":\"2020-07-30T14:37:36+00:00\",\"dateModified\":\"2022-05-11T09:29:23+00:00\",\"author\":{\"@id\":\"https:\\\/\\\/www.athome.lu\\\/blog\\\/#\\\/schema\\\/person\\\/47f7a38089f837e792876ceddc4cb2dc\"},\"description\":\"Lors de la conf\u00e9rence de presse du 30 juillet 2020, le ministre du Logement, Henri Kox, et la ministre de l\u2019Int\u00e9rieur, Taina Bofferding, ont pr\u00e9sent\u00e9 le projet de loi d\u00e9finissant la collaboration future entre l\u2019Etat et les communes afin de stimuler l\u2019offre de logements abordables\",\"breadcrumb\":{\"@id\":\"https:\\\/\\\/www.athome.lu\\\/blog\\\/mon-logement\\\/actualites\\\/un-nouveau-pacte-logement-2-0-devoile\\\/#breadcrumb\"},\"inLanguage\":\"de\",\"potentialAction\":[{\"@type\":\"ReadAction\",\"target\":[\"https:\\\/\\\/www.athome.lu\\\/blog\\\/mon-logement\\\/actualites\\\/un-nouveau-pacte-logement-2-0-devoile\\\/\"]}]},{\"@type\":\"ImageObject\",\"inLanguage\":\"de\",\"@id\":\"https:\\\/\\\/www.athome.lu\\\/blog\\\/mon-logement\\\/actualites\\\/un-nouveau-pacte-logement-2-0-devoile\\\/#primaryimage\",\"url\":\"https:\\\/\\\/www.athome.lu\\\/blog\\\/wp-content\\\/uploads\\\/2020\\\/07\\\/thumb-xxhdpi.jpg\",\"contentUrl\":\"https:\\\/\\\/www.athome.lu\\\/blog\\\/wp-content\\\/uploads\\\/2020\\\/07\\\/thumb-xxhdpi.jpg\",\"width\":1281,\"height\":905,\"caption\":\"Cr\u00e9dit photo : Minist\u00e8re du Logement\"},{\"@type\":\"BreadcrumbList\",\"@id\":\"https:\\\/\\\/www.athome.lu\\\/blog\\\/mon-logement\\\/actualites\\\/un-nouveau-pacte-logement-2-0-devoile\\\/#breadcrumb\",\"itemListElement\":[{\"@type\":\"ListItem\",\"position\":1,\"name\":\"Accueil\",\"item\":\"https:\\\/\\\/www.athome.lu\\\/blog\\\/\"},{\"@type\":\"ListItem\",\"position\":2,\"name\":\"Mon logement\",\"item\":\"https:\\\/\\\/www.athome.lu\\\/blog\\\/de\\\/category\\\/mein-haus\\\/\"},{\"@type\":\"ListItem\",\"position\":3,\"name\":\"Actualit\u00e9s\",\"item\":\"https:\\\/\\\/www.athome.lu\\\/blog\\\/en\\\/category\\\/my-home\\\/news\\\/\"},{\"@type\":\"ListItem\",\"position\":4,\"name\":\"Un nouveau Pacte Logement 2.0 d\u00e9voil\u00e9\"}]},{\"@type\":\"WebSite\",\"@id\":\"https:\\\/\\\/www.athome.lu\\\/blog\\\/#website\",\"url\":\"https:\\\/\\\/www.athome.lu\\\/blog\\\/\",\"name\":\"atHome Blog\",\"description\":\"Annonces immobili\u00e8res au Luxembourg. Le portail immobilier n\u00b01 au Luxembourg.\",\"potentialAction\":[{\"@type\":\"SearchAction\",\"target\":{\"@type\":\"EntryPoint\",\"urlTemplate\":\"https:\\\/\\\/www.athome.lu\\\/blog\\\/?s={search_term_string}\"},\"query-input\":{\"@type\":\"PropertyValueSpecification\",\"valueRequired\":true,\"valueName\":\"search_term_string\"}}],\"inLanguage\":\"de\"},{\"@type\":\"Person\",\"@id\":\"https:\\\/\\\/www.athome.lu\\\/blog\\\/#\\\/schema\\\/person\\\/47f7a38089f837e792876ceddc4cb2dc\",\"name\":\"Fanny Pimentel\",\"image\":{\"@type\":\"ImageObject\",\"inLanguage\":\"de\",\"@id\":\"https:\\\/\\\/secure.gravatar.com\\\/avatar\\\/c60b27b93851dc9503f9cc9150e73dcb0a86ba6150657e5e4b11d988400bc633?s=96&d=mm&r=g\",\"url\":\"https:\\\/\\\/secure.gravatar.com\\\/avatar\\\/c60b27b93851dc9503f9cc9150e73dcb0a86ba6150657e5e4b11d988400bc633?s=96&d=mm&r=g\",\"contentUrl\":\"https:\\\/\\\/secure.gravatar.com\\\/avatar\\\/c60b27b93851dc9503f9cc9150e73dcb0a86ba6150657e5e4b11d988400bc633?s=96&d=mm&r=g\",\"caption\":\"Fanny Pimentel\"}}]}<\/script>\n<!-- \/ Yoast SEO plugin. -->","yoast_head_json":{"title":"Ein neuer Pacte Logement 2.0 enth\u00fcllt - atHome Blog","description":"Auf der Pressekonferenz am 30. Juli 2020 stellten der Minister f\u00fcr Wohnungswesen, Henri Kox, und die Ministerin f\u00fcr Inneres, Taina Bofferding, den Gesetzentwurf vor, der die k\u00fcnftige Zusammenarbeit zwischen Staat und Gemeinden zur F\u00f6rderung des Angebots an erschwinglichem Wohnraum festlegt","robots":{"index":"index","follow":"follow","max-snippet":"max-snippet:-1","max-image-preview":"max-image-preview:large","max-video-preview":"max-video-preview:-1"},"canonical":"https:\/\/www.athome.lu\/blog\/de\/mein-haus\/nachrichten\/ein-neuer-wohnungspakt-2-0-verschleiert\/","og_locale":"de_DE","og_type":"article","og_title":"Un nouveau Pacte Logement 2.0 d\u00e9voil\u00e9 - atHome Blog","og_description":"Lors de la conf\u00e9rence de presse du 30 juillet 2020, le ministre du Logement, Henri Kox, et la ministre de l\u2019Int\u00e9rieur, Taina Bofferding, ont pr\u00e9sent\u00e9 le projet de loi d\u00e9finissant la collaboration future entre l\u2019Etat et les communes afin de stimuler l\u2019offre de logements abordables","og_url":"https:\/\/www.athome.lu\/blog\/de\/mein-haus\/nachrichten\/ein-neuer-wohnungspakt-2-0-verschleiert\/","og_site_name":"atHome Blog","article_publisher":"https:\/\/www.facebook.com\/atHome.lu\/","article_published_time":"2020-07-30T14:37:36+00:00","article_modified_time":"2022-05-11T09:29:23+00:00","og_image":[{"width":1281,"height":905,"url":"https:\/\/www.athome.lu\/blog\/wp-content\/uploads\/2020\/07\/thumb-xxhdpi.jpg","type":"image\/jpeg"}],"author":"Fanny Pimentel","twitter_card":"summary_large_image","twitter_creator":"@athomelu","twitter_site":"@athomelu","twitter_misc":{"Verfasst von":"Fanny Pimentel","Gesch\u00e4tzte Lesezeit":"4\u00a0Minuten"},"schema":{"@context":"https:\/\/schema.org","@graph":[{"@type":"Article","@id":"https:\/\/www.athome.lu\/blog\/mon-logement\/actualites\/un-nouveau-pacte-logement-2-0-devoile\/#article","isPartOf":{"@id":"https:\/\/www.athome.lu\/blog\/mon-logement\/actualites\/un-nouveau-pacte-logement-2-0-devoile\/"},"author":{"name":"Fanny Pimentel","@id":"https:\/\/www.athome.lu\/blog\/#\/schema\/person\/47f7a38089f837e792876ceddc4cb2dc"},"headline":"Un nouveau Pacte Logement 2.0 d\u00e9voil\u00e9","datePublished":"2020-07-30T14:37:36+00:00","dateModified":"2022-05-11T09:29:23+00:00","mainEntityOfPage":{"@id":"https:\/\/www.athome.lu\/blog\/mon-logement\/actualites\/un-nouveau-pacte-logement-2-0-devoile\/"},"wordCount":886,"image":{"@id":"https:\/\/www.athome.lu\/blog\/mon-logement\/actualites\/un-nouveau-pacte-logement-2-0-devoile\/#primaryimage"},"thumbnailUrl":"https:\/\/www.athome.lu\/blog\/wp-content\/uploads\/2020\/07\/thumb-xxhdpi.jpg","articleSection":["Actualit\u00e9s"],"inLanguage":"de"},{"@type":"WebPage","@id":"https:\/\/www.athome.lu\/blog\/mon-logement\/actualites\/un-nouveau-pacte-logement-2-0-devoile\/","url":"https:\/\/www.athome.lu\/blog\/mon-logement\/actualites\/un-nouveau-pacte-logement-2-0-devoile\/","name":"Ein neuer Pacte Logement 2.0 enth\u00fcllt - atHome Blog","isPartOf":{"@id":"https:\/\/www.athome.lu\/blog\/#website"},"primaryImageOfPage":{"@id":"https:\/\/www.athome.lu\/blog\/mon-logement\/actualites\/un-nouveau-pacte-logement-2-0-devoile\/#primaryimage"},"image":{"@id":"https:\/\/www.athome.lu\/blog\/mon-logement\/actualites\/un-nouveau-pacte-logement-2-0-devoile\/#primaryimage"},"thumbnailUrl":"https:\/\/www.athome.lu\/blog\/wp-content\/uploads\/2020\/07\/thumb-xxhdpi.jpg","datePublished":"2020-07-30T14:37:36+00:00","dateModified":"2022-05-11T09:29:23+00:00","author":{"@id":"https:\/\/www.athome.lu\/blog\/#\/schema\/person\/47f7a38089f837e792876ceddc4cb2dc"},"description":"Auf der Pressekonferenz am 30. Juli 2020 stellten der Minister f\u00fcr Wohnungswesen, Henri Kox, und die Ministerin f\u00fcr Inneres, Taina Bofferding, den Gesetzentwurf vor, der die k\u00fcnftige Zusammenarbeit zwischen Staat und Gemeinden zur F\u00f6rderung des Angebots an erschwinglichem Wohnraum festlegt","breadcrumb":{"@id":"https:\/\/www.athome.lu\/blog\/mon-logement\/actualites\/un-nouveau-pacte-logement-2-0-devoile\/#breadcrumb"},"inLanguage":"de","potentialAction":[{"@type":"ReadAction","target":["https:\/\/www.athome.lu\/blog\/mon-logement\/actualites\/un-nouveau-pacte-logement-2-0-devoile\/"]}]},{"@type":"ImageObject","inLanguage":"de","@id":"https:\/\/www.athome.lu\/blog\/mon-logement\/actualites\/un-nouveau-pacte-logement-2-0-devoile\/#primaryimage","url":"https:\/\/www.athome.lu\/blog\/wp-content\/uploads\/2020\/07\/thumb-xxhdpi.jpg","contentUrl":"https:\/\/www.athome.lu\/blog\/wp-content\/uploads\/2020\/07\/thumb-xxhdpi.jpg","width":1281,"height":905,"caption":"Cr\u00e9dit photo : Minist\u00e8re du Logement"},{"@type":"BreadcrumbList","@id":"https:\/\/www.athome.lu\/blog\/mon-logement\/actualites\/un-nouveau-pacte-logement-2-0-devoile\/#breadcrumb","itemListElement":[{"@type":"ListItem","position":1,"name":"Accueil","item":"https:\/\/www.athome.lu\/blog\/"},{"@type":"ListItem","position":2,"name":"Mon logement","item":"https:\/\/www.athome.lu\/blog\/de\/category\/mein-haus\/"},{"@type":"ListItem","position":3,"name":"Actualit\u00e9s","item":"https:\/\/www.athome.lu\/blog\/en\/category\/my-home\/news\/"},{"@type":"ListItem","position":4,"name":"Un nouveau Pacte Logement 2.0 d\u00e9voil\u00e9"}]},{"@type":"WebSite","@id":"https:\/\/www.athome.lu\/blog\/#website","url":"https:\/\/www.athome.lu\/blog\/","name":"atHome Blog","description":"Immobilienanzeigen in Luxemburg. Das Immobilienportal Nr. 1 in Luxemburg.","potentialAction":[{"@type":"SearchAction","target":{"@type":"EntryPoint","urlTemplate":"https:\/\/www.athome.lu\/blog\/?s={search_term_string}"},"query-input":{"@type":"PropertyValueSpecification","valueRequired":true,"valueName":"search_term_string"}}],"inLanguage":"de"},{"@type":"Person","@id":"https:\/\/www.athome.lu\/blog\/#\/schema\/person\/47f7a38089f837e792876ceddc4cb2dc","name":"Fanny Pimentel","image":{"@type":"ImageObject","inLanguage":"de","@id":"https:\/\/secure.gravatar.com\/avatar\/c60b27b93851dc9503f9cc9150e73dcb0a86ba6150657e5e4b11d988400bc633?s=96&d=mm&r=g","url":"https:\/\/secure.gravatar.com\/avatar\/c60b27b93851dc9503f9cc9150e73dcb0a86ba6150657e5e4b11d988400bc633?s=96&d=mm&r=g","contentUrl":"https:\/\/secure.gravatar.com\/avatar\/c60b27b93851dc9503f9cc9150e73dcb0a86ba6150657e5e4b11d988400bc633?s=96&d=mm&r=g","caption":"Fanny Pimentel"}}]}},"featured_media_src_url":"https:\/\/www.athome.lu\/blog\/wp-content\/uploads\/2020\/07\/thumb-xxhdpi-1024x723.jpg","_links":{"self":[{"href":"https:\/\/www.athome.lu\/blog\/de\/wp-json\/wp\/v2\/posts\/12913","targetHints":{"allow":["GET"]}}],"collection":[{"href":"https:\/\/www.athome.lu\/blog\/de\/wp-json\/wp\/v2\/posts"}],"about":[{"href":"https:\/\/www.athome.lu\/blog\/de\/wp-json\/wp\/v2\/types\/post"}],"author":[{"embeddable":true,"href":"https:\/\/www.athome.lu\/blog\/de\/wp-json\/wp\/v2\/users\/17"}],"replies":[{"embeddable":true,"href":"https:\/\/www.athome.lu\/blog\/de\/wp-json\/wp\/v2\/comments?post=12913"}],"version-history":[{"count":2,"href":"https:\/\/www.athome.lu\/blog\/de\/wp-json\/wp\/v2\/posts\/12913\/revisions"}],"predecessor-version":[{"id":14958,"href":"https:\/\/www.athome.lu\/blog\/de\/wp-json\/wp\/v2\/posts\/12913\/revisions\/14958"}],"wp:featuredmedia":[{"embeddable":true,"href":"https:\/\/www.athome.lu\/blog\/de\/wp-json\/wp\/v2\/media\/12914"}],"wp:attachment":[{"href":"https:\/\/www.athome.lu\/blog\/de\/wp-json\/wp\/v2\/media?parent=12913"}],"wp:term":[{"taxonomy":"category","embeddable":true,"href":"https:\/\/www.athome.lu\/blog\/de\/wp-json\/wp\/v2\/categories?post=12913"},{"taxonomy":"post_tag","embeddable":true,"href":"https:\/\/www.athome.lu\/blog\/de\/wp-json\/wp\/v2\/tags?post=12913"}],"curies":[{"name":"wp","href":"https:\/\/api.w.org\/{rel}","templated":true}]}}