{"id":13141,"date":"2022-06-30T09:29:17","date_gmt":"2022-06-30T08:29:17","guid":{"rendered":"https:\/\/www.athome.lu\/blogpro\/?p=13141"},"modified":"2024-04-23T10:20:09","modified_gmt":"2024-04-23T08:20:09","slug":"athome-magazine-eine-preisstagnation-in-sicht","status":"publish","type":"post","link":"https:\/\/www.athome.lu\/blog\/de\/pro\/actualites-athome\/athome-magazine-une-stagnation-des-prix-en-vue\/","title":{"rendered":"atHome Magazine: Stagnierende Preise in Sicht?"},"content":{"rendered":"<h3><\/h3>\n<h2>Eine Verlangsamung der <a href=\"https:\/\/www.athome.lu\/blog\/blogpro\/les-prix-immobiliers-en-2022\/\">Preis<\/a> in allen Regionen<\/h2>\n<p>Mit\u00a0<strong>+3.0% \u00fcber die letzten 6 Monate<\/strong><strong>,<\/strong>\u00a0alte Immobilien in Luxemburg verlangsamt.\u00a0<strong>Das globale Wachstum wird halbiert.<\/strong><\/p>\n<ul>\n<li><strong>Der Norden und der Osten\u00a0<\/strong>erleben einen\u00a0<strong>starke Verlangsamung.<\/strong><\/li>\n<li><strong>Das Zentrum und der Westen<\/strong>\u00a0beobachten einen\u00a0<strong>m\u00e4\u00dfige Verlangsamung.<\/strong><\/li>\n<li><strong>Der S\u00fcden\u00a0<\/strong>bleibt\u00a0<strong>stabil<\/strong><\/li>\n<\/ul>\n<p><img loading=\"lazy\" decoding=\"async\" class=\"normal alignnone size-medium wp-image-13153\" src=\"https:\/\/www.athome.lu\/blog\/blog\/wp-content\/uploads\/2022\/06\/20f5ec64-carte-prix-immo-2022-athome_10jm0jl000000000000028-300x300.png\" alt=\"Karte \" width=\"300\" height=\"300\" srcset=\"https:\/\/www.athome.lu\/blog\/wp-content\/uploads\/2022\/06\/20f5ec64-carte-prix-immo-2022-athome_10jm0jl000000000000028-300x300.png 300w, https:\/\/www.athome.lu\/blog\/wp-content\/uploads\/2022\/06\/20f5ec64-carte-prix-immo-2022-athome_10jm0jl000000000000028-150x150.png 150w, https:\/\/www.athome.lu\/blog\/wp-content\/uploads\/2022\/06\/20f5ec64-carte-prix-immo-2022-athome_10jm0jl000000000000028-12x12.png 12w, https:\/\/www.athome.lu\/blog\/wp-content\/uploads\/2022\/06\/20f5ec64-carte-prix-immo-2022-athome_10jm0jl000000000000028.png 706w\" sizes=\"auto, (max-width: 300px) 100vw, 300px\" \/><\/p>\n<p>Im Einzelnen sind dies\u00a0<strong>die Entwicklung des Preises pro m\u00b2 nach Region f\u00fcr \u00e4ltere Immobilien in den letzten 6 Monaten :<\/strong><\/p>\n<ul>\n<li>Zentrum :\u00a0<strong>+2.6%<\/strong>\u00a0(gegen\u00fcber +5.2%)<\/li>\n<li>Nord :<strong>\u00a0+2.5%<\/strong><strong>\u00a0(gegen\u00fcber +13%)<\/strong><\/li>\n<li>S\u00fcd :\u00a0<strong>+4.7%<\/strong>\u00a0(gegen\u00fcber +5.5%)<\/li>\n<li>Ist :\u00a0<strong>+2.7%<\/strong><strong>\u00a0(gegen\u00fcber +10.8%)<\/strong><\/li>\n<li>West :\u00a0<strong>+3.9%<\/strong>\u00a0(gegen\u00fcber +7.4%)<\/li>\n<\/ul>\n<p>Die im Rahmen unserer Umfrage befragten Agenten, Promotoren und Experten erwarten eine Stabilisierung des Wachstums bei etwa\u00a0<strong>3% bis 5% pro Jahr auf lange Sicht.<\/strong><\/p>\n<div id=\"lp-pom-text-652\" class=\"lp-element lp-pom-text nlh\">\n<h2>Expertengespr\u00e4che: Spannungen auf dem Markt<\/h2>\n<\/div>\n<div id=\"lp-pom-text-653\" class=\"lp-element lp-pom-text nlh\">\n<p>Im Jahr 2022 \u00fcberlagern sich zwei Ph\u00e4nomene, die zu einer starken Anspannung auf dem Immobilienmarkt f\u00fchren:<\/p>\n<ul>\n<li><strong>Die Erholung nach Covid\u00a0<\/strong>hatte angesichts der starken weltweiten Nachfrage zu einem Anstieg der Materialpreise gef\u00fchrt ;<\/li>\n<li><strong>Der Krieg in der Ukraine\u00a0<\/strong>st\u00f6rt derzeit die Lieferketten und f\u00fchrt zu einem weiteren kontinuierlichen Anstieg der Material-, Transport- und Energiepreise.<\/li>\n<\/ul>\n<p>Entsprechend,<strong>die Preise f\u00fcr Materialien\u00a0<\/strong><strong>haben\u00a0<\/strong><strong>von 15% auf 20% erh\u00f6ht<\/strong>\u00a0seit Beginn des Krieges in der Ukraine. Dies betrifft vor allem Stahl, Beton, Fliesen oder Holz. Sie d\u00fcrften in den kommenden Monaten weiter steigen.<\/p>\n<h2>Expertenmeinung: \"Die Preise werden weiter steigen, aber nicht mehr so schnell\".<\/h2>\n<p>Angesichts der anhaltend hohen Nachfrage auf dem Markt liegt eines der Hauptprobleme im Wohnungsangebot, das wiederum durch das Angebot an Grundst\u00fccken blockiert wird.<\/p>\n<p>\"Die Kosten f\u00fcr den Besitz von Grund und Boden sind in Luxemburg sehr niedrig\", erkl\u00e4rt Julien Licheron, Forscher am LISER (Observatoire de l'Habitat). \"<strong>Unsere Schwierigkeit besteht darin\u00a0<\/strong><strong>Land mobilisieren<\/strong>\", f\u00e4hrt er fort.<\/p>\n<p>Im Klartext hei\u00dft das, dass viele Baugrundst\u00fccke verf\u00fcgbar sind. Sie befinden sich jedoch im Besitz von Eigent\u00fcmern, die keinen steuerlichen Anreiz haben, sich von ihnen zu trennen. Daher werden nur wenige Wohnungen gebaut. Die Preise steigen.<\/p>\n<p>Nach Ansicht von Julien Licheron wird der k\u00fcrzlich eingeleitete Nachfrager\u00fcckgang nicht stark genug sein, um die Preiskurve umzukehren. Er f\u00fcgt hinzu:\u00a0<strong>\"Die Immobilienpreise werden weiter steigen, aber nicht mehr so schnell wie fr\u00fcher\".<\/strong><\/p>\n<\/div>\n<p>Um herauszufinden, ob tats\u00e4chlich eine Stagnation der Immobilienpreise in Luxemburg in Sicht ist, klicken Sie <a href=\"https:\/\/lp.athome.lu\/prix-immobilier-2022\/\">hier<\/a><\/p>","protected":false},"excerpt":{"rendered":"<p>Un ralentissement des prix dans toutes les r\u00e9gions Avec\u00a0+3.0% sur les 6 derniers mois,\u00a0l'immobilier ancien ralentit au Luxembourg.\u00a0La\u00a0croissance globale est divis\u00e9e par 2. Le Nord et l'Est\u00a0connaissent un\u00a0ralentissement important. Le Centre et l'Ouest\u00a0observent un\u00a0ralentissement mod\u00e9r\u00e9. Le Sud\u00a0reste\u00a0stable Dans le d\u00e9tail, voici\u00a0l'\u00e9volution du prix du m\u00b2 par r\u00e9gion pour les biens anciens, sur les 6 derniers [&hellip;]<\/p>\n","protected":false},"author":17,"featured_media":13110,"comment_status":"closed","ping_status":"closed","sticky":false,"template":"","format":"standard","meta":{"_acf_changed":false,"footnotes":""},"categories":[234],"tags":[],"class_list":["post-13141","post","type-post","status-publish","format-standard","has-post-thumbnail","hentry","category-actualites-athome"],"acf":[],"yoast_head":"<!-- This site is optimized with the Yoast SEO plugin v27.4 - https:\/\/yoast.com\/product\/yoast-seo-wordpress\/ -->\n<title>\u25b7 atHome Magazine: Une stagnation des prix en vue ? | atHomePro<\/title>\n<meta name=\"description\" content=\"Avec\u00a0+3.0% sur les 6 derniers mois,\u00a0l&#039;immobilier ancien ralentit au Luxembourg.\u00a0La\u00a0croissance globale est divis\u00e9e par 2.\" \/>\n<meta name=\"robots\" content=\"index, follow, max-snippet:-1, max-image-preview:large, max-video-preview:-1\" \/>\n<link rel=\"canonical\" href=\"https:\/\/www.athome.lu\/blog\/de\/pro\/news-athome\/athome-magazine-eine-preisstagnation-in-sicht\/\" \/>\n<meta property=\"og:locale\" content=\"de_DE\" \/>\n<meta property=\"og:type\" content=\"article\" \/>\n<meta property=\"og:title\" content=\"\u25b7 atHome Magazine: Une stagnation des prix en vue ? | atHomePro\" \/>\n<meta property=\"og:description\" content=\"Avec\u00a0+3.0% sur les 6 derniers mois,\u00a0l&#039;immobilier ancien ralentit au Luxembourg.\u00a0La\u00a0croissance globale est divis\u00e9e par 2.\" \/>\n<meta property=\"og:url\" content=\"https:\/\/www.athome.lu\/blog\/de\/pro\/news-athome\/athome-magazine-eine-preisstagnation-in-sicht\/\" \/>\n<meta property=\"og:site_name\" content=\"atHome Blog\" \/>\n<meta property=\"article:publisher\" content=\"https:\/\/www.facebook.com\/atHome.lu\/\" \/>\n<meta property=\"article:published_time\" content=\"2022-06-30T08:29:17+00:00\" \/>\n<meta property=\"article:modified_time\" content=\"2024-04-23T08:20:09+00:00\" \/>\n<meta property=\"og:image\" content=\"https:\/\/www.athome.lu\/blog\/wp-content\/uploads\/2022\/06\/top-view-hands-and-stationery-items-scaled-1.jpg\" \/>\n\t<meta property=\"og:image:width\" content=\"2560\" \/>\n\t<meta property=\"og:image:height\" content=\"1709\" \/>\n\t<meta property=\"og:image:type\" content=\"image\/jpeg\" \/>\n<meta name=\"author\" content=\"Fanny Pimentel\" \/>\n<meta name=\"twitter:card\" content=\"summary_large_image\" \/>\n<meta name=\"twitter:creator\" content=\"@athomelu\" \/>\n<meta name=\"twitter:site\" content=\"@athomelu\" \/>\n<meta name=\"twitter:label1\" content=\"Verfasst von\" \/>\n\t<meta name=\"twitter:data1\" content=\"Fanny Pimentel\" \/>\n\t<meta name=\"twitter:label2\" content=\"Gesch\u00e4tzte Lesezeit\" \/>\n\t<meta name=\"twitter:data2\" content=\"3\u00a0Minuten\" \/>\n<script type=\"application\/ld+json\" class=\"yoast-schema-graph\">{\"@context\":\"https:\\\/\\\/schema.org\",\"@graph\":[{\"@type\":\"Article\",\"@id\":\"https:\\\/\\\/www.athome.lu\\\/blog\\\/pro\\\/actualites-athome\\\/athome-magazine-une-stagnation-des-prix-en-vue\\\/#article\",\"isPartOf\":{\"@id\":\"https:\\\/\\\/www.athome.lu\\\/blog\\\/pro\\\/actualites-athome\\\/athome-magazine-une-stagnation-des-prix-en-vue\\\/\"},\"author\":{\"name\":\"Fanny Pimentel\",\"@id\":\"https:\\\/\\\/www.athome.lu\\\/blog\\\/#\\\/schema\\\/person\\\/47f7a38089f837e792876ceddc4cb2dc\"},\"headline\":\"atHome Magazine: Une stagnation des prix en vue ?\",\"datePublished\":\"2022-06-30T08:29:17+00:00\",\"dateModified\":\"2024-04-23T08:20:09+00:00\",\"mainEntityOfPage\":{\"@id\":\"https:\\\/\\\/www.athome.lu\\\/blog\\\/pro\\\/actualites-athome\\\/athome-magazine-une-stagnation-des-prix-en-vue\\\/\"},\"wordCount\":394,\"image\":{\"@id\":\"https:\\\/\\\/www.athome.lu\\\/blog\\\/pro\\\/actualites-athome\\\/athome-magazine-une-stagnation-des-prix-en-vue\\\/#primaryimage\"},\"thumbnailUrl\":\"https:\\\/\\\/www.athome.lu\\\/blog\\\/wp-content\\\/uploads\\\/2022\\\/06\\\/top-view-hands-and-stationery-items-scaled-1.jpg\",\"articleSection\":[\"Actualit\u00e9s atHome\"],\"inLanguage\":\"de\"},{\"@type\":\"WebPage\",\"@id\":\"https:\\\/\\\/www.athome.lu\\\/blog\\\/pro\\\/actualites-athome\\\/athome-magazine-une-stagnation-des-prix-en-vue\\\/\",\"url\":\"https:\\\/\\\/www.athome.lu\\\/blog\\\/pro\\\/actualites-athome\\\/athome-magazine-une-stagnation-des-prix-en-vue\\\/\",\"name\":\"\u25b7 atHome Magazine: Une stagnation des prix en vue ? | atHomePro\",\"isPartOf\":{\"@id\":\"https:\\\/\\\/www.athome.lu\\\/blog\\\/#website\"},\"primaryImageOfPage\":{\"@id\":\"https:\\\/\\\/www.athome.lu\\\/blog\\\/pro\\\/actualites-athome\\\/athome-magazine-une-stagnation-des-prix-en-vue\\\/#primaryimage\"},\"image\":{\"@id\":\"https:\\\/\\\/www.athome.lu\\\/blog\\\/pro\\\/actualites-athome\\\/athome-magazine-une-stagnation-des-prix-en-vue\\\/#primaryimage\"},\"thumbnailUrl\":\"https:\\\/\\\/www.athome.lu\\\/blog\\\/wp-content\\\/uploads\\\/2022\\\/06\\\/top-view-hands-and-stationery-items-scaled-1.jpg\",\"datePublished\":\"2022-06-30T08:29:17+00:00\",\"dateModified\":\"2024-04-23T08:20:09+00:00\",\"author\":{\"@id\":\"https:\\\/\\\/www.athome.lu\\\/blog\\\/#\\\/schema\\\/person\\\/47f7a38089f837e792876ceddc4cb2dc\"},\"description\":\"Avec\u00a0+3.0% sur les 6 derniers mois,\u00a0l'immobilier ancien ralentit au Luxembourg.\u00a0La\u00a0croissance globale est divis\u00e9e par 2.\",\"breadcrumb\":{\"@id\":\"https:\\\/\\\/www.athome.lu\\\/blog\\\/pro\\\/actualites-athome\\\/athome-magazine-une-stagnation-des-prix-en-vue\\\/#breadcrumb\"},\"inLanguage\":\"de\",\"potentialAction\":[{\"@type\":\"ReadAction\",\"target\":[\"https:\\\/\\\/www.athome.lu\\\/blog\\\/pro\\\/actualites-athome\\\/athome-magazine-une-stagnation-des-prix-en-vue\\\/\"]}]},{\"@type\":\"ImageObject\",\"inLanguage\":\"de\",\"@id\":\"https:\\\/\\\/www.athome.lu\\\/blog\\\/pro\\\/actualites-athome\\\/athome-magazine-une-stagnation-des-prix-en-vue\\\/#primaryimage\",\"url\":\"https:\\\/\\\/www.athome.lu\\\/blog\\\/wp-content\\\/uploads\\\/2022\\\/06\\\/top-view-hands-and-stationery-items-scaled-1.jpg\",\"contentUrl\":\"https:\\\/\\\/www.athome.lu\\\/blog\\\/wp-content\\\/uploads\\\/2022\\\/06\\\/top-view-hands-and-stationery-items-scaled-1.jpg\",\"width\":2560,\"height\":1709},{\"@type\":\"BreadcrumbList\",\"@id\":\"https:\\\/\\\/www.athome.lu\\\/blog\\\/pro\\\/actualites-athome\\\/athome-magazine-une-stagnation-des-prix-en-vue\\\/#breadcrumb\",\"itemListElement\":[{\"@type\":\"ListItem\",\"position\":1,\"name\":\"Accueil\",\"item\":\"https:\\\/\\\/www.athome.lu\\\/blog\\\/\"},{\"@type\":\"ListItem\",\"position\":2,\"name\":\"Pro\",\"item\":\"https:\\\/\\\/www.athome.lu\\\/blog\\\/category\\\/pro\\\/\"},{\"@type\":\"ListItem\",\"position\":3,\"name\":\"Actualit\u00e9s atHome\",\"item\":\"https:\\\/\\\/www.athome.lu\\\/blog\\\/category\\\/pro\\\/actualites-athome\\\/\"},{\"@type\":\"ListItem\",\"position\":4,\"name\":\"atHome Magazine: Une stagnation des prix en vue ?\"}]},{\"@type\":\"WebSite\",\"@id\":\"https:\\\/\\\/www.athome.lu\\\/blog\\\/#website\",\"url\":\"https:\\\/\\\/www.athome.lu\\\/blog\\\/\",\"name\":\"atHome Blog\",\"description\":\"Annonces immobili\u00e8res au Luxembourg. Le portail immobilier n\u00b01 au Luxembourg.\",\"potentialAction\":[{\"@type\":\"SearchAction\",\"target\":{\"@type\":\"EntryPoint\",\"urlTemplate\":\"https:\\\/\\\/www.athome.lu\\\/blog\\\/?s={search_term_string}\"},\"query-input\":{\"@type\":\"PropertyValueSpecification\",\"valueRequired\":true,\"valueName\":\"search_term_string\"}}],\"inLanguage\":\"de\"},{\"@type\":\"Person\",\"@id\":\"https:\\\/\\\/www.athome.lu\\\/blog\\\/#\\\/schema\\\/person\\\/47f7a38089f837e792876ceddc4cb2dc\",\"name\":\"Fanny Pimentel\",\"image\":{\"@type\":\"ImageObject\",\"inLanguage\":\"de\",\"@id\":\"https:\\\/\\\/secure.gravatar.com\\\/avatar\\\/c60b27b93851dc9503f9cc9150e73dcb0a86ba6150657e5e4b11d988400bc633?s=96&d=mm&r=g\",\"url\":\"https:\\\/\\\/secure.gravatar.com\\\/avatar\\\/c60b27b93851dc9503f9cc9150e73dcb0a86ba6150657e5e4b11d988400bc633?s=96&d=mm&r=g\",\"contentUrl\":\"https:\\\/\\\/secure.gravatar.com\\\/avatar\\\/c60b27b93851dc9503f9cc9150e73dcb0a86ba6150657e5e4b11d988400bc633?s=96&d=mm&r=g\",\"caption\":\"Fanny Pimentel\"}}]}<\/script>\n<!-- \/ Yoast SEO plugin. -->","yoast_head_json":{"title":"\u25b7 atHome Magazine: Stagnierende Preise in Sicht? | atHomePro","description":"Mit +3.0% in den letzten 6 Monaten verlangsamt sich der Markt f\u00fcr alte Immobilien in Luxemburg. Das Gesamtwachstum halbiert sich.","robots":{"index":"index","follow":"follow","max-snippet":"max-snippet:-1","max-image-preview":"max-image-preview:large","max-video-preview":"max-video-preview:-1"},"canonical":"https:\/\/www.athome.lu\/blog\/de\/pro\/news-athome\/athome-magazine-eine-preisstagnation-in-sicht\/","og_locale":"de_DE","og_type":"article","og_title":"\u25b7 atHome Magazine: Une stagnation des prix en vue ? | atHomePro","og_description":"Avec\u00a0+3.0% sur les 6 derniers mois,\u00a0l'immobilier ancien ralentit au Luxembourg.\u00a0La\u00a0croissance globale est divis\u00e9e par 2.","og_url":"https:\/\/www.athome.lu\/blog\/de\/pro\/news-athome\/athome-magazine-eine-preisstagnation-in-sicht\/","og_site_name":"atHome Blog","article_publisher":"https:\/\/www.facebook.com\/atHome.lu\/","article_published_time":"2022-06-30T08:29:17+00:00","article_modified_time":"2024-04-23T08:20:09+00:00","og_image":[{"width":2560,"height":1709,"url":"https:\/\/www.athome.lu\/blog\/wp-content\/uploads\/2022\/06\/top-view-hands-and-stationery-items-scaled-1.jpg","type":"image\/jpeg"}],"author":"Fanny Pimentel","twitter_card":"summary_large_image","twitter_creator":"@athomelu","twitter_site":"@athomelu","twitter_misc":{"Verfasst von":"Fanny Pimentel","Gesch\u00e4tzte Lesezeit":"3\u00a0Minuten"},"schema":{"@context":"https:\/\/schema.org","@graph":[{"@type":"Article","@id":"https:\/\/www.athome.lu\/blog\/pro\/actualites-athome\/athome-magazine-une-stagnation-des-prix-en-vue\/#article","isPartOf":{"@id":"https:\/\/www.athome.lu\/blog\/pro\/actualites-athome\/athome-magazine-une-stagnation-des-prix-en-vue\/"},"author":{"name":"Fanny Pimentel","@id":"https:\/\/www.athome.lu\/blog\/#\/schema\/person\/47f7a38089f837e792876ceddc4cb2dc"},"headline":"atHome Magazine: Une stagnation des prix en vue ?","datePublished":"2022-06-30T08:29:17+00:00","dateModified":"2024-04-23T08:20:09+00:00","mainEntityOfPage":{"@id":"https:\/\/www.athome.lu\/blog\/pro\/actualites-athome\/athome-magazine-une-stagnation-des-prix-en-vue\/"},"wordCount":394,"image":{"@id":"https:\/\/www.athome.lu\/blog\/pro\/actualites-athome\/athome-magazine-une-stagnation-des-prix-en-vue\/#primaryimage"},"thumbnailUrl":"https:\/\/www.athome.lu\/blog\/wp-content\/uploads\/2022\/06\/top-view-hands-and-stationery-items-scaled-1.jpg","articleSection":["Actualit\u00e9s atHome"],"inLanguage":"de"},{"@type":"WebPage","@id":"https:\/\/www.athome.lu\/blog\/pro\/actualites-athome\/athome-magazine-une-stagnation-des-prix-en-vue\/","url":"https:\/\/www.athome.lu\/blog\/pro\/actualites-athome\/athome-magazine-une-stagnation-des-prix-en-vue\/","name":"\u25b7 atHome Magazine: Stagnierende Preise in Sicht? | atHomePro","isPartOf":{"@id":"https:\/\/www.athome.lu\/blog\/#website"},"primaryImageOfPage":{"@id":"https:\/\/www.athome.lu\/blog\/pro\/actualites-athome\/athome-magazine-une-stagnation-des-prix-en-vue\/#primaryimage"},"image":{"@id":"https:\/\/www.athome.lu\/blog\/pro\/actualites-athome\/athome-magazine-une-stagnation-des-prix-en-vue\/#primaryimage"},"thumbnailUrl":"https:\/\/www.athome.lu\/blog\/wp-content\/uploads\/2022\/06\/top-view-hands-and-stationery-items-scaled-1.jpg","datePublished":"2022-06-30T08:29:17+00:00","dateModified":"2024-04-23T08:20:09+00:00","author":{"@id":"https:\/\/www.athome.lu\/blog\/#\/schema\/person\/47f7a38089f837e792876ceddc4cb2dc"},"description":"Mit +3.0% in den letzten 6 Monaten verlangsamt sich der Markt f\u00fcr alte Immobilien in Luxemburg. Das Gesamtwachstum halbiert sich.","breadcrumb":{"@id":"https:\/\/www.athome.lu\/blog\/pro\/actualites-athome\/athome-magazine-une-stagnation-des-prix-en-vue\/#breadcrumb"},"inLanguage":"de","potentialAction":[{"@type":"ReadAction","target":["https:\/\/www.athome.lu\/blog\/pro\/actualites-athome\/athome-magazine-une-stagnation-des-prix-en-vue\/"]}]},{"@type":"ImageObject","inLanguage":"de","@id":"https:\/\/www.athome.lu\/blog\/pro\/actualites-athome\/athome-magazine-une-stagnation-des-prix-en-vue\/#primaryimage","url":"https:\/\/www.athome.lu\/blog\/wp-content\/uploads\/2022\/06\/top-view-hands-and-stationery-items-scaled-1.jpg","contentUrl":"https:\/\/www.athome.lu\/blog\/wp-content\/uploads\/2022\/06\/top-view-hands-and-stationery-items-scaled-1.jpg","width":2560,"height":1709},{"@type":"BreadcrumbList","@id":"https:\/\/www.athome.lu\/blog\/pro\/actualites-athome\/athome-magazine-une-stagnation-des-prix-en-vue\/#breadcrumb","itemListElement":[{"@type":"ListItem","position":1,"name":"Accueil","item":"https:\/\/www.athome.lu\/blog\/"},{"@type":"ListItem","position":2,"name":"Pro","item":"https:\/\/www.athome.lu\/blog\/category\/pro\/"},{"@type":"ListItem","position":3,"name":"Actualit\u00e9s atHome","item":"https:\/\/www.athome.lu\/blog\/category\/pro\/actualites-athome\/"},{"@type":"ListItem","position":4,"name":"atHome Magazine: Une stagnation des prix en vue ?"}]},{"@type":"WebSite","@id":"https:\/\/www.athome.lu\/blog\/#website","url":"https:\/\/www.athome.lu\/blog\/","name":"atHome Blog","description":"Immobilienanzeigen in Luxemburg. Das Immobilienportal Nr. 1 in Luxemburg.","potentialAction":[{"@type":"SearchAction","target":{"@type":"EntryPoint","urlTemplate":"https:\/\/www.athome.lu\/blog\/?s={search_term_string}"},"query-input":{"@type":"PropertyValueSpecification","valueRequired":true,"valueName":"search_term_string"}}],"inLanguage":"de"},{"@type":"Person","@id":"https:\/\/www.athome.lu\/blog\/#\/schema\/person\/47f7a38089f837e792876ceddc4cb2dc","name":"Fanny Pimentel","image":{"@type":"ImageObject","inLanguage":"de","@id":"https:\/\/secure.gravatar.com\/avatar\/c60b27b93851dc9503f9cc9150e73dcb0a86ba6150657e5e4b11d988400bc633?s=96&d=mm&r=g","url":"https:\/\/secure.gravatar.com\/avatar\/c60b27b93851dc9503f9cc9150e73dcb0a86ba6150657e5e4b11d988400bc633?s=96&d=mm&r=g","contentUrl":"https:\/\/secure.gravatar.com\/avatar\/c60b27b93851dc9503f9cc9150e73dcb0a86ba6150657e5e4b11d988400bc633?s=96&d=mm&r=g","caption":"Fanny Pimentel"}}]}},"featured_media_src_url":"https:\/\/www.athome.lu\/blog\/wp-content\/uploads\/2022\/06\/top-view-hands-and-stationery-items-scaled-1-1024x684.jpg","_links":{"self":[{"href":"https:\/\/www.athome.lu\/blog\/de\/wp-json\/wp\/v2\/posts\/13141","targetHints":{"allow":["GET"]}}],"collection":[{"href":"https:\/\/www.athome.lu\/blog\/de\/wp-json\/wp\/v2\/posts"}],"about":[{"href":"https:\/\/www.athome.lu\/blog\/de\/wp-json\/wp\/v2\/types\/post"}],"author":[{"embeddable":true,"href":"https:\/\/www.athome.lu\/blog\/de\/wp-json\/wp\/v2\/users\/17"}],"replies":[{"embeddable":true,"href":"https:\/\/www.athome.lu\/blog\/de\/wp-json\/wp\/v2\/comments?post=13141"}],"version-history":[{"count":3,"href":"https:\/\/www.athome.lu\/blog\/de\/wp-json\/wp\/v2\/posts\/13141\/revisions"}],"predecessor-version":[{"id":16412,"href":"https:\/\/www.athome.lu\/blog\/de\/wp-json\/wp\/v2\/posts\/13141\/revisions\/16412"}],"wp:featuredmedia":[{"embeddable":true,"href":"https:\/\/www.athome.lu\/blog\/de\/wp-json\/wp\/v2\/media\/13110"}],"wp:attachment":[{"href":"https:\/\/www.athome.lu\/blog\/de\/wp-json\/wp\/v2\/media?parent=13141"}],"wp:term":[{"taxonomy":"category","embeddable":true,"href":"https:\/\/www.athome.lu\/blog\/de\/wp-json\/wp\/v2\/categories?post=13141"},{"taxonomy":"post_tag","embeddable":true,"href":"https:\/\/www.athome.lu\/blog\/de\/wp-json\/wp\/v2\/tags?post=13141"}],"curies":[{"name":"wp","href":"https:\/\/api.w.org\/{rel}","templated":true}]}}