{"id":13217,"date":"2021-02-18T13:58:57","date_gmt":"2021-02-18T12:58:57","guid":{"rendered":"https:\/\/www.athome.lu\/blog\/?p=13217"},"modified":"2022-05-11T11:13:31","modified_gmt":"2022-05-11T09:13:31","slug":"das-zeugnis-von-joan-sara","status":"publish","type":"post","link":"https:\/\/www.athome.lu\/blog\/de\/acheter\/pret-immobilier\/le-temoignage-de-joan-sara\/","title":{"rendered":"Das Zeugnis von Joan &amp; Sara"},"content":{"rendered":"<p><span style=\"color: #000000;\">Das am weitesten verbreitete #eildarlehen ? Man braucht ein gro\u00dfes Budget, um in Luxemburg Eigent\u00fcmer zu werden. Lesen Sie jede Woche die Erfahrungsberichte unserer atHomeFinance-Kunden, die mit einem kleinen Budget Eigent\u00fcmer geworden sind.<\/span><\/p>\n<p><img loading=\"lazy\" decoding=\"async\" class=\"alignnone size-medium\" src=\"https:\/\/media.giphy.com\/media\/wKKnvfqzNOzo3Q3TwY\/giphy.gif\" width=\"480\" height=\"332\"><\/p>\n<h4><span style=\"color: #333333;\">War dies Ihr erster Kauf und haben Sie allein oder als Paar gekauft?<\/span><\/h4>\n<p><strong><span style=\"color: #000000;\">\"Ja, es ist unser erster Kauf und wir haben ihn als Paar get\u00e4tigt\".<\/span><\/strong><\/p>\n<h4><span style=\"color: #333333;\"><br \/>\nWie hoch war ungef\u00e4hr Ihr monatliches Einkommen (zusammengerechnet, wenn als Paar gekauft) zum Zeitpunkt des Kaufs?<\/span><\/h4>\n<p><strong><span style=\"color: #000000;\">\"Etwa 5200 Euro netto zu zweit, aber mit einem Darlehen von 600 Euro, das zur\u00fcckgezahlt werden muss, also eher 4600\".<\/span><\/strong><\/p>\n<h4><span style=\"color: #333333;\"><br \/>\nZu welchem Betrag haben Sie Ihre Immobilie gekauft?<\/span><\/h4>\n<p><strong><span style=\"color: #000000;\">\"650.000 Wohnung + 55.000 Parkplatz (+20.000 Euro K\u00fcchenbudget)\".<\/span><\/strong><\/p>\n<h4><span style=\"color: #333333;\"><br \/>\nWie lautete das Kaufdatum?<\/span><\/h4>\n<p><strong><span style=\"color: #000000;\">\"Notarunterschrift Mai 2020, Kreditunterschrift Januar 2020\".<\/span><\/strong><\/p>\n<h4><span style=\"color: #333333;\"><br \/>\nHaben Sie verhandelt?<\/span><\/h4>\n<p><strong><span style=\"color: #000000;\">\"Nein, das ist neu.\"<\/span><\/strong><\/p>\n<h4><img loading=\"lazy\" decoding=\"async\" class=\"alignnone size-medium\" src=\"https:\/\/media.giphy.com\/media\/xT5LMyJumn03ezhDvW\/giphy.gif\" width=\"480\" height=\"362\"><\/h4>\n<h4><span style=\"color: #333333;\"><br \/>\nHaben Sie sich f\u00fcr einen festen oder einen variablen Zinssatz entschieden?<\/span><\/h4>\n<p><strong><span style=\"color: #000000;\">\"Eine Mischung aus beidem, 10 Jahre fester Zinssatz und dann 20 Jahre variabler Zinssatz\".<\/span><\/strong><\/p>\n<h4><span style=\"color: #333333;\"><br \/>\n\u00dcber wie viele Jahre werden Sie Ihr Darlehen zur\u00fcckzahlen und wie hoch sind Ihre monatlichen Raten?<\/span><\/h4>\n<p><strong><span style=\"color: #000000;\">\"2450\u20ac ohne Versicherung f\u00fcr 30 Jahre\".<\/span><\/strong><\/p>\n<h4><span style=\"color: #333333;\"><br \/>\nWie sieht Ihre Immobilie aus?<\/span><\/h4>\n<p><strong><span style=\"color: #000000;\">\"62m2 Wohnung nach Plan, 1 Elternschlafzimmer mit Ankleide und Badezimmer, Wohnraum und separates WC. Keller und Parkplatz\".<\/span><\/strong><\/p>\n<h4><span style=\"color: #333333;\"><br \/>\nHaben Sie Bauarbeiten durchgef\u00fchrt oder geplant?<\/span><\/h4>\n<p><strong><span style=\"color: #000000;\">\"Da es neu ist, haben wir f\u00fcr alles eine Auswahl, keine Renovierungsarbeiten n\u00f6tig :)\"<\/span><\/strong><\/p>\n<h4><span style=\"color: #333333;\"><br \/>\nWie viel Zeit verging zwischen der Kontaktaufnahme mit atHome Finance und der Unterzeichnung Ihrer Immobilie?<\/span><\/h4>\n<p><strong><span style=\"color: #000000;\">\"Wir haben im Oktober zun\u00e4chst eine Kreditf\u00e4higkeitspr\u00fcfung durchgef\u00fchrt, um das Budget festzulegen, und haben im Dezember eher zuf\u00e4llig eine Immobilie gefunden. Der Makler hatte bereits alle Elemente, so dass das Dossier sehr schnell zusammengestellt werden konnte. Da es sich um einen Kauf nach Plan handelte, hatten wir Geld eingezahlt, um den Reservierungsvertrag zu blockieren und hatten eine sehr kurze Frist, um eine Bank zu finden, aber gl\u00fccklicherweise war der Makler sehr reaktionsschnell.\"<\/span><\/strong><\/p>\n<h4><span style=\"color: #333333;\"><br \/>\nHaben Sie ein Feedback zu Ihren Erfahrungen mit atHome Finance?<\/span><\/h4>\n<p><strong><span style=\"color: #000000;\">\"Ich denke, ohne diesen Service h\u00e4tten wir diese Immobilie nie kaufen k\u00f6nnen. Die Immobilie lag \u00fcber dem Budget, das bei unserer Kreditf\u00e4higkeit gesch\u00e4tzt wurde, und der Makler hat es geschafft, unser Profil und unsere stabile Situation hervorzuheben, um uns den Kredit zu verschaffen. Heute bereuen wir unseren Kauf absolut nicht und wenn wir die Erfahrung noch einmal machen sollten, w\u00fcrden wir uns ohne zu z\u00f6gern an atHomeFinance wenden.\"<\/span><\/strong><\/p>","protected":false},"excerpt":{"rendered":"<p>Le #pr\u00eatjug\u00e9 le plus r\u00e9pandu ? Il faut un budget cons\u00e9quent pour devenir propri\u00e9taire au Luxembourg. Chaque semaine, d\u00e9couvrez le t\u00e9moignage de nos clients atHomeFinance qui sont devenus propri\u00e9taires avec un petit budget. Etait-ce votre premier achat et avez-vous achet\u00e9 seul(e) ou en couple ? \"Oui, c'est notre premier achat, et nous l'avons r\u00e9alis\u00e9 en [&hellip;]<\/p>\n","protected":false},"author":17,"featured_media":13218,"comment_status":"closed","ping_status":"closed","sticky":false,"template":"","format":"standard","meta":{"_acf_changed":false,"footnotes":""},"categories":[207],"tags":[144,146,147,145],"class_list":["post-13217","post","type-post","status-publish","format-standard","has-post-thumbnail","hentry","category-pret-immobilier","tag-capacite-demprunt","tag-prejuge","tag-pretjuge","tag-temoignage"],"acf":[],"yoast_head":"<!-- This site is optimized with the Yoast SEO plugin v27.4 - https:\/\/yoast.com\/product\/yoast-seo-wordpress\/ -->\n<title>Le t\u00e9moignage de Joan &amp; Sara - atHome Blog<\/title>\n<meta name=\"robots\" content=\"index, follow, max-snippet:-1, max-image-preview:large, max-video-preview:-1\" \/>\n<link rel=\"canonical\" href=\"https:\/\/www.athome.lu\/blog\/de\/kaufen\/hauskredit\/das-zeugnis-von-joan-sara\/\" \/>\n<meta property=\"og:locale\" content=\"de_DE\" \/>\n<meta property=\"og:type\" content=\"article\" \/>\n<meta property=\"og:title\" content=\"Le t\u00e9moignage de Joan &amp; Sara - atHome Blog\" \/>\n<meta property=\"og:description\" content=\"Le #pr\u00eatjug\u00e9 le plus r\u00e9pandu ? Il faut un budget cons\u00e9quent pour devenir propri\u00e9taire au Luxembourg. Chaque semaine, d\u00e9couvrez le t\u00e9moignage de nos clients atHomeFinance qui sont devenus propri\u00e9taires avec un petit budget. Etait-ce votre premier achat et avez-vous achet\u00e9 seul(e) ou en couple ? &quot;Oui, c&#039;est notre premier achat, et nous l&#039;avons r\u00e9alis\u00e9 en [&hellip;]\" \/>\n<meta property=\"og:url\" content=\"https:\/\/www.athome.lu\/blog\/de\/kaufen\/hauskredit\/das-zeugnis-von-joan-sara\/\" \/>\n<meta property=\"og:site_name\" content=\"atHome Blog\" \/>\n<meta property=\"article:publisher\" content=\"https:\/\/www.facebook.com\/atHome.lu\/\" \/>\n<meta property=\"article:published_time\" content=\"2021-02-18T12:58:57+00:00\" \/>\n<meta property=\"article:modified_time\" content=\"2022-05-11T09:13:31+00:00\" \/>\n<meta property=\"og:image\" content=\"https:\/\/www.athome.lu\/blog\/wp-content\/uploads\/2021\/02\/maria-ziegler-jJnZg7vBfMs-unsplash-scaled.jpg\" \/>\n\t<meta property=\"og:image:width\" content=\"2560\" \/>\n\t<meta property=\"og:image:height\" content=\"1922\" \/>\n\t<meta property=\"og:image:type\" content=\"image\/jpeg\" \/>\n<meta name=\"author\" content=\"Fanny Pimentel\" \/>\n<meta name=\"twitter:card\" content=\"summary_large_image\" \/>\n<meta name=\"twitter:creator\" content=\"@athomelu\" \/>\n<meta name=\"twitter:site\" content=\"@athomelu\" \/>\n<meta name=\"twitter:label1\" content=\"Verfasst von\" \/>\n\t<meta name=\"twitter:data1\" content=\"Fanny Pimentel\" \/>\n\t<meta name=\"twitter:label2\" content=\"Gesch\u00e4tzte Lesezeit\" \/>\n\t<meta name=\"twitter:data2\" content=\"3\u00a0Minuten\" \/>\n<script type=\"application\/ld+json\" class=\"yoast-schema-graph\">{\"@context\":\"https:\\\/\\\/schema.org\",\"@graph\":[{\"@type\":\"Article\",\"@id\":\"https:\\\/\\\/www.athome.lu\\\/blog\\\/acheter\\\/pret-immobilier\\\/le-temoignage-de-joan-sara\\\/#article\",\"isPartOf\":{\"@id\":\"https:\\\/\\\/www.athome.lu\\\/blog\\\/acheter\\\/pret-immobilier\\\/le-temoignage-de-joan-sara\\\/\"},\"author\":{\"name\":\"Fanny Pimentel\",\"@id\":\"https:\\\/\\\/www.athome.lu\\\/blog\\\/#\\\/schema\\\/person\\\/47f7a38089f837e792876ceddc4cb2dc\"},\"headline\":\"Le t\u00e9moignage de Joan &#038; Sara\",\"datePublished\":\"2021-02-18T12:58:57+00:00\",\"dateModified\":\"2022-05-11T09:13:31+00:00\",\"mainEntityOfPage\":{\"@id\":\"https:\\\/\\\/www.athome.lu\\\/blog\\\/acheter\\\/pret-immobilier\\\/le-temoignage-de-joan-sara\\\/\"},\"wordCount\":410,\"image\":{\"@id\":\"https:\\\/\\\/www.athome.lu\\\/blog\\\/acheter\\\/pret-immobilier\\\/le-temoignage-de-joan-sara\\\/#primaryimage\"},\"thumbnailUrl\":\"https:\\\/\\\/www.athome.lu\\\/blog\\\/wp-content\\\/uploads\\\/2021\\\/02\\\/maria-ziegler-jJnZg7vBfMs-unsplash-scaled.jpg\",\"keywords\":[\"capacit\u00e9 d'emprunt\",\"pr\u00e9jug\u00e9\",\"pr\u00eatjug\u00e9\",\"t\u00e9moignage\"],\"articleSection\":[\"Pr\u00eat Immobilier\"],\"inLanguage\":\"de\"},{\"@type\":\"WebPage\",\"@id\":\"https:\\\/\\\/www.athome.lu\\\/blog\\\/acheter\\\/pret-immobilier\\\/le-temoignage-de-joan-sara\\\/\",\"url\":\"https:\\\/\\\/www.athome.lu\\\/blog\\\/acheter\\\/pret-immobilier\\\/le-temoignage-de-joan-sara\\\/\",\"name\":\"Le t\u00e9moignage de Joan & Sara - atHome Blog\",\"isPartOf\":{\"@id\":\"https:\\\/\\\/www.athome.lu\\\/blog\\\/#website\"},\"primaryImageOfPage\":{\"@id\":\"https:\\\/\\\/www.athome.lu\\\/blog\\\/acheter\\\/pret-immobilier\\\/le-temoignage-de-joan-sara\\\/#primaryimage\"},\"image\":{\"@id\":\"https:\\\/\\\/www.athome.lu\\\/blog\\\/acheter\\\/pret-immobilier\\\/le-temoignage-de-joan-sara\\\/#primaryimage\"},\"thumbnailUrl\":\"https:\\\/\\\/www.athome.lu\\\/blog\\\/wp-content\\\/uploads\\\/2021\\\/02\\\/maria-ziegler-jJnZg7vBfMs-unsplash-scaled.jpg\",\"datePublished\":\"2021-02-18T12:58:57+00:00\",\"dateModified\":\"2022-05-11T09:13:31+00:00\",\"author\":{\"@id\":\"https:\\\/\\\/www.athome.lu\\\/blog\\\/#\\\/schema\\\/person\\\/47f7a38089f837e792876ceddc4cb2dc\"},\"breadcrumb\":{\"@id\":\"https:\\\/\\\/www.athome.lu\\\/blog\\\/acheter\\\/pret-immobilier\\\/le-temoignage-de-joan-sara\\\/#breadcrumb\"},\"inLanguage\":\"de\",\"potentialAction\":[{\"@type\":\"ReadAction\",\"target\":[\"https:\\\/\\\/www.athome.lu\\\/blog\\\/acheter\\\/pret-immobilier\\\/le-temoignage-de-joan-sara\\\/\"]}]},{\"@type\":\"ImageObject\",\"inLanguage\":\"de\",\"@id\":\"https:\\\/\\\/www.athome.lu\\\/blog\\\/acheter\\\/pret-immobilier\\\/le-temoignage-de-joan-sara\\\/#primaryimage\",\"url\":\"https:\\\/\\\/www.athome.lu\\\/blog\\\/wp-content\\\/uploads\\\/2021\\\/02\\\/maria-ziegler-jJnZg7vBfMs-unsplash-scaled.jpg\",\"contentUrl\":\"https:\\\/\\\/www.athome.lu\\\/blog\\\/wp-content\\\/uploads\\\/2021\\\/02\\\/maria-ziegler-jJnZg7vBfMs-unsplash-scaled.jpg\",\"width\":2560,\"height\":1922},{\"@type\":\"BreadcrumbList\",\"@id\":\"https:\\\/\\\/www.athome.lu\\\/blog\\\/acheter\\\/pret-immobilier\\\/le-temoignage-de-joan-sara\\\/#breadcrumb\",\"itemListElement\":[{\"@type\":\"ListItem\",\"position\":1,\"name\":\"Accueil\",\"item\":\"https:\\\/\\\/www.athome.lu\\\/blog\\\/\"},{\"@type\":\"ListItem\",\"position\":2,\"name\":\"Acheter\",\"item\":\"https:\\\/\\\/www.athome.lu\\\/blog\\\/en\\\/category\\\/buy\\\/\"},{\"@type\":\"ListItem\",\"position\":3,\"name\":\"Pr\u00eat Immobilier\",\"item\":\"https:\\\/\\\/www.athome.lu\\\/blog\\\/en\\\/category\\\/buy\\\/home-loan\\\/\"},{\"@type\":\"ListItem\",\"position\":4,\"name\":\"Le t\u00e9moignage de Joan &#038; Sara\"}]},{\"@type\":\"WebSite\",\"@id\":\"https:\\\/\\\/www.athome.lu\\\/blog\\\/#website\",\"url\":\"https:\\\/\\\/www.athome.lu\\\/blog\\\/\",\"name\":\"atHome Blog\",\"description\":\"Annonces immobili\u00e8res au Luxembourg. Le portail immobilier n\u00b01 au Luxembourg.\",\"potentialAction\":[{\"@type\":\"SearchAction\",\"target\":{\"@type\":\"EntryPoint\",\"urlTemplate\":\"https:\\\/\\\/www.athome.lu\\\/blog\\\/?s={search_term_string}\"},\"query-input\":{\"@type\":\"PropertyValueSpecification\",\"valueRequired\":true,\"valueName\":\"search_term_string\"}}],\"inLanguage\":\"de\"},{\"@type\":\"Person\",\"@id\":\"https:\\\/\\\/www.athome.lu\\\/blog\\\/#\\\/schema\\\/person\\\/47f7a38089f837e792876ceddc4cb2dc\",\"name\":\"Fanny Pimentel\",\"image\":{\"@type\":\"ImageObject\",\"inLanguage\":\"de\",\"@id\":\"https:\\\/\\\/secure.gravatar.com\\\/avatar\\\/c60b27b93851dc9503f9cc9150e73dcb0a86ba6150657e5e4b11d988400bc633?s=96&d=mm&r=g\",\"url\":\"https:\\\/\\\/secure.gravatar.com\\\/avatar\\\/c60b27b93851dc9503f9cc9150e73dcb0a86ba6150657e5e4b11d988400bc633?s=96&d=mm&r=g\",\"contentUrl\":\"https:\\\/\\\/secure.gravatar.com\\\/avatar\\\/c60b27b93851dc9503f9cc9150e73dcb0a86ba6150657e5e4b11d988400bc633?s=96&d=mm&r=g\",\"caption\":\"Fanny Pimentel\"}}]}<\/script>\n<!-- \/ Yoast SEO plugin. -->","yoast_head_json":{"title":"Das Zeugnis von Joan &amp; Sara - atHome Blog","robots":{"index":"index","follow":"follow","max-snippet":"max-snippet:-1","max-image-preview":"max-image-preview:large","max-video-preview":"max-video-preview:-1"},"canonical":"https:\/\/www.athome.lu\/blog\/de\/kaufen\/hauskredit\/das-zeugnis-von-joan-sara\/","og_locale":"de_DE","og_type":"article","og_title":"Le t\u00e9moignage de Joan & Sara - atHome Blog","og_description":"Le #pr\u00eatjug\u00e9 le plus r\u00e9pandu ? Il faut un budget cons\u00e9quent pour devenir propri\u00e9taire au Luxembourg. Chaque semaine, d\u00e9couvrez le t\u00e9moignage de nos clients atHomeFinance qui sont devenus propri\u00e9taires avec un petit budget. Etait-ce votre premier achat et avez-vous achet\u00e9 seul(e) ou en couple ? \"Oui, c'est notre premier achat, et nous l'avons r\u00e9alis\u00e9 en [&hellip;]","og_url":"https:\/\/www.athome.lu\/blog\/de\/kaufen\/hauskredit\/das-zeugnis-von-joan-sara\/","og_site_name":"atHome Blog","article_publisher":"https:\/\/www.facebook.com\/atHome.lu\/","article_published_time":"2021-02-18T12:58:57+00:00","article_modified_time":"2022-05-11T09:13:31+00:00","og_image":[{"width":2560,"height":1922,"url":"https:\/\/www.athome.lu\/blog\/wp-content\/uploads\/2021\/02\/maria-ziegler-jJnZg7vBfMs-unsplash-scaled.jpg","type":"image\/jpeg"}],"author":"Fanny Pimentel","twitter_card":"summary_large_image","twitter_creator":"@athomelu","twitter_site":"@athomelu","twitter_misc":{"Verfasst von":"Fanny Pimentel","Gesch\u00e4tzte Lesezeit":"3\u00a0Minuten"},"schema":{"@context":"https:\/\/schema.org","@graph":[{"@type":"Article","@id":"https:\/\/www.athome.lu\/blog\/acheter\/pret-immobilier\/le-temoignage-de-joan-sara\/#article","isPartOf":{"@id":"https:\/\/www.athome.lu\/blog\/acheter\/pret-immobilier\/le-temoignage-de-joan-sara\/"},"author":{"name":"Fanny Pimentel","@id":"https:\/\/www.athome.lu\/blog\/#\/schema\/person\/47f7a38089f837e792876ceddc4cb2dc"},"headline":"Le t\u00e9moignage de Joan &#038; Sara","datePublished":"2021-02-18T12:58:57+00:00","dateModified":"2022-05-11T09:13:31+00:00","mainEntityOfPage":{"@id":"https:\/\/www.athome.lu\/blog\/acheter\/pret-immobilier\/le-temoignage-de-joan-sara\/"},"wordCount":410,"image":{"@id":"https:\/\/www.athome.lu\/blog\/acheter\/pret-immobilier\/le-temoignage-de-joan-sara\/#primaryimage"},"thumbnailUrl":"https:\/\/www.athome.lu\/blog\/wp-content\/uploads\/2021\/02\/maria-ziegler-jJnZg7vBfMs-unsplash-scaled.jpg","keywords":["capacit\u00e9 d'emprunt","pr\u00e9jug\u00e9","pr\u00eatjug\u00e9","t\u00e9moignage"],"articleSection":["Pr\u00eat Immobilier"],"inLanguage":"de"},{"@type":"WebPage","@id":"https:\/\/www.athome.lu\/blog\/acheter\/pret-immobilier\/le-temoignage-de-joan-sara\/","url":"https:\/\/www.athome.lu\/blog\/acheter\/pret-immobilier\/le-temoignage-de-joan-sara\/","name":"Das Zeugnis von Joan &amp; Sara - atHome Blog","isPartOf":{"@id":"https:\/\/www.athome.lu\/blog\/#website"},"primaryImageOfPage":{"@id":"https:\/\/www.athome.lu\/blog\/acheter\/pret-immobilier\/le-temoignage-de-joan-sara\/#primaryimage"},"image":{"@id":"https:\/\/www.athome.lu\/blog\/acheter\/pret-immobilier\/le-temoignage-de-joan-sara\/#primaryimage"},"thumbnailUrl":"https:\/\/www.athome.lu\/blog\/wp-content\/uploads\/2021\/02\/maria-ziegler-jJnZg7vBfMs-unsplash-scaled.jpg","datePublished":"2021-02-18T12:58:57+00:00","dateModified":"2022-05-11T09:13:31+00:00","author":{"@id":"https:\/\/www.athome.lu\/blog\/#\/schema\/person\/47f7a38089f837e792876ceddc4cb2dc"},"breadcrumb":{"@id":"https:\/\/www.athome.lu\/blog\/acheter\/pret-immobilier\/le-temoignage-de-joan-sara\/#breadcrumb"},"inLanguage":"de","potentialAction":[{"@type":"ReadAction","target":["https:\/\/www.athome.lu\/blog\/acheter\/pret-immobilier\/le-temoignage-de-joan-sara\/"]}]},{"@type":"ImageObject","inLanguage":"de","@id":"https:\/\/www.athome.lu\/blog\/acheter\/pret-immobilier\/le-temoignage-de-joan-sara\/#primaryimage","url":"https:\/\/www.athome.lu\/blog\/wp-content\/uploads\/2021\/02\/maria-ziegler-jJnZg7vBfMs-unsplash-scaled.jpg","contentUrl":"https:\/\/www.athome.lu\/blog\/wp-content\/uploads\/2021\/02\/maria-ziegler-jJnZg7vBfMs-unsplash-scaled.jpg","width":2560,"height":1922},{"@type":"BreadcrumbList","@id":"https:\/\/www.athome.lu\/blog\/acheter\/pret-immobilier\/le-temoignage-de-joan-sara\/#breadcrumb","itemListElement":[{"@type":"ListItem","position":1,"name":"Accueil","item":"https:\/\/www.athome.lu\/blog\/"},{"@type":"ListItem","position":2,"name":"Acheter","item":"https:\/\/www.athome.lu\/blog\/en\/category\/buy\/"},{"@type":"ListItem","position":3,"name":"Pr\u00eat Immobilier","item":"https:\/\/www.athome.lu\/blog\/en\/category\/buy\/home-loan\/"},{"@type":"ListItem","position":4,"name":"Le t\u00e9moignage de Joan &#038; Sara"}]},{"@type":"WebSite","@id":"https:\/\/www.athome.lu\/blog\/#website","url":"https:\/\/www.athome.lu\/blog\/","name":"atHome Blog","description":"Immobilienanzeigen in Luxemburg. Das Immobilienportal Nr. 1 in Luxemburg.","potentialAction":[{"@type":"SearchAction","target":{"@type":"EntryPoint","urlTemplate":"https:\/\/www.athome.lu\/blog\/?s={search_term_string}"},"query-input":{"@type":"PropertyValueSpecification","valueRequired":true,"valueName":"search_term_string"}}],"inLanguage":"de"},{"@type":"Person","@id":"https:\/\/www.athome.lu\/blog\/#\/schema\/person\/47f7a38089f837e792876ceddc4cb2dc","name":"Fanny Pimentel","image":{"@type":"ImageObject","inLanguage":"de","@id":"https:\/\/secure.gravatar.com\/avatar\/c60b27b93851dc9503f9cc9150e73dcb0a86ba6150657e5e4b11d988400bc633?s=96&d=mm&r=g","url":"https:\/\/secure.gravatar.com\/avatar\/c60b27b93851dc9503f9cc9150e73dcb0a86ba6150657e5e4b11d988400bc633?s=96&d=mm&r=g","contentUrl":"https:\/\/secure.gravatar.com\/avatar\/c60b27b93851dc9503f9cc9150e73dcb0a86ba6150657e5e4b11d988400bc633?s=96&d=mm&r=g","caption":"Fanny Pimentel"}}]}},"featured_media_src_url":"https:\/\/www.athome.lu\/blog\/wp-content\/uploads\/2021\/02\/maria-ziegler-jJnZg7vBfMs-unsplash-scaled-1024x769.jpg","_links":{"self":[{"href":"https:\/\/www.athome.lu\/blog\/de\/wp-json\/wp\/v2\/posts\/13217","targetHints":{"allow":["GET"]}}],"collection":[{"href":"https:\/\/www.athome.lu\/blog\/de\/wp-json\/wp\/v2\/posts"}],"about":[{"href":"https:\/\/www.athome.lu\/blog\/de\/wp-json\/wp\/v2\/types\/post"}],"author":[{"embeddable":true,"href":"https:\/\/www.athome.lu\/blog\/de\/wp-json\/wp\/v2\/users\/17"}],"replies":[{"embeddable":true,"href":"https:\/\/www.athome.lu\/blog\/de\/wp-json\/wp\/v2\/comments?post=13217"}],"version-history":[{"count":2,"href":"https:\/\/www.athome.lu\/blog\/de\/wp-json\/wp\/v2\/posts\/13217\/revisions"}],"predecessor-version":[{"id":14923,"href":"https:\/\/www.athome.lu\/blog\/de\/wp-json\/wp\/v2\/posts\/13217\/revisions\/14923"}],"wp:featuredmedia":[{"embeddable":true,"href":"https:\/\/www.athome.lu\/blog\/de\/wp-json\/wp\/v2\/media\/13218"}],"wp:attachment":[{"href":"https:\/\/www.athome.lu\/blog\/de\/wp-json\/wp\/v2\/media?parent=13217"}],"wp:term":[{"taxonomy":"category","embeddable":true,"href":"https:\/\/www.athome.lu\/blog\/de\/wp-json\/wp\/v2\/categories?post=13217"},{"taxonomy":"post_tag","embeddable":true,"href":"https:\/\/www.athome.lu\/blog\/de\/wp-json\/wp\/v2\/tags?post=13217"}],"curies":[{"name":"wp","href":"https:\/\/api.w.org\/{rel}","templated":true}]}}