{"id":13288,"date":"2022-10-04T07:45:21","date_gmt":"2022-10-04T06:45:21","guid":{"rendered":"https:\/\/www.athome.lu\/blogpro\/?p=13288"},"modified":"2024-04-23T10:19:03","modified_gmt":"2024-04-23T08:19:03","slug":"eine-kampagne-im-dienste-des-immobilienmarktes","status":"publish","type":"post","link":"https:\/\/www.athome.lu\/blog\/de\/pro\/actualites-athome\/une-campagne-au-service-de-limmobilier\/","title":{"rendered":"Eine Kampagne im Dienste der Immobilienwirtschaft"},"content":{"rendered":"<p>In diesem besonderen aktuellen Umfeld, das sich in steigenden Leitzinsen niederschl\u00e4gt, sind die K\u00e4ufer zunehmend zur\u00fcckhaltend mit Investitionen. Der zweite Faktor, der impliziert, dass die K\u00e4ufe seltener werden: <strong>die Unkenntnis des luxemburgischen Marktes<\/strong> im Vergleich zum <strong>Immobilienvermittlung<\/strong>Die meisten Sch\u00fclerinnen und Sch\u00fcler sind in der Lage, sich mit der Frage zu besch\u00e4ftigen, wie sie ihr Leben und die damit verbundenen Finanzierungsm\u00f6glichkeiten gestalten k\u00f6nnen.<\/p>\n<p>In dieser Logik <strong>dass unsere n\u00e4chste Kommunikationskampagne kreiert &amp; erdacht wurde<\/strong>\u00a0: Zuk\u00fcnftigen K\u00e4ufern beweisen, dass Wohneigentum m\u00f6glich ist. <strong>einfacher &amp; zug\u00e4nglicher<\/strong> als sie tats\u00e4chlich glauben.<\/p>\n<div id='gallery-1' class='gallery galleryid-13288 gallery-columns-3 gallery-size-medium'><figure class='gallery-item'>\n\t\t\t<div class='gallery-icon landscape'>\n\t\t\t\t<a href='https:\/\/www.athome.lu\/blog\/wp-content\/uploads\/2022\/09\/MicrosoftTeams-image-26-1-scaled-1.jpg'><img loading=\"lazy\" decoding=\"async\" width=\"300\" height=\"300\" src=\"https:\/\/www.athome.lu\/blog\/wp-content\/uploads\/2022\/09\/MicrosoftTeams-image-26-1-scaled-1-300x300.jpg\" class=\"attachment-medium size-medium\" alt=\"\" srcset=\"https:\/\/www.athome.lu\/blog\/wp-content\/uploads\/2022\/09\/MicrosoftTeams-image-26-1-scaled-1-300x300.jpg 300w, https:\/\/www.athome.lu\/blog\/wp-content\/uploads\/2022\/09\/MicrosoftTeams-image-26-1-scaled-1-1024x1024.jpg 1024w, https:\/\/www.athome.lu\/blog\/wp-content\/uploads\/2022\/09\/MicrosoftTeams-image-26-1-scaled-1-150x150.jpg 150w, https:\/\/www.athome.lu\/blog\/wp-content\/uploads\/2022\/09\/MicrosoftTeams-image-26-1-scaled-1-768x768.jpg 768w, https:\/\/www.athome.lu\/blog\/wp-content\/uploads\/2022\/09\/MicrosoftTeams-image-26-1-scaled-1-1536x1536.jpg 1536w, https:\/\/www.athome.lu\/blog\/wp-content\/uploads\/2022\/09\/MicrosoftTeams-image-26-1-scaled-1-2048x2048.jpg 2048w, https:\/\/www.athome.lu\/blog\/wp-content\/uploads\/2022\/09\/MicrosoftTeams-image-26-1-scaled-1-12x12.jpg 12w, https:\/\/www.athome.lu\/blog\/wp-content\/uploads\/2022\/09\/MicrosoftTeams-image-26-1-scaled-1.jpg 2560w\" sizes=\"auto, (max-width: 300px) 100vw, 300px\" \/><\/a>\n\t\t\t<\/div><\/figure><figure class='gallery-item'>\n\t\t\t<div class='gallery-icon landscape'>\n\t\t\t\t<a href='https:\/\/www.athome.lu\/blog\/wp-content\/uploads\/2022\/09\/MicrosoftTeams-image-25-1-scaled-1.jpg'><img loading=\"lazy\" decoding=\"async\" width=\"300\" height=\"199\" src=\"https:\/\/www.athome.lu\/blog\/wp-content\/uploads\/2022\/09\/MicrosoftTeams-image-25-1-scaled-1-300x199.jpg\" class=\"attachment-medium size-medium\" alt=\"\" srcset=\"https:\/\/www.athome.lu\/blog\/wp-content\/uploads\/2022\/09\/MicrosoftTeams-image-25-1-scaled-1-300x199.jpg 300w, https:\/\/www.athome.lu\/blog\/wp-content\/uploads\/2022\/09\/MicrosoftTeams-image-25-1-scaled-1-1024x679.jpg 1024w, https:\/\/www.athome.lu\/blog\/wp-content\/uploads\/2022\/09\/MicrosoftTeams-image-25-1-scaled-1-768x509.jpg 768w, https:\/\/www.athome.lu\/blog\/wp-content\/uploads\/2022\/09\/MicrosoftTeams-image-25-1-scaled-1-1536x1018.jpg 1536w, https:\/\/www.athome.lu\/blog\/wp-content\/uploads\/2022\/09\/MicrosoftTeams-image-25-1-scaled-1-2048x1358.jpg 2048w, https:\/\/www.athome.lu\/blog\/wp-content\/uploads\/2022\/09\/MicrosoftTeams-image-25-1-scaled-1-18x12.jpg 18w, https:\/\/www.athome.lu\/blog\/wp-content\/uploads\/2022\/09\/MicrosoftTeams-image-25-1-scaled-1.jpg 2560w\" sizes=\"auto, (max-width: 300px) 100vw, 300px\" \/><\/a>\n\t\t\t<\/div><\/figure><figure class='gallery-item'>\n\t\t\t<div class='gallery-icon landscape'>\n\t\t\t\t<a href='https:\/\/www.athome.lu\/blog\/wp-content\/uploads\/2022\/09\/MicrosoftTeams-image-22-1.jpg'><img loading=\"lazy\" decoding=\"async\" width=\"300\" height=\"300\" src=\"https:\/\/www.athome.lu\/blog\/wp-content\/uploads\/2022\/09\/MicrosoftTeams-image-22-1-300x300.jpg\" class=\"attachment-medium size-medium\" alt=\"\" srcset=\"https:\/\/www.athome.lu\/blog\/wp-content\/uploads\/2022\/09\/MicrosoftTeams-image-22-1-300x300.jpg 300w, https:\/\/www.athome.lu\/blog\/wp-content\/uploads\/2022\/09\/MicrosoftTeams-image-22-1-1024x1024.jpg 1024w, https:\/\/www.athome.lu\/blog\/wp-content\/uploads\/2022\/09\/MicrosoftTeams-image-22-1-150x150.jpg 150w, https:\/\/www.athome.lu\/blog\/wp-content\/uploads\/2022\/09\/MicrosoftTeams-image-22-1-768x768.jpg 768w, https:\/\/www.athome.lu\/blog\/wp-content\/uploads\/2022\/09\/MicrosoftTeams-image-22-1-12x12.jpg 12w, https:\/\/www.athome.lu\/blog\/wp-content\/uploads\/2022\/09\/MicrosoftTeams-image-22-1.jpg 1500w\" sizes=\"auto, (max-width: 300px) 100vw, 300px\" \/><\/a>\n\t\t\t<\/div><\/figure>\n\t\t<\/div>\n\n<p>Ob es <strong>w\u00e4hrend der Suchphase &amp; der Unterzeichnung eines Kompromisses<\/strong>Wir wollen deutlich machen, dass der Finance Check, die Bescheinigung, die die Kreditw\u00fcrdigkeit des zuk\u00fcnftigen K\u00e4ufers bescheinigt, eine wichtige Rolle spielt. <strong>ein nicht zu untersch\u00e4tzendes Werkzeug<\/strong> um einen erfolgreichen Kauf zu t\u00e4tigen, noch dazu im Jahr 2022.<\/p>\n<p><strong>Sobald der Kompromiss unterzeichnet ist<\/strong>Wir mussten deutlich machen, dass ein Makler den zuk\u00fcnftigen K\u00e4ufern die M\u00f6glichkeit geben kann, sich in der \u00d6ffentlichkeit zu pr\u00e4sentieren. <strong>die verschiedenen Zahlungsm\u00f6glichkeiten<\/strong> die die Banken anbieten k\u00f6nnen. Nur sehr wenige Menschen in Luxemburg wissen und\/oder verstehen, dass eine Bank je nach Projekt oder je nachdem, ob es sich bei dem K\u00e4ufer um einen Erst- oder Zweitk\u00e4ufer handelt, vielleicht besser geeignet ist als eine andere.<\/p>\n<p><strong>Um diese Botschaft noch st\u00e4rker zu verk\u00f6rpern<\/strong>Wir haben eng mit einer Kreativagentur in Luxemburg zusammengearbeitet, um all diese Punkte in einem neuen Buch zusammenzufassen.<b>ein dynamisches &amp; spielerisches Video. In einem neuen Fenster \u00f6ffnen\u00a0<\/b><a style=\"font-weight: bold;\" href=\"https:\/\/youtu.be\/SlRVZB2ZvHg\">hier<\/a><b>.\u00a0<\/b><\/p>\n<p>Unsere Kampagne beginnt <strong>ab Oktober<\/strong>In der gleichen Woche wie die HOME EXPO und unser Webinar zum Thema Immobilien, mit de <strong>die Plakatierung auf den Werbetafeln von JC Decaux<\/strong>. Wir werden auch im November mit einer zweiten Plakatwoche wiederkommen.<\/p>\n<p>Unsere Pr\u00e4senz wird auch im<strong> Kino<\/strong>mit Ausstrahlungen bei <strong>der drei Wochen mit den h\u00f6chsten Zuschauerzahlen<\/strong> \u00fcber das Jahresende (u. a. w\u00e4hrend der Ver\u00f6ffentlichung des lang erwarteten zweiten Teils von Avatar). Wir werden auch im luxemburgischen Radio zu h\u00f6ren sein, <strong>auf Eldoradio.<\/strong><\/p>","protected":false},"excerpt":{"rendered":"<p>Dans ce contexte actuel si particulier, qui se mat\u00e9rialise par une hausse des taux directeurs, les acheteurs sont de plus r\u00e9ticents \u00e0 investir. Deuxi\u00e8me facteur qui implique que les achats se font plus rares\u00a0: la m\u00e9connaisse du march\u00e9 luxembourgeois par rapport au courtage en immobilier, et donc des solutions de financement qui en d\u00e9coulent. C\u2019est [&hellip;]<\/p>\n","protected":false},"author":17,"featured_media":13299,"comment_status":"closed","ping_status":"closed","sticky":false,"template":"","format":"standard","meta":{"_acf_changed":false,"footnotes":""},"categories":[234],"tags":[],"class_list":["post-13288","post","type-post","status-publish","format-standard","has-post-thumbnail","hentry","category-actualites-athome"],"acf":[],"yoast_head":"<!-- This site is optimized with the Yoast SEO plugin v27.4 - https:\/\/yoast.com\/product\/yoast-seo-wordpress\/ -->\n<title>\u25b7 Une campagne au service de l&#039;immobilier | atHomePro<\/title>\n<meta name=\"description\" content=\"Notre nouvelle campagne de communication commence d\u00e8s le mois d&#039;octobre et ciblera le courtage en immobilier.\" \/>\n<meta name=\"robots\" content=\"index, follow, max-snippet:-1, max-image-preview:large, max-video-preview:-1\" \/>\n<link rel=\"canonical\" href=\"https:\/\/www.athome.lu\/blog\/de\/pro\/news-athome\/eine-kampagne-im-dienste-des-immobilienmarktes\/\" \/>\n<meta property=\"og:locale\" content=\"de_DE\" \/>\n<meta property=\"og:type\" content=\"article\" \/>\n<meta property=\"og:title\" content=\"\u25b7 Une campagne au service de l&#039;immobilier | atHomePro\" \/>\n<meta property=\"og:description\" content=\"Notre nouvelle campagne de communication commence d\u00e8s le mois d&#039;octobre et ciblera le courtage en immobilier.\" \/>\n<meta property=\"og:url\" content=\"https:\/\/www.athome.lu\/blog\/de\/pro\/news-athome\/eine-kampagne-im-dienste-des-immobilienmarktes\/\" \/>\n<meta property=\"og:site_name\" content=\"atHome Blog\" \/>\n<meta property=\"article:publisher\" content=\"https:\/\/www.facebook.com\/atHome.lu\/\" \/>\n<meta property=\"article:published_time\" content=\"2022-10-04T06:45:21+00:00\" \/>\n<meta property=\"article:modified_time\" content=\"2024-04-23T08:19:03+00:00\" \/>\n<meta property=\"og:image\" content=\"https:\/\/www.athome.lu\/blog\/wp-content\/uploads\/2022\/09\/MicrosoftTeams-image-25-1-scaled-1.jpg\" \/>\n\t<meta property=\"og:image:width\" content=\"2560\" \/>\n\t<meta property=\"og:image:height\" content=\"1697\" \/>\n\t<meta property=\"og:image:type\" content=\"image\/jpeg\" \/>\n<meta name=\"author\" content=\"Fanny Pimentel\" \/>\n<meta name=\"twitter:card\" content=\"summary_large_image\" \/>\n<meta name=\"twitter:creator\" content=\"@athomelu\" \/>\n<meta name=\"twitter:site\" content=\"@athomelu\" \/>\n<meta name=\"twitter:label1\" content=\"Verfasst von\" \/>\n\t<meta name=\"twitter:data1\" content=\"Fanny Pimentel\" \/>\n\t<meta name=\"twitter:label2\" content=\"Gesch\u00e4tzte Lesezeit\" \/>\n\t<meta name=\"twitter:data2\" content=\"2\u00a0Minuten\" \/>\n<script type=\"application\/ld+json\" class=\"yoast-schema-graph\">{\"@context\":\"https:\\\/\\\/schema.org\",\"@graph\":[{\"@type\":\"Article\",\"@id\":\"https:\\\/\\\/www.athome.lu\\\/blog\\\/pro\\\/actualites-athome\\\/une-campagne-au-service-de-limmobilier\\\/#article\",\"isPartOf\":{\"@id\":\"https:\\\/\\\/www.athome.lu\\\/blog\\\/pro\\\/actualites-athome\\\/une-campagne-au-service-de-limmobilier\\\/\"},\"author\":{\"name\":\"Fanny Pimentel\",\"@id\":\"https:\\\/\\\/www.athome.lu\\\/blog\\\/#\\\/schema\\\/person\\\/47f7a38089f837e792876ceddc4cb2dc\"},\"headline\":\"Une campagne au service de l'immobilier\",\"datePublished\":\"2022-10-04T06:45:21+00:00\",\"dateModified\":\"2024-04-23T08:19:03+00:00\",\"mainEntityOfPage\":{\"@id\":\"https:\\\/\\\/www.athome.lu\\\/blog\\\/pro\\\/actualites-athome\\\/une-campagne-au-service-de-limmobilier\\\/\"},\"wordCount\":376,\"image\":{\"@id\":\"https:\\\/\\\/www.athome.lu\\\/blog\\\/pro\\\/actualites-athome\\\/une-campagne-au-service-de-limmobilier\\\/#primaryimage\"},\"thumbnailUrl\":\"https:\\\/\\\/www.athome.lu\\\/blog\\\/wp-content\\\/uploads\\\/2022\\\/09\\\/MicrosoftTeams-image-25-1-scaled-1.jpg\",\"articleSection\":[\"Actualit\u00e9s atHome\"],\"inLanguage\":\"de\"},{\"@type\":\"WebPage\",\"@id\":\"https:\\\/\\\/www.athome.lu\\\/blog\\\/pro\\\/actualites-athome\\\/une-campagne-au-service-de-limmobilier\\\/\",\"url\":\"https:\\\/\\\/www.athome.lu\\\/blog\\\/pro\\\/actualites-athome\\\/une-campagne-au-service-de-limmobilier\\\/\",\"name\":\"\u25b7 Une campagne au service de l'immobilier | atHomePro\",\"isPartOf\":{\"@id\":\"https:\\\/\\\/www.athome.lu\\\/blog\\\/#website\"},\"primaryImageOfPage\":{\"@id\":\"https:\\\/\\\/www.athome.lu\\\/blog\\\/pro\\\/actualites-athome\\\/une-campagne-au-service-de-limmobilier\\\/#primaryimage\"},\"image\":{\"@id\":\"https:\\\/\\\/www.athome.lu\\\/blog\\\/pro\\\/actualites-athome\\\/une-campagne-au-service-de-limmobilier\\\/#primaryimage\"},\"thumbnailUrl\":\"https:\\\/\\\/www.athome.lu\\\/blog\\\/wp-content\\\/uploads\\\/2022\\\/09\\\/MicrosoftTeams-image-25-1-scaled-1.jpg\",\"datePublished\":\"2022-10-04T06:45:21+00:00\",\"dateModified\":\"2024-04-23T08:19:03+00:00\",\"author\":{\"@id\":\"https:\\\/\\\/www.athome.lu\\\/blog\\\/#\\\/schema\\\/person\\\/47f7a38089f837e792876ceddc4cb2dc\"},\"description\":\"Notre nouvelle campagne de communication commence d\u00e8s le mois d'octobre et ciblera le courtage en immobilier.\",\"breadcrumb\":{\"@id\":\"https:\\\/\\\/www.athome.lu\\\/blog\\\/pro\\\/actualites-athome\\\/une-campagne-au-service-de-limmobilier\\\/#breadcrumb\"},\"inLanguage\":\"de\",\"potentialAction\":[{\"@type\":\"ReadAction\",\"target\":[\"https:\\\/\\\/www.athome.lu\\\/blog\\\/pro\\\/actualites-athome\\\/une-campagne-au-service-de-limmobilier\\\/\"]}]},{\"@type\":\"ImageObject\",\"inLanguage\":\"de\",\"@id\":\"https:\\\/\\\/www.athome.lu\\\/blog\\\/pro\\\/actualites-athome\\\/une-campagne-au-service-de-limmobilier\\\/#primaryimage\",\"url\":\"https:\\\/\\\/www.athome.lu\\\/blog\\\/wp-content\\\/uploads\\\/2022\\\/09\\\/MicrosoftTeams-image-25-1-scaled-1.jpg\",\"contentUrl\":\"https:\\\/\\\/www.athome.lu\\\/blog\\\/wp-content\\\/uploads\\\/2022\\\/09\\\/MicrosoftTeams-image-25-1-scaled-1.jpg\",\"width\":2560,\"height\":1697},{\"@type\":\"BreadcrumbList\",\"@id\":\"https:\\\/\\\/www.athome.lu\\\/blog\\\/pro\\\/actualites-athome\\\/une-campagne-au-service-de-limmobilier\\\/#breadcrumb\",\"itemListElement\":[{\"@type\":\"ListItem\",\"position\":1,\"name\":\"Accueil\",\"item\":\"https:\\\/\\\/www.athome.lu\\\/blog\\\/\"},{\"@type\":\"ListItem\",\"position\":2,\"name\":\"Pro\",\"item\":\"https:\\\/\\\/www.athome.lu\\\/blog\\\/category\\\/pro\\\/\"},{\"@type\":\"ListItem\",\"position\":3,\"name\":\"Actualit\u00e9s atHome\",\"item\":\"https:\\\/\\\/www.athome.lu\\\/blog\\\/category\\\/pro\\\/actualites-athome\\\/\"},{\"@type\":\"ListItem\",\"position\":4,\"name\":\"Une campagne au service de l'immobilier\"}]},{\"@type\":\"WebSite\",\"@id\":\"https:\\\/\\\/www.athome.lu\\\/blog\\\/#website\",\"url\":\"https:\\\/\\\/www.athome.lu\\\/blog\\\/\",\"name\":\"atHome Blog\",\"description\":\"Annonces immobili\u00e8res au Luxembourg. Le portail immobilier n\u00b01 au Luxembourg.\",\"potentialAction\":[{\"@type\":\"SearchAction\",\"target\":{\"@type\":\"EntryPoint\",\"urlTemplate\":\"https:\\\/\\\/www.athome.lu\\\/blog\\\/?s={search_term_string}\"},\"query-input\":{\"@type\":\"PropertyValueSpecification\",\"valueRequired\":true,\"valueName\":\"search_term_string\"}}],\"inLanguage\":\"de\"},{\"@type\":\"Person\",\"@id\":\"https:\\\/\\\/www.athome.lu\\\/blog\\\/#\\\/schema\\\/person\\\/47f7a38089f837e792876ceddc4cb2dc\",\"name\":\"Fanny Pimentel\",\"image\":{\"@type\":\"ImageObject\",\"inLanguage\":\"de\",\"@id\":\"https:\\\/\\\/secure.gravatar.com\\\/avatar\\\/c60b27b93851dc9503f9cc9150e73dcb0a86ba6150657e5e4b11d988400bc633?s=96&d=mm&r=g\",\"url\":\"https:\\\/\\\/secure.gravatar.com\\\/avatar\\\/c60b27b93851dc9503f9cc9150e73dcb0a86ba6150657e5e4b11d988400bc633?s=96&d=mm&r=g\",\"contentUrl\":\"https:\\\/\\\/secure.gravatar.com\\\/avatar\\\/c60b27b93851dc9503f9cc9150e73dcb0a86ba6150657e5e4b11d988400bc633?s=96&d=mm&r=g\",\"caption\":\"Fanny Pimentel\"}}]}<\/script>\n<!-- \/ Yoast SEO plugin. -->","yoast_head_json":{"title":"\u25b7 Eine Kampagne im Dienste der Immobilienwirtschaft | atHomePro","description":"Unsere neue Kommunikationskampagne beginnt bereits im Oktober und wird sich auf die Immobilienvermittlung konzentrieren.","robots":{"index":"index","follow":"follow","max-snippet":"max-snippet:-1","max-image-preview":"max-image-preview:large","max-video-preview":"max-video-preview:-1"},"canonical":"https:\/\/www.athome.lu\/blog\/de\/pro\/news-athome\/eine-kampagne-im-dienste-des-immobilienmarktes\/","og_locale":"de_DE","og_type":"article","og_title":"\u25b7 Une campagne au service de l'immobilier | atHomePro","og_description":"Notre nouvelle campagne de communication commence d\u00e8s le mois d'octobre et ciblera le courtage en immobilier.","og_url":"https:\/\/www.athome.lu\/blog\/de\/pro\/news-athome\/eine-kampagne-im-dienste-des-immobilienmarktes\/","og_site_name":"atHome Blog","article_publisher":"https:\/\/www.facebook.com\/atHome.lu\/","article_published_time":"2022-10-04T06:45:21+00:00","article_modified_time":"2024-04-23T08:19:03+00:00","og_image":[{"width":2560,"height":1697,"url":"https:\/\/www.athome.lu\/blog\/wp-content\/uploads\/2022\/09\/MicrosoftTeams-image-25-1-scaled-1.jpg","type":"image\/jpeg"}],"author":"Fanny Pimentel","twitter_card":"summary_large_image","twitter_creator":"@athomelu","twitter_site":"@athomelu","twitter_misc":{"Verfasst von":"Fanny Pimentel","Gesch\u00e4tzte Lesezeit":"2\u00a0Minuten"},"schema":{"@context":"https:\/\/schema.org","@graph":[{"@type":"Article","@id":"https:\/\/www.athome.lu\/blog\/pro\/actualites-athome\/une-campagne-au-service-de-limmobilier\/#article","isPartOf":{"@id":"https:\/\/www.athome.lu\/blog\/pro\/actualites-athome\/une-campagne-au-service-de-limmobilier\/"},"author":{"name":"Fanny Pimentel","@id":"https:\/\/www.athome.lu\/blog\/#\/schema\/person\/47f7a38089f837e792876ceddc4cb2dc"},"headline":"Une campagne au service de l'immobilier","datePublished":"2022-10-04T06:45:21+00:00","dateModified":"2024-04-23T08:19:03+00:00","mainEntityOfPage":{"@id":"https:\/\/www.athome.lu\/blog\/pro\/actualites-athome\/une-campagne-au-service-de-limmobilier\/"},"wordCount":376,"image":{"@id":"https:\/\/www.athome.lu\/blog\/pro\/actualites-athome\/une-campagne-au-service-de-limmobilier\/#primaryimage"},"thumbnailUrl":"https:\/\/www.athome.lu\/blog\/wp-content\/uploads\/2022\/09\/MicrosoftTeams-image-25-1-scaled-1.jpg","articleSection":["Actualit\u00e9s atHome"],"inLanguage":"de"},{"@type":"WebPage","@id":"https:\/\/www.athome.lu\/blog\/pro\/actualites-athome\/une-campagne-au-service-de-limmobilier\/","url":"https:\/\/www.athome.lu\/blog\/pro\/actualites-athome\/une-campagne-au-service-de-limmobilier\/","name":"\u25b7 Eine Kampagne im Dienste der Immobilienwirtschaft | atHomePro","isPartOf":{"@id":"https:\/\/www.athome.lu\/blog\/#website"},"primaryImageOfPage":{"@id":"https:\/\/www.athome.lu\/blog\/pro\/actualites-athome\/une-campagne-au-service-de-limmobilier\/#primaryimage"},"image":{"@id":"https:\/\/www.athome.lu\/blog\/pro\/actualites-athome\/une-campagne-au-service-de-limmobilier\/#primaryimage"},"thumbnailUrl":"https:\/\/www.athome.lu\/blog\/wp-content\/uploads\/2022\/09\/MicrosoftTeams-image-25-1-scaled-1.jpg","datePublished":"2022-10-04T06:45:21+00:00","dateModified":"2024-04-23T08:19:03+00:00","author":{"@id":"https:\/\/www.athome.lu\/blog\/#\/schema\/person\/47f7a38089f837e792876ceddc4cb2dc"},"description":"Unsere neue Kommunikationskampagne beginnt bereits im Oktober und wird sich auf die Immobilienvermittlung konzentrieren.","breadcrumb":{"@id":"https:\/\/www.athome.lu\/blog\/pro\/actualites-athome\/une-campagne-au-service-de-limmobilier\/#breadcrumb"},"inLanguage":"de","potentialAction":[{"@type":"ReadAction","target":["https:\/\/www.athome.lu\/blog\/pro\/actualites-athome\/une-campagne-au-service-de-limmobilier\/"]}]},{"@type":"ImageObject","inLanguage":"de","@id":"https:\/\/www.athome.lu\/blog\/pro\/actualites-athome\/une-campagne-au-service-de-limmobilier\/#primaryimage","url":"https:\/\/www.athome.lu\/blog\/wp-content\/uploads\/2022\/09\/MicrosoftTeams-image-25-1-scaled-1.jpg","contentUrl":"https:\/\/www.athome.lu\/blog\/wp-content\/uploads\/2022\/09\/MicrosoftTeams-image-25-1-scaled-1.jpg","width":2560,"height":1697},{"@type":"BreadcrumbList","@id":"https:\/\/www.athome.lu\/blog\/pro\/actualites-athome\/une-campagne-au-service-de-limmobilier\/#breadcrumb","itemListElement":[{"@type":"ListItem","position":1,"name":"Accueil","item":"https:\/\/www.athome.lu\/blog\/"},{"@type":"ListItem","position":2,"name":"Pro","item":"https:\/\/www.athome.lu\/blog\/category\/pro\/"},{"@type":"ListItem","position":3,"name":"Actualit\u00e9s atHome","item":"https:\/\/www.athome.lu\/blog\/category\/pro\/actualites-athome\/"},{"@type":"ListItem","position":4,"name":"Une campagne au service de l'immobilier"}]},{"@type":"WebSite","@id":"https:\/\/www.athome.lu\/blog\/#website","url":"https:\/\/www.athome.lu\/blog\/","name":"atHome Blog","description":"Immobilienanzeigen in Luxemburg. Das Immobilienportal Nr. 1 in Luxemburg.","potentialAction":[{"@type":"SearchAction","target":{"@type":"EntryPoint","urlTemplate":"https:\/\/www.athome.lu\/blog\/?s={search_term_string}"},"query-input":{"@type":"PropertyValueSpecification","valueRequired":true,"valueName":"search_term_string"}}],"inLanguage":"de"},{"@type":"Person","@id":"https:\/\/www.athome.lu\/blog\/#\/schema\/person\/47f7a38089f837e792876ceddc4cb2dc","name":"Fanny Pimentel","image":{"@type":"ImageObject","inLanguage":"de","@id":"https:\/\/secure.gravatar.com\/avatar\/c60b27b93851dc9503f9cc9150e73dcb0a86ba6150657e5e4b11d988400bc633?s=96&d=mm&r=g","url":"https:\/\/secure.gravatar.com\/avatar\/c60b27b93851dc9503f9cc9150e73dcb0a86ba6150657e5e4b11d988400bc633?s=96&d=mm&r=g","contentUrl":"https:\/\/secure.gravatar.com\/avatar\/c60b27b93851dc9503f9cc9150e73dcb0a86ba6150657e5e4b11d988400bc633?s=96&d=mm&r=g","caption":"Fanny Pimentel"}}]}},"featured_media_src_url":"https:\/\/www.athome.lu\/blog\/wp-content\/uploads\/2022\/09\/MicrosoftTeams-image-25-1-scaled-1-1024x679.jpg","_links":{"self":[{"href":"https:\/\/www.athome.lu\/blog\/de\/wp-json\/wp\/v2\/posts\/13288","targetHints":{"allow":["GET"]}}],"collection":[{"href":"https:\/\/www.athome.lu\/blog\/de\/wp-json\/wp\/v2\/posts"}],"about":[{"href":"https:\/\/www.athome.lu\/blog\/de\/wp-json\/wp\/v2\/types\/post"}],"author":[{"embeddable":true,"href":"https:\/\/www.athome.lu\/blog\/de\/wp-json\/wp\/v2\/users\/17"}],"replies":[{"embeddable":true,"href":"https:\/\/www.athome.lu\/blog\/de\/wp-json\/wp\/v2\/comments?post=13288"}],"version-history":[{"count":3,"href":"https:\/\/www.athome.lu\/blog\/de\/wp-json\/wp\/v2\/posts\/13288\/revisions"}],"predecessor-version":[{"id":16410,"href":"https:\/\/www.athome.lu\/blog\/de\/wp-json\/wp\/v2\/posts\/13288\/revisions\/16410"}],"wp:featuredmedia":[{"embeddable":true,"href":"https:\/\/www.athome.lu\/blog\/de\/wp-json\/wp\/v2\/media\/13299"}],"wp:attachment":[{"href":"https:\/\/www.athome.lu\/blog\/de\/wp-json\/wp\/v2\/media?parent=13288"}],"wp:term":[{"taxonomy":"category","embeddable":true,"href":"https:\/\/www.athome.lu\/blog\/de\/wp-json\/wp\/v2\/categories?post=13288"},{"taxonomy":"post_tag","embeddable":true,"href":"https:\/\/www.athome.lu\/blog\/de\/wp-json\/wp\/v2\/tags?post=13288"}],"curies":[{"name":"wp","href":"https:\/\/api.w.org\/{rel}","templated":true}]}}