{"id":13435,"date":"2021-04-09T15:54:23","date_gmt":"2021-04-09T14:54:23","guid":{"rendered":"https:\/\/www.athome.lu\/blog\/?p=13435"},"modified":"2022-05-11T11:02:30","modified_gmt":"2022-05-11T09:02:30","slug":"top-5-der-luxemburgischen-hauser-mit-garten","status":"publish","type":"post","link":"https:\/\/www.athome.lu\/blog\/de\/mon-logement\/meuble-decoration\/top-5-des-maisons-luxembourgeoises-avec-jardin\/","title":{"rendered":"Top 5 der luxemburgischen H\u00e4user mit Garten"},"content":{"rendered":"<p><span style=\"color: #000000;\">Der Fr\u00fchling zeigt sich langsam von seiner besten Seite, also haben wir Ihnen eine kleine Top 5 der luxemburgischen H\u00e4user mit au\u00dfergew\u00f6hnlichen G\u00e4rten zusammengestellt, die auf unserer Website zum Verkauf stehen.<\/span><\/p>\n\n\n\n<h2 class=\"wp-block-heading\"><span style=\"color: #000000;\"><strong>Top 1: L\u00e4ndliche Atmosph\u00e4re in Eischen<\/strong><\/span><\/h2>\n\n\n\n<p><span style=\"color: #000000;\">Der Charme der Blumen l\u00e4sst niemanden unber\u00fchrt, es vermittelt ein Gef\u00fchl der Ruhe und wie ein Hauch von Urlaub!<\/span><\/p>\n\n\n\n<figure class=\"wp-block-image\"><img loading=\"lazy\" decoding=\"async\" width=\"300\" height=\"200\" src=\"https:\/\/www.athome.lu\/blog\/blog\/wp-content\/uploads\/2021\/04\/3-300x200.png\" alt=\"\" class=\"wp-image-13436\" srcset=\"https:\/\/www.athome.lu\/blog\/wp-content\/uploads\/2021\/04\/3-300x200.png 300w, https:\/\/www.athome.lu\/blog\/wp-content\/uploads\/2021\/04\/3-18x12.png 18w, https:\/\/www.athome.lu\/blog\/wp-content\/uploads\/2021\/04\/3.png 600w\" sizes=\"auto, (max-width: 300px) 100vw, 300px\" \/><\/figure>\n\n\n\n<p><a href=\"https:\/\/www.athome.lu\/blog\/vente\/maison\/eischen\/id-6923385.html\"><span style=\"color: #000000;\"><\/span><\/a><\/p>\n\n\n\n<h2 class=\"wp-block-heading\"><span style=\"color: #000000;\"><strong>Top 2: Fische zur Beruhigung in Lamadelaine<\/strong><\/span><\/h2>\n\n\n\n<p><span style=\"color: #000000;\">Goldfische in einem Teich sind immer noch besser als in einem Glas! Wir werden nicht m\u00fcde, sie zu beobachten.<\/span><\/p>\n\n\n\n<figure class=\"wp-block-image\"><img loading=\"lazy\" decoding=\"async\" width=\"300\" height=\"200\" src=\"https:\/\/www.athome.lu\/blog\/blog\/wp-content\/uploads\/2021\/04\/5-300x200.png\" alt=\"\" class=\"wp-image-13438\" srcset=\"https:\/\/www.athome.lu\/blog\/wp-content\/uploads\/2021\/04\/5-300x200.png 300w, https:\/\/www.athome.lu\/blog\/wp-content\/uploads\/2021\/04\/5-18x12.png 18w, https:\/\/www.athome.lu\/blog\/wp-content\/uploads\/2021\/04\/5.png 600w\" sizes=\"auto, (max-width: 300px) 100vw, 300px\" \/><\/figure>\n\n\n\n<p><a href=\"https:\/\/www.athome.lu\/blog\/vente\/maison\/lamadelaine\/id-7079234.html\"><span style=\"color: #000000;\"><\/span><\/a><\/p>\n\n\n\n<h2 class=\"wp-block-heading\"><span style=\"color: #000000;\"><strong>Top 3 : F\u00fcr eine Siesta am Wasser in Leudelange<\/strong><\/span><\/h2>\n\n\n\n<p><span style=\"color: #000000;\">Ein Steg und ein Becken, die es erm\u00f6glichen, in aller Ruhe neue Energie zu tanken.<\/span><\/p>\n\n\n\n<figure class=\"wp-block-image\"><img loading=\"lazy\" decoding=\"async\" width=\"300\" height=\"200\" src=\"https:\/\/www.athome.lu\/blog\/blog\/wp-content\/uploads\/2021\/04\/1-300x200.png\" alt=\"\" class=\"wp-image-13439\" srcset=\"https:\/\/www.athome.lu\/blog\/wp-content\/uploads\/2021\/04\/1-300x200.png 300w, https:\/\/www.athome.lu\/blog\/wp-content\/uploads\/2021\/04\/1-18x12.png 18w, https:\/\/www.athome.lu\/blog\/wp-content\/uploads\/2021\/04\/1.png 600w\" sizes=\"auto, (max-width: 300px) 100vw, 300px\" \/><\/figure>\n\n\n\n<p><a href=\"https:\/\/www.athome.lu\/blog\/vente\/maison\/leudelange\/id-7123734.html\"><span style=\"color: #000000;\"><\/span><\/a><\/p>\n\n\n\n<h2 class=\"wp-block-heading\"><span style=\"color: #000000;\"><strong>Top 4: Seerosenstimmung in Moutfort<\/strong><\/span><\/h2>\n\n\n\n<p><span style=\"color: #000000;\">Wer w\u00fcrde sich nicht gerne an einem Teich voller Seerosen entspannen? Wir hoffen jedenfalls, dass sich hinter diesen ein paar Fr\u00f6sche verbergen, die die Kinder begeistern werden.<\/span><\/p>\n\n\n\n<figure class=\"wp-block-image\"><img loading=\"lazy\" decoding=\"async\" width=\"300\" height=\"200\" src=\"https:\/\/www.athome.lu\/blog\/blog\/wp-content\/uploads\/2021\/04\/2-300x200.png\" alt=\"\" class=\"wp-image-13440\" srcset=\"https:\/\/www.athome.lu\/blog\/wp-content\/uploads\/2021\/04\/2-300x200.png 300w, https:\/\/www.athome.lu\/blog\/wp-content\/uploads\/2021\/04\/2-18x12.png 18w, https:\/\/www.athome.lu\/blog\/wp-content\/uploads\/2021\/04\/2.png 600w\" sizes=\"auto, (max-width: 300px) 100vw, 300px\" \/><\/figure>\n\n\n\n<p><a href=\"https:\/\/www.athome.lu\/blog\/vente\/maison\/moutfort\/id-7136499.html\"><span style=\"color: #000000;\"><\/span><\/a><\/p>\n\n\n\n<h2 class=\"wp-block-heading\"><span style=\"color: #000000;\"><strong>Top 5: F\u00fcr Liebhaber des japanischen Gartens in Luxemburg-Eich<\/strong><\/span><\/h2>\n\n\n\n<p><span style=\"color: #000000;\">Die japanische Seite dieses Gartens wird diejenigen begeistern, die Perfektion lieben.<\/span><\/p>\n\n\n\n<figure class=\"wp-block-image\"><img loading=\"lazy\" decoding=\"async\" width=\"300\" height=\"200\" src=\"https:\/\/www.athome.lu\/blog\/blog\/wp-content\/uploads\/2021\/04\/4-300x200.png\" alt=\"\" class=\"wp-image-13437\" srcset=\"https:\/\/www.athome.lu\/blog\/wp-content\/uploads\/2021\/04\/4-300x200.png 300w, https:\/\/www.athome.lu\/blog\/wp-content\/uploads\/2021\/04\/4-18x12.png 18w, https:\/\/www.athome.lu\/blog\/wp-content\/uploads\/2021\/04\/4.png 600w\" sizes=\"auto, (max-width: 300px) 100vw, 300px\" \/><\/figure>\n\n\n\n<p><a href=\"https:\/\/www.athome.lu\/blog\/vente\/maison\/luxembourg\/id-7126416.html\"><span style=\"color: #000000;\"><\/span><\/a><\/p>\n\n\n\n<p><span style=\"color: #000000;\">Nach dieser kleinen Auswahl macht es Lust, die Sonnenbrille und den Sonnenschirm herauszuholen!<\/span><\/p>\n\n\n<section id=\"section-3-14695\" class=\"ct-section\" ><div class=\"ct-section-inner-wrap\"><div id=\"div_block-4-14695\" class=\"ct-div-block\" ><div id=\"new_columns-7-14695\" class=\"ct-new-columns\" ><div id=\"div_block-8-14695\" class=\"ct-div-block\" ><div id=\"div_block-14-14695\" class=\"ct-div-block\" ><\/div><\/div><div id=\"div_block-9-14695\" class=\"ct-div-block\" ><h1 id=\"headline-11-14695\" class=\"ct-headline\">Wie hoch sind die Immobilienpreise derzeit?<\/h1><div id=\"text_block-12-14695\" class=\"ct-text-block\" >Die Preise verlangsamen sich. Die Zinss\u00e4tze steigen. Welche Trends sind in den kommenden Monaten zu erwarten?<\/div><a id=\"link_button-13-14695\" class=\"ct-link-button\" href=\"https:\/\/www.athome.lu\/blog\/blog\/marche-immobilier\/prix\/tendances-2022\/\" target=\"_blank\"  >Analyse lesen<\/a><\/div><\/div><\/div><\/div><\/section>","protected":false},"excerpt":{"rendered":"<p>Le printemps pointe doucement le bout de son nez alors nous vous avons fait un petit top 5 des maisons luxembourgeoises avec des jardins exceptionnels en vente sur notre site. Top 1 : L'ambiance champ\u00eatre \u00e0 Eischen Le charme des fleurs ne laisse personne indiff\u00e9rent, cela donne un sentiment de tranquillit\u00e9 et comme un air [&hellip;]<\/p>\n","protected":false},"author":17,"featured_media":13443,"comment_status":"closed","ping_status":"closed","sticky":false,"template":"","format":"standard","meta":{"_acf_changed":false,"footnotes":""},"categories":[210],"tags":[173,172],"class_list":["post-13435","post","type-post","status-publish","format-standard","has-post-thumbnail","hentry","category-meuble-decoration","tag-jardins","tag-top-5"],"acf":[],"yoast_head":"<!-- This site is optimized with the Yoast SEO plugin v27.4 - https:\/\/yoast.com\/product\/yoast-seo-wordpress\/ -->\n<title>Top 5 des maisons luxembourgeoises avec jardin - atHome Blog<\/title>\n<meta name=\"robots\" content=\"index, follow, max-snippet:-1, max-image-preview:large, max-video-preview:-1\" \/>\n<link rel=\"canonical\" href=\"https:\/\/www.athome.lu\/blog\/de\/mein-haus\/deko-mobel\/top-5-der-luxemburgischen-hauser-mit-garten\/\" \/>\n<meta property=\"og:locale\" content=\"de_DE\" \/>\n<meta property=\"og:type\" content=\"article\" \/>\n<meta property=\"og:title\" content=\"Top 5 des maisons luxembourgeoises avec jardin - atHome Blog\" \/>\n<meta property=\"og:description\" content=\"Le printemps pointe doucement le bout de son nez alors nous vous avons fait un petit top 5 des maisons luxembourgeoises avec des jardins exceptionnels en vente sur notre site. Top 1 : L&#039;ambiance champ\u00eatre \u00e0 Eischen Le charme des fleurs ne laisse personne indiff\u00e9rent, cela donne un sentiment de tranquillit\u00e9 et comme un air [&hellip;]\" \/>\n<meta property=\"og:url\" content=\"https:\/\/www.athome.lu\/blog\/de\/mein-haus\/deko-mobel\/top-5-der-luxemburgischen-hauser-mit-garten\/\" \/>\n<meta property=\"og:site_name\" content=\"atHome Blog\" \/>\n<meta property=\"article:publisher\" content=\"https:\/\/www.facebook.com\/atHome.lu\/\" \/>\n<meta property=\"article:published_time\" content=\"2021-04-09T14:54:23+00:00\" \/>\n<meta property=\"article:modified_time\" content=\"2022-05-11T09:02:30+00:00\" \/>\n<meta property=\"og:image\" content=\"https:\/\/www.athome.lu\/blog\/wp-content\/uploads\/2021\/04\/Couverture-Wordpress-3.png\" \/>\n\t<meta property=\"og:image:width\" content=\"1280\" \/>\n\t<meta property=\"og:image:height\" content=\"444\" \/>\n\t<meta property=\"og:image:type\" content=\"image\/png\" \/>\n<meta name=\"author\" content=\"Fanny Pimentel\" \/>\n<meta name=\"twitter:card\" content=\"summary_large_image\" \/>\n<meta name=\"twitter:creator\" content=\"@athomelu\" \/>\n<meta name=\"twitter:site\" content=\"@athomelu\" \/>\n<meta name=\"twitter:label1\" content=\"Verfasst von\" \/>\n\t<meta name=\"twitter:data1\" content=\"Fanny Pimentel\" \/>\n\t<meta name=\"twitter:label2\" content=\"Gesch\u00e4tzte Lesezeit\" \/>\n\t<meta name=\"twitter:data2\" content=\"2\u00a0Minuten\" \/>\n<script type=\"application\/ld+json\" class=\"yoast-schema-graph\">{\"@context\":\"https:\\\/\\\/schema.org\",\"@graph\":[{\"@type\":\"Article\",\"@id\":\"https:\\\/\\\/www.athome.lu\\\/blog\\\/mon-logement\\\/meuble-decoration\\\/top-5-des-maisons-luxembourgeoises-avec-jardin\\\/#article\",\"isPartOf\":{\"@id\":\"https:\\\/\\\/www.athome.lu\\\/blog\\\/mon-logement\\\/meuble-decoration\\\/top-5-des-maisons-luxembourgeoises-avec-jardin\\\/\"},\"author\":{\"name\":\"Fanny Pimentel\",\"@id\":\"https:\\\/\\\/www.athome.lu\\\/blog\\\/#\\\/schema\\\/person\\\/47f7a38089f837e792876ceddc4cb2dc\"},\"headline\":\"Top 5 des maisons luxembourgeoises avec jardin\",\"datePublished\":\"2021-04-09T14:54:23+00:00\",\"dateModified\":\"2022-05-11T09:02:30+00:00\",\"mainEntityOfPage\":{\"@id\":\"https:\\\/\\\/www.athome.lu\\\/blog\\\/mon-logement\\\/meuble-decoration\\\/top-5-des-maisons-luxembourgeoises-avec-jardin\\\/\"},\"wordCount\":191,\"image\":{\"@id\":\"https:\\\/\\\/www.athome.lu\\\/blog\\\/mon-logement\\\/meuble-decoration\\\/top-5-des-maisons-luxembourgeoises-avec-jardin\\\/#primaryimage\"},\"thumbnailUrl\":\"https:\\\/\\\/www.athome.lu\\\/blog\\\/wp-content\\\/uploads\\\/2021\\\/04\\\/Couverture-Wordpress-3.png\",\"keywords\":[\"Jardins\",\"Top 5\"],\"articleSection\":[\"Meubler et D\u00e9corer\"],\"inLanguage\":\"de\"},{\"@type\":\"WebPage\",\"@id\":\"https:\\\/\\\/www.athome.lu\\\/blog\\\/mon-logement\\\/meuble-decoration\\\/top-5-des-maisons-luxembourgeoises-avec-jardin\\\/\",\"url\":\"https:\\\/\\\/www.athome.lu\\\/blog\\\/mon-logement\\\/meuble-decoration\\\/top-5-des-maisons-luxembourgeoises-avec-jardin\\\/\",\"name\":\"Top 5 des maisons luxembourgeoises avec jardin - atHome Blog\",\"isPartOf\":{\"@id\":\"https:\\\/\\\/www.athome.lu\\\/blog\\\/#website\"},\"primaryImageOfPage\":{\"@id\":\"https:\\\/\\\/www.athome.lu\\\/blog\\\/mon-logement\\\/meuble-decoration\\\/top-5-des-maisons-luxembourgeoises-avec-jardin\\\/#primaryimage\"},\"image\":{\"@id\":\"https:\\\/\\\/www.athome.lu\\\/blog\\\/mon-logement\\\/meuble-decoration\\\/top-5-des-maisons-luxembourgeoises-avec-jardin\\\/#primaryimage\"},\"thumbnailUrl\":\"https:\\\/\\\/www.athome.lu\\\/blog\\\/wp-content\\\/uploads\\\/2021\\\/04\\\/Couverture-Wordpress-3.png\",\"datePublished\":\"2021-04-09T14:54:23+00:00\",\"dateModified\":\"2022-05-11T09:02:30+00:00\",\"author\":{\"@id\":\"https:\\\/\\\/www.athome.lu\\\/blog\\\/#\\\/schema\\\/person\\\/47f7a38089f837e792876ceddc4cb2dc\"},\"breadcrumb\":{\"@id\":\"https:\\\/\\\/www.athome.lu\\\/blog\\\/mon-logement\\\/meuble-decoration\\\/top-5-des-maisons-luxembourgeoises-avec-jardin\\\/#breadcrumb\"},\"inLanguage\":\"de\",\"potentialAction\":[{\"@type\":\"ReadAction\",\"target\":[\"https:\\\/\\\/www.athome.lu\\\/blog\\\/mon-logement\\\/meuble-decoration\\\/top-5-des-maisons-luxembourgeoises-avec-jardin\\\/\"]}]},{\"@type\":\"ImageObject\",\"inLanguage\":\"de\",\"@id\":\"https:\\\/\\\/www.athome.lu\\\/blog\\\/mon-logement\\\/meuble-decoration\\\/top-5-des-maisons-luxembourgeoises-avec-jardin\\\/#primaryimage\",\"url\":\"https:\\\/\\\/www.athome.lu\\\/blog\\\/wp-content\\\/uploads\\\/2021\\\/04\\\/Couverture-Wordpress-3.png\",\"contentUrl\":\"https:\\\/\\\/www.athome.lu\\\/blog\\\/wp-content\\\/uploads\\\/2021\\\/04\\\/Couverture-Wordpress-3.png\",\"width\":1280,\"height\":444},{\"@type\":\"BreadcrumbList\",\"@id\":\"https:\\\/\\\/www.athome.lu\\\/blog\\\/mon-logement\\\/meuble-decoration\\\/top-5-des-maisons-luxembourgeoises-avec-jardin\\\/#breadcrumb\",\"itemListElement\":[{\"@type\":\"ListItem\",\"position\":1,\"name\":\"Accueil\",\"item\":\"https:\\\/\\\/www.athome.lu\\\/blog\\\/\"},{\"@type\":\"ListItem\",\"position\":2,\"name\":\"Mon logement\",\"item\":\"https:\\\/\\\/www.athome.lu\\\/blog\\\/de\\\/category\\\/mein-haus\\\/\"},{\"@type\":\"ListItem\",\"position\":3,\"name\":\"Meubler et D\u00e9corer\",\"item\":\"https:\\\/\\\/www.athome.lu\\\/blog\\\/de\\\/category\\\/mein-haus\\\/deko-mobel\\\/\"},{\"@type\":\"ListItem\",\"position\":4,\"name\":\"Top 5 des maisons luxembourgeoises avec jardin\"}]},{\"@type\":\"WebSite\",\"@id\":\"https:\\\/\\\/www.athome.lu\\\/blog\\\/#website\",\"url\":\"https:\\\/\\\/www.athome.lu\\\/blog\\\/\",\"name\":\"atHome Blog\",\"description\":\"Annonces immobili\u00e8res au Luxembourg. Le portail immobilier n\u00b01 au Luxembourg.\",\"potentialAction\":[{\"@type\":\"SearchAction\",\"target\":{\"@type\":\"EntryPoint\",\"urlTemplate\":\"https:\\\/\\\/www.athome.lu\\\/blog\\\/?s={search_term_string}\"},\"query-input\":{\"@type\":\"PropertyValueSpecification\",\"valueRequired\":true,\"valueName\":\"search_term_string\"}}],\"inLanguage\":\"de\"},{\"@type\":\"Person\",\"@id\":\"https:\\\/\\\/www.athome.lu\\\/blog\\\/#\\\/schema\\\/person\\\/47f7a38089f837e792876ceddc4cb2dc\",\"name\":\"Fanny Pimentel\",\"image\":{\"@type\":\"ImageObject\",\"inLanguage\":\"de\",\"@id\":\"https:\\\/\\\/secure.gravatar.com\\\/avatar\\\/c60b27b93851dc9503f9cc9150e73dcb0a86ba6150657e5e4b11d988400bc633?s=96&d=mm&r=g\",\"url\":\"https:\\\/\\\/secure.gravatar.com\\\/avatar\\\/c60b27b93851dc9503f9cc9150e73dcb0a86ba6150657e5e4b11d988400bc633?s=96&d=mm&r=g\",\"contentUrl\":\"https:\\\/\\\/secure.gravatar.com\\\/avatar\\\/c60b27b93851dc9503f9cc9150e73dcb0a86ba6150657e5e4b11d988400bc633?s=96&d=mm&r=g\",\"caption\":\"Fanny Pimentel\"}}]}<\/script>\n<!-- \/ Yoast SEO plugin. -->","yoast_head_json":{"title":"Top 5 der luxemburgischen H\u00e4user mit Garten - atHome Blog","robots":{"index":"index","follow":"follow","max-snippet":"max-snippet:-1","max-image-preview":"max-image-preview:large","max-video-preview":"max-video-preview:-1"},"canonical":"https:\/\/www.athome.lu\/blog\/de\/mein-haus\/deko-mobel\/top-5-der-luxemburgischen-hauser-mit-garten\/","og_locale":"de_DE","og_type":"article","og_title":"Top 5 des maisons luxembourgeoises avec jardin - atHome Blog","og_description":"Le printemps pointe doucement le bout de son nez alors nous vous avons fait un petit top 5 des maisons luxembourgeoises avec des jardins exceptionnels en vente sur notre site. Top 1 : L'ambiance champ\u00eatre \u00e0 Eischen Le charme des fleurs ne laisse personne indiff\u00e9rent, cela donne un sentiment de tranquillit\u00e9 et comme un air [&hellip;]","og_url":"https:\/\/www.athome.lu\/blog\/de\/mein-haus\/deko-mobel\/top-5-der-luxemburgischen-hauser-mit-garten\/","og_site_name":"atHome Blog","article_publisher":"https:\/\/www.facebook.com\/atHome.lu\/","article_published_time":"2021-04-09T14:54:23+00:00","article_modified_time":"2022-05-11T09:02:30+00:00","og_image":[{"width":1280,"height":444,"url":"https:\/\/www.athome.lu\/blog\/wp-content\/uploads\/2021\/04\/Couverture-Wordpress-3.png","type":"image\/png"}],"author":"Fanny Pimentel","twitter_card":"summary_large_image","twitter_creator":"@athomelu","twitter_site":"@athomelu","twitter_misc":{"Verfasst von":"Fanny Pimentel","Gesch\u00e4tzte Lesezeit":"2\u00a0Minuten"},"schema":{"@context":"https:\/\/schema.org","@graph":[{"@type":"Article","@id":"https:\/\/www.athome.lu\/blog\/mon-logement\/meuble-decoration\/top-5-des-maisons-luxembourgeoises-avec-jardin\/#article","isPartOf":{"@id":"https:\/\/www.athome.lu\/blog\/mon-logement\/meuble-decoration\/top-5-des-maisons-luxembourgeoises-avec-jardin\/"},"author":{"name":"Fanny Pimentel","@id":"https:\/\/www.athome.lu\/blog\/#\/schema\/person\/47f7a38089f837e792876ceddc4cb2dc"},"headline":"Top 5 des maisons luxembourgeoises avec jardin","datePublished":"2021-04-09T14:54:23+00:00","dateModified":"2022-05-11T09:02:30+00:00","mainEntityOfPage":{"@id":"https:\/\/www.athome.lu\/blog\/mon-logement\/meuble-decoration\/top-5-des-maisons-luxembourgeoises-avec-jardin\/"},"wordCount":191,"image":{"@id":"https:\/\/www.athome.lu\/blog\/mon-logement\/meuble-decoration\/top-5-des-maisons-luxembourgeoises-avec-jardin\/#primaryimage"},"thumbnailUrl":"https:\/\/www.athome.lu\/blog\/wp-content\/uploads\/2021\/04\/Couverture-Wordpress-3.png","keywords":["Jardins","Top 5"],"articleSection":["Meubler et D\u00e9corer"],"inLanguage":"de"},{"@type":"WebPage","@id":"https:\/\/www.athome.lu\/blog\/mon-logement\/meuble-decoration\/top-5-des-maisons-luxembourgeoises-avec-jardin\/","url":"https:\/\/www.athome.lu\/blog\/mon-logement\/meuble-decoration\/top-5-des-maisons-luxembourgeoises-avec-jardin\/","name":"Top 5 der luxemburgischen H\u00e4user mit Garten - atHome Blog","isPartOf":{"@id":"https:\/\/www.athome.lu\/blog\/#website"},"primaryImageOfPage":{"@id":"https:\/\/www.athome.lu\/blog\/mon-logement\/meuble-decoration\/top-5-des-maisons-luxembourgeoises-avec-jardin\/#primaryimage"},"image":{"@id":"https:\/\/www.athome.lu\/blog\/mon-logement\/meuble-decoration\/top-5-des-maisons-luxembourgeoises-avec-jardin\/#primaryimage"},"thumbnailUrl":"https:\/\/www.athome.lu\/blog\/wp-content\/uploads\/2021\/04\/Couverture-Wordpress-3.png","datePublished":"2021-04-09T14:54:23+00:00","dateModified":"2022-05-11T09:02:30+00:00","author":{"@id":"https:\/\/www.athome.lu\/blog\/#\/schema\/person\/47f7a38089f837e792876ceddc4cb2dc"},"breadcrumb":{"@id":"https:\/\/www.athome.lu\/blog\/mon-logement\/meuble-decoration\/top-5-des-maisons-luxembourgeoises-avec-jardin\/#breadcrumb"},"inLanguage":"de","potentialAction":[{"@type":"ReadAction","target":["https:\/\/www.athome.lu\/blog\/mon-logement\/meuble-decoration\/top-5-des-maisons-luxembourgeoises-avec-jardin\/"]}]},{"@type":"ImageObject","inLanguage":"de","@id":"https:\/\/www.athome.lu\/blog\/mon-logement\/meuble-decoration\/top-5-des-maisons-luxembourgeoises-avec-jardin\/#primaryimage","url":"https:\/\/www.athome.lu\/blog\/wp-content\/uploads\/2021\/04\/Couverture-Wordpress-3.png","contentUrl":"https:\/\/www.athome.lu\/blog\/wp-content\/uploads\/2021\/04\/Couverture-Wordpress-3.png","width":1280,"height":444},{"@type":"BreadcrumbList","@id":"https:\/\/www.athome.lu\/blog\/mon-logement\/meuble-decoration\/top-5-des-maisons-luxembourgeoises-avec-jardin\/#breadcrumb","itemListElement":[{"@type":"ListItem","position":1,"name":"Accueil","item":"https:\/\/www.athome.lu\/blog\/"},{"@type":"ListItem","position":2,"name":"Mon logement","item":"https:\/\/www.athome.lu\/blog\/de\/category\/mein-haus\/"},{"@type":"ListItem","position":3,"name":"Meubler et D\u00e9corer","item":"https:\/\/www.athome.lu\/blog\/de\/category\/mein-haus\/deko-mobel\/"},{"@type":"ListItem","position":4,"name":"Top 5 des maisons luxembourgeoises avec jardin"}]},{"@type":"WebSite","@id":"https:\/\/www.athome.lu\/blog\/#website","url":"https:\/\/www.athome.lu\/blog\/","name":"atHome Blog","description":"Immobilienanzeigen in Luxemburg. Das Immobilienportal Nr. 1 in Luxemburg.","potentialAction":[{"@type":"SearchAction","target":{"@type":"EntryPoint","urlTemplate":"https:\/\/www.athome.lu\/blog\/?s={search_term_string}"},"query-input":{"@type":"PropertyValueSpecification","valueRequired":true,"valueName":"search_term_string"}}],"inLanguage":"de"},{"@type":"Person","@id":"https:\/\/www.athome.lu\/blog\/#\/schema\/person\/47f7a38089f837e792876ceddc4cb2dc","name":"Fanny Pimentel","image":{"@type":"ImageObject","inLanguage":"de","@id":"https:\/\/secure.gravatar.com\/avatar\/c60b27b93851dc9503f9cc9150e73dcb0a86ba6150657e5e4b11d988400bc633?s=96&d=mm&r=g","url":"https:\/\/secure.gravatar.com\/avatar\/c60b27b93851dc9503f9cc9150e73dcb0a86ba6150657e5e4b11d988400bc633?s=96&d=mm&r=g","contentUrl":"https:\/\/secure.gravatar.com\/avatar\/c60b27b93851dc9503f9cc9150e73dcb0a86ba6150657e5e4b11d988400bc633?s=96&d=mm&r=g","caption":"Fanny Pimentel"}}]}},"featured_media_src_url":"https:\/\/www.athome.lu\/blog\/wp-content\/uploads\/2021\/04\/Couverture-Wordpress-3-1024x355.png","_links":{"self":[{"href":"https:\/\/www.athome.lu\/blog\/de\/wp-json\/wp\/v2\/posts\/13435","targetHints":{"allow":["GET"]}}],"collection":[{"href":"https:\/\/www.athome.lu\/blog\/de\/wp-json\/wp\/v2\/posts"}],"about":[{"href":"https:\/\/www.athome.lu\/blog\/de\/wp-json\/wp\/v2\/types\/post"}],"author":[{"embeddable":true,"href":"https:\/\/www.athome.lu\/blog\/de\/wp-json\/wp\/v2\/users\/17"}],"replies":[{"embeddable":true,"href":"https:\/\/www.athome.lu\/blog\/de\/wp-json\/wp\/v2\/comments?post=13435"}],"version-history":[{"count":3,"href":"https:\/\/www.athome.lu\/blog\/de\/wp-json\/wp\/v2\/posts\/13435\/revisions"}],"predecessor-version":[{"id":14901,"href":"https:\/\/www.athome.lu\/blog\/de\/wp-json\/wp\/v2\/posts\/13435\/revisions\/14901"}],"wp:featuredmedia":[{"embeddable":true,"href":"https:\/\/www.athome.lu\/blog\/de\/wp-json\/wp\/v2\/media\/13443"}],"wp:attachment":[{"href":"https:\/\/www.athome.lu\/blog\/de\/wp-json\/wp\/v2\/media?parent=13435"}],"wp:term":[{"taxonomy":"category","embeddable":true,"href":"https:\/\/www.athome.lu\/blog\/de\/wp-json\/wp\/v2\/categories?post=13435"},{"taxonomy":"post_tag","embeddable":true,"href":"https:\/\/www.athome.lu\/blog\/de\/wp-json\/wp\/v2\/tags?post=13435"}],"curies":[{"name":"wp","href":"https:\/\/api.w.org\/{rel}","templated":true}]}}