{"id":13770,"date":"2022-11-25T14:47:30","date_gmt":"2022-11-25T13:47:30","guid":{"rendered":"https:\/\/www.athome.lu\/blogpro\/?p=13770"},"modified":"2024-04-23T10:09:32","modified_gmt":"2024-04-23T08:09:32","slug":"ultrabreitband-in-wohnungen-welche-zukunft-in-luxemburg","status":"publish","type":"post","link":"https:\/\/www.athome.lu\/blog\/de\/pro\/actualites-athome\/ultra-haut-debit-dans-les-logements-quel-avenir-au-luxembourg\/","title":{"rendered":"Ultrabreitband in Wohnungen: Wie sieht die Zukunft in Luxemburg aus?"},"content":{"rendered":"<p>Mit einer Abdeckung von 95% der Unterk\u00fcnfte,\u00a0<strong>Luxemburg ist das zweitbeste Land in Europa, was die \"zukunftssichere\" Internetinfrastruktur angeht.<\/strong>\u00a0(unter Ber\u00fccksichtigung von Internetfaser und Koaxialkabel).<\/p>\n<p>Dennoch gibt es\u00a0<strong>mindestens 70000 Haushalte, die nicht davon profitieren k\u00f6nnen<\/strong>. Zu den gr\u00f6\u00dften Hemmnissen geh\u00f6rt die veraltete Verkabelung innerhalb von Geb\u00e4uden und Wohnungen, f\u00fcr die in der Regel der\/die Eigent\u00fcmer verantwortlich ist\/sind.<\/p>\n<h2>Ein entscheidender Faktor f\u00fcr die Attraktivit\u00e4t Luxemburgs<\/h2>\n<p>In Zeiten der allgemeinen Telearbeit\u00a0<strong>die Konnektivit\u00e4t von Wohnungen wird zu einem entscheidenden Faktor<\/strong>\u00a0in der Ausstrahlung des Gro\u00dfherzogtums. CBRE hat dies \u00fcbrigens in einer im September 2022 erschienenen Studie \u00fcber den Mietmarkt in Luxemburg festgestellt:\u00a0<strong>die Konnektivit\u00e4t ist die 4<sup>i\u00e8me<\/sup>\u00a0Auswahlkriterium<\/strong>Die Wohnung liegt direkt hinter einem Parkplatz, einer Terrasse und einem Garten.<\/p>\n<p><a href=\"https:\/\/letzconnecttour.site.digitevent.com\/fr\/\" target=\"_blank\" rel=\"noopener\">MyConnectivity G.I.E.<\/a>, eine Initiative des Staatsministeriums, will gerade die Praktiken im Zusammenhang mit der Konnektivit\u00e4t\u0301 in Luxemburg verbessern. Um die Konnektivit\u00e4t des luxemburgischen Territoriums zu erh\u00f6hen, werden neue Standards eingef\u00fchrt, damit mehr Wohnungen \u00fcber einen Ultra-Breitband-Internetanschluss verf\u00fcgen k\u00f6nnen.<\/p>\n<p>Dann :\u00a0<strong>Welche Auswirkungen hat dies auf die Immobilienbranche?<\/strong><\/p>\n<h2 id=\"toc-item-1\">LetzConnect Tour: Eine Vortragsreihe, um alles zu verstehen<\/h2>\n<p>Um die aktuelle Marktsituation, die luxemburgischen Standardisierungsprojekte und die Entwicklung von Zertifizierungen zu besprechen, die sowohl f\u00fcr den gewerblichen Bereich als auch f\u00fcr den Wohnungsbau im Gange sind, bietet MyConnectivity Folgendes an\u00a0<a href=\"https:\/\/letzconnecttour.site.digitevent.com\/fr\/\" target=\"_blank\" rel=\"noopener\">eine Reihe von Konferenzen<\/a>\u00a0auf Deutsch und Franz\u00f6sisch an folgenden Daten:<\/p>\n<ul>\n<li>Die\u00a0<strong>Montag, 28. November in Echternach<\/strong>\u00a0(Vortrag auf Deutsch)<\/li>\n<li>Die<strong>\u00a0Dienstag, 29. November in Mersch<\/strong>\u00a0(Vortrag auf Franz\u00f6sisch)<\/li>\n<li>Die\u00a0<strong>Montag, 12. Dezember in Luxemburg<\/strong>\u00a0(Vortrag auf Franz\u00f6sisch)<\/li>\n<li>Die\u00a0<strong>Dienstag, 13. Dezember in Dudelange<\/strong>\u00a0(Vortrag auf Franz\u00f6sisch)<\/li>\n<\/ul>\n<p>M\u00f6chten Sie an diesen Treffen teilnehmen? Melden Sie sich jetzt an unter\u00a0<a href=\"https:\/\/letzconnecttour.site.digitevent.com\/fr\/me\/programme\/\" target=\"_blank\" rel=\"noopener\">diese Seite<\/a>.<\/p>\n<p><strong>Quellen<\/strong>:<\/p>\n<ul>\n<li><strong>\"\u00a0<a href=\"https:\/\/digital-strategy.ec.europa.eu\/en\/library\/digital-economy-and-society-index-desi-2022\" target=\"_blank\" rel=\"noopener\">Digital Economy and Society Index (DESI) 2022 - Digitale Infrastruktur, Abbildung 8<\/a>\u00a0\" :<\/strong><\/li>\n<li><a href=\"https:\/\/www.cbre.lu\/en\/research-and-reports\/Luxembourg-Residential-Tenant-Survey-2022\" target=\"_blank\" rel=\"noopener\">CBRE-Bericht<\/a><\/li>\n<\/ul>","protected":false},"excerpt":{"rendered":"<p>Avec une couverture de 95% des logements,\u00a0le Luxembourg est le deuxi\u00e8me meilleur pays europ\u00e9en en terme d\u2019infrastructures internet \u00ab\u00a0future-proof\u00a0\u00bb\u00a0(prenant en compte la fibre Internet et le c\u00e2ble coaxial). Pourtant, on d\u00e9nombre\u00a0au moins 70000 m\u00e9nages ne pouvant en profiter. Parmi les principaux freins, on compte notamment la v\u00e9tust\u00e9 du c\u00e2blage \u00e0 l\u2019int\u00e9rieur des immeubles et des [&hellip;]<\/p>\n","protected":false},"author":17,"featured_media":13771,"comment_status":"closed","ping_status":"closed","sticky":false,"template":"","format":"standard","meta":{"_acf_changed":false,"footnotes":""},"categories":[234],"tags":[],"class_list":["post-13770","post","type-post","status-publish","format-standard","has-post-thumbnail","hentry","category-actualites-athome"],"acf":[],"yoast_head":"<!-- This site is optimized with the Yoast SEO plugin v27.4 - https:\/\/yoast.com\/product\/yoast-seo-wordpress\/ -->\n<title>\u25b7 Ultra haut d\u00e9bit dans les logements : quel avenir au Luxembourg ? | atHomePro<\/title>\n<meta name=\"description\" content=\"Avec une couverture de 95% des logements,\u00a0le Luxembourg est le deuxi\u00e8me meilleur pays europ\u00e9en en terme d\u2019infrastructures internet \u00ab\u00a0future-proof\u00a0\u00bb\u00a0\" \/>\n<meta name=\"robots\" content=\"index, follow, max-snippet:-1, max-image-preview:large, max-video-preview:-1\" \/>\n<link rel=\"canonical\" href=\"https:\/\/www.athome.lu\/blog\/de\/pro\/news-athome\/ultrabreitband-in-wohnungen-welche-zukunft-in-luxemburg\/\" \/>\n<meta property=\"og:locale\" content=\"de_DE\" \/>\n<meta property=\"og:type\" content=\"article\" \/>\n<meta property=\"og:title\" content=\"\u25b7 Ultra haut d\u00e9bit dans les logements : quel avenir au Luxembourg ? | atHomePro\" \/>\n<meta property=\"og:description\" content=\"Avec une couverture de 95% des logements,\u00a0le Luxembourg est le deuxi\u00e8me meilleur pays europ\u00e9en en terme d\u2019infrastructures internet \u00ab\u00a0future-proof\u00a0\u00bb\u00a0\" \/>\n<meta property=\"og:url\" content=\"https:\/\/www.athome.lu\/blog\/de\/pro\/news-athome\/ultrabreitband-in-wohnungen-welche-zukunft-in-luxemburg\/\" \/>\n<meta property=\"og:site_name\" content=\"atHome Blog\" \/>\n<meta property=\"article:publisher\" content=\"https:\/\/www.facebook.com\/atHome.lu\/\" \/>\n<meta property=\"article:published_time\" content=\"2022-11-25T13:47:30+00:00\" \/>\n<meta property=\"article:modified_time\" content=\"2024-04-23T08:09:32+00:00\" \/>\n<meta property=\"og:image\" content=\"https:\/\/www.athome.lu\/blog\/wp-content\/uploads\/2022\/11\/myconnectivity-1.png\" \/>\n\t<meta property=\"og:image:width\" content=\"1024\" \/>\n\t<meta property=\"og:image:height\" content=\"512\" \/>\n\t<meta property=\"og:image:type\" content=\"image\/png\" \/>\n<meta name=\"author\" content=\"Fanny Pimentel\" \/>\n<meta name=\"twitter:card\" content=\"summary_large_image\" \/>\n<meta name=\"twitter:creator\" content=\"@athomelu\" \/>\n<meta name=\"twitter:site\" content=\"@athomelu\" \/>\n<meta name=\"twitter:label1\" content=\"Verfasst von\" \/>\n\t<meta name=\"twitter:data1\" content=\"Fanny Pimentel\" \/>\n\t<meta name=\"twitter:label2\" content=\"Gesch\u00e4tzte Lesezeit\" \/>\n\t<meta name=\"twitter:data2\" content=\"2\u00a0Minuten\" \/>\n<script type=\"application\/ld+json\" class=\"yoast-schema-graph\">{\"@context\":\"https:\\\/\\\/schema.org\",\"@graph\":[{\"@type\":\"Article\",\"@id\":\"https:\\\/\\\/www.athome.lu\\\/blog\\\/pro\\\/actualites-athome\\\/ultra-haut-debit-dans-les-logements-quel-avenir-au-luxembourg\\\/#article\",\"isPartOf\":{\"@id\":\"https:\\\/\\\/www.athome.lu\\\/blog\\\/pro\\\/actualites-athome\\\/ultra-haut-debit-dans-les-logements-quel-avenir-au-luxembourg\\\/\"},\"author\":{\"name\":\"Fanny Pimentel\",\"@id\":\"https:\\\/\\\/www.athome.lu\\\/blog\\\/#\\\/schema\\\/person\\\/47f7a38089f837e792876ceddc4cb2dc\"},\"headline\":\"Ultra haut d\u00e9bit dans les logements : quel avenir au Luxembourg ?\",\"datePublished\":\"2022-11-25T13:47:30+00:00\",\"dateModified\":\"2024-04-23T08:09:32+00:00\",\"mainEntityOfPage\":{\"@id\":\"https:\\\/\\\/www.athome.lu\\\/blog\\\/pro\\\/actualites-athome\\\/ultra-haut-debit-dans-les-logements-quel-avenir-au-luxembourg\\\/\"},\"wordCount\":341,\"image\":{\"@id\":\"https:\\\/\\\/www.athome.lu\\\/blog\\\/pro\\\/actualites-athome\\\/ultra-haut-debit-dans-les-logements-quel-avenir-au-luxembourg\\\/#primaryimage\"},\"thumbnailUrl\":\"https:\\\/\\\/www.athome.lu\\\/blog\\\/wp-content\\\/uploads\\\/2022\\\/11\\\/myconnectivity-1.png\",\"articleSection\":[\"Actualit\u00e9s atHome\"],\"inLanguage\":\"de\"},{\"@type\":\"WebPage\",\"@id\":\"https:\\\/\\\/www.athome.lu\\\/blog\\\/pro\\\/actualites-athome\\\/ultra-haut-debit-dans-les-logements-quel-avenir-au-luxembourg\\\/\",\"url\":\"https:\\\/\\\/www.athome.lu\\\/blog\\\/pro\\\/actualites-athome\\\/ultra-haut-debit-dans-les-logements-quel-avenir-au-luxembourg\\\/\",\"name\":\"\u25b7 Ultra haut d\u00e9bit dans les logements : quel avenir au Luxembourg ? | atHomePro\",\"isPartOf\":{\"@id\":\"https:\\\/\\\/www.athome.lu\\\/blog\\\/#website\"},\"primaryImageOfPage\":{\"@id\":\"https:\\\/\\\/www.athome.lu\\\/blog\\\/pro\\\/actualites-athome\\\/ultra-haut-debit-dans-les-logements-quel-avenir-au-luxembourg\\\/#primaryimage\"},\"image\":{\"@id\":\"https:\\\/\\\/www.athome.lu\\\/blog\\\/pro\\\/actualites-athome\\\/ultra-haut-debit-dans-les-logements-quel-avenir-au-luxembourg\\\/#primaryimage\"},\"thumbnailUrl\":\"https:\\\/\\\/www.athome.lu\\\/blog\\\/wp-content\\\/uploads\\\/2022\\\/11\\\/myconnectivity-1.png\",\"datePublished\":\"2022-11-25T13:47:30+00:00\",\"dateModified\":\"2024-04-23T08:09:32+00:00\",\"author\":{\"@id\":\"https:\\\/\\\/www.athome.lu\\\/blog\\\/#\\\/schema\\\/person\\\/47f7a38089f837e792876ceddc4cb2dc\"},\"description\":\"Avec une couverture de 95% des logements,\u00a0le Luxembourg est le deuxi\u00e8me meilleur pays europ\u00e9en en terme d\u2019infrastructures internet \u00ab\u00a0future-proof\u00a0\u00bb\u00a0\",\"breadcrumb\":{\"@id\":\"https:\\\/\\\/www.athome.lu\\\/blog\\\/pro\\\/actualites-athome\\\/ultra-haut-debit-dans-les-logements-quel-avenir-au-luxembourg\\\/#breadcrumb\"},\"inLanguage\":\"de\",\"potentialAction\":[{\"@type\":\"ReadAction\",\"target\":[\"https:\\\/\\\/www.athome.lu\\\/blog\\\/pro\\\/actualites-athome\\\/ultra-haut-debit-dans-les-logements-quel-avenir-au-luxembourg\\\/\"]}]},{\"@type\":\"ImageObject\",\"inLanguage\":\"de\",\"@id\":\"https:\\\/\\\/www.athome.lu\\\/blog\\\/pro\\\/actualites-athome\\\/ultra-haut-debit-dans-les-logements-quel-avenir-au-luxembourg\\\/#primaryimage\",\"url\":\"https:\\\/\\\/www.athome.lu\\\/blog\\\/wp-content\\\/uploads\\\/2022\\\/11\\\/myconnectivity-1.png\",\"contentUrl\":\"https:\\\/\\\/www.athome.lu\\\/blog\\\/wp-content\\\/uploads\\\/2022\\\/11\\\/myconnectivity-1.png\",\"width\":1024,\"height\":512},{\"@type\":\"BreadcrumbList\",\"@id\":\"https:\\\/\\\/www.athome.lu\\\/blog\\\/pro\\\/actualites-athome\\\/ultra-haut-debit-dans-les-logements-quel-avenir-au-luxembourg\\\/#breadcrumb\",\"itemListElement\":[{\"@type\":\"ListItem\",\"position\":1,\"name\":\"Accueil\",\"item\":\"https:\\\/\\\/www.athome.lu\\\/blog\\\/\"},{\"@type\":\"ListItem\",\"position\":2,\"name\":\"Pro\",\"item\":\"https:\\\/\\\/www.athome.lu\\\/blog\\\/category\\\/pro\\\/\"},{\"@type\":\"ListItem\",\"position\":3,\"name\":\"Actualit\u00e9s atHome\",\"item\":\"https:\\\/\\\/www.athome.lu\\\/blog\\\/category\\\/pro\\\/actualites-athome\\\/\"},{\"@type\":\"ListItem\",\"position\":4,\"name\":\"Ultra haut d\u00e9bit dans les logements : quel avenir au Luxembourg ?\"}]},{\"@type\":\"WebSite\",\"@id\":\"https:\\\/\\\/www.athome.lu\\\/blog\\\/#website\",\"url\":\"https:\\\/\\\/www.athome.lu\\\/blog\\\/\",\"name\":\"atHome Blog\",\"description\":\"Annonces immobili\u00e8res au Luxembourg. Le portail immobilier n\u00b01 au Luxembourg.\",\"potentialAction\":[{\"@type\":\"SearchAction\",\"target\":{\"@type\":\"EntryPoint\",\"urlTemplate\":\"https:\\\/\\\/www.athome.lu\\\/blog\\\/?s={search_term_string}\"},\"query-input\":{\"@type\":\"PropertyValueSpecification\",\"valueRequired\":true,\"valueName\":\"search_term_string\"}}],\"inLanguage\":\"de\"},{\"@type\":\"Person\",\"@id\":\"https:\\\/\\\/www.athome.lu\\\/blog\\\/#\\\/schema\\\/person\\\/47f7a38089f837e792876ceddc4cb2dc\",\"name\":\"Fanny Pimentel\",\"image\":{\"@type\":\"ImageObject\",\"inLanguage\":\"de\",\"@id\":\"https:\\\/\\\/secure.gravatar.com\\\/avatar\\\/c60b27b93851dc9503f9cc9150e73dcb0a86ba6150657e5e4b11d988400bc633?s=96&d=mm&r=g\",\"url\":\"https:\\\/\\\/secure.gravatar.com\\\/avatar\\\/c60b27b93851dc9503f9cc9150e73dcb0a86ba6150657e5e4b11d988400bc633?s=96&d=mm&r=g\",\"contentUrl\":\"https:\\\/\\\/secure.gravatar.com\\\/avatar\\\/c60b27b93851dc9503f9cc9150e73dcb0a86ba6150657e5e4b11d988400bc633?s=96&d=mm&r=g\",\"caption\":\"Fanny Pimentel\"}}]}<\/script>\n<!-- \/ Yoast SEO plugin. -->","yoast_head_json":{"title":"\u25b7 Ultrabreitband in Wohnungen: welche Zukunft in Luxemburg? | atHomePro","description":"Mit einer Abdeckung von 95% der Wohnungen ist Luxemburg das zweitbeste europ\u00e4ische Land, was die \"zukunftssichere\" Internetinfrastruktur betrifft.\u00a0","robots":{"index":"index","follow":"follow","max-snippet":"max-snippet:-1","max-image-preview":"max-image-preview:large","max-video-preview":"max-video-preview:-1"},"canonical":"https:\/\/www.athome.lu\/blog\/de\/pro\/news-athome\/ultrabreitband-in-wohnungen-welche-zukunft-in-luxemburg\/","og_locale":"de_DE","og_type":"article","og_title":"\u25b7 Ultra haut d\u00e9bit dans les logements : quel avenir au Luxembourg ? | atHomePro","og_description":"Avec une couverture de 95% des logements,\u00a0le Luxembourg est le deuxi\u00e8me meilleur pays europ\u00e9en en terme d\u2019infrastructures internet \u00ab\u00a0future-proof\u00a0\u00bb\u00a0","og_url":"https:\/\/www.athome.lu\/blog\/de\/pro\/news-athome\/ultrabreitband-in-wohnungen-welche-zukunft-in-luxemburg\/","og_site_name":"atHome Blog","article_publisher":"https:\/\/www.facebook.com\/atHome.lu\/","article_published_time":"2022-11-25T13:47:30+00:00","article_modified_time":"2024-04-23T08:09:32+00:00","og_image":[{"width":1024,"height":512,"url":"https:\/\/www.athome.lu\/blog\/wp-content\/uploads\/2022\/11\/myconnectivity-1.png","type":"image\/png"}],"author":"Fanny Pimentel","twitter_card":"summary_large_image","twitter_creator":"@athomelu","twitter_site":"@athomelu","twitter_misc":{"Verfasst von":"Fanny Pimentel","Gesch\u00e4tzte Lesezeit":"2\u00a0Minuten"},"schema":{"@context":"https:\/\/schema.org","@graph":[{"@type":"Article","@id":"https:\/\/www.athome.lu\/blog\/pro\/actualites-athome\/ultra-haut-debit-dans-les-logements-quel-avenir-au-luxembourg\/#article","isPartOf":{"@id":"https:\/\/www.athome.lu\/blog\/pro\/actualites-athome\/ultra-haut-debit-dans-les-logements-quel-avenir-au-luxembourg\/"},"author":{"name":"Fanny Pimentel","@id":"https:\/\/www.athome.lu\/blog\/#\/schema\/person\/47f7a38089f837e792876ceddc4cb2dc"},"headline":"Ultra haut d\u00e9bit dans les logements : quel avenir au Luxembourg ?","datePublished":"2022-11-25T13:47:30+00:00","dateModified":"2024-04-23T08:09:32+00:00","mainEntityOfPage":{"@id":"https:\/\/www.athome.lu\/blog\/pro\/actualites-athome\/ultra-haut-debit-dans-les-logements-quel-avenir-au-luxembourg\/"},"wordCount":341,"image":{"@id":"https:\/\/www.athome.lu\/blog\/pro\/actualites-athome\/ultra-haut-debit-dans-les-logements-quel-avenir-au-luxembourg\/#primaryimage"},"thumbnailUrl":"https:\/\/www.athome.lu\/blog\/wp-content\/uploads\/2022\/11\/myconnectivity-1.png","articleSection":["Actualit\u00e9s atHome"],"inLanguage":"de"},{"@type":"WebPage","@id":"https:\/\/www.athome.lu\/blog\/pro\/actualites-athome\/ultra-haut-debit-dans-les-logements-quel-avenir-au-luxembourg\/","url":"https:\/\/www.athome.lu\/blog\/pro\/actualites-athome\/ultra-haut-debit-dans-les-logements-quel-avenir-au-luxembourg\/","name":"\u25b7 Ultrabreitband in Wohnungen: welche Zukunft in Luxemburg? | atHomePro","isPartOf":{"@id":"https:\/\/www.athome.lu\/blog\/#website"},"primaryImageOfPage":{"@id":"https:\/\/www.athome.lu\/blog\/pro\/actualites-athome\/ultra-haut-debit-dans-les-logements-quel-avenir-au-luxembourg\/#primaryimage"},"image":{"@id":"https:\/\/www.athome.lu\/blog\/pro\/actualites-athome\/ultra-haut-debit-dans-les-logements-quel-avenir-au-luxembourg\/#primaryimage"},"thumbnailUrl":"https:\/\/www.athome.lu\/blog\/wp-content\/uploads\/2022\/11\/myconnectivity-1.png","datePublished":"2022-11-25T13:47:30+00:00","dateModified":"2024-04-23T08:09:32+00:00","author":{"@id":"https:\/\/www.athome.lu\/blog\/#\/schema\/person\/47f7a38089f837e792876ceddc4cb2dc"},"description":"Mit einer Abdeckung von 95% der Wohnungen ist Luxemburg das zweitbeste europ\u00e4ische Land, was die \"zukunftssichere\" Internetinfrastruktur betrifft.\u00a0","breadcrumb":{"@id":"https:\/\/www.athome.lu\/blog\/pro\/actualites-athome\/ultra-haut-debit-dans-les-logements-quel-avenir-au-luxembourg\/#breadcrumb"},"inLanguage":"de","potentialAction":[{"@type":"ReadAction","target":["https:\/\/www.athome.lu\/blog\/pro\/actualites-athome\/ultra-haut-debit-dans-les-logements-quel-avenir-au-luxembourg\/"]}]},{"@type":"ImageObject","inLanguage":"de","@id":"https:\/\/www.athome.lu\/blog\/pro\/actualites-athome\/ultra-haut-debit-dans-les-logements-quel-avenir-au-luxembourg\/#primaryimage","url":"https:\/\/www.athome.lu\/blog\/wp-content\/uploads\/2022\/11\/myconnectivity-1.png","contentUrl":"https:\/\/www.athome.lu\/blog\/wp-content\/uploads\/2022\/11\/myconnectivity-1.png","width":1024,"height":512},{"@type":"BreadcrumbList","@id":"https:\/\/www.athome.lu\/blog\/pro\/actualites-athome\/ultra-haut-debit-dans-les-logements-quel-avenir-au-luxembourg\/#breadcrumb","itemListElement":[{"@type":"ListItem","position":1,"name":"Accueil","item":"https:\/\/www.athome.lu\/blog\/"},{"@type":"ListItem","position":2,"name":"Pro","item":"https:\/\/www.athome.lu\/blog\/category\/pro\/"},{"@type":"ListItem","position":3,"name":"Actualit\u00e9s atHome","item":"https:\/\/www.athome.lu\/blog\/category\/pro\/actualites-athome\/"},{"@type":"ListItem","position":4,"name":"Ultra haut d\u00e9bit dans les logements : quel avenir au Luxembourg ?"}]},{"@type":"WebSite","@id":"https:\/\/www.athome.lu\/blog\/#website","url":"https:\/\/www.athome.lu\/blog\/","name":"atHome Blog","description":"Immobilienanzeigen in Luxemburg. Das Immobilienportal Nr. 1 in Luxemburg.","potentialAction":[{"@type":"SearchAction","target":{"@type":"EntryPoint","urlTemplate":"https:\/\/www.athome.lu\/blog\/?s={search_term_string}"},"query-input":{"@type":"PropertyValueSpecification","valueRequired":true,"valueName":"search_term_string"}}],"inLanguage":"de"},{"@type":"Person","@id":"https:\/\/www.athome.lu\/blog\/#\/schema\/person\/47f7a38089f837e792876ceddc4cb2dc","name":"Fanny Pimentel","image":{"@type":"ImageObject","inLanguage":"de","@id":"https:\/\/secure.gravatar.com\/avatar\/c60b27b93851dc9503f9cc9150e73dcb0a86ba6150657e5e4b11d988400bc633?s=96&d=mm&r=g","url":"https:\/\/secure.gravatar.com\/avatar\/c60b27b93851dc9503f9cc9150e73dcb0a86ba6150657e5e4b11d988400bc633?s=96&d=mm&r=g","contentUrl":"https:\/\/secure.gravatar.com\/avatar\/c60b27b93851dc9503f9cc9150e73dcb0a86ba6150657e5e4b11d988400bc633?s=96&d=mm&r=g","caption":"Fanny Pimentel"}}]}},"featured_media_src_url":"https:\/\/www.athome.lu\/blog\/wp-content\/uploads\/2022\/11\/myconnectivity-1.png","_links":{"self":[{"href":"https:\/\/www.athome.lu\/blog\/de\/wp-json\/wp\/v2\/posts\/13770","targetHints":{"allow":["GET"]}}],"collection":[{"href":"https:\/\/www.athome.lu\/blog\/de\/wp-json\/wp\/v2\/posts"}],"about":[{"href":"https:\/\/www.athome.lu\/blog\/de\/wp-json\/wp\/v2\/types\/post"}],"author":[{"embeddable":true,"href":"https:\/\/www.athome.lu\/blog\/de\/wp-json\/wp\/v2\/users\/17"}],"replies":[{"embeddable":true,"href":"https:\/\/www.athome.lu\/blog\/de\/wp-json\/wp\/v2\/comments?post=13770"}],"version-history":[{"count":2,"href":"https:\/\/www.athome.lu\/blog\/de\/wp-json\/wp\/v2\/posts\/13770\/revisions"}],"predecessor-version":[{"id":16404,"href":"https:\/\/www.athome.lu\/blog\/de\/wp-json\/wp\/v2\/posts\/13770\/revisions\/16404"}],"wp:featuredmedia":[{"embeddable":true,"href":"https:\/\/www.athome.lu\/blog\/de\/wp-json\/wp\/v2\/media\/13771"}],"wp:attachment":[{"href":"https:\/\/www.athome.lu\/blog\/de\/wp-json\/wp\/v2\/media?parent=13770"}],"wp:term":[{"taxonomy":"category","embeddable":true,"href":"https:\/\/www.athome.lu\/blog\/de\/wp-json\/wp\/v2\/categories?post=13770"},{"taxonomy":"post_tag","embeddable":true,"href":"https:\/\/www.athome.lu\/blog\/de\/wp-json\/wp\/v2\/tags?post=13770"}],"curies":[{"name":"wp","href":"https:\/\/api.w.org\/{rel}","templated":true}]}}