{"id":13926,"date":"2023-02-24T15:54:06","date_gmt":"2023-02-24T14:54:06","guid":{"rendered":"https:\/\/www.athome.lu\/blogpro\/?p=13926"},"modified":"2024-04-23T09:40:45","modified_gmt":"2024-04-23T07:40:45","slug":"partnerschaft-athome-rtl-luxemburg","status":"publish","type":"post","link":"https:\/\/www.athome.lu\/blog\/de\/pro\/actualites-athome\/partenariat-athome-rtl-luxembourg\/","title":{"rendered":"RTL Luxemburg und atHome b\u00fcndeln ihre Kr\u00e4fte"},"content":{"rendered":"<h1>Nutzen Sie die Kraft von RTL Luxemburg!<\/h1>\n<p><span style=\"color: #808080;\"><strong><em>Ende 2021 haben wir eine strategische Partnerschaft mit der Nr. 1 der Medien im Gro\u00dfherzogtum geschlossen: <span style=\"color: #e00f22;\"><a style=\"color: #e00f22;\" href=\"https:\/\/www.rtl.lu\/\" target=\"_blank\" rel=\"noopener\">RTL<\/a><\/span><\/em><\/strong><\/span><strong><em>.<\/em><\/strong><span style=\"color: #808080;\"><strong><em> Diese Zusammenarbeit erm\u00f6glicht es Ihnen, Ihre Anzeigen einem gemeinsamen Publikum anzubieten. (Re)-Entdecken Sie, wie RTL Luxemburg und atHome ihre Kr\u00e4fte b\u00fcndeln.<\/em><\/strong><\/span><\/p>\n<div id='gallery-1' class='gallery galleryid-13926 gallery-columns-1 gallery-size-large'><figure class='gallery-item'>\n\t\t\t<div class='gallery-icon landscape'>\n\t\t\t\t<a href='https:\/\/www.athome.lu\/blog\/wp-content\/uploads\/2023\/02\/RTLxatHome-scaled-1.jpg'><img loading=\"lazy\" decoding=\"async\" width=\"1024\" height=\"683\" src=\"https:\/\/www.athome.lu\/blog\/wp-content\/uploads\/2023\/02\/RTLxatHome-scaled-1-1024x683.jpg\" class=\"attachment-large size-large\" alt=\"\" aria-describedby=\"gallery-1-16330\" srcset=\"https:\/\/www.athome.lu\/blog\/wp-content\/uploads\/2023\/02\/RTLxatHome-scaled-1-1024x683.jpg 1024w, https:\/\/www.athome.lu\/blog\/wp-content\/uploads\/2023\/02\/RTLxatHome-scaled-1-300x200.jpg 300w, https:\/\/www.athome.lu\/blog\/wp-content\/uploads\/2023\/02\/RTLxatHome-scaled-1-768x512.jpg 768w, https:\/\/www.athome.lu\/blog\/wp-content\/uploads\/2023\/02\/RTLxatHome-scaled-1-1536x1024.jpg 1536w, https:\/\/www.athome.lu\/blog\/wp-content\/uploads\/2023\/02\/RTLxatHome-scaled-1-2048x1366.jpg 2048w, https:\/\/www.athome.lu\/blog\/wp-content\/uploads\/2023\/02\/RTLxatHome-scaled-1-18x12.jpg 18w, https:\/\/www.athome.lu\/blog\/wp-content\/uploads\/2023\/02\/RTLxatHome-scaled-1.jpg 2560w\" sizes=\"auto, (max-width: 1024px) 100vw, 1024px\" \/><\/a>\n\t\t\t<\/div>\n\t\t\t\t<figcaption class='wp-caption-text gallery-caption' id='gallery-1-16330'>\n\t\t\t\tChristophe Goossens, CEO von RTL, und Soufiane Saadi, CEO der atHome Group.\n\t\t\t\t<\/figcaption><\/figure>\n\t\t<\/div>\n\n<p><strong>RTL Luxemburg und atHome Group<\/strong> haben sich zusammengeschlossen, um Inhalte f\u00fcr ein gemeinsames Publikum anzubieten. RTL verbreitet die Anzeigen von\u00a0<strong>atHomeTV und LuxautoTV<\/strong>\u00a0<strong>auf seinem Fernsehkanal von Montag bis Freitag: 8:00-9:00 Uhr, 11:00-12:00 Uhr, 13:00-14:00 Uhr, 17:00-18:00 Uhr.<\/strong><\/p>\n<h2 class=\"last-child\"><strong>\ud83d\udc49 Erh\u00f6hen Sie Ihr Publikum mit atHome TV<\/strong><\/h2>\n<p><a href=\"https:\/\/www.rtl.lu\/tele\/live\" target=\"_blank\" rel=\"noopener\"><img loading=\"lazy\" decoding=\"async\" class=\"normal alignnone wp-image-13932\" src=\"https:\/\/www.athome.lu\/blog\/blog\/wp-content\/uploads\/2023\/02\/6e45a0ec-a2b4-e8b4-0769-faf4462d3261.png\" alt=\"mehr als 2500 gescannte QR-Codes \" width=\"577\" height=\"220\" \/><\/a><\/p>\n<p><strong>atHome nistet sich in Ihrem Fernseher ein \ud83d\udcfa\ud83d\udcfa.<\/strong> f\u00fcr 4 Stunden Sendezeit pro Tag mit einer Slideshow der Anzeigen mit Fotos, Logos und den wichtigsten Informationen zur Immobilie. Ein QR-Code erm\u00f6glicht es, direkt vom Handy aus auf die Anzeige zu navigieren.<\/p>\n<p>Seit Beginn der Partnerschaft wurden bereits mehr als 2500 QR-Codes gescannt. Dieses gemeinsame Publikum erm\u00f6glicht es den Anzeigen <span style=\"color: #e4002b;\"><a style=\"color: #e4002b;\" href=\"https:\/\/www.athome.lu\/blog\/\" target=\"_blank\" rel=\"noopener\"><strong>atHome.lu <\/strong><\/a><\/span>einen neuen Kanal zu erkunden, n\u00e4mlich den des Fernsehens. Eine weitere Gelegenheit f\u00fcr Partneragenturen.<\/p>\n<blockquote><p><em>\"Unsere Partnerschaft mit RTL erm\u00f6glicht es uns, noch besser auf die Bed\u00fcrfnisse unserer Immobilienmakler-Kunden einzugehen (...). Wir bieten ihnen ein zus\u00e4tzliches und hochqualifiziertes Publikum, das die Entwicklung ihrer Aktivit\u00e4ten unterst\u00fctzt\", betont Soufiane Saadi, CEO atHomeGroup.<\/em><\/p><\/blockquote>\n<h2 class=\"last-child\"><strong>\ud83d\udc49 Erhalten Sie + Sichtbarkeit durch das Portal RTL.lu<\/strong><\/h2>\n<p>Unser <strong>Suchmaschine<\/strong>\u00a0<a href=\"https:\/\/www.athome.lu\/blog\/\" target=\"_blank\" rel=\"noopener\">atHome.lu<\/a> wird in das Medium RTL Luxemburg integriert, um dem Publikum des <strong>Medien Nr. 1<\/strong> in Luxemburg auf Ihre Anzeigen zugreifen. Alle Immobilienanzeigen sind auf den Webseiten : <a href=\"https:\/\/www.rtl.lu\/immo\" target=\"_blank\" rel=\"noopener\"><strong>RTL.lu<\/strong><\/a><strong>,\u00a0<\/strong><a href=\"https:\/\/5minutes.rtl.lu\/immo\" target=\"_blank\" rel=\"noopener\"><strong>RTL 5 Minuten<\/strong><\/a><strong>\u00a0und\u00a0<\/strong><a href=\"https:\/\/today.rtl.lu\/life\/real-estate\" target=\"_blank\" rel=\"noopener\"><strong>RTL Today.<\/strong><\/a><\/p>\n<p>Die perfekte Kombi, um die Nachfrage zu befriedigen und eine umfassende Sichtbarkeit in der Gro\u00dfregion zu erreichen.<\/p>\n<p><a href=\"https:\/\/www.rtl.lu\/immo\" target=\"_blank\" rel=\"noopener\"><img loading=\"lazy\" decoding=\"async\" class=\"normal alignnone wp-image-13934\" src=\"https:\/\/www.athome.lu\/blog\/blog\/wp-content\/uploads\/2023\/02\/4c8169bc-7206-c314-b298-9e6976e40834.png\" alt=\"Illustration der Integration der atHome-Suchmaschine \u00fcber die RTL-Website\" width=\"600\" height=\"225\" srcset=\"https:\/\/www.athome.lu\/blog\/wp-content\/uploads\/2023\/02\/4c8169bc-7206-c314-b298-9e6976e40834.png 1144w, https:\/\/www.athome.lu\/blog\/wp-content\/uploads\/2023\/02\/4c8169bc-7206-c314-b298-9e6976e40834-300x112.png 300w, https:\/\/www.athome.lu\/blog\/wp-content\/uploads\/2023\/02\/4c8169bc-7206-c314-b298-9e6976e40834-1024x383.png 1024w, https:\/\/www.athome.lu\/blog\/wp-content\/uploads\/2023\/02\/4c8169bc-7206-c314-b298-9e6976e40834-768x287.png 768w, https:\/\/www.athome.lu\/blog\/wp-content\/uploads\/2023\/02\/4c8169bc-7206-c314-b298-9e6976e40834-18x7.png 18w\" sizes=\"auto, (max-width: 600px) 100vw, 600px\" \/><\/a><\/p>","protected":false},"excerpt":{"rendered":"<p>Profitez de la puissance de RTL Luxembourg ! Fin 2021, nous avons conclu un partenariat strat\u00e9gique avec le N\u00b01 des m\u00e9dias au Grand-Duch\u00e9 : RTL. Cette collaboration permet de proposer vos annonces \u00e0 une audience commune. (Re)-d\u00e9couvrez comment RTL Luxembourg et atHome unissent leurs forces. RTL Luxembourg et atHome Group se sont rapproch\u00e9s pour proposer [&hellip;]<\/p>\n","protected":false},"author":17,"featured_media":16330,"comment_status":"closed","ping_status":"closed","sticky":false,"template":"","format":"standard","meta":{"_acf_changed":false,"footnotes":""},"categories":[234],"tags":[],"class_list":["post-13926","post","type-post","status-publish","format-standard","has-post-thumbnail","hentry","category-actualites-athome"],"acf":[],"yoast_head":"<!-- This site is optimized with the Yoast SEO plugin v27.4 - https:\/\/yoast.com\/product\/yoast-seo-wordpress\/ -->\n<title>\u25b7 RTL Luxembourg et atHome unissent leurs forces | atHomePro<\/title>\n<meta name=\"robots\" content=\"index, follow, max-snippet:-1, max-image-preview:large, max-video-preview:-1\" \/>\n<link rel=\"canonical\" href=\"https:\/\/www.athome.lu\/blog\/de\/pro\/news-athome\/partnerschaft-athome-rtl-luxemburg\/\" \/>\n<meta property=\"og:locale\" content=\"de_DE\" \/>\n<meta property=\"og:type\" content=\"article\" \/>\n<meta property=\"og:title\" content=\"\u25b7 RTL Luxembourg et atHome unissent leurs forces | atHomePro\" \/>\n<meta property=\"og:description\" content=\"Profitez de la puissance de RTL Luxembourg ! Fin 2021, nous avons conclu un partenariat strat\u00e9gique avec le N\u00b01 des m\u00e9dias au Grand-Duch\u00e9 : RTL. Cette collaboration permet de proposer vos annonces \u00e0 une audience commune. (Re)-d\u00e9couvrez comment RTL Luxembourg et atHome unissent leurs forces. RTL Luxembourg et atHome Group se sont rapproch\u00e9s pour proposer [&hellip;]\" \/>\n<meta property=\"og:url\" content=\"https:\/\/www.athome.lu\/blog\/de\/pro\/news-athome\/partnerschaft-athome-rtl-luxemburg\/\" \/>\n<meta property=\"og:site_name\" content=\"atHome Blog\" \/>\n<meta property=\"article:publisher\" content=\"https:\/\/www.facebook.com\/atHome.lu\/\" \/>\n<meta property=\"article:published_time\" content=\"2023-02-24T14:54:06+00:00\" \/>\n<meta property=\"article:modified_time\" content=\"2024-04-23T07:40:45+00:00\" \/>\n<meta property=\"og:image\" content=\"https:\/\/www.athome.lu\/blog\/wp-content\/uploads\/2023\/02\/RTLxatHome-scaled-1.jpg\" \/>\n\t<meta property=\"og:image:width\" content=\"2560\" \/>\n\t<meta property=\"og:image:height\" content=\"1707\" \/>\n\t<meta property=\"og:image:type\" content=\"image\/jpeg\" \/>\n<meta name=\"author\" content=\"Fanny Pimentel\" \/>\n<meta name=\"twitter:card\" content=\"summary_large_image\" \/>\n<meta name=\"twitter:creator\" content=\"@athomelu\" \/>\n<meta name=\"twitter:site\" content=\"@athomelu\" \/>\n<meta name=\"twitter:label1\" content=\"Verfasst von\" \/>\n\t<meta name=\"twitter:data1\" content=\"Fanny Pimentel\" \/>\n\t<meta name=\"twitter:label2\" content=\"Gesch\u00e4tzte Lesezeit\" \/>\n\t<meta name=\"twitter:data2\" content=\"2\u00a0Minuten\" \/>\n<script type=\"application\/ld+json\" class=\"yoast-schema-graph\">{\"@context\":\"https:\\\/\\\/schema.org\",\"@graph\":[{\"@type\":\"Article\",\"@id\":\"https:\\\/\\\/www.athome.lu\\\/blog\\\/pro\\\/actualites-athome\\\/partenariat-athome-rtl-luxembourg\\\/#article\",\"isPartOf\":{\"@id\":\"https:\\\/\\\/www.athome.lu\\\/blog\\\/pro\\\/actualites-athome\\\/partenariat-athome-rtl-luxembourg\\\/\"},\"author\":{\"name\":\"Fanny Pimentel\",\"@id\":\"https:\\\/\\\/www.athome.lu\\\/blog\\\/#\\\/schema\\\/person\\\/47f7a38089f837e792876ceddc4cb2dc\"},\"headline\":\"RTL Luxembourg et atHome unissent leurs forces\",\"datePublished\":\"2023-02-24T14:54:06+00:00\",\"dateModified\":\"2024-04-23T07:40:45+00:00\",\"mainEntityOfPage\":{\"@id\":\"https:\\\/\\\/www.athome.lu\\\/blog\\\/pro\\\/actualites-athome\\\/partenariat-athome-rtl-luxembourg\\\/\"},\"wordCount\":308,\"image\":{\"@id\":\"https:\\\/\\\/www.athome.lu\\\/blog\\\/pro\\\/actualites-athome\\\/partenariat-athome-rtl-luxembourg\\\/#primaryimage\"},\"thumbnailUrl\":\"https:\\\/\\\/www.athome.lu\\\/blog\\\/wp-content\\\/uploads\\\/2023\\\/02\\\/RTLxatHome-scaled-1.jpg\",\"articleSection\":[\"Actualit\u00e9s atHome\"],\"inLanguage\":\"de\"},{\"@type\":\"WebPage\",\"@id\":\"https:\\\/\\\/www.athome.lu\\\/blog\\\/pro\\\/actualites-athome\\\/partenariat-athome-rtl-luxembourg\\\/\",\"url\":\"https:\\\/\\\/www.athome.lu\\\/blog\\\/pro\\\/actualites-athome\\\/partenariat-athome-rtl-luxembourg\\\/\",\"name\":\"\u25b7 RTL Luxembourg et atHome unissent leurs forces | atHomePro\",\"isPartOf\":{\"@id\":\"https:\\\/\\\/www.athome.lu\\\/blog\\\/#website\"},\"primaryImageOfPage\":{\"@id\":\"https:\\\/\\\/www.athome.lu\\\/blog\\\/pro\\\/actualites-athome\\\/partenariat-athome-rtl-luxembourg\\\/#primaryimage\"},\"image\":{\"@id\":\"https:\\\/\\\/www.athome.lu\\\/blog\\\/pro\\\/actualites-athome\\\/partenariat-athome-rtl-luxembourg\\\/#primaryimage\"},\"thumbnailUrl\":\"https:\\\/\\\/www.athome.lu\\\/blog\\\/wp-content\\\/uploads\\\/2023\\\/02\\\/RTLxatHome-scaled-1.jpg\",\"datePublished\":\"2023-02-24T14:54:06+00:00\",\"dateModified\":\"2024-04-23T07:40:45+00:00\",\"author\":{\"@id\":\"https:\\\/\\\/www.athome.lu\\\/blog\\\/#\\\/schema\\\/person\\\/47f7a38089f837e792876ceddc4cb2dc\"},\"breadcrumb\":{\"@id\":\"https:\\\/\\\/www.athome.lu\\\/blog\\\/pro\\\/actualites-athome\\\/partenariat-athome-rtl-luxembourg\\\/#breadcrumb\"},\"inLanguage\":\"de\",\"potentialAction\":[{\"@type\":\"ReadAction\",\"target\":[\"https:\\\/\\\/www.athome.lu\\\/blog\\\/pro\\\/actualites-athome\\\/partenariat-athome-rtl-luxembourg\\\/\"]}]},{\"@type\":\"ImageObject\",\"inLanguage\":\"de\",\"@id\":\"https:\\\/\\\/www.athome.lu\\\/blog\\\/pro\\\/actualites-athome\\\/partenariat-athome-rtl-luxembourg\\\/#primaryimage\",\"url\":\"https:\\\/\\\/www.athome.lu\\\/blog\\\/wp-content\\\/uploads\\\/2023\\\/02\\\/RTLxatHome-scaled-1.jpg\",\"contentUrl\":\"https:\\\/\\\/www.athome.lu\\\/blog\\\/wp-content\\\/uploads\\\/2023\\\/02\\\/RTLxatHome-scaled-1.jpg\",\"width\":2560,\"height\":1707,\"caption\":\"Christophe Goossens, CEO d\u2019RTL, et Soufiane Saadi, CEO d\u2019atHome Group.\"},{\"@type\":\"BreadcrumbList\",\"@id\":\"https:\\\/\\\/www.athome.lu\\\/blog\\\/pro\\\/actualites-athome\\\/partenariat-athome-rtl-luxembourg\\\/#breadcrumb\",\"itemListElement\":[{\"@type\":\"ListItem\",\"position\":1,\"name\":\"Accueil\",\"item\":\"https:\\\/\\\/www.athome.lu\\\/blog\\\/\"},{\"@type\":\"ListItem\",\"position\":2,\"name\":\"Pro\",\"item\":\"https:\\\/\\\/www.athome.lu\\\/blog\\\/category\\\/pro\\\/\"},{\"@type\":\"ListItem\",\"position\":3,\"name\":\"Actualit\u00e9s atHome\",\"item\":\"https:\\\/\\\/www.athome.lu\\\/blog\\\/category\\\/pro\\\/actualites-athome\\\/\"},{\"@type\":\"ListItem\",\"position\":4,\"name\":\"RTL Luxembourg et atHome unissent leurs forces\"}]},{\"@type\":\"WebSite\",\"@id\":\"https:\\\/\\\/www.athome.lu\\\/blog\\\/#website\",\"url\":\"https:\\\/\\\/www.athome.lu\\\/blog\\\/\",\"name\":\"atHome Blog\",\"description\":\"Annonces immobili\u00e8res au Luxembourg. Le portail immobilier n\u00b01 au Luxembourg.\",\"potentialAction\":[{\"@type\":\"SearchAction\",\"target\":{\"@type\":\"EntryPoint\",\"urlTemplate\":\"https:\\\/\\\/www.athome.lu\\\/blog\\\/?s={search_term_string}\"},\"query-input\":{\"@type\":\"PropertyValueSpecification\",\"valueRequired\":true,\"valueName\":\"search_term_string\"}}],\"inLanguage\":\"de\"},{\"@type\":\"Person\",\"@id\":\"https:\\\/\\\/www.athome.lu\\\/blog\\\/#\\\/schema\\\/person\\\/47f7a38089f837e792876ceddc4cb2dc\",\"name\":\"Fanny Pimentel\",\"image\":{\"@type\":\"ImageObject\",\"inLanguage\":\"de\",\"@id\":\"https:\\\/\\\/secure.gravatar.com\\\/avatar\\\/c60b27b93851dc9503f9cc9150e73dcb0a86ba6150657e5e4b11d988400bc633?s=96&d=mm&r=g\",\"url\":\"https:\\\/\\\/secure.gravatar.com\\\/avatar\\\/c60b27b93851dc9503f9cc9150e73dcb0a86ba6150657e5e4b11d988400bc633?s=96&d=mm&r=g\",\"contentUrl\":\"https:\\\/\\\/secure.gravatar.com\\\/avatar\\\/c60b27b93851dc9503f9cc9150e73dcb0a86ba6150657e5e4b11d988400bc633?s=96&d=mm&r=g\",\"caption\":\"Fanny Pimentel\"}}]}<\/script>\n<!-- \/ Yoast SEO plugin. -->","yoast_head_json":{"title":"\u25b7 RTL Luxemburg und atHome b\u00fcndeln ihre Kr\u00e4fte | atHomePro","robots":{"index":"index","follow":"follow","max-snippet":"max-snippet:-1","max-image-preview":"max-image-preview:large","max-video-preview":"max-video-preview:-1"},"canonical":"https:\/\/www.athome.lu\/blog\/de\/pro\/news-athome\/partnerschaft-athome-rtl-luxemburg\/","og_locale":"de_DE","og_type":"article","og_title":"\u25b7 RTL Luxembourg et atHome unissent leurs forces | atHomePro","og_description":"Profitez de la puissance de RTL Luxembourg ! Fin 2021, nous avons conclu un partenariat strat\u00e9gique avec le N\u00b01 des m\u00e9dias au Grand-Duch\u00e9 : RTL. Cette collaboration permet de proposer vos annonces \u00e0 une audience commune. (Re)-d\u00e9couvrez comment RTL Luxembourg et atHome unissent leurs forces. RTL Luxembourg et atHome Group se sont rapproch\u00e9s pour proposer [&hellip;]","og_url":"https:\/\/www.athome.lu\/blog\/de\/pro\/news-athome\/partnerschaft-athome-rtl-luxemburg\/","og_site_name":"atHome Blog","article_publisher":"https:\/\/www.facebook.com\/atHome.lu\/","article_published_time":"2023-02-24T14:54:06+00:00","article_modified_time":"2024-04-23T07:40:45+00:00","og_image":[{"width":2560,"height":1707,"url":"https:\/\/www.athome.lu\/blog\/wp-content\/uploads\/2023\/02\/RTLxatHome-scaled-1.jpg","type":"image\/jpeg"}],"author":"Fanny Pimentel","twitter_card":"summary_large_image","twitter_creator":"@athomelu","twitter_site":"@athomelu","twitter_misc":{"Verfasst von":"Fanny Pimentel","Gesch\u00e4tzte Lesezeit":"2\u00a0Minuten"},"schema":{"@context":"https:\/\/schema.org","@graph":[{"@type":"Article","@id":"https:\/\/www.athome.lu\/blog\/pro\/actualites-athome\/partenariat-athome-rtl-luxembourg\/#article","isPartOf":{"@id":"https:\/\/www.athome.lu\/blog\/pro\/actualites-athome\/partenariat-athome-rtl-luxembourg\/"},"author":{"name":"Fanny Pimentel","@id":"https:\/\/www.athome.lu\/blog\/#\/schema\/person\/47f7a38089f837e792876ceddc4cb2dc"},"headline":"RTL Luxembourg et atHome unissent leurs forces","datePublished":"2023-02-24T14:54:06+00:00","dateModified":"2024-04-23T07:40:45+00:00","mainEntityOfPage":{"@id":"https:\/\/www.athome.lu\/blog\/pro\/actualites-athome\/partenariat-athome-rtl-luxembourg\/"},"wordCount":308,"image":{"@id":"https:\/\/www.athome.lu\/blog\/pro\/actualites-athome\/partenariat-athome-rtl-luxembourg\/#primaryimage"},"thumbnailUrl":"https:\/\/www.athome.lu\/blog\/wp-content\/uploads\/2023\/02\/RTLxatHome-scaled-1.jpg","articleSection":["Actualit\u00e9s atHome"],"inLanguage":"de"},{"@type":"WebPage","@id":"https:\/\/www.athome.lu\/blog\/pro\/actualites-athome\/partenariat-athome-rtl-luxembourg\/","url":"https:\/\/www.athome.lu\/blog\/pro\/actualites-athome\/partenariat-athome-rtl-luxembourg\/","name":"\u25b7 RTL Luxemburg und atHome b\u00fcndeln ihre Kr\u00e4fte | atHomePro","isPartOf":{"@id":"https:\/\/www.athome.lu\/blog\/#website"},"primaryImageOfPage":{"@id":"https:\/\/www.athome.lu\/blog\/pro\/actualites-athome\/partenariat-athome-rtl-luxembourg\/#primaryimage"},"image":{"@id":"https:\/\/www.athome.lu\/blog\/pro\/actualites-athome\/partenariat-athome-rtl-luxembourg\/#primaryimage"},"thumbnailUrl":"https:\/\/www.athome.lu\/blog\/wp-content\/uploads\/2023\/02\/RTLxatHome-scaled-1.jpg","datePublished":"2023-02-24T14:54:06+00:00","dateModified":"2024-04-23T07:40:45+00:00","author":{"@id":"https:\/\/www.athome.lu\/blog\/#\/schema\/person\/47f7a38089f837e792876ceddc4cb2dc"},"breadcrumb":{"@id":"https:\/\/www.athome.lu\/blog\/pro\/actualites-athome\/partenariat-athome-rtl-luxembourg\/#breadcrumb"},"inLanguage":"de","potentialAction":[{"@type":"ReadAction","target":["https:\/\/www.athome.lu\/blog\/pro\/actualites-athome\/partenariat-athome-rtl-luxembourg\/"]}]},{"@type":"ImageObject","inLanguage":"de","@id":"https:\/\/www.athome.lu\/blog\/pro\/actualites-athome\/partenariat-athome-rtl-luxembourg\/#primaryimage","url":"https:\/\/www.athome.lu\/blog\/wp-content\/uploads\/2023\/02\/RTLxatHome-scaled-1.jpg","contentUrl":"https:\/\/www.athome.lu\/blog\/wp-content\/uploads\/2023\/02\/RTLxatHome-scaled-1.jpg","width":2560,"height":1707,"caption":"Christophe Goossens, CEO d\u2019RTL, et Soufiane Saadi, CEO d\u2019atHome Group."},{"@type":"BreadcrumbList","@id":"https:\/\/www.athome.lu\/blog\/pro\/actualites-athome\/partenariat-athome-rtl-luxembourg\/#breadcrumb","itemListElement":[{"@type":"ListItem","position":1,"name":"Accueil","item":"https:\/\/www.athome.lu\/blog\/"},{"@type":"ListItem","position":2,"name":"Pro","item":"https:\/\/www.athome.lu\/blog\/category\/pro\/"},{"@type":"ListItem","position":3,"name":"Actualit\u00e9s atHome","item":"https:\/\/www.athome.lu\/blog\/category\/pro\/actualites-athome\/"},{"@type":"ListItem","position":4,"name":"RTL Luxembourg et atHome unissent leurs forces"}]},{"@type":"WebSite","@id":"https:\/\/www.athome.lu\/blog\/#website","url":"https:\/\/www.athome.lu\/blog\/","name":"atHome Blog","description":"Immobilienanzeigen in Luxemburg. Das Immobilienportal Nr. 1 in Luxemburg.","potentialAction":[{"@type":"SearchAction","target":{"@type":"EntryPoint","urlTemplate":"https:\/\/www.athome.lu\/blog\/?s={search_term_string}"},"query-input":{"@type":"PropertyValueSpecification","valueRequired":true,"valueName":"search_term_string"}}],"inLanguage":"de"},{"@type":"Person","@id":"https:\/\/www.athome.lu\/blog\/#\/schema\/person\/47f7a38089f837e792876ceddc4cb2dc","name":"Fanny Pimentel","image":{"@type":"ImageObject","inLanguage":"de","@id":"https:\/\/secure.gravatar.com\/avatar\/c60b27b93851dc9503f9cc9150e73dcb0a86ba6150657e5e4b11d988400bc633?s=96&d=mm&r=g","url":"https:\/\/secure.gravatar.com\/avatar\/c60b27b93851dc9503f9cc9150e73dcb0a86ba6150657e5e4b11d988400bc633?s=96&d=mm&r=g","contentUrl":"https:\/\/secure.gravatar.com\/avatar\/c60b27b93851dc9503f9cc9150e73dcb0a86ba6150657e5e4b11d988400bc633?s=96&d=mm&r=g","caption":"Fanny Pimentel"}}]}},"featured_media_src_url":"https:\/\/www.athome.lu\/blog\/wp-content\/uploads\/2023\/02\/RTLxatHome-scaled-1-1024x683.jpg","_links":{"self":[{"href":"https:\/\/www.athome.lu\/blog\/de\/wp-json\/wp\/v2\/posts\/13926","targetHints":{"allow":["GET"]}}],"collection":[{"href":"https:\/\/www.athome.lu\/blog\/de\/wp-json\/wp\/v2\/posts"}],"about":[{"href":"https:\/\/www.athome.lu\/blog\/de\/wp-json\/wp\/v2\/types\/post"}],"author":[{"embeddable":true,"href":"https:\/\/www.athome.lu\/blog\/de\/wp-json\/wp\/v2\/users\/17"}],"replies":[{"embeddable":true,"href":"https:\/\/www.athome.lu\/blog\/de\/wp-json\/wp\/v2\/comments?post=13926"}],"version-history":[{"count":2,"href":"https:\/\/www.athome.lu\/blog\/de\/wp-json\/wp\/v2\/posts\/13926\/revisions"}],"predecessor-version":[{"id":16389,"href":"https:\/\/www.athome.lu\/blog\/de\/wp-json\/wp\/v2\/posts\/13926\/revisions\/16389"}],"wp:featuredmedia":[{"embeddable":true,"href":"https:\/\/www.athome.lu\/blog\/de\/wp-json\/wp\/v2\/media\/16330"}],"wp:attachment":[{"href":"https:\/\/www.athome.lu\/blog\/de\/wp-json\/wp\/v2\/media?parent=13926"}],"wp:term":[{"taxonomy":"category","embeddable":true,"href":"https:\/\/www.athome.lu\/blog\/de\/wp-json\/wp\/v2\/categories?post=13926"},{"taxonomy":"post_tag","embeddable":true,"href":"https:\/\/www.athome.lu\/blog\/de\/wp-json\/wp\/v2\/tags?post=13926"}],"curies":[{"name":"wp","href":"https:\/\/api.w.org\/{rel}","templated":true}]}}