{"id":16308,"date":"2022-03-14T10:59:22","date_gmt":"2022-03-14T09:59:22","guid":{"rendered":"https:\/\/www.athome.lu\/blogpro\/?p=12869"},"modified":"2024-04-23T10:01:13","modified_gmt":"2024-04-23T08:01:13","slug":"ihr-markenimage-entwickeln","status":"publish","type":"post","link":"https:\/\/www.athome.lu\/blog\/de\/pro\/marketing-immobilier\/developper-votre-image-de-marque\/","title":{"rendered":"Wie entwickeln Sie ein einheitliches Markenbild f\u00fcr Ihre Agentur?"},"content":{"rendered":"<p><strong>Es ist nie einfach f\u00fcr eine Immobilienagentur, eine starke Marke zu pr\u00e4sentieren und gleichzeitig ihren Maklern die M\u00f6glichkeit zu geben, ihr Markenimage zu entwickeln. Es ist jedoch eine gro\u00dfe Herausforderung, die richtige Botschaft an die richtige Person zu vermitteln. Hier erfahren Sie, wie Sie ein pers\u00f6nliches Branding entwickeln k\u00f6nnen, das Ihrem Makler ein einheitliches und koh\u00e4rentes Markenimage verleiht.<\/strong><\/p>\n<h2><strong>Das einheitliche Markenbild: Branding<\/strong><\/h2>\n<p>Wenn man von Markenidentit\u00e4t spricht, denkt man oft an das Logo, die Grafik, die Schriftart, ... . Aber das reicht nat\u00fcrlich nicht aus, um Ihre T\u00e4tigkeit zu definieren und die Art und Weise, wie Sie sich von Ihren Konkurrenten unterscheiden. \u00dcber diese Identit\u00e4t hinaus gibt es Ihr Markenimage, d. h. <strong>wie Sie von der \u00d6ffentlichkeit wahrgenommen werden<\/strong>. Sie baut sich auf der Grundlage von :<\/p>\n<ul>\n<li>Was die \u00d6ffentlichkeit spontan \u00fcber Ihre Marke denkt und sagt<\/li>\n<li>Die Art und Weise, wie Menschen Ihre Marke beschreiben<\/li>\n<li>Der Ruf, den Ihre Marke erzeugt<\/li>\n<\/ul>\n<p>Ob Sie es wollen oder nicht, Ihre Interessenten, Partner oder Kunden haben alle ein Bild von Ihrer Marke. Daher ist es wichtig, dass Sie als unabh\u00e4ngiger Makler, als Angestellter in einer Agentur oder als Chef Ihrer eigenen Firma ein starkes pers\u00f6nliches Image vermitteln, das mit dem Ihrer Immobilienmarke \u00fcbereinstimmt. Dies wird als Personal Branding bezeichnet. Mit anderen Worten, es geht darum <strong>Ihre Beliebtheit in der \u00d6ffentlichkeit<\/strong>.<\/p>\n<h2><strong>Wie bauen Sie Ihr pers\u00f6nliches Image auf?<\/strong><\/h2>\n<p>Da Sie sicherlich nicht die einzige Immobilienagentur in Ihrer Region sind, m\u00fcssen Sie sich von der Konkurrenz abheben. Die Entwicklung Ihres pers\u00f6nlichen Brandings wird Ihnen als Person, aber auch als <strong><a href=\"https:\/\/www.athome.lu\/blog\/\">Immobilienfachmann<\/a>die Einzigartigkeit in den Augen der \u00d6ffentlichkeit<\/strong>.<\/p>\n<p>Um zu definieren, was Sie einzigartig macht, sollten Sie authentisch sein! <strong>Denn damit ein <a href=\"https:\/\/www.athome.lu\/blog\/blogpro\/10-actions-de-communication\/\" target=\"_blank\" rel=\"noopener\">Branding<\/a> Personal wirksam ist, muss es wahr sein<\/strong>. Beginnen Sie also damit, die Elemente Ihrer Pers\u00f6nlichkeit zu bestimmen, die Sie in der Kommunikation \u00fcber Ihre Marke hervorheben m\u00f6chten:<\/p>\n<ul>\n<li>Was sind Ihre St\u00e4rken und Schw\u00e4chen?<\/li>\n<li>Wie stellen Sie sich die Kundenbeziehung vor?<\/li>\n<li>Was unterscheidet Sie von der Konkurrenz?<\/li>\n<\/ul>\n<p>Erstellen Sie dann ein Phantombild Ihres idealen Kunden, um Ihre Persona, d. h. Ihre Zielgruppe, zu bestimmen. An diese typische Kundschaft werden sich Ihre Kommunikationsma\u00dfnahmen in Bezug auf Ihr pers\u00f6nliches Branding richten.<\/p>\n<p>Schlie\u00dflich legen Sie Ihr Wertversprechen fest. Diese beschreibt klar und \u00fcberzeugend, wie Ihre Agentur die Bed\u00fcrfnisse der Kunden erf\u00fcllt.<\/p>\n<p>Ausgehend von diesen Elementen werden Sie in der Lage sein, Ihr pers\u00f6nliches Branding aufzubauen.<\/p>\n<h2><strong>Personal Branding zur Hervorhebung Ihrer Marke<\/strong><\/h2>\n<p>Die Entwicklung eines starken Markenimages Ihrer Agentur sollte Sie nicht davon abhalten, ein pers\u00f6nliches Markenimage zu entwickeln. Ganz im Gegenteil. Wenn Sie sich ein solides pers\u00f6nliches Branding aufgebaut haben, k\u00f6nnen Sie Ihre pers\u00f6nlichen und beruflichen Qualit\u00e4ten mit den St\u00e4rken Ihrer Marke verbinden. Die Koh\u00e4renz zwischen Ihrem pers\u00f6nlichen Image, dem Image Ihrer Agenten und dem Image Ihrer Agentur ist entscheidend, um die richtige Botschaft an das richtige Publikum zu vermitteln.<\/p>\n<p>Ihr pers\u00f6nliches Marketing wird Ihre Marke hervorheben und umgekehrt wird der Ruf der Marke wiederum Ihr pers\u00f6nliches Image n\u00e4hren. Ein einheitliches Branding hat zwei Ziele:<\/p>\n<ul>\n<li><strong>Dass Sie mit Ihrer Marke identifiziert werden<\/strong>: <em>\" Diese Agentur hat einen ausgezeichneten Ruf. Seine Immobilienmakler m\u00fcssen daher kompetent und vertrauensw\u00fcrdig sein.\"<\/em><\/li>\n<li><strong>Dass Ihre Marke von Ihnen identifiziert wird :<\/strong> <em>\"Dieser Immobilienmakler ist professionell und pr\u00e4sentiert gut. Ich habe jetzt ein ausgezeichnetes Bild von der Agentur, f\u00fcr die er arbeitet\". <\/em><\/li>\n<\/ul>","protected":false},"excerpt":{"rendered":"<p>Il n\u2019est jamais \u00e9vident pour une agence immobili\u00e8re de pr\u00e9senter une marque forte, tout en permettant \u00e0 ses agents de d\u00e9velopper leur image de marque. Il s\u2019agit pourtant d\u2019un d\u00e9fi capital pour v\u00e9hiculer le bon message \u00e0 la bonne personne. Voici comment d\u00e9velopper un branding personnel qui permettra \u00e0 votre agence de jouir d\u2019une image [&hellip;]<\/p>\n","protected":false},"author":17,"featured_media":16312,"comment_status":"closed","ping_status":"closed","sticky":false,"template":"","format":"standard","meta":{"_acf_changed":false,"footnotes":""},"categories":[235],"tags":[236,240,70],"class_list":["post-16308","post","type-post","status-publish","format-standard","has-post-thumbnail","hentry","category-marketing-immobilier","tag-athome","tag-branding","tag-immobilier"],"acf":[],"yoast_head":"<!-- This site is optimized with the Yoast SEO plugin v27.4 - https:\/\/yoast.com\/product\/yoast-seo-wordpress\/ -->\n<title>Comment d\u00e9velopper une image de marque unifi\u00e9e pour votre agence ? - atHome Blog<\/title>\n<meta name=\"description\" content=\"Il est difficile de pr\u00e9senter une marque forte, tout en d\u00e9veloppant une image de marque. Voici comment d\u00e9velopper une image de marque unifi\u00e9e et coh\u00e9rente.\" \/>\n<meta name=\"robots\" content=\"index, follow, max-snippet:-1, max-image-preview:large, max-video-preview:-1\" \/>\n<link rel=\"canonical\" href=\"https:\/\/www.athome.lu\/blog\/de\/pro\/immobilienmarketing\/ihr-markenimage-entwickeln\/\" \/>\n<meta property=\"og:locale\" content=\"de_DE\" \/>\n<meta property=\"og:type\" content=\"article\" \/>\n<meta property=\"og:title\" content=\"Comment d\u00e9velopper une image de marque unifi\u00e9e pour votre agence ? - atHome Blog\" \/>\n<meta property=\"og:description\" content=\"Il est difficile de pr\u00e9senter une marque forte, tout en d\u00e9veloppant une image de marque. Voici comment d\u00e9velopper une image de marque unifi\u00e9e et coh\u00e9rente.\" \/>\n<meta property=\"og:url\" content=\"https:\/\/www.athome.lu\/blog\/de\/pro\/immobilienmarketing\/ihr-markenimage-entwickeln\/\" \/>\n<meta property=\"og:site_name\" content=\"atHome Blog\" \/>\n<meta property=\"article:publisher\" content=\"https:\/\/www.facebook.com\/atHome.lu\/\" \/>\n<meta property=\"article:published_time\" content=\"2022-03-14T09:59:22+00:00\" \/>\n<meta property=\"article:modified_time\" content=\"2024-04-23T08:01:13+00:00\" \/>\n<meta property=\"og:image\" content=\"https:\/\/www.athome.lu\/blog\/wp-content\/uploads\/2022\/06\/pexels-energepiccom-313691-scaled-1.jpg\" \/>\n\t<meta property=\"og:image:width\" content=\"2560\" \/>\n\t<meta property=\"og:image:height\" content=\"1920\" \/>\n\t<meta property=\"og:image:type\" content=\"image\/jpeg\" \/>\n<meta name=\"author\" content=\"Fanny Pimentel\" \/>\n<meta name=\"twitter:card\" content=\"summary_large_image\" \/>\n<meta name=\"twitter:creator\" content=\"@athomelu\" \/>\n<meta name=\"twitter:site\" content=\"@athomelu\" \/>\n<meta name=\"twitter:label1\" content=\"Verfasst von\" \/>\n\t<meta name=\"twitter:data1\" content=\"Fanny Pimentel\" \/>\n\t<meta name=\"twitter:label2\" content=\"Gesch\u00e4tzte Lesezeit\" \/>\n\t<meta name=\"twitter:data2\" content=\"4\u00a0Minuten\" \/>\n<script type=\"application\/ld+json\" class=\"yoast-schema-graph\">{\"@context\":\"https:\\\/\\\/schema.org\",\"@graph\":[{\"@type\":\"Article\",\"@id\":\"https:\\\/\\\/www.athome.lu\\\/blog\\\/pro\\\/marketing-immobilier\\\/developper-votre-image-de-marque\\\/#article\",\"isPartOf\":{\"@id\":\"https:\\\/\\\/www.athome.lu\\\/blog\\\/pro\\\/marketing-immobilier\\\/developper-votre-image-de-marque\\\/\"},\"author\":{\"name\":\"Fanny Pimentel\",\"@id\":\"https:\\\/\\\/www.athome.lu\\\/blog\\\/#\\\/schema\\\/person\\\/47f7a38089f837e792876ceddc4cb2dc\"},\"headline\":\"Comment d\u00e9velopper une image de marque unifi\u00e9e pour votre agence ?\",\"datePublished\":\"2022-03-14T09:59:22+00:00\",\"dateModified\":\"2024-04-23T08:01:13+00:00\",\"mainEntityOfPage\":{\"@id\":\"https:\\\/\\\/www.athome.lu\\\/blog\\\/pro\\\/marketing-immobilier\\\/developper-votre-image-de-marque\\\/\"},\"wordCount\":660,\"image\":{\"@id\":\"https:\\\/\\\/www.athome.lu\\\/blog\\\/pro\\\/marketing-immobilier\\\/developper-votre-image-de-marque\\\/#primaryimage\"},\"thumbnailUrl\":\"https:\\\/\\\/www.athome.lu\\\/blog\\\/wp-content\\\/uploads\\\/2022\\\/06\\\/pexels-energepiccom-313691-scaled-1.jpg\",\"keywords\":[\"athome\",\"branding\",\"immobilier\"],\"articleSection\":[\"Marketing immobilier\"],\"inLanguage\":\"de\"},{\"@type\":\"WebPage\",\"@id\":\"https:\\\/\\\/www.athome.lu\\\/blog\\\/pro\\\/marketing-immobilier\\\/developper-votre-image-de-marque\\\/\",\"url\":\"https:\\\/\\\/www.athome.lu\\\/blog\\\/pro\\\/marketing-immobilier\\\/developper-votre-image-de-marque\\\/\",\"name\":\"Comment d\u00e9velopper une image de marque unifi\u00e9e pour votre agence ? - atHome Blog\",\"isPartOf\":{\"@id\":\"https:\\\/\\\/www.athome.lu\\\/blog\\\/#website\"},\"primaryImageOfPage\":{\"@id\":\"https:\\\/\\\/www.athome.lu\\\/blog\\\/pro\\\/marketing-immobilier\\\/developper-votre-image-de-marque\\\/#primaryimage\"},\"image\":{\"@id\":\"https:\\\/\\\/www.athome.lu\\\/blog\\\/pro\\\/marketing-immobilier\\\/developper-votre-image-de-marque\\\/#primaryimage\"},\"thumbnailUrl\":\"https:\\\/\\\/www.athome.lu\\\/blog\\\/wp-content\\\/uploads\\\/2022\\\/06\\\/pexels-energepiccom-313691-scaled-1.jpg\",\"datePublished\":\"2022-03-14T09:59:22+00:00\",\"dateModified\":\"2024-04-23T08:01:13+00:00\",\"author\":{\"@id\":\"https:\\\/\\\/www.athome.lu\\\/blog\\\/#\\\/schema\\\/person\\\/47f7a38089f837e792876ceddc4cb2dc\"},\"description\":\"Il est difficile de pr\u00e9senter une marque forte, tout en d\u00e9veloppant une image de marque. Voici comment d\u00e9velopper une image de marque unifi\u00e9e et coh\u00e9rente.\",\"breadcrumb\":{\"@id\":\"https:\\\/\\\/www.athome.lu\\\/blog\\\/pro\\\/marketing-immobilier\\\/developper-votre-image-de-marque\\\/#breadcrumb\"},\"inLanguage\":\"de\",\"potentialAction\":[{\"@type\":\"ReadAction\",\"target\":[\"https:\\\/\\\/www.athome.lu\\\/blog\\\/pro\\\/marketing-immobilier\\\/developper-votre-image-de-marque\\\/\"]}]},{\"@type\":\"ImageObject\",\"inLanguage\":\"de\",\"@id\":\"https:\\\/\\\/www.athome.lu\\\/blog\\\/pro\\\/marketing-immobilier\\\/developper-votre-image-de-marque\\\/#primaryimage\",\"url\":\"https:\\\/\\\/www.athome.lu\\\/blog\\\/wp-content\\\/uploads\\\/2022\\\/06\\\/pexels-energepiccom-313691-scaled-1.jpg\",\"contentUrl\":\"https:\\\/\\\/www.athome.lu\\\/blog\\\/wp-content\\\/uploads\\\/2022\\\/06\\\/pexels-energepiccom-313691-scaled-1.jpg\",\"width\":2560,\"height\":1920,\"caption\":\"atHome Magazine les chiffres immo\"},{\"@type\":\"BreadcrumbList\",\"@id\":\"https:\\\/\\\/www.athome.lu\\\/blog\\\/pro\\\/marketing-immobilier\\\/developper-votre-image-de-marque\\\/#breadcrumb\",\"itemListElement\":[{\"@type\":\"ListItem\",\"position\":1,\"name\":\"Accueil\",\"item\":\"https:\\\/\\\/www.athome.lu\\\/blog\\\/\"},{\"@type\":\"ListItem\",\"position\":2,\"name\":\"Pro\",\"item\":\"https:\\\/\\\/www.athome.lu\\\/blog\\\/category\\\/pro\\\/\"},{\"@type\":\"ListItem\",\"position\":3,\"name\":\"Marketing immobilier\",\"item\":\"https:\\\/\\\/www.athome.lu\\\/blog\\\/category\\\/pro\\\/marketing-immobilier\\\/\"},{\"@type\":\"ListItem\",\"position\":4,\"name\":\"Comment d\u00e9velopper une image de marque unifi\u00e9e pour votre agence ?\"}]},{\"@type\":\"WebSite\",\"@id\":\"https:\\\/\\\/www.athome.lu\\\/blog\\\/#website\",\"url\":\"https:\\\/\\\/www.athome.lu\\\/blog\\\/\",\"name\":\"atHome Blog\",\"description\":\"Annonces immobili\u00e8res au Luxembourg. Le portail immobilier n\u00b01 au Luxembourg.\",\"potentialAction\":[{\"@type\":\"SearchAction\",\"target\":{\"@type\":\"EntryPoint\",\"urlTemplate\":\"https:\\\/\\\/www.athome.lu\\\/blog\\\/?s={search_term_string}\"},\"query-input\":{\"@type\":\"PropertyValueSpecification\",\"valueRequired\":true,\"valueName\":\"search_term_string\"}}],\"inLanguage\":\"de\"},{\"@type\":\"Person\",\"@id\":\"https:\\\/\\\/www.athome.lu\\\/blog\\\/#\\\/schema\\\/person\\\/47f7a38089f837e792876ceddc4cb2dc\",\"name\":\"Fanny Pimentel\",\"image\":{\"@type\":\"ImageObject\",\"inLanguage\":\"de\",\"@id\":\"https:\\\/\\\/secure.gravatar.com\\\/avatar\\\/c60b27b93851dc9503f9cc9150e73dcb0a86ba6150657e5e4b11d988400bc633?s=96&d=mm&r=g\",\"url\":\"https:\\\/\\\/secure.gravatar.com\\\/avatar\\\/c60b27b93851dc9503f9cc9150e73dcb0a86ba6150657e5e4b11d988400bc633?s=96&d=mm&r=g\",\"contentUrl\":\"https:\\\/\\\/secure.gravatar.com\\\/avatar\\\/c60b27b93851dc9503f9cc9150e73dcb0a86ba6150657e5e4b11d988400bc633?s=96&d=mm&r=g\",\"caption\":\"Fanny Pimentel\"}}]}<\/script>\n<!-- \/ Yoast SEO plugin. -->","yoast_head_json":{"title":"Wie entwickeln Sie ein einheitliches Markenimage f\u00fcr Ihre Agentur? - atHome Blog","description":"Es ist schwierig, eine starke Marke zu pr\u00e4sentieren und gleichzeitig ein Markenimage zu entwickeln. Hier erfahren Sie, wie Sie ein einheitliches und konsistentes Markenimage entwickeln k\u00f6nnen.","robots":{"index":"index","follow":"follow","max-snippet":"max-snippet:-1","max-image-preview":"max-image-preview:large","max-video-preview":"max-video-preview:-1"},"canonical":"https:\/\/www.athome.lu\/blog\/de\/pro\/immobilienmarketing\/ihr-markenimage-entwickeln\/","og_locale":"de_DE","og_type":"article","og_title":"Comment d\u00e9velopper une image de marque unifi\u00e9e pour votre agence ? - atHome Blog","og_description":"Il est difficile de pr\u00e9senter une marque forte, tout en d\u00e9veloppant une image de marque. Voici comment d\u00e9velopper une image de marque unifi\u00e9e et coh\u00e9rente.","og_url":"https:\/\/www.athome.lu\/blog\/de\/pro\/immobilienmarketing\/ihr-markenimage-entwickeln\/","og_site_name":"atHome Blog","article_publisher":"https:\/\/www.facebook.com\/atHome.lu\/","article_published_time":"2022-03-14T09:59:22+00:00","article_modified_time":"2024-04-23T08:01:13+00:00","og_image":[{"width":2560,"height":1920,"url":"https:\/\/www.athome.lu\/blog\/wp-content\/uploads\/2022\/06\/pexels-energepiccom-313691-scaled-1.jpg","type":"image\/jpeg"}],"author":"Fanny Pimentel","twitter_card":"summary_large_image","twitter_creator":"@athomelu","twitter_site":"@athomelu","twitter_misc":{"Verfasst von":"Fanny Pimentel","Gesch\u00e4tzte Lesezeit":"4\u00a0Minuten"},"schema":{"@context":"https:\/\/schema.org","@graph":[{"@type":"Article","@id":"https:\/\/www.athome.lu\/blog\/pro\/marketing-immobilier\/developper-votre-image-de-marque\/#article","isPartOf":{"@id":"https:\/\/www.athome.lu\/blog\/pro\/marketing-immobilier\/developper-votre-image-de-marque\/"},"author":{"name":"Fanny Pimentel","@id":"https:\/\/www.athome.lu\/blog\/#\/schema\/person\/47f7a38089f837e792876ceddc4cb2dc"},"headline":"Comment d\u00e9velopper une image de marque unifi\u00e9e pour votre agence ?","datePublished":"2022-03-14T09:59:22+00:00","dateModified":"2024-04-23T08:01:13+00:00","mainEntityOfPage":{"@id":"https:\/\/www.athome.lu\/blog\/pro\/marketing-immobilier\/developper-votre-image-de-marque\/"},"wordCount":660,"image":{"@id":"https:\/\/www.athome.lu\/blog\/pro\/marketing-immobilier\/developper-votre-image-de-marque\/#primaryimage"},"thumbnailUrl":"https:\/\/www.athome.lu\/blog\/wp-content\/uploads\/2022\/06\/pexels-energepiccom-313691-scaled-1.jpg","keywords":["athome","branding","immobilier"],"articleSection":["Marketing immobilier"],"inLanguage":"de"},{"@type":"WebPage","@id":"https:\/\/www.athome.lu\/blog\/pro\/marketing-immobilier\/developper-votre-image-de-marque\/","url":"https:\/\/www.athome.lu\/blog\/pro\/marketing-immobilier\/developper-votre-image-de-marque\/","name":"Wie entwickeln Sie ein einheitliches Markenimage f\u00fcr Ihre Agentur? - atHome Blog","isPartOf":{"@id":"https:\/\/www.athome.lu\/blog\/#website"},"primaryImageOfPage":{"@id":"https:\/\/www.athome.lu\/blog\/pro\/marketing-immobilier\/developper-votre-image-de-marque\/#primaryimage"},"image":{"@id":"https:\/\/www.athome.lu\/blog\/pro\/marketing-immobilier\/developper-votre-image-de-marque\/#primaryimage"},"thumbnailUrl":"https:\/\/www.athome.lu\/blog\/wp-content\/uploads\/2022\/06\/pexels-energepiccom-313691-scaled-1.jpg","datePublished":"2022-03-14T09:59:22+00:00","dateModified":"2024-04-23T08:01:13+00:00","author":{"@id":"https:\/\/www.athome.lu\/blog\/#\/schema\/person\/47f7a38089f837e792876ceddc4cb2dc"},"description":"Es ist schwierig, eine starke Marke zu pr\u00e4sentieren und gleichzeitig ein Markenimage zu entwickeln. Hier erfahren Sie, wie Sie ein einheitliches und konsistentes Markenimage entwickeln k\u00f6nnen.","breadcrumb":{"@id":"https:\/\/www.athome.lu\/blog\/pro\/marketing-immobilier\/developper-votre-image-de-marque\/#breadcrumb"},"inLanguage":"de","potentialAction":[{"@type":"ReadAction","target":["https:\/\/www.athome.lu\/blog\/pro\/marketing-immobilier\/developper-votre-image-de-marque\/"]}]},{"@type":"ImageObject","inLanguage":"de","@id":"https:\/\/www.athome.lu\/blog\/pro\/marketing-immobilier\/developper-votre-image-de-marque\/#primaryimage","url":"https:\/\/www.athome.lu\/blog\/wp-content\/uploads\/2022\/06\/pexels-energepiccom-313691-scaled-1.jpg","contentUrl":"https:\/\/www.athome.lu\/blog\/wp-content\/uploads\/2022\/06\/pexels-energepiccom-313691-scaled-1.jpg","width":2560,"height":1920,"caption":"atHome Magazine les chiffres immo"},{"@type":"BreadcrumbList","@id":"https:\/\/www.athome.lu\/blog\/pro\/marketing-immobilier\/developper-votre-image-de-marque\/#breadcrumb","itemListElement":[{"@type":"ListItem","position":1,"name":"Accueil","item":"https:\/\/www.athome.lu\/blog\/"},{"@type":"ListItem","position":2,"name":"Pro","item":"https:\/\/www.athome.lu\/blog\/category\/pro\/"},{"@type":"ListItem","position":3,"name":"Marketing immobilier","item":"https:\/\/www.athome.lu\/blog\/category\/pro\/marketing-immobilier\/"},{"@type":"ListItem","position":4,"name":"Comment d\u00e9velopper une image de marque unifi\u00e9e pour votre agence ?"}]},{"@type":"WebSite","@id":"https:\/\/www.athome.lu\/blog\/#website","url":"https:\/\/www.athome.lu\/blog\/","name":"atHome Blog","description":"Immobilienanzeigen in Luxemburg. Das Immobilienportal Nr. 1 in Luxemburg.","potentialAction":[{"@type":"SearchAction","target":{"@type":"EntryPoint","urlTemplate":"https:\/\/www.athome.lu\/blog\/?s={search_term_string}"},"query-input":{"@type":"PropertyValueSpecification","valueRequired":true,"valueName":"search_term_string"}}],"inLanguage":"de"},{"@type":"Person","@id":"https:\/\/www.athome.lu\/blog\/#\/schema\/person\/47f7a38089f837e792876ceddc4cb2dc","name":"Fanny Pimentel","image":{"@type":"ImageObject","inLanguage":"de","@id":"https:\/\/secure.gravatar.com\/avatar\/c60b27b93851dc9503f9cc9150e73dcb0a86ba6150657e5e4b11d988400bc633?s=96&d=mm&r=g","url":"https:\/\/secure.gravatar.com\/avatar\/c60b27b93851dc9503f9cc9150e73dcb0a86ba6150657e5e4b11d988400bc633?s=96&d=mm&r=g","contentUrl":"https:\/\/secure.gravatar.com\/avatar\/c60b27b93851dc9503f9cc9150e73dcb0a86ba6150657e5e4b11d988400bc633?s=96&d=mm&r=g","caption":"Fanny Pimentel"}}]}},"featured_media_src_url":"https:\/\/www.athome.lu\/blog\/wp-content\/uploads\/2022\/06\/pexels-energepiccom-313691-scaled-1-1024x768.jpg","_links":{"self":[{"href":"https:\/\/www.athome.lu\/blog\/de\/wp-json\/wp\/v2\/posts\/16308","targetHints":{"allow":["GET"]}}],"collection":[{"href":"https:\/\/www.athome.lu\/blog\/de\/wp-json\/wp\/v2\/posts"}],"about":[{"href":"https:\/\/www.athome.lu\/blog\/de\/wp-json\/wp\/v2\/types\/post"}],"author":[{"embeddable":true,"href":"https:\/\/www.athome.lu\/blog\/de\/wp-json\/wp\/v2\/users\/17"}],"replies":[{"embeddable":true,"href":"https:\/\/www.athome.lu\/blog\/de\/wp-json\/wp\/v2\/comments?post=16308"}],"version-history":[{"count":2,"href":"https:\/\/www.athome.lu\/blog\/de\/wp-json\/wp\/v2\/posts\/16308\/revisions"}],"predecessor-version":[{"id":16403,"href":"https:\/\/www.athome.lu\/blog\/de\/wp-json\/wp\/v2\/posts\/16308\/revisions\/16403"}],"wp:featuredmedia":[{"embeddable":true,"href":"https:\/\/www.athome.lu\/blog\/de\/wp-json\/wp\/v2\/media\/16312"}],"wp:attachment":[{"href":"https:\/\/www.athome.lu\/blog\/de\/wp-json\/wp\/v2\/media?parent=16308"}],"wp:term":[{"taxonomy":"category","embeddable":true,"href":"https:\/\/www.athome.lu\/blog\/de\/wp-json\/wp\/v2\/categories?post=16308"},{"taxonomy":"post_tag","embeddable":true,"href":"https:\/\/www.athome.lu\/blog\/de\/wp-json\/wp\/v2\/tags?post=16308"}],"curies":[{"name":"wp","href":"https:\/\/api.w.org\/{rel}","templated":true}]}}