{"id":16433,"date":"2024-06-24T13:48:03","date_gmt":"2024-06-24T11:48:03","guid":{"rendered":"https:\/\/www.athome.lu\/blog\/?p=16433"},"modified":"2025-01-16T10:04:32","modified_gmt":"2025-01-16T09:04:32","slug":"die-ezb-senkt-die-zinsen-zum-ersten-mal-seit-5-jahren","status":"publish","type":"post","link":"https:\/\/www.athome.lu\/blog\/de\/acheter\/pret-immobilier\/la-bce-baisse-ses-taux-pour-la-premiere-fois-depuis-5-ans\/","title":{"rendered":"EZB senkt die Zinsen zum ersten Mal seit 5 Jahren"},"content":{"rendered":"<p>Die Europ\u00e4ische Zentralbank (EZB) \u00fcberraschte die M\u00e4rkte mit der Ank\u00fcndigung, ihre Leitzinsen zum ersten Mal seit 2019 zu senken. Diese Entscheidung markiert einen wichtigen Wendepunkt in der Geldpolitik der Institution.<\/p>\n\n\n\n<h2 class=\"wp-block-heading\">Warum diese Zinssenkung?<\/h2>\n\n\n\n<p>Seit Juli 2022 hatte die EZB eine aggressive Zinserh\u00f6hungspolitik verfolgt, mit zehn aufeinanderfolgenden Zinserh\u00f6hungen, um die Inflation im Zusammenhang mit dem Krieg in der Ukraine einzud\u00e4mmen. <strong>Die Inflation hatte in Europa 10,6% erreicht.<\/strong> Eine Zahl, die weit \u00fcber dem Ziel der EZB liegt, den allgemeinen Preisanstieg unter 2% zu halten.<\/p>\n\n\n\n<p><strong>Seit Mai 2024 ist die Inflation auf 2,6% gesunken.<\/strong> Zum ersten Mal seit zwei Jahren liegt sie so nahe bei 2%. Diese Verbesserung veranlasste die EZB zu einer Anpassung ihrer Politik mit dem Ziel, die Wirtschaftst\u00e4tigkeit anzukurbeln, ohne die Inflation wieder anzuheizen.<\/p>\n\n\n\n<p>Die Entscheidung, die EZB-Zinsen zu senken, zielt darauf ab,...<\/p>\n\n\n\n<ol class=\"wp-block-list\">\n<li><strong>Ankurbelung der Kreditaufnahme und der Investitionen <\/strong>: Bei niedrigeren Zinss\u00e4tzen nehmen mehr Unternehmen und Einzelpersonen Kredite auf, wodurch Investitionen und Konsum angekurbelt werden.<\/li>\n\n\n\n<li><strong>Den Immobilienmarkt st\u00fctzen<\/strong> Die Kreditnehmer, insbesondere diejenigen, die sich f\u00fcr einen variablen Zinssatz entschieden hatten, werden von niedrigeren Zinss\u00e4tzen profitieren, was den Immobiliensektor wieder beleben k\u00f6nnte.<\/li>\n\n\n\n<li><strong>Die Schuldenlast f\u00fcr Staaten verringern<\/strong> Die Inflation ist stark gestiegen, sodass die Kosten f\u00fcr die R\u00fcckzahlung der Schulden vieler Regierungen in die H\u00f6he geschnellt sind.<\/li>\n<\/ol>\n\n\n\n<h2 class=\"wp-block-heading\">Welche Auswirkungen hat dies auf die Zinss\u00e4tze f\u00fcr Immobilienkredite in Luxemburg?<\/h2>\n\n\n\n<p>Mit dieser Senkung der Leitzinsen <strong>Die Banken leihen sich bei der EZB billigeres Geld. Daher k\u00f6nnen sie diese niedrigeren Kosten theoretisch an die Kreditnehmer weitergeben.<\/strong> Die Zinss\u00e4tze f\u00fcr Immobilienkredite d\u00fcrften daher in Luxemburg sinken. Der R\u00fcckgang ist jedoch momentan noch sehr begrenzt.<\/p>\n\n\n\n<p>Auch wird die Wirkung je nach Art des gew\u00e4hlten Zinssatzes unterschiedlich sein:<\/p>\n\n\n\n<ul class=\"wp-block-list\">\n<li><strong>Direkte Auswirkungen auf variable Zinss\u00e4tze <\/strong>: Variable Zinss\u00e4tze sind an den Euribor gekoppelt (der<em>Euro Interbank Offered Rate<\/em>), der direkt von den EZB-Zinsen abh\u00e4ngt. Jeder Anstieg oder R\u00fcckgang wirkt sich also auf die variablen Zinss\u00e4tze aus. Luxemburgische Kreditnehmer, die sich f\u00fcr einen variablen Zinssatz entschieden haben, werden eine leichte Senkung ihrer monatlichen Raten sp\u00fcren.<\/li>\n\n\n\n<li><strong>Bei festen Zinss\u00e4tzen kann die Auswirkung langsamer sein <\/strong>Feste Zinss\u00e4tze reagieren weniger stark auf Zins\u00e4nderungen der EZB. Im letzten Herbst oder Sommer beispielsweise blieben sie trotz kleinerer Erh\u00f6hungen der EZB-Zinsen manchmal stabil. Mit einem festen Zinssatz gehen die Banken eine langfristige Verpflichtung ein: Sie warten ab, bis sich der Abw\u00e4rtstrend bei langfristigen Projektionen best\u00e4tigt, bevor sie ihre festen Zinss\u00e4tze dauerhaft senken.<\/li>\n<\/ul>\n\n\n\n<h2 class=\"wp-block-heading\">Welche langfristigen Auswirkungen auf den Immobilienmarkt in Luxemburg?<\/h2>\n\n\n\n<p>Sollten in den n\u00e4chsten Monaten weitere Senkungen beschlossen werden, w\u00e4re dies ein klares Signal f\u00fcr eine Lockerung der Geldpolitik der EZB. Langfristig kann dies mehrere Folgen haben:<\/p>\n\n\n\n<ol class=\"wp-block-list\">\n<li><strong>H\u00f6here Kreditf\u00e4higkeit von K\u00e4ufern<\/strong> : Bei niedrigeren Zinsen k\u00f6nnten luxemburgische Kreditnehmer mehr und leichter Kredite aufnehmen.<\/li>\n\n\n\n<li><strong>Immobilienpreise w\u00fcrden wieder steigen<\/strong> Dies w\u00e4re die direkte Folge einer deutlichen Zinssenkung. Mit einer h\u00f6heren Kreditf\u00e4higkeit und einem leichteren Zugang zu Krediten w\u00fcrden die Verk\u00e4ufer mehr Angebote f\u00fcr ihre Immobilien erhalten und k\u00f6nnten versucht sein, die Gebote zu erh\u00f6hen oder an den Meistbietenden zu verkaufen, wodurch die durchschnittlichen Verkaufspreise mechanisch steigen w\u00fcrden.<\/li>\n<\/ol>\n\n\n\n<h2 class=\"wp-block-heading\">Was bedeutet das f\u00fcr Ihr Immobilienprojekt in Luxemburg?<\/h2>\n\n\n\n<p>Dieses erste Signal k\u00f6nnte das erste in einer langen Reihe von aufeinanderfolgenden Zinssenkungen sein, die sich \u00fcber mehrere Jahre erstrecken.<\/p>\n\n\n\n<ul class=\"wp-block-list\">\n<li><strong>Wenn Sie einen Immobilienkauf planen : <\/strong>ist jetzt ein guter Zeitpunkt zum Kaufen. Die Zinsen sind immer noch auf einem hohen Niveau: Sie k\u00f6nnen den Preis f\u00fcr Ihre Immobilie noch auf einem attraktiven Niveau verhandeln. Je weiter die Zinsen sinken, desto schwieriger wird es, den Preis zu verhandeln, da wieder mehr Menschen in Luxemburg kaufen k\u00f6nnen.<\/li>\n\n\n\n<li><strong>Wenn Sie Ihre Immobilie verkaufen m\u00f6chten :<\/strong> kann dies auch der richtige Zeitpunkt sein. Die sinkenden Zinsen in Kombination mit den <a href=\"https:\/\/www.athome.lu\/blog\/acheter\/fiscalite\/mesures-gouvernement-achat-immobilier-2024\/\">staatliche Hilfen<\/a>Das Interesse an Immobilien ist wieder gestiegen. Immer mehr K\u00e4ufer machen Besichtigungen und unterzeichnen Kompromisse, wie die Makler von<a href=\"https:\/\/www.athome.lu\/finance\/pret-immobilier\">atHomeFinance<\/a> dies seit diesem Fr\u00fchjahr feststellen. Wenn Sie sofort verkaufen, sollten Sie jedoch wissen, dass Sie bei Ihrem Preis flexibel sind und gleichzeitig den Kontext kennen, in dem Sie verkaufen (eine beginnende Zinssenkung).<\/li>\n<\/ul>\n\n\n\n<p>Zusammenfassend l\u00e4sst sich sagen, dass 2022 und 2023 vielleicht etwas abwartend sein k\u00f6nnten, 2024 aber zweifellos das Jahr des Handelns ist: Die steuerlichen Anreize der Regierung und die beginnende Zinssenkung bieten interessante Perspektiven f\u00fcr K\u00e4ufer, die die sich ihnen bietenden guten Gelegenheiten zu nutzen wissen.<\/p>","protected":false},"excerpt":{"rendered":"<p>La Banque centrale europ\u00e9enne (BCE) a surpris les march\u00e9s en annon\u00e7ant une baisse de ses taux directeurs pour la premi\u00e8re fois depuis 2019. Cette d\u00e9cision marque un tournant majeur dans la politique mon\u00e9taire de l'institution. Pourquoi cette baisse de taux ? Depuis juillet 2022, la BCE avait suivi une politique de rel\u00e8vement agressif des taux [&hellip;]<\/p>\n","protected":false},"author":17,"featured_media":16435,"comment_status":"closed","ping_status":"closed","sticky":false,"template":"","format":"standard","meta":{"_acf_changed":false,"footnotes":""},"categories":[207],"tags":[],"class_list":["post-16433","post","type-post","status-publish","format-standard","has-post-thumbnail","hentry","category-pret-immobilier"],"acf":[],"yoast_head":"<!-- This site is optimized with the Yoast SEO plugin v27.4 - https:\/\/yoast.com\/product\/yoast-seo-wordpress\/ -->\n<title>La BCE baisse ses taux pour la premi\u00e8re fois depuis 5 ans - atHome Blog<\/title>\n<meta name=\"robots\" content=\"index, follow, max-snippet:-1, max-image-preview:large, max-video-preview:-1\" \/>\n<link rel=\"canonical\" href=\"https:\/\/www.athome.lu\/blog\/de\/kaufen\/hauskredit\/die-ezb-senkt-die-zinsen-zum-ersten-mal-seit-5-jahren\/\" \/>\n<meta property=\"og:locale\" content=\"de_DE\" \/>\n<meta property=\"og:type\" content=\"article\" \/>\n<meta property=\"og:title\" content=\"La BCE baisse ses taux pour la premi\u00e8re fois depuis 5 ans - atHome Blog\" \/>\n<meta property=\"og:description\" content=\"La Banque centrale europ\u00e9enne (BCE) a surpris les march\u00e9s en annon\u00e7ant une baisse de ses taux directeurs pour la premi\u00e8re fois depuis 2019. Cette d\u00e9cision marque un tournant majeur dans la politique mon\u00e9taire de l&#039;institution. Pourquoi cette baisse de taux ? Depuis juillet 2022, la BCE avait suivi une politique de rel\u00e8vement agressif des taux [&hellip;]\" \/>\n<meta property=\"og:url\" content=\"https:\/\/www.athome.lu\/blog\/de\/kaufen\/hauskredit\/die-ezb-senkt-die-zinsen-zum-ersten-mal-seit-5-jahren\/\" \/>\n<meta property=\"og:site_name\" content=\"atHome Blog\" \/>\n<meta property=\"article:publisher\" content=\"https:\/\/www.facebook.com\/atHome.lu\/\" \/>\n<meta property=\"article:published_time\" content=\"2024-06-24T11:48:03+00:00\" \/>\n<meta property=\"article:modified_time\" content=\"2025-01-16T09:04:32+00:00\" \/>\n<meta property=\"og:image\" content=\"https:\/\/www.athome.lu\/blog\/wp-content\/uploads\/2024\/06\/BCE-baisse-des-taux-en-Europe.png\" \/>\n\t<meta property=\"og:image:width\" content=\"960\" \/>\n\t<meta property=\"og:image:height\" content=\"640\" \/>\n\t<meta property=\"og:image:type\" content=\"image\/png\" \/>\n<meta name=\"author\" content=\"Fanny Pimentel\" \/>\n<meta name=\"twitter:card\" content=\"summary_large_image\" \/>\n<meta name=\"twitter:creator\" content=\"@athomelu\" \/>\n<meta name=\"twitter:site\" content=\"@athomelu\" \/>\n<meta name=\"twitter:label1\" content=\"Verfasst von\" \/>\n\t<meta name=\"twitter:data1\" content=\"Fanny Pimentel\" \/>\n\t<meta name=\"twitter:label2\" content=\"Gesch\u00e4tzte Lesezeit\" \/>\n\t<meta name=\"twitter:data2\" content=\"1\u00a0Minute\" \/>\n<script type=\"application\/ld+json\" class=\"yoast-schema-graph\">{\"@context\":\"https:\\\/\\\/schema.org\",\"@graph\":[{\"@type\":\"Article\",\"@id\":\"https:\\\/\\\/www.athome.lu\\\/blog\\\/acheter\\\/pret-immobilier\\\/la-bce-baisse-ses-taux-pour-la-premiere-fois-depuis-5-ans\\\/#article\",\"isPartOf\":{\"@id\":\"https:\\\/\\\/www.athome.lu\\\/blog\\\/acheter\\\/pret-immobilier\\\/la-bce-baisse-ses-taux-pour-la-premiere-fois-depuis-5-ans\\\/\"},\"author\":{\"name\":\"Fanny Pimentel\",\"@id\":\"https:\\\/\\\/www.athome.lu\\\/blog\\\/#\\\/schema\\\/person\\\/47f7a38089f837e792876ceddc4cb2dc\"},\"headline\":\"La BCE baisse ses taux pour la premi\u00e8re fois depuis 5 ans\",\"datePublished\":\"2024-06-24T11:48:03+00:00\",\"dateModified\":\"2025-01-16T09:04:32+00:00\",\"mainEntityOfPage\":{\"@id\":\"https:\\\/\\\/www.athome.lu\\\/blog\\\/acheter\\\/pret-immobilier\\\/la-bce-baisse-ses-taux-pour-la-premiere-fois-depuis-5-ans\\\/\"},\"wordCount\":812,\"image\":{\"@id\":\"https:\\\/\\\/www.athome.lu\\\/blog\\\/acheter\\\/pret-immobilier\\\/la-bce-baisse-ses-taux-pour-la-premiere-fois-depuis-5-ans\\\/#primaryimage\"},\"thumbnailUrl\":\"https:\\\/\\\/www.athome.lu\\\/blog\\\/wp-content\\\/uploads\\\/2024\\\/06\\\/BCE-baisse-des-taux-en-Europe.png\",\"articleSection\":[\"Pr\u00eat Immobilier\"],\"inLanguage\":\"de\"},{\"@type\":\"WebPage\",\"@id\":\"https:\\\/\\\/www.athome.lu\\\/blog\\\/acheter\\\/pret-immobilier\\\/la-bce-baisse-ses-taux-pour-la-premiere-fois-depuis-5-ans\\\/\",\"url\":\"https:\\\/\\\/www.athome.lu\\\/blog\\\/acheter\\\/pret-immobilier\\\/la-bce-baisse-ses-taux-pour-la-premiere-fois-depuis-5-ans\\\/\",\"name\":\"La BCE baisse ses taux pour la premi\u00e8re fois depuis 5 ans - atHome Blog\",\"isPartOf\":{\"@id\":\"https:\\\/\\\/www.athome.lu\\\/blog\\\/#website\"},\"primaryImageOfPage\":{\"@id\":\"https:\\\/\\\/www.athome.lu\\\/blog\\\/acheter\\\/pret-immobilier\\\/la-bce-baisse-ses-taux-pour-la-premiere-fois-depuis-5-ans\\\/#primaryimage\"},\"image\":{\"@id\":\"https:\\\/\\\/www.athome.lu\\\/blog\\\/acheter\\\/pret-immobilier\\\/la-bce-baisse-ses-taux-pour-la-premiere-fois-depuis-5-ans\\\/#primaryimage\"},\"thumbnailUrl\":\"https:\\\/\\\/www.athome.lu\\\/blog\\\/wp-content\\\/uploads\\\/2024\\\/06\\\/BCE-baisse-des-taux-en-Europe.png\",\"datePublished\":\"2024-06-24T11:48:03+00:00\",\"dateModified\":\"2025-01-16T09:04:32+00:00\",\"author\":{\"@id\":\"https:\\\/\\\/www.athome.lu\\\/blog\\\/#\\\/schema\\\/person\\\/47f7a38089f837e792876ceddc4cb2dc\"},\"breadcrumb\":{\"@id\":\"https:\\\/\\\/www.athome.lu\\\/blog\\\/acheter\\\/pret-immobilier\\\/la-bce-baisse-ses-taux-pour-la-premiere-fois-depuis-5-ans\\\/#breadcrumb\"},\"inLanguage\":\"de\",\"potentialAction\":[{\"@type\":\"ReadAction\",\"target\":[\"https:\\\/\\\/www.athome.lu\\\/blog\\\/acheter\\\/pret-immobilier\\\/la-bce-baisse-ses-taux-pour-la-premiere-fois-depuis-5-ans\\\/\"]}]},{\"@type\":\"ImageObject\",\"inLanguage\":\"de\",\"@id\":\"https:\\\/\\\/www.athome.lu\\\/blog\\\/acheter\\\/pret-immobilier\\\/la-bce-baisse-ses-taux-pour-la-premiere-fois-depuis-5-ans\\\/#primaryimage\",\"url\":\"https:\\\/\\\/www.athome.lu\\\/blog\\\/wp-content\\\/uploads\\\/2024\\\/06\\\/BCE-baisse-des-taux-en-Europe.png\",\"contentUrl\":\"https:\\\/\\\/www.athome.lu\\\/blog\\\/wp-content\\\/uploads\\\/2024\\\/06\\\/BCE-baisse-des-taux-en-Europe.png\",\"width\":960,\"height\":640,\"caption\":\"BCE baisse des taux en Europe\"},{\"@type\":\"BreadcrumbList\",\"@id\":\"https:\\\/\\\/www.athome.lu\\\/blog\\\/acheter\\\/pret-immobilier\\\/la-bce-baisse-ses-taux-pour-la-premiere-fois-depuis-5-ans\\\/#breadcrumb\",\"itemListElement\":[{\"@type\":\"ListItem\",\"position\":1,\"name\":\"Accueil\",\"item\":\"https:\\\/\\\/www.athome.lu\\\/blog\\\/\"},{\"@type\":\"ListItem\",\"position\":2,\"name\":\"Acheter\",\"item\":\"https:\\\/\\\/www.athome.lu\\\/blog\\\/en\\\/category\\\/buy\\\/\"},{\"@type\":\"ListItem\",\"position\":3,\"name\":\"Pr\u00eat Immobilier\",\"item\":\"https:\\\/\\\/www.athome.lu\\\/blog\\\/en\\\/category\\\/buy\\\/home-loan\\\/\"},{\"@type\":\"ListItem\",\"position\":4,\"name\":\"La BCE baisse ses taux pour la premi\u00e8re fois depuis 5 ans\"}]},{\"@type\":\"WebSite\",\"@id\":\"https:\\\/\\\/www.athome.lu\\\/blog\\\/#website\",\"url\":\"https:\\\/\\\/www.athome.lu\\\/blog\\\/\",\"name\":\"atHome Blog\",\"description\":\"Annonces immobili\u00e8res au Luxembourg. Le portail immobilier n\u00b01 au Luxembourg.\",\"potentialAction\":[{\"@type\":\"SearchAction\",\"target\":{\"@type\":\"EntryPoint\",\"urlTemplate\":\"https:\\\/\\\/www.athome.lu\\\/blog\\\/?s={search_term_string}\"},\"query-input\":{\"@type\":\"PropertyValueSpecification\",\"valueRequired\":true,\"valueName\":\"search_term_string\"}}],\"inLanguage\":\"de\"},{\"@type\":\"Person\",\"@id\":\"https:\\\/\\\/www.athome.lu\\\/blog\\\/#\\\/schema\\\/person\\\/47f7a38089f837e792876ceddc4cb2dc\",\"name\":\"Fanny Pimentel\",\"image\":{\"@type\":\"ImageObject\",\"inLanguage\":\"de\",\"@id\":\"https:\\\/\\\/secure.gravatar.com\\\/avatar\\\/c60b27b93851dc9503f9cc9150e73dcb0a86ba6150657e5e4b11d988400bc633?s=96&d=mm&r=g\",\"url\":\"https:\\\/\\\/secure.gravatar.com\\\/avatar\\\/c60b27b93851dc9503f9cc9150e73dcb0a86ba6150657e5e4b11d988400bc633?s=96&d=mm&r=g\",\"contentUrl\":\"https:\\\/\\\/secure.gravatar.com\\\/avatar\\\/c60b27b93851dc9503f9cc9150e73dcb0a86ba6150657e5e4b11d988400bc633?s=96&d=mm&r=g\",\"caption\":\"Fanny Pimentel\"}}]}<\/script>\n<!-- \/ Yoast SEO plugin. -->","yoast_head_json":{"title":"EZB senkt die Zinsen zum ersten Mal seit f\u00fcnf Jahren - atHome Blog","robots":{"index":"index","follow":"follow","max-snippet":"max-snippet:-1","max-image-preview":"max-image-preview:large","max-video-preview":"max-video-preview:-1"},"canonical":"https:\/\/www.athome.lu\/blog\/de\/kaufen\/hauskredit\/die-ezb-senkt-die-zinsen-zum-ersten-mal-seit-5-jahren\/","og_locale":"de_DE","og_type":"article","og_title":"La BCE baisse ses taux pour la premi\u00e8re fois depuis 5 ans - atHome Blog","og_description":"La Banque centrale europ\u00e9enne (BCE) a surpris les march\u00e9s en annon\u00e7ant une baisse de ses taux directeurs pour la premi\u00e8re fois depuis 2019. Cette d\u00e9cision marque un tournant majeur dans la politique mon\u00e9taire de l'institution. Pourquoi cette baisse de taux ? Depuis juillet 2022, la BCE avait suivi une politique de rel\u00e8vement agressif des taux [&hellip;]","og_url":"https:\/\/www.athome.lu\/blog\/de\/kaufen\/hauskredit\/die-ezb-senkt-die-zinsen-zum-ersten-mal-seit-5-jahren\/","og_site_name":"atHome Blog","article_publisher":"https:\/\/www.facebook.com\/atHome.lu\/","article_published_time":"2024-06-24T11:48:03+00:00","article_modified_time":"2025-01-16T09:04:32+00:00","og_image":[{"width":960,"height":640,"url":"https:\/\/www.athome.lu\/blog\/wp-content\/uploads\/2024\/06\/BCE-baisse-des-taux-en-Europe.png","type":"image\/png"}],"author":"Fanny Pimentel","twitter_card":"summary_large_image","twitter_creator":"@athomelu","twitter_site":"@athomelu","twitter_misc":{"Verfasst von":"Fanny Pimentel","Gesch\u00e4tzte Lesezeit":"1\u00a0Minute"},"schema":{"@context":"https:\/\/schema.org","@graph":[{"@type":"Article","@id":"https:\/\/www.athome.lu\/blog\/acheter\/pret-immobilier\/la-bce-baisse-ses-taux-pour-la-premiere-fois-depuis-5-ans\/#article","isPartOf":{"@id":"https:\/\/www.athome.lu\/blog\/acheter\/pret-immobilier\/la-bce-baisse-ses-taux-pour-la-premiere-fois-depuis-5-ans\/"},"author":{"name":"Fanny Pimentel","@id":"https:\/\/www.athome.lu\/blog\/#\/schema\/person\/47f7a38089f837e792876ceddc4cb2dc"},"headline":"La BCE baisse ses taux pour la premi\u00e8re fois depuis 5 ans","datePublished":"2024-06-24T11:48:03+00:00","dateModified":"2025-01-16T09:04:32+00:00","mainEntityOfPage":{"@id":"https:\/\/www.athome.lu\/blog\/acheter\/pret-immobilier\/la-bce-baisse-ses-taux-pour-la-premiere-fois-depuis-5-ans\/"},"wordCount":812,"image":{"@id":"https:\/\/www.athome.lu\/blog\/acheter\/pret-immobilier\/la-bce-baisse-ses-taux-pour-la-premiere-fois-depuis-5-ans\/#primaryimage"},"thumbnailUrl":"https:\/\/www.athome.lu\/blog\/wp-content\/uploads\/2024\/06\/BCE-baisse-des-taux-en-Europe.png","articleSection":["Pr\u00eat Immobilier"],"inLanguage":"de"},{"@type":"WebPage","@id":"https:\/\/www.athome.lu\/blog\/acheter\/pret-immobilier\/la-bce-baisse-ses-taux-pour-la-premiere-fois-depuis-5-ans\/","url":"https:\/\/www.athome.lu\/blog\/acheter\/pret-immobilier\/la-bce-baisse-ses-taux-pour-la-premiere-fois-depuis-5-ans\/","name":"EZB senkt die Zinsen zum ersten Mal seit f\u00fcnf Jahren - atHome Blog","isPartOf":{"@id":"https:\/\/www.athome.lu\/blog\/#website"},"primaryImageOfPage":{"@id":"https:\/\/www.athome.lu\/blog\/acheter\/pret-immobilier\/la-bce-baisse-ses-taux-pour-la-premiere-fois-depuis-5-ans\/#primaryimage"},"image":{"@id":"https:\/\/www.athome.lu\/blog\/acheter\/pret-immobilier\/la-bce-baisse-ses-taux-pour-la-premiere-fois-depuis-5-ans\/#primaryimage"},"thumbnailUrl":"https:\/\/www.athome.lu\/blog\/wp-content\/uploads\/2024\/06\/BCE-baisse-des-taux-en-Europe.png","datePublished":"2024-06-24T11:48:03+00:00","dateModified":"2025-01-16T09:04:32+00:00","author":{"@id":"https:\/\/www.athome.lu\/blog\/#\/schema\/person\/47f7a38089f837e792876ceddc4cb2dc"},"breadcrumb":{"@id":"https:\/\/www.athome.lu\/blog\/acheter\/pret-immobilier\/la-bce-baisse-ses-taux-pour-la-premiere-fois-depuis-5-ans\/#breadcrumb"},"inLanguage":"de","potentialAction":[{"@type":"ReadAction","target":["https:\/\/www.athome.lu\/blog\/acheter\/pret-immobilier\/la-bce-baisse-ses-taux-pour-la-premiere-fois-depuis-5-ans\/"]}]},{"@type":"ImageObject","inLanguage":"de","@id":"https:\/\/www.athome.lu\/blog\/acheter\/pret-immobilier\/la-bce-baisse-ses-taux-pour-la-premiere-fois-depuis-5-ans\/#primaryimage","url":"https:\/\/www.athome.lu\/blog\/wp-content\/uploads\/2024\/06\/BCE-baisse-des-taux-en-Europe.png","contentUrl":"https:\/\/www.athome.lu\/blog\/wp-content\/uploads\/2024\/06\/BCE-baisse-des-taux-en-Europe.png","width":960,"height":640,"caption":"BCE baisse des taux en Europe"},{"@type":"BreadcrumbList","@id":"https:\/\/www.athome.lu\/blog\/acheter\/pret-immobilier\/la-bce-baisse-ses-taux-pour-la-premiere-fois-depuis-5-ans\/#breadcrumb","itemListElement":[{"@type":"ListItem","position":1,"name":"Accueil","item":"https:\/\/www.athome.lu\/blog\/"},{"@type":"ListItem","position":2,"name":"Acheter","item":"https:\/\/www.athome.lu\/blog\/en\/category\/buy\/"},{"@type":"ListItem","position":3,"name":"Pr\u00eat Immobilier","item":"https:\/\/www.athome.lu\/blog\/en\/category\/buy\/home-loan\/"},{"@type":"ListItem","position":4,"name":"La BCE baisse ses taux pour la premi\u00e8re fois depuis 5 ans"}]},{"@type":"WebSite","@id":"https:\/\/www.athome.lu\/blog\/#website","url":"https:\/\/www.athome.lu\/blog\/","name":"atHome Blog","description":"Immobilienanzeigen in Luxemburg. Das Immobilienportal Nr. 1 in Luxemburg.","potentialAction":[{"@type":"SearchAction","target":{"@type":"EntryPoint","urlTemplate":"https:\/\/www.athome.lu\/blog\/?s={search_term_string}"},"query-input":{"@type":"PropertyValueSpecification","valueRequired":true,"valueName":"search_term_string"}}],"inLanguage":"de"},{"@type":"Person","@id":"https:\/\/www.athome.lu\/blog\/#\/schema\/person\/47f7a38089f837e792876ceddc4cb2dc","name":"Fanny Pimentel","image":{"@type":"ImageObject","inLanguage":"de","@id":"https:\/\/secure.gravatar.com\/avatar\/c60b27b93851dc9503f9cc9150e73dcb0a86ba6150657e5e4b11d988400bc633?s=96&d=mm&r=g","url":"https:\/\/secure.gravatar.com\/avatar\/c60b27b93851dc9503f9cc9150e73dcb0a86ba6150657e5e4b11d988400bc633?s=96&d=mm&r=g","contentUrl":"https:\/\/secure.gravatar.com\/avatar\/c60b27b93851dc9503f9cc9150e73dcb0a86ba6150657e5e4b11d988400bc633?s=96&d=mm&r=g","caption":"Fanny Pimentel"}}]}},"featured_media_src_url":"https:\/\/www.athome.lu\/blog\/wp-content\/uploads\/2024\/06\/BCE-baisse-des-taux-en-Europe.png","_links":{"self":[{"href":"https:\/\/www.athome.lu\/blog\/de\/wp-json\/wp\/v2\/posts\/16433","targetHints":{"allow":["GET"]}}],"collection":[{"href":"https:\/\/www.athome.lu\/blog\/de\/wp-json\/wp\/v2\/posts"}],"about":[{"href":"https:\/\/www.athome.lu\/blog\/de\/wp-json\/wp\/v2\/types\/post"}],"author":[{"embeddable":true,"href":"https:\/\/www.athome.lu\/blog\/de\/wp-json\/wp\/v2\/users\/17"}],"replies":[{"embeddable":true,"href":"https:\/\/www.athome.lu\/blog\/de\/wp-json\/wp\/v2\/comments?post=16433"}],"version-history":[{"count":5,"href":"https:\/\/www.athome.lu\/blog\/de\/wp-json\/wp\/v2\/posts\/16433\/revisions"}],"predecessor-version":[{"id":16522,"href":"https:\/\/www.athome.lu\/blog\/de\/wp-json\/wp\/v2\/posts\/16433\/revisions\/16522"}],"wp:featuredmedia":[{"embeddable":true,"href":"https:\/\/www.athome.lu\/blog\/de\/wp-json\/wp\/v2\/media\/16435"}],"wp:attachment":[{"href":"https:\/\/www.athome.lu\/blog\/de\/wp-json\/wp\/v2\/media?parent=16433"}],"wp:term":[{"taxonomy":"category","embeddable":true,"href":"https:\/\/www.athome.lu\/blog\/de\/wp-json\/wp\/v2\/categories?post=16433"},{"taxonomy":"post_tag","embeddable":true,"href":"https:\/\/www.athome.lu\/blog\/de\/wp-json\/wp\/v2\/tags?post=16433"}],"curies":[{"name":"wp","href":"https:\/\/api.w.org\/{rel}","templated":true}]}}