{"id":17496,"date":"2025-06-05T08:00:05","date_gmt":"2025-06-05T06:00:05","guid":{"rendered":"https:\/\/www.athome.lu\/blog\/?p=17496"},"modified":"2025-06-30T16:03:48","modified_gmt":"2025-06-30T14:03:48","slug":"letzte-chance-fur-wohnungsbeihilfe-in-luxemburg","status":"publish","type":"post","link":"https:\/\/www.athome.lu\/blog\/de\/acheter\/derniere-chance-pour-beneficier-des-aides-au-logement-au-luxembourg\/","title":{"rendered":"Letzte Chance f\u00fcr Wohngeld in Luxemburg"},"content":{"rendered":"<p>Um einem gro\u00dfen Ansturm von Antr\u00e4gen bis Ende Juni zuvorzukommen, f\u00fchrte der Finanzminister eine gewisse Flexibilit\u00e4t ein: Sollte die Frist vom <strong>30. Juni 2025<\/strong> in Kraft bleibt, reicht es aus, wenn die Erwerber <strong>bei der Administration of Registration, Domains and VAT (AED) registriert ist<\/strong>, <strong>entweder einen unterzeichneten Verkaufskompromiss<\/strong>, oder ein <strong>Reservierungsvertrag f\u00fcr eine Immobilie im Zustand der zuk\u00fcnftigen Fertigstellung<\/strong> zu diesem Zeitpunkt unterzeichnet.<\/p>\n\n\n\n<p>Die notarielle Urkunde, die den Kauf formalisiert, kann dann zwischen dem <strong>1. Juli und 30. September 2025<\/strong>. Diese zus\u00e4tzliche Frist soll den Banken und Notaren gen\u00fcgend Zeit geben, um die zahlreichen Anfragen von K\u00e4ufern zu bearbeiten, die von den Steuervorteilen profitieren wollen.<\/p>\n\n\n\n<p><strong>\u2705 Welche Hilfen sind betroffen?<\/strong><\/p>\n\n\n\n<ul class=\"wp-block-list\">\n<li><strong>Steuergutschrift f\u00fcr Mietinvestitionen<\/strong> : 20.000 \u20ac pro Person f\u00fcr Investitionen in Mietwohnungen.<\/li>\n\n\n\n<li><strong>Halbierung der Steuerbemessungsgrundlage<\/strong> : \u00fcber die Registrierungs- und Umschreibungsgeb\u00fchren.<\/li>\n\n\n\n<li><strong>Beschleunigte Abschreibung auf 6 %<\/strong> : f\u00fcr Immobilieninvestitionen.<\/li>\n\n\n\n<li><strong>Erm\u00e4\u00dfigte Besteuerung von Ver\u00e4u\u00dferungsgewinnen<\/strong> : auf ein Viertel des Gesamtsatzes.<\/li>\n\n\n\n<li><strong>Befreiung vom Kapitalgewinn<\/strong> Bei Umzug in Geb\u00e4ude, die f\u00fcr die soziale Mietverwaltung bestimmt sind, oder in Geb\u00e4ude, die das Niveau A+ erreichen.<\/li>\n<\/ul>\n\n\n\n<p>Die Steuergutschrift \"B\u00ebllegen Akt\" f\u00fcr den Kauf eines Hauptwohnsitzes unterliegt nicht diesem Stichtag. Dieser bleibt <strong>beibehalten bei 40.000 Euro pro Person<\/strong> <strong>\u00fcber den 30. Juni 2025 hinaus<\/strong>.<\/p>\n\n\n\n<p><strong>\ud83c\udfe1 Wie kann atHome.lu Ihnen helfen?<\/strong><\/p>\n\n\n\n<p>Bei<strong><a href=\"https:\/\/www.athome.lu\/\"> atHome.lu,<\/a><\/strong> wir begleiten Sie bei allen Schritten Ihres Immobilienprojekts. Nutzen Sie unsere Plattform, um die Immobilie zu finden, die Ihren Bed\u00fcrfnissen entspricht, und profitieren Sie von steuerlichen Hilfen, bevor sie auslaufen.<\/p>","protected":false},"excerpt":{"rendered":"<p>Afin d\u2019anticiper un afflux important de demandes d\u2019ici la fin juin, le ministre des Finances a introduit une certaine souplesse : si la date limite du 30 juin 2025 reste en vigueur, il suffira que les acqu\u00e9reurs aient enregistr\u00e9 aupr\u00e8s de l\u2019Administration de l\u2019enregistrement, des domaines et de la TVA (AED), soit un compromis de [&hellip;]<\/p>\n","protected":false},"author":17,"featured_media":13110,"comment_status":"closed","ping_status":"closed","sticky":false,"template":"","format":"standard","meta":{"_acf_changed":false,"footnotes":""},"categories":[3],"tags":[],"class_list":["post-17496","post","type-post","status-publish","format-standard","has-post-thumbnail","hentry","category-acheter"],"acf":[],"yoast_head":"<!-- This site is optimized with the Yoast SEO plugin v27.4 - https:\/\/yoast.com\/product\/yoast-seo-wordpress\/ -->\n<title>Derni\u00e8re chance pour b\u00e9n\u00e9ficier des aides au logement au Luxembourg - atHome Blog<\/title>\n<meta name=\"description\" content=\"Le dispositif d\u2019aides fiscales au logement reste en vigueur jusqu\u2019en septembre 2025 pour les compromis enregistr\u00e9s avant le 30 juin.\" \/>\n<meta name=\"robots\" content=\"index, follow, max-snippet:-1, max-image-preview:large, max-video-preview:-1\" \/>\n<link rel=\"canonical\" href=\"https:\/\/www.athome.lu\/blog\/de\/kaufen\/letzte-chance-fur-wohnungsbeihilfe-in-luxemburg\/\" \/>\n<meta property=\"og:locale\" content=\"de_DE\" \/>\n<meta property=\"og:type\" content=\"article\" \/>\n<meta property=\"og:title\" content=\"Derni\u00e8re chance pour b\u00e9n\u00e9ficier des aides au logement au Luxembourg - atHome Blog\" \/>\n<meta property=\"og:description\" content=\"Le dispositif d\u2019aides fiscales au logement reste en vigueur jusqu\u2019en septembre 2025 pour les compromis enregistr\u00e9s avant le 30 juin.\" \/>\n<meta property=\"og:url\" content=\"https:\/\/www.athome.lu\/blog\/de\/kaufen\/letzte-chance-fur-wohnungsbeihilfe-in-luxemburg\/\" \/>\n<meta property=\"og:site_name\" content=\"atHome Blog\" \/>\n<meta property=\"article:publisher\" content=\"https:\/\/www.facebook.com\/atHome.lu\/\" \/>\n<meta property=\"article:published_time\" content=\"2025-06-05T06:00:05+00:00\" \/>\n<meta property=\"article:modified_time\" content=\"2025-06-30T14:03:48+00:00\" \/>\n<meta property=\"og:image\" content=\"https:\/\/www.athome.lu\/blog\/wp-content\/uploads\/2022\/06\/top-view-hands-and-stationery-items-scaled-1.jpg\" \/>\n\t<meta property=\"og:image:width\" content=\"2560\" \/>\n\t<meta property=\"og:image:height\" content=\"1709\" \/>\n\t<meta property=\"og:image:type\" content=\"image\/jpeg\" \/>\n<meta name=\"author\" content=\"Fanny Pimentel\" \/>\n<meta name=\"twitter:card\" content=\"summary_large_image\" \/>\n<meta name=\"twitter:creator\" content=\"@athomelu\" \/>\n<meta name=\"twitter:site\" content=\"@athomelu\" \/>\n<meta name=\"twitter:label1\" content=\"Verfasst von\" \/>\n\t<meta name=\"twitter:data1\" content=\"Fanny Pimentel\" \/>\n\t<meta name=\"twitter:label2\" content=\"Gesch\u00e4tzte Lesezeit\" \/>\n\t<meta name=\"twitter:data2\" content=\"2\u00a0Minuten\" \/>\n<script type=\"application\/ld+json\" class=\"yoast-schema-graph\">{\"@context\":\"https:\\\/\\\/schema.org\",\"@graph\":[{\"@type\":\"Article\",\"@id\":\"https:\\\/\\\/www.athome.lu\\\/blog\\\/acheter\\\/derniere-chance-pour-beneficier-des-aides-au-logement-au-luxembourg\\\/#article\",\"isPartOf\":{\"@id\":\"https:\\\/\\\/www.athome.lu\\\/blog\\\/acheter\\\/derniere-chance-pour-beneficier-des-aides-au-logement-au-luxembourg\\\/\"},\"author\":{\"name\":\"Fanny Pimentel\",\"@id\":\"https:\\\/\\\/www.athome.lu\\\/blog\\\/#\\\/schema\\\/person\\\/47f7a38089f837e792876ceddc4cb2dc\"},\"headline\":\"Derni\u00e8re chance pour b\u00e9n\u00e9ficier des aides au logement au Luxembourg\",\"datePublished\":\"2025-06-05T06:00:05+00:00\",\"dateModified\":\"2025-06-30T14:03:48+00:00\",\"mainEntityOfPage\":{\"@id\":\"https:\\\/\\\/www.athome.lu\\\/blog\\\/acheter\\\/derniere-chance-pour-beneficier-des-aides-au-logement-au-luxembourg\\\/\"},\"wordCount\":299,\"image\":{\"@id\":\"https:\\\/\\\/www.athome.lu\\\/blog\\\/acheter\\\/derniere-chance-pour-beneficier-des-aides-au-logement-au-luxembourg\\\/#primaryimage\"},\"thumbnailUrl\":\"https:\\\/\\\/www.athome.lu\\\/blog\\\/wp-content\\\/uploads\\\/2022\\\/06\\\/top-view-hands-and-stationery-items-scaled-1.jpg\",\"articleSection\":[\"Acheter\"],\"inLanguage\":\"de\"},{\"@type\":\"WebPage\",\"@id\":\"https:\\\/\\\/www.athome.lu\\\/blog\\\/acheter\\\/derniere-chance-pour-beneficier-des-aides-au-logement-au-luxembourg\\\/\",\"url\":\"https:\\\/\\\/www.athome.lu\\\/blog\\\/acheter\\\/derniere-chance-pour-beneficier-des-aides-au-logement-au-luxembourg\\\/\",\"name\":\"Derni\u00e8re chance pour b\u00e9n\u00e9ficier des aides au logement au Luxembourg - atHome Blog\",\"isPartOf\":{\"@id\":\"https:\\\/\\\/www.athome.lu\\\/blog\\\/#website\"},\"primaryImageOfPage\":{\"@id\":\"https:\\\/\\\/www.athome.lu\\\/blog\\\/acheter\\\/derniere-chance-pour-beneficier-des-aides-au-logement-au-luxembourg\\\/#primaryimage\"},\"image\":{\"@id\":\"https:\\\/\\\/www.athome.lu\\\/blog\\\/acheter\\\/derniere-chance-pour-beneficier-des-aides-au-logement-au-luxembourg\\\/#primaryimage\"},\"thumbnailUrl\":\"https:\\\/\\\/www.athome.lu\\\/blog\\\/wp-content\\\/uploads\\\/2022\\\/06\\\/top-view-hands-and-stationery-items-scaled-1.jpg\",\"datePublished\":\"2025-06-05T06:00:05+00:00\",\"dateModified\":\"2025-06-30T14:03:48+00:00\",\"author\":{\"@id\":\"https:\\\/\\\/www.athome.lu\\\/blog\\\/#\\\/schema\\\/person\\\/47f7a38089f837e792876ceddc4cb2dc\"},\"description\":\"Le dispositif d\u2019aides fiscales au logement reste en vigueur jusqu\u2019en septembre 2025 pour les compromis enregistr\u00e9s avant le 30 juin.\",\"breadcrumb\":{\"@id\":\"https:\\\/\\\/www.athome.lu\\\/blog\\\/acheter\\\/derniere-chance-pour-beneficier-des-aides-au-logement-au-luxembourg\\\/#breadcrumb\"},\"inLanguage\":\"de\",\"potentialAction\":[{\"@type\":\"ReadAction\",\"target\":[\"https:\\\/\\\/www.athome.lu\\\/blog\\\/acheter\\\/derniere-chance-pour-beneficier-des-aides-au-logement-au-luxembourg\\\/\"]}]},{\"@type\":\"ImageObject\",\"inLanguage\":\"de\",\"@id\":\"https:\\\/\\\/www.athome.lu\\\/blog\\\/acheter\\\/derniere-chance-pour-beneficier-des-aides-au-logement-au-luxembourg\\\/#primaryimage\",\"url\":\"https:\\\/\\\/www.athome.lu\\\/blog\\\/wp-content\\\/uploads\\\/2022\\\/06\\\/top-view-hands-and-stationery-items-scaled-1.jpg\",\"contentUrl\":\"https:\\\/\\\/www.athome.lu\\\/blog\\\/wp-content\\\/uploads\\\/2022\\\/06\\\/top-view-hands-and-stationery-items-scaled-1.jpg\",\"width\":2560,\"height\":1709},{\"@type\":\"BreadcrumbList\",\"@id\":\"https:\\\/\\\/www.athome.lu\\\/blog\\\/acheter\\\/derniere-chance-pour-beneficier-des-aides-au-logement-au-luxembourg\\\/#breadcrumb\",\"itemListElement\":[{\"@type\":\"ListItem\",\"position\":1,\"name\":\"Accueil\",\"item\":\"https:\\\/\\\/www.athome.lu\\\/blog\\\/\"},{\"@type\":\"ListItem\",\"position\":2,\"name\":\"Acheter\",\"item\":\"https:\\\/\\\/www.athome.lu\\\/blog\\\/en\\\/category\\\/buy\\\/\"},{\"@type\":\"ListItem\",\"position\":3,\"name\":\"Derni\u00e8re chance pour b\u00e9n\u00e9ficier des aides au logement au Luxembourg\"}]},{\"@type\":\"WebSite\",\"@id\":\"https:\\\/\\\/www.athome.lu\\\/blog\\\/#website\",\"url\":\"https:\\\/\\\/www.athome.lu\\\/blog\\\/\",\"name\":\"atHome Blog\",\"description\":\"Annonces immobili\u00e8res au Luxembourg. Le portail immobilier n\u00b01 au Luxembourg.\",\"potentialAction\":[{\"@type\":\"SearchAction\",\"target\":{\"@type\":\"EntryPoint\",\"urlTemplate\":\"https:\\\/\\\/www.athome.lu\\\/blog\\\/?s={search_term_string}\"},\"query-input\":{\"@type\":\"PropertyValueSpecification\",\"valueRequired\":true,\"valueName\":\"search_term_string\"}}],\"inLanguage\":\"de\"},{\"@type\":\"Person\",\"@id\":\"https:\\\/\\\/www.athome.lu\\\/blog\\\/#\\\/schema\\\/person\\\/47f7a38089f837e792876ceddc4cb2dc\",\"name\":\"Fanny Pimentel\",\"image\":{\"@type\":\"ImageObject\",\"inLanguage\":\"de\",\"@id\":\"https:\\\/\\\/secure.gravatar.com\\\/avatar\\\/c60b27b93851dc9503f9cc9150e73dcb0a86ba6150657e5e4b11d988400bc633?s=96&d=mm&r=g\",\"url\":\"https:\\\/\\\/secure.gravatar.com\\\/avatar\\\/c60b27b93851dc9503f9cc9150e73dcb0a86ba6150657e5e4b11d988400bc633?s=96&d=mm&r=g\",\"contentUrl\":\"https:\\\/\\\/secure.gravatar.com\\\/avatar\\\/c60b27b93851dc9503f9cc9150e73dcb0a86ba6150657e5e4b11d988400bc633?s=96&d=mm&r=g\",\"caption\":\"Fanny Pimentel\"}}]}<\/script>\n<!-- \/ Yoast SEO plugin. -->","yoast_head_json":{"title":"Letzte Chance f\u00fcr Wohngeld in Luxemburg - atHome Blog","description":"Die steuerliche F\u00f6rderung von Wohneigentum bleibt f\u00fcr Kompromisse, die vor dem 30. Juni registriert wurden, bis September 2025 in Kraft.","robots":{"index":"index","follow":"follow","max-snippet":"max-snippet:-1","max-image-preview":"max-image-preview:large","max-video-preview":"max-video-preview:-1"},"canonical":"https:\/\/www.athome.lu\/blog\/de\/kaufen\/letzte-chance-fur-wohnungsbeihilfe-in-luxemburg\/","og_locale":"de_DE","og_type":"article","og_title":"Derni\u00e8re chance pour b\u00e9n\u00e9ficier des aides au logement au Luxembourg - atHome Blog","og_description":"Le dispositif d\u2019aides fiscales au logement reste en vigueur jusqu\u2019en septembre 2025 pour les compromis enregistr\u00e9s avant le 30 juin.","og_url":"https:\/\/www.athome.lu\/blog\/de\/kaufen\/letzte-chance-fur-wohnungsbeihilfe-in-luxemburg\/","og_site_name":"atHome Blog","article_publisher":"https:\/\/www.facebook.com\/atHome.lu\/","article_published_time":"2025-06-05T06:00:05+00:00","article_modified_time":"2025-06-30T14:03:48+00:00","og_image":[{"width":2560,"height":1709,"url":"https:\/\/www.athome.lu\/blog\/wp-content\/uploads\/2022\/06\/top-view-hands-and-stationery-items-scaled-1.jpg","type":"image\/jpeg"}],"author":"Fanny Pimentel","twitter_card":"summary_large_image","twitter_creator":"@athomelu","twitter_site":"@athomelu","twitter_misc":{"Verfasst von":"Fanny Pimentel","Gesch\u00e4tzte Lesezeit":"2\u00a0Minuten"},"schema":{"@context":"https:\/\/schema.org","@graph":[{"@type":"Article","@id":"https:\/\/www.athome.lu\/blog\/acheter\/derniere-chance-pour-beneficier-des-aides-au-logement-au-luxembourg\/#article","isPartOf":{"@id":"https:\/\/www.athome.lu\/blog\/acheter\/derniere-chance-pour-beneficier-des-aides-au-logement-au-luxembourg\/"},"author":{"name":"Fanny Pimentel","@id":"https:\/\/www.athome.lu\/blog\/#\/schema\/person\/47f7a38089f837e792876ceddc4cb2dc"},"headline":"Derni\u00e8re chance pour b\u00e9n\u00e9ficier des aides au logement au Luxembourg","datePublished":"2025-06-05T06:00:05+00:00","dateModified":"2025-06-30T14:03:48+00:00","mainEntityOfPage":{"@id":"https:\/\/www.athome.lu\/blog\/acheter\/derniere-chance-pour-beneficier-des-aides-au-logement-au-luxembourg\/"},"wordCount":299,"image":{"@id":"https:\/\/www.athome.lu\/blog\/acheter\/derniere-chance-pour-beneficier-des-aides-au-logement-au-luxembourg\/#primaryimage"},"thumbnailUrl":"https:\/\/www.athome.lu\/blog\/wp-content\/uploads\/2022\/06\/top-view-hands-and-stationery-items-scaled-1.jpg","articleSection":["Acheter"],"inLanguage":"de"},{"@type":"WebPage","@id":"https:\/\/www.athome.lu\/blog\/acheter\/derniere-chance-pour-beneficier-des-aides-au-logement-au-luxembourg\/","url":"https:\/\/www.athome.lu\/blog\/acheter\/derniere-chance-pour-beneficier-des-aides-au-logement-au-luxembourg\/","name":"Letzte Chance f\u00fcr Wohngeld in Luxemburg - atHome Blog","isPartOf":{"@id":"https:\/\/www.athome.lu\/blog\/#website"},"primaryImageOfPage":{"@id":"https:\/\/www.athome.lu\/blog\/acheter\/derniere-chance-pour-beneficier-des-aides-au-logement-au-luxembourg\/#primaryimage"},"image":{"@id":"https:\/\/www.athome.lu\/blog\/acheter\/derniere-chance-pour-beneficier-des-aides-au-logement-au-luxembourg\/#primaryimage"},"thumbnailUrl":"https:\/\/www.athome.lu\/blog\/wp-content\/uploads\/2022\/06\/top-view-hands-and-stationery-items-scaled-1.jpg","datePublished":"2025-06-05T06:00:05+00:00","dateModified":"2025-06-30T14:03:48+00:00","author":{"@id":"https:\/\/www.athome.lu\/blog\/#\/schema\/person\/47f7a38089f837e792876ceddc4cb2dc"},"description":"Die steuerliche F\u00f6rderung von Wohneigentum bleibt f\u00fcr Kompromisse, die vor dem 30. Juni registriert wurden, bis September 2025 in Kraft.","breadcrumb":{"@id":"https:\/\/www.athome.lu\/blog\/acheter\/derniere-chance-pour-beneficier-des-aides-au-logement-au-luxembourg\/#breadcrumb"},"inLanguage":"de","potentialAction":[{"@type":"ReadAction","target":["https:\/\/www.athome.lu\/blog\/acheter\/derniere-chance-pour-beneficier-des-aides-au-logement-au-luxembourg\/"]}]},{"@type":"ImageObject","inLanguage":"de","@id":"https:\/\/www.athome.lu\/blog\/acheter\/derniere-chance-pour-beneficier-des-aides-au-logement-au-luxembourg\/#primaryimage","url":"https:\/\/www.athome.lu\/blog\/wp-content\/uploads\/2022\/06\/top-view-hands-and-stationery-items-scaled-1.jpg","contentUrl":"https:\/\/www.athome.lu\/blog\/wp-content\/uploads\/2022\/06\/top-view-hands-and-stationery-items-scaled-1.jpg","width":2560,"height":1709},{"@type":"BreadcrumbList","@id":"https:\/\/www.athome.lu\/blog\/acheter\/derniere-chance-pour-beneficier-des-aides-au-logement-au-luxembourg\/#breadcrumb","itemListElement":[{"@type":"ListItem","position":1,"name":"Accueil","item":"https:\/\/www.athome.lu\/blog\/"},{"@type":"ListItem","position":2,"name":"Acheter","item":"https:\/\/www.athome.lu\/blog\/en\/category\/buy\/"},{"@type":"ListItem","position":3,"name":"Derni\u00e8re chance pour b\u00e9n\u00e9ficier des aides au logement au Luxembourg"}]},{"@type":"WebSite","@id":"https:\/\/www.athome.lu\/blog\/#website","url":"https:\/\/www.athome.lu\/blog\/","name":"atHome Blog","description":"Immobilienanzeigen in Luxemburg. Das Immobilienportal Nr. 1 in Luxemburg.","potentialAction":[{"@type":"SearchAction","target":{"@type":"EntryPoint","urlTemplate":"https:\/\/www.athome.lu\/blog\/?s={search_term_string}"},"query-input":{"@type":"PropertyValueSpecification","valueRequired":true,"valueName":"search_term_string"}}],"inLanguage":"de"},{"@type":"Person","@id":"https:\/\/www.athome.lu\/blog\/#\/schema\/person\/47f7a38089f837e792876ceddc4cb2dc","name":"Fanny Pimentel","image":{"@type":"ImageObject","inLanguage":"de","@id":"https:\/\/secure.gravatar.com\/avatar\/c60b27b93851dc9503f9cc9150e73dcb0a86ba6150657e5e4b11d988400bc633?s=96&d=mm&r=g","url":"https:\/\/secure.gravatar.com\/avatar\/c60b27b93851dc9503f9cc9150e73dcb0a86ba6150657e5e4b11d988400bc633?s=96&d=mm&r=g","contentUrl":"https:\/\/secure.gravatar.com\/avatar\/c60b27b93851dc9503f9cc9150e73dcb0a86ba6150657e5e4b11d988400bc633?s=96&d=mm&r=g","caption":"Fanny Pimentel"}}]}},"featured_media_src_url":"https:\/\/www.athome.lu\/blog\/wp-content\/uploads\/2022\/06\/top-view-hands-and-stationery-items-scaled-1-1024x684.jpg","_links":{"self":[{"href":"https:\/\/www.athome.lu\/blog\/de\/wp-json\/wp\/v2\/posts\/17496","targetHints":{"allow":["GET"]}}],"collection":[{"href":"https:\/\/www.athome.lu\/blog\/de\/wp-json\/wp\/v2\/posts"}],"about":[{"href":"https:\/\/www.athome.lu\/blog\/de\/wp-json\/wp\/v2\/types\/post"}],"author":[{"embeddable":true,"href":"https:\/\/www.athome.lu\/blog\/de\/wp-json\/wp\/v2\/users\/17"}],"replies":[{"embeddable":true,"href":"https:\/\/www.athome.lu\/blog\/de\/wp-json\/wp\/v2\/comments?post=17496"}],"version-history":[{"count":3,"href":"https:\/\/www.athome.lu\/blog\/de\/wp-json\/wp\/v2\/posts\/17496\/revisions"}],"predecessor-version":[{"id":17517,"href":"https:\/\/www.athome.lu\/blog\/de\/wp-json\/wp\/v2\/posts\/17496\/revisions\/17517"}],"wp:featuredmedia":[{"embeddable":true,"href":"https:\/\/www.athome.lu\/blog\/de\/wp-json\/wp\/v2\/media\/13110"}],"wp:attachment":[{"href":"https:\/\/www.athome.lu\/blog\/de\/wp-json\/wp\/v2\/media?parent=17496"}],"wp:term":[{"taxonomy":"category","embeddable":true,"href":"https:\/\/www.athome.lu\/blog\/de\/wp-json\/wp\/v2\/categories?post=17496"},{"taxonomy":"post_tag","embeddable":true,"href":"https:\/\/www.athome.lu\/blog\/de\/wp-json\/wp\/v2\/tags?post=17496"}],"curies":[{"name":"wp","href":"https:\/\/api.w.org\/{rel}","templated":true}]}}