{"id":17537,"date":"2025-07-01T00:00:00","date_gmt":"2025-06-30T22:00:00","guid":{"rendered":"https:\/\/www.athome.lu\/blog\/?p=17537"},"modified":"2025-10-01T09:08:10","modified_gmt":"2025-10-01T07:08:10","slug":"q2-2025-erholung-der-verkaufspreise-und-neue-dynamik-auf-dem-mietmarkt","status":"publish","type":"post","link":"https:\/\/www.athome.lu\/blog\/de\/marche-immobilier\/t2-2025-reprise-des-prix-de-vente-et-nouvelle-dynamique-sur-le-marche-locatif\/","title":{"rendered":"Q2 2025: Best\u00e4tigte Erholung der Verkaufspreise und neue Dynamik auf dem Mietmarkt"},"content":{"rendered":"<p><\/p>\n\n\n\n<p><strong>Im zweiten Quartal 2025 setzte sich die zu Beginn des Jahres begonnene Erholung mit steigenden Verkaufspreisen und einer Wende auf dem Mietmarkt fort. Ein Trend, der auf eine Belebung der Aktivit\u00e4ten hindeutet, auch wenn die Dynamik je nach Segment und Region weiterhin unterschiedlich ist.<\/strong><\/p>\n\n\n\n<p>Auf der Verkaufsseite verzeichnen die Preise f\u00fcr alte H\u00e4user eine <strong>deutliche Steigerung<\/strong> (+4,01TP3Q im Vergleich zum Vorquartal), was ihre f\u00fchrende Rolle in der Erholung best\u00e4tigt. Auch Altbauwohnungen setzen ihren Aufw\u00e4rtstrend fort. <strong>Anstieg <\/strong>(+3,7%), w\u00e4hrend Neubauwohnungen in den letzten drei Quartalen eine<strong> die gr\u00f6\u00dfte Zunahme<\/strong> (+6,1%). Der Durchschnittspreis f\u00fcr ein altes Haus erreicht 6.138 \u20ac\/m\u00b2, w\u00e4hrend er f\u00fcr eine alte Wohnung 8.077 \u20ac\/m\u00b2 betr\u00e4gt.<\/p>\n\n\n\n<p><strong>Verkaufsmarkt weiterhin von alten H\u00e4usern getragen<\/strong><\/p>\n\n\n\n<p>Die <strong>Aufw\u00e4rtstrend<\/strong> ist auf nationaler Ebene zu beobachten, mit <strong>deutliche Zuw\u00e4chse<\/strong> f\u00fcr alte H\u00e4user im Westen und S\u00fcden (+6,6% in einem Jahr). Altbauwohnungen steigen st\u00e4rker <strong>m\u00e4\u00dfig<\/strong>Die Preise f\u00fcr Neubauwohnungen stiegen trotz eines R\u00fcckgangs im Westen (-2,0%). Neubauwohnungen verzeichneten in den USA einen <strong>uneinheitliche Entwicklungen<\/strong> Die Zahlen f\u00fcr das Jahr 2009 zeigen einen starken Anstieg im Westen (+10,5%), einen m\u00e4\u00dfigen Anstieg im S\u00fcden (+3,6%) und einen R\u00fcckgang im Osten (-6,5%). Diese Unterschiede spiegeln <strong>differenzierte Marktdynamiken <\/strong>nach Segmenten und Gebieten.<\/p>\n\n\n\n<p><strong>Der Mietwohnungsmarkt steigt wieder an<\/strong><\/p>\n\n\n\n<p>Nach mehreren Quartalen des R\u00fcckgangs sind die Mieten <strong>steigen auf <\/strong>im zweiten Quartal 2025. H\u00e4user verzeichnen eine <strong>starke Zunahme<\/strong> (+8,8% im Vergleich zum Vorquartal), gefolgt von Wohnungen (+4,2%). Diese Entwicklung erkl\u00e4rt sich insbesondere durch eine <strong>Anfrage <\/strong>immer <strong>unterst\u00fctzt <\/strong>in den begehrtesten Gegenden, wie dem Zentrum und einigen nahegelegenen Gemeinden. Im Durchschnitt erreicht die Miete f\u00fcr eine Wohnung 1.854 \u20ac\/Monat, w\u00e4hrend sie f\u00fcr ein Haus 3.430 \u20ac\/Monat betr\u00e4gt.<\/p>\n\n\n\n<p><strong>Ausgepr\u00e4gte regionale Unterschiede<\/strong><\/p>\n\n\n\n<p>Mieten von H\u00e4usern <strong>steigen <\/strong>im Zentrum (+6,4%) und im S\u00fcden (+2,8%). Bei den Wohnungen zeichnete sich das Zentrum mit einer <strong>m\u00e4\u00dfiger Anstieg<\/strong> (+1,8%), w\u00e4hrend einige <strong>Senkungen <\/strong>erscheinen im Osten und im S\u00fcden. Die <strong>Anfrage <\/strong>relativ mehr <strong>wichtig <\/strong>im Zentrum, kombiniert mit seiner <strong>Attraktivit\u00e4t<\/strong>Die Mietpreisentwicklung ist in den letzten Jahren stark angestiegen. <strong>Anstieg<\/strong>.<\/p>\n\n\n\n<p><strong>Ein weiterhin g\u00fcnstiges Umfeld f\u00fcr K\u00e4ufer<\/strong><\/p>\n\n\n\n<p>Trotz des Auslaufens einiger Steuerhilfen zum 30. Juni sind Regelungen wie das \"<strong>B\u00ebllegen Akt<\/strong>\" oder die<strong> Abzug von Darlehenszinsen <\/strong>bleiben in Kraft und unterst\u00fctzen weiterhin Projekte. Mit <strong>sinkende Zinsen<\/strong>Sie tragen dazu bei, eine gewisse Dynamik aufrechtzuerhalten. Die n\u00e4chsten Monate d\u00fcrften die in diesem Halbjahr beobachteten Trends best\u00e4tigen.<\/p>\n\n\n\n<h2 class=\"wp-block-heading\">Verkauf : <strong>der Aufw\u00e4rtstrend bei den Verkaufspreisen setzt sich fort<\/strong><\/h2>\n\n\n\n<p><strong>Entwicklung der gemeldeten Verkaufspreise pro Quadratmeter nach Quartal<\/strong><\/p>\n\n\n\n<p>Die <strong>Anstieg <\/strong>der Preise, die im vorangegangenen Quartal begonnen hatte, setzt sich <strong>best\u00e4tigt<\/strong>Die Immobilienpreise stiegen in den ersten drei Monaten des Jahres 2009 um 1,5 %, was eine positive Dynamik auf dem gesamten Immobilienmarkt und ein wiedererwachtes Interesse der K\u00e4ufer widerspiegelt. Alte H\u00e4user (+4,0%), alte Wohnungen (+3,7%) und neue Wohnungen (+6,%) sind alle im Aufw\u00e4rtstrend. <strong>Anstieg<\/strong>. Eine Entwicklung, die genau beobachtet werden muss, um zu sehen, ob sich der Trend in der zweiten Jahresh\u00e4lfte 2025 fortsetzt.<\/p>\n\n\n\n<figure class=\"wp-block-image size-full\"><a href=\"https:\/\/www.athome.lu\/blog\/wp-content\/uploads\/2025\/06\/Vente-graph-t2-2025.png\"><img loading=\"lazy\" decoding=\"async\" width=\"681\" height=\"738\" src=\"https:\/\/www.athome.lu\/blog\/wp-content\/uploads\/2025\/06\/Vente-graph-t2-2025.png\" alt=\"\" class=\"wp-image-17541\" srcset=\"https:\/\/www.athome.lu\/blog\/wp-content\/uploads\/2025\/06\/Vente-graph-t2-2025.png 681w, https:\/\/www.athome.lu\/blog\/wp-content\/uploads\/2025\/06\/Vente-graph-t2-2025-277x300.png 277w, https:\/\/www.athome.lu\/blog\/wp-content\/uploads\/2025\/06\/Vente-graph-t2-2025-11x12.png 11w\" sizes=\"auto, (max-width: 681px) 100vw, 681px\" \/><\/a><\/figure>\n\n\n\n<p><strong>Entwicklung der inserierten Verkaufspreise pro Quadratmeter nach Regionen: eine sich verst\u00e4rkende Aufw\u00e4rtsdynamik, getragen von alten H\u00e4usern<\/strong><\/p>\n\n\n\n<p>Die Preise f\u00fcr alte H\u00e4user <strong>steigen <\/strong>deutlich, insbesondere im Westen und S\u00fcden mit einem markanten Anstieg von +6,6 % im Jahresvergleich. Die Altbauwohnungen <strong>sich moderater entwickeln<\/strong>Die Preise stiegen leicht an, mit Ausnahme des Westens, wo die Preise leicht anstiegen. <strong>gehen zur\u00fcck <\/strong>um -2,0 %. Die Preise f\u00fcr neue Wohnungen <strong>variieren <\/strong>nach Regionen, vor dem Hintergrund eines weiterhin hohen Transaktionsvolumens <strong>begrenzt <\/strong>Die Entwicklung der Nachfrage nach Lebensmitteln war in den letzten Jahren sehr unterschiedlich: ein starker Anstieg im Westen (+10,5 %), ein moderater Anstieg im S\u00fcden (+3,6 %) und ein R\u00fcckgang im Osten (-6,5 %). Diese Dynamik best\u00e4tigt eine<strong> Gesamtanstieg<\/strong> der angezeigten Preise, die vor allem von \u00e4lteren H\u00e4usern getragen wurden.<\/p>\n\n\n\n<figure class=\"wp-block-image size-full\"><a href=\"https:\/\/www.athome.lu\/blog\/wp-content\/uploads\/2025\/06\/Vente-carte-t2-2025.png\"><img loading=\"lazy\" decoding=\"async\" width=\"742\" height=\"831\" src=\"https:\/\/www.athome.lu\/blog\/wp-content\/uploads\/2025\/06\/Vente-carte-t2-2025.png\" alt=\"\" class=\"wp-image-17543\" srcset=\"https:\/\/www.athome.lu\/blog\/wp-content\/uploads\/2025\/06\/Vente-carte-t2-2025.png 742w, https:\/\/www.athome.lu\/blog\/wp-content\/uploads\/2025\/06\/Vente-carte-t2-2025-268x300.png 268w, https:\/\/www.athome.lu\/blog\/wp-content\/uploads\/2025\/06\/Vente-carte-t2-2025-11x12.png 11w\" sizes=\"auto, (max-width: 742px) 100vw, 742px\" \/><\/a><\/figure>\n\n\n\n<h2 class=\"wp-block-heading\">Vermietung : <strong>eine Erholung der Mieten nach mehreren Quartalen des R\u00fcckgangs<\/strong><\/h2>\n\n\n\n<p><strong>Entwicklung der inserierten Mieten pro Quartal<\/strong><\/p>\n\n\n\n<p>Nach mehreren Quartalen mit r\u00fcckl\u00e4ufigen Mieten <strong>gehen wieder weg <\/strong>deutlich auf die <strong>Anstieg <\/strong>im zweiten Quartal 2025. Die Mieten f\u00fcr H\u00e4user verzeichnen einen deutlichen <strong>Anstieg <\/strong>(+8,8 1Q3T), w\u00e4hrend die Preise f\u00fcr Wohnungen ebenfalls wieder steigen. <strong>Anstieg <\/strong>(+4,2 %) im Vergleich zum Vorquartal. Diese Trendwende markiert einen m\u00f6glichen <strong>Neustart <\/strong>des Mietwohnungsmarktes nach einem deutlichen R\u00fcckgang seit Mitte 2024. Eine Aufw\u00e4rtsdynamik, die es in den kommenden Monaten genau zu beobachten gilt.<\/p>\n\n\n\n<figure class=\"wp-block-image size-full\"><a href=\"https:\/\/www.athome.lu\/blog\/wp-content\/uploads\/2025\/06\/Loc-graph-t2-2025.png\"><img loading=\"lazy\" decoding=\"async\" width=\"778\" height=\"775\" src=\"https:\/\/www.athome.lu\/blog\/wp-content\/uploads\/2025\/06\/Loc-graph-t2-2025.png\" alt=\"\" class=\"wp-image-17545\" srcset=\"https:\/\/www.athome.lu\/blog\/wp-content\/uploads\/2025\/06\/Loc-graph-t2-2025.png 778w, https:\/\/www.athome.lu\/blog\/wp-content\/uploads\/2025\/06\/Loc-graph-t2-2025-300x300.png 300w, https:\/\/www.athome.lu\/blog\/wp-content\/uploads\/2025\/06\/Loc-graph-t2-2025-150x150.png 150w, https:\/\/www.athome.lu\/blog\/wp-content\/uploads\/2025\/06\/Loc-graph-t2-2025-768x765.png 768w, https:\/\/www.athome.lu\/blog\/wp-content\/uploads\/2025\/06\/Loc-graph-t2-2025-12x12.png 12w\" sizes=\"auto, (max-width: 778px) 100vw, 778px\" \/><\/a><\/figure>\n\n\n\n<p><strong>Entwicklung der inserierten Mieten nach Regionen: Mietdynamiken variieren je nach Region<\/strong><\/p>\n\n\n\n<p>Die Mietpreise entwickeln sich nicht gleichm\u00e4\u00dfig \u00fcber das gesamte Gebiet. Das Zentrum zeichnet sich mit einer<strong> starker Anstieg<\/strong> f\u00fcr H\u00e4user (+6,4 % \u00fcber 12 Monate) und eine<strong> m\u00e4\u00dfiger Fortschritt <\/strong>von Wohnungen (+1,8 1Q3T). Der Westen verzeichnete eine<strong> deutlicher Anstieg<\/strong> der Wohnungsmieten (+6,5 1Q3T). Im Gegensatz dazu verzeichnete der Osten eine <strong>deutlicher R\u00fcckgang<\/strong> auf H\u00e4user (-7,2 %) und den Norden <strong>r\u00fcckw\u00e4rts <\/strong>auch in diesem Segment (-4,2 %). Der S\u00fcden bleibt mehr <strong>stabil<\/strong>mit moderaten Abweichungen je nach Art der Immobilie. Diese Schwankungen erkl\u00e4ren sich durch <strong>regionale Unterschiede<\/strong> in Bezug auf Nachfrage, Angebot und Attraktivit\u00e4t.<\/p>\n\n\n\n<figure class=\"wp-block-image size-full\"><a href=\"https:\/\/www.athome.lu\/blog\/wp-content\/uploads\/2025\/06\/Loc-carte-t2-2025.png\"><img loading=\"lazy\" decoding=\"async\" width=\"723\" height=\"825\" src=\"https:\/\/www.athome.lu\/blog\/wp-content\/uploads\/2025\/06\/Loc-carte-t2-2025.png\" alt=\"\" class=\"wp-image-17547\" srcset=\"https:\/\/www.athome.lu\/blog\/wp-content\/uploads\/2025\/06\/Loc-carte-t2-2025.png 723w, https:\/\/www.athome.lu\/blog\/wp-content\/uploads\/2025\/06\/Loc-carte-t2-2025-263x300.png 263w, https:\/\/www.athome.lu\/blog\/wp-content\/uploads\/2025\/06\/Loc-carte-t2-2025-11x12.png 11w\" sizes=\"auto, (max-width: 723px) 100vw, 723px\" \/><\/a><\/figure>\n\n\n\n<h2 class=\"wp-block-heading\">Steuern und Finanzierung<\/h2>\n\n\n\n<p><strong>Ein trotz des Auslaufens einiger Hilfen immer noch tragf\u00e4higes Umfeld<\/strong><\/p>\n\n\n\n<p>Seit dem<strong> 1. Juli 2025<\/strong>In den letzten Jahren haben sich mehrere au\u00dfergew\u00f6hnliche Steuerregelungen, die zur Unterst\u00fctzung des luxemburgischen Immobilienmarktes eingef\u00fchrt wurden, durchgesetzt. <strong>Ende<\/strong>Einige wichtige Hilfen bleiben jedoch aktiv und kommen weiterhin den K\u00e4ufern zugute.<\/p>\n\n\n\n<p>Dazu geh\u00f6rt die Steuergutschrift \"<strong>B\u00ebllegen Akt<\/strong>\" bleibt in vollem Umfang in Kraft. Es erm\u00f6glicht eine<strong> Senkung der Registrierungsgeb\u00fchren<\/strong> bis zu<strong> 40 000 \u20ac<\/strong> pro Person, d. h. bis zu <strong>80 000 \u20ac <\/strong>f\u00fcr ein Paar f\u00fcr den Kauf einer Immobilie, die als Hauptwohnsitz genutzt werden soll. Diese Regelung stellt nun das<strong> Hauptsteuerhebel <\/strong>noch vorhanden, um die Anschaffungskosten zu senken.<\/p>\n\n\n\n<p>Dar\u00fcber hinaus ist die<strong> steuerliche Absetzbarkeit von Hypothekenzinsen <\/strong>bleibt im Rahmen der j\u00e4hrlichen Steuererkl\u00e4rung nach den geltenden Regeln anwendbar. Diese Zinsen k\u00f6nnen je nach dem Jahr, in dem die Wohnung zur Verf\u00fcgung gestellt wurde, teilweise oder vollst\u00e4ndig abgezogen werden, wodurch die Haushalte Folgendes erreichen k\u00f6nnen<strong> ihre Gesamtsteuerlast senken<\/strong>.<\/p>\n\n\n\n<p>Trotz des Wegfalls einiger zeitlich befristeter Hilfen tragen diese noch bestehenden Mechanismen dazu bei, dass <strong>halten<\/strong> eine Umgebung <strong>g\u00fcnstig <\/strong>beim Immobilienkauf, vor allem f\u00fcr die<strong> Hauptwohnsitze<\/strong>. Damit unterst\u00fctzen sie die seit 2024 zu beobachtende Erholungsdynamik.<br><br><em>Quellen: taxx.lu - chd.lu<\/em><\/p>\n\n\n\n<p><strong>Eine uneinheitliche Situation je nach Art des Zinssatzes<\/strong><\/p>\n\n\n<div class=\"wp-block-image\">\n<figure class=\"alignleft size-full\"><a href=\"https:\/\/www.athome.lu\/blog\/wp-content\/uploads\/2025\/07\/atHome_MU-T2-2025_Fiscalite-Copie.png\"><img loading=\"lazy\" decoding=\"async\" width=\"1191\" height=\"720\" src=\"https:\/\/www.athome.lu\/blog\/wp-content\/uploads\/2025\/07\/atHome_MU-T2-2025_Fiscalite-Copie.png\" alt=\"\" class=\"wp-image-17586\" srcset=\"https:\/\/www.athome.lu\/blog\/wp-content\/uploads\/2025\/07\/atHome_MU-T2-2025_Fiscalite-Copie.png 1191w, https:\/\/www.athome.lu\/blog\/wp-content\/uploads\/2025\/07\/atHome_MU-T2-2025_Fiscalite-Copie-300x181.png 300w, https:\/\/www.athome.lu\/blog\/wp-content\/uploads\/2025\/07\/atHome_MU-T2-2025_Fiscalite-Copie-1024x619.png 1024w, https:\/\/www.athome.lu\/blog\/wp-content\/uploads\/2025\/07\/atHome_MU-T2-2025_Fiscalite-Copie-768x464.png 768w, https:\/\/www.athome.lu\/blog\/wp-content\/uploads\/2025\/07\/atHome_MU-T2-2025_Fiscalite-Copie-18x12.png 18w\" sizes=\"auto, (max-width: 1191px) 100vw, 1191px\" \/><\/a><\/figure>\n<\/div>\n\n\n<p><\/p>\n\n\n\n<h2 class=\"wp-block-heading\">Worte von Experten<\/h2>\n\n\n\n<figure class=\"wp-block-image size-full\"><a href=\"https:\/\/www.athome.lu\/blog\/wp-content\/uploads\/2025\/07\/atHome_MU-T2-2025_Experts-4.png\"><img loading=\"lazy\" decoding=\"async\" width=\"1191\" height=\"1619\" src=\"https:\/\/www.athome.lu\/blog\/wp-content\/uploads\/2025\/07\/atHome_MU-T2-2025_Experts-4.png\" alt=\"\" class=\"wp-image-17597\" srcset=\"https:\/\/www.athome.lu\/blog\/wp-content\/uploads\/2025\/07\/atHome_MU-T2-2025_Experts-4.png 1191w, https:\/\/www.athome.lu\/blog\/wp-content\/uploads\/2025\/07\/atHome_MU-T2-2025_Experts-4-221x300.png 221w, https:\/\/www.athome.lu\/blog\/wp-content\/uploads\/2025\/07\/atHome_MU-T2-2025_Experts-4-753x1024.png 753w, https:\/\/www.athome.lu\/blog\/wp-content\/uploads\/2025\/07\/atHome_MU-T2-2025_Experts-4-768x1044.png 768w, https:\/\/www.athome.lu\/blog\/wp-content\/uploads\/2025\/07\/atHome_MU-T2-2025_Experts-4-1130x1536.png 1130w, https:\/\/www.athome.lu\/blog\/wp-content\/uploads\/2025\/07\/atHome_MU-T2-2025_Experts-4-9x12.png 9w\" sizes=\"auto, (max-width: 1191px) 100vw, 1191px\" \/><\/a><\/figure>\n\n\n\n<p><\/p>","protected":false},"excerpt":{"rendered":"<p>Le deuxi\u00e8me trimestre 2025 s\u2019inscrit dans la continuit\u00e9 de la reprise amorc\u00e9e en d\u00e9but d\u2019ann\u00e9e, avec une hausse des prix de vente et un retournement du march\u00e9 locatif. Une tendance qui t\u00e9moigne d\u2019un regain d\u2019activit\u00e9, m\u00eame si les dynamiques restent diff\u00e9renci\u00e9es selon les segments et les r\u00e9gions. C\u00f4t\u00e9 vente, les prix des maisons anciennes enregistrent [&hellip;]<\/p>\n","protected":false},"author":19,"featured_media":17555,"comment_status":"closed","ping_status":"closed","sticky":false,"template":"","format":"standard","meta":{"_acf_changed":false,"footnotes":""},"categories":[217],"tags":[],"class_list":["post-17537","post","type-post","status-publish","format-standard","has-post-thumbnail","hentry","category-marche-immobilier"],"acf":[],"yoast_head":"<!-- This site is optimized with the Yoast SEO plugin v27.4 - https:\/\/yoast.com\/product\/yoast-seo-wordpress\/ -->\n<title>T2 2025 : Reprise confirm\u00e9e des prix de vente et nouvelle dynamique sur le march\u00e9 locatif - atHome Blog<\/title>\n<meta name=\"robots\" content=\"index, follow, max-snippet:-1, max-image-preview:large, max-video-preview:-1\" \/>\n<link rel=\"canonical\" href=\"https:\/\/www.athome.lu\/blog\/de\/immobilien-markt\/q2-2025-erholung-der-verkaufspreise-und-neue-dynamik-auf-dem-mietmarkt\/\" \/>\n<meta property=\"og:locale\" content=\"de_DE\" \/>\n<meta property=\"og:type\" content=\"article\" \/>\n<meta property=\"og:title\" content=\"T2 2025 : Reprise confirm\u00e9e des prix de vente et nouvelle dynamique sur le march\u00e9 locatif - atHome Blog\" \/>\n<meta property=\"og:description\" content=\"Le deuxi\u00e8me trimestre 2025 s\u2019inscrit dans la continuit\u00e9 de la reprise amorc\u00e9e en d\u00e9but d\u2019ann\u00e9e, avec une hausse des prix de vente et un retournement du march\u00e9 locatif. Une tendance qui t\u00e9moigne d\u2019un regain d\u2019activit\u00e9, m\u00eame si les dynamiques restent diff\u00e9renci\u00e9es selon les segments et les r\u00e9gions. C\u00f4t\u00e9 vente, les prix des maisons anciennes enregistrent [&hellip;]\" \/>\n<meta property=\"og:url\" content=\"https:\/\/www.athome.lu\/blog\/de\/immobilien-markt\/q2-2025-erholung-der-verkaufspreise-und-neue-dynamik-auf-dem-mietmarkt\/\" \/>\n<meta property=\"og:site_name\" content=\"atHome Blog\" \/>\n<meta property=\"article:publisher\" content=\"https:\/\/www.facebook.com\/atHome.lu\/\" \/>\n<meta property=\"article:published_time\" content=\"2025-06-30T22:00:00+00:00\" \/>\n<meta property=\"article:modified_time\" content=\"2025-10-01T07:08:10+00:00\" \/>\n<meta property=\"og:image\" content=\"https:\/\/www.athome.lu\/blog\/wp-content\/uploads\/2025\/06\/Wordpress-dimensions-banniere-2-1-1024x305.png\" \/>\n\t<meta property=\"og:image:width\" content=\"1024\" \/>\n\t<meta property=\"og:image:height\" content=\"305\" \/>\n\t<meta property=\"og:image:type\" content=\"image\/png\" \/>\n<meta name=\"author\" content=\"atHome.lu\" \/>\n<meta name=\"twitter:card\" content=\"summary_large_image\" \/>\n<meta name=\"twitter:creator\" content=\"@athomelu\" \/>\n<meta name=\"twitter:site\" content=\"@athomelu\" \/>\n<meta name=\"twitter:label1\" content=\"Verfasst von\" \/>\n\t<meta name=\"twitter:data1\" content=\"atHome.lu\" \/>\n\t<meta name=\"twitter:label2\" content=\"Gesch\u00e4tzte Lesezeit\" \/>\n\t<meta name=\"twitter:data2\" content=\"7\u00a0Minuten\" \/>\n<script type=\"application\/ld+json\" class=\"yoast-schema-graph\">{\"@context\":\"https:\\\/\\\/schema.org\",\"@graph\":[{\"@type\":\"Article\",\"@id\":\"https:\\\/\\\/www.athome.lu\\\/blog\\\/marche-immobilier\\\/t2-2025-reprise-des-prix-de-vente-et-nouvelle-dynamique-sur-le-marche-locatif\\\/#article\",\"isPartOf\":{\"@id\":\"https:\\\/\\\/www.athome.lu\\\/blog\\\/marche-immobilier\\\/t2-2025-reprise-des-prix-de-vente-et-nouvelle-dynamique-sur-le-marche-locatif\\\/\"},\"author\":{\"name\":\"atHome.lu\",\"@id\":\"https:\\\/\\\/www.athome.lu\\\/blog\\\/#\\\/schema\\\/person\\\/6b0cae19a94059156faf7f0ce969b4a0\"},\"headline\":\"T2 2025 : Reprise confirm\u00e9e des prix de vente et nouvelle dynamique sur le march\u00e9 locatif\",\"datePublished\":\"2025-06-30T22:00:00+00:00\",\"dateModified\":\"2025-10-01T07:08:10+00:00\",\"mainEntityOfPage\":{\"@id\":\"https:\\\/\\\/www.athome.lu\\\/blog\\\/marche-immobilier\\\/t2-2025-reprise-des-prix-de-vente-et-nouvelle-dynamique-sur-le-marche-locatif\\\/\"},\"wordCount\":1095,\"image\":{\"@id\":\"https:\\\/\\\/www.athome.lu\\\/blog\\\/marche-immobilier\\\/t2-2025-reprise-des-prix-de-vente-et-nouvelle-dynamique-sur-le-marche-locatif\\\/#primaryimage\"},\"thumbnailUrl\":\"https:\\\/\\\/www.athome.lu\\\/blog\\\/wp-content\\\/uploads\\\/2025\\\/06\\\/Wordpress-dimensions-banniere-2-1-scaled.png\",\"articleSection\":[\"March\u00e9 immobilier\"],\"inLanguage\":\"de\"},{\"@type\":\"WebPage\",\"@id\":\"https:\\\/\\\/www.athome.lu\\\/blog\\\/marche-immobilier\\\/t2-2025-reprise-des-prix-de-vente-et-nouvelle-dynamique-sur-le-marche-locatif\\\/\",\"url\":\"https:\\\/\\\/www.athome.lu\\\/blog\\\/marche-immobilier\\\/t2-2025-reprise-des-prix-de-vente-et-nouvelle-dynamique-sur-le-marche-locatif\\\/\",\"name\":\"T2 2025 : Reprise confirm\u00e9e des prix de vente et nouvelle dynamique sur le march\u00e9 locatif - atHome Blog\",\"isPartOf\":{\"@id\":\"https:\\\/\\\/www.athome.lu\\\/blog\\\/#website\"},\"primaryImageOfPage\":{\"@id\":\"https:\\\/\\\/www.athome.lu\\\/blog\\\/marche-immobilier\\\/t2-2025-reprise-des-prix-de-vente-et-nouvelle-dynamique-sur-le-marche-locatif\\\/#primaryimage\"},\"image\":{\"@id\":\"https:\\\/\\\/www.athome.lu\\\/blog\\\/marche-immobilier\\\/t2-2025-reprise-des-prix-de-vente-et-nouvelle-dynamique-sur-le-marche-locatif\\\/#primaryimage\"},\"thumbnailUrl\":\"https:\\\/\\\/www.athome.lu\\\/blog\\\/wp-content\\\/uploads\\\/2025\\\/06\\\/Wordpress-dimensions-banniere-2-1-scaled.png\",\"datePublished\":\"2025-06-30T22:00:00+00:00\",\"dateModified\":\"2025-10-01T07:08:10+00:00\",\"author\":{\"@id\":\"https:\\\/\\\/www.athome.lu\\\/blog\\\/#\\\/schema\\\/person\\\/6b0cae19a94059156faf7f0ce969b4a0\"},\"breadcrumb\":{\"@id\":\"https:\\\/\\\/www.athome.lu\\\/blog\\\/marche-immobilier\\\/t2-2025-reprise-des-prix-de-vente-et-nouvelle-dynamique-sur-le-marche-locatif\\\/#breadcrumb\"},\"inLanguage\":\"de\",\"potentialAction\":[{\"@type\":\"ReadAction\",\"target\":[\"https:\\\/\\\/www.athome.lu\\\/blog\\\/marche-immobilier\\\/t2-2025-reprise-des-prix-de-vente-et-nouvelle-dynamique-sur-le-marche-locatif\\\/\"]}]},{\"@type\":\"ImageObject\",\"inLanguage\":\"de\",\"@id\":\"https:\\\/\\\/www.athome.lu\\\/blog\\\/marche-immobilier\\\/t2-2025-reprise-des-prix-de-vente-et-nouvelle-dynamique-sur-le-marche-locatif\\\/#primaryimage\",\"url\":\"https:\\\/\\\/www.athome.lu\\\/blog\\\/wp-content\\\/uploads\\\/2025\\\/06\\\/Wordpress-dimensions-banniere-2-1-scaled.png\",\"contentUrl\":\"https:\\\/\\\/www.athome.lu\\\/blog\\\/wp-content\\\/uploads\\\/2025\\\/06\\\/Wordpress-dimensions-banniere-2-1-scaled.png\",\"width\":2560,\"height\":763},{\"@type\":\"BreadcrumbList\",\"@id\":\"https:\\\/\\\/www.athome.lu\\\/blog\\\/marche-immobilier\\\/t2-2025-reprise-des-prix-de-vente-et-nouvelle-dynamique-sur-le-marche-locatif\\\/#breadcrumb\",\"itemListElement\":[{\"@type\":\"ListItem\",\"position\":1,\"name\":\"Accueil\",\"item\":\"https:\\\/\\\/www.athome.lu\\\/blog\\\/\"},{\"@type\":\"ListItem\",\"position\":2,\"name\":\"March\u00e9 immobilier\",\"item\":\"https:\\\/\\\/www.athome.lu\\\/blog\\\/category\\\/marche-immobilier\\\/\"},{\"@type\":\"ListItem\",\"position\":3,\"name\":\"T2 2025 : Reprise confirm\u00e9e des prix de vente et nouvelle dynamique sur le march\u00e9 locatif\"}]},{\"@type\":\"WebSite\",\"@id\":\"https:\\\/\\\/www.athome.lu\\\/blog\\\/#website\",\"url\":\"https:\\\/\\\/www.athome.lu\\\/blog\\\/\",\"name\":\"atHome Blog\",\"description\":\"Annonces immobili\u00e8res au Luxembourg. Le portail immobilier n\u00b01 au Luxembourg.\",\"potentialAction\":[{\"@type\":\"SearchAction\",\"target\":{\"@type\":\"EntryPoint\",\"urlTemplate\":\"https:\\\/\\\/www.athome.lu\\\/blog\\\/?s={search_term_string}\"},\"query-input\":{\"@type\":\"PropertyValueSpecification\",\"valueRequired\":true,\"valueName\":\"search_term_string\"}}],\"inLanguage\":\"de\"},{\"@type\":\"Person\",\"@id\":\"https:\\\/\\\/www.athome.lu\\\/blog\\\/#\\\/schema\\\/person\\\/6b0cae19a94059156faf7f0ce969b4a0\",\"name\":\"atHome.lu\",\"image\":{\"@type\":\"ImageObject\",\"inLanguage\":\"de\",\"@id\":\"https:\\\/\\\/secure.gravatar.com\\\/avatar\\\/aaf3e502d7787af3ce4793c226e9640b6ab8f2b336039142fc34b438e2e085e8?s=96&d=mm&r=g\",\"url\":\"https:\\\/\\\/secure.gravatar.com\\\/avatar\\\/aaf3e502d7787af3ce4793c226e9640b6ab8f2b336039142fc34b438e2e085e8?s=96&d=mm&r=g\",\"contentUrl\":\"https:\\\/\\\/secure.gravatar.com\\\/avatar\\\/aaf3e502d7787af3ce4793c226e9640b6ab8f2b336039142fc34b438e2e085e8?s=96&d=mm&r=g\",\"caption\":\"atHome.lu\"}}]}<\/script>\n<!-- \/ Yoast SEO plugin. -->","yoast_head_json":{"title":"Q2 2025: Best\u00e4tigte Erholung der Verkaufspreise und neue Dynamik auf dem Mietmarkt - atHome Blog","robots":{"index":"index","follow":"follow","max-snippet":"max-snippet:-1","max-image-preview":"max-image-preview:large","max-video-preview":"max-video-preview:-1"},"canonical":"https:\/\/www.athome.lu\/blog\/de\/immobilien-markt\/q2-2025-erholung-der-verkaufspreise-und-neue-dynamik-auf-dem-mietmarkt\/","og_locale":"de_DE","og_type":"article","og_title":"T2 2025 : Reprise confirm\u00e9e des prix de vente et nouvelle dynamique sur le march\u00e9 locatif - atHome Blog","og_description":"Le deuxi\u00e8me trimestre 2025 s\u2019inscrit dans la continuit\u00e9 de la reprise amorc\u00e9e en d\u00e9but d\u2019ann\u00e9e, avec une hausse des prix de vente et un retournement du march\u00e9 locatif. Une tendance qui t\u00e9moigne d\u2019un regain d\u2019activit\u00e9, m\u00eame si les dynamiques restent diff\u00e9renci\u00e9es selon les segments et les r\u00e9gions. C\u00f4t\u00e9 vente, les prix des maisons anciennes enregistrent [&hellip;]","og_url":"https:\/\/www.athome.lu\/blog\/de\/immobilien-markt\/q2-2025-erholung-der-verkaufspreise-und-neue-dynamik-auf-dem-mietmarkt\/","og_site_name":"atHome Blog","article_publisher":"https:\/\/www.facebook.com\/atHome.lu\/","article_published_time":"2025-06-30T22:00:00+00:00","article_modified_time":"2025-10-01T07:08:10+00:00","og_image":[{"width":1024,"height":305,"url":"https:\/\/www.athome.lu\/blog\/wp-content\/uploads\/2025\/06\/Wordpress-dimensions-banniere-2-1-1024x305.png","type":"image\/png"}],"author":"atHome.lu","twitter_card":"summary_large_image","twitter_creator":"@athomelu","twitter_site":"@athomelu","twitter_misc":{"Verfasst von":"atHome.lu","Gesch\u00e4tzte Lesezeit":"7\u00a0Minuten"},"schema":{"@context":"https:\/\/schema.org","@graph":[{"@type":"Article","@id":"https:\/\/www.athome.lu\/blog\/marche-immobilier\/t2-2025-reprise-des-prix-de-vente-et-nouvelle-dynamique-sur-le-marche-locatif\/#article","isPartOf":{"@id":"https:\/\/www.athome.lu\/blog\/marche-immobilier\/t2-2025-reprise-des-prix-de-vente-et-nouvelle-dynamique-sur-le-marche-locatif\/"},"author":{"name":"atHome.lu","@id":"https:\/\/www.athome.lu\/blog\/#\/schema\/person\/6b0cae19a94059156faf7f0ce969b4a0"},"headline":"T2 2025 : Reprise confirm\u00e9e des prix de vente et nouvelle dynamique sur le march\u00e9 locatif","datePublished":"2025-06-30T22:00:00+00:00","dateModified":"2025-10-01T07:08:10+00:00","mainEntityOfPage":{"@id":"https:\/\/www.athome.lu\/blog\/marche-immobilier\/t2-2025-reprise-des-prix-de-vente-et-nouvelle-dynamique-sur-le-marche-locatif\/"},"wordCount":1095,"image":{"@id":"https:\/\/www.athome.lu\/blog\/marche-immobilier\/t2-2025-reprise-des-prix-de-vente-et-nouvelle-dynamique-sur-le-marche-locatif\/#primaryimage"},"thumbnailUrl":"https:\/\/www.athome.lu\/blog\/wp-content\/uploads\/2025\/06\/Wordpress-dimensions-banniere-2-1-scaled.png","articleSection":["March\u00e9 immobilier"],"inLanguage":"de"},{"@type":"WebPage","@id":"https:\/\/www.athome.lu\/blog\/marche-immobilier\/t2-2025-reprise-des-prix-de-vente-et-nouvelle-dynamique-sur-le-marche-locatif\/","url":"https:\/\/www.athome.lu\/blog\/marche-immobilier\/t2-2025-reprise-des-prix-de-vente-et-nouvelle-dynamique-sur-le-marche-locatif\/","name":"Q2 2025: Best\u00e4tigte Erholung der Verkaufspreise und neue Dynamik auf dem Mietmarkt - atHome Blog","isPartOf":{"@id":"https:\/\/www.athome.lu\/blog\/#website"},"primaryImageOfPage":{"@id":"https:\/\/www.athome.lu\/blog\/marche-immobilier\/t2-2025-reprise-des-prix-de-vente-et-nouvelle-dynamique-sur-le-marche-locatif\/#primaryimage"},"image":{"@id":"https:\/\/www.athome.lu\/blog\/marche-immobilier\/t2-2025-reprise-des-prix-de-vente-et-nouvelle-dynamique-sur-le-marche-locatif\/#primaryimage"},"thumbnailUrl":"https:\/\/www.athome.lu\/blog\/wp-content\/uploads\/2025\/06\/Wordpress-dimensions-banniere-2-1-scaled.png","datePublished":"2025-06-30T22:00:00+00:00","dateModified":"2025-10-01T07:08:10+00:00","author":{"@id":"https:\/\/www.athome.lu\/blog\/#\/schema\/person\/6b0cae19a94059156faf7f0ce969b4a0"},"breadcrumb":{"@id":"https:\/\/www.athome.lu\/blog\/marche-immobilier\/t2-2025-reprise-des-prix-de-vente-et-nouvelle-dynamique-sur-le-marche-locatif\/#breadcrumb"},"inLanguage":"de","potentialAction":[{"@type":"ReadAction","target":["https:\/\/www.athome.lu\/blog\/marche-immobilier\/t2-2025-reprise-des-prix-de-vente-et-nouvelle-dynamique-sur-le-marche-locatif\/"]}]},{"@type":"ImageObject","inLanguage":"de","@id":"https:\/\/www.athome.lu\/blog\/marche-immobilier\/t2-2025-reprise-des-prix-de-vente-et-nouvelle-dynamique-sur-le-marche-locatif\/#primaryimage","url":"https:\/\/www.athome.lu\/blog\/wp-content\/uploads\/2025\/06\/Wordpress-dimensions-banniere-2-1-scaled.png","contentUrl":"https:\/\/www.athome.lu\/blog\/wp-content\/uploads\/2025\/06\/Wordpress-dimensions-banniere-2-1-scaled.png","width":2560,"height":763},{"@type":"BreadcrumbList","@id":"https:\/\/www.athome.lu\/blog\/marche-immobilier\/t2-2025-reprise-des-prix-de-vente-et-nouvelle-dynamique-sur-le-marche-locatif\/#breadcrumb","itemListElement":[{"@type":"ListItem","position":1,"name":"Accueil","item":"https:\/\/www.athome.lu\/blog\/"},{"@type":"ListItem","position":2,"name":"March\u00e9 immobilier","item":"https:\/\/www.athome.lu\/blog\/category\/marche-immobilier\/"},{"@type":"ListItem","position":3,"name":"T2 2025 : Reprise confirm\u00e9e des prix de vente et nouvelle dynamique sur le march\u00e9 locatif"}]},{"@type":"WebSite","@id":"https:\/\/www.athome.lu\/blog\/#website","url":"https:\/\/www.athome.lu\/blog\/","name":"atHome Blog","description":"Immobilienanzeigen in Luxemburg. Das Immobilienportal Nr. 1 in Luxemburg.","potentialAction":[{"@type":"SearchAction","target":{"@type":"EntryPoint","urlTemplate":"https:\/\/www.athome.lu\/blog\/?s={search_term_string}"},"query-input":{"@type":"PropertyValueSpecification","valueRequired":true,"valueName":"search_term_string"}}],"inLanguage":"de"},{"@type":"Person","@id":"https:\/\/www.athome.lu\/blog\/#\/schema\/person\/6b0cae19a94059156faf7f0ce969b4a0","name":"atHome.lu","image":{"@type":"ImageObject","inLanguage":"de","@id":"https:\/\/secure.gravatar.com\/avatar\/aaf3e502d7787af3ce4793c226e9640b6ab8f2b336039142fc34b438e2e085e8?s=96&d=mm&r=g","url":"https:\/\/secure.gravatar.com\/avatar\/aaf3e502d7787af3ce4793c226e9640b6ab8f2b336039142fc34b438e2e085e8?s=96&d=mm&r=g","contentUrl":"https:\/\/secure.gravatar.com\/avatar\/aaf3e502d7787af3ce4793c226e9640b6ab8f2b336039142fc34b438e2e085e8?s=96&d=mm&r=g","caption":"atHome.lu"}}]}},"featured_media_src_url":"https:\/\/www.athome.lu\/blog\/wp-content\/uploads\/2025\/06\/Wordpress-dimensions-banniere-2-1-1024x305.png","_links":{"self":[{"href":"https:\/\/www.athome.lu\/blog\/de\/wp-json\/wp\/v2\/posts\/17537","targetHints":{"allow":["GET"]}}],"collection":[{"href":"https:\/\/www.athome.lu\/blog\/de\/wp-json\/wp\/v2\/posts"}],"about":[{"href":"https:\/\/www.athome.lu\/blog\/de\/wp-json\/wp\/v2\/types\/post"}],"author":[{"embeddable":true,"href":"https:\/\/www.athome.lu\/blog\/de\/wp-json\/wp\/v2\/users\/19"}],"replies":[{"embeddable":true,"href":"https:\/\/www.athome.lu\/blog\/de\/wp-json\/wp\/v2\/comments?post=17537"}],"version-history":[{"count":4,"href":"https:\/\/www.athome.lu\/blog\/de\/wp-json\/wp\/v2\/posts\/17537\/revisions"}],"predecessor-version":[{"id":17609,"href":"https:\/\/www.athome.lu\/blog\/de\/wp-json\/wp\/v2\/posts\/17537\/revisions\/17609"}],"wp:featuredmedia":[{"embeddable":true,"href":"https:\/\/www.athome.lu\/blog\/de\/wp-json\/wp\/v2\/media\/17555"}],"wp:attachment":[{"href":"https:\/\/www.athome.lu\/blog\/de\/wp-json\/wp\/v2\/media?parent=17537"}],"wp:term":[{"taxonomy":"category","embeddable":true,"href":"https:\/\/www.athome.lu\/blog\/de\/wp-json\/wp\/v2\/categories?post=17537"},{"taxonomy":"post_tag","embeddable":true,"href":"https:\/\/www.athome.lu\/blog\/de\/wp-json\/wp\/v2\/tags?post=17537"}],"curies":[{"name":"wp","href":"https:\/\/api.w.org\/{rel}","templated":true}]}}