{"id":17611,"date":"2025-07-16T12:00:00","date_gmt":"2025-07-16T10:00:00","guid":{"rendered":"https:\/\/www.athome.lu\/blog\/?p=17611"},"modified":"2025-07-21T10:37:15","modified_gmt":"2025-07-21T08:37:15","slug":"fokus-auf-das-quartier-de-la-cloche-dor","status":"publish","type":"post","link":"https:\/\/www.athome.lu\/blog\/de\/acheter\/demenager\/focus-sur-le-quartier-de-la-cloche-dor\/","title":{"rendered":"Fokus auf das Viertel Cloche d'Or"},"content":{"rendered":"<p><\/p>\n\n\n\n<p>Im S\u00fcden von Luxemburg-Stadt gelegen, hat sich die Cloche d'Or in wenigen Jahren zu einem der dynamischsten Viertel des Landes entwickelt. Es ist gleichzeitig Wohn-, Dienstleistungs- und Einkaufsviertel und spricht Familien, junge Berufst\u00e4tige und Investoren gleicherma\u00dfen an.<\/p>\n\n\n\n<h2 class=\"wp-block-heading\">Ein strategischer Standort, im Herzen der Verbindungen \ud83d\uddfa\ufe0f<\/h2>\n\n\n\n<p>Was zun\u00e4chst die St\u00e4rke von La Cloche d'Or ausmacht, ist seine ideale Lage. Unmittelbar am Rande des Stadtzentrums, nur wenige Minuten vom Bahnhof entfernt und perfekt an die Stra\u00dfenbahn und Buslinien angebunden, bietet es eine bemerkenswerte Erreichbarkeit.<\/p>\n\n\n\n<p>\u00dcber die Autobahnen A3 und A1 ist man schnell in Frankreich oder Deutschland, was die Attraktivit\u00e4t des Viertels noch weiter steigert. Und f\u00fcr Familien ist die N\u00e4he zum beliebten Lyc\u00e9e Vauban ein echter Pluspunkt.<\/p>\n\n\n\n<h2 class=\"wp-block-heading\">Ein auf den Alltag zugeschnittenes Lebensumfeld \ud83c\udfd9\ufe0f<\/h2>\n\n\n\n<p>In La Cloche d'Or zu leben bedeutet, eine Umgebung zu genie\u00dfen, in der alles in greifbarer N\u00e4he ist. Das gleichnamige Einkaufszentrum mit \u00fcber 100 Gesch\u00e4ften zieht Anwohner und Besucher gleicherma\u00dfen an.<\/p>\n\n\n\n<p>Restaurants, Caf\u00e9s, Nahversorger, Kinderg\u00e4rten, Schulen, B\u00fcros... Hier findet das Leben zu Fu\u00df statt, ohne Kompromisse zwischen Komfort und Modernit\u00e4t einzugehen.<\/p>\n\n\n\n<h2 class=\"wp-block-heading\">Ein echter Atemzug im Herzen der Stadt \ud83c\udf3f.<\/h2>\n\n\n\n<p>Trotz seiner st\u00e4dtischen Dynamik hat La Cloche d'Or nichts an Lebensqualit\u00e4t eingeb\u00fc\u00dft. Der Parc de Gasperich erstreckt sich \u00fcber 16 Hektar und bietet Spielpl\u00e4tze, Wasserfl\u00e4chen und Platz f\u00fcr Sport.<\/p>\n\n\n\n<p>Rad- und Fu\u00dfwege verbinden die verschiedenen Pole des Viertels problemlos miteinander. Es handelt sich um eines der gr\u00fcnsten Gebiete der Hauptstadt.<\/p>\n\n\n\n<h2 class=\"wp-block-heading\">Immobilien: Ein Markt in Bewegung \ud83c\udfe1\ud83c\udfe1.<\/h2>\n\n\n\n<p>La Cloche d'Or bietet ein \u00fcberwiegend neues Angebot mit zeitgen\u00f6ssischer Architektur und hoher Energieeffizienz. Vom Studio bis zum Penthouse sind die Immobilien vielf\u00e4ltig und f\u00fcr jedes Profil geeignet. Dank der N\u00e4he zu B\u00fcros und dem Lyc\u00e9e Vauban ist die Gegend auch f\u00fcr Mieter sehr attraktiv.<\/p>\n\n\n\n<p>\ud83d\udd0d Entdecken Sie unsere Auswahl an verf\u00fcgbaren Immobilien zum Verkauf in La Cloche d'Or auf <a href=\"https:\/\/www.athome.lu\/srp\/?tr=buy&amp;q=5c12d5b4\"><strong>atHome.lu<\/strong><\/a><\/p>\n\n\n\n<h2 class=\"wp-block-heading\">Ein aufstrebender Wirtschaftsstandort \ud83d\ude80.<\/h2>\n\n\n\n<p>In diesem Viertel haben bereits gro\u00dfe Unternehmen wie PwC, Deloitte und atHomeGroup ihren Sitz und es entwickelt sich weiter. Neue Dienstleistungsprojekte entstehen hier und er\u00f6ffnen immer mehr M\u00f6glichkeiten f\u00fcr Erwerbst\u00e4tige und Investoren.<\/p>\n\n\n\n<h2 class=\"wp-block-heading\">Warum sollten Sie sich f\u00fcr die Cloche d'Or entscheiden? \ud83d\udcac<\/h2>\n\n\n\n<p>Weil sie den Alltag vereinfacht, st\u00e4dtisches Leben mit Gr\u00fcnfl\u00e4chen verbindet und einen sicheren Wert f\u00fcr die Zukunft darstellt. Modern, vernetzt, nachhaltig... La Cloche d'Or ist mehr als nur ein Stadtteil.<\/p>\n\n\n\n<p>Was ist, wenn hier alles beginnt? \ud83c\udf1f<\/p>\n\n\n\n<p><\/p>","protected":false},"excerpt":{"rendered":"<p>Situ\u00e9e au sud de Luxembourg-ville, la Cloche d\u2019Or s\u2019est impos\u00e9e en quelques ann\u00e9es comme l\u2019un des quartiers les plus dynamiques du pays. \u00c0 la fois r\u00e9sidentiel, tertiaire et commer\u00e7ant, il s\u00e9duit autant les familles que les jeunes actifs ou les investisseurs. Une localisation strat\u00e9gique, au c\u0153ur des connexions \ud83d\uddfa\ufe0f Ce qui fait d\u2019abord la force [&hellip;]<\/p>\n","protected":false},"author":19,"featured_media":17682,"comment_status":"closed","ping_status":"closed","sticky":false,"template":"","format":"standard","meta":{"_acf_changed":false,"footnotes":""},"categories":[65],"tags":[],"class_list":["post-17611","post","type-post","status-publish","format-standard","has-post-thumbnail","hentry","category-demenager"],"acf":[],"yoast_head":"<!-- This site is optimized with the Yoast SEO plugin v27.4 - https:\/\/yoast.com\/product\/yoast-seo-wordpress\/ -->\n<title>Focus sur le quartier de la Cloche d&#039;Or - atHome Blog<\/title>\n<meta name=\"robots\" content=\"index, follow, max-snippet:-1, max-image-preview:large, max-video-preview:-1\" \/>\n<link rel=\"canonical\" href=\"https:\/\/www.athome.lu\/blog\/de\/kaufen\/umziehen\/fokus-auf-das-quartier-de-la-cloche-dor\/\" \/>\n<meta property=\"og:locale\" content=\"de_DE\" \/>\n<meta property=\"og:type\" content=\"article\" \/>\n<meta property=\"og:title\" content=\"Focus sur le quartier de la Cloche d&#039;Or - atHome Blog\" \/>\n<meta property=\"og:description\" content=\"Situ\u00e9e au sud de Luxembourg-ville, la Cloche d\u2019Or s\u2019est impos\u00e9e en quelques ann\u00e9es comme l\u2019un des quartiers les plus dynamiques du pays. \u00c0 la fois r\u00e9sidentiel, tertiaire et commer\u00e7ant, il s\u00e9duit autant les familles que les jeunes actifs ou les investisseurs. Une localisation strat\u00e9gique, au c\u0153ur des connexions \ud83d\uddfa\ufe0f Ce qui fait d\u2019abord la force [&hellip;]\" \/>\n<meta property=\"og:url\" content=\"https:\/\/www.athome.lu\/blog\/de\/kaufen\/umziehen\/fokus-auf-das-quartier-de-la-cloche-dor\/\" \/>\n<meta property=\"og:site_name\" content=\"atHome Blog\" \/>\n<meta property=\"article:publisher\" content=\"https:\/\/www.facebook.com\/atHome.lu\/\" \/>\n<meta property=\"article:published_time\" content=\"2025-07-16T10:00:00+00:00\" \/>\n<meta property=\"article:modified_time\" content=\"2025-07-21T08:37:15+00:00\" \/>\n<meta property=\"og:image\" content=\"https:\/\/www.athome.lu\/blog\/wp-content\/uploads\/2025\/07\/Wordpress-dimensions-banniere-4-1024x305.png\" \/>\n\t<meta property=\"og:image:width\" content=\"1024\" \/>\n\t<meta property=\"og:image:height\" content=\"305\" \/>\n\t<meta property=\"og:image:type\" content=\"image\/png\" \/>\n<meta name=\"author\" content=\"atHome.lu\" \/>\n<meta name=\"twitter:card\" content=\"summary_large_image\" \/>\n<meta name=\"twitter:creator\" content=\"@athomelu\" \/>\n<meta name=\"twitter:site\" content=\"@athomelu\" \/>\n<meta name=\"twitter:label1\" content=\"Verfasst von\" \/>\n\t<meta name=\"twitter:data1\" content=\"atHome.lu\" \/>\n\t<meta name=\"twitter:label2\" content=\"Gesch\u00e4tzte Lesezeit\" \/>\n\t<meta name=\"twitter:data2\" content=\"3\u00a0Minuten\" \/>\n<script type=\"application\/ld+json\" class=\"yoast-schema-graph\">{\"@context\":\"https:\\\/\\\/schema.org\",\"@graph\":[{\"@type\":\"Article\",\"@id\":\"https:\\\/\\\/www.athome.lu\\\/blog\\\/acheter\\\/demenager\\\/focus-sur-le-quartier-de-la-cloche-dor\\\/#article\",\"isPartOf\":{\"@id\":\"https:\\\/\\\/www.athome.lu\\\/blog\\\/acheter\\\/demenager\\\/focus-sur-le-quartier-de-la-cloche-dor\\\/\"},\"author\":{\"name\":\"atHome.lu\",\"@id\":\"https:\\\/\\\/www.athome.lu\\\/blog\\\/#\\\/schema\\\/person\\\/6b0cae19a94059156faf7f0ce969b4a0\"},\"headline\":\"Focus sur le quartier de la Cloche d'Or\",\"datePublished\":\"2025-07-16T10:00:00+00:00\",\"dateModified\":\"2025-07-21T08:37:15+00:00\",\"mainEntityOfPage\":{\"@id\":\"https:\\\/\\\/www.athome.lu\\\/blog\\\/acheter\\\/demenager\\\/focus-sur-le-quartier-de-la-cloche-dor\\\/\"},\"wordCount\":469,\"image\":{\"@id\":\"https:\\\/\\\/www.athome.lu\\\/blog\\\/acheter\\\/demenager\\\/focus-sur-le-quartier-de-la-cloche-dor\\\/#primaryimage\"},\"thumbnailUrl\":\"https:\\\/\\\/www.athome.lu\\\/blog\\\/wp-content\\\/uploads\\\/2025\\\/07\\\/Wordpress-dimensions-banniere-4-scaled.png\",\"articleSection\":[\"D\u00e9m\u00e9nager\"],\"inLanguage\":\"de\"},{\"@type\":\"WebPage\",\"@id\":\"https:\\\/\\\/www.athome.lu\\\/blog\\\/acheter\\\/demenager\\\/focus-sur-le-quartier-de-la-cloche-dor\\\/\",\"url\":\"https:\\\/\\\/www.athome.lu\\\/blog\\\/acheter\\\/demenager\\\/focus-sur-le-quartier-de-la-cloche-dor\\\/\",\"name\":\"Focus sur le quartier de la Cloche d'Or - atHome Blog\",\"isPartOf\":{\"@id\":\"https:\\\/\\\/www.athome.lu\\\/blog\\\/#website\"},\"primaryImageOfPage\":{\"@id\":\"https:\\\/\\\/www.athome.lu\\\/blog\\\/acheter\\\/demenager\\\/focus-sur-le-quartier-de-la-cloche-dor\\\/#primaryimage\"},\"image\":{\"@id\":\"https:\\\/\\\/www.athome.lu\\\/blog\\\/acheter\\\/demenager\\\/focus-sur-le-quartier-de-la-cloche-dor\\\/#primaryimage\"},\"thumbnailUrl\":\"https:\\\/\\\/www.athome.lu\\\/blog\\\/wp-content\\\/uploads\\\/2025\\\/07\\\/Wordpress-dimensions-banniere-4-scaled.png\",\"datePublished\":\"2025-07-16T10:00:00+00:00\",\"dateModified\":\"2025-07-21T08:37:15+00:00\",\"author\":{\"@id\":\"https:\\\/\\\/www.athome.lu\\\/blog\\\/#\\\/schema\\\/person\\\/6b0cae19a94059156faf7f0ce969b4a0\"},\"breadcrumb\":{\"@id\":\"https:\\\/\\\/www.athome.lu\\\/blog\\\/acheter\\\/demenager\\\/focus-sur-le-quartier-de-la-cloche-dor\\\/#breadcrumb\"},\"inLanguage\":\"de\",\"potentialAction\":[{\"@type\":\"ReadAction\",\"target\":[\"https:\\\/\\\/www.athome.lu\\\/blog\\\/acheter\\\/demenager\\\/focus-sur-le-quartier-de-la-cloche-dor\\\/\"]}]},{\"@type\":\"ImageObject\",\"inLanguage\":\"de\",\"@id\":\"https:\\\/\\\/www.athome.lu\\\/blog\\\/acheter\\\/demenager\\\/focus-sur-le-quartier-de-la-cloche-dor\\\/#primaryimage\",\"url\":\"https:\\\/\\\/www.athome.lu\\\/blog\\\/wp-content\\\/uploads\\\/2025\\\/07\\\/Wordpress-dimensions-banniere-4-scaled.png\",\"contentUrl\":\"https:\\\/\\\/www.athome.lu\\\/blog\\\/wp-content\\\/uploads\\\/2025\\\/07\\\/Wordpress-dimensions-banniere-4-scaled.png\",\"width\":2560,\"height\":763},{\"@type\":\"BreadcrumbList\",\"@id\":\"https:\\\/\\\/www.athome.lu\\\/blog\\\/acheter\\\/demenager\\\/focus-sur-le-quartier-de-la-cloche-dor\\\/#breadcrumb\",\"itemListElement\":[{\"@type\":\"ListItem\",\"position\":1,\"name\":\"Accueil\",\"item\":\"https:\\\/\\\/www.athome.lu\\\/blog\\\/\"},{\"@type\":\"ListItem\",\"position\":2,\"name\":\"Acheter\",\"item\":\"https:\\\/\\\/www.athome.lu\\\/blog\\\/en\\\/category\\\/buy\\\/\"},{\"@type\":\"ListItem\",\"position\":3,\"name\":\"D\u00e9m\u00e9nager\",\"item\":\"https:\\\/\\\/www.athome.lu\\\/blog\\\/category\\\/acheter\\\/demenager\\\/\"},{\"@type\":\"ListItem\",\"position\":4,\"name\":\"Focus sur le quartier de la Cloche d'Or\"}]},{\"@type\":\"WebSite\",\"@id\":\"https:\\\/\\\/www.athome.lu\\\/blog\\\/#website\",\"url\":\"https:\\\/\\\/www.athome.lu\\\/blog\\\/\",\"name\":\"atHome Blog\",\"description\":\"Annonces immobili\u00e8res au Luxembourg. Le portail immobilier n\u00b01 au Luxembourg.\",\"potentialAction\":[{\"@type\":\"SearchAction\",\"target\":{\"@type\":\"EntryPoint\",\"urlTemplate\":\"https:\\\/\\\/www.athome.lu\\\/blog\\\/?s={search_term_string}\"},\"query-input\":{\"@type\":\"PropertyValueSpecification\",\"valueRequired\":true,\"valueName\":\"search_term_string\"}}],\"inLanguage\":\"de\"},{\"@type\":\"Person\",\"@id\":\"https:\\\/\\\/www.athome.lu\\\/blog\\\/#\\\/schema\\\/person\\\/6b0cae19a94059156faf7f0ce969b4a0\",\"name\":\"atHome.lu\",\"image\":{\"@type\":\"ImageObject\",\"inLanguage\":\"de\",\"@id\":\"https:\\\/\\\/secure.gravatar.com\\\/avatar\\\/aaf3e502d7787af3ce4793c226e9640b6ab8f2b336039142fc34b438e2e085e8?s=96&d=mm&r=g\",\"url\":\"https:\\\/\\\/secure.gravatar.com\\\/avatar\\\/aaf3e502d7787af3ce4793c226e9640b6ab8f2b336039142fc34b438e2e085e8?s=96&d=mm&r=g\",\"contentUrl\":\"https:\\\/\\\/secure.gravatar.com\\\/avatar\\\/aaf3e502d7787af3ce4793c226e9640b6ab8f2b336039142fc34b438e2e085e8?s=96&d=mm&r=g\",\"caption\":\"atHome.lu\"}}]}<\/script>\n<!-- \/ Yoast SEO plugin. -->","yoast_head_json":{"title":"Fokus auf das Viertel Cloche d'Or - atHome Blog","robots":{"index":"index","follow":"follow","max-snippet":"max-snippet:-1","max-image-preview":"max-image-preview:large","max-video-preview":"max-video-preview:-1"},"canonical":"https:\/\/www.athome.lu\/blog\/de\/kaufen\/umziehen\/fokus-auf-das-quartier-de-la-cloche-dor\/","og_locale":"de_DE","og_type":"article","og_title":"Focus sur le quartier de la Cloche d'Or - atHome Blog","og_description":"Situ\u00e9e au sud de Luxembourg-ville, la Cloche d\u2019Or s\u2019est impos\u00e9e en quelques ann\u00e9es comme l\u2019un des quartiers les plus dynamiques du pays. \u00c0 la fois r\u00e9sidentiel, tertiaire et commer\u00e7ant, il s\u00e9duit autant les familles que les jeunes actifs ou les investisseurs. Une localisation strat\u00e9gique, au c\u0153ur des connexions \ud83d\uddfa\ufe0f Ce qui fait d\u2019abord la force [&hellip;]","og_url":"https:\/\/www.athome.lu\/blog\/de\/kaufen\/umziehen\/fokus-auf-das-quartier-de-la-cloche-dor\/","og_site_name":"atHome Blog","article_publisher":"https:\/\/www.facebook.com\/atHome.lu\/","article_published_time":"2025-07-16T10:00:00+00:00","article_modified_time":"2025-07-21T08:37:15+00:00","og_image":[{"width":1024,"height":305,"url":"https:\/\/www.athome.lu\/blog\/wp-content\/uploads\/2025\/07\/Wordpress-dimensions-banniere-4-1024x305.png","type":"image\/png"}],"author":"atHome.lu","twitter_card":"summary_large_image","twitter_creator":"@athomelu","twitter_site":"@athomelu","twitter_misc":{"Verfasst von":"atHome.lu","Gesch\u00e4tzte Lesezeit":"3\u00a0Minuten"},"schema":{"@context":"https:\/\/schema.org","@graph":[{"@type":"Article","@id":"https:\/\/www.athome.lu\/blog\/acheter\/demenager\/focus-sur-le-quartier-de-la-cloche-dor\/#article","isPartOf":{"@id":"https:\/\/www.athome.lu\/blog\/acheter\/demenager\/focus-sur-le-quartier-de-la-cloche-dor\/"},"author":{"name":"atHome.lu","@id":"https:\/\/www.athome.lu\/blog\/#\/schema\/person\/6b0cae19a94059156faf7f0ce969b4a0"},"headline":"Focus sur le quartier de la Cloche d'Or","datePublished":"2025-07-16T10:00:00+00:00","dateModified":"2025-07-21T08:37:15+00:00","mainEntityOfPage":{"@id":"https:\/\/www.athome.lu\/blog\/acheter\/demenager\/focus-sur-le-quartier-de-la-cloche-dor\/"},"wordCount":469,"image":{"@id":"https:\/\/www.athome.lu\/blog\/acheter\/demenager\/focus-sur-le-quartier-de-la-cloche-dor\/#primaryimage"},"thumbnailUrl":"https:\/\/www.athome.lu\/blog\/wp-content\/uploads\/2025\/07\/Wordpress-dimensions-banniere-4-scaled.png","articleSection":["D\u00e9m\u00e9nager"],"inLanguage":"de"},{"@type":"WebPage","@id":"https:\/\/www.athome.lu\/blog\/acheter\/demenager\/focus-sur-le-quartier-de-la-cloche-dor\/","url":"https:\/\/www.athome.lu\/blog\/acheter\/demenager\/focus-sur-le-quartier-de-la-cloche-dor\/","name":"Fokus auf das Viertel Cloche d'Or - atHome Blog","isPartOf":{"@id":"https:\/\/www.athome.lu\/blog\/#website"},"primaryImageOfPage":{"@id":"https:\/\/www.athome.lu\/blog\/acheter\/demenager\/focus-sur-le-quartier-de-la-cloche-dor\/#primaryimage"},"image":{"@id":"https:\/\/www.athome.lu\/blog\/acheter\/demenager\/focus-sur-le-quartier-de-la-cloche-dor\/#primaryimage"},"thumbnailUrl":"https:\/\/www.athome.lu\/blog\/wp-content\/uploads\/2025\/07\/Wordpress-dimensions-banniere-4-scaled.png","datePublished":"2025-07-16T10:00:00+00:00","dateModified":"2025-07-21T08:37:15+00:00","author":{"@id":"https:\/\/www.athome.lu\/blog\/#\/schema\/person\/6b0cae19a94059156faf7f0ce969b4a0"},"breadcrumb":{"@id":"https:\/\/www.athome.lu\/blog\/acheter\/demenager\/focus-sur-le-quartier-de-la-cloche-dor\/#breadcrumb"},"inLanguage":"de","potentialAction":[{"@type":"ReadAction","target":["https:\/\/www.athome.lu\/blog\/acheter\/demenager\/focus-sur-le-quartier-de-la-cloche-dor\/"]}]},{"@type":"ImageObject","inLanguage":"de","@id":"https:\/\/www.athome.lu\/blog\/acheter\/demenager\/focus-sur-le-quartier-de-la-cloche-dor\/#primaryimage","url":"https:\/\/www.athome.lu\/blog\/wp-content\/uploads\/2025\/07\/Wordpress-dimensions-banniere-4-scaled.png","contentUrl":"https:\/\/www.athome.lu\/blog\/wp-content\/uploads\/2025\/07\/Wordpress-dimensions-banniere-4-scaled.png","width":2560,"height":763},{"@type":"BreadcrumbList","@id":"https:\/\/www.athome.lu\/blog\/acheter\/demenager\/focus-sur-le-quartier-de-la-cloche-dor\/#breadcrumb","itemListElement":[{"@type":"ListItem","position":1,"name":"Accueil","item":"https:\/\/www.athome.lu\/blog\/"},{"@type":"ListItem","position":2,"name":"Acheter","item":"https:\/\/www.athome.lu\/blog\/en\/category\/buy\/"},{"@type":"ListItem","position":3,"name":"D\u00e9m\u00e9nager","item":"https:\/\/www.athome.lu\/blog\/category\/acheter\/demenager\/"},{"@type":"ListItem","position":4,"name":"Focus sur le quartier de la Cloche d'Or"}]},{"@type":"WebSite","@id":"https:\/\/www.athome.lu\/blog\/#website","url":"https:\/\/www.athome.lu\/blog\/","name":"atHome Blog","description":"Immobilienanzeigen in Luxemburg. Das Immobilienportal Nr. 1 in Luxemburg.","potentialAction":[{"@type":"SearchAction","target":{"@type":"EntryPoint","urlTemplate":"https:\/\/www.athome.lu\/blog\/?s={search_term_string}"},"query-input":{"@type":"PropertyValueSpecification","valueRequired":true,"valueName":"search_term_string"}}],"inLanguage":"de"},{"@type":"Person","@id":"https:\/\/www.athome.lu\/blog\/#\/schema\/person\/6b0cae19a94059156faf7f0ce969b4a0","name":"atHome.lu","image":{"@type":"ImageObject","inLanguage":"de","@id":"https:\/\/secure.gravatar.com\/avatar\/aaf3e502d7787af3ce4793c226e9640b6ab8f2b336039142fc34b438e2e085e8?s=96&d=mm&r=g","url":"https:\/\/secure.gravatar.com\/avatar\/aaf3e502d7787af3ce4793c226e9640b6ab8f2b336039142fc34b438e2e085e8?s=96&d=mm&r=g","contentUrl":"https:\/\/secure.gravatar.com\/avatar\/aaf3e502d7787af3ce4793c226e9640b6ab8f2b336039142fc34b438e2e085e8?s=96&d=mm&r=g","caption":"atHome.lu"}}]}},"featured_media_src_url":"https:\/\/www.athome.lu\/blog\/wp-content\/uploads\/2025\/07\/Wordpress-dimensions-banniere-4-1024x305.png","_links":{"self":[{"href":"https:\/\/www.athome.lu\/blog\/de\/wp-json\/wp\/v2\/posts\/17611","targetHints":{"allow":["GET"]}}],"collection":[{"href":"https:\/\/www.athome.lu\/blog\/de\/wp-json\/wp\/v2\/posts"}],"about":[{"href":"https:\/\/www.athome.lu\/blog\/de\/wp-json\/wp\/v2\/types\/post"}],"author":[{"embeddable":true,"href":"https:\/\/www.athome.lu\/blog\/de\/wp-json\/wp\/v2\/users\/19"}],"replies":[{"embeddable":true,"href":"https:\/\/www.athome.lu\/blog\/de\/wp-json\/wp\/v2\/comments?post=17611"}],"version-history":[{"count":5,"href":"https:\/\/www.athome.lu\/blog\/de\/wp-json\/wp\/v2\/posts\/17611\/revisions"}],"predecessor-version":[{"id":17688,"href":"https:\/\/www.athome.lu\/blog\/de\/wp-json\/wp\/v2\/posts\/17611\/revisions\/17688"}],"wp:featuredmedia":[{"embeddable":true,"href":"https:\/\/www.athome.lu\/blog\/de\/wp-json\/wp\/v2\/media\/17682"}],"wp:attachment":[{"href":"https:\/\/www.athome.lu\/blog\/de\/wp-json\/wp\/v2\/media?parent=17611"}],"wp:term":[{"taxonomy":"category","embeddable":true,"href":"https:\/\/www.athome.lu\/blog\/de\/wp-json\/wp\/v2\/categories?post=17611"},{"taxonomy":"post_tag","embeddable":true,"href":"https:\/\/www.athome.lu\/blog\/de\/wp-json\/wp\/v2\/tags?post=17611"}],"curies":[{"name":"wp","href":"https:\/\/api.w.org\/{rel}","templated":true}]}}