{"id":17955,"date":"2025-10-01T16:00:00","date_gmt":"2025-10-01T14:00:00","guid":{"rendered":"https:\/\/www.athome.lu\/blog\/?p=17955"},"modified":"2026-01-12T10:12:34","modified_gmt":"2026-01-12T09:12:34","slug":"experten-sprechen-uber-den-immobilienmarkt-im-dritten-quartal-2025","status":"publish","type":"post","link":"https:\/\/www.athome.lu\/blog\/de\/marche-immobilier\/paroles-dexperts-ce-quil-faut-retenir-du-marche-immobilier-au-t3-2025\/","title":{"rendered":"Expertengespr\u00e4che: Was vom Immobilienmarkt in Q3 2025 zu erwarten ist"},"content":{"rendered":"<p>Nach mehreren Quartalen mit steigenden Preisen stabilisieren sich die Verkaufspreise in diesem Quartal. <strong>drittes Quartal 2025<\/strong>Der Mietwohnungsmarkt best\u00e4tigt seinen ausgeglichenen Trend. Das Segment der Neubauten hingegen ist weiterhin von einer fragileren Dynamik gepr\u00e4gt.<\/p>\n\n\n\n<p>Um diese Entwicklungen zu entschl\u00fcsseln, haben wir die Ansichten mehrerer Branchenexperten eingeholt: <strong>Pierre Cl\u00e9ment (Nexvia)<\/strong>, <strong>Julien Licheron (LISER\/Observatoire de l'Habitat)<\/strong> und <strong>Aydine Correia (Promobe-Gruppe)<\/strong>. Verkaufsvolumen, Preisentwicklung, K\u00e4uferverhalten ... alles Indikatoren, um die aktuelle Dynamik zu verstehen und die n\u00e4chsten Marktbewegungen zu antizipieren.<\/p>\n\n\n\n<div style=\"height:14px\" aria-hidden=\"true\" class=\"wp-block-spacer\"><\/div>\n\n\n\n<h2 class=\"wp-block-heading has-text-align-center\"><strong>Pierre Cl\u00e9ment - Leiter der Nexvia-Niederlassung<\/strong><\/h2>\n\n\n\n<div style=\"height:14px\" aria-hidden=\"true\" class=\"wp-block-spacer\"><\/div>\n\n\n<div class=\"wp-block-image\">\n<figure class=\"aligncenter size-large is-resized has-custom-border\"><img loading=\"lazy\" decoding=\"async\" width=\"1024\" height=\"572\" src=\"https:\/\/www.athome.lu\/blog\/wp-content\/uploads\/2025\/07\/images_experts03-1-1024x572.jpg\" alt=\"\" class=\"wp-image-17619\" style=\"border-radius:13px;width:360px;height:auto\" srcset=\"https:\/\/www.athome.lu\/blog\/wp-content\/uploads\/2025\/07\/images_experts03-1-1024x572.jpg 1024w, https:\/\/www.athome.lu\/blog\/wp-content\/uploads\/2025\/07\/images_experts03-1-300x168.jpg 300w, https:\/\/www.athome.lu\/blog\/wp-content\/uploads\/2025\/07\/images_experts03-1-768x429.jpg 768w, https:\/\/www.athome.lu\/blog\/wp-content\/uploads\/2025\/07\/images_experts03-1-18x10.jpg 18w, https:\/\/www.athome.lu\/blog\/wp-content\/uploads\/2025\/07\/images_experts03-1.jpg 1200w\" sizes=\"auto, (max-width: 1024px) 100vw, 1024px\" \/><\/figure>\n<\/div>\n\n\n<div style=\"height:14px\" aria-hidden=\"true\" class=\"wp-block-spacer\"><\/div>\n\n\n\n<p>Basierend auf den exklusiven Transaktionsdaten, die Nexvia \u00fcber ihre Bankpartnerschaften erhalten hat, sind die Preise seit Jahresbeginn bei Verk\u00e4ufen von Wohnungen in Luxemburg-Stadt um 2,7% im Vergleich zum Durchschnittspreis von 2024 gestiegen (+1,9% f\u00fcr Wohnungen au\u00dferhalb der Stadt und +2,0% f\u00fcr H\u00e4user auf nationaler Ebene).<\/p>\n\n\n\n<p>Vor allem ist die Zahl der Kompromisse, die im Juli und August, seit dem Ende des Steuerpakets, im Bestand unterzeichnet wurden, betr\u00e4chtlich. Mit den gleichen Volumina wie in den ersten sechs Monaten des Jahres 2025. Und zu denselben Preisniveaus!<br>Diese Daten best\u00e4tigen unsere Prognose vom Juni, die von einer dynamischen zweiten Jahresh\u00e4lfte und der Fortsetzung des im Bestand begonnenen angemessenen Preisanstiegs ausgeht.<\/p>\n\n\n\n<p>Zumal Luxemburg nach wie vor eines der L\u00e4nder ist, in denen sich der Kauf im Vergleich zur Miete am schnellsten rentiert. Dies ist dem B\u00ebllegen Akt von 40.000 Euro pro K\u00e4ufer und den absetzbaren Darlehenszinsen zu verdanken.<\/p>\n\n\n\n<blockquote class=\"wp-block-quote has-text-align-center is-layout-flow wp-container-core-quote-is-layout-10ec649b wp-block-quote-is-layout-flow\" style=\"border-style:none;border-width:0px;padding-top:var(--wp--preset--spacing--20);padding-bottom:var(--wp--preset--spacing--20)\">\n<p class=\"has-text-align-center\"><strong>Luxemburg ist nach wie vor eines der L\u00e4nder, in denen sich der Kauf am schnellsten lohnt.<\/strong><\/p>\n<\/blockquote>\n\n\n\n<h2 class=\"wp-block-heading has-text-align-center\">Julien Licheron - Wirtschaftswissenschaftler am Liser \/ Observatorium f\u00fcr Wohnungsbau<\/h2>\n\n\n\n<div style=\"height:14px\" aria-hidden=\"true\" class=\"wp-block-spacer\"><\/div>\n\n\n<div class=\"wp-block-image\">\n<figure class=\"aligncenter size-large is-resized has-custom-border\"><img loading=\"lazy\" decoding=\"async\" width=\"1024\" height=\"572\" src=\"https:\/\/www.athome.lu\/blog\/wp-content\/uploads\/2025\/07\/photo_expert_licheron-1024x572.jpg\" alt=\"\" class=\"wp-image-17634\" style=\"border-radius:13px;width:360px;height:auto\" srcset=\"https:\/\/www.athome.lu\/blog\/wp-content\/uploads\/2025\/07\/photo_expert_licheron-1024x572.jpg 1024w, https:\/\/www.athome.lu\/blog\/wp-content\/uploads\/2025\/07\/photo_expert_licheron-300x168.jpg 300w, https:\/\/www.athome.lu\/blog\/wp-content\/uploads\/2025\/07\/photo_expert_licheron-768x429.jpg 768w, https:\/\/www.athome.lu\/blog\/wp-content\/uploads\/2025\/07\/photo_expert_licheron-18x10.jpg 18w, https:\/\/www.athome.lu\/blog\/wp-content\/uploads\/2025\/07\/photo_expert_licheron.jpg 1200w\" sizes=\"auto, (max-width: 1024px) 100vw, 1024px\" \/><\/figure>\n<\/div>\n\n\n<div style=\"height:14px\" aria-hidden=\"true\" class=\"wp-block-spacer\"><\/div>\n\n\n\n<p>Seit Mitte 2024 zeigt der luxemburgische Immobilienmarkt Anzeichen einer Erholung, doch diese Dynamik konzentriert sich nach wie vor auf das Altbausegment.<\/p>\n\n\n\n<p>Der Neubau hingegen hat weiterhin Probleme: Die Zahl der Verk\u00e4ufe von Wohnungen im Zustand der zuk\u00fcnftigen Fertigstellung (VEFA) liegt immer noch um die H\u00e4lfte unter dem Vorkrisenniveau. Die bis Juni 2025 verl\u00e4ngerten befristeten Steuerma\u00dfnahmen haben die Transaktionen Ende 2024 und erneut Mitte 2025 angekurbelt, allerdings haupts\u00e4chlich auf dem Bestandsmarkt und kaum auf dem Markt f\u00fcr Neubauten.<\/p>\n\n\n\n<blockquote class=\"wp-block-quote has-text-align-center is-layout-flow wp-block-quote-is-layout-flow\" style=\"border-style:none;border-width:0px;padding-top:var(--wp--preset--spacing--20);padding-bottom:var(--wp--preset--spacing--20)\">\n<p class=\"has-text-align-center\"><strong>Das Preisgef\u00e4lle zwischen neuen und alten Wohnungen in Verbindung mit einem Vertrauensdefizit der K\u00e4ufer bremst die Nachfrage nach Neubauten.<\/strong><\/p>\n<\/blockquote>\n\n\n\n<p>Der R\u00fcckzug der Investoren, die durch die Unsicherheit \u00fcber die Rentabilit\u00e4t und die Aussichten auf Wertsteigerung gebremst werden, verst\u00e4rkt die Blockade.<br>Was die Preise betrifft, so fand sich der Anfang 2025 von atHome auf der Grundlage von Anzeigen beobachtete Aufw\u00e4rtstrend auch in den auf notariellen Urkunden beruhenden Daten des Habitat Observatory wieder.<\/p>\n\n\n\n<p>Allerdings k\u00f6nnte der mit dem Auslaufen der steuerlichen Ma\u00dfnahmen verbundene Aktivit\u00e4tsaufschwung zu einem mechanischen Preisanstieg im zweiten Quartal gef\u00fchrt haben. Quartal 2025 deuten darauf hin, dass dieser Anstieg einmalig gewesen sein k\u00f6nnte, wobei eine Stabilisierung der Preise zum Jahresende 2025 wieder zur Normalit\u00e4t werden k\u00f6nnte.<\/p>\n\n\n\n<div style=\"height:42px\" aria-hidden=\"true\" class=\"wp-block-spacer\"><\/div>\n\n\n\n<h2 class=\"wp-block-heading has-text-align-center\">Aydine CORREIA - Head of Sales Department PROMOBE Gruppe<\/h2>\n\n\n\n<div style=\"height:14px\" aria-hidden=\"true\" class=\"wp-block-spacer\"><\/div>\n\n\n<div class=\"wp-block-image\">\n<figure class=\"aligncenter size-full is-resized has-custom-border\"><img loading=\"lazy\" decoding=\"async\" width=\"800\" height=\"447\" src=\"https:\/\/www.athome.lu\/blog\/wp-content\/uploads\/2025\/10\/aydine.jpg\" alt=\"\" class=\"wp-image-17943\" style=\"border-radius:13px;width:360px;height:auto\" srcset=\"https:\/\/www.athome.lu\/blog\/wp-content\/uploads\/2025\/10\/aydine.jpg 800w, https:\/\/www.athome.lu\/blog\/wp-content\/uploads\/2025\/10\/aydine-300x168.jpg 300w, https:\/\/www.athome.lu\/blog\/wp-content\/uploads\/2025\/10\/aydine-768x429.jpg 768w, https:\/\/www.athome.lu\/blog\/wp-content\/uploads\/2025\/10\/aydine-18x10.jpg 18w\" sizes=\"auto, (max-width: 800px) 100vw, 800px\" \/><\/figure>\n<\/div>\n\n\n<div style=\"height:14px\" aria-hidden=\"true\" class=\"wp-block-spacer\"><\/div>\n\n\n\n<p>Im dritten Quartal 2025 zeigte der luxemburgische Markt f\u00fcr Verk\u00e4ufe im Zustand der zuk\u00fcnftigen Fertigstellung (VEFA) ermutigende Signale. Zwar blieb das Transaktionsvolumen im Vergleich zu den Jahren 2021-2023 noch zur\u00fcck, doch die Ank\u00fcndigung des baldigen Endes der staatlichen F\u00f6rderung weckte neues Interesse und verlieh dem Sektor wieder eine gewisse Dynamik. Wir stellen heute eine allm\u00e4hliche R\u00fcckkehr des Vertrauens fest, die mit einer deutlichen Ver\u00e4nderung des Verhaltens einhergeht: Die k\u00fcnftigen Eigent\u00fcmer nehmen sich mehr Zeit, ihr Projekt zu analysieren und zu budgetieren, bevor sie sich festlegen. Wo die Entscheidung vor einigen Jahren noch schneller getroffen wurde, ist sie heute Teil eines durchdachteren und sichereren Vorgehens. Wir bei PROMOBE betrachten diese Entwicklung als ein positives Zeichen.<\/p>\n\n\n\n<blockquote class=\"wp-block-quote has-text-align-center is-layout-flow wp-block-quote-is-layout-flow\" style=\"border-style:none;border-width:0px;padding-top:var(--wp--preset--spacing--20);padding-right:0;padding-bottom:var(--wp--preset--spacing--20);padding-left:0\">\n<p class=\"has-text-align-center\"><strong>VEFA wird nicht mehr als Wette wahrgenommen, sondern als ein gut durchdachtes Lebensprojekt.<\/strong><\/p>\n<\/blockquote>\n\n\n\n<p>Unsere Mission bleibt unver\u00e4ndert: transparente Begleitung und Beratung, Einhaltung von Verpflichtungen und Lieferung von Wohnungen, die Lebensqualit\u00e4t und Nachhaltigkeit vereinen.<\/p>\n\n\n\n<p>Auch heute noch ist VEFA ein zukunftstr\u00e4chtiges Projekt: Gut vorbereitet und mit Vertrauen begleitet, wird jedes Projekt zu einem dauerhaften Erfolg.<\/p>\n\n\n\n<div style=\"height:42px\" aria-hidden=\"true\" class=\"wp-block-spacer\"><\/div>\n\n\n\n<p class=\"has-text-align-center\"><strong>Unsere vollst\u00e4ndige Analyse des luxemburgischen Immobilienmarktes im dritten Quartal 2025 finden Sie gleich hier. <\/strong>\ud83d\udc47\ud83c\udffb<\/p>\n\n\n\n<div class=\"wp-block-buttons is-content-justification-center is-layout-flex wp-container-core-buttons-is-layout-a89b3969 wp-block-buttons-is-layout-flex\">\n<div class=\"wp-block-button\"><a class=\"wp-block-button__link has-vivid-red-background-color has-background has-text-align-center wp-element-button\" href=\"https:\/\/www.athome.lu\/blog\/marche-immobilier\/t3-2025-des-prix-de-vente-plus-mesures-et-un-marche-locatif-globalement-stable\/\"><strong>Analyse von Q3 2025<\/strong><\/a><\/div>\n<\/div>\n\n\n\n<p><\/p>","protected":false},"excerpt":{"rendered":"<p>Apr\u00e8s plusieurs trimestres de hausse, les prix de vente amorcent une stabilisation sur ce troisi\u00e8me trimestre 2025, tandis que le march\u00e9 locatif confirme sa tendance \u00e0 l\u2019\u00e9quilibre. Le segment du neuf, quant \u00e0 lui, reste marqu\u00e9 par un dynamisme plus fragile. Pour d\u00e9crypter ces \u00e9volutions, nous avons recueilli les points de vue de plusieurs sp\u00e9cialistes [&hellip;]<\/p>\n","protected":false},"author":19,"featured_media":17983,"comment_status":"closed","ping_status":"closed","sticky":false,"template":"","format":"standard","meta":{"_acf_changed":false,"footnotes":""},"categories":[217],"tags":[],"class_list":["post-17955","post","type-post","status-publish","format-standard","has-post-thumbnail","hentry","category-marche-immobilier"],"acf":[],"yoast_head":"<!-- This site is optimized with the Yoast SEO plugin v27.4 - https:\/\/yoast.com\/product\/yoast-seo-wordpress\/ -->\n<title>Paroles d\u2019experts : ce qu\u2019il faut retenir du march\u00e9 immobilier au T3 2025 - atHome Blog<\/title>\n<meta name=\"robots\" content=\"index, follow, max-snippet:-1, max-image-preview:large, max-video-preview:-1\" \/>\n<link rel=\"canonical\" href=\"https:\/\/www.athome.lu\/blog\/de\/immobilien-markt\/experten-sprechen-uber-den-immobilienmarkt-im-dritten-quartal-2025\/\" \/>\n<meta property=\"og:locale\" content=\"de_DE\" \/>\n<meta property=\"og:type\" content=\"article\" \/>\n<meta property=\"og:title\" content=\"Paroles d\u2019experts : ce qu\u2019il faut retenir du march\u00e9 immobilier au T3 2025 - atHome Blog\" \/>\n<meta property=\"og:description\" content=\"Apr\u00e8s plusieurs trimestres de hausse, les prix de vente amorcent une stabilisation sur ce troisi\u00e8me trimestre 2025, tandis que le march\u00e9 locatif confirme sa tendance \u00e0 l\u2019\u00e9quilibre. Le segment du neuf, quant \u00e0 lui, reste marqu\u00e9 par un dynamisme plus fragile. Pour d\u00e9crypter ces \u00e9volutions, nous avons recueilli les points de vue de plusieurs sp\u00e9cialistes [&hellip;]\" \/>\n<meta property=\"og:url\" content=\"https:\/\/www.athome.lu\/blog\/de\/immobilien-markt\/experten-sprechen-uber-den-immobilienmarkt-im-dritten-quartal-2025\/\" \/>\n<meta property=\"og:site_name\" content=\"atHome Blog\" \/>\n<meta property=\"article:publisher\" content=\"https:\/\/www.facebook.com\/atHome.lu\/\" \/>\n<meta property=\"article:published_time\" content=\"2025-10-01T14:00:00+00:00\" \/>\n<meta property=\"article:modified_time\" content=\"2026-01-12T09:12:34+00:00\" \/>\n<meta property=\"og:image\" content=\"https:\/\/www.athome.lu\/blog\/wp-content\/uploads\/2025\/10\/AHP-Wordpress-dimensions-banniere-4-1-scaled.png\" \/>\n\t<meta property=\"og:image:width\" content=\"2560\" \/>\n\t<meta property=\"og:image:height\" content=\"763\" \/>\n\t<meta property=\"og:image:type\" content=\"image\/png\" \/>\n<meta name=\"author\" content=\"atHome.lu\" \/>\n<meta name=\"twitter:card\" content=\"summary_large_image\" \/>\n<meta name=\"twitter:creator\" content=\"@athomelu\" \/>\n<meta name=\"twitter:site\" content=\"@athomelu\" \/>\n<meta name=\"twitter:label1\" content=\"Verfasst von\" \/>\n\t<meta name=\"twitter:data1\" content=\"atHome.lu\" \/>\n\t<meta name=\"twitter:label2\" content=\"Gesch\u00e4tzte Lesezeit\" \/>\n\t<meta name=\"twitter:data2\" content=\"5\u00a0Minuten\" \/>\n<script type=\"application\/ld+json\" class=\"yoast-schema-graph\">{\"@context\":\"https:\\\/\\\/schema.org\",\"@graph\":[{\"@type\":\"Article\",\"@id\":\"https:\\\/\\\/www.athome.lu\\\/blog\\\/marche-immobilier\\\/paroles-dexperts-ce-quil-faut-retenir-du-marche-immobilier-au-t3-2025\\\/#article\",\"isPartOf\":{\"@id\":\"https:\\\/\\\/www.athome.lu\\\/blog\\\/marche-immobilier\\\/paroles-dexperts-ce-quil-faut-retenir-du-marche-immobilier-au-t3-2025\\\/\"},\"author\":{\"name\":\"atHome.lu\",\"@id\":\"https:\\\/\\\/www.athome.lu\\\/blog\\\/#\\\/schema\\\/person\\\/6b0cae19a94059156faf7f0ce969b4a0\"},\"headline\":\"Paroles d\u2019experts : ce qu\u2019il faut retenir du march\u00e9 immobilier au T3 2025\",\"datePublished\":\"2025-10-01T14:00:00+00:00\",\"dateModified\":\"2026-01-12T09:12:34+00:00\",\"mainEntityOfPage\":{\"@id\":\"https:\\\/\\\/www.athome.lu\\\/blog\\\/marche-immobilier\\\/paroles-dexperts-ce-quil-faut-retenir-du-marche-immobilier-au-t3-2025\\\/\"},\"wordCount\":768,\"image\":{\"@id\":\"https:\\\/\\\/www.athome.lu\\\/blog\\\/marche-immobilier\\\/paroles-dexperts-ce-quil-faut-retenir-du-marche-immobilier-au-t3-2025\\\/#primaryimage\"},\"thumbnailUrl\":\"https:\\\/\\\/www.athome.lu\\\/blog\\\/wp-content\\\/uploads\\\/2025\\\/10\\\/AHP-Wordpress-dimensions-banniere-4-1-scaled.png\",\"articleSection\":[\"March\u00e9 immobilier\"],\"inLanguage\":\"de\"},{\"@type\":\"WebPage\",\"@id\":\"https:\\\/\\\/www.athome.lu\\\/blog\\\/marche-immobilier\\\/paroles-dexperts-ce-quil-faut-retenir-du-marche-immobilier-au-t3-2025\\\/\",\"url\":\"https:\\\/\\\/www.athome.lu\\\/blog\\\/marche-immobilier\\\/paroles-dexperts-ce-quil-faut-retenir-du-marche-immobilier-au-t3-2025\\\/\",\"name\":\"Paroles d\u2019experts : ce qu\u2019il faut retenir du march\u00e9 immobilier au T3 2025 - atHome Blog\",\"isPartOf\":{\"@id\":\"https:\\\/\\\/www.athome.lu\\\/blog\\\/#website\"},\"primaryImageOfPage\":{\"@id\":\"https:\\\/\\\/www.athome.lu\\\/blog\\\/marche-immobilier\\\/paroles-dexperts-ce-quil-faut-retenir-du-marche-immobilier-au-t3-2025\\\/#primaryimage\"},\"image\":{\"@id\":\"https:\\\/\\\/www.athome.lu\\\/blog\\\/marche-immobilier\\\/paroles-dexperts-ce-quil-faut-retenir-du-marche-immobilier-au-t3-2025\\\/#primaryimage\"},\"thumbnailUrl\":\"https:\\\/\\\/www.athome.lu\\\/blog\\\/wp-content\\\/uploads\\\/2025\\\/10\\\/AHP-Wordpress-dimensions-banniere-4-1-scaled.png\",\"datePublished\":\"2025-10-01T14:00:00+00:00\",\"dateModified\":\"2026-01-12T09:12:34+00:00\",\"author\":{\"@id\":\"https:\\\/\\\/www.athome.lu\\\/blog\\\/#\\\/schema\\\/person\\\/6b0cae19a94059156faf7f0ce969b4a0\"},\"breadcrumb\":{\"@id\":\"https:\\\/\\\/www.athome.lu\\\/blog\\\/marche-immobilier\\\/paroles-dexperts-ce-quil-faut-retenir-du-marche-immobilier-au-t3-2025\\\/#breadcrumb\"},\"inLanguage\":\"de\",\"potentialAction\":[{\"@type\":\"ReadAction\",\"target\":[\"https:\\\/\\\/www.athome.lu\\\/blog\\\/marche-immobilier\\\/paroles-dexperts-ce-quil-faut-retenir-du-marche-immobilier-au-t3-2025\\\/\"]}]},{\"@type\":\"ImageObject\",\"inLanguage\":\"de\",\"@id\":\"https:\\\/\\\/www.athome.lu\\\/blog\\\/marche-immobilier\\\/paroles-dexperts-ce-quil-faut-retenir-du-marche-immobilier-au-t3-2025\\\/#primaryimage\",\"url\":\"https:\\\/\\\/www.athome.lu\\\/blog\\\/wp-content\\\/uploads\\\/2025\\\/10\\\/AHP-Wordpress-dimensions-banniere-4-1-scaled.png\",\"contentUrl\":\"https:\\\/\\\/www.athome.lu\\\/blog\\\/wp-content\\\/uploads\\\/2025\\\/10\\\/AHP-Wordpress-dimensions-banniere-4-1-scaled.png\",\"width\":2560,\"height\":763},{\"@type\":\"BreadcrumbList\",\"@id\":\"https:\\\/\\\/www.athome.lu\\\/blog\\\/marche-immobilier\\\/paroles-dexperts-ce-quil-faut-retenir-du-marche-immobilier-au-t3-2025\\\/#breadcrumb\",\"itemListElement\":[{\"@type\":\"ListItem\",\"position\":1,\"name\":\"Accueil\",\"item\":\"https:\\\/\\\/www.athome.lu\\\/blog\\\/\"},{\"@type\":\"ListItem\",\"position\":2,\"name\":\"March\u00e9 immobilier\",\"item\":\"https:\\\/\\\/www.athome.lu\\\/blog\\\/category\\\/marche-immobilier\\\/\"},{\"@type\":\"ListItem\",\"position\":3,\"name\":\"Paroles d\u2019experts : ce qu\u2019il faut retenir du march\u00e9 immobilier au T3 2025\"}]},{\"@type\":\"WebSite\",\"@id\":\"https:\\\/\\\/www.athome.lu\\\/blog\\\/#website\",\"url\":\"https:\\\/\\\/www.athome.lu\\\/blog\\\/\",\"name\":\"atHome Blog\",\"description\":\"Annonces immobili\u00e8res au Luxembourg. Le portail immobilier n\u00b01 au Luxembourg.\",\"potentialAction\":[{\"@type\":\"SearchAction\",\"target\":{\"@type\":\"EntryPoint\",\"urlTemplate\":\"https:\\\/\\\/www.athome.lu\\\/blog\\\/?s={search_term_string}\"},\"query-input\":{\"@type\":\"PropertyValueSpecification\",\"valueRequired\":true,\"valueName\":\"search_term_string\"}}],\"inLanguage\":\"de\"},{\"@type\":\"Person\",\"@id\":\"https:\\\/\\\/www.athome.lu\\\/blog\\\/#\\\/schema\\\/person\\\/6b0cae19a94059156faf7f0ce969b4a0\",\"name\":\"atHome.lu\",\"image\":{\"@type\":\"ImageObject\",\"inLanguage\":\"de\",\"@id\":\"https:\\\/\\\/secure.gravatar.com\\\/avatar\\\/aaf3e502d7787af3ce4793c226e9640b6ab8f2b336039142fc34b438e2e085e8?s=96&d=mm&r=g\",\"url\":\"https:\\\/\\\/secure.gravatar.com\\\/avatar\\\/aaf3e502d7787af3ce4793c226e9640b6ab8f2b336039142fc34b438e2e085e8?s=96&d=mm&r=g\",\"contentUrl\":\"https:\\\/\\\/secure.gravatar.com\\\/avatar\\\/aaf3e502d7787af3ce4793c226e9640b6ab8f2b336039142fc34b438e2e085e8?s=96&d=mm&r=g\",\"caption\":\"atHome.lu\"}}]}<\/script>\n<!-- \/ Yoast SEO plugin. -->","yoast_head_json":{"title":"Expertengespr\u00e4che: Was man vom Immobilienmarkt in Q3 2025 lernen kann - atHome Blog","robots":{"index":"index","follow":"follow","max-snippet":"max-snippet:-1","max-image-preview":"max-image-preview:large","max-video-preview":"max-video-preview:-1"},"canonical":"https:\/\/www.athome.lu\/blog\/de\/immobilien-markt\/experten-sprechen-uber-den-immobilienmarkt-im-dritten-quartal-2025\/","og_locale":"de_DE","og_type":"article","og_title":"Paroles d\u2019experts : ce qu\u2019il faut retenir du march\u00e9 immobilier au T3 2025 - atHome Blog","og_description":"Apr\u00e8s plusieurs trimestres de hausse, les prix de vente amorcent une stabilisation sur ce troisi\u00e8me trimestre 2025, tandis que le march\u00e9 locatif confirme sa tendance \u00e0 l\u2019\u00e9quilibre. Le segment du neuf, quant \u00e0 lui, reste marqu\u00e9 par un dynamisme plus fragile. Pour d\u00e9crypter ces \u00e9volutions, nous avons recueilli les points de vue de plusieurs sp\u00e9cialistes [&hellip;]","og_url":"https:\/\/www.athome.lu\/blog\/de\/immobilien-markt\/experten-sprechen-uber-den-immobilienmarkt-im-dritten-quartal-2025\/","og_site_name":"atHome Blog","article_publisher":"https:\/\/www.facebook.com\/atHome.lu\/","article_published_time":"2025-10-01T14:00:00+00:00","article_modified_time":"2026-01-12T09:12:34+00:00","og_image":[{"width":2560,"height":763,"url":"https:\/\/www.athome.lu\/blog\/wp-content\/uploads\/2025\/10\/AHP-Wordpress-dimensions-banniere-4-1-scaled.png","type":"image\/png"}],"author":"atHome.lu","twitter_card":"summary_large_image","twitter_creator":"@athomelu","twitter_site":"@athomelu","twitter_misc":{"Verfasst von":"atHome.lu","Gesch\u00e4tzte Lesezeit":"5\u00a0Minuten"},"schema":{"@context":"https:\/\/schema.org","@graph":[{"@type":"Article","@id":"https:\/\/www.athome.lu\/blog\/marche-immobilier\/paroles-dexperts-ce-quil-faut-retenir-du-marche-immobilier-au-t3-2025\/#article","isPartOf":{"@id":"https:\/\/www.athome.lu\/blog\/marche-immobilier\/paroles-dexperts-ce-quil-faut-retenir-du-marche-immobilier-au-t3-2025\/"},"author":{"name":"atHome.lu","@id":"https:\/\/www.athome.lu\/blog\/#\/schema\/person\/6b0cae19a94059156faf7f0ce969b4a0"},"headline":"Paroles d\u2019experts : ce qu\u2019il faut retenir du march\u00e9 immobilier au T3 2025","datePublished":"2025-10-01T14:00:00+00:00","dateModified":"2026-01-12T09:12:34+00:00","mainEntityOfPage":{"@id":"https:\/\/www.athome.lu\/blog\/marche-immobilier\/paroles-dexperts-ce-quil-faut-retenir-du-marche-immobilier-au-t3-2025\/"},"wordCount":768,"image":{"@id":"https:\/\/www.athome.lu\/blog\/marche-immobilier\/paroles-dexperts-ce-quil-faut-retenir-du-marche-immobilier-au-t3-2025\/#primaryimage"},"thumbnailUrl":"https:\/\/www.athome.lu\/blog\/wp-content\/uploads\/2025\/10\/AHP-Wordpress-dimensions-banniere-4-1-scaled.png","articleSection":["March\u00e9 immobilier"],"inLanguage":"de"},{"@type":"WebPage","@id":"https:\/\/www.athome.lu\/blog\/marche-immobilier\/paroles-dexperts-ce-quil-faut-retenir-du-marche-immobilier-au-t3-2025\/","url":"https:\/\/www.athome.lu\/blog\/marche-immobilier\/paroles-dexperts-ce-quil-faut-retenir-du-marche-immobilier-au-t3-2025\/","name":"Expertengespr\u00e4che: Was man vom Immobilienmarkt in Q3 2025 lernen kann - atHome Blog","isPartOf":{"@id":"https:\/\/www.athome.lu\/blog\/#website"},"primaryImageOfPage":{"@id":"https:\/\/www.athome.lu\/blog\/marche-immobilier\/paroles-dexperts-ce-quil-faut-retenir-du-marche-immobilier-au-t3-2025\/#primaryimage"},"image":{"@id":"https:\/\/www.athome.lu\/blog\/marche-immobilier\/paroles-dexperts-ce-quil-faut-retenir-du-marche-immobilier-au-t3-2025\/#primaryimage"},"thumbnailUrl":"https:\/\/www.athome.lu\/blog\/wp-content\/uploads\/2025\/10\/AHP-Wordpress-dimensions-banniere-4-1-scaled.png","datePublished":"2025-10-01T14:00:00+00:00","dateModified":"2026-01-12T09:12:34+00:00","author":{"@id":"https:\/\/www.athome.lu\/blog\/#\/schema\/person\/6b0cae19a94059156faf7f0ce969b4a0"},"breadcrumb":{"@id":"https:\/\/www.athome.lu\/blog\/marche-immobilier\/paroles-dexperts-ce-quil-faut-retenir-du-marche-immobilier-au-t3-2025\/#breadcrumb"},"inLanguage":"de","potentialAction":[{"@type":"ReadAction","target":["https:\/\/www.athome.lu\/blog\/marche-immobilier\/paroles-dexperts-ce-quil-faut-retenir-du-marche-immobilier-au-t3-2025\/"]}]},{"@type":"ImageObject","inLanguage":"de","@id":"https:\/\/www.athome.lu\/blog\/marche-immobilier\/paroles-dexperts-ce-quil-faut-retenir-du-marche-immobilier-au-t3-2025\/#primaryimage","url":"https:\/\/www.athome.lu\/blog\/wp-content\/uploads\/2025\/10\/AHP-Wordpress-dimensions-banniere-4-1-scaled.png","contentUrl":"https:\/\/www.athome.lu\/blog\/wp-content\/uploads\/2025\/10\/AHP-Wordpress-dimensions-banniere-4-1-scaled.png","width":2560,"height":763},{"@type":"BreadcrumbList","@id":"https:\/\/www.athome.lu\/blog\/marche-immobilier\/paroles-dexperts-ce-quil-faut-retenir-du-marche-immobilier-au-t3-2025\/#breadcrumb","itemListElement":[{"@type":"ListItem","position":1,"name":"Accueil","item":"https:\/\/www.athome.lu\/blog\/"},{"@type":"ListItem","position":2,"name":"March\u00e9 immobilier","item":"https:\/\/www.athome.lu\/blog\/category\/marche-immobilier\/"},{"@type":"ListItem","position":3,"name":"Paroles d\u2019experts : ce qu\u2019il faut retenir du march\u00e9 immobilier au T3 2025"}]},{"@type":"WebSite","@id":"https:\/\/www.athome.lu\/blog\/#website","url":"https:\/\/www.athome.lu\/blog\/","name":"atHome Blog","description":"Immobilienanzeigen in Luxemburg. Das Immobilienportal Nr. 1 in Luxemburg.","potentialAction":[{"@type":"SearchAction","target":{"@type":"EntryPoint","urlTemplate":"https:\/\/www.athome.lu\/blog\/?s={search_term_string}"},"query-input":{"@type":"PropertyValueSpecification","valueRequired":true,"valueName":"search_term_string"}}],"inLanguage":"de"},{"@type":"Person","@id":"https:\/\/www.athome.lu\/blog\/#\/schema\/person\/6b0cae19a94059156faf7f0ce969b4a0","name":"atHome.lu","image":{"@type":"ImageObject","inLanguage":"de","@id":"https:\/\/secure.gravatar.com\/avatar\/aaf3e502d7787af3ce4793c226e9640b6ab8f2b336039142fc34b438e2e085e8?s=96&d=mm&r=g","url":"https:\/\/secure.gravatar.com\/avatar\/aaf3e502d7787af3ce4793c226e9640b6ab8f2b336039142fc34b438e2e085e8?s=96&d=mm&r=g","contentUrl":"https:\/\/secure.gravatar.com\/avatar\/aaf3e502d7787af3ce4793c226e9640b6ab8f2b336039142fc34b438e2e085e8?s=96&d=mm&r=g","caption":"atHome.lu"}}]}},"featured_media_src_url":"https:\/\/www.athome.lu\/blog\/wp-content\/uploads\/2025\/10\/AHP-Wordpress-dimensions-banniere-4-1-1024x305.png","_links":{"self":[{"href":"https:\/\/www.athome.lu\/blog\/de\/wp-json\/wp\/v2\/posts\/17955","targetHints":{"allow":["GET"]}}],"collection":[{"href":"https:\/\/www.athome.lu\/blog\/de\/wp-json\/wp\/v2\/posts"}],"about":[{"href":"https:\/\/www.athome.lu\/blog\/de\/wp-json\/wp\/v2\/types\/post"}],"author":[{"embeddable":true,"href":"https:\/\/www.athome.lu\/blog\/de\/wp-json\/wp\/v2\/users\/19"}],"replies":[{"embeddable":true,"href":"https:\/\/www.athome.lu\/blog\/de\/wp-json\/wp\/v2\/comments?post=17955"}],"version-history":[{"count":27,"href":"https:\/\/www.athome.lu\/blog\/de\/wp-json\/wp\/v2\/posts\/17955\/revisions"}],"predecessor-version":[{"id":18483,"href":"https:\/\/www.athome.lu\/blog\/de\/wp-json\/wp\/v2\/posts\/17955\/revisions\/18483"}],"wp:featuredmedia":[{"embeddable":true,"href":"https:\/\/www.athome.lu\/blog\/de\/wp-json\/wp\/v2\/media\/17983"}],"wp:attachment":[{"href":"https:\/\/www.athome.lu\/blog\/de\/wp-json\/wp\/v2\/media?parent=17955"}],"wp:term":[{"taxonomy":"category","embeddable":true,"href":"https:\/\/www.athome.lu\/blog\/de\/wp-json\/wp\/v2\/categories?post=17955"},{"taxonomy":"post_tag","embeddable":true,"href":"https:\/\/www.athome.lu\/blog\/de\/wp-json\/wp\/v2\/tags?post=17955"}],"curies":[{"name":"wp","href":"https:\/\/api.w.org\/{rel}","templated":true}]}}