{"id":18412,"date":"2026-01-09T08:50:40","date_gmt":"2026-01-09T07:50:40","guid":{"rendered":"https:\/\/www.athome.lu\/blog\/?p=18412"},"modified":"2026-03-27T14:16:50","modified_gmt":"2026-03-27T13:16:50","slug":"die-stabilisierung-des-immobilienmarktes-bestatigt-sich-bis-ende-2025","status":"publish","type":"post","link":"https:\/\/www.athome.lu\/blog\/de\/marche-immobilier\/la-stabilisation-du-marche-immobilier-se-confirme-a-la-fin-de-lannee-2025\/","title":{"rendered":"Stabilisierung des Immobilienmarktes best\u00e4tigt sich bis Ende 2025"},"content":{"rendered":"<p>Das vierte Quartal 2025 setzt die Dynamik fort, die das ganze Jahr \u00fcber zu beobachten war, wobei der luxemburgische Immobilienmarkt von einer Phase der Stabilisierung gepr\u00e4gt ist. Die Verkaufspreise bleiben im Gro\u00dfen und Ganzen konstant, mit einem leichten R\u00fcckgang bei Neubauwohnungen, die aufgrund ihrer Qualit\u00e4t und Modernit\u00e4t weiterhin attraktiv sind. Der Mietsektor hingegen bewahrt ein allgemeines Gleichgewicht mit relativ konstanten kurzfristigen Trends, die von einer dauerhaften Stabilit\u00e4t des Marktes und einer anhaltenden Nachfrage zeugen.<\/p>\n\n\n\n<p>Im Verkaufssegment best\u00e4tigen die Entwicklungen im Vergleich zum Vorquartal diese Stabilit\u00e4t. Alte H\u00e4user und Altbauwohnungen verzeichneten einen leichten R\u00fcckgang von -0,9 %, w\u00e4hrend neue Wohnungen einen st\u00e4rkeren R\u00fcckgang (-3,6 %) verzeichneten, wobei die Preise in mehreren Stadtteilen wieder unter die 10.000 \u20ac\/m\u00b2 Marke fielen. Im Jahresvergleich bleibt der Trend jedoch f\u00fcr alle Segmente aufw\u00e4rts gerichtet, mit Preissteigerungen von +5,5 % f\u00fcr alte H\u00e4user, +3,1 % f\u00fcr alte Wohnungen und +1,7 % f\u00fcr neue Wohnungen. Diese Zahlen spiegeln anhaltende regionale Unterschiede wider, die die Vielfalt des luxemburgischen Marktes und die Notwendigkeit f\u00fcr K\u00e4ufer und Investoren unterstreichen, sich \u00fcber die lokale Dynamik zu informieren, bevor sie sich positionieren. Diese Entwicklung spiegelt auch eine allm\u00e4hliche Anpassung des Angebots an die Nachfrage, an die ver\u00e4nderten Erwartungen der K\u00e4ufer und an die Dynamik der laufenden Bauprojekte wider.<\/p>\n\n\n\n<p>Auf der Mietseite entwickelt sich der Markt weiterhin in einem kontrollierten Rahmen. Kurzfristig bleiben die Mieten weitgehend stabil: Im Vergleich zum Vorquartal steigen die Mieten f\u00fcr H\u00e4user leicht an (+1,9 %), w\u00e4hrend die Mieten f\u00fcr Wohnungen einen leichten R\u00fcckgang verzeichnen (-1,3 %). Auf Jahresbasis verzeichnen die Mieten einen moderaten Anstieg, wobei die Dynamik je nach Region und Art der Immobilie unterschiedlich ausf\u00e4llt. Diese lokalen Unterschiede spiegeln nicht nur die geografische Verteilung von Angebot und Nachfrage wider, sondern auch die Besonderheiten im Zusammenhang mit der Qualit\u00e4t, Gr\u00f6\u00dfe und Modernit\u00e4t der verf\u00fcgbaren Wohnungen. Zentrale Bezirke und Gebiete in der N\u00e4he von \u00f6ffentlichen Verkehrsmitteln genie\u00dfen nach wie vor eine hohe Attraktivit\u00e4t, w\u00e4hrend in einigen peripheren Gemeinden geringere Anpassungen zu verzeichnen sind.<\/p>\n\n\n\n<p>Insgesamt best\u00e4tigt das vierte Quartal 2025, dass sich der luxemburgische Immobilienmarkt in einer ausgewogeneren Phase mit ma\u00dfvollen Anpassungen und einer homogenen Entwicklung bewegt. Zwar unterscheiden sich die Trends je nach Segment und geografischer Lage, doch die allgemeine Dynamik zeugt von einer allm\u00e4hlichen Stabilisierung, sowohl auf dem Verkaufs- als auch auf dem Mietmarkt. Diese Phase der relativen Stabilit\u00e4t bietet den Marktakteuren - K\u00e4ufern, Verk\u00e4ufern und Investoren - eine bessere \u00dcbersichtlichkeit, um ihre Entscheidungen zu planen. Ab 2026 d\u00fcrfte der Markt diesen Trend fortsetzen, wobei moderate Entwicklungen und eine allgemeine Stabilit\u00e4t zu erwarten sind, die sich fortsetzen wird. Die lokalen Besonderheiten und die Dynamik der Stadtviertel werden die Marktbewegungen nat\u00fcrlich weiterhin beeinflussen und den Akteuren eine solide Grundlage f\u00fcr die Antizipation und Organisation ihrer Projekte bieten.<\/p>\n\n\n\n<h2 class=\"wp-block-heading\">Verkauf : <strong>eine Stabilisierung der Verkaufspreise best\u00e4tigt<\/strong><\/h2>\n\n\n\n<p><strong>Entwicklung der gemeldeten Verkaufspreise pro Quadratmeter nach Quartal<\/strong><\/p>\n\n\n\n<p>Nach mehreren Quartalen, in denen sich die Preise relativ stabilisiert hatten, best\u00e4tigte sich dieser Trend auch im vierten Quartal 2025 auf dem Verkaufsmarkt. Im Vergleich zum Vorquartal verzeichneten alte H\u00e4user und Altbauwohnungen einen leichten R\u00fcckgang von -0,9 %, was eine allgemeine Stabilit\u00e4t widerspiegelt, w\u00e4hrend neue Wohnungen einen st\u00e4rkeren R\u00fcckgang (-3,6 %) verzeichneten, wobei die Preise wieder unter die Marke von 10.000 \u20ac\/m\u00b2 fielen.<\/p>\n\n\n\n<figure class=\"wp-block-image size-full\"><a href=\"https:\/\/www.athome.lu\/blog\/?attachment_id=18428\"><img loading=\"lazy\" decoding=\"async\" width=\"844\" height=\"792\" src=\"https:\/\/www.athome.lu\/blog\/wp-content\/uploads\/2026\/01\/Capture-decran-2025-12-17-110708.png\" alt=\"\" class=\"wp-image-18428\" srcset=\"https:\/\/www.athome.lu\/blog\/wp-content\/uploads\/2026\/01\/Capture-decran-2025-12-17-110708.png 844w, https:\/\/www.athome.lu\/blog\/wp-content\/uploads\/2026\/01\/Capture-decran-2025-12-17-110708-300x282.png 300w, https:\/\/www.athome.lu\/blog\/wp-content\/uploads\/2026\/01\/Capture-decran-2025-12-17-110708-768x721.png 768w, https:\/\/www.athome.lu\/blog\/wp-content\/uploads\/2026\/01\/Capture-decran-2025-12-17-110708-13x12.png 13w\" sizes=\"auto, (max-width: 844px) 100vw, 844px\" \/><\/a><\/figure>\n\n\n\n<p><strong>Entwicklung der inserierten Verkaufspreise pro Quadratmeter nach Regionen: ein j\u00e4hrlicher Aufw\u00e4rtstrend f\u00fcr die Mehrheit der Immobilien und Regionen<\/strong><\/p>\n\n\n\n<p>Im Jahresvergleich sind die Verkaufspreise trotz unterschiedlicher regionaler Dynamiken weiterhin im Aufw\u00e4rtstrend. Alte H\u00e4user legten vor allem im Westen (+6,9 %), in der Mitte (+6,7 %) und im S\u00fcden (+4,5 %) zu, w\u00e4hrend Altbauwohnungen moderatere Anstiege verzeichneten, z. B. in der Mitte (+1,9 %) und im S\u00fcden (+0,6 %). Im Gegensatz dazu verzeichneten der Westen und der Osten in einigen Segmenten R\u00fcckg\u00e4nge, was einen lokal kontrastierenden Markt illustriert.<\/p>\n\n\n\n<figure class=\"wp-block-image size-full\"><a href=\"https:\/\/www.athome.lu\/blog\/?attachment_id=18434\"><img loading=\"lazy\" decoding=\"async\" width=\"741\" height=\"830\" src=\"https:\/\/www.athome.lu\/blog\/wp-content\/uploads\/2026\/01\/Capture-decran-2025-12-17-111231.png\" alt=\"\" class=\"wp-image-18434\" srcset=\"https:\/\/www.athome.lu\/blog\/wp-content\/uploads\/2026\/01\/Capture-decran-2025-12-17-111231.png 741w, https:\/\/www.athome.lu\/blog\/wp-content\/uploads\/2026\/01\/Capture-decran-2025-12-17-111231-268x300.png 268w, https:\/\/www.athome.lu\/blog\/wp-content\/uploads\/2026\/01\/Capture-decran-2025-12-17-111231-11x12.png 11w\" sizes=\"auto, (max-width: 741px) 100vw, 741px\" \/><\/a><\/figure>\n\n\n\n<h2 class=\"wp-block-heading\">Vermietung : <strong>eine insgesamt anhaltende Stabilit\u00e4t auf dem Mietwohnungsmarkt<\/strong><\/h2>\n\n\n\n<p><strong>Entwicklung der inserierten Mieten pro Quartal<\/strong><\/p>\n\n\n\n<p>Im vierten Quartal 2025 zeigt der Mietmarkt insgesamt eine stabile Entwicklung, die an die vorangegangenen Quartale ankn\u00fcpft. Im Vergleich zum Vorquartal steigen die Mieten f\u00fcr H\u00e4user leicht an (+1,9 1TP3Q), w\u00e4hrend die Mieten f\u00fcr Wohnungen einen leichten R\u00fcckgang verzeichnen (-1,3 1TP3Q). Diese moderaten Entwicklungen spiegeln einen insgesamt ausgeglichenen Mietmarkt wider.<\/p>\n\n\n\n<figure class=\"wp-block-image size-full\"><a href=\"https:\/\/www.athome.lu\/blog\/?attachment_id=18432\"><img loading=\"lazy\" decoding=\"async\" width=\"845\" height=\"741\" src=\"https:\/\/www.athome.lu\/blog\/wp-content\/uploads\/2026\/01\/Capture-decran-2025-12-17-111116.png\" alt=\"\" class=\"wp-image-18432\" srcset=\"https:\/\/www.athome.lu\/blog\/wp-content\/uploads\/2026\/01\/Capture-decran-2025-12-17-111116.png 845w, https:\/\/www.athome.lu\/blog\/wp-content\/uploads\/2026\/01\/Capture-decran-2025-12-17-111116-300x263.png 300w, https:\/\/www.athome.lu\/blog\/wp-content\/uploads\/2026\/01\/Capture-decran-2025-12-17-111116-768x673.png 768w, https:\/\/www.athome.lu\/blog\/wp-content\/uploads\/2026\/01\/Capture-decran-2025-12-17-111116-14x12.png 14w\" sizes=\"auto, (max-width: 845px) 100vw, 845px\" \/><\/a><\/figure>\n\n\n\n<p><strong>Entwicklung der inserierten Mieten nach Regionen: Leichter Anstieg der Mieten im Jahresvergleich, mit unterschiedlichen regionalen Entwicklungen<\/strong><\/p>\n\n\n\n<p>Die Mieten f\u00fcr H\u00e4user steigen im Westen stark an (+11,6 %), w\u00e4hrend sie im Norden (-2,5 %) und am deutlichsten im Osten (-10,6 %) zur\u00fcckgehen. Bei den Wohnungen sind die Entwicklungen moderater, mit Anstiegen vor allem im Norden (+2,3 %), in der Mitte (+0,4 %) und im S\u00fcden (+3,2 %). Diese Unterschiede spiegeln eine unterschiedliche Dynamik je nach Region und Art der Immobilie wider, wobei der Mietmarkt insgesamt ausgeglichen bleibt.<\/p>\n\n\n\n<figure class=\"wp-block-image size-full\"><a href=\"https:\/\/www.athome.lu\/blog\/?attachment_id=18436\"><img loading=\"lazy\" decoding=\"async\" width=\"748\" height=\"861\" src=\"https:\/\/www.athome.lu\/blog\/wp-content\/uploads\/2026\/01\/Capture-decran-2025-12-17-112412.png\" alt=\"\" class=\"wp-image-18436\" srcset=\"https:\/\/www.athome.lu\/blog\/wp-content\/uploads\/2026\/01\/Capture-decran-2025-12-17-112412.png 748w, https:\/\/www.athome.lu\/blog\/wp-content\/uploads\/2026\/01\/Capture-decran-2025-12-17-112412-261x300.png 261w, https:\/\/www.athome.lu\/blog\/wp-content\/uploads\/2026\/01\/Capture-decran-2025-12-17-112412-10x12.png 10w\" sizes=\"auto, (max-width: 748px) 100vw, 748px\" \/><\/a><\/figure>\n\n\n\n<h2 class=\"wp-block-heading\">Worte von Experten<\/h2>\n\n\n\n<figure class=\"wp-block-image size-large\"><a href=\"https:\/\/www.athome.lu\/blog\/wp-content\/uploads\/2026\/01\/paroles_experts-scaled.jpg\"><img loading=\"lazy\" decoding=\"async\" width=\"724\" height=\"1024\" src=\"https:\/\/www.athome.lu\/blog\/wp-content\/uploads\/2026\/01\/paroles_experts-724x1024.jpg\" alt=\"\" class=\"wp-image-18457\" srcset=\"https:\/\/www.athome.lu\/blog\/wp-content\/uploads\/2026\/01\/paroles_experts-724x1024.jpg 724w, https:\/\/www.athome.lu\/blog\/wp-content\/uploads\/2026\/01\/paroles_experts-212x300.jpg 212w, https:\/\/www.athome.lu\/blog\/wp-content\/uploads\/2026\/01\/paroles_experts-768x1086.jpg 768w, https:\/\/www.athome.lu\/blog\/wp-content\/uploads\/2026\/01\/paroles_experts-1086x1536.jpg 1086w, https:\/\/www.athome.lu\/blog\/wp-content\/uploads\/2026\/01\/paroles_experts-1448x2048.jpg 1448w, https:\/\/www.athome.lu\/blog\/wp-content\/uploads\/2026\/01\/paroles_experts-8x12.jpg 8w, https:\/\/www.athome.lu\/blog\/wp-content\/uploads\/2026\/01\/paroles_experts-scaled.jpg 1810w\" sizes=\"auto, (max-width: 724px) 100vw, 724px\" \/><\/a><\/figure>\n\n\n\n<p><\/p>","protected":false},"excerpt":{"rendered":"<p>Le quatri\u00e8me trimestre 2025 s\u2019inscrit dans la continuit\u00e9 des dynamiques observ\u00e9es tout au long de l\u2019ann\u00e9e, avec un march\u00e9 immobilier luxembourgeois marqu\u00e9 par une phase de stabilisation. Les prix de vente restent globalement r\u00e9guliers, avec une l\u00e9g\u00e8re baisse pour les appartements neufs, qui restent attractifs gr\u00e2ce \u00e0 leur qualit\u00e9 et \u00e0 leur modernit\u00e9. Le secteur [&hellip;]<\/p>\n","protected":false},"author":19,"featured_media":18427,"comment_status":"closed","ping_status":"closed","sticky":false,"template":"","format":"standard","meta":{"_acf_changed":false,"footnotes":""},"categories":[217],"tags":[],"class_list":["post-18412","post","type-post","status-publish","format-standard","has-post-thumbnail","hentry","category-marche-immobilier"],"acf":[],"yoast_head":"<!-- This site is optimized with the Yoast SEO plugin v27.4 - https:\/\/yoast.com\/product\/yoast-seo-wordpress\/ -->\n<title>La stabilisation du march\u00e9 immobilier se confirme \u00e0 la fin de l&#039;ann\u00e9e 2025 - atHome Blog<\/title>\n<meta name=\"robots\" content=\"index, follow, max-snippet:-1, max-image-preview:large, max-video-preview:-1\" \/>\n<link rel=\"canonical\" href=\"https:\/\/www.athome.lu\/blog\/de\/immobilien-markt\/die-stabilisierung-des-immobilienmarktes-bestatigt-sich-bis-ende-2025\/\" \/>\n<meta property=\"og:locale\" content=\"de_DE\" \/>\n<meta property=\"og:type\" content=\"article\" \/>\n<meta property=\"og:title\" content=\"La stabilisation du march\u00e9 immobilier se confirme \u00e0 la fin de l&#039;ann\u00e9e 2025 - atHome Blog\" \/>\n<meta property=\"og:description\" content=\"Le quatri\u00e8me trimestre 2025 s\u2019inscrit dans la continuit\u00e9 des dynamiques observ\u00e9es tout au long de l\u2019ann\u00e9e, avec un march\u00e9 immobilier luxembourgeois marqu\u00e9 par une phase de stabilisation. Les prix de vente restent globalement r\u00e9guliers, avec une l\u00e9g\u00e8re baisse pour les appartements neufs, qui restent attractifs gr\u00e2ce \u00e0 leur qualit\u00e9 et \u00e0 leur modernit\u00e9. Le secteur [&hellip;]\" \/>\n<meta property=\"og:url\" content=\"https:\/\/www.athome.lu\/blog\/de\/immobilien-markt\/die-stabilisierung-des-immobilienmarktes-bestatigt-sich-bis-ende-2025\/\" \/>\n<meta property=\"og:site_name\" content=\"atHome Blog\" \/>\n<meta property=\"article:publisher\" content=\"https:\/\/www.facebook.com\/atHome.lu\/\" \/>\n<meta property=\"article:published_time\" content=\"2026-01-09T07:50:40+00:00\" \/>\n<meta property=\"article:modified_time\" content=\"2026-03-27T13:16:50+00:00\" \/>\n<meta property=\"og:image\" content=\"https:\/\/www.athome.lu\/blog\/wp-content\/uploads\/2026\/01\/AHP-Banniere-Wordpress-11.png\" \/>\n\t<meta property=\"og:image:width\" content=\"1846\" \/>\n\t<meta property=\"og:image:height\" content=\"550\" \/>\n\t<meta property=\"og:image:type\" content=\"image\/png\" \/>\n<meta name=\"author\" content=\"atHome.lu\" \/>\n<meta name=\"twitter:card\" content=\"summary_large_image\" \/>\n<meta name=\"twitter:creator\" content=\"@athomelu\" \/>\n<meta name=\"twitter:site\" content=\"@athomelu\" \/>\n<meta name=\"twitter:label1\" content=\"Verfasst von\" \/>\n\t<meta name=\"twitter:data1\" content=\"atHome.lu\" \/>\n\t<meta name=\"twitter:label2\" content=\"Gesch\u00e4tzte Lesezeit\" \/>\n\t<meta name=\"twitter:data2\" content=\"6\u00a0Minuten\" \/>\n<script type=\"application\/ld+json\" class=\"yoast-schema-graph\">{\"@context\":\"https:\\\/\\\/schema.org\",\"@graph\":[{\"@type\":\"Article\",\"@id\":\"https:\\\/\\\/www.athome.lu\\\/blog\\\/marche-immobilier\\\/la-stabilisation-du-marche-immobilier-se-confirme-a-la-fin-de-lannee-2025\\\/#article\",\"isPartOf\":{\"@id\":\"https:\\\/\\\/www.athome.lu\\\/blog\\\/marche-immobilier\\\/la-stabilisation-du-marche-immobilier-se-confirme-a-la-fin-de-lannee-2025\\\/\"},\"author\":{\"name\":\"atHome.lu\",\"@id\":\"https:\\\/\\\/www.athome.lu\\\/blog\\\/#\\\/schema\\\/person\\\/6b0cae19a94059156faf7f0ce969b4a0\"},\"headline\":\"La stabilisation du march\u00e9 immobilier se confirme \u00e0 la fin de l'ann\u00e9e 2025\",\"datePublished\":\"2026-01-09T07:50:40+00:00\",\"dateModified\":\"2026-03-27T13:16:50+00:00\",\"mainEntityOfPage\":{\"@id\":\"https:\\\/\\\/www.athome.lu\\\/blog\\\/marche-immobilier\\\/la-stabilisation-du-marche-immobilier-se-confirme-a-la-fin-de-lannee-2025\\\/\"},\"wordCount\":920,\"image\":{\"@id\":\"https:\\\/\\\/www.athome.lu\\\/blog\\\/marche-immobilier\\\/la-stabilisation-du-marche-immobilier-se-confirme-a-la-fin-de-lannee-2025\\\/#primaryimage\"},\"thumbnailUrl\":\"https:\\\/\\\/www.athome.lu\\\/blog\\\/wp-content\\\/uploads\\\/2026\\\/01\\\/AHP-Banniere-Wordpress-11.png\",\"articleSection\":[\"March\u00e9 immobilier\"],\"inLanguage\":\"de\"},{\"@type\":\"WebPage\",\"@id\":\"https:\\\/\\\/www.athome.lu\\\/blog\\\/marche-immobilier\\\/la-stabilisation-du-marche-immobilier-se-confirme-a-la-fin-de-lannee-2025\\\/\",\"url\":\"https:\\\/\\\/www.athome.lu\\\/blog\\\/marche-immobilier\\\/la-stabilisation-du-marche-immobilier-se-confirme-a-la-fin-de-lannee-2025\\\/\",\"name\":\"La stabilisation du march\u00e9 immobilier se confirme \u00e0 la fin de l'ann\u00e9e 2025 - atHome Blog\",\"isPartOf\":{\"@id\":\"https:\\\/\\\/www.athome.lu\\\/blog\\\/#website\"},\"primaryImageOfPage\":{\"@id\":\"https:\\\/\\\/www.athome.lu\\\/blog\\\/marche-immobilier\\\/la-stabilisation-du-marche-immobilier-se-confirme-a-la-fin-de-lannee-2025\\\/#primaryimage\"},\"image\":{\"@id\":\"https:\\\/\\\/www.athome.lu\\\/blog\\\/marche-immobilier\\\/la-stabilisation-du-marche-immobilier-se-confirme-a-la-fin-de-lannee-2025\\\/#primaryimage\"},\"thumbnailUrl\":\"https:\\\/\\\/www.athome.lu\\\/blog\\\/wp-content\\\/uploads\\\/2026\\\/01\\\/AHP-Banniere-Wordpress-11.png\",\"datePublished\":\"2026-01-09T07:50:40+00:00\",\"dateModified\":\"2026-03-27T13:16:50+00:00\",\"author\":{\"@id\":\"https:\\\/\\\/www.athome.lu\\\/blog\\\/#\\\/schema\\\/person\\\/6b0cae19a94059156faf7f0ce969b4a0\"},\"breadcrumb\":{\"@id\":\"https:\\\/\\\/www.athome.lu\\\/blog\\\/marche-immobilier\\\/la-stabilisation-du-marche-immobilier-se-confirme-a-la-fin-de-lannee-2025\\\/#breadcrumb\"},\"inLanguage\":\"de\",\"potentialAction\":[{\"@type\":\"ReadAction\",\"target\":[\"https:\\\/\\\/www.athome.lu\\\/blog\\\/marche-immobilier\\\/la-stabilisation-du-marche-immobilier-se-confirme-a-la-fin-de-lannee-2025\\\/\"]}]},{\"@type\":\"ImageObject\",\"inLanguage\":\"de\",\"@id\":\"https:\\\/\\\/www.athome.lu\\\/blog\\\/marche-immobilier\\\/la-stabilisation-du-marche-immobilier-se-confirme-a-la-fin-de-lannee-2025\\\/#primaryimage\",\"url\":\"https:\\\/\\\/www.athome.lu\\\/blog\\\/wp-content\\\/uploads\\\/2026\\\/01\\\/AHP-Banniere-Wordpress-11.png\",\"contentUrl\":\"https:\\\/\\\/www.athome.lu\\\/blog\\\/wp-content\\\/uploads\\\/2026\\\/01\\\/AHP-Banniere-Wordpress-11.png\",\"width\":1846,\"height\":550},{\"@type\":\"BreadcrumbList\",\"@id\":\"https:\\\/\\\/www.athome.lu\\\/blog\\\/marche-immobilier\\\/la-stabilisation-du-marche-immobilier-se-confirme-a-la-fin-de-lannee-2025\\\/#breadcrumb\",\"itemListElement\":[{\"@type\":\"ListItem\",\"position\":1,\"name\":\"Accueil\",\"item\":\"https:\\\/\\\/www.athome.lu\\\/blog\\\/\"},{\"@type\":\"ListItem\",\"position\":2,\"name\":\"March\u00e9 immobilier\",\"item\":\"https:\\\/\\\/www.athome.lu\\\/blog\\\/category\\\/marche-immobilier\\\/\"},{\"@type\":\"ListItem\",\"position\":3,\"name\":\"La stabilisation du march\u00e9 immobilier se confirme \u00e0 la fin de l'ann\u00e9e 2025\"}]},{\"@type\":\"WebSite\",\"@id\":\"https:\\\/\\\/www.athome.lu\\\/blog\\\/#website\",\"url\":\"https:\\\/\\\/www.athome.lu\\\/blog\\\/\",\"name\":\"atHome Blog\",\"description\":\"Annonces immobili\u00e8res au Luxembourg. Le portail immobilier n\u00b01 au Luxembourg.\",\"potentialAction\":[{\"@type\":\"SearchAction\",\"target\":{\"@type\":\"EntryPoint\",\"urlTemplate\":\"https:\\\/\\\/www.athome.lu\\\/blog\\\/?s={search_term_string}\"},\"query-input\":{\"@type\":\"PropertyValueSpecification\",\"valueRequired\":true,\"valueName\":\"search_term_string\"}}],\"inLanguage\":\"de\"},{\"@type\":\"Person\",\"@id\":\"https:\\\/\\\/www.athome.lu\\\/blog\\\/#\\\/schema\\\/person\\\/6b0cae19a94059156faf7f0ce969b4a0\",\"name\":\"atHome.lu\",\"image\":{\"@type\":\"ImageObject\",\"inLanguage\":\"de\",\"@id\":\"https:\\\/\\\/secure.gravatar.com\\\/avatar\\\/aaf3e502d7787af3ce4793c226e9640b6ab8f2b336039142fc34b438e2e085e8?s=96&d=mm&r=g\",\"url\":\"https:\\\/\\\/secure.gravatar.com\\\/avatar\\\/aaf3e502d7787af3ce4793c226e9640b6ab8f2b336039142fc34b438e2e085e8?s=96&d=mm&r=g\",\"contentUrl\":\"https:\\\/\\\/secure.gravatar.com\\\/avatar\\\/aaf3e502d7787af3ce4793c226e9640b6ab8f2b336039142fc34b438e2e085e8?s=96&d=mm&r=g\",\"caption\":\"atHome.lu\"}}]}<\/script>\n<!-- \/ Yoast SEO plugin. -->","yoast_head_json":{"title":"Stabilisierung des Immobilienmarktes best\u00e4tigt sich bis Ende 2025 - atHome Blog","robots":{"index":"index","follow":"follow","max-snippet":"max-snippet:-1","max-image-preview":"max-image-preview:large","max-video-preview":"max-video-preview:-1"},"canonical":"https:\/\/www.athome.lu\/blog\/de\/immobilien-markt\/die-stabilisierung-des-immobilienmarktes-bestatigt-sich-bis-ende-2025\/","og_locale":"de_DE","og_type":"article","og_title":"La stabilisation du march\u00e9 immobilier se confirme \u00e0 la fin de l'ann\u00e9e 2025 - atHome Blog","og_description":"Le quatri\u00e8me trimestre 2025 s\u2019inscrit dans la continuit\u00e9 des dynamiques observ\u00e9es tout au long de l\u2019ann\u00e9e, avec un march\u00e9 immobilier luxembourgeois marqu\u00e9 par une phase de stabilisation. Les prix de vente restent globalement r\u00e9guliers, avec une l\u00e9g\u00e8re baisse pour les appartements neufs, qui restent attractifs gr\u00e2ce \u00e0 leur qualit\u00e9 et \u00e0 leur modernit\u00e9. Le secteur [&hellip;]","og_url":"https:\/\/www.athome.lu\/blog\/de\/immobilien-markt\/die-stabilisierung-des-immobilienmarktes-bestatigt-sich-bis-ende-2025\/","og_site_name":"atHome Blog","article_publisher":"https:\/\/www.facebook.com\/atHome.lu\/","article_published_time":"2026-01-09T07:50:40+00:00","article_modified_time":"2026-03-27T13:16:50+00:00","og_image":[{"width":1846,"height":550,"url":"https:\/\/www.athome.lu\/blog\/wp-content\/uploads\/2026\/01\/AHP-Banniere-Wordpress-11.png","type":"image\/png"}],"author":"atHome.lu","twitter_card":"summary_large_image","twitter_creator":"@athomelu","twitter_site":"@athomelu","twitter_misc":{"Verfasst von":"atHome.lu","Gesch\u00e4tzte Lesezeit":"6\u00a0Minuten"},"schema":{"@context":"https:\/\/schema.org","@graph":[{"@type":"Article","@id":"https:\/\/www.athome.lu\/blog\/marche-immobilier\/la-stabilisation-du-marche-immobilier-se-confirme-a-la-fin-de-lannee-2025\/#article","isPartOf":{"@id":"https:\/\/www.athome.lu\/blog\/marche-immobilier\/la-stabilisation-du-marche-immobilier-se-confirme-a-la-fin-de-lannee-2025\/"},"author":{"name":"atHome.lu","@id":"https:\/\/www.athome.lu\/blog\/#\/schema\/person\/6b0cae19a94059156faf7f0ce969b4a0"},"headline":"La stabilisation du march\u00e9 immobilier se confirme \u00e0 la fin de l'ann\u00e9e 2025","datePublished":"2026-01-09T07:50:40+00:00","dateModified":"2026-03-27T13:16:50+00:00","mainEntityOfPage":{"@id":"https:\/\/www.athome.lu\/blog\/marche-immobilier\/la-stabilisation-du-marche-immobilier-se-confirme-a-la-fin-de-lannee-2025\/"},"wordCount":920,"image":{"@id":"https:\/\/www.athome.lu\/blog\/marche-immobilier\/la-stabilisation-du-marche-immobilier-se-confirme-a-la-fin-de-lannee-2025\/#primaryimage"},"thumbnailUrl":"https:\/\/www.athome.lu\/blog\/wp-content\/uploads\/2026\/01\/AHP-Banniere-Wordpress-11.png","articleSection":["March\u00e9 immobilier"],"inLanguage":"de"},{"@type":"WebPage","@id":"https:\/\/www.athome.lu\/blog\/marche-immobilier\/la-stabilisation-du-marche-immobilier-se-confirme-a-la-fin-de-lannee-2025\/","url":"https:\/\/www.athome.lu\/blog\/marche-immobilier\/la-stabilisation-du-marche-immobilier-se-confirme-a-la-fin-de-lannee-2025\/","name":"Stabilisierung des Immobilienmarktes best\u00e4tigt sich bis Ende 2025 - atHome Blog","isPartOf":{"@id":"https:\/\/www.athome.lu\/blog\/#website"},"primaryImageOfPage":{"@id":"https:\/\/www.athome.lu\/blog\/marche-immobilier\/la-stabilisation-du-marche-immobilier-se-confirme-a-la-fin-de-lannee-2025\/#primaryimage"},"image":{"@id":"https:\/\/www.athome.lu\/blog\/marche-immobilier\/la-stabilisation-du-marche-immobilier-se-confirme-a-la-fin-de-lannee-2025\/#primaryimage"},"thumbnailUrl":"https:\/\/www.athome.lu\/blog\/wp-content\/uploads\/2026\/01\/AHP-Banniere-Wordpress-11.png","datePublished":"2026-01-09T07:50:40+00:00","dateModified":"2026-03-27T13:16:50+00:00","author":{"@id":"https:\/\/www.athome.lu\/blog\/#\/schema\/person\/6b0cae19a94059156faf7f0ce969b4a0"},"breadcrumb":{"@id":"https:\/\/www.athome.lu\/blog\/marche-immobilier\/la-stabilisation-du-marche-immobilier-se-confirme-a-la-fin-de-lannee-2025\/#breadcrumb"},"inLanguage":"de","potentialAction":[{"@type":"ReadAction","target":["https:\/\/www.athome.lu\/blog\/marche-immobilier\/la-stabilisation-du-marche-immobilier-se-confirme-a-la-fin-de-lannee-2025\/"]}]},{"@type":"ImageObject","inLanguage":"de","@id":"https:\/\/www.athome.lu\/blog\/marche-immobilier\/la-stabilisation-du-marche-immobilier-se-confirme-a-la-fin-de-lannee-2025\/#primaryimage","url":"https:\/\/www.athome.lu\/blog\/wp-content\/uploads\/2026\/01\/AHP-Banniere-Wordpress-11.png","contentUrl":"https:\/\/www.athome.lu\/blog\/wp-content\/uploads\/2026\/01\/AHP-Banniere-Wordpress-11.png","width":1846,"height":550},{"@type":"BreadcrumbList","@id":"https:\/\/www.athome.lu\/blog\/marche-immobilier\/la-stabilisation-du-marche-immobilier-se-confirme-a-la-fin-de-lannee-2025\/#breadcrumb","itemListElement":[{"@type":"ListItem","position":1,"name":"Accueil","item":"https:\/\/www.athome.lu\/blog\/"},{"@type":"ListItem","position":2,"name":"March\u00e9 immobilier","item":"https:\/\/www.athome.lu\/blog\/category\/marche-immobilier\/"},{"@type":"ListItem","position":3,"name":"La stabilisation du march\u00e9 immobilier se confirme \u00e0 la fin de l'ann\u00e9e 2025"}]},{"@type":"WebSite","@id":"https:\/\/www.athome.lu\/blog\/#website","url":"https:\/\/www.athome.lu\/blog\/","name":"atHome Blog","description":"Immobilienanzeigen in Luxemburg. Das Immobilienportal Nr. 1 in Luxemburg.","potentialAction":[{"@type":"SearchAction","target":{"@type":"EntryPoint","urlTemplate":"https:\/\/www.athome.lu\/blog\/?s={search_term_string}"},"query-input":{"@type":"PropertyValueSpecification","valueRequired":true,"valueName":"search_term_string"}}],"inLanguage":"de"},{"@type":"Person","@id":"https:\/\/www.athome.lu\/blog\/#\/schema\/person\/6b0cae19a94059156faf7f0ce969b4a0","name":"atHome.lu","image":{"@type":"ImageObject","inLanguage":"de","@id":"https:\/\/secure.gravatar.com\/avatar\/aaf3e502d7787af3ce4793c226e9640b6ab8f2b336039142fc34b438e2e085e8?s=96&d=mm&r=g","url":"https:\/\/secure.gravatar.com\/avatar\/aaf3e502d7787af3ce4793c226e9640b6ab8f2b336039142fc34b438e2e085e8?s=96&d=mm&r=g","contentUrl":"https:\/\/secure.gravatar.com\/avatar\/aaf3e502d7787af3ce4793c226e9640b6ab8f2b336039142fc34b438e2e085e8?s=96&d=mm&r=g","caption":"atHome.lu"}}]}},"featured_media_src_url":"https:\/\/www.athome.lu\/blog\/wp-content\/uploads\/2026\/01\/AHP-Banniere-Wordpress-11-1024x305.png","_links":{"self":[{"href":"https:\/\/www.athome.lu\/blog\/de\/wp-json\/wp\/v2\/posts\/18412","targetHints":{"allow":["GET"]}}],"collection":[{"href":"https:\/\/www.athome.lu\/blog\/de\/wp-json\/wp\/v2\/posts"}],"about":[{"href":"https:\/\/www.athome.lu\/blog\/de\/wp-json\/wp\/v2\/types\/post"}],"author":[{"embeddable":true,"href":"https:\/\/www.athome.lu\/blog\/de\/wp-json\/wp\/v2\/users\/19"}],"replies":[{"embeddable":true,"href":"https:\/\/www.athome.lu\/blog\/de\/wp-json\/wp\/v2\/comments?post=18412"}],"version-history":[{"count":16,"href":"https:\/\/www.athome.lu\/blog\/de\/wp-json\/wp\/v2\/posts\/18412\/revisions"}],"predecessor-version":[{"id":18458,"href":"https:\/\/www.athome.lu\/blog\/de\/wp-json\/wp\/v2\/posts\/18412\/revisions\/18458"}],"wp:featuredmedia":[{"embeddable":true,"href":"https:\/\/www.athome.lu\/blog\/de\/wp-json\/wp\/v2\/media\/18427"}],"wp:attachment":[{"href":"https:\/\/www.athome.lu\/blog\/de\/wp-json\/wp\/v2\/media?parent=18412"}],"wp:term":[{"taxonomy":"category","embeddable":true,"href":"https:\/\/www.athome.lu\/blog\/de\/wp-json\/wp\/v2\/categories?post=18412"},{"taxonomy":"post_tag","embeddable":true,"href":"https:\/\/www.athome.lu\/blog\/de\/wp-json\/wp\/v2\/tags?post=18412"}],"curies":[{"name":"wp","href":"https:\/\/api.w.org\/{rel}","templated":true}]}}