{"id":18414,"date":"2026-01-12T10:21:57","date_gmt":"2026-01-12T09:21:57","guid":{"rendered":"https:\/\/www.athome.lu\/blog\/?p=18414"},"modified":"2026-03-30T16:47:58","modified_gmt":"2026-03-30T14:47:58","slug":"experten-sprechen-uber-den-immobilienmarkt-im-vierten-quartal-2025","status":"publish","type":"post","link":"https:\/\/www.athome.lu\/blog\/de\/marche-immobilier\/paroles-dexperts-ce-quil-faut-retenir-du-marche-immobilier-au-t4-2025\/","title":{"rendered":"Expertengespr\u00e4che: Was man \u00fcber den Immobilienmarkt im vierten Quartal 2025 wissen sollte"},"content":{"rendered":"<p>Stabile Verkaufspreise, Anpassung nach unten f\u00fcr Neubauwohnungen unter 10.000 \u20ac\/m\u00b2 und ein insgesamt stabiler Mietmarkt je nach Immobilie und Region: Die Bilanz zum Jahresende 2025 best\u00e4tigt sich.<\/p>\n\n\n\n<p>Um diese Entwicklungen zu entschl\u00fcsseln, haben wir die Ansichten mehrerer Branchenexperten eingeholt: <strong>Pierre Cl\u00e9ment (Nexvia)<\/strong>, <strong>Julien Licheron (LISER\/Observatoire de l'Habitat)<\/strong> und <strong>Kim Felten (Hektar)<\/strong>. Verkaufsvolumen, Preisentwicklung, K\u00e4uferverhalten ... alles Indikatoren, um die aktuelle Dynamik zu verstehen und die n\u00e4chsten Marktbewegungen zu antizipieren.<\/p>\n\n\n\n<div style=\"height:14px\" aria-hidden=\"true\" class=\"wp-block-spacer\"><\/div>\n\n\n\n<h2 class=\"wp-block-heading has-text-align-center\"><strong>Pierre Cl\u00e9ment - Managing Director bei Nexvia<\/strong><\/h2>\n\n\n<div class=\"wp-block-image\">\n<figure class=\"aligncenter size-large is-resized has-custom-border\"><img loading=\"lazy\" decoding=\"async\" width=\"1024\" height=\"572\" src=\"https:\/\/www.athome.lu\/blog\/wp-content\/uploads\/2025\/07\/images_experts03-1-1024x572.jpg\" alt=\"\" class=\"wp-image-17619\" style=\"border-top-left-radius:13px;border-top-right-radius:13px;border-bottom-left-radius:13px;border-bottom-right-radius:13px;width:360px\" srcset=\"https:\/\/www.athome.lu\/blog\/wp-content\/uploads\/2025\/07\/images_experts03-1-1024x572.jpg 1024w, https:\/\/www.athome.lu\/blog\/wp-content\/uploads\/2025\/07\/images_experts03-1-300x168.jpg 300w, https:\/\/www.athome.lu\/blog\/wp-content\/uploads\/2025\/07\/images_experts03-1-768x429.jpg 768w, https:\/\/www.athome.lu\/blog\/wp-content\/uploads\/2025\/07\/images_experts03-1-18x10.jpg 18w, https:\/\/www.athome.lu\/blog\/wp-content\/uploads\/2025\/07\/images_experts03-1.jpg 1200w\" sizes=\"auto, (max-width: 1024px) 100vw, 1024px\" \/><\/figure>\n<\/div>\n\n\n<p>Die R\u00fcckkehr zu einem Vorkrisen-Transaktionsvolumen im Bestandssegment mit stabilen Preisen in den letzten 18 Monaten (ohne viertelj\u00e4hrliche Schwankungen aufgrund von Steuerf\u00e4lligkeiten) zeigt, dass die Preisanpassung von 15 %, die 2023 erfolgte, der notwendigen Korrektur angesichts der Entwicklung der Anleihezinsen entsprach.<\/p>\n\n\n\n<blockquote class=\"wp-block-quote has-text-align-center is-style-default is-layout-flow wp-block-quote-is-layout-flow\" style=\"border-style:none;border-width:0px;padding-top:var(--wp--preset--spacing--20);padding-right:0;padding-bottom:var(--wp--preset--spacing--20);padding-left:0\">\n<p class=\"has-text-align-center\"><strong>Auf dem Feld wurden die Verhandlungen wieder ges\u00fcnder mit einer ausgeglichenen Macht zwischen Verk\u00e4ufern<br>und K\u00e4ufer.<\/strong><\/p>\n<\/blockquote>\n\n\n\n<p>Die tats\u00e4chlichen Preise ber\u00fccksichtigen wieder voll und ganz die inh\u00e4renten Merkmale der Immobilien wie Lage, Alter und Bauqualit\u00e4t. Die Erholung auf diesen neuen Preisniveaus ist zwar sicher, aber dieses neue Gleichgewicht bleibt durch die immer noch hohen Finanzierungskosten, insbesondere f\u00fcr langfristige Schulden, gef\u00e4hrdet, die keine Anzeichen f\u00fcr eine kurzfristige Entspannung zeigen.<\/p>\n\n\n\n<div style=\"height:14px\" aria-hidden=\"true\" class=\"wp-block-spacer\"><\/div>\n\n\n\n<h2 class=\"wp-block-heading has-text-align-center\">Julien Licheron - Wirtschaftswissenschaftler am Liser \/ Observatorium f\u00fcr Wohnungsbau<\/h2>\n\n\n<div class=\"wp-block-image\">\n<figure class=\"aligncenter size-large is-resized has-custom-border\"><img loading=\"lazy\" decoding=\"async\" width=\"1024\" height=\"572\" src=\"https:\/\/www.athome.lu\/blog\/wp-content\/uploads\/2025\/07\/photo_expert_licheron-1024x572.jpg\" alt=\"\" class=\"wp-image-17634\" style=\"border-top-left-radius:13px;border-top-right-radius:13px;border-bottom-left-radius:13px;border-bottom-right-radius:13px;width:360px\" srcset=\"https:\/\/www.athome.lu\/blog\/wp-content\/uploads\/2025\/07\/photo_expert_licheron-1024x572.jpg 1024w, https:\/\/www.athome.lu\/blog\/wp-content\/uploads\/2025\/07\/photo_expert_licheron-300x168.jpg 300w, https:\/\/www.athome.lu\/blog\/wp-content\/uploads\/2025\/07\/photo_expert_licheron-768x429.jpg 768w, https:\/\/www.athome.lu\/blog\/wp-content\/uploads\/2025\/07\/photo_expert_licheron-18x10.jpg 18w, https:\/\/www.athome.lu\/blog\/wp-content\/uploads\/2025\/07\/photo_expert_licheron.jpg 1200w\" sizes=\"auto, (max-width: 1024px) 100vw, 1024px\" \/><\/figure>\n<\/div>\n\n\n<p>Der Wohnimmobilienmarkt zeigt seit Mitte 2024 Anzeichen einer Verbesserung, ohne jedoch eine Dynamik zu erreichen, die voll und ganz mit der vor der Krise vergleichbar ist. Die Erholung betrifft vor allem das Segment der Bestandswohnungen, wo die Aktivit\u00e4t durch stabilere Zinss\u00e4tze, vor\u00fcbergehende steuerliche Ma\u00dfnahmen und die zwischen 2022 und 2024 erfolgte Preisanpassung unterst\u00fctzt wurde. <\/p>\n\n\n\n<p>Nach dieser Korrekturphase scheinen die Preise ein Plateau erreicht zu haben, mit begrenzten und manchmal heterogenen Schwankungen je nach Zeitraum und Segment, was eher auf eine Stabilisierungsphase als auf einen echten Aufw\u00e4rtszyklus hindeutet. Die Entwicklung der Aktivit\u00e4t bleibt jedoch anf\u00e4llig f\u00fcr den Zeitpunkt der staatlichen Anreize, die zu Vorzieheffekten und deutlichen Schwankungen des Transaktionsvolumens gef\u00fchrt haben.<\/p>\n\n\n\n<p>Der Kontrast zum Markt f\u00fcr neue Wohnungen ist nach wie vor stark ausgepr\u00e4gt. Die Zahl der Verk\u00e4ufe von im Bau befindlichen Wohnungen liegt immer noch deutlich unter dem Vorkrisenniveau, was auf eine Kombination aus einem anhaltenden Preisgef\u00e4lle zu Altbauten, einem immer noch schwachen Vertrauen der K\u00e4ufer und einem R\u00fcckzug der Investoren, die mit strengeren Finanzierungsbeschr\u00e4nkungen konfrontiert sind, zur\u00fcckzuf\u00fchren ist.<\/p>\n\n\n\n<blockquote class=\"wp-block-quote has-text-align-center is-layout-flow wp-block-quote-is-layout-flow\" style=\"border-style:none;border-width:0px;padding-top:var(--wp--preset--spacing--20);padding-bottom:var(--wp--preset--spacing--20)\">\n<p><strong>Bis zum Jahr 2026 erscheinen die Aussichten kontrastreich, aber offen. Ohne einen makro\u00f6konomischen Schock k\u00f6nnte sich der Markt f\u00fcr Bestandsbauten in einem Umfeld anhaltender, aber stabilerer Aktivit\u00e4ten mit insgesamt ged\u00e4mpften Preisen entwickeln.<\/strong><\/p>\n<\/blockquote>\n\n\n\n<p>Die Erholung des Neubaus wird eher von strukturellen Faktoren abh\u00e4ngen - Finanzierungsbedingungen, Entwicklung der Grundst\u00fcckspreise, Angebotspolitik -, deren Auswirkungen allm\u00e4hlich eintreten k\u00f6nnten, was eher auf eine langsame Erholung als auf einen schnellen Aufschwung hindeutet.<\/p>\n\n\n\n<div style=\"height:14px\" aria-hidden=\"true\" class=\"wp-block-spacer\"><\/div>\n\n\n\n<h2 class=\"wp-block-heading has-text-align-center\"><strong>Kim Felten - Managing Partner bei Hektar<\/strong><\/h2>\n\n\n<div class=\"wp-block-image\">\n<figure class=\"aligncenter size-large is-resized has-custom-border\"><img loading=\"lazy\" decoding=\"async\" width=\"1024\" height=\"572\" src=\"https:\/\/www.athome.lu\/blog\/wp-content\/uploads\/2026\/01\/images_experts02-1024x572.jpg\" alt=\"\" class=\"wp-image-18472\" style=\"border-top-left-radius:13px;border-top-right-radius:13px;border-bottom-left-radius:13px;border-bottom-right-radius:13px;width:360px;height:auto\" srcset=\"https:\/\/www.athome.lu\/blog\/wp-content\/uploads\/2026\/01\/images_experts02-1024x572.jpg 1024w, https:\/\/www.athome.lu\/blog\/wp-content\/uploads\/2026\/01\/images_experts02-300x168.jpg 300w, https:\/\/www.athome.lu\/blog\/wp-content\/uploads\/2026\/01\/images_experts02-768x429.jpg 768w, https:\/\/www.athome.lu\/blog\/wp-content\/uploads\/2026\/01\/images_experts02-18x10.jpg 18w, https:\/\/www.athome.lu\/blog\/wp-content\/uploads\/2026\/01\/images_experts02.jpg 1200w\" sizes=\"auto, (max-width: 1024px) 100vw, 1024px\" \/><\/figure>\n<\/div>\n\n\n<p>HEKTAR stellt fest, dass sich der Wohnimmobilienmarkt 2025 mit einer h\u00f6heren Anzahl von Transaktionen im Vergleich zum Vorjahr und einer allgemeinen Stabilisierung der Verkaufspreise nach den Preiskorrekturen von 2024 stabilisiert hat. .<\/p>\n\n\n\n<p>Bei den Bestandsimmobilien stieg die Nachfrage allm\u00e4hlich an. Allerdings ist die Bedenkzeit der K\u00e4ufer etwas l\u00e4nger als fr\u00fcher, was zu l\u00e4ngeren Verz\u00f6gerungen bei der Realisierung von Verk\u00e4ufen f\u00fchrt.<\/p>\n\n\n\n<p>Was die VEFA betrifft, so gibt es einen gro\u00dfen Unterschied zwischen Projekten, die sich im Bau oder in der Fertigstellung befinden, und Projekten, die noch eine gewisse Vorverkaufsrate ben\u00f6tigen. W\u00e4hrend es eine starke Nachfrage nach Neubauprojekten in der Fertigstellungsphase gibt, erzeugen Projekte mit unsicheren Lieferzeiten noch eine Zur\u00fcckhaltung bei den K\u00e4ufern. Wir m\u00f6chten darauf hinweisen, dass der Markt f\u00fcr Mietinvestitionen im letzten Jahr durch staatliche Ma\u00dfnahmen wiederbelebt wurde, die Investoren anlockten, aber das Ende dieser Ma\u00dfnahmen hat das Interesse der Investoren leider wieder gebremst.<\/p>\n\n\n\n<blockquote class=\"wp-block-quote has-text-align-center is-style-default is-layout-flow wp-block-quote-is-layout-flow\" style=\"border-style:none;border-width:0px;border-top-left-radius:0px;border-top-right-radius:0px;border-bottom-left-radius:0px;border-bottom-right-radius:0px;padding-top:var(--wp--preset--spacing--20);padding-right:0;padding-bottom:var(--wp--preset--spacing--20);padding-left:0\">\n<p class=\"has-text-align-center\"><strong>F\u00fcr 2026 erwarten wir ein dynamischeres Jahr mit einem allm\u00e4hlichen Anstieg der Nachfrage und einem leichten Preiswachstum.<\/strong><\/p>\n<\/blockquote>\n\n\n\n<div style=\"height:17px\" aria-hidden=\"true\" class=\"wp-block-spacer\"><\/div>\n\n\n\n<p class=\"has-text-align-center\"><strong>Unsere vollst\u00e4ndige Analyse des luxemburgischen Immobilienmarktes im letzten Quartal 2025 finden Sie gleich hier. <\/strong>\ud83d\udc47\ud83c\udffb<\/p>\n\n\n\n<div class=\"wp-block-buttons is-content-justification-center is-layout-flex wp-container-core-buttons-is-layout-a89b3969 wp-block-buttons-is-layout-flex\">\n<div class=\"wp-block-button is-style-fill\"><a class=\"wp-block-button__link has-background-color has-vivid-red-background-color has-text-color has-background has-link-color wp-element-button\" href=\"https:\/\/www.athome.lu\/blog\/marche-immobilier\/la-stabilisation-du-marche-immobilier-se-confirme-a-la-fin-de-lannee-2025\/\" target=\"_blank\" rel=\"noreferrer noopener\">Analyse von Q4 2025<\/a><\/div>\n<\/div>\n\n\n\n<p><\/p>","protected":false},"excerpt":{"rendered":"<p>Stabilit\u00e9 des prix de vente, ajustement \u00e0 la baisse pour les appartements neufs sous les 10\u202f000\u202f\u20ac\/m\u00b2, et march\u00e9 locatif globalement stable selon les biens et les r\u00e9gions : le bilan de fin d\u2019ann\u00e9e 2025 se confirme. Pour d\u00e9crypter ces \u00e9volutions, nous avons recueilli les points de vue de plusieurs sp\u00e9cialistes du secteur : Pierre Cl\u00e9ment [&hellip;]<\/p>\n","protected":false},"author":19,"featured_media":18475,"comment_status":"closed","ping_status":"closed","sticky":false,"template":"","format":"standard","meta":{"_acf_changed":false,"footnotes":""},"categories":[217],"tags":[],"class_list":["post-18414","post","type-post","status-publish","format-standard","has-post-thumbnail","hentry","category-marche-immobilier"],"acf":[],"yoast_head":"<!-- This site is optimized with the Yoast SEO plugin v27.4 - https:\/\/yoast.com\/product\/yoast-seo-wordpress\/ -->\n<title>Paroles d\u2019experts : ce qu\u2019il faut retenir du march\u00e9 immobilier au T4 2025 - atHome Blog<\/title>\n<meta name=\"robots\" content=\"index, follow, max-snippet:-1, max-image-preview:large, max-video-preview:-1\" \/>\n<link rel=\"canonical\" href=\"https:\/\/www.athome.lu\/blog\/de\/immobilien-markt\/experten-sprechen-uber-den-immobilienmarkt-im-vierten-quartal-2025\/\" \/>\n<meta property=\"og:locale\" content=\"de_DE\" \/>\n<meta property=\"og:type\" content=\"article\" \/>\n<meta property=\"og:title\" content=\"Paroles d\u2019experts : ce qu\u2019il faut retenir du march\u00e9 immobilier au T4 2025 - atHome Blog\" \/>\n<meta property=\"og:description\" content=\"Stabilit\u00e9 des prix de vente, ajustement \u00e0 la baisse pour les appartements neufs sous les 10\u202f000\u202f\u20ac\/m\u00b2, et march\u00e9 locatif globalement stable selon les biens et les r\u00e9gions : le bilan de fin d\u2019ann\u00e9e 2025 se confirme. Pour d\u00e9crypter ces \u00e9volutions, nous avons recueilli les points de vue de plusieurs sp\u00e9cialistes du secteur : Pierre Cl\u00e9ment [&hellip;]\" \/>\n<meta property=\"og:url\" content=\"https:\/\/www.athome.lu\/blog\/de\/immobilien-markt\/experten-sprechen-uber-den-immobilienmarkt-im-vierten-quartal-2025\/\" \/>\n<meta property=\"og:site_name\" content=\"atHome Blog\" \/>\n<meta property=\"article:publisher\" content=\"https:\/\/www.facebook.com\/atHome.lu\/\" \/>\n<meta property=\"article:published_time\" content=\"2026-01-12T09:21:57+00:00\" \/>\n<meta property=\"article:modified_time\" content=\"2026-03-30T14:47:58+00:00\" \/>\n<meta property=\"og:image\" content=\"https:\/\/www.athome.lu\/blog\/wp-content\/uploads\/2026\/01\/AHP-Banniere-Wordpress-12.png\" \/>\n\t<meta property=\"og:image:width\" content=\"1846\" \/>\n\t<meta property=\"og:image:height\" content=\"550\" \/>\n\t<meta property=\"og:image:type\" content=\"image\/png\" \/>\n<meta name=\"author\" content=\"atHome.lu\" \/>\n<meta name=\"twitter:card\" content=\"summary_large_image\" \/>\n<meta name=\"twitter:creator\" content=\"@athomelu\" \/>\n<meta name=\"twitter:site\" content=\"@athomelu\" \/>\n<meta name=\"twitter:label1\" content=\"Verfasst von\" \/>\n\t<meta name=\"twitter:data1\" content=\"atHome.lu\" \/>\n\t<meta name=\"twitter:label2\" content=\"Gesch\u00e4tzte Lesezeit\" \/>\n\t<meta name=\"twitter:data2\" content=\"5\u00a0Minuten\" \/>\n<script type=\"application\/ld+json\" class=\"yoast-schema-graph\">{\"@context\":\"https:\\\/\\\/schema.org\",\"@graph\":[{\"@type\":\"Article\",\"@id\":\"https:\\\/\\\/www.athome.lu\\\/blog\\\/marche-immobilier\\\/paroles-dexperts-ce-quil-faut-retenir-du-marche-immobilier-au-t4-2025\\\/#article\",\"isPartOf\":{\"@id\":\"https:\\\/\\\/www.athome.lu\\\/blog\\\/marche-immobilier\\\/paroles-dexperts-ce-quil-faut-retenir-du-marche-immobilier-au-t4-2025\\\/\"},\"author\":{\"name\":\"atHome.lu\",\"@id\":\"https:\\\/\\\/www.athome.lu\\\/blog\\\/#\\\/schema\\\/person\\\/6b0cae19a94059156faf7f0ce969b4a0\"},\"headline\":\"Paroles d\u2019experts : ce qu\u2019il faut retenir du march\u00e9 immobilier au T4 2025\",\"datePublished\":\"2026-01-12T09:21:57+00:00\",\"dateModified\":\"2026-03-30T14:47:58+00:00\",\"mainEntityOfPage\":{\"@id\":\"https:\\\/\\\/www.athome.lu\\\/blog\\\/marche-immobilier\\\/paroles-dexperts-ce-quil-faut-retenir-du-marche-immobilier-au-t4-2025\\\/\"},\"wordCount\":825,\"image\":{\"@id\":\"https:\\\/\\\/www.athome.lu\\\/blog\\\/marche-immobilier\\\/paroles-dexperts-ce-quil-faut-retenir-du-marche-immobilier-au-t4-2025\\\/#primaryimage\"},\"thumbnailUrl\":\"https:\\\/\\\/www.athome.lu\\\/blog\\\/wp-content\\\/uploads\\\/2026\\\/01\\\/AHP-Banniere-Wordpress-12.png\",\"articleSection\":[\"March\u00e9 immobilier\"],\"inLanguage\":\"de\"},{\"@type\":\"WebPage\",\"@id\":\"https:\\\/\\\/www.athome.lu\\\/blog\\\/marche-immobilier\\\/paroles-dexperts-ce-quil-faut-retenir-du-marche-immobilier-au-t4-2025\\\/\",\"url\":\"https:\\\/\\\/www.athome.lu\\\/blog\\\/marche-immobilier\\\/paroles-dexperts-ce-quil-faut-retenir-du-marche-immobilier-au-t4-2025\\\/\",\"name\":\"Paroles d\u2019experts : ce qu\u2019il faut retenir du march\u00e9 immobilier au T4 2025 - atHome Blog\",\"isPartOf\":{\"@id\":\"https:\\\/\\\/www.athome.lu\\\/blog\\\/#website\"},\"primaryImageOfPage\":{\"@id\":\"https:\\\/\\\/www.athome.lu\\\/blog\\\/marche-immobilier\\\/paroles-dexperts-ce-quil-faut-retenir-du-marche-immobilier-au-t4-2025\\\/#primaryimage\"},\"image\":{\"@id\":\"https:\\\/\\\/www.athome.lu\\\/blog\\\/marche-immobilier\\\/paroles-dexperts-ce-quil-faut-retenir-du-marche-immobilier-au-t4-2025\\\/#primaryimage\"},\"thumbnailUrl\":\"https:\\\/\\\/www.athome.lu\\\/blog\\\/wp-content\\\/uploads\\\/2026\\\/01\\\/AHP-Banniere-Wordpress-12.png\",\"datePublished\":\"2026-01-12T09:21:57+00:00\",\"dateModified\":\"2026-03-30T14:47:58+00:00\",\"author\":{\"@id\":\"https:\\\/\\\/www.athome.lu\\\/blog\\\/#\\\/schema\\\/person\\\/6b0cae19a94059156faf7f0ce969b4a0\"},\"breadcrumb\":{\"@id\":\"https:\\\/\\\/www.athome.lu\\\/blog\\\/marche-immobilier\\\/paroles-dexperts-ce-quil-faut-retenir-du-marche-immobilier-au-t4-2025\\\/#breadcrumb\"},\"inLanguage\":\"de\",\"potentialAction\":[{\"@type\":\"ReadAction\",\"target\":[\"https:\\\/\\\/www.athome.lu\\\/blog\\\/marche-immobilier\\\/paroles-dexperts-ce-quil-faut-retenir-du-marche-immobilier-au-t4-2025\\\/\"]}]},{\"@type\":\"ImageObject\",\"inLanguage\":\"de\",\"@id\":\"https:\\\/\\\/www.athome.lu\\\/blog\\\/marche-immobilier\\\/paroles-dexperts-ce-quil-faut-retenir-du-marche-immobilier-au-t4-2025\\\/#primaryimage\",\"url\":\"https:\\\/\\\/www.athome.lu\\\/blog\\\/wp-content\\\/uploads\\\/2026\\\/01\\\/AHP-Banniere-Wordpress-12.png\",\"contentUrl\":\"https:\\\/\\\/www.athome.lu\\\/blog\\\/wp-content\\\/uploads\\\/2026\\\/01\\\/AHP-Banniere-Wordpress-12.png\",\"width\":1846,\"height\":550},{\"@type\":\"BreadcrumbList\",\"@id\":\"https:\\\/\\\/www.athome.lu\\\/blog\\\/marche-immobilier\\\/paroles-dexperts-ce-quil-faut-retenir-du-marche-immobilier-au-t4-2025\\\/#breadcrumb\",\"itemListElement\":[{\"@type\":\"ListItem\",\"position\":1,\"name\":\"Accueil\",\"item\":\"https:\\\/\\\/www.athome.lu\\\/blog\\\/\"},{\"@type\":\"ListItem\",\"position\":2,\"name\":\"March\u00e9 immobilier\",\"item\":\"https:\\\/\\\/www.athome.lu\\\/blog\\\/category\\\/marche-immobilier\\\/\"},{\"@type\":\"ListItem\",\"position\":3,\"name\":\"Paroles d\u2019experts : ce qu\u2019il faut retenir du march\u00e9 immobilier au T4 2025\"}]},{\"@type\":\"WebSite\",\"@id\":\"https:\\\/\\\/www.athome.lu\\\/blog\\\/#website\",\"url\":\"https:\\\/\\\/www.athome.lu\\\/blog\\\/\",\"name\":\"atHome Blog\",\"description\":\"Annonces immobili\u00e8res au Luxembourg. Le portail immobilier n\u00b01 au Luxembourg.\",\"potentialAction\":[{\"@type\":\"SearchAction\",\"target\":{\"@type\":\"EntryPoint\",\"urlTemplate\":\"https:\\\/\\\/www.athome.lu\\\/blog\\\/?s={search_term_string}\"},\"query-input\":{\"@type\":\"PropertyValueSpecification\",\"valueRequired\":true,\"valueName\":\"search_term_string\"}}],\"inLanguage\":\"de\"},{\"@type\":\"Person\",\"@id\":\"https:\\\/\\\/www.athome.lu\\\/blog\\\/#\\\/schema\\\/person\\\/6b0cae19a94059156faf7f0ce969b4a0\",\"name\":\"atHome.lu\",\"image\":{\"@type\":\"ImageObject\",\"inLanguage\":\"de\",\"@id\":\"https:\\\/\\\/secure.gravatar.com\\\/avatar\\\/aaf3e502d7787af3ce4793c226e9640b6ab8f2b336039142fc34b438e2e085e8?s=96&d=mm&r=g\",\"url\":\"https:\\\/\\\/secure.gravatar.com\\\/avatar\\\/aaf3e502d7787af3ce4793c226e9640b6ab8f2b336039142fc34b438e2e085e8?s=96&d=mm&r=g\",\"contentUrl\":\"https:\\\/\\\/secure.gravatar.com\\\/avatar\\\/aaf3e502d7787af3ce4793c226e9640b6ab8f2b336039142fc34b438e2e085e8?s=96&d=mm&r=g\",\"caption\":\"atHome.lu\"}}]}<\/script>\n<!-- \/ Yoast SEO plugin. -->","yoast_head_json":{"title":"Expertengespr\u00e4che: Was man \u00fcber den Immobilienmarkt im vierten Quartal 2025 wissen sollte - atHome Blog","robots":{"index":"index","follow":"follow","max-snippet":"max-snippet:-1","max-image-preview":"max-image-preview:large","max-video-preview":"max-video-preview:-1"},"canonical":"https:\/\/www.athome.lu\/blog\/de\/immobilien-markt\/experten-sprechen-uber-den-immobilienmarkt-im-vierten-quartal-2025\/","og_locale":"de_DE","og_type":"article","og_title":"Paroles d\u2019experts : ce qu\u2019il faut retenir du march\u00e9 immobilier au T4 2025 - atHome Blog","og_description":"Stabilit\u00e9 des prix de vente, ajustement \u00e0 la baisse pour les appartements neufs sous les 10\u202f000\u202f\u20ac\/m\u00b2, et march\u00e9 locatif globalement stable selon les biens et les r\u00e9gions : le bilan de fin d\u2019ann\u00e9e 2025 se confirme. Pour d\u00e9crypter ces \u00e9volutions, nous avons recueilli les points de vue de plusieurs sp\u00e9cialistes du secteur : Pierre Cl\u00e9ment [&hellip;]","og_url":"https:\/\/www.athome.lu\/blog\/de\/immobilien-markt\/experten-sprechen-uber-den-immobilienmarkt-im-vierten-quartal-2025\/","og_site_name":"atHome Blog","article_publisher":"https:\/\/www.facebook.com\/atHome.lu\/","article_published_time":"2026-01-12T09:21:57+00:00","article_modified_time":"2026-03-30T14:47:58+00:00","og_image":[{"width":1846,"height":550,"url":"https:\/\/www.athome.lu\/blog\/wp-content\/uploads\/2026\/01\/AHP-Banniere-Wordpress-12.png","type":"image\/png"}],"author":"atHome.lu","twitter_card":"summary_large_image","twitter_creator":"@athomelu","twitter_site":"@athomelu","twitter_misc":{"Verfasst von":"atHome.lu","Gesch\u00e4tzte Lesezeit":"5\u00a0Minuten"},"schema":{"@context":"https:\/\/schema.org","@graph":[{"@type":"Article","@id":"https:\/\/www.athome.lu\/blog\/marche-immobilier\/paroles-dexperts-ce-quil-faut-retenir-du-marche-immobilier-au-t4-2025\/#article","isPartOf":{"@id":"https:\/\/www.athome.lu\/blog\/marche-immobilier\/paroles-dexperts-ce-quil-faut-retenir-du-marche-immobilier-au-t4-2025\/"},"author":{"name":"atHome.lu","@id":"https:\/\/www.athome.lu\/blog\/#\/schema\/person\/6b0cae19a94059156faf7f0ce969b4a0"},"headline":"Paroles d\u2019experts : ce qu\u2019il faut retenir du march\u00e9 immobilier au T4 2025","datePublished":"2026-01-12T09:21:57+00:00","dateModified":"2026-03-30T14:47:58+00:00","mainEntityOfPage":{"@id":"https:\/\/www.athome.lu\/blog\/marche-immobilier\/paroles-dexperts-ce-quil-faut-retenir-du-marche-immobilier-au-t4-2025\/"},"wordCount":825,"image":{"@id":"https:\/\/www.athome.lu\/blog\/marche-immobilier\/paroles-dexperts-ce-quil-faut-retenir-du-marche-immobilier-au-t4-2025\/#primaryimage"},"thumbnailUrl":"https:\/\/www.athome.lu\/blog\/wp-content\/uploads\/2026\/01\/AHP-Banniere-Wordpress-12.png","articleSection":["March\u00e9 immobilier"],"inLanguage":"de"},{"@type":"WebPage","@id":"https:\/\/www.athome.lu\/blog\/marche-immobilier\/paroles-dexperts-ce-quil-faut-retenir-du-marche-immobilier-au-t4-2025\/","url":"https:\/\/www.athome.lu\/blog\/marche-immobilier\/paroles-dexperts-ce-quil-faut-retenir-du-marche-immobilier-au-t4-2025\/","name":"Expertengespr\u00e4che: Was man \u00fcber den Immobilienmarkt im vierten Quartal 2025 wissen sollte - atHome Blog","isPartOf":{"@id":"https:\/\/www.athome.lu\/blog\/#website"},"primaryImageOfPage":{"@id":"https:\/\/www.athome.lu\/blog\/marche-immobilier\/paroles-dexperts-ce-quil-faut-retenir-du-marche-immobilier-au-t4-2025\/#primaryimage"},"image":{"@id":"https:\/\/www.athome.lu\/blog\/marche-immobilier\/paroles-dexperts-ce-quil-faut-retenir-du-marche-immobilier-au-t4-2025\/#primaryimage"},"thumbnailUrl":"https:\/\/www.athome.lu\/blog\/wp-content\/uploads\/2026\/01\/AHP-Banniere-Wordpress-12.png","datePublished":"2026-01-12T09:21:57+00:00","dateModified":"2026-03-30T14:47:58+00:00","author":{"@id":"https:\/\/www.athome.lu\/blog\/#\/schema\/person\/6b0cae19a94059156faf7f0ce969b4a0"},"breadcrumb":{"@id":"https:\/\/www.athome.lu\/blog\/marche-immobilier\/paroles-dexperts-ce-quil-faut-retenir-du-marche-immobilier-au-t4-2025\/#breadcrumb"},"inLanguage":"de","potentialAction":[{"@type":"ReadAction","target":["https:\/\/www.athome.lu\/blog\/marche-immobilier\/paroles-dexperts-ce-quil-faut-retenir-du-marche-immobilier-au-t4-2025\/"]}]},{"@type":"ImageObject","inLanguage":"de","@id":"https:\/\/www.athome.lu\/blog\/marche-immobilier\/paroles-dexperts-ce-quil-faut-retenir-du-marche-immobilier-au-t4-2025\/#primaryimage","url":"https:\/\/www.athome.lu\/blog\/wp-content\/uploads\/2026\/01\/AHP-Banniere-Wordpress-12.png","contentUrl":"https:\/\/www.athome.lu\/blog\/wp-content\/uploads\/2026\/01\/AHP-Banniere-Wordpress-12.png","width":1846,"height":550},{"@type":"BreadcrumbList","@id":"https:\/\/www.athome.lu\/blog\/marche-immobilier\/paroles-dexperts-ce-quil-faut-retenir-du-marche-immobilier-au-t4-2025\/#breadcrumb","itemListElement":[{"@type":"ListItem","position":1,"name":"Accueil","item":"https:\/\/www.athome.lu\/blog\/"},{"@type":"ListItem","position":2,"name":"March\u00e9 immobilier","item":"https:\/\/www.athome.lu\/blog\/category\/marche-immobilier\/"},{"@type":"ListItem","position":3,"name":"Paroles d\u2019experts : ce qu\u2019il faut retenir du march\u00e9 immobilier au T4 2025"}]},{"@type":"WebSite","@id":"https:\/\/www.athome.lu\/blog\/#website","url":"https:\/\/www.athome.lu\/blog\/","name":"atHome Blog","description":"Immobilienanzeigen in Luxemburg. Das Immobilienportal Nr. 1 in Luxemburg.","potentialAction":[{"@type":"SearchAction","target":{"@type":"EntryPoint","urlTemplate":"https:\/\/www.athome.lu\/blog\/?s={search_term_string}"},"query-input":{"@type":"PropertyValueSpecification","valueRequired":true,"valueName":"search_term_string"}}],"inLanguage":"de"},{"@type":"Person","@id":"https:\/\/www.athome.lu\/blog\/#\/schema\/person\/6b0cae19a94059156faf7f0ce969b4a0","name":"atHome.lu","image":{"@type":"ImageObject","inLanguage":"de","@id":"https:\/\/secure.gravatar.com\/avatar\/aaf3e502d7787af3ce4793c226e9640b6ab8f2b336039142fc34b438e2e085e8?s=96&d=mm&r=g","url":"https:\/\/secure.gravatar.com\/avatar\/aaf3e502d7787af3ce4793c226e9640b6ab8f2b336039142fc34b438e2e085e8?s=96&d=mm&r=g","contentUrl":"https:\/\/secure.gravatar.com\/avatar\/aaf3e502d7787af3ce4793c226e9640b6ab8f2b336039142fc34b438e2e085e8?s=96&d=mm&r=g","caption":"atHome.lu"}}]}},"featured_media_src_url":"https:\/\/www.athome.lu\/blog\/wp-content\/uploads\/2026\/01\/AHP-Banniere-Wordpress-12-1024x305.png","_links":{"self":[{"href":"https:\/\/www.athome.lu\/blog\/de\/wp-json\/wp\/v2\/posts\/18414","targetHints":{"allow":["GET"]}}],"collection":[{"href":"https:\/\/www.athome.lu\/blog\/de\/wp-json\/wp\/v2\/posts"}],"about":[{"href":"https:\/\/www.athome.lu\/blog\/de\/wp-json\/wp\/v2\/types\/post"}],"author":[{"embeddable":true,"href":"https:\/\/www.athome.lu\/blog\/de\/wp-json\/wp\/v2\/users\/19"}],"replies":[{"embeddable":true,"href":"https:\/\/www.athome.lu\/blog\/de\/wp-json\/wp\/v2\/comments?post=18414"}],"version-history":[{"count":26,"href":"https:\/\/www.athome.lu\/blog\/de\/wp-json\/wp\/v2\/posts\/18414\/revisions"}],"predecessor-version":[{"id":18586,"href":"https:\/\/www.athome.lu\/blog\/de\/wp-json\/wp\/v2\/posts\/18414\/revisions\/18586"}],"wp:featuredmedia":[{"embeddable":true,"href":"https:\/\/www.athome.lu\/blog\/de\/wp-json\/wp\/v2\/media\/18475"}],"wp:attachment":[{"href":"https:\/\/www.athome.lu\/blog\/de\/wp-json\/wp\/v2\/media?parent=18414"}],"wp:term":[{"taxonomy":"category","embeddable":true,"href":"https:\/\/www.athome.lu\/blog\/de\/wp-json\/wp\/v2\/categories?post=18414"},{"taxonomy":"post_tag","embeddable":true,"href":"https:\/\/www.athome.lu\/blog\/de\/wp-json\/wp\/v2\/tags?post=18414"}],"curies":[{"name":"wp","href":"https:\/\/api.w.org\/{rel}","templated":true}]}}