{"id":18536,"date":"2026-04-07T09:34:30","date_gmt":"2026-04-07T07:34:30","guid":{"rendered":"https:\/\/www.athome.lu\/blog\/?p=18536"},"modified":"2026-04-07T09:35:26","modified_gmt":"2026-04-07T07:35:26","slug":"experten-sprechen-uber-den-immobilienmarkt-im-1-quartal-2026","status":"publish","type":"post","link":"https:\/\/www.athome.lu\/blog\/de\/marche-immobilier\/paroles-dexperts-ce-quil-faut-retenir-du-marche-immobilier-au-t1-2026\/","title":{"rendered":"Expertengespr\u00e4che: Was man \u00fcber den Immobilienmarkt im Q1 2026 wissen sollte"},"content":{"rendered":"<p>Verkaufspreise, die ihre Anpassung fortsetzen, ein R\u00fcckgang, der sich bei neuen Wohnungen in einem immer noch schwierigen Umfeld best\u00e4tigt, und ein insgesamt stabiler, aber immer noch angespannter Mietmarkt: Das sind die Erkenntnisse des ersten Quartals 2026.<\/p>\n\n\n\n<p>Um diese Entwicklungen zu entschl\u00fcsseln, haben wir die Ansichten mehrerer Branchenexperten eingeholt: <strong>Pierre Cl\u00e9ment (Nexvia)<\/strong>, <strong>Julien Licheron (LISER\/Observatoire de l'Habitat)<\/strong>, <strong>Joe Schmit (Vevalo)<\/strong> und <strong>Maurits van Rijckevorsel<\/strong> <strong>(Van Maurits)<\/strong>. Verkaufsvolumen, Preisentwicklung, K\u00e4uferverhalten ... alles Indikatoren, um die aktuelle Dynamik zu verstehen und die n\u00e4chsten Marktbewegungen zu antizipieren.<\/p>\n\n\n\n<h2 class=\"wp-block-heading has-text-align-center\"><strong>Pierre Cl\u00e9ment - Managing Director bei Nexvia<\/strong><\/h2>\n\n\n<div class=\"wp-block-image is-style-default\">\n<figure class=\"aligncenter size-large is-resized has-custom-border\" style=\"margin-top:0;margin-bottom:0\"><img loading=\"lazy\" decoding=\"async\" width=\"1024\" height=\"572\" src=\"https:\/\/www.athome.lu\/blog\/wp-content\/uploads\/2025\/07\/images_experts03-1-1024x572.jpg\" alt=\"\" class=\"wp-image-17619\" style=\"border-top-left-radius:13px;border-top-right-radius:13px;border-bottom-left-radius:13px;border-bottom-right-radius:13px;width:360px;height:auto\" srcset=\"https:\/\/www.athome.lu\/blog\/wp-content\/uploads\/2025\/07\/images_experts03-1-1024x572.jpg 1024w, https:\/\/www.athome.lu\/blog\/wp-content\/uploads\/2025\/07\/images_experts03-1-300x168.jpg 300w, https:\/\/www.athome.lu\/blog\/wp-content\/uploads\/2025\/07\/images_experts03-1-768x429.jpg 768w, https:\/\/www.athome.lu\/blog\/wp-content\/uploads\/2025\/07\/images_experts03-1-18x10.jpg 18w, https:\/\/www.athome.lu\/blog\/wp-content\/uploads\/2025\/07\/images_experts03-1.jpg 1200w\" sizes=\"auto, (max-width: 1024px) 100vw, 1024px\" \/><\/figure>\n<\/div>\n\n\n<p>Die Daten von Nexvia zu Transaktionen und Verkaufskompromissen im 1. Quartal 2026 best\u00e4tigen die Fortsetzung des soliden Trends im Bestandssegment.<\/p>\n\n\n\n<p>Unsere neuesten Daten von unseren Partnerbanken und aus unserer Agenturt\u00e4tigkeit lassen darauf schlie\u00dfen, dass der Markt f\u00fcr Altbauimmobilien sein Gleichgewicht wiedergefunden hat und die Preise nun seit zwei Jahren stabilisiert sind.<\/p>\n\n\n\n<p>Die tats\u00e4chlichen Verkaufspreise folgen somit den von atHome erhobenen Trends der in Luxemburg inserierten Preise (+1,5% f\u00fcr Altbauwohnungen zwischen dem 1. Quartal 2025 und dem 1. Quartal 2026). Der Verkauf von gro\u00dfen H\u00e4usern wird seit dem dritten Quartal 2025 durch das Ende der Halbierung der Registrierungsgeb\u00fchren beeintr\u00e4chtigt, was zu einer leichten Korrektur der inserierten Preise f\u00fchrt (-1,4% f\u00fcr alte H\u00e4user zwischen dem ersten Quartal 2025 und dem ersten Quartal 2026).<\/p>\n\n\n\n<p>Ohne eine gr\u00f6\u00dfere wirtschaftliche Verschlechterung erwarten wir f\u00fcr das gesamte kommende Jahr ein Verkaufsvolumen auf dem Niveau der Jahresdurchschnitte vor der Krise f\u00fcr bestehende Wohnungen und etwas weniger f\u00fcr bestehende H\u00e4user.<\/p>\n\n\n\n<blockquote class=\"wp-block-quote has-text-align-center is-layout-flow wp-block-quote-is-layout-flow\" style=\"border-style:none;border-width:0px;margin-top:0;margin-bottom:0;padding-top:var(--wp--preset--spacing--30);padding-bottom:var(--wp--preset--spacing--30)\">\n<p class=\"has-text-align-center has-medium-font-size\"><strong>W\u00e4hrend die Zahl der potenziellen Eigenheimbesitzer gro\u00df genug ist, um den Markt f\u00fcr Altbauten zu normalisieren, haben die potenziellen Investoren den Markt verlassen. Und zwar in erster Linie auf dem Neubaumarkt, wo lokale Investoren-Sparer doch so dringend ben\u00f6tigt werden.<\/strong><\/p>\n<\/blockquote>\n\n\n\n<div style=\"height:14px\" aria-hidden=\"true\" class=\"wp-block-spacer\"><\/div>\n\n\n\n<h2 class=\"wp-block-heading has-text-align-center\">Julien Licheron - Wirtschaftswissenschaftler am Liser \/ Observatorium f\u00fcr Wohnungsbau<\/h2>\n\n\n<div class=\"wp-block-image\">\n<figure class=\"aligncenter size-large is-resized has-custom-border\"><img loading=\"lazy\" decoding=\"async\" width=\"1024\" height=\"572\" src=\"https:\/\/www.athome.lu\/blog\/wp-content\/uploads\/2025\/07\/photo_expert_licheron-1024x572.jpg\" alt=\"\" class=\"wp-image-17634\" style=\"border-top-left-radius:13px;border-top-right-radius:13px;border-bottom-left-radius:13px;border-bottom-right-radius:13px;width:360px\" srcset=\"https:\/\/www.athome.lu\/blog\/wp-content\/uploads\/2025\/07\/photo_expert_licheron-1024x572.jpg 1024w, https:\/\/www.athome.lu\/blog\/wp-content\/uploads\/2025\/07\/photo_expert_licheron-300x168.jpg 300w, https:\/\/www.athome.lu\/blog\/wp-content\/uploads\/2025\/07\/photo_expert_licheron-768x429.jpg 768w, https:\/\/www.athome.lu\/blog\/wp-content\/uploads\/2025\/07\/photo_expert_licheron-18x10.jpg 18w, https:\/\/www.athome.lu\/blog\/wp-content\/uploads\/2025\/07\/photo_expert_licheron.jpg 1200w\" sizes=\"auto, (max-width: 1024px) 100vw, 1024px\" \/><\/figure>\n<\/div>\n\n\n<p>Nach den starken Turbulenzen zwischen 2022 und 2024 und den punktuellen Effekten aufgrund der Steueranreize im Jahr 2025 findet die Aktivit\u00e4t zu Beginn des Jahres 2026 zu einem \u00fcberschaubareren Rhythmus zur\u00fcck, der sich wieder auf seine Grundlagen konzentriert. Der Altbaumarkt ist der Hauptmotor: Die Aktivit\u00e4t ist hier dynamischer, gest\u00fctzt durch stabilisierte Finanzierungsbedingungen und Preise, die nicht mehr stark schwanken. <\/p>\n\n\n\n<p>Die Transaktionen n\u00e4hern sich allm\u00e4hlich dem Vorkrisenniveau an, was ein Zeichen daf\u00fcr ist, dass das Vertrauen der K\u00e4ufer zur\u00fcckkehrt.<\/p>\n\n\n\n<p>Im Gegensatz dazu ist der Markt f\u00fcr Neubauten weiterhin r\u00fcckl\u00e4ufig. Der starke R\u00fcckgang der VEFA-Verk\u00e4ufe und die Verlangsamung der Baubeginne verdeutlichen eine konjunkturelle Krise der Produktion, die langfristig das strukturelle Angebotsdefizit versch\u00e4rfen k\u00f6nnte. Diese Dualit\u00e4t zwischen einem widerstandsf\u00e4higen Altbaumarkt und einem schwierigen Neubaumarkt bleibt ein markantes Merkmal des aktuellen Zyklus.<\/p>\n\n\n\n<blockquote class=\"wp-block-quote has-text-align-center is-layout-flow wp-block-quote-is-layout-flow\" style=\"border-style:none;border-width:0px;margin-top:0;margin-bottom:0;padding-top:var(--wp--preset--spacing--20);padding-bottom:var(--wp--preset--spacing--20)\">\n<p class=\"has-text-align-center has-medium-font-size\"><strong>Auf der Preisseite ist eine allgemeine Tendenz zur Stabilisierung zu erkennen. Nach einer Periode starker Schwankungen ver\u00e4ndern sich die Werte im Jahresvergleich nur wenig. <\/strong><\/p>\n<\/blockquote>\n\n\n\n<p>Auch Verhandlungen zwischen K\u00e4ufern und Verk\u00e4ufern werden h\u00e4ufiger gef\u00fchrt, was einen ausgeglicheneren Markt widerspiegelt.<\/p>\n\n\n\n<p>Letztendlich sind die Aussichten eher ermutigend, ohne \u00fcbertrieben optimistisch zu sein. Da es keinen makro\u00f6konomischen Schock gibt, scheint der Markt in eine ges\u00fcndere Phase einzutreten, mit besserer \u00dcbersichtlichkeit, regelm\u00e4\u00dfigerer Aktivit\u00e4t und kontrollierten Preisen, aber die Spannungen im Wohnungsangebot werden weiterhin dauerhaft belasten.<\/p>\n\n\n\n<div style=\"height:14px\" aria-hidden=\"true\" class=\"wp-block-spacer\"><\/div>\n\n\n\n<h2 class=\"wp-block-heading has-text-align-center\">Joe Schmit - Managing Partner bei Vevalo<\/h2>\n\n\n<div class=\"wp-block-image\">\n<figure class=\"aligncenter size-large is-resized has-custom-border\"><img loading=\"lazy\" decoding=\"async\" width=\"1024\" height=\"572\" src=\"https:\/\/www.athome.lu\/blog\/wp-content\/uploads\/2026\/03\/JS-1024x572.jpg\" alt=\"\" class=\"wp-image-18588\" style=\"border-top-left-radius:13px;border-top-right-radius:13px;border-bottom-left-radius:13px;border-bottom-right-radius:13px;width:360px\" srcset=\"https:\/\/www.athome.lu\/blog\/wp-content\/uploads\/2026\/03\/JS-1024x572.jpg 1024w, https:\/\/www.athome.lu\/blog\/wp-content\/uploads\/2026\/03\/JS-300x168.jpg 300w, https:\/\/www.athome.lu\/blog\/wp-content\/uploads\/2026\/03\/JS-768x429.jpg 768w, https:\/\/www.athome.lu\/blog\/wp-content\/uploads\/2026\/03\/JS-18x10.jpg 18w, https:\/\/www.athome.lu\/blog\/wp-content\/uploads\/2026\/03\/JS.jpg 1200w\" sizes=\"auto, (max-width: 1024px) 100vw, 1024px\" \/><\/figure>\n<\/div>\n\n\n<p>Der luxemburgische Immobilienmarkt bewegt sich heute in zwei Geschwindigkeiten. Der Altbaumarkt h\u00e4lt sich, nachdem er bereits R\u00fcckg\u00e4nge absorbiert hat, w\u00e4hrend der Neubaumarkt, insbesondere der VEFA-Markt, eindeutig an Zugkraft verloren hat. <\/p>\n\n\n\n<blockquote class=\"wp-block-quote has-text-align-center is-layout-flow wp-block-quote-is-layout-flow\" style=\"border-style:none;border-width:0px;margin-top:0;margin-bottom:0;padding-top:var(--wp--preset--spacing--20);padding-right:0;padding-bottom:var(--wp--preset--spacing--20);padding-left:0\">\n<p class=\"has-medium-font-size\"><strong>Die Zahlen von Anfang 2026 best\u00e4tigen den Ernst der Lage, und ohne die K\u00e4ufe durch den Staat w\u00fcrde diese Schw\u00e4che in den Statistiken noch deutlicher hervortreten. <\/strong><\/p>\n<\/blockquote>\n\n\n\n<p>VEFA bleibt unter Druck, aber ihre Preise k\u00f6nnen sich nicht im gleichen Ma\u00dfe anpassen wie die Preise f\u00fcr Altbauten, da die Baukosten aufgrund zahlreicher Faktoren, die au\u00dferhalb des Einflussbereichs der Bautr\u00e4ger liegen, weiter steigen: h\u00f6here technische Anforderungen, Material-, Energie- und Finanzierungskosten sowie die Komplexit\u00e4t der Vorschriften. <\/p>\n\n\n\n<p>In diesem Zusammenhang ist es vorrangig, das Vertrauen wiederherzustellen. Die Mittelschicht muss wieder Lust und Mittel haben, in Stein zu investieren, um die Produktion von Neubauten zu unterst\u00fctzen, den Mietwohnungsbestand zu erweitern, die Mieten dauerhaft einzud\u00e4mmen und auf das Wohnungsdefizit zu reagieren, das sich in den letzten zehn Jahren des starken Bev\u00f6lkerungswachstums angesammelt hat.<\/p>\n\n\n\n<div style=\"height:14px\" aria-hidden=\"true\" class=\"wp-block-spacer\"><\/div>\n\n\n\n<h2 class=\"wp-block-heading has-text-align-center\">Maurits van Rijckevorsel - CEO bei Van Maurits Immobili\u00e8re<\/h2>\n\n\n<div class=\"wp-block-image\">\n<figure class=\"aligncenter size-large is-resized has-custom-border\"><img loading=\"lazy\" decoding=\"async\" width=\"1024\" height=\"572\" src=\"https:\/\/www.athome.lu\/blog\/wp-content\/uploads\/2026\/03\/vanmaurits-1024x572.jpg\" alt=\"\" class=\"wp-image-18575\" style=\"border-top-left-radius:13px;border-top-right-radius:13px;border-bottom-left-radius:13px;border-bottom-right-radius:13px;width:360px\" srcset=\"https:\/\/www.athome.lu\/blog\/wp-content\/uploads\/2026\/03\/vanmaurits-1024x572.jpg 1024w, https:\/\/www.athome.lu\/blog\/wp-content\/uploads\/2026\/03\/vanmaurits-300x168.jpg 300w, https:\/\/www.athome.lu\/blog\/wp-content\/uploads\/2026\/03\/vanmaurits-768x429.jpg 768w, https:\/\/www.athome.lu\/blog\/wp-content\/uploads\/2026\/03\/vanmaurits-18x10.jpg 18w, https:\/\/www.athome.lu\/blog\/wp-content\/uploads\/2026\/03\/vanmaurits.jpg 1200w\" sizes=\"auto, (max-width: 1024px) 100vw, 1024px\" \/><\/figure>\n<\/div>\n\n\n<p>Krieg im Iran, angespanntes \u00d6l, nerv\u00f6se Anleihem\u00e4rkte: Der globale Kontext Anfang 2026 belastet den luxemburgischen Immobilienmarkt schwer, und nichts deutet auf eine schnelle L\u00f6sung der Situation hin. Die Kreditzinsen steigen, getrieben von einer Risikopr\u00e4mie, die die M\u00e4rkte unabh\u00e4ngig von jeglicher Entscheidung der EZB bereits einpreisen. <\/p>\n\n\n\n<blockquote class=\"wp-block-quote has-text-align-center is-layout-flow wp-block-quote-is-layout-flow\" style=\"border-style:none;border-width:0px;margin-top:var(--wp--preset--spacing--20);margin-bottom:var(--wp--preset--spacing--20);padding-top:var(--wp--preset--spacing--20);padding-bottom:var(--wp--preset--spacing--20)\">\n<p class=\"has-text-align-center has-medium-font-size\"><strong>F\u00fcr die Kreditnehmer bedeutet jeder zus\u00e4tzliche halbe Prozentpunkt Hunderte von Euro an zus\u00e4tzlichen Monatsraten, was die gerade erst wieder aufgebaute Kaufkraft f\u00fcr Immobilien aush\u00f6hlt. <\/strong><\/p>\n<\/blockquote>\n\n\n\n<p>Doch selbst das einst unschlagbare Argument des strukturellen Wohnungsmangels reicht nicht mehr aus, um zu beruhigen: Es ist die Stimmung der K\u00e4ufer, die den Markt bestimmt, und diese Stimmung zeigt eine deutliche Verlangsamung. Die atHome-Daten belegen dies: Neubauten auf dem R\u00fcckzug, Altbauten halten sich kaum, VEFAs sind immer noch strukturell r\u00fcckl\u00e4ufig. Die optimistische Rhetorik mancher Bautr\u00e4ger kann hier kaum \u00fcberzeugen: Ohne Sichtbarkeit der Zinss\u00e4tze und ohne R\u00fcckkehr der Investoren werden neue Projekte weiterhin nur z\u00f6gerlich in Angriff genommen.<\/p>\n\n\n\n<p>Eine geopolitische Beruhigung und eine Lockerung der Kreditvergabe w\u00fcrden jedoch ausreichen, um die Nachfrage zu reaktivieren, die nach wie vor da ist, unsere luxemburgische Demografie ist immer noch solide!<\/p>\n\n\n\n<div style=\"height:17px\" aria-hidden=\"true\" class=\"wp-block-spacer\"><\/div>\n\n\n\n<p class=\"has-text-align-center\"><strong>Unsere vollst\u00e4ndige Analyse des luxemburgischen Immobilienmarktes im ersten Quartal 2026 finden Sie gleich hier. <\/strong>\ud83d\udc47\ud83c\udffb<\/p>\n\n\n\n<div class=\"wp-block-buttons is-content-justification-center is-layout-flex wp-container-core-buttons-is-layout-a89b3969 wp-block-buttons-is-layout-flex\">\n<div class=\"wp-block-button\"><a class=\"wp-block-button__link has-vivid-red-background-color has-background wp-element-button\" href=\"https:\/\/www.athome.lu\/blog\/marche-immobilier\/t1-2026-loyers-sous-tension-et-prix-de-vente-orientes-a-la-baisse\/?utm_source=blog&amp;utm_medium=bouton&amp;utm_campaign=mu-t1-2026&amp;utm_content=08%2F04%2F2026\" target=\"_blank\" rel=\"noreferrer noopener\">Analyse von T1 2026<\/a><\/div>\n<\/div>\n\n\n\n<p><\/p>","protected":false},"excerpt":{"rendered":"<p>Des prix de vente qui poursuivent leur ajustement, une baisse qui se confirme pour les appartements neufs dans un contexte encore difficile, et un march\u00e9 locatif globalement stable mais toujours sous tension : voici ce que l'on retient du premier trimestre 2026. Pour d\u00e9crypter ces \u00e9volutions, nous avons recueilli les points de vue de plusieurs [&hellip;]<\/p>\n","protected":false},"author":19,"featured_media":18613,"comment_status":"closed","ping_status":"closed","sticky":false,"template":"","format":"standard","meta":{"_acf_changed":false,"footnotes":""},"categories":[217],"tags":[],"class_list":["post-18536","post","type-post","status-publish","format-standard","has-post-thumbnail","hentry","category-marche-immobilier"],"acf":[],"yoast_head":"<!-- This site is optimized with the Yoast SEO plugin v27.4 - https:\/\/yoast.com\/product\/yoast-seo-wordpress\/ -->\n<title>Paroles d\u2019experts : ce qu\u2019il faut retenir du march\u00e9 immobilier au T1 2026 - atHome Blog<\/title>\n<meta name=\"robots\" content=\"index, follow, max-snippet:-1, max-image-preview:large, max-video-preview:-1\" \/>\n<link rel=\"canonical\" href=\"https:\/\/www.athome.lu\/blog\/de\/immobilien-markt\/experten-sprechen-uber-den-immobilienmarkt-im-1-quartal-2026\/\" \/>\n<meta property=\"og:locale\" content=\"de_DE\" \/>\n<meta property=\"og:type\" content=\"article\" \/>\n<meta property=\"og:title\" content=\"Paroles d\u2019experts : ce qu\u2019il faut retenir du march\u00e9 immobilier au T1 2026 - atHome Blog\" \/>\n<meta property=\"og:description\" content=\"Des prix de vente qui poursuivent leur ajustement, une baisse qui se confirme pour les appartements neufs dans un contexte encore difficile, et un march\u00e9 locatif globalement stable mais toujours sous tension : voici ce que l&#039;on retient du premier trimestre 2026. Pour d\u00e9crypter ces \u00e9volutions, nous avons recueilli les points de vue de plusieurs [&hellip;]\" \/>\n<meta property=\"og:url\" content=\"https:\/\/www.athome.lu\/blog\/de\/immobilien-markt\/experten-sprechen-uber-den-immobilienmarkt-im-1-quartal-2026\/\" \/>\n<meta property=\"og:site_name\" content=\"atHome Blog\" \/>\n<meta property=\"article:publisher\" content=\"https:\/\/www.facebook.com\/atHome.lu\/\" \/>\n<meta property=\"article:published_time\" content=\"2026-04-07T07:34:30+00:00\" \/>\n<meta property=\"article:modified_time\" content=\"2026-04-07T07:35:26+00:00\" \/>\n<meta property=\"og:image\" content=\"https:\/\/www.athome.lu\/blog\/wp-content\/uploads\/2026\/04\/AHP-Banniere-Wordpress-2-1024x305.png\" \/>\n\t<meta property=\"og:image:width\" content=\"1024\" \/>\n\t<meta property=\"og:image:height\" content=\"305\" \/>\n\t<meta property=\"og:image:type\" content=\"image\/png\" \/>\n<meta name=\"author\" content=\"atHome.lu\" \/>\n<meta name=\"twitter:card\" content=\"summary_large_image\" \/>\n<meta name=\"twitter:creator\" content=\"@athomelu\" \/>\n<meta name=\"twitter:site\" content=\"@athomelu\" \/>\n<meta name=\"twitter:label1\" content=\"Verfasst von\" \/>\n\t<meta name=\"twitter:data1\" content=\"atHome.lu\" \/>\n\t<meta name=\"twitter:label2\" content=\"Gesch\u00e4tzte Lesezeit\" \/>\n\t<meta name=\"twitter:data2\" content=\"6\u00a0Minuten\" \/>\n<script type=\"application\/ld+json\" class=\"yoast-schema-graph\">{\"@context\":\"https:\\\/\\\/schema.org\",\"@graph\":[{\"@type\":\"Article\",\"@id\":\"https:\\\/\\\/www.athome.lu\\\/blog\\\/marche-immobilier\\\/paroles-dexperts-ce-quil-faut-retenir-du-marche-immobilier-au-t1-2026\\\/#article\",\"isPartOf\":{\"@id\":\"https:\\\/\\\/www.athome.lu\\\/blog\\\/marche-immobilier\\\/paroles-dexperts-ce-quil-faut-retenir-du-marche-immobilier-au-t1-2026\\\/\"},\"author\":{\"name\":\"atHome.lu\",\"@id\":\"https:\\\/\\\/www.athome.lu\\\/blog\\\/#\\\/schema\\\/person\\\/6b0cae19a94059156faf7f0ce969b4a0\"},\"headline\":\"Paroles d\u2019experts : ce qu\u2019il faut retenir du march\u00e9 immobilier au T1 2026\",\"datePublished\":\"2026-04-07T07:34:30+00:00\",\"dateModified\":\"2026-04-07T07:35:26+00:00\",\"mainEntityOfPage\":{\"@id\":\"https:\\\/\\\/www.athome.lu\\\/blog\\\/marche-immobilier\\\/paroles-dexperts-ce-quil-faut-retenir-du-marche-immobilier-au-t1-2026\\\/\"},\"wordCount\":1050,\"image\":{\"@id\":\"https:\\\/\\\/www.athome.lu\\\/blog\\\/marche-immobilier\\\/paroles-dexperts-ce-quil-faut-retenir-du-marche-immobilier-au-t1-2026\\\/#primaryimage\"},\"thumbnailUrl\":\"https:\\\/\\\/www.athome.lu\\\/blog\\\/wp-content\\\/uploads\\\/2026\\\/04\\\/AHP-Banniere-Wordpress-2-scaled.png\",\"articleSection\":[\"March\u00e9 immobilier\"],\"inLanguage\":\"de\"},{\"@type\":\"WebPage\",\"@id\":\"https:\\\/\\\/www.athome.lu\\\/blog\\\/marche-immobilier\\\/paroles-dexperts-ce-quil-faut-retenir-du-marche-immobilier-au-t1-2026\\\/\",\"url\":\"https:\\\/\\\/www.athome.lu\\\/blog\\\/marche-immobilier\\\/paroles-dexperts-ce-quil-faut-retenir-du-marche-immobilier-au-t1-2026\\\/\",\"name\":\"Paroles d\u2019experts : ce qu\u2019il faut retenir du march\u00e9 immobilier au T1 2026 - atHome Blog\",\"isPartOf\":{\"@id\":\"https:\\\/\\\/www.athome.lu\\\/blog\\\/#website\"},\"primaryImageOfPage\":{\"@id\":\"https:\\\/\\\/www.athome.lu\\\/blog\\\/marche-immobilier\\\/paroles-dexperts-ce-quil-faut-retenir-du-marche-immobilier-au-t1-2026\\\/#primaryimage\"},\"image\":{\"@id\":\"https:\\\/\\\/www.athome.lu\\\/blog\\\/marche-immobilier\\\/paroles-dexperts-ce-quil-faut-retenir-du-marche-immobilier-au-t1-2026\\\/#primaryimage\"},\"thumbnailUrl\":\"https:\\\/\\\/www.athome.lu\\\/blog\\\/wp-content\\\/uploads\\\/2026\\\/04\\\/AHP-Banniere-Wordpress-2-scaled.png\",\"datePublished\":\"2026-04-07T07:34:30+00:00\",\"dateModified\":\"2026-04-07T07:35:26+00:00\",\"author\":{\"@id\":\"https:\\\/\\\/www.athome.lu\\\/blog\\\/#\\\/schema\\\/person\\\/6b0cae19a94059156faf7f0ce969b4a0\"},\"breadcrumb\":{\"@id\":\"https:\\\/\\\/www.athome.lu\\\/blog\\\/marche-immobilier\\\/paroles-dexperts-ce-quil-faut-retenir-du-marche-immobilier-au-t1-2026\\\/#breadcrumb\"},\"inLanguage\":\"de\",\"potentialAction\":[{\"@type\":\"ReadAction\",\"target\":[\"https:\\\/\\\/www.athome.lu\\\/blog\\\/marche-immobilier\\\/paroles-dexperts-ce-quil-faut-retenir-du-marche-immobilier-au-t1-2026\\\/\"]}]},{\"@type\":\"ImageObject\",\"inLanguage\":\"de\",\"@id\":\"https:\\\/\\\/www.athome.lu\\\/blog\\\/marche-immobilier\\\/paroles-dexperts-ce-quil-faut-retenir-du-marche-immobilier-au-t1-2026\\\/#primaryimage\",\"url\":\"https:\\\/\\\/www.athome.lu\\\/blog\\\/wp-content\\\/uploads\\\/2026\\\/04\\\/AHP-Banniere-Wordpress-2-scaled.png\",\"contentUrl\":\"https:\\\/\\\/www.athome.lu\\\/blog\\\/wp-content\\\/uploads\\\/2026\\\/04\\\/AHP-Banniere-Wordpress-2-scaled.png\",\"width\":2560,\"height\":763},{\"@type\":\"BreadcrumbList\",\"@id\":\"https:\\\/\\\/www.athome.lu\\\/blog\\\/marche-immobilier\\\/paroles-dexperts-ce-quil-faut-retenir-du-marche-immobilier-au-t1-2026\\\/#breadcrumb\",\"itemListElement\":[{\"@type\":\"ListItem\",\"position\":1,\"name\":\"Accueil\",\"item\":\"https:\\\/\\\/www.athome.lu\\\/blog\\\/\"},{\"@type\":\"ListItem\",\"position\":2,\"name\":\"March\u00e9 immobilier\",\"item\":\"https:\\\/\\\/www.athome.lu\\\/blog\\\/category\\\/marche-immobilier\\\/\"},{\"@type\":\"ListItem\",\"position\":3,\"name\":\"Paroles d\u2019experts : ce qu\u2019il faut retenir du march\u00e9 immobilier au T1 2026\"}]},{\"@type\":\"WebSite\",\"@id\":\"https:\\\/\\\/www.athome.lu\\\/blog\\\/#website\",\"url\":\"https:\\\/\\\/www.athome.lu\\\/blog\\\/\",\"name\":\"atHome Blog\",\"description\":\"Annonces immobili\u00e8res au Luxembourg. Le portail immobilier n\u00b01 au Luxembourg.\",\"potentialAction\":[{\"@type\":\"SearchAction\",\"target\":{\"@type\":\"EntryPoint\",\"urlTemplate\":\"https:\\\/\\\/www.athome.lu\\\/blog\\\/?s={search_term_string}\"},\"query-input\":{\"@type\":\"PropertyValueSpecification\",\"valueRequired\":true,\"valueName\":\"search_term_string\"}}],\"inLanguage\":\"de\"},{\"@type\":\"Person\",\"@id\":\"https:\\\/\\\/www.athome.lu\\\/blog\\\/#\\\/schema\\\/person\\\/6b0cae19a94059156faf7f0ce969b4a0\",\"name\":\"atHome.lu\",\"image\":{\"@type\":\"ImageObject\",\"inLanguage\":\"de\",\"@id\":\"https:\\\/\\\/secure.gravatar.com\\\/avatar\\\/aaf3e502d7787af3ce4793c226e9640b6ab8f2b336039142fc34b438e2e085e8?s=96&d=mm&r=g\",\"url\":\"https:\\\/\\\/secure.gravatar.com\\\/avatar\\\/aaf3e502d7787af3ce4793c226e9640b6ab8f2b336039142fc34b438e2e085e8?s=96&d=mm&r=g\",\"contentUrl\":\"https:\\\/\\\/secure.gravatar.com\\\/avatar\\\/aaf3e502d7787af3ce4793c226e9640b6ab8f2b336039142fc34b438e2e085e8?s=96&d=mm&r=g\",\"caption\":\"atHome.lu\"}}]}<\/script>\n<!-- \/ Yoast SEO plugin. -->","yoast_head_json":{"title":"Expertengespr\u00e4che: Was vom Immobilienmarkt im Q1 2026 zu erwarten ist - atHome Blog","robots":{"index":"index","follow":"follow","max-snippet":"max-snippet:-1","max-image-preview":"max-image-preview:large","max-video-preview":"max-video-preview:-1"},"canonical":"https:\/\/www.athome.lu\/blog\/de\/immobilien-markt\/experten-sprechen-uber-den-immobilienmarkt-im-1-quartal-2026\/","og_locale":"de_DE","og_type":"article","og_title":"Paroles d\u2019experts : ce qu\u2019il faut retenir du march\u00e9 immobilier au T1 2026 - atHome Blog","og_description":"Des prix de vente qui poursuivent leur ajustement, une baisse qui se confirme pour les appartements neufs dans un contexte encore difficile, et un march\u00e9 locatif globalement stable mais toujours sous tension : voici ce que l'on retient du premier trimestre 2026. Pour d\u00e9crypter ces \u00e9volutions, nous avons recueilli les points de vue de plusieurs [&hellip;]","og_url":"https:\/\/www.athome.lu\/blog\/de\/immobilien-markt\/experten-sprechen-uber-den-immobilienmarkt-im-1-quartal-2026\/","og_site_name":"atHome Blog","article_publisher":"https:\/\/www.facebook.com\/atHome.lu\/","article_published_time":"2026-04-07T07:34:30+00:00","article_modified_time":"2026-04-07T07:35:26+00:00","og_image":[{"width":1024,"height":305,"url":"https:\/\/www.athome.lu\/blog\/wp-content\/uploads\/2026\/04\/AHP-Banniere-Wordpress-2-1024x305.png","type":"image\/png"}],"author":"atHome.lu","twitter_card":"summary_large_image","twitter_creator":"@athomelu","twitter_site":"@athomelu","twitter_misc":{"Verfasst von":"atHome.lu","Gesch\u00e4tzte Lesezeit":"6\u00a0Minuten"},"schema":{"@context":"https:\/\/schema.org","@graph":[{"@type":"Article","@id":"https:\/\/www.athome.lu\/blog\/marche-immobilier\/paroles-dexperts-ce-quil-faut-retenir-du-marche-immobilier-au-t1-2026\/#article","isPartOf":{"@id":"https:\/\/www.athome.lu\/blog\/marche-immobilier\/paroles-dexperts-ce-quil-faut-retenir-du-marche-immobilier-au-t1-2026\/"},"author":{"name":"atHome.lu","@id":"https:\/\/www.athome.lu\/blog\/#\/schema\/person\/6b0cae19a94059156faf7f0ce969b4a0"},"headline":"Paroles d\u2019experts : ce qu\u2019il faut retenir du march\u00e9 immobilier au T1 2026","datePublished":"2026-04-07T07:34:30+00:00","dateModified":"2026-04-07T07:35:26+00:00","mainEntityOfPage":{"@id":"https:\/\/www.athome.lu\/blog\/marche-immobilier\/paroles-dexperts-ce-quil-faut-retenir-du-marche-immobilier-au-t1-2026\/"},"wordCount":1050,"image":{"@id":"https:\/\/www.athome.lu\/blog\/marche-immobilier\/paroles-dexperts-ce-quil-faut-retenir-du-marche-immobilier-au-t1-2026\/#primaryimage"},"thumbnailUrl":"https:\/\/www.athome.lu\/blog\/wp-content\/uploads\/2026\/04\/AHP-Banniere-Wordpress-2-scaled.png","articleSection":["March\u00e9 immobilier"],"inLanguage":"de"},{"@type":"WebPage","@id":"https:\/\/www.athome.lu\/blog\/marche-immobilier\/paroles-dexperts-ce-quil-faut-retenir-du-marche-immobilier-au-t1-2026\/","url":"https:\/\/www.athome.lu\/blog\/marche-immobilier\/paroles-dexperts-ce-quil-faut-retenir-du-marche-immobilier-au-t1-2026\/","name":"Expertengespr\u00e4che: Was vom Immobilienmarkt im Q1 2026 zu erwarten ist - atHome Blog","isPartOf":{"@id":"https:\/\/www.athome.lu\/blog\/#website"},"primaryImageOfPage":{"@id":"https:\/\/www.athome.lu\/blog\/marche-immobilier\/paroles-dexperts-ce-quil-faut-retenir-du-marche-immobilier-au-t1-2026\/#primaryimage"},"image":{"@id":"https:\/\/www.athome.lu\/blog\/marche-immobilier\/paroles-dexperts-ce-quil-faut-retenir-du-marche-immobilier-au-t1-2026\/#primaryimage"},"thumbnailUrl":"https:\/\/www.athome.lu\/blog\/wp-content\/uploads\/2026\/04\/AHP-Banniere-Wordpress-2-scaled.png","datePublished":"2026-04-07T07:34:30+00:00","dateModified":"2026-04-07T07:35:26+00:00","author":{"@id":"https:\/\/www.athome.lu\/blog\/#\/schema\/person\/6b0cae19a94059156faf7f0ce969b4a0"},"breadcrumb":{"@id":"https:\/\/www.athome.lu\/blog\/marche-immobilier\/paroles-dexperts-ce-quil-faut-retenir-du-marche-immobilier-au-t1-2026\/#breadcrumb"},"inLanguage":"de","potentialAction":[{"@type":"ReadAction","target":["https:\/\/www.athome.lu\/blog\/marche-immobilier\/paroles-dexperts-ce-quil-faut-retenir-du-marche-immobilier-au-t1-2026\/"]}]},{"@type":"ImageObject","inLanguage":"de","@id":"https:\/\/www.athome.lu\/blog\/marche-immobilier\/paroles-dexperts-ce-quil-faut-retenir-du-marche-immobilier-au-t1-2026\/#primaryimage","url":"https:\/\/www.athome.lu\/blog\/wp-content\/uploads\/2026\/04\/AHP-Banniere-Wordpress-2-scaled.png","contentUrl":"https:\/\/www.athome.lu\/blog\/wp-content\/uploads\/2026\/04\/AHP-Banniere-Wordpress-2-scaled.png","width":2560,"height":763},{"@type":"BreadcrumbList","@id":"https:\/\/www.athome.lu\/blog\/marche-immobilier\/paroles-dexperts-ce-quil-faut-retenir-du-marche-immobilier-au-t1-2026\/#breadcrumb","itemListElement":[{"@type":"ListItem","position":1,"name":"Accueil","item":"https:\/\/www.athome.lu\/blog\/"},{"@type":"ListItem","position":2,"name":"March\u00e9 immobilier","item":"https:\/\/www.athome.lu\/blog\/category\/marche-immobilier\/"},{"@type":"ListItem","position":3,"name":"Paroles d\u2019experts : ce qu\u2019il faut retenir du march\u00e9 immobilier au T1 2026"}]},{"@type":"WebSite","@id":"https:\/\/www.athome.lu\/blog\/#website","url":"https:\/\/www.athome.lu\/blog\/","name":"atHome Blog","description":"Immobilienanzeigen in Luxemburg. Das Immobilienportal Nr. 1 in Luxemburg.","potentialAction":[{"@type":"SearchAction","target":{"@type":"EntryPoint","urlTemplate":"https:\/\/www.athome.lu\/blog\/?s={search_term_string}"},"query-input":{"@type":"PropertyValueSpecification","valueRequired":true,"valueName":"search_term_string"}}],"inLanguage":"de"},{"@type":"Person","@id":"https:\/\/www.athome.lu\/blog\/#\/schema\/person\/6b0cae19a94059156faf7f0ce969b4a0","name":"atHome.lu","image":{"@type":"ImageObject","inLanguage":"de","@id":"https:\/\/secure.gravatar.com\/avatar\/aaf3e502d7787af3ce4793c226e9640b6ab8f2b336039142fc34b438e2e085e8?s=96&d=mm&r=g","url":"https:\/\/secure.gravatar.com\/avatar\/aaf3e502d7787af3ce4793c226e9640b6ab8f2b336039142fc34b438e2e085e8?s=96&d=mm&r=g","contentUrl":"https:\/\/secure.gravatar.com\/avatar\/aaf3e502d7787af3ce4793c226e9640b6ab8f2b336039142fc34b438e2e085e8?s=96&d=mm&r=g","caption":"atHome.lu"}}]}},"featured_media_src_url":"https:\/\/www.athome.lu\/blog\/wp-content\/uploads\/2026\/04\/AHP-Banniere-Wordpress-2-1024x305.png","_links":{"self":[{"href":"https:\/\/www.athome.lu\/blog\/de\/wp-json\/wp\/v2\/posts\/18536","targetHints":{"allow":["GET"]}}],"collection":[{"href":"https:\/\/www.athome.lu\/blog\/de\/wp-json\/wp\/v2\/posts"}],"about":[{"href":"https:\/\/www.athome.lu\/blog\/de\/wp-json\/wp\/v2\/types\/post"}],"author":[{"embeddable":true,"href":"https:\/\/www.athome.lu\/blog\/de\/wp-json\/wp\/v2\/users\/19"}],"replies":[{"embeddable":true,"href":"https:\/\/www.athome.lu\/blog\/de\/wp-json\/wp\/v2\/comments?post=18536"}],"version-history":[{"count":35,"href":"https:\/\/www.athome.lu\/blog\/de\/wp-json\/wp\/v2\/posts\/18536\/revisions"}],"predecessor-version":[{"id":18624,"href":"https:\/\/www.athome.lu\/blog\/de\/wp-json\/wp\/v2\/posts\/18536\/revisions\/18624"}],"wp:featuredmedia":[{"embeddable":true,"href":"https:\/\/www.athome.lu\/blog\/de\/wp-json\/wp\/v2\/media\/18613"}],"wp:attachment":[{"href":"https:\/\/www.athome.lu\/blog\/de\/wp-json\/wp\/v2\/media?parent=18536"}],"wp:term":[{"taxonomy":"category","embeddable":true,"href":"https:\/\/www.athome.lu\/blog\/de\/wp-json\/wp\/v2\/categories?post=18536"},{"taxonomy":"post_tag","embeddable":true,"href":"https:\/\/www.athome.lu\/blog\/de\/wp-json\/wp\/v2\/tags?post=18536"}],"curies":[{"name":"wp","href":"https:\/\/api.w.org\/{rel}","templated":true}]}}