{"id":2367,"date":"2013-03-23T16:57:55","date_gmt":"2013-03-23T15:57:55","guid":{"rendered":"https:\/\/www.athome.lu\/blog\/services\/conseils\/?p=2367"},"modified":"2022-05-11T08:55:53","modified_gmt":"2022-05-11T06:55:53","slug":"gartenmobel-zur-natur-zuruck","status":"publish","type":"post","link":"https:\/\/www.athome.lu\/blog\/de\/mon-logement\/meuble-decoration\/meubles-de-jardin-le-retour-a-la-nature\/","title":{"rendered":"Gartenm\u00f6bel: Zur\u00fcck zur Natur"},"content":{"rendered":"<p><span style=\"color: #000000;\">Die Trends - von Mode bis Design - setzen auf Natur, helle und fr\u00f6hliche Farben. Die Jahre des Minimalismus und der kalten Funktionalit\u00e4t sind vorbei, jetzt kommen W\u00e4rme und Atmosph\u00e4re zur\u00fcck. Das Ergebnis ist ein nat\u00fcrlicher Akzent im Innen- und Au\u00dfenbereich.<\/span><\/p>\n\n\n\n<p><span style=\"color: #000000;\">Materialien, Farben und Formen werden von der Natur inspiriert, so dass das Leitmotiv nicht mehr \"wir und die Erde\" lautet, sondern \"wir sind die Erde\". Diese Trends haben eine Botschaft: Sie regen uns dazu an, \u00fcber unser Konsumverhalten und unsere Umwelt nachzudenken.<\/span><\/p>\n\n\n\n<p><span style=\"color: #000000;\">Was den Garten betrifft, so gibt es keine imposanten Anlagen mit extrabreiten Platten, \u00fcberdimensionierten B\u00e4nken und riesigen Topiari als Bepflanzung mehr. Der Gartenliebhaber von heute sucht nach Authentizit\u00e4t, Identit\u00e4t, W\u00e4rme und Intimit\u00e4t.<\/span><\/p>\n\n\n\n<h2 class=\"wp-block-heading\"><span style=\"color: #000000;\"><strong>Hitze und Atmosph\u00e4re<br><\/strong><\/span><\/h2>\n\n\n\n<p><span style=\"color: #000000;\">Der k\u00fchle Minimalismus verliert an Boden zugunsten von W\u00e4rme und Atmosph\u00e4re. <em>\"Tradition, W\u00e4rme und Spiritualit\u00e4t sind die neuen Schl\u00fcsselbegriffe. In den letzten Jahren ist den Verbrauchern der Wert eines Gartens allm\u00e4hlich bewusst geworden. Ein Garten ist ein besonderer Au\u00dfenraum an der Grenze zwischen Privatleben und \u00f6ffentlichem Leben. Angesichts dieses Mentalit\u00e4tswandels interessiert man sich nicht mehr nur f\u00fcr das Aussehen des Gartens, sondern vor allem daf\u00fcr, was man mit ihm machen kann. Die funktionale Nutzung des Ortes hat an Bedeutung gewonnen und geht heute weit \u00fcber den blo\u00dfen Aufenthalt im Freien hinaus\".<\/em>sagt Bert Huls. Die Hersteller nehmen diese Entwicklungen auf und passen ihre Produkte an. Die Zeit ist reif f\u00fcr die Natur - nutzen Sie sie!<\/span><\/p>\n\n\n\n<p><span style=\"color: #000000;\">Bling-Bling vergeht, Design bleibt: Die riesigen \"Sunbeds\" und Baldachinm\u00f6bel der letzten Jahre scheinen in diesem Sommer in Vergessenheit geraten zu sein. Die Kreativit\u00e4t hat sich auf originelle Formen und clevere Accessoires verlegt, aber die Opulenz, die man noch vor einigen Jahren zur Schau stellen wollte, scheint nun nicht mehr vorhanden zu sein.<\/span><\/p>\n\n\n<section id=\"section-3-14695\" class=\"ct-section\" ><div class=\"ct-section-inner-wrap\"><div id=\"div_block-4-14695\" class=\"ct-div-block\" ><div id=\"new_columns-7-14695\" class=\"ct-new-columns\" ><div id=\"div_block-8-14695\" class=\"ct-div-block\" ><div id=\"div_block-14-14695\" class=\"ct-div-block\" ><\/div><\/div><div id=\"div_block-9-14695\" class=\"ct-div-block\" ><h1 id=\"headline-11-14695\" class=\"ct-headline\">Wie hoch sind die Immobilienpreise derzeit?<\/h1><div id=\"text_block-12-14695\" class=\"ct-text-block\" >Die Preise verlangsamen sich. Die Zinss\u00e4tze steigen. Welche Trends sind in den kommenden Monaten zu erwarten?<\/div><a id=\"link_button-13-14695\" class=\"ct-link-button\" href=\"https:\/\/www.athome.lu\/blog\/blog\/marche-immobilier\/prix\/tendances-2022\/\" target=\"_blank\"  >Analyse lesen<\/a><\/div><\/div><\/div><\/div><\/section>\n\n\n<h2 class=\"wp-block-heading\"><span style=\"color: #000000;\"><strong>Widerstandsf\u00e4hige Materialien<\/strong><\/span><\/h2>\n\n\n\n<p><span style=\"color: #000000;\">Auch urbane G\u00e4rten bestechen durch ihre Schlichtheit. Ein paar Hocker, ein gro\u00dfer Tisch und nur wenige Accessoires reichen aus, um Farbakzente zu setzen. Und auch hier gilt: Wei\u00df und die Grundfarben (Rot, Blau und Gelb) und als Muster ein paar weise Streifen. Kein maskulines Design oder ein \u00dcberma\u00df an Pflanzen und poppigen Accessoires. Man setzt vor allem auf Funktionalit\u00e4t und Gem\u00fctlichkeit, um sich auf seinem Balkon wohlzuf\u00fchlen.<\/span><\/p>\n\n\n\n<p><span style=\"color: #000000;\">Geflochtenes Harz ist unter den Materialien allgegenw\u00e4rtig. Seine Eigenschaften machen es m\u00f6glich, dass es sich den Anforderungen von Designern anpasst und alle m\u00f6glichen Formen annimmt: abgerundet, gebogen oder rechtwinklig. Und das alles mit einer hohen Widerstandsf\u00e4higkeit, auch gegen Witterungseinfl\u00fcsse. Das gilt auch f\u00fcr Textilene, eine d\u00fcnne, widerstandsf\u00e4hige Beschichtung, die weder Schimmel noch Temperaturschwankungen f\u00fcrchtet und sich ganz einfach reinigen l\u00e4sst. Das Must-have des Augenblicks. Was will man mehr? W\u00e4rme und Weichheit, werden Ihnen die Kritiker dieser neuen Materialien antworten, die sie f\u00fcr zu kalt halten. Die L\u00f6sung: Holz, das unsere G\u00e4rten nie wirklich verlassen hat, aber jetzt in einer nat\u00fcrlicheren Form zur\u00fcckkehrt.<\/span><\/p>","protected":false},"excerpt":{"rendered":"<p>Die Trends - von Mode bis Design - im Jahr 2011 setzen auf Natur, helle und fr\u00f6hliche Farben. Die Jahre des Minimalismus und der kalten Funktionalit\u00e4t sind vorbei, W\u00e4rme und Atmosph\u00e4re sind wieder da. Das Ergebnis ist ein nat\u00fcrlicher Akzent im Innen- und Au\u00dfenbereich.<\/p>","protected":false},"author":17,"featured_media":7427,"comment_status":"closed","ping_status":"open","sticky":false,"template":"","format":"standard","meta":{"_acf_changed":false,"footnotes":""},"categories":[210],"tags":[82,89],"class_list":["post-2367","post","type-post","status-publish","format-standard","has-post-thumbnail","hentry","category-meuble-decoration","tag-ameublement","tag-jardin-terrasse"],"acf":[],"yoast_head":"<!-- This site is optimized with the Yoast SEO plugin v27.4 - https:\/\/yoast.com\/product\/yoast-seo-wordpress\/ -->\n<title>\u25b7 Meubles de Jardin \u25b7\u25b7 la Tendance du Mobilier de Jardin est au Naturel | atHome<\/title>\n<meta name=\"description\" content=\"Choisissez Bien votre Mobilier de Jardin \u25b7\u25b7 Aujourd\u2019hui, un bon meuble se doit d&#039;\u00eatre chaleureux, \u00e9colo, fonctionnel et r\u00e9sistant.\" \/>\n<meta name=\"robots\" content=\"index, follow, max-snippet:-1, max-image-preview:large, max-video-preview:-1\" \/>\n<link rel=\"canonical\" href=\"https:\/\/www.athome.lu\/blog\/de\/mein-haus\/deko-mobel\/gartenmobel-zur-natur-zuruck\/\" \/>\n<meta property=\"og:locale\" content=\"de_DE\" \/>\n<meta property=\"og:type\" content=\"article\" \/>\n<meta property=\"og:title\" content=\"\u25b7 Meubles de Jardin \u25b7\u25b7 la Tendance du Mobilier de Jardin est au Naturel | atHome\" \/>\n<meta property=\"og:description\" content=\"Choisissez Bien votre Mobilier de Jardin \u25b7\u25b7 Aujourd\u2019hui, un bon meuble se doit d&#039;\u00eatre chaleureux, \u00e9colo, fonctionnel et r\u00e9sistant.\" \/>\n<meta property=\"og:url\" content=\"https:\/\/www.athome.lu\/blog\/de\/mein-haus\/deko-mobel\/gartenmobel-zur-natur-zuruck\/\" \/>\n<meta property=\"og:site_name\" content=\"atHome Blog\" \/>\n<meta property=\"article:publisher\" content=\"https:\/\/www.facebook.com\/atHome.lu\/\" \/>\n<meta property=\"article:published_time\" content=\"2013-03-23T15:57:55+00:00\" \/>\n<meta property=\"article:modified_time\" content=\"2022-05-11T06:55:53+00:00\" \/>\n<meta property=\"og:image\" content=\"https:\/\/www.athome.lu\/blog\/wp-content\/uploads\/2011\/03\/oakleigh-house-151.jpg\" \/>\n\t<meta property=\"og:image:width\" content=\"1200\" \/>\n\t<meta property=\"og:image:height\" content=\"798\" \/>\n\t<meta property=\"og:image:type\" content=\"image\/jpeg\" \/>\n<meta name=\"author\" content=\"Fanny Pimentel\" \/>\n<meta name=\"twitter:card\" content=\"summary_large_image\" \/>\n<meta name=\"twitter:creator\" content=\"@athomelu\" \/>\n<meta name=\"twitter:site\" content=\"@athomelu\" \/>\n<meta name=\"twitter:label1\" content=\"Verfasst von\" \/>\n\t<meta name=\"twitter:data1\" content=\"Fanny Pimentel\" \/>\n\t<meta name=\"twitter:label2\" content=\"Gesch\u00e4tzte Lesezeit\" \/>\n\t<meta name=\"twitter:data2\" content=\"3\u00a0Minuten\" \/>\n<script type=\"application\/ld+json\" class=\"yoast-schema-graph\">{\"@context\":\"https:\\\/\\\/schema.org\",\"@graph\":[{\"@type\":\"Article\",\"@id\":\"https:\\\/\\\/www.athome.lu\\\/blog\\\/mon-logement\\\/meuble-decoration\\\/meubles-de-jardin-le-retour-a-la-nature\\\/#article\",\"isPartOf\":{\"@id\":\"https:\\\/\\\/www.athome.lu\\\/blog\\\/mon-logement\\\/meuble-decoration\\\/meubles-de-jardin-le-retour-a-la-nature\\\/\"},\"author\":{\"name\":\"Fanny Pimentel\",\"@id\":\"https:\\\/\\\/www.athome.lu\\\/blog\\\/#\\\/schema\\\/person\\\/47f7a38089f837e792876ceddc4cb2dc\"},\"headline\":\"Meubles de jardin : le retour \u00e0 la nature\",\"datePublished\":\"2013-03-23T15:57:55+00:00\",\"dateModified\":\"2022-05-11T06:55:53+00:00\",\"mainEntityOfPage\":{\"@id\":\"https:\\\/\\\/www.athome.lu\\\/blog\\\/mon-logement\\\/meuble-decoration\\\/meubles-de-jardin-le-retour-a-la-nature\\\/\"},\"wordCount\":574,\"image\":{\"@id\":\"https:\\\/\\\/www.athome.lu\\\/blog\\\/mon-logement\\\/meuble-decoration\\\/meubles-de-jardin-le-retour-a-la-nature\\\/#primaryimage\"},\"thumbnailUrl\":\"https:\\\/\\\/www.athome.lu\\\/blog\\\/wp-content\\\/uploads\\\/2011\\\/03\\\/oakleigh-house-151.jpg\",\"keywords\":[\"Ameublement\",\"Jardin &amp; terrasse\"],\"articleSection\":[\"Meubler et D\u00e9corer\"],\"inLanguage\":\"de\"},{\"@type\":\"WebPage\",\"@id\":\"https:\\\/\\\/www.athome.lu\\\/blog\\\/mon-logement\\\/meuble-decoration\\\/meubles-de-jardin-le-retour-a-la-nature\\\/\",\"url\":\"https:\\\/\\\/www.athome.lu\\\/blog\\\/mon-logement\\\/meuble-decoration\\\/meubles-de-jardin-le-retour-a-la-nature\\\/\",\"name\":\"\u25b7 Meubles de Jardin \u25b7\u25b7 la Tendance du Mobilier de Jardin est au Naturel | atHome\",\"isPartOf\":{\"@id\":\"https:\\\/\\\/www.athome.lu\\\/blog\\\/#website\"},\"primaryImageOfPage\":{\"@id\":\"https:\\\/\\\/www.athome.lu\\\/blog\\\/mon-logement\\\/meuble-decoration\\\/meubles-de-jardin-le-retour-a-la-nature\\\/#primaryimage\"},\"image\":{\"@id\":\"https:\\\/\\\/www.athome.lu\\\/blog\\\/mon-logement\\\/meuble-decoration\\\/meubles-de-jardin-le-retour-a-la-nature\\\/#primaryimage\"},\"thumbnailUrl\":\"https:\\\/\\\/www.athome.lu\\\/blog\\\/wp-content\\\/uploads\\\/2011\\\/03\\\/oakleigh-house-151.jpg\",\"datePublished\":\"2013-03-23T15:57:55+00:00\",\"dateModified\":\"2022-05-11T06:55:53+00:00\",\"author\":{\"@id\":\"https:\\\/\\\/www.athome.lu\\\/blog\\\/#\\\/schema\\\/person\\\/47f7a38089f837e792876ceddc4cb2dc\"},\"description\":\"Choisissez Bien votre Mobilier de Jardin \u25b7\u25b7 Aujourd\u2019hui, un bon meuble se doit d'\u00eatre chaleureux, \u00e9colo, fonctionnel et r\u00e9sistant.\",\"breadcrumb\":{\"@id\":\"https:\\\/\\\/www.athome.lu\\\/blog\\\/mon-logement\\\/meuble-decoration\\\/meubles-de-jardin-le-retour-a-la-nature\\\/#breadcrumb\"},\"inLanguage\":\"de\",\"potentialAction\":[{\"@type\":\"ReadAction\",\"target\":[\"https:\\\/\\\/www.athome.lu\\\/blog\\\/mon-logement\\\/meuble-decoration\\\/meubles-de-jardin-le-retour-a-la-nature\\\/\"]}]},{\"@type\":\"ImageObject\",\"inLanguage\":\"de\",\"@id\":\"https:\\\/\\\/www.athome.lu\\\/blog\\\/mon-logement\\\/meuble-decoration\\\/meubles-de-jardin-le-retour-a-la-nature\\\/#primaryimage\",\"url\":\"https:\\\/\\\/www.athome.lu\\\/blog\\\/wp-content\\\/uploads\\\/2011\\\/03\\\/oakleigh-house-151.jpg\",\"contentUrl\":\"https:\\\/\\\/www.athome.lu\\\/blog\\\/wp-content\\\/uploads\\\/2011\\\/03\\\/oakleigh-house-151.jpg\",\"width\":1200,\"height\":798,\"caption\":\"Maison moderne avec meuble de jardin\"},{\"@type\":\"BreadcrumbList\",\"@id\":\"https:\\\/\\\/www.athome.lu\\\/blog\\\/mon-logement\\\/meuble-decoration\\\/meubles-de-jardin-le-retour-a-la-nature\\\/#breadcrumb\",\"itemListElement\":[{\"@type\":\"ListItem\",\"position\":1,\"name\":\"Accueil\",\"item\":\"https:\\\/\\\/www.athome.lu\\\/blog\\\/\"},{\"@type\":\"ListItem\",\"position\":2,\"name\":\"Mon logement\",\"item\":\"https:\\\/\\\/www.athome.lu\\\/blog\\\/de\\\/category\\\/mein-haus\\\/\"},{\"@type\":\"ListItem\",\"position\":3,\"name\":\"Meubler et D\u00e9corer\",\"item\":\"https:\\\/\\\/www.athome.lu\\\/blog\\\/de\\\/category\\\/mein-haus\\\/deko-mobel\\\/\"},{\"@type\":\"ListItem\",\"position\":4,\"name\":\"Meubles de jardin : le retour \u00e0 la nature\"}]},{\"@type\":\"WebSite\",\"@id\":\"https:\\\/\\\/www.athome.lu\\\/blog\\\/#website\",\"url\":\"https:\\\/\\\/www.athome.lu\\\/blog\\\/\",\"name\":\"atHome Blog\",\"description\":\"Annonces immobili\u00e8res au Luxembourg. Le portail immobilier n\u00b01 au Luxembourg.\",\"potentialAction\":[{\"@type\":\"SearchAction\",\"target\":{\"@type\":\"EntryPoint\",\"urlTemplate\":\"https:\\\/\\\/www.athome.lu\\\/blog\\\/?s={search_term_string}\"},\"query-input\":{\"@type\":\"PropertyValueSpecification\",\"valueRequired\":true,\"valueName\":\"search_term_string\"}}],\"inLanguage\":\"de\"},{\"@type\":\"Person\",\"@id\":\"https:\\\/\\\/www.athome.lu\\\/blog\\\/#\\\/schema\\\/person\\\/47f7a38089f837e792876ceddc4cb2dc\",\"name\":\"Fanny Pimentel\",\"image\":{\"@type\":\"ImageObject\",\"inLanguage\":\"de\",\"@id\":\"https:\\\/\\\/secure.gravatar.com\\\/avatar\\\/c60b27b93851dc9503f9cc9150e73dcb0a86ba6150657e5e4b11d988400bc633?s=96&d=mm&r=g\",\"url\":\"https:\\\/\\\/secure.gravatar.com\\\/avatar\\\/c60b27b93851dc9503f9cc9150e73dcb0a86ba6150657e5e4b11d988400bc633?s=96&d=mm&r=g\",\"contentUrl\":\"https:\\\/\\\/secure.gravatar.com\\\/avatar\\\/c60b27b93851dc9503f9cc9150e73dcb0a86ba6150657e5e4b11d988400bc633?s=96&d=mm&r=g\",\"caption\":\"Fanny Pimentel\"}}]}<\/script>\n<!-- \/ Yoast SEO plugin. -->","yoast_head_json":{"title":"\u25b7 Gartenm\u00f6bel \u25b7\u25b7 der Trend bei Gartenm\u00f6beln geht zur Nat\u00fcrlichkeit | atHome","description":"W\u00e4hlen Sie Ihre Gartenm\u00f6bel richtig aus \u25b7\u25b7 Heutzutage muss ein gutes M\u00f6belst\u00fcck warm, umweltfreundlich, funktional und strapazierf\u00e4hig sein.","robots":{"index":"index","follow":"follow","max-snippet":"max-snippet:-1","max-image-preview":"max-image-preview:large","max-video-preview":"max-video-preview:-1"},"canonical":"https:\/\/www.athome.lu\/blog\/de\/mein-haus\/deko-mobel\/gartenmobel-zur-natur-zuruck\/","og_locale":"de_DE","og_type":"article","og_title":"\u25b7 Meubles de Jardin \u25b7\u25b7 la Tendance du Mobilier de Jardin est au Naturel | atHome","og_description":"Choisissez Bien votre Mobilier de Jardin \u25b7\u25b7 Aujourd\u2019hui, un bon meuble se doit d'\u00eatre chaleureux, \u00e9colo, fonctionnel et r\u00e9sistant.","og_url":"https:\/\/www.athome.lu\/blog\/de\/mein-haus\/deko-mobel\/gartenmobel-zur-natur-zuruck\/","og_site_name":"atHome Blog","article_publisher":"https:\/\/www.facebook.com\/atHome.lu\/","article_published_time":"2013-03-23T15:57:55+00:00","article_modified_time":"2022-05-11T06:55:53+00:00","og_image":[{"width":1200,"height":798,"url":"https:\/\/www.athome.lu\/blog\/wp-content\/uploads\/2011\/03\/oakleigh-house-151.jpg","type":"image\/jpeg"}],"author":"Fanny Pimentel","twitter_card":"summary_large_image","twitter_creator":"@athomelu","twitter_site":"@athomelu","twitter_misc":{"Verfasst von":"Fanny Pimentel","Gesch\u00e4tzte Lesezeit":"3\u00a0Minuten"},"schema":{"@context":"https:\/\/schema.org","@graph":[{"@type":"Article","@id":"https:\/\/www.athome.lu\/blog\/mon-logement\/meuble-decoration\/meubles-de-jardin-le-retour-a-la-nature\/#article","isPartOf":{"@id":"https:\/\/www.athome.lu\/blog\/mon-logement\/meuble-decoration\/meubles-de-jardin-le-retour-a-la-nature\/"},"author":{"name":"Fanny Pimentel","@id":"https:\/\/www.athome.lu\/blog\/#\/schema\/person\/47f7a38089f837e792876ceddc4cb2dc"},"headline":"Meubles de jardin : le retour \u00e0 la nature","datePublished":"2013-03-23T15:57:55+00:00","dateModified":"2022-05-11T06:55:53+00:00","mainEntityOfPage":{"@id":"https:\/\/www.athome.lu\/blog\/mon-logement\/meuble-decoration\/meubles-de-jardin-le-retour-a-la-nature\/"},"wordCount":574,"image":{"@id":"https:\/\/www.athome.lu\/blog\/mon-logement\/meuble-decoration\/meubles-de-jardin-le-retour-a-la-nature\/#primaryimage"},"thumbnailUrl":"https:\/\/www.athome.lu\/blog\/wp-content\/uploads\/2011\/03\/oakleigh-house-151.jpg","keywords":["Ameublement","Jardin &amp; terrasse"],"articleSection":["Meubler et D\u00e9corer"],"inLanguage":"de"},{"@type":"WebPage","@id":"https:\/\/www.athome.lu\/blog\/mon-logement\/meuble-decoration\/meubles-de-jardin-le-retour-a-la-nature\/","url":"https:\/\/www.athome.lu\/blog\/mon-logement\/meuble-decoration\/meubles-de-jardin-le-retour-a-la-nature\/","name":"\u25b7 Gartenm\u00f6bel \u25b7\u25b7 der Trend bei Gartenm\u00f6beln geht zur Nat\u00fcrlichkeit | atHome","isPartOf":{"@id":"https:\/\/www.athome.lu\/blog\/#website"},"primaryImageOfPage":{"@id":"https:\/\/www.athome.lu\/blog\/mon-logement\/meuble-decoration\/meubles-de-jardin-le-retour-a-la-nature\/#primaryimage"},"image":{"@id":"https:\/\/www.athome.lu\/blog\/mon-logement\/meuble-decoration\/meubles-de-jardin-le-retour-a-la-nature\/#primaryimage"},"thumbnailUrl":"https:\/\/www.athome.lu\/blog\/wp-content\/uploads\/2011\/03\/oakleigh-house-151.jpg","datePublished":"2013-03-23T15:57:55+00:00","dateModified":"2022-05-11T06:55:53+00:00","author":{"@id":"https:\/\/www.athome.lu\/blog\/#\/schema\/person\/47f7a38089f837e792876ceddc4cb2dc"},"description":"W\u00e4hlen Sie Ihre Gartenm\u00f6bel richtig aus \u25b7\u25b7 Heutzutage muss ein gutes M\u00f6belst\u00fcck warm, umweltfreundlich, funktional und strapazierf\u00e4hig sein.","breadcrumb":{"@id":"https:\/\/www.athome.lu\/blog\/mon-logement\/meuble-decoration\/meubles-de-jardin-le-retour-a-la-nature\/#breadcrumb"},"inLanguage":"de","potentialAction":[{"@type":"ReadAction","target":["https:\/\/www.athome.lu\/blog\/mon-logement\/meuble-decoration\/meubles-de-jardin-le-retour-a-la-nature\/"]}]},{"@type":"ImageObject","inLanguage":"de","@id":"https:\/\/www.athome.lu\/blog\/mon-logement\/meuble-decoration\/meubles-de-jardin-le-retour-a-la-nature\/#primaryimage","url":"https:\/\/www.athome.lu\/blog\/wp-content\/uploads\/2011\/03\/oakleigh-house-151.jpg","contentUrl":"https:\/\/www.athome.lu\/blog\/wp-content\/uploads\/2011\/03\/oakleigh-house-151.jpg","width":1200,"height":798,"caption":"Maison moderne avec meuble de jardin"},{"@type":"BreadcrumbList","@id":"https:\/\/www.athome.lu\/blog\/mon-logement\/meuble-decoration\/meubles-de-jardin-le-retour-a-la-nature\/#breadcrumb","itemListElement":[{"@type":"ListItem","position":1,"name":"Accueil","item":"https:\/\/www.athome.lu\/blog\/"},{"@type":"ListItem","position":2,"name":"Mon logement","item":"https:\/\/www.athome.lu\/blog\/de\/category\/mein-haus\/"},{"@type":"ListItem","position":3,"name":"Meubler et D\u00e9corer","item":"https:\/\/www.athome.lu\/blog\/de\/category\/mein-haus\/deko-mobel\/"},{"@type":"ListItem","position":4,"name":"Meubles de jardin : le retour \u00e0 la nature"}]},{"@type":"WebSite","@id":"https:\/\/www.athome.lu\/blog\/#website","url":"https:\/\/www.athome.lu\/blog\/","name":"atHome Blog","description":"Immobilienanzeigen in Luxemburg. Das Immobilienportal Nr. 1 in Luxemburg.","potentialAction":[{"@type":"SearchAction","target":{"@type":"EntryPoint","urlTemplate":"https:\/\/www.athome.lu\/blog\/?s={search_term_string}"},"query-input":{"@type":"PropertyValueSpecification","valueRequired":true,"valueName":"search_term_string"}}],"inLanguage":"de"},{"@type":"Person","@id":"https:\/\/www.athome.lu\/blog\/#\/schema\/person\/47f7a38089f837e792876ceddc4cb2dc","name":"Fanny Pimentel","image":{"@type":"ImageObject","inLanguage":"de","@id":"https:\/\/secure.gravatar.com\/avatar\/c60b27b93851dc9503f9cc9150e73dcb0a86ba6150657e5e4b11d988400bc633?s=96&d=mm&r=g","url":"https:\/\/secure.gravatar.com\/avatar\/c60b27b93851dc9503f9cc9150e73dcb0a86ba6150657e5e4b11d988400bc633?s=96&d=mm&r=g","contentUrl":"https:\/\/secure.gravatar.com\/avatar\/c60b27b93851dc9503f9cc9150e73dcb0a86ba6150657e5e4b11d988400bc633?s=96&d=mm&r=g","caption":"Fanny Pimentel"}}]}},"featured_media_src_url":"https:\/\/www.athome.lu\/blog\/wp-content\/uploads\/2011\/03\/oakleigh-house-151-1024x681.jpg","_links":{"self":[{"href":"https:\/\/www.athome.lu\/blog\/de\/wp-json\/wp\/v2\/posts\/2367","targetHints":{"allow":["GET"]}}],"collection":[{"href":"https:\/\/www.athome.lu\/blog\/de\/wp-json\/wp\/v2\/posts"}],"about":[{"href":"https:\/\/www.athome.lu\/blog\/de\/wp-json\/wp\/v2\/types\/post"}],"author":[{"embeddable":true,"href":"https:\/\/www.athome.lu\/blog\/de\/wp-json\/wp\/v2\/users\/17"}],"replies":[{"embeddable":true,"href":"https:\/\/www.athome.lu\/blog\/de\/wp-json\/wp\/v2\/comments?post=2367"}],"version-history":[{"count":2,"href":"https:\/\/www.athome.lu\/blog\/de\/wp-json\/wp\/v2\/posts\/2367\/revisions"}],"predecessor-version":[{"id":14746,"href":"https:\/\/www.athome.lu\/blog\/de\/wp-json\/wp\/v2\/posts\/2367\/revisions\/14746"}],"wp:featuredmedia":[{"embeddable":true,"href":"https:\/\/www.athome.lu\/blog\/de\/wp-json\/wp\/v2\/media\/7427"}],"wp:attachment":[{"href":"https:\/\/www.athome.lu\/blog\/de\/wp-json\/wp\/v2\/media?parent=2367"}],"wp:term":[{"taxonomy":"category","embeddable":true,"href":"https:\/\/www.athome.lu\/blog\/de\/wp-json\/wp\/v2\/categories?post=2367"},{"taxonomy":"post_tag","embeddable":true,"href":"https:\/\/www.athome.lu\/blog\/de\/wp-json\/wp\/v2\/tags?post=2367"}],"curies":[{"name":"wp","href":"https:\/\/api.w.org\/{rel}","templated":true}]}}