{"id":3281,"date":"2011-10-28T11:19:59","date_gmt":"2011-10-28T10:19:59","guid":{"rendered":"https:\/\/www.athome.lu\/blog\/services\/conseils\/?p=3281"},"modified":"2022-05-11T08:45:40","modified_gmt":"2022-05-11T06:45:40","slug":"stundenwechsel-um-energie-zu-sparen-und-zu-hause-wie-tun-sie-es","status":"publish","type":"post","link":"https:\/\/www.athome.lu\/blog\/de\/mon-logement\/efficacite-energetique\/changer-lheure-pour-economiser-lenergie-et-a-la-maison-comment-faites-vous\/","title":{"rendered":"Die Zeit umstellen, um Energie zu sparen... Und wie machen Sie das zu Hause?"},"content":{"rendered":"<p class=\"has-text-align-center\">&nbsp;<\/p>\n\n\n\n<p>Luxemburg und alle Europ\u00e4er m\u00fcssen ihre Uhren an diesem Wochenende um eine Stunde zur\u00fcckstellen.<\/p>\n\n\n\n<p>Am Sonntag um 3 Uhr morgens ist der Sommer vorbei! Wir stellen auf Winterzeit um: Um 3 Uhr wird es 2 Uhr sein.<\/p>\n\n\n\n<p>Diese Zeitumstellung betrifft Luxemburg und die anderen europ\u00e4ischen L\u00e4nder. Im Vergleich zur GMT betr\u00e4gt der Unterschied nur noch eine statt zwei Stunden.<\/p>\n\n\n\n<p>Das Sommer-Winter-Doppelstundensystem wurde 1975 in Frankreich nach der \u00d6lkrise eingef\u00fchrt, um Energieeinsparungen zu erm\u00f6glichen, indem die Aktivit\u00e4tszeiten mit den Sonnenscheinzeiten zusammenfallen, um den Bedarf an Beleuchtung zu begrenzen.<\/p>\n\n\n\n<p>Auch Sie k\u00f6nnen direkt auf den Energieverbrauch einwirken und Gesten anwenden, mit denen Sie Ihren Wasser- und Stromverbrauch senken k\u00f6nnen<\/p>\n\n\n\n<p>S<strong>haben Sie, dass die Heizung und die elektrischen Ger\u00e4te im Haus durchschnittlich 85% Energie verbrauchen?<\/strong> Wenn Sie sich die richtigen Verhaltensweisen aneignen, k\u00f6nnen Sie au\u00dferdem in einer ges\u00fcnderen Wohnung leben.<\/p>\n\n\n\n<p>- Vermeiden Sie eine \u00dcberhitzung! Um sich in seiner Wohnung wohl zu f\u00fchlen, ist eine Raumtemperatur von 19 \u00b0C im Wohnraum und 17 \u00b0C im Schlafzimmer v\u00f6llig ausreichend. Au\u00dferdem ist es ges\u00fcnder. Wenn Sie fr\u00f6steln, sollten Sie zuerst daran denken, sich zuzudecken, bevor Sie den Thermostat h\u00f6her stellen. Ist es sinnvoll, in einem auf 22 \u00b0C geheizten Haus mit nackten Armen herumzulaufen? Wenn Sie mehrere Tage weg sind, denken Sie daran, die Heizung auszuschalten oder im Winter auf 12 \u00b0C herunterzufahren.<\/p>\n\n\n\n<p>- Denken Sie auch daran, den Raum vor den Heizk\u00f6rpern frei zu machen, damit sich die W\u00e4rme richtig verteilen kann.<\/p>\n\n\n\n<p>- L\u00fcften Sie jeden Morgen f\u00fcnf Minuten lang. Die Luft im Haus ist durch VOCs (Formaldehyde, L\u00f6sungsmittel ...) verunreinigt, daher ist es notwendig, das Haus zu reinigen, indem man die Fenster \u00f6ffnet und vorher die Heizung abstellt.<\/p>\n\n\n\n<p>- Ob im Winter, um die K\u00e4lte abzuhalten, oder im Sommer, um die Sonnenstrahlen zu stoppen - mit Fensterl\u00e4den k\u00f6nnen Sie zu gro\u00dfe Temperaturunterschiede, die es zwischen drinnen und drau\u00dfen geben kann, abwehren. So behalten Sie im Winter die W\u00e4rme der Wohnung und im Sommer die K\u00fchle.<\/p>\n\n\n<section id=\"section-3-14695\" class=\"ct-section\" ><div class=\"ct-section-inner-wrap\"><div id=\"div_block-4-14695\" class=\"ct-div-block\" ><div id=\"new_columns-7-14695\" class=\"ct-new-columns\" ><div id=\"div_block-8-14695\" class=\"ct-div-block\" ><div id=\"div_block-14-14695\" class=\"ct-div-block\" ><\/div><\/div><div id=\"div_block-9-14695\" class=\"ct-div-block\" ><h1 id=\"headline-11-14695\" class=\"ct-headline\">Wie hoch sind die Immobilienpreise derzeit?<\/h1><div id=\"text_block-12-14695\" class=\"ct-text-block\" >Die Preise verlangsamen sich. Die Zinss\u00e4tze steigen. Welche Trends sind in den kommenden Monaten zu erwarten?<\/div><a id=\"link_button-13-14695\" class=\"ct-link-button\" href=\"https:\/\/www.athome.lu\/blog\/blog\/marche-immobilier\/prix\/tendances-2022\/\" target=\"_blank\"  >Analyse lesen<\/a><\/div><\/div><\/div><\/div><\/section>\n\n\n<p>- Kontrollieren Sie Ihren Boiler: Eine Wassertemperatur von 60\u00b0C reicht v\u00f6llig aus, dar\u00fcber hinaus steigt der Verbrauch unn\u00f6tig an (+30% bei einer Wassererw\u00e4rmung auf 80\u00b0C).<\/p>\n\n\n\n<p>- Heizk\u00f6rper entl\u00fcften: 2 Mal pro Jahr f\u00fcr optimale Effizienz<\/p>\n\n\n\n<p>- W\u00e4hlen Sie die richtigen Ger\u00e4te aus: K\u00fchlschrank, Waschmaschine, Backofen... Haushaltsger\u00e4te haben ein Energieetikett, das sie von sehr sparsam (A oder sogar A+++) bis sehr energieintensiv (G) klassifiziert. Wenn Sie die richtige Wahl treffen, k\u00f6nnen Sie viel Geld sparen.<\/p>\n\n\n\n<p>- Vergessen Sie nicht die \u00d6ko-Gesten: Lassen Sie Ger\u00e4te nicht eingeschaltet, wenn Sie sie nicht benutzen. Der \"Standby\"-Modus verbraucht trotzdem Energie, und zwar umsonst<\/p>\n\n\n\n<p>- Wasser ist ein kostbares Gut, das nicht unersch\u00f6pflich ist! Beim Z\u00e4hneputzen das Wasser abzustellen, eine leckende Toilettensp\u00fclung zu reparieren ... Das z\u00e4hlt!<\/p>\n\n\n\n<p>Jetzt sind Sie bereit, zu Hause Energie zu sparen!<\/p>\n\n\n\n<p><em>Quelle: consoglobe.com<\/em><\/p>","protected":false},"excerpt":{"rendered":"<p>&nbsp; Le Luxembourg et l'ensemble des Europ\u00e9ens devront reculer leur montre d'une heure ce week-end. Dimanche \u00e0 3h du matin, fini l\u2019\u00e9t\u00e9! Nous passons \u00e0 l\u2019heure d\u2019hiver&nbsp;: \u00e0 3h, il sera donc 2h. Ce changement d\u2019heure concerne le Luxembourg et les autres pays europ\u00e9ens. Par rapport \u00e0 l\u2019heure GMT la diff\u00e9rence ne sera plus que [&hellip;]<\/p>\n","protected":false},"author":17,"featured_media":7350,"comment_status":"closed","ping_status":"open","sticky":false,"template":"","format":"standard","meta":{"_acf_changed":false,"footnotes":""},"categories":[211],"tags":[83],"class_list":["post-3281","post","type-post","status-publish","format-standard","has-post-thumbnail","hentry","category-efficacite-energetique","tag-energie"],"acf":[],"yoast_head":"<!-- This site is optimized with the Yoast SEO plugin v27.4 - https:\/\/yoast.com\/product\/yoast-seo-wordpress\/ -->\n<title>Changer l&#039;heure, pour \u00e9conomiser l&#039;\u00e9nergie...Et \u00e0 la maison comment faites vous? - atHome Blog<\/title>\n<meta name=\"robots\" content=\"index, follow, max-snippet:-1, max-image-preview:large, max-video-preview:-1\" \/>\n<link rel=\"canonical\" href=\"https:\/\/www.athome.lu\/blog\/de\/mein-haus\/energieeffizienz\/stundenwechsel-um-energie-zu-sparen-und-zu-hause-wie-tun-sie-es\/\" \/>\n<meta property=\"og:locale\" content=\"de_DE\" \/>\n<meta property=\"og:type\" content=\"article\" \/>\n<meta property=\"og:title\" content=\"Changer l&#039;heure, pour \u00e9conomiser l&#039;\u00e9nergie...Et \u00e0 la maison comment faites vous? - atHome Blog\" \/>\n<meta property=\"og:description\" content=\"&nbsp; Le Luxembourg et l&#039;ensemble des Europ\u00e9ens devront reculer leur montre d&#039;une heure ce week-end. Dimanche \u00e0 3h du matin, fini l\u2019\u00e9t\u00e9! Nous passons \u00e0 l\u2019heure d\u2019hiver&nbsp;: \u00e0 3h, il sera donc 2h. Ce changement d\u2019heure concerne le Luxembourg et les autres pays europ\u00e9ens. Par rapport \u00e0 l\u2019heure GMT la diff\u00e9rence ne sera plus que [&hellip;]\" \/>\n<meta property=\"og:url\" content=\"https:\/\/www.athome.lu\/blog\/de\/mein-haus\/energieeffizienz\/stundenwechsel-um-energie-zu-sparen-und-zu-hause-wie-tun-sie-es\/\" \/>\n<meta property=\"og:site_name\" content=\"atHome Blog\" \/>\n<meta property=\"article:publisher\" content=\"https:\/\/www.facebook.com\/atHome.lu\/\" \/>\n<meta property=\"article:published_time\" content=\"2011-10-28T10:19:59+00:00\" \/>\n<meta property=\"article:modified_time\" content=\"2022-05-11T06:45:40+00:00\" \/>\n<meta property=\"og:image\" content=\"https:\/\/www.athome.lu\/blog\/wp-content\/uploads\/2015\/01\/iStock_000066983205_XXXLarge-scaled.jpg\" \/>\n\t<meta property=\"og:image:width\" content=\"2560\" \/>\n\t<meta property=\"og:image:height\" content=\"1708\" \/>\n\t<meta property=\"og:image:type\" content=\"image\/jpeg\" \/>\n<meta name=\"author\" content=\"Fanny Pimentel\" \/>\n<meta name=\"twitter:card\" content=\"summary_large_image\" \/>\n<meta name=\"twitter:creator\" content=\"@athomelu\" \/>\n<meta name=\"twitter:site\" content=\"@athomelu\" \/>\n<meta name=\"twitter:label1\" content=\"Verfasst von\" \/>\n\t<meta name=\"twitter:data1\" content=\"Fanny Pimentel\" \/>\n\t<meta name=\"twitter:label2\" content=\"Gesch\u00e4tzte Lesezeit\" \/>\n\t<meta name=\"twitter:data2\" content=\"3\u00a0Minuten\" \/>\n<script type=\"application\/ld+json\" class=\"yoast-schema-graph\">{\"@context\":\"https:\\\/\\\/schema.org\",\"@graph\":[{\"@type\":\"Article\",\"@id\":\"https:\\\/\\\/www.athome.lu\\\/blog\\\/mon-logement\\\/efficacite-energetique\\\/changer-lheure-pour-economiser-lenergie-et-a-la-maison-comment-faites-vous\\\/#article\",\"isPartOf\":{\"@id\":\"https:\\\/\\\/www.athome.lu\\\/blog\\\/mon-logement\\\/efficacite-energetique\\\/changer-lheure-pour-economiser-lenergie-et-a-la-maison-comment-faites-vous\\\/\"},\"author\":{\"name\":\"Fanny Pimentel\",\"@id\":\"https:\\\/\\\/www.athome.lu\\\/blog\\\/#\\\/schema\\\/person\\\/47f7a38089f837e792876ceddc4cb2dc\"},\"headline\":\"Changer l'heure, pour \u00e9conomiser l'\u00e9nergie...Et \u00e0 la maison comment faites vous?\",\"datePublished\":\"2011-10-28T10:19:59+00:00\",\"dateModified\":\"2022-05-11T06:45:40+00:00\",\"mainEntityOfPage\":{\"@id\":\"https:\\\/\\\/www.athome.lu\\\/blog\\\/mon-logement\\\/efficacite-energetique\\\/changer-lheure-pour-economiser-lenergie-et-a-la-maison-comment-faites-vous\\\/\"},\"wordCount\":609,\"image\":{\"@id\":\"https:\\\/\\\/www.athome.lu\\\/blog\\\/mon-logement\\\/efficacite-energetique\\\/changer-lheure-pour-economiser-lenergie-et-a-la-maison-comment-faites-vous\\\/#primaryimage\"},\"thumbnailUrl\":\"https:\\\/\\\/www.athome.lu\\\/blog\\\/wp-content\\\/uploads\\\/2015\\\/01\\\/iStock_000066983205_XXXLarge-scaled.jpg\",\"keywords\":[\"Energie\"],\"articleSection\":[\"Efficacit\u00e9 \u00e9nerg\u00e9tique\"],\"inLanguage\":\"de\"},{\"@type\":\"WebPage\",\"@id\":\"https:\\\/\\\/www.athome.lu\\\/blog\\\/mon-logement\\\/efficacite-energetique\\\/changer-lheure-pour-economiser-lenergie-et-a-la-maison-comment-faites-vous\\\/\",\"url\":\"https:\\\/\\\/www.athome.lu\\\/blog\\\/mon-logement\\\/efficacite-energetique\\\/changer-lheure-pour-economiser-lenergie-et-a-la-maison-comment-faites-vous\\\/\",\"name\":\"Changer l'heure, pour \u00e9conomiser l'\u00e9nergie...Et \u00e0 la maison comment faites vous? - atHome Blog\",\"isPartOf\":{\"@id\":\"https:\\\/\\\/www.athome.lu\\\/blog\\\/#website\"},\"primaryImageOfPage\":{\"@id\":\"https:\\\/\\\/www.athome.lu\\\/blog\\\/mon-logement\\\/efficacite-energetique\\\/changer-lheure-pour-economiser-lenergie-et-a-la-maison-comment-faites-vous\\\/#primaryimage\"},\"image\":{\"@id\":\"https:\\\/\\\/www.athome.lu\\\/blog\\\/mon-logement\\\/efficacite-energetique\\\/changer-lheure-pour-economiser-lenergie-et-a-la-maison-comment-faites-vous\\\/#primaryimage\"},\"thumbnailUrl\":\"https:\\\/\\\/www.athome.lu\\\/blog\\\/wp-content\\\/uploads\\\/2015\\\/01\\\/iStock_000066983205_XXXLarge-scaled.jpg\",\"datePublished\":\"2011-10-28T10:19:59+00:00\",\"dateModified\":\"2022-05-11T06:45:40+00:00\",\"author\":{\"@id\":\"https:\\\/\\\/www.athome.lu\\\/blog\\\/#\\\/schema\\\/person\\\/47f7a38089f837e792876ceddc4cb2dc\"},\"breadcrumb\":{\"@id\":\"https:\\\/\\\/www.athome.lu\\\/blog\\\/mon-logement\\\/efficacite-energetique\\\/changer-lheure-pour-economiser-lenergie-et-a-la-maison-comment-faites-vous\\\/#breadcrumb\"},\"inLanguage\":\"de\",\"potentialAction\":[{\"@type\":\"ReadAction\",\"target\":[\"https:\\\/\\\/www.athome.lu\\\/blog\\\/mon-logement\\\/efficacite-energetique\\\/changer-lheure-pour-economiser-lenergie-et-a-la-maison-comment-faites-vous\\\/\"]}]},{\"@type\":\"ImageObject\",\"inLanguage\":\"de\",\"@id\":\"https:\\\/\\\/www.athome.lu\\\/blog\\\/mon-logement\\\/efficacite-energetique\\\/changer-lheure-pour-economiser-lenergie-et-a-la-maison-comment-faites-vous\\\/#primaryimage\",\"url\":\"https:\\\/\\\/www.athome.lu\\\/blog\\\/wp-content\\\/uploads\\\/2015\\\/01\\\/iStock_000066983205_XXXLarge-scaled.jpg\",\"contentUrl\":\"https:\\\/\\\/www.athome.lu\\\/blog\\\/wp-content\\\/uploads\\\/2015\\\/01\\\/iStock_000066983205_XXXLarge-scaled.jpg\",\"width\":2560,\"height\":1708,\"caption\":\"R\u00e9sidence d'appartement neuf au luxembourg\"},{\"@type\":\"BreadcrumbList\",\"@id\":\"https:\\\/\\\/www.athome.lu\\\/blog\\\/mon-logement\\\/efficacite-energetique\\\/changer-lheure-pour-economiser-lenergie-et-a-la-maison-comment-faites-vous\\\/#breadcrumb\",\"itemListElement\":[{\"@type\":\"ListItem\",\"position\":1,\"name\":\"Accueil\",\"item\":\"https:\\\/\\\/www.athome.lu\\\/blog\\\/\"},{\"@type\":\"ListItem\",\"position\":2,\"name\":\"Mon logement\",\"item\":\"https:\\\/\\\/www.athome.lu\\\/blog\\\/de\\\/category\\\/mein-haus\\\/\"},{\"@type\":\"ListItem\",\"position\":3,\"name\":\"Efficacit\u00e9 \u00e9nerg\u00e9tique\",\"item\":\"https:\\\/\\\/www.athome.lu\\\/blog\\\/category\\\/mon-logement\\\/efficacite-energetique\\\/\"},{\"@type\":\"ListItem\",\"position\":4,\"name\":\"Changer l'heure, pour \u00e9conomiser l'\u00e9nergie...Et \u00e0 la maison comment faites vous?\"}]},{\"@type\":\"WebSite\",\"@id\":\"https:\\\/\\\/www.athome.lu\\\/blog\\\/#website\",\"url\":\"https:\\\/\\\/www.athome.lu\\\/blog\\\/\",\"name\":\"atHome Blog\",\"description\":\"Annonces immobili\u00e8res au Luxembourg. Le portail immobilier n\u00b01 au Luxembourg.\",\"potentialAction\":[{\"@type\":\"SearchAction\",\"target\":{\"@type\":\"EntryPoint\",\"urlTemplate\":\"https:\\\/\\\/www.athome.lu\\\/blog\\\/?s={search_term_string}\"},\"query-input\":{\"@type\":\"PropertyValueSpecification\",\"valueRequired\":true,\"valueName\":\"search_term_string\"}}],\"inLanguage\":\"de\"},{\"@type\":\"Person\",\"@id\":\"https:\\\/\\\/www.athome.lu\\\/blog\\\/#\\\/schema\\\/person\\\/47f7a38089f837e792876ceddc4cb2dc\",\"name\":\"Fanny Pimentel\",\"image\":{\"@type\":\"ImageObject\",\"inLanguage\":\"de\",\"@id\":\"https:\\\/\\\/secure.gravatar.com\\\/avatar\\\/c60b27b93851dc9503f9cc9150e73dcb0a86ba6150657e5e4b11d988400bc633?s=96&d=mm&r=g\",\"url\":\"https:\\\/\\\/secure.gravatar.com\\\/avatar\\\/c60b27b93851dc9503f9cc9150e73dcb0a86ba6150657e5e4b11d988400bc633?s=96&d=mm&r=g\",\"contentUrl\":\"https:\\\/\\\/secure.gravatar.com\\\/avatar\\\/c60b27b93851dc9503f9cc9150e73dcb0a86ba6150657e5e4b11d988400bc633?s=96&d=mm&r=g\",\"caption\":\"Fanny Pimentel\"}}]}<\/script>\n<!-- \/ Yoast SEO plugin. -->","yoast_head_json":{"title":"Die Zeit umstellen, um Energie zu sparen...Und wie machen Sie das zu Hause? - atHome Blog","robots":{"index":"index","follow":"follow","max-snippet":"max-snippet:-1","max-image-preview":"max-image-preview:large","max-video-preview":"max-video-preview:-1"},"canonical":"https:\/\/www.athome.lu\/blog\/de\/mein-haus\/energieeffizienz\/stundenwechsel-um-energie-zu-sparen-und-zu-hause-wie-tun-sie-es\/","og_locale":"de_DE","og_type":"article","og_title":"Changer l'heure, pour \u00e9conomiser l'\u00e9nergie...Et \u00e0 la maison comment faites vous? - atHome Blog","og_description":"&nbsp; Le Luxembourg et l'ensemble des Europ\u00e9ens devront reculer leur montre d'une heure ce week-end. Dimanche \u00e0 3h du matin, fini l\u2019\u00e9t\u00e9! Nous passons \u00e0 l\u2019heure d\u2019hiver&nbsp;: \u00e0 3h, il sera donc 2h. Ce changement d\u2019heure concerne le Luxembourg et les autres pays europ\u00e9ens. Par rapport \u00e0 l\u2019heure GMT la diff\u00e9rence ne sera plus que [&hellip;]","og_url":"https:\/\/www.athome.lu\/blog\/de\/mein-haus\/energieeffizienz\/stundenwechsel-um-energie-zu-sparen-und-zu-hause-wie-tun-sie-es\/","og_site_name":"atHome Blog","article_publisher":"https:\/\/www.facebook.com\/atHome.lu\/","article_published_time":"2011-10-28T10:19:59+00:00","article_modified_time":"2022-05-11T06:45:40+00:00","og_image":[{"width":2560,"height":1708,"url":"https:\/\/www.athome.lu\/blog\/wp-content\/uploads\/2015\/01\/iStock_000066983205_XXXLarge-scaled.jpg","type":"image\/jpeg"}],"author":"Fanny Pimentel","twitter_card":"summary_large_image","twitter_creator":"@athomelu","twitter_site":"@athomelu","twitter_misc":{"Verfasst von":"Fanny Pimentel","Gesch\u00e4tzte Lesezeit":"3\u00a0Minuten"},"schema":{"@context":"https:\/\/schema.org","@graph":[{"@type":"Article","@id":"https:\/\/www.athome.lu\/blog\/mon-logement\/efficacite-energetique\/changer-lheure-pour-economiser-lenergie-et-a-la-maison-comment-faites-vous\/#article","isPartOf":{"@id":"https:\/\/www.athome.lu\/blog\/mon-logement\/efficacite-energetique\/changer-lheure-pour-economiser-lenergie-et-a-la-maison-comment-faites-vous\/"},"author":{"name":"Fanny Pimentel","@id":"https:\/\/www.athome.lu\/blog\/#\/schema\/person\/47f7a38089f837e792876ceddc4cb2dc"},"headline":"Changer l'heure, pour \u00e9conomiser l'\u00e9nergie...Et \u00e0 la maison comment faites vous?","datePublished":"2011-10-28T10:19:59+00:00","dateModified":"2022-05-11T06:45:40+00:00","mainEntityOfPage":{"@id":"https:\/\/www.athome.lu\/blog\/mon-logement\/efficacite-energetique\/changer-lheure-pour-economiser-lenergie-et-a-la-maison-comment-faites-vous\/"},"wordCount":609,"image":{"@id":"https:\/\/www.athome.lu\/blog\/mon-logement\/efficacite-energetique\/changer-lheure-pour-economiser-lenergie-et-a-la-maison-comment-faites-vous\/#primaryimage"},"thumbnailUrl":"https:\/\/www.athome.lu\/blog\/wp-content\/uploads\/2015\/01\/iStock_000066983205_XXXLarge-scaled.jpg","keywords":["Energie"],"articleSection":["Efficacit\u00e9 \u00e9nerg\u00e9tique"],"inLanguage":"de"},{"@type":"WebPage","@id":"https:\/\/www.athome.lu\/blog\/mon-logement\/efficacite-energetique\/changer-lheure-pour-economiser-lenergie-et-a-la-maison-comment-faites-vous\/","url":"https:\/\/www.athome.lu\/blog\/mon-logement\/efficacite-energetique\/changer-lheure-pour-economiser-lenergie-et-a-la-maison-comment-faites-vous\/","name":"Die Zeit umstellen, um Energie zu sparen...Und wie machen Sie das zu Hause? - atHome Blog","isPartOf":{"@id":"https:\/\/www.athome.lu\/blog\/#website"},"primaryImageOfPage":{"@id":"https:\/\/www.athome.lu\/blog\/mon-logement\/efficacite-energetique\/changer-lheure-pour-economiser-lenergie-et-a-la-maison-comment-faites-vous\/#primaryimage"},"image":{"@id":"https:\/\/www.athome.lu\/blog\/mon-logement\/efficacite-energetique\/changer-lheure-pour-economiser-lenergie-et-a-la-maison-comment-faites-vous\/#primaryimage"},"thumbnailUrl":"https:\/\/www.athome.lu\/blog\/wp-content\/uploads\/2015\/01\/iStock_000066983205_XXXLarge-scaled.jpg","datePublished":"2011-10-28T10:19:59+00:00","dateModified":"2022-05-11T06:45:40+00:00","author":{"@id":"https:\/\/www.athome.lu\/blog\/#\/schema\/person\/47f7a38089f837e792876ceddc4cb2dc"},"breadcrumb":{"@id":"https:\/\/www.athome.lu\/blog\/mon-logement\/efficacite-energetique\/changer-lheure-pour-economiser-lenergie-et-a-la-maison-comment-faites-vous\/#breadcrumb"},"inLanguage":"de","potentialAction":[{"@type":"ReadAction","target":["https:\/\/www.athome.lu\/blog\/mon-logement\/efficacite-energetique\/changer-lheure-pour-economiser-lenergie-et-a-la-maison-comment-faites-vous\/"]}]},{"@type":"ImageObject","inLanguage":"de","@id":"https:\/\/www.athome.lu\/blog\/mon-logement\/efficacite-energetique\/changer-lheure-pour-economiser-lenergie-et-a-la-maison-comment-faites-vous\/#primaryimage","url":"https:\/\/www.athome.lu\/blog\/wp-content\/uploads\/2015\/01\/iStock_000066983205_XXXLarge-scaled.jpg","contentUrl":"https:\/\/www.athome.lu\/blog\/wp-content\/uploads\/2015\/01\/iStock_000066983205_XXXLarge-scaled.jpg","width":2560,"height":1708,"caption":"R\u00e9sidence d'appartement neuf au luxembourg"},{"@type":"BreadcrumbList","@id":"https:\/\/www.athome.lu\/blog\/mon-logement\/efficacite-energetique\/changer-lheure-pour-economiser-lenergie-et-a-la-maison-comment-faites-vous\/#breadcrumb","itemListElement":[{"@type":"ListItem","position":1,"name":"Accueil","item":"https:\/\/www.athome.lu\/blog\/"},{"@type":"ListItem","position":2,"name":"Mon logement","item":"https:\/\/www.athome.lu\/blog\/de\/category\/mein-haus\/"},{"@type":"ListItem","position":3,"name":"Efficacit\u00e9 \u00e9nerg\u00e9tique","item":"https:\/\/www.athome.lu\/blog\/category\/mon-logement\/efficacite-energetique\/"},{"@type":"ListItem","position":4,"name":"Changer l'heure, pour \u00e9conomiser l'\u00e9nergie...Et \u00e0 la maison comment faites vous?"}]},{"@type":"WebSite","@id":"https:\/\/www.athome.lu\/blog\/#website","url":"https:\/\/www.athome.lu\/blog\/","name":"atHome Blog","description":"Immobilienanzeigen in Luxemburg. Das Immobilienportal Nr. 1 in Luxemburg.","potentialAction":[{"@type":"SearchAction","target":{"@type":"EntryPoint","urlTemplate":"https:\/\/www.athome.lu\/blog\/?s={search_term_string}"},"query-input":{"@type":"PropertyValueSpecification","valueRequired":true,"valueName":"search_term_string"}}],"inLanguage":"de"},{"@type":"Person","@id":"https:\/\/www.athome.lu\/blog\/#\/schema\/person\/47f7a38089f837e792876ceddc4cb2dc","name":"Fanny Pimentel","image":{"@type":"ImageObject","inLanguage":"de","@id":"https:\/\/secure.gravatar.com\/avatar\/c60b27b93851dc9503f9cc9150e73dcb0a86ba6150657e5e4b11d988400bc633?s=96&d=mm&r=g","url":"https:\/\/secure.gravatar.com\/avatar\/c60b27b93851dc9503f9cc9150e73dcb0a86ba6150657e5e4b11d988400bc633?s=96&d=mm&r=g","contentUrl":"https:\/\/secure.gravatar.com\/avatar\/c60b27b93851dc9503f9cc9150e73dcb0a86ba6150657e5e4b11d988400bc633?s=96&d=mm&r=g","caption":"Fanny Pimentel"}}]}},"featured_media_src_url":"https:\/\/www.athome.lu\/blog\/wp-content\/uploads\/2015\/01\/iStock_000066983205_XXXLarge-scaled-1024x683.jpg","_links":{"self":[{"href":"https:\/\/www.athome.lu\/blog\/de\/wp-json\/wp\/v2\/posts\/3281","targetHints":{"allow":["GET"]}}],"collection":[{"href":"https:\/\/www.athome.lu\/blog\/de\/wp-json\/wp\/v2\/posts"}],"about":[{"href":"https:\/\/www.athome.lu\/blog\/de\/wp-json\/wp\/v2\/types\/post"}],"author":[{"embeddable":true,"href":"https:\/\/www.athome.lu\/blog\/de\/wp-json\/wp\/v2\/users\/17"}],"replies":[{"embeddable":true,"href":"https:\/\/www.athome.lu\/blog\/de\/wp-json\/wp\/v2\/comments?post=3281"}],"version-history":[{"count":2,"href":"https:\/\/www.athome.lu\/blog\/de\/wp-json\/wp\/v2\/posts\/3281\/revisions"}],"predecessor-version":[{"id":14731,"href":"https:\/\/www.athome.lu\/blog\/de\/wp-json\/wp\/v2\/posts\/3281\/revisions\/14731"}],"wp:featuredmedia":[{"embeddable":true,"href":"https:\/\/www.athome.lu\/blog\/de\/wp-json\/wp\/v2\/media\/7350"}],"wp:attachment":[{"href":"https:\/\/www.athome.lu\/blog\/de\/wp-json\/wp\/v2\/media?parent=3281"}],"wp:term":[{"taxonomy":"category","embeddable":true,"href":"https:\/\/www.athome.lu\/blog\/de\/wp-json\/wp\/v2\/categories?post=3281"},{"taxonomy":"post_tag","embeddable":true,"href":"https:\/\/www.athome.lu\/blog\/de\/wp-json\/wp\/v2\/tags?post=3281"}],"curies":[{"name":"wp","href":"https:\/\/api.w.org\/{rel}","templated":true}]}}