{"id":3585,"date":"2018-09-05T10:01:11","date_gmt":"2018-09-05T09:01:11","guid":{"rendered":"https:\/\/www.athome.lu\/blog\/services\/conseils\/?p=3585"},"modified":"2022-05-11T16:58:40","modified_gmt":"2022-05-11T14:58:40","slug":"des-ideen-fur-ehrenhafte-salons","status":"publish","type":"post","link":"https:\/\/www.athome.lu\/blog\/de\/mon-logement\/meuble-decoration\/des-idees-pour-salon-chaleureux\/","title":{"rendered":"Ideen f\u00fcr ein gem\u00fctliches Wohnzimmer"},"content":{"rendered":"<p class=\"has-text-align-left\"><span style=\"color: #000000;\">Am Ende eines Arbeitstages gibt es nichts Sch\u00f6neres als ein warmes Zuhause, eine bequeme Couch, ein beruhigendes Wohnzimmer, in dem man sich in aller Ruhe entspannen kann. Dieser Raum ist auch der, in dem man seine G\u00e4ste empf\u00e4ngt, zu einem sympathischen Aperitif.<\/span><\/p>\n\n\n\n<p class=\"has-text-align-left\"><span style=\"color: #000000;\">Das Wohnzimmer, ein Ort zum Faulenzen wie auch zum Feiern, muss einladend, warm und entspannend sein. Alles auf einmal. Vor allem aber muss es dem Zweck entsprechen, f\u00fcr den Sie es nutzen. Das hindert jedoch niemanden daran, ihm Charakter zu verleihen!<\/span><\/p>\n\n\n\n<h2 class=\"wp-block-heading\"><span style=\"color: #000000;\"><strong>Zu definierende R\u00e4ume<\/strong><\/span><\/h2>\n\n\n\n<p class=\"has-text-align-left\"><span style=\"color: #000000;\">Alle Fachleute werden Ihnen sagen: Bevor man die Einrichtung eines Raumes \u00fcberdenkt, muss man das Volumen und die Anordnung in Betracht ziehen. Es gibt nichts Besseres als <strong>einen kleinen Plan erstellen<\/strong> der die Zug\u00e4nge zum Raum ber\u00fccksichtigt, die Lage der Steckdosen, die die richtige Beleuchtung, aber auch den Fernseher oder die Stereoanlage versorgen sollen. All diese Aspekte m\u00fcssen ber\u00fccksichtigt werden. Vor allem aber sollte man an die Gewohnheiten und Funktionen seines Wohnzimmers denken. Auf dieser Grundlage und mithilfe einiger Messungen k\u00f6nnen Sie Ihre M\u00f6bel besser ausw\u00e4hlen.<\/span><\/p>\n\n\n\n<h2 class=\"wp-block-heading\"><span style=\"color: #000000;\"><strong>Farben f\u00fcr den Charakter<\/strong><\/span><\/h2>\n\n\n\n<p class=\"has-text-align-left\"><span style=\"color: #000000;\">Es ist besser, wenn Sie die Dekoration Ihres Wohnzimmers vom Boden bis zur Decke in Betracht ziehen. An Ideen mangelt es nicht, Sie brauchen nur die Seiten von Zeitschriften umzubl\u00e4ttern oder ein paar Klicks im Internet zu machen, um sich inspirieren zu lassen. Aber unzusammenh\u00e4ngende, schlecht arrangierte Elemente werden nicht den besten Effekt erzielen. Harmonie, bitte! Bevor Sie also an M\u00f6bel oder Dekoration denken, sollten Sie sich Gedanken \u00fcber den Bodenbelag und die Farbe der W\u00e4nde machen.<\/span><\/p>\n\n\n\n<p><span style=\"color: #000000;\">Das ist die <a href=\"https:\/\/www.athome.lu\/blog\/blog\/8-couleurs-pour-transformer-une-piece\/\"><strong>Wandfarbe, die die Atmosph\u00e4re des Raumes schafft<\/strong><\/a>. Ein paar Tipps ... Orange zum Beispiel bringt Schwung und Vitamine in die Wohnung. Warme Farben regen generell den Enthusiasmus an. Wei\u00df ist ein Synonym f\u00fcr Reinheit. Sie l\u00e4sst einen Raum gr\u00f6\u00dfer wirken. Interessant f\u00fcr kleinere Wohnzimmer. F\u00fcr eine designorientierte Einrichtung sollte man auf Violett setzen. Dieses neigt dazu, zur Meditation einzuladen. Schwarz sollte nur teilweise verwendet werden. Farben, die sich auf die nat\u00fcrliche Umgebung beziehen, sind ebenfalls im Trend. Ein warmes Braun oder ein sch\u00f6nes Gr\u00fcn sind ideal.<\/span><br><span style=\"color: #000000;\">Heutzutage ist alles m\u00f6glich, je nach den individuellen Erwartungen, aber auch je nachdem, wie man sein Wohnzimmer nutzt. Au\u00dferdem lassen sich alle Farben mehr oder weniger gut miteinander kombinieren. Mit Geschmack, Sie entscheiden, wie.<\/span><\/p>\n\n\n<section id=\"section-3-14695\" class=\"ct-section\" ><div class=\"ct-section-inner-wrap\"><div id=\"div_block-4-14695\" class=\"ct-div-block\" ><div id=\"new_columns-7-14695\" class=\"ct-new-columns\" ><div id=\"div_block-8-14695\" class=\"ct-div-block\" ><div id=\"div_block-14-14695\" class=\"ct-div-block\" ><\/div><\/div><div id=\"div_block-9-14695\" class=\"ct-div-block\" ><h1 id=\"headline-11-14695\" class=\"ct-headline\">Wie hoch sind die Immobilienpreise derzeit?<\/h1><div id=\"text_block-12-14695\" class=\"ct-text-block\" >Die Preise verlangsamen sich. Die Zinss\u00e4tze steigen. Welche Trends sind in den kommenden Monaten zu erwarten?<\/div><a id=\"link_button-13-14695\" class=\"ct-link-button\" href=\"https:\/\/www.athome.lu\/blog\/blog\/marche-immobilier\/prix\/tendances-2022\/\" target=\"_blank\"  >Analyse lesen<\/a><\/div><\/div><\/div><\/div><\/section>\n\n\n<h2 class=\"wp-block-heading\"><span style=\"color: #000000;\"><strong>Zwischen Parkett und Fliesen<\/strong><\/span><\/h2>\n\n\n\n<p class=\"has-text-align-left\"><span style=\"color: #000000;\">Bei der Bodenbedeckung f\u00fcr ein Wohn- und Multifunktionszimmer kann man nichts falsch machen. In seinem Wohnzimmer kann man sowohl arbeiten als auch essen. Es ist ein Raum, in dem sich auch die Kinder austoben k\u00f6nnen. Denken Sie also vor der Wahl des Bodenbelags an den Kaffee, der darauf versch\u00fcttet werden k\u00f6nnte, wie Klebstoff oder Farbe von einer Heimwerkeraktion, die in einer Katastrophe endet. In einem Wohnzimmer, das direkt in den Garten f\u00fchrt, sollten Sie sich f\u00fcr den Bodenbelag entscheiden.<strong>e Fliesen<\/strong>. Aber heute <strong>von Parkettb\u00f6den<\/strong> Die meisten von ihnen sind leicht zu reinigen und verleihen Ihrer Wohnung den sch\u00f6nsten Effekt.<\/span><\/p>\n\n\n\n<h2 class=\"wp-block-heading\"><span style=\"color: #000000;\"><strong>M\u00f6blieren und dekorieren<\/strong><\/span><\/h2>\n\n\n\n<p class=\"has-text-align-left\"><span style=\"color: #000000;\">Nachdem Sie Ihrem Wohnzimmer seinen Charakter verliehen haben, sollten Sie es noch weiter ausschm\u00fccken. Hier wird der erstellte kleine Plan sehr hilfreich sein. Brauchen Sie eine Arbeitsecke oder reicht ein Couchtisch? Sehen Sie dort nur fern oder verbringen Sie mehr Zeit mit B\u00fcchern? Die Beleuchtung und die Einrichtung h\u00e4ngen von den Antworten auf all Ihre Fragen ab. Danach wird es Ihnen durch die M\u00f6bel leicht fallen, Ihrem Wohnzimmer das gew\u00fcnschte Flair zu verleihen. Es liegt an Ihnen, sie gut auszuw\u00e4hlen, damit sie sich harmonisch in dieses Wohnzimmer einf\u00fcgen, mit dem Charakter, den Sie ihm verleihen wollten.<\/span><\/p>","protected":false},"excerpt":{"rendered":"<p>A la fin d\u2019une journ\u00e9e de travail, rien de tel que de retrouver un int\u00e9rieur chaleureux, un divan confortable, un salon apaisant dans lequel on pourra se relaxer tranquillement. Cette pi\u00e8ce est aussi celle dans laquelle on accueillera ses invit\u00e9s, pour un sympathique ap\u00e9ro. Le salon, lieu de farniente comme de f\u00eate, doit \u00eatre accueillant, [&hellip;]<\/p>\n","protected":false},"author":17,"featured_media":13111,"comment_status":"closed","ping_status":"open","sticky":false,"template":"","format":"standard","meta":{"_acf_changed":false,"footnotes":""},"categories":[210],"tags":[79,108],"class_list":["post-3585","post","type-post","status-publish","format-standard","has-post-thumbnail","hentry","category-meuble-decoration","tag-decoration","tag-sejour"],"acf":[],"yoast_head":"<!-- This site is optimized with the Yoast SEO plugin v27.4 - https:\/\/yoast.com\/product\/yoast-seo-wordpress\/ -->\n<title>\u25b7 D\u00e9coration Salon \u25b7\u25b7 Des id\u00e9es pour un Salon Chaleureux | atHome<\/title>\n<meta name=\"description\" content=\"Comment R\u00e9ussir l&#039;Am\u00e9nagement de Votre Salon ? atHome vous donne des id\u00e9es d\u00e9co pour cr\u00e9er une ambiance chaleureuse.\" \/>\n<meta name=\"robots\" content=\"index, follow, max-snippet:-1, max-image-preview:large, max-video-preview:-1\" \/>\n<link rel=\"canonical\" href=\"https:\/\/www.athome.lu\/blog\/de\/mein-haus\/deko-mobel\/des-ideen-fur-ehrenhafte-salons\/\" \/>\n<meta property=\"og:locale\" content=\"de_DE\" \/>\n<meta property=\"og:type\" content=\"article\" \/>\n<meta property=\"og:title\" content=\"\u25b7 D\u00e9coration Salon \u25b7\u25b7 Des id\u00e9es pour un Salon Chaleureux | atHome\" \/>\n<meta property=\"og:description\" content=\"Comment R\u00e9ussir l&#039;Am\u00e9nagement de Votre Salon ? atHome vous donne des id\u00e9es d\u00e9co pour cr\u00e9er une ambiance chaleureuse.\" \/>\n<meta property=\"og:url\" content=\"https:\/\/www.athome.lu\/blog\/de\/mein-haus\/deko-mobel\/des-ideen-fur-ehrenhafte-salons\/\" \/>\n<meta property=\"og:site_name\" content=\"atHome Blog\" \/>\n<meta property=\"article:publisher\" content=\"https:\/\/www.facebook.com\/atHome.lu\/\" \/>\n<meta property=\"article:published_time\" content=\"2018-09-05T09:01:11+00:00\" \/>\n<meta property=\"article:modified_time\" content=\"2022-05-11T14:58:40+00:00\" \/>\n<meta property=\"og:image\" content=\"https:\/\/www.athome.lu\/blog\/wp-content\/uploads\/2018\/09\/Sans-titre-26.png\" \/>\n\t<meta property=\"og:image:width\" content=\"1200\" \/>\n\t<meta property=\"og:image:height\" content=\"800\" \/>\n\t<meta property=\"og:image:type\" content=\"image\/png\" \/>\n<meta name=\"author\" content=\"Fanny Pimentel\" \/>\n<meta name=\"twitter:card\" content=\"summary_large_image\" \/>\n<meta name=\"twitter:title\" content=\"\u25b7 D\u00e9coration Salon \u25b7\u25b7 Des id\u00e9es pour un Salon Chaleureux | atHome\" \/>\n<meta name=\"twitter:description\" content=\"Comment R\u00e9ussir l&#039;Am\u00e9nagement de Votre Salon ? atHome vous donne des id\u00e9es d\u00e9co pour cr\u00e9er une ambiance chaleureuse.\" \/>\n<meta name=\"twitter:creator\" content=\"@athomelu\" \/>\n<meta name=\"twitter:site\" content=\"@athomelu\" \/>\n<meta name=\"twitter:label1\" content=\"Verfasst von\" \/>\n\t<meta name=\"twitter:data1\" content=\"Fanny Pimentel\" \/>\n\t<meta name=\"twitter:label2\" content=\"Gesch\u00e4tzte Lesezeit\" \/>\n\t<meta name=\"twitter:data2\" content=\"4\u00a0Minuten\" \/>\n<script type=\"application\/ld+json\" class=\"yoast-schema-graph\">{\"@context\":\"https:\\\/\\\/schema.org\",\"@graph\":[{\"@type\":\"Article\",\"@id\":\"https:\\\/\\\/www.athome.lu\\\/blog\\\/mon-logement\\\/meuble-decoration\\\/des-idees-pour-salon-chaleureux\\\/#article\",\"isPartOf\":{\"@id\":\"https:\\\/\\\/www.athome.lu\\\/blog\\\/mon-logement\\\/meuble-decoration\\\/des-idees-pour-salon-chaleureux\\\/\"},\"author\":{\"name\":\"Fanny Pimentel\",\"@id\":\"https:\\\/\\\/www.athome.lu\\\/blog\\\/#\\\/schema\\\/person\\\/47f7a38089f837e792876ceddc4cb2dc\"},\"headline\":\"Des id\u00e9es pour un salon chaleureux\",\"datePublished\":\"2018-09-05T09:01:11+00:00\",\"dateModified\":\"2022-05-11T14:58:40+00:00\",\"mainEntityOfPage\":{\"@id\":\"https:\\\/\\\/www.athome.lu\\\/blog\\\/mon-logement\\\/meuble-decoration\\\/des-idees-pour-salon-chaleureux\\\/\"},\"wordCount\":672,\"image\":{\"@id\":\"https:\\\/\\\/www.athome.lu\\\/blog\\\/mon-logement\\\/meuble-decoration\\\/des-idees-pour-salon-chaleureux\\\/#primaryimage\"},\"thumbnailUrl\":\"https:\\\/\\\/www.athome.lu\\\/blog\\\/wp-content\\\/uploads\\\/2018\\\/09\\\/Sans-titre-26.png\",\"keywords\":[\"D\u00e9coration\",\"S\u00e9jour\"],\"articleSection\":[\"Meubler et D\u00e9corer\"],\"inLanguage\":\"de\"},{\"@type\":\"WebPage\",\"@id\":\"https:\\\/\\\/www.athome.lu\\\/blog\\\/mon-logement\\\/meuble-decoration\\\/des-idees-pour-salon-chaleureux\\\/\",\"url\":\"https:\\\/\\\/www.athome.lu\\\/blog\\\/mon-logement\\\/meuble-decoration\\\/des-idees-pour-salon-chaleureux\\\/\",\"name\":\"\u25b7 D\u00e9coration Salon \u25b7\u25b7 Des id\u00e9es pour un Salon Chaleureux | atHome\",\"isPartOf\":{\"@id\":\"https:\\\/\\\/www.athome.lu\\\/blog\\\/#website\"},\"primaryImageOfPage\":{\"@id\":\"https:\\\/\\\/www.athome.lu\\\/blog\\\/mon-logement\\\/meuble-decoration\\\/des-idees-pour-salon-chaleureux\\\/#primaryimage\"},\"image\":{\"@id\":\"https:\\\/\\\/www.athome.lu\\\/blog\\\/mon-logement\\\/meuble-decoration\\\/des-idees-pour-salon-chaleureux\\\/#primaryimage\"},\"thumbnailUrl\":\"https:\\\/\\\/www.athome.lu\\\/blog\\\/wp-content\\\/uploads\\\/2018\\\/09\\\/Sans-titre-26.png\",\"datePublished\":\"2018-09-05T09:01:11+00:00\",\"dateModified\":\"2022-05-11T14:58:40+00:00\",\"author\":{\"@id\":\"https:\\\/\\\/www.athome.lu\\\/blog\\\/#\\\/schema\\\/person\\\/47f7a38089f837e792876ceddc4cb2dc\"},\"description\":\"Comment R\u00e9ussir l'Am\u00e9nagement de Votre Salon ? atHome vous donne des id\u00e9es d\u00e9co pour cr\u00e9er une ambiance chaleureuse.\",\"breadcrumb\":{\"@id\":\"https:\\\/\\\/www.athome.lu\\\/blog\\\/mon-logement\\\/meuble-decoration\\\/des-idees-pour-salon-chaleureux\\\/#breadcrumb\"},\"inLanguage\":\"de\",\"potentialAction\":[{\"@type\":\"ReadAction\",\"target\":[\"https:\\\/\\\/www.athome.lu\\\/blog\\\/mon-logement\\\/meuble-decoration\\\/des-idees-pour-salon-chaleureux\\\/\"]}]},{\"@type\":\"ImageObject\",\"inLanguage\":\"de\",\"@id\":\"https:\\\/\\\/www.athome.lu\\\/blog\\\/mon-logement\\\/meuble-decoration\\\/des-idees-pour-salon-chaleureux\\\/#primaryimage\",\"url\":\"https:\\\/\\\/www.athome.lu\\\/blog\\\/wp-content\\\/uploads\\\/2018\\\/09\\\/Sans-titre-26.png\",\"contentUrl\":\"https:\\\/\\\/www.athome.lu\\\/blog\\\/wp-content\\\/uploads\\\/2018\\\/09\\\/Sans-titre-26.png\",\"width\":1200,\"height\":800},{\"@type\":\"BreadcrumbList\",\"@id\":\"https:\\\/\\\/www.athome.lu\\\/blog\\\/mon-logement\\\/meuble-decoration\\\/des-idees-pour-salon-chaleureux\\\/#breadcrumb\",\"itemListElement\":[{\"@type\":\"ListItem\",\"position\":1,\"name\":\"Accueil\",\"item\":\"https:\\\/\\\/www.athome.lu\\\/blog\\\/\"},{\"@type\":\"ListItem\",\"position\":2,\"name\":\"Mon logement\",\"item\":\"https:\\\/\\\/www.athome.lu\\\/blog\\\/de\\\/category\\\/mein-haus\\\/\"},{\"@type\":\"ListItem\",\"position\":3,\"name\":\"Meubler et D\u00e9corer\",\"item\":\"https:\\\/\\\/www.athome.lu\\\/blog\\\/de\\\/category\\\/mein-haus\\\/deko-mobel\\\/\"},{\"@type\":\"ListItem\",\"position\":4,\"name\":\"Des id\u00e9es pour un salon chaleureux\"}]},{\"@type\":\"WebSite\",\"@id\":\"https:\\\/\\\/www.athome.lu\\\/blog\\\/#website\",\"url\":\"https:\\\/\\\/www.athome.lu\\\/blog\\\/\",\"name\":\"atHome Blog\",\"description\":\"Annonces immobili\u00e8res au Luxembourg. Le portail immobilier n\u00b01 au Luxembourg.\",\"potentialAction\":[{\"@type\":\"SearchAction\",\"target\":{\"@type\":\"EntryPoint\",\"urlTemplate\":\"https:\\\/\\\/www.athome.lu\\\/blog\\\/?s={search_term_string}\"},\"query-input\":{\"@type\":\"PropertyValueSpecification\",\"valueRequired\":true,\"valueName\":\"search_term_string\"}}],\"inLanguage\":\"de\"},{\"@type\":\"Person\",\"@id\":\"https:\\\/\\\/www.athome.lu\\\/blog\\\/#\\\/schema\\\/person\\\/47f7a38089f837e792876ceddc4cb2dc\",\"name\":\"Fanny Pimentel\",\"image\":{\"@type\":\"ImageObject\",\"inLanguage\":\"de\",\"@id\":\"https:\\\/\\\/secure.gravatar.com\\\/avatar\\\/c60b27b93851dc9503f9cc9150e73dcb0a86ba6150657e5e4b11d988400bc633?s=96&d=mm&r=g\",\"url\":\"https:\\\/\\\/secure.gravatar.com\\\/avatar\\\/c60b27b93851dc9503f9cc9150e73dcb0a86ba6150657e5e4b11d988400bc633?s=96&d=mm&r=g\",\"contentUrl\":\"https:\\\/\\\/secure.gravatar.com\\\/avatar\\\/c60b27b93851dc9503f9cc9150e73dcb0a86ba6150657e5e4b11d988400bc633?s=96&d=mm&r=g\",\"caption\":\"Fanny Pimentel\"}}]}<\/script>\n<!-- \/ Yoast SEO plugin. -->","yoast_head_json":{"title":"\u25b7 Dekoration Wohnzimmer \u25b7\u25b7 Ideen f\u00fcr ein gem\u00fctliches Wohnzimmer | atHome","description":"Wie gelingt Ihnen die Einrichtung Ihres Wohnzimmers? atHome gibt Ihnen Dekorationsideen, um eine gem\u00fctliche Atmosph\u00e4re zu schaffen.","robots":{"index":"index","follow":"follow","max-snippet":"max-snippet:-1","max-image-preview":"max-image-preview:large","max-video-preview":"max-video-preview:-1"},"canonical":"https:\/\/www.athome.lu\/blog\/de\/mein-haus\/deko-mobel\/des-ideen-fur-ehrenhafte-salons\/","og_locale":"de_DE","og_type":"article","og_title":"\u25b7 D\u00e9coration Salon \u25b7\u25b7 Des id\u00e9es pour un Salon Chaleureux | atHome","og_description":"Comment R\u00e9ussir l'Am\u00e9nagement de Votre Salon ? atHome vous donne des id\u00e9es d\u00e9co pour cr\u00e9er une ambiance chaleureuse.","og_url":"https:\/\/www.athome.lu\/blog\/de\/mein-haus\/deko-mobel\/des-ideen-fur-ehrenhafte-salons\/","og_site_name":"atHome Blog","article_publisher":"https:\/\/www.facebook.com\/atHome.lu\/","article_published_time":"2018-09-05T09:01:11+00:00","article_modified_time":"2022-05-11T14:58:40+00:00","og_image":[{"width":1200,"height":800,"url":"https:\/\/www.athome.lu\/blog\/wp-content\/uploads\/2018\/09\/Sans-titre-26.png","type":"image\/png"}],"author":"Fanny Pimentel","twitter_card":"summary_large_image","twitter_title":"\u25b7 D\u00e9coration Salon \u25b7\u25b7 Des id\u00e9es pour un Salon Chaleureux | atHome","twitter_description":"Comment R\u00e9ussir l'Am\u00e9nagement de Votre Salon ? atHome vous donne des id\u00e9es d\u00e9co pour cr\u00e9er une ambiance chaleureuse.","twitter_creator":"@athomelu","twitter_site":"@athomelu","twitter_misc":{"Verfasst von":"Fanny Pimentel","Gesch\u00e4tzte Lesezeit":"4\u00a0Minuten"},"schema":{"@context":"https:\/\/schema.org","@graph":[{"@type":"Article","@id":"https:\/\/www.athome.lu\/blog\/mon-logement\/meuble-decoration\/des-idees-pour-salon-chaleureux\/#article","isPartOf":{"@id":"https:\/\/www.athome.lu\/blog\/mon-logement\/meuble-decoration\/des-idees-pour-salon-chaleureux\/"},"author":{"name":"Fanny Pimentel","@id":"https:\/\/www.athome.lu\/blog\/#\/schema\/person\/47f7a38089f837e792876ceddc4cb2dc"},"headline":"Des id\u00e9es pour un salon chaleureux","datePublished":"2018-09-05T09:01:11+00:00","dateModified":"2022-05-11T14:58:40+00:00","mainEntityOfPage":{"@id":"https:\/\/www.athome.lu\/blog\/mon-logement\/meuble-decoration\/des-idees-pour-salon-chaleureux\/"},"wordCount":672,"image":{"@id":"https:\/\/www.athome.lu\/blog\/mon-logement\/meuble-decoration\/des-idees-pour-salon-chaleureux\/#primaryimage"},"thumbnailUrl":"https:\/\/www.athome.lu\/blog\/wp-content\/uploads\/2018\/09\/Sans-titre-26.png","keywords":["D\u00e9coration","S\u00e9jour"],"articleSection":["Meubler et D\u00e9corer"],"inLanguage":"de"},{"@type":"WebPage","@id":"https:\/\/www.athome.lu\/blog\/mon-logement\/meuble-decoration\/des-idees-pour-salon-chaleureux\/","url":"https:\/\/www.athome.lu\/blog\/mon-logement\/meuble-decoration\/des-idees-pour-salon-chaleureux\/","name":"\u25b7 Dekoration Wohnzimmer \u25b7\u25b7 Ideen f\u00fcr ein gem\u00fctliches Wohnzimmer | atHome","isPartOf":{"@id":"https:\/\/www.athome.lu\/blog\/#website"},"primaryImageOfPage":{"@id":"https:\/\/www.athome.lu\/blog\/mon-logement\/meuble-decoration\/des-idees-pour-salon-chaleureux\/#primaryimage"},"image":{"@id":"https:\/\/www.athome.lu\/blog\/mon-logement\/meuble-decoration\/des-idees-pour-salon-chaleureux\/#primaryimage"},"thumbnailUrl":"https:\/\/www.athome.lu\/blog\/wp-content\/uploads\/2018\/09\/Sans-titre-26.png","datePublished":"2018-09-05T09:01:11+00:00","dateModified":"2022-05-11T14:58:40+00:00","author":{"@id":"https:\/\/www.athome.lu\/blog\/#\/schema\/person\/47f7a38089f837e792876ceddc4cb2dc"},"description":"Wie gelingt Ihnen die Einrichtung Ihres Wohnzimmers? atHome gibt Ihnen Dekorationsideen, um eine gem\u00fctliche Atmosph\u00e4re zu schaffen.","breadcrumb":{"@id":"https:\/\/www.athome.lu\/blog\/mon-logement\/meuble-decoration\/des-idees-pour-salon-chaleureux\/#breadcrumb"},"inLanguage":"de","potentialAction":[{"@type":"ReadAction","target":["https:\/\/www.athome.lu\/blog\/mon-logement\/meuble-decoration\/des-idees-pour-salon-chaleureux\/"]}]},{"@type":"ImageObject","inLanguage":"de","@id":"https:\/\/www.athome.lu\/blog\/mon-logement\/meuble-decoration\/des-idees-pour-salon-chaleureux\/#primaryimage","url":"https:\/\/www.athome.lu\/blog\/wp-content\/uploads\/2018\/09\/Sans-titre-26.png","contentUrl":"https:\/\/www.athome.lu\/blog\/wp-content\/uploads\/2018\/09\/Sans-titre-26.png","width":1200,"height":800},{"@type":"BreadcrumbList","@id":"https:\/\/www.athome.lu\/blog\/mon-logement\/meuble-decoration\/des-idees-pour-salon-chaleureux\/#breadcrumb","itemListElement":[{"@type":"ListItem","position":1,"name":"Accueil","item":"https:\/\/www.athome.lu\/blog\/"},{"@type":"ListItem","position":2,"name":"Mon logement","item":"https:\/\/www.athome.lu\/blog\/de\/category\/mein-haus\/"},{"@type":"ListItem","position":3,"name":"Meubler et D\u00e9corer","item":"https:\/\/www.athome.lu\/blog\/de\/category\/mein-haus\/deko-mobel\/"},{"@type":"ListItem","position":4,"name":"Des id\u00e9es pour un salon chaleureux"}]},{"@type":"WebSite","@id":"https:\/\/www.athome.lu\/blog\/#website","url":"https:\/\/www.athome.lu\/blog\/","name":"atHome Blog","description":"Immobilienanzeigen in Luxemburg. Das Immobilienportal Nr. 1 in Luxemburg.","potentialAction":[{"@type":"SearchAction","target":{"@type":"EntryPoint","urlTemplate":"https:\/\/www.athome.lu\/blog\/?s={search_term_string}"},"query-input":{"@type":"PropertyValueSpecification","valueRequired":true,"valueName":"search_term_string"}}],"inLanguage":"de"},{"@type":"Person","@id":"https:\/\/www.athome.lu\/blog\/#\/schema\/person\/47f7a38089f837e792876ceddc4cb2dc","name":"Fanny Pimentel","image":{"@type":"ImageObject","inLanguage":"de","@id":"https:\/\/secure.gravatar.com\/avatar\/c60b27b93851dc9503f9cc9150e73dcb0a86ba6150657e5e4b11d988400bc633?s=96&d=mm&r=g","url":"https:\/\/secure.gravatar.com\/avatar\/c60b27b93851dc9503f9cc9150e73dcb0a86ba6150657e5e4b11d988400bc633?s=96&d=mm&r=g","contentUrl":"https:\/\/secure.gravatar.com\/avatar\/c60b27b93851dc9503f9cc9150e73dcb0a86ba6150657e5e4b11d988400bc633?s=96&d=mm&r=g","caption":"Fanny Pimentel"}}]}},"featured_media_src_url":"https:\/\/www.athome.lu\/blog\/wp-content\/uploads\/2018\/09\/Sans-titre-26-1024x683.png","_links":{"self":[{"href":"https:\/\/www.athome.lu\/blog\/de\/wp-json\/wp\/v2\/posts\/3585","targetHints":{"allow":["GET"]}}],"collection":[{"href":"https:\/\/www.athome.lu\/blog\/de\/wp-json\/wp\/v2\/posts"}],"about":[{"href":"https:\/\/www.athome.lu\/blog\/de\/wp-json\/wp\/v2\/types\/post"}],"author":[{"embeddable":true,"href":"https:\/\/www.athome.lu\/blog\/de\/wp-json\/wp\/v2\/users\/17"}],"replies":[{"embeddable":true,"href":"https:\/\/www.athome.lu\/blog\/de\/wp-json\/wp\/v2\/comments?post=3585"}],"version-history":[{"count":2,"href":"https:\/\/www.athome.lu\/blog\/de\/wp-json\/wp\/v2\/posts\/3585\/revisions"}],"predecessor-version":[{"id":15107,"href":"https:\/\/www.athome.lu\/blog\/de\/wp-json\/wp\/v2\/posts\/3585\/revisions\/15107"}],"wp:featuredmedia":[{"embeddable":true,"href":"https:\/\/www.athome.lu\/blog\/de\/wp-json\/wp\/v2\/media\/13111"}],"wp:attachment":[{"href":"https:\/\/www.athome.lu\/blog\/de\/wp-json\/wp\/v2\/media?parent=3585"}],"wp:term":[{"taxonomy":"category","embeddable":true,"href":"https:\/\/www.athome.lu\/blog\/de\/wp-json\/wp\/v2\/categories?post=3585"},{"taxonomy":"post_tag","embeddable":true,"href":"https:\/\/www.athome.lu\/blog\/de\/wp-json\/wp\/v2\/tags?post=3585"}],"curies":[{"name":"wp","href":"https:\/\/api.w.org\/{rel}","templated":true}]}}