{"id":5025,"date":"2013-04-04T14:53:29","date_gmt":"2013-04-04T13:53:29","guid":{"rendered":"https:\/\/www.athome.lu\/blog\/services\/conseils\/?p=5025"},"modified":"2022-05-11T08:56:35","modified_gmt":"2022-05-11T06:56:35","slug":"tipp-anlegen-ihren-eigenen-zen-garten","status":"publish","type":"post","link":"https:\/\/www.athome.lu\/blog\/de\/mon-logement\/meuble-decoration\/astuce-creez-votre-propre-jardin-zen\/","title":{"rendered":"Tipp: Legen Sie Ihren eigenen Zen-Garten an."},"content":{"rendered":"<p>&nbsp;<\/p>\n\n\n\n<p><span style=\"color: #000000;\">Ein Zen-Garten ist der perfekte Ort, um sich zur\u00fcckzulehnen und zu entspannen. Urspr\u00fcnglich ist es ein japanischer Gartenstil, er verbindet sowohl nat\u00fcrliche als auch architektonische Elemente.<\/span><\/p>\n\n\n\n<p><span style=\"color: #000000;\">Der spirituelle Zen-Garten wurde von japanischen buddhistischen M\u00f6nchen durch das 13. Jahrhundert hindurch als Ort der Meditation genutzt. In Schichten, um ein dreidimensionales Bild zu erzeugen, ist ein spiritueller Zen-Garten mit einem Vordergrund und einem Hintergrund, der zu einem Aussichtspunkt f\u00fchrt, vorgesehen. Beachten Sie die folgenden Tipps, um Ihren eigenen Zen-Garten anzulegen.<\/span><\/p>\n\n\n\n<h2 class=\"wp-block-heading\"><span style=\"color: #000000;\"><strong>Wasser<\/strong><\/span><\/h2>\n\n\n\n<p><span style=\"color: #000000;\">Alle Elemente haben einen Zweck im Zen-Garten, und Wasser ist der wichtigste Lieferant des Lebens. Es ist ein nat\u00fcrliches Element und kann z. B. durch einen Bach oder einen Teich dargestellt werden. Auch Sand kann verwendet werden, um Wasser darzustellen.<\/span><\/p>\n\n\n\n<h2 class=\"wp-block-heading\"><span style=\"color: #000000;\"><strong>Die Felsen<\/strong><\/span><\/h2>\n\n\n\n<p><span style=\"color: #000000;\">Felsen sind eines der wichtigsten Elemente in einem Zen-Garten, da sie Dimensionen schaffen. Sie spiegeln die Zeitskala wider, sorgen aber auch f\u00fcr Pr\u00e4senz und Energie. W\u00e4hlen Sie Ihre Steine und Felsen in verschiedenen Gr\u00f6\u00dfen aus, wobei die gr\u00f6\u00dferen im Hintergrund und die kleineren im Vordergrund liegen sollten. Sie k\u00f6nnen auch besch\u00e4digte Steine w\u00e4hlen, um Tiefe und Charakter zu verleihen.<\/span><\/p>\n\n\n\n<h2 class=\"wp-block-heading\"><span style=\"color: #000000;\"><strong>Alternativen zu Wasser<\/strong><\/span><\/h2>\n\n\n\n<p><span style=\"color: #000000;\">Sand oder Kieselsteine k\u00f6nnen als Alternative zu Wasser verwendet werden. Verteilen Sie den Sand darum herum, um einen wellenf\u00f6rmigen Wassereffekt zu erzeugen und den Garten mit Energie zu versorgen. Der in Zen-G\u00e4rten verwendete Sand ist kein herk\u00f6mmlicher Sand, sondern gebrochener Granit (es gibt ihn in verschiedenen Farbt\u00f6nen).<\/span><\/p>\n\n\n\n<h2 class=\"wp-block-heading\"><span style=\"color: #000000;\"><strong>Gestalten Sie Ihren Garten<\/strong><\/span><\/h2>\n\n\n\n<p><span style=\"color: #000000;\">Eine Br\u00fccke ist eines der architektonischen Elemente, die in einem Zen-Garten verwendet werden k\u00f6nnen. Sie werden verwendet, um die verschiedenen Bereiche des Gartens miteinander zu verbinden.<\/span><\/p>\n\n\n\n<h2 class=\"wp-block-heading\"><span style=\"color: #000000;\"><strong>Die Dekoration<\/strong><\/span><\/h2>\n\n\n\n<p><span style=\"color: #000000;\">Die Dekoration ist ein weiteres architektonisches Element, das Sie Ihrem Garten hinzuf\u00fcgen k\u00f6nnen. Sie ist ideal, um ein Gef\u00fchl des Wohlbefindens zu schaffen (Sie k\u00f6nnen z. B. Laternen oder Statuen aufstellen).<\/span><\/p>\n\n\n<section id=\"section-3-14695\" class=\"ct-section\" ><div class=\"ct-section-inner-wrap\"><div id=\"div_block-4-14695\" class=\"ct-div-block\" ><div id=\"new_columns-7-14695\" class=\"ct-new-columns\" ><div id=\"div_block-8-14695\" class=\"ct-div-block\" ><div id=\"div_block-14-14695\" class=\"ct-div-block\" ><\/div><\/div><div id=\"div_block-9-14695\" class=\"ct-div-block\" ><h1 id=\"headline-11-14695\" class=\"ct-headline\">Wie hoch sind die Immobilienpreise derzeit?<\/h1><div id=\"text_block-12-14695\" class=\"ct-text-block\" >Die Preise verlangsamen sich. Die Zinss\u00e4tze steigen. Welche Trends sind in den kommenden Monaten zu erwarten?<\/div><a id=\"link_button-13-14695\" class=\"ct-link-button\" href=\"https:\/\/www.athome.lu\/blog\/blog\/marche-immobilier\/prix\/tendances-2022\/\" target=\"_blank\"  >Analyse lesen<\/a><\/div><\/div><\/div><\/div><\/section>\n\n\n<p><span style=\"color: #000000;\">\u00a0<\/span><\/p>","protected":false},"excerpt":{"rendered":"<p>&nbsp; Un jardin zen est l\u2019endroit parfait pour s\u2019asseoir et se d\u00e9tendre. A l\u2019origine c\u2019est un style japonais de jardin, il combine \u00e0 la fois des \u00e9l\u00e9ments naturels et architecturaux. Le jardin zen spirituel a \u00e9t\u00e9 utilis\u00e9 par les moines bouddhistes japonais \u00e0 travers le 13\u00e8me si\u00e8cle comme lieu de m\u00e9ditation. En couche pour cr\u00e9er [&hellip;]<\/p>\n","protected":false},"author":17,"featured_media":7418,"comment_status":"closed","ping_status":"open","sticky":false,"template":"","format":"standard","meta":{"_acf_changed":false,"footnotes":""},"categories":[210],"tags":[89],"class_list":["post-5025","post","type-post","status-publish","format-standard","has-post-thumbnail","hentry","category-meuble-decoration","tag-jardin-terrasse"],"acf":[],"yoast_head":"<!-- This site is optimized with the Yoast SEO plugin v27.4 - https:\/\/yoast.com\/product\/yoast-seo-wordpress\/ -->\n<title>\u25b7 Am\u00e9nagement Jardin \u25b7\u25b7 Cr\u00e9ez un Jardin Zen | atHome<\/title>\n<meta name=\"description\" content=\"Un jardin zen est l\u2019endroit parfait pour se d\u00e9tendre. Inspir\u00e9 du jardin japonais, atHome vous donne des astuces pour bien am\u00e9nager son jardin.\" \/>\n<meta name=\"robots\" content=\"index, follow, max-snippet:-1, max-image-preview:large, max-video-preview:-1\" \/>\n<link rel=\"canonical\" href=\"https:\/\/www.athome.lu\/blog\/de\/mein-haus\/deko-mobel\/tipp-anlegen-ihren-eigenen-zen-garten\/\" \/>\n<meta property=\"og:locale\" content=\"de_DE\" \/>\n<meta property=\"og:type\" content=\"article\" \/>\n<meta property=\"og:title\" content=\"\u25b7 Am\u00e9nagement Jardin \u25b7\u25b7 Cr\u00e9ez un Jardin Zen | atHome\" \/>\n<meta property=\"og:description\" content=\"Un jardin zen est l\u2019endroit parfait pour se d\u00e9tendre. Inspir\u00e9 du jardin japonais, atHome vous donne des astuces pour bien am\u00e9nager son jardin.\" \/>\n<meta property=\"og:url\" content=\"https:\/\/www.athome.lu\/blog\/de\/mein-haus\/deko-mobel\/tipp-anlegen-ihren-eigenen-zen-garten\/\" \/>\n<meta property=\"og:site_name\" content=\"atHome Blog\" \/>\n<meta property=\"article:publisher\" content=\"https:\/\/www.facebook.com\/atHome.lu\/\" \/>\n<meta property=\"article:published_time\" content=\"2013-04-04T13:53:29+00:00\" \/>\n<meta property=\"article:modified_time\" content=\"2022-05-11T06:56:35+00:00\" \/>\n<meta property=\"og:image\" content=\"https:\/\/www.athome.lu\/blog\/wp-content\/uploads\/2013\/04\/OJP0014093.jpg\" \/>\n\t<meta property=\"og:image:width\" content=\"738\" \/>\n\t<meta property=\"og:image:height\" content=\"492\" \/>\n\t<meta property=\"og:image:type\" content=\"image\/jpeg\" \/>\n<meta name=\"author\" content=\"Fanny Pimentel\" \/>\n<meta name=\"twitter:card\" content=\"summary_large_image\" \/>\n<meta name=\"twitter:title\" content=\"\u25b7 Am\u00e9nagement Jardin \u25b7\u25b7 Cr\u00e9ez un Jardin Zen | atHome\" \/>\n<meta name=\"twitter:description\" content=\"Un jardin zen est l\u2019endroit parfait pour se d\u00e9tendre. Inspir\u00e9 du jardin japonais, atHome vous donne des astuces pour bien am\u00e9nager son jardin.\" \/>\n<meta name=\"twitter:creator\" content=\"@athomelu\" \/>\n<meta name=\"twitter:site\" content=\"@athomelu\" \/>\n<meta name=\"twitter:label1\" content=\"Verfasst von\" \/>\n\t<meta name=\"twitter:data1\" content=\"Fanny Pimentel\" \/>\n\t<meta name=\"twitter:label2\" content=\"Gesch\u00e4tzte Lesezeit\" \/>\n\t<meta name=\"twitter:data2\" content=\"2\u00a0Minuten\" \/>\n<script type=\"application\/ld+json\" class=\"yoast-schema-graph\">{\"@context\":\"https:\\\/\\\/schema.org\",\"@graph\":[{\"@type\":\"Article\",\"@id\":\"https:\\\/\\\/www.athome.lu\\\/blog\\\/mon-logement\\\/meuble-decoration\\\/astuce-creez-votre-propre-jardin-zen\\\/#article\",\"isPartOf\":{\"@id\":\"https:\\\/\\\/www.athome.lu\\\/blog\\\/mon-logement\\\/meuble-decoration\\\/astuce-creez-votre-propre-jardin-zen\\\/\"},\"author\":{\"name\":\"Fanny Pimentel\",\"@id\":\"https:\\\/\\\/www.athome.lu\\\/blog\\\/#\\\/schema\\\/person\\\/47f7a38089f837e792876ceddc4cb2dc\"},\"headline\":\"Astuce: cr\u00e9ez votre propre jardin zen\",\"datePublished\":\"2013-04-04T13:53:29+00:00\",\"dateModified\":\"2022-05-11T06:56:35+00:00\",\"mainEntityOfPage\":{\"@id\":\"https:\\\/\\\/www.athome.lu\\\/blog\\\/mon-logement\\\/meuble-decoration\\\/astuce-creez-votre-propre-jardin-zen\\\/\"},\"wordCount\":377,\"image\":{\"@id\":\"https:\\\/\\\/www.athome.lu\\\/blog\\\/mon-logement\\\/meuble-decoration\\\/astuce-creez-votre-propre-jardin-zen\\\/#primaryimage\"},\"thumbnailUrl\":\"https:\\\/\\\/www.athome.lu\\\/blog\\\/wp-content\\\/uploads\\\/2013\\\/04\\\/OJP0014093.jpg\",\"keywords\":[\"Jardin &amp; terrasse\"],\"articleSection\":[\"Meubler et D\u00e9corer\"],\"inLanguage\":\"de\"},{\"@type\":\"WebPage\",\"@id\":\"https:\\\/\\\/www.athome.lu\\\/blog\\\/mon-logement\\\/meuble-decoration\\\/astuce-creez-votre-propre-jardin-zen\\\/\",\"url\":\"https:\\\/\\\/www.athome.lu\\\/blog\\\/mon-logement\\\/meuble-decoration\\\/astuce-creez-votre-propre-jardin-zen\\\/\",\"name\":\"\u25b7 Am\u00e9nagement Jardin \u25b7\u25b7 Cr\u00e9ez un Jardin Zen | atHome\",\"isPartOf\":{\"@id\":\"https:\\\/\\\/www.athome.lu\\\/blog\\\/#website\"},\"primaryImageOfPage\":{\"@id\":\"https:\\\/\\\/www.athome.lu\\\/blog\\\/mon-logement\\\/meuble-decoration\\\/astuce-creez-votre-propre-jardin-zen\\\/#primaryimage\"},\"image\":{\"@id\":\"https:\\\/\\\/www.athome.lu\\\/blog\\\/mon-logement\\\/meuble-decoration\\\/astuce-creez-votre-propre-jardin-zen\\\/#primaryimage\"},\"thumbnailUrl\":\"https:\\\/\\\/www.athome.lu\\\/blog\\\/wp-content\\\/uploads\\\/2013\\\/04\\\/OJP0014093.jpg\",\"datePublished\":\"2013-04-04T13:53:29+00:00\",\"dateModified\":\"2022-05-11T06:56:35+00:00\",\"author\":{\"@id\":\"https:\\\/\\\/www.athome.lu\\\/blog\\\/#\\\/schema\\\/person\\\/47f7a38089f837e792876ceddc4cb2dc\"},\"description\":\"Un jardin zen est l\u2019endroit parfait pour se d\u00e9tendre. Inspir\u00e9 du jardin japonais, atHome vous donne des astuces pour bien am\u00e9nager son jardin.\",\"breadcrumb\":{\"@id\":\"https:\\\/\\\/www.athome.lu\\\/blog\\\/mon-logement\\\/meuble-decoration\\\/astuce-creez-votre-propre-jardin-zen\\\/#breadcrumb\"},\"inLanguage\":\"de\",\"potentialAction\":[{\"@type\":\"ReadAction\",\"target\":[\"https:\\\/\\\/www.athome.lu\\\/blog\\\/mon-logement\\\/meuble-decoration\\\/astuce-creez-votre-propre-jardin-zen\\\/\"]}]},{\"@type\":\"ImageObject\",\"inLanguage\":\"de\",\"@id\":\"https:\\\/\\\/www.athome.lu\\\/blog\\\/mon-logement\\\/meuble-decoration\\\/astuce-creez-votre-propre-jardin-zen\\\/#primaryimage\",\"url\":\"https:\\\/\\\/www.athome.lu\\\/blog\\\/wp-content\\\/uploads\\\/2013\\\/04\\\/OJP0014093.jpg\",\"contentUrl\":\"https:\\\/\\\/www.athome.lu\\\/blog\\\/wp-content\\\/uploads\\\/2013\\\/04\\\/OJP0014093.jpg\",\"width\":738,\"height\":492,\"caption\":\"Maison moderne en bois et b\u00e9ton am\u00e9nagement du jardin\"},{\"@type\":\"BreadcrumbList\",\"@id\":\"https:\\\/\\\/www.athome.lu\\\/blog\\\/mon-logement\\\/meuble-decoration\\\/astuce-creez-votre-propre-jardin-zen\\\/#breadcrumb\",\"itemListElement\":[{\"@type\":\"ListItem\",\"position\":1,\"name\":\"Accueil\",\"item\":\"https:\\\/\\\/www.athome.lu\\\/blog\\\/\"},{\"@type\":\"ListItem\",\"position\":2,\"name\":\"Mon logement\",\"item\":\"https:\\\/\\\/www.athome.lu\\\/blog\\\/de\\\/category\\\/mein-haus\\\/\"},{\"@type\":\"ListItem\",\"position\":3,\"name\":\"Meubler et D\u00e9corer\",\"item\":\"https:\\\/\\\/www.athome.lu\\\/blog\\\/de\\\/category\\\/mein-haus\\\/deko-mobel\\\/\"},{\"@type\":\"ListItem\",\"position\":4,\"name\":\"Astuce: cr\u00e9ez votre propre jardin zen\"}]},{\"@type\":\"WebSite\",\"@id\":\"https:\\\/\\\/www.athome.lu\\\/blog\\\/#website\",\"url\":\"https:\\\/\\\/www.athome.lu\\\/blog\\\/\",\"name\":\"atHome Blog\",\"description\":\"Annonces immobili\u00e8res au Luxembourg. Le portail immobilier n\u00b01 au Luxembourg.\",\"potentialAction\":[{\"@type\":\"SearchAction\",\"target\":{\"@type\":\"EntryPoint\",\"urlTemplate\":\"https:\\\/\\\/www.athome.lu\\\/blog\\\/?s={search_term_string}\"},\"query-input\":{\"@type\":\"PropertyValueSpecification\",\"valueRequired\":true,\"valueName\":\"search_term_string\"}}],\"inLanguage\":\"de\"},{\"@type\":\"Person\",\"@id\":\"https:\\\/\\\/www.athome.lu\\\/blog\\\/#\\\/schema\\\/person\\\/47f7a38089f837e792876ceddc4cb2dc\",\"name\":\"Fanny Pimentel\",\"image\":{\"@type\":\"ImageObject\",\"inLanguage\":\"de\",\"@id\":\"https:\\\/\\\/secure.gravatar.com\\\/avatar\\\/c60b27b93851dc9503f9cc9150e73dcb0a86ba6150657e5e4b11d988400bc633?s=96&d=mm&r=g\",\"url\":\"https:\\\/\\\/secure.gravatar.com\\\/avatar\\\/c60b27b93851dc9503f9cc9150e73dcb0a86ba6150657e5e4b11d988400bc633?s=96&d=mm&r=g\",\"contentUrl\":\"https:\\\/\\\/secure.gravatar.com\\\/avatar\\\/c60b27b93851dc9503f9cc9150e73dcb0a86ba6150657e5e4b11d988400bc633?s=96&d=mm&r=g\",\"caption\":\"Fanny Pimentel\"}}]}<\/script>\n<!-- \/ Yoast SEO plugin. -->","yoast_head_json":{"title":"\u25b7 Gartengestaltung \u25b7\u25b7 Schaffen Sie sich einen Zen-Garten | atHome","description":"Ein Zen-Garten ist der perfekte Ort, um sich zu entspannen. Inspiriert vom japanischen Garten, gibt Ihnen atHome Tipps, wie Sie Ihren Garten richtig anlegen.","robots":{"index":"index","follow":"follow","max-snippet":"max-snippet:-1","max-image-preview":"max-image-preview:large","max-video-preview":"max-video-preview:-1"},"canonical":"https:\/\/www.athome.lu\/blog\/de\/mein-haus\/deko-mobel\/tipp-anlegen-ihren-eigenen-zen-garten\/","og_locale":"de_DE","og_type":"article","og_title":"\u25b7 Am\u00e9nagement Jardin \u25b7\u25b7 Cr\u00e9ez un Jardin Zen | atHome","og_description":"Un jardin zen est l\u2019endroit parfait pour se d\u00e9tendre. Inspir\u00e9 du jardin japonais, atHome vous donne des astuces pour bien am\u00e9nager son jardin.","og_url":"https:\/\/www.athome.lu\/blog\/de\/mein-haus\/deko-mobel\/tipp-anlegen-ihren-eigenen-zen-garten\/","og_site_name":"atHome Blog","article_publisher":"https:\/\/www.facebook.com\/atHome.lu\/","article_published_time":"2013-04-04T13:53:29+00:00","article_modified_time":"2022-05-11T06:56:35+00:00","og_image":[{"width":738,"height":492,"url":"https:\/\/www.athome.lu\/blog\/wp-content\/uploads\/2013\/04\/OJP0014093.jpg","type":"image\/jpeg"}],"author":"Fanny Pimentel","twitter_card":"summary_large_image","twitter_title":"\u25b7 Am\u00e9nagement Jardin \u25b7\u25b7 Cr\u00e9ez un Jardin Zen | atHome","twitter_description":"Un jardin zen est l\u2019endroit parfait pour se d\u00e9tendre. Inspir\u00e9 du jardin japonais, atHome vous donne des astuces pour bien am\u00e9nager son jardin.","twitter_creator":"@athomelu","twitter_site":"@athomelu","twitter_misc":{"Verfasst von":"Fanny Pimentel","Gesch\u00e4tzte Lesezeit":"2\u00a0Minuten"},"schema":{"@context":"https:\/\/schema.org","@graph":[{"@type":"Article","@id":"https:\/\/www.athome.lu\/blog\/mon-logement\/meuble-decoration\/astuce-creez-votre-propre-jardin-zen\/#article","isPartOf":{"@id":"https:\/\/www.athome.lu\/blog\/mon-logement\/meuble-decoration\/astuce-creez-votre-propre-jardin-zen\/"},"author":{"name":"Fanny Pimentel","@id":"https:\/\/www.athome.lu\/blog\/#\/schema\/person\/47f7a38089f837e792876ceddc4cb2dc"},"headline":"Astuce: cr\u00e9ez votre propre jardin zen","datePublished":"2013-04-04T13:53:29+00:00","dateModified":"2022-05-11T06:56:35+00:00","mainEntityOfPage":{"@id":"https:\/\/www.athome.lu\/blog\/mon-logement\/meuble-decoration\/astuce-creez-votre-propre-jardin-zen\/"},"wordCount":377,"image":{"@id":"https:\/\/www.athome.lu\/blog\/mon-logement\/meuble-decoration\/astuce-creez-votre-propre-jardin-zen\/#primaryimage"},"thumbnailUrl":"https:\/\/www.athome.lu\/blog\/wp-content\/uploads\/2013\/04\/OJP0014093.jpg","keywords":["Jardin &amp; terrasse"],"articleSection":["Meubler et D\u00e9corer"],"inLanguage":"de"},{"@type":"WebPage","@id":"https:\/\/www.athome.lu\/blog\/mon-logement\/meuble-decoration\/astuce-creez-votre-propre-jardin-zen\/","url":"https:\/\/www.athome.lu\/blog\/mon-logement\/meuble-decoration\/astuce-creez-votre-propre-jardin-zen\/","name":"\u25b7 Gartengestaltung \u25b7\u25b7 Schaffen Sie sich einen Zen-Garten | atHome","isPartOf":{"@id":"https:\/\/www.athome.lu\/blog\/#website"},"primaryImageOfPage":{"@id":"https:\/\/www.athome.lu\/blog\/mon-logement\/meuble-decoration\/astuce-creez-votre-propre-jardin-zen\/#primaryimage"},"image":{"@id":"https:\/\/www.athome.lu\/blog\/mon-logement\/meuble-decoration\/astuce-creez-votre-propre-jardin-zen\/#primaryimage"},"thumbnailUrl":"https:\/\/www.athome.lu\/blog\/wp-content\/uploads\/2013\/04\/OJP0014093.jpg","datePublished":"2013-04-04T13:53:29+00:00","dateModified":"2022-05-11T06:56:35+00:00","author":{"@id":"https:\/\/www.athome.lu\/blog\/#\/schema\/person\/47f7a38089f837e792876ceddc4cb2dc"},"description":"Ein Zen-Garten ist der perfekte Ort, um sich zu entspannen. Inspiriert vom japanischen Garten, gibt Ihnen atHome Tipps, wie Sie Ihren Garten richtig anlegen.","breadcrumb":{"@id":"https:\/\/www.athome.lu\/blog\/mon-logement\/meuble-decoration\/astuce-creez-votre-propre-jardin-zen\/#breadcrumb"},"inLanguage":"de","potentialAction":[{"@type":"ReadAction","target":["https:\/\/www.athome.lu\/blog\/mon-logement\/meuble-decoration\/astuce-creez-votre-propre-jardin-zen\/"]}]},{"@type":"ImageObject","inLanguage":"de","@id":"https:\/\/www.athome.lu\/blog\/mon-logement\/meuble-decoration\/astuce-creez-votre-propre-jardin-zen\/#primaryimage","url":"https:\/\/www.athome.lu\/blog\/wp-content\/uploads\/2013\/04\/OJP0014093.jpg","contentUrl":"https:\/\/www.athome.lu\/blog\/wp-content\/uploads\/2013\/04\/OJP0014093.jpg","width":738,"height":492,"caption":"Maison moderne en bois et b\u00e9ton am\u00e9nagement du jardin"},{"@type":"BreadcrumbList","@id":"https:\/\/www.athome.lu\/blog\/mon-logement\/meuble-decoration\/astuce-creez-votre-propre-jardin-zen\/#breadcrumb","itemListElement":[{"@type":"ListItem","position":1,"name":"Accueil","item":"https:\/\/www.athome.lu\/blog\/"},{"@type":"ListItem","position":2,"name":"Mon logement","item":"https:\/\/www.athome.lu\/blog\/de\/category\/mein-haus\/"},{"@type":"ListItem","position":3,"name":"Meubler et D\u00e9corer","item":"https:\/\/www.athome.lu\/blog\/de\/category\/mein-haus\/deko-mobel\/"},{"@type":"ListItem","position":4,"name":"Astuce: cr\u00e9ez votre propre jardin zen"}]},{"@type":"WebSite","@id":"https:\/\/www.athome.lu\/blog\/#website","url":"https:\/\/www.athome.lu\/blog\/","name":"atHome Blog","description":"Immobilienanzeigen in Luxemburg. Das Immobilienportal Nr. 1 in Luxemburg.","potentialAction":[{"@type":"SearchAction","target":{"@type":"EntryPoint","urlTemplate":"https:\/\/www.athome.lu\/blog\/?s={search_term_string}"},"query-input":{"@type":"PropertyValueSpecification","valueRequired":true,"valueName":"search_term_string"}}],"inLanguage":"de"},{"@type":"Person","@id":"https:\/\/www.athome.lu\/blog\/#\/schema\/person\/47f7a38089f837e792876ceddc4cb2dc","name":"Fanny Pimentel","image":{"@type":"ImageObject","inLanguage":"de","@id":"https:\/\/secure.gravatar.com\/avatar\/c60b27b93851dc9503f9cc9150e73dcb0a86ba6150657e5e4b11d988400bc633?s=96&d=mm&r=g","url":"https:\/\/secure.gravatar.com\/avatar\/c60b27b93851dc9503f9cc9150e73dcb0a86ba6150657e5e4b11d988400bc633?s=96&d=mm&r=g","contentUrl":"https:\/\/secure.gravatar.com\/avatar\/c60b27b93851dc9503f9cc9150e73dcb0a86ba6150657e5e4b11d988400bc633?s=96&d=mm&r=g","caption":"Fanny Pimentel"}}]}},"featured_media_src_url":"https:\/\/www.athome.lu\/blog\/wp-content\/uploads\/2013\/04\/OJP0014093.jpg","_links":{"self":[{"href":"https:\/\/www.athome.lu\/blog\/de\/wp-json\/wp\/v2\/posts\/5025","targetHints":{"allow":["GET"]}}],"collection":[{"href":"https:\/\/www.athome.lu\/blog\/de\/wp-json\/wp\/v2\/posts"}],"about":[{"href":"https:\/\/www.athome.lu\/blog\/de\/wp-json\/wp\/v2\/types\/post"}],"author":[{"embeddable":true,"href":"https:\/\/www.athome.lu\/blog\/de\/wp-json\/wp\/v2\/users\/17"}],"replies":[{"embeddable":true,"href":"https:\/\/www.athome.lu\/blog\/de\/wp-json\/wp\/v2\/comments?post=5025"}],"version-history":[{"count":2,"href":"https:\/\/www.athome.lu\/blog\/de\/wp-json\/wp\/v2\/posts\/5025\/revisions"}],"predecessor-version":[{"id":14747,"href":"https:\/\/www.athome.lu\/blog\/de\/wp-json\/wp\/v2\/posts\/5025\/revisions\/14747"}],"wp:featuredmedia":[{"embeddable":true,"href":"https:\/\/www.athome.lu\/blog\/de\/wp-json\/wp\/v2\/media\/7418"}],"wp:attachment":[{"href":"https:\/\/www.athome.lu\/blog\/de\/wp-json\/wp\/v2\/media?parent=5025"}],"wp:term":[{"taxonomy":"category","embeddable":true,"href":"https:\/\/www.athome.lu\/blog\/de\/wp-json\/wp\/v2\/categories?post=5025"},{"taxonomy":"post_tag","embeddable":true,"href":"https:\/\/www.athome.lu\/blog\/de\/wp-json\/wp\/v2\/tags?post=5025"}],"curies":[{"name":"wp","href":"https:\/\/api.w.org\/{rel}","templated":true}]}}