{"id":5259,"date":"2013-06-06T10:15:57","date_gmt":"2013-06-06T09:15:57","guid":{"rendered":"https:\/\/www.athome.lu\/blog\/services\/conseils\/?p=5259"},"modified":"2022-05-11T08:59:10","modified_gmt":"2022-05-11T06:59:10","slug":"aeroport-immobilien-wie-vereinbaren","status":"publish","type":"post","link":"https:\/\/www.athome.lu\/blog\/de\/mon-logement\/vie-quotidienne-mon-logement\/aeroport-immobilier-comment-concilier\/","title":{"rendered":"Flughafen und Immobilien: Wie passt das zusammen?"},"content":{"rendered":"<p><span style=\"color: #000000;\">Seit vielen Jahren versuchen die Beh\u00f6rden des Flughafens Luxemburg, Ma\u00dfnahmen umzusetzen, um den L\u00e4rm sowie die Anzahl der neu exponierten Personen zu begrenzen.<\/span><\/p>\n\n\n\n<p><span style=\"color: #000000;\">Punkt zu einer manchmal kritischen Situation zwischen den Anwohnern und den Beh\u00f6rden.<\/span><\/p>\n\n\n\n<h2 class=\"wp-block-heading\"><span style=\"color: #000000;\"><b><span style=\"text-decoration: underline;\">Eine Ausgangssperre aus der Luft<\/span><\/b><\/span><\/h2>\n\n\n\n<p><span style=\"color: #000000;\"><b><span style=\"text-decoration: underline;\"><br><\/span><\/b><i><span style=\"text-decoration: underline;\"><br><\/span><\/i>Seit vielen Jahren versuchen die Beh\u00f6rden, die sich der L\u00e4rmbel\u00e4stigung durch den Flughafen bewusst sind, L\u00f6sungen zu finden, um den Alltag der Anwohner zu verbessern.<\/span><\/p>\n\n\n\n<p><span style=\"color: #000000;\">Die erste Ma\u00dfnahme war die Einf\u00fchrung eines gro\u00dfherzoglichen Erlasses, (ge\u00e4ndert am 24. Mai 1998), der die technischen und betrieblichen Betriebsbedingungen des Flughafens Luxemburg festlegt. Demnach sind die \u00d6ffnungs- und Flugbetriebszeiten zwischen 6.00 und 23.00 Uhr festgelegt.<\/span><\/p>\n\n\n\n<p><span style=\"color: #000000;\">Auch im Bereich der Infrastruktur wurden Fortschritte erzielt, um die L\u00e4rmbel\u00e4stigung durch die Flugzeuge der luxemburgischen Fluggesellschaften zu reduzieren.<\/span><br><span style=\"color: #000000;\"> Allerdings werden auf dem Flughafen auch Flugzeuge anderer ausl\u00e4ndischer Fluggesellschaften abgefertigt, auch wenn sie nicht die f\u00fcr luxemburgische Fluggesellschaften geltenden Normen in Bezug auf die L\u00e4rmemissionen erf\u00fcllen.<\/span><\/p>\n\n\n\n<h2 class=\"wp-block-heading\"><span style=\"color: #000000;\"><b><span style=\"text-decoration: underline;\">Eine L\u00e4rmkartierung zur Erstellung eines Aktionsplans<\/span><\/b><\/span><\/h2>\n\n\n\n<p><span style=\"color: #000000;\">Nat\u00fcrlich sind sich die Beh\u00f6rden der Tatsache bewusst, dass die geografische Lage des Flughafens in Stadtn\u00e4he besondere Vorkehrungen erfordert, um die Anwohner vor L\u00e4rm zu sch\u00fctzen.<\/span><\/p>\n\n\n\n<p><span style=\"color: #000000;\">Im Januar 2008 wurde eine Charta zwischen Nutzern, Anwohnern und Beh\u00f6rden unterzeichnet.<\/span><br><span style=\"color: #000000;\"> Sie betraf die Praxis des Schulunterrichts und des kontinuierlichen Trainings der allgemeinen Luftfahrt am Flughafen Findel; ihr Ziel war es, die Emissionen und die L\u00e4rmbel\u00e4stigung in der N\u00e4he des Flughafens im Zusammenhang mit der Ausbildung von Piloten der allgemeinen Luftfahrt zu regeln und dabei darauf zu achten, dass das Interesse und die Legitimit\u00e4t dieser Aktivit\u00e4ten nicht in Frage gestellt werden.<\/span><\/p>\n\n\n\n<p><span style=\"color: #000000;\">Um den eingeschlagenen Weg fortzusetzen, machte der amtierende Umweltminister (der die Charta einige Monate zuvor unterzeichnet hatte) einige Monate sp\u00e4ter eine Bestandsaufnahme der L\u00e4rmbelastung und erstellte eine neue L\u00e4rmkartierung.<\/span><br><span style=\"color: #000000;\"> Dem Bericht zufolge waren 10 Gemeinden in der N\u00e4he des Findel von L\u00e4rmbel\u00e4stigung betroffen: 3.900 Personen waren einem Lden von \u00fcber 65 Dezibel ausgesetzt und 18.400 mussten t\u00e4glich einen Lden von \u00fcber 60 Dezibel ertragen.<\/span><\/p>\n\n\n\n<p><span style=\"color: #000000;\">2 Jahre sp\u00e4ter wurde auch das Ministerium f\u00fcr nachhaltige Entwicklung und Infrastrukturen aktiv und schlug einen \"Aktionsplan zur Bek\u00e4mpfung des L\u00e4rms am Flughafen Luxemburg\" vor.<\/span><br><span style=\"color: #000000;\"> Mit seinen Ma\u00dfnahmen zielte der Plan vor allem darauf ab, die L\u00e4rmbel\u00e4stigung in den durch L\u00e4rmkarten ermittelten L\u00e4rmschutzzonen an der Quelle zu reduzieren.<\/span><\/p>\n\n\n<section id=\"section-3-14695\" class=\"ct-section\" ><div class=\"ct-section-inner-wrap\"><div id=\"div_block-4-14695\" class=\"ct-div-block\" ><div id=\"new_columns-7-14695\" class=\"ct-new-columns\" ><div id=\"div_block-8-14695\" class=\"ct-div-block\" ><div id=\"div_block-14-14695\" class=\"ct-div-block\" ><\/div><\/div><div id=\"div_block-9-14695\" class=\"ct-div-block\" ><h1 id=\"headline-11-14695\" class=\"ct-headline\">Wie hoch sind die Immobilienpreise derzeit?<\/h1><div id=\"text_block-12-14695\" class=\"ct-text-block\" >Die Preise verlangsamen sich. Die Zinss\u00e4tze steigen. Welche Trends sind in den kommenden Monaten zu erwarten?<\/div><a id=\"link_button-13-14695\" class=\"ct-link-button\" href=\"https:\/\/www.athome.lu\/blog\/blog\/marche-immobilier\/prix\/tendances-2022\/\" target=\"_blank\"  >Analyse lesen<\/a><\/div><\/div><\/div><\/div><\/section>\n\n\n<p><span style=\"color: #000000;\">Unter den herausgearbeiteten L\u00f6sungen wurde auch die Frage der Isolierung von H\u00e4usern angesprochen.<\/span><br><span style=\"color: #000000;\"> In der Tat, wie in dem Plan angesprochen : <i>\"Die einzige wirksame Ma\u00dfnahme, die eine wesentliche und dauerhafte L\u00e4rmminderung f\u00fcr Anwohner in stark belasteten Gebieten bewirkt, besteht darin, an den H\u00e4usern selbst anzusetzen. Dies geschieht durch Schalld\u00e4mmung der H\u00e4user, so dass die in den H\u00e4usern verbleibenden L\u00e4rmpegel mit der spezifischen Nutzung der R\u00e4ume vereinbar sind. Um die Nachhaltigkeit der get\u00e4tigten Investitionen zu gew\u00e4hrleisten, ist es jedoch notwendig, dass der Grad der vorgenommenen Schallisolierung einer nachhaltigen Dimensionierung entspricht, d.h. nicht nur den aktuellen, sondern auch den l\u00e4ngerfristig geplanten L\u00e4rmpegeln entspricht.\"<\/i><\/span><\/p>\n\n\n\n<p><span style=\"color: #000000;\">Der Plan gab auch an, welche zuk\u00fcnftigen Ma\u00dfnahmen ergriffen werden sollten, um die H\u00e4user schalldicht zu machen.<\/span><br><span style=\"color: #000000;\"> Nat\u00fcrlich w\u00e4ren nur H\u00e4user betroffen, die (nach genauen Kriterien) als belastet gelten, und die Mittel w\u00fcrden je nach Grad der Belastung eingesetzt, wobei die Behandlung der am st\u00e4rksten belasteten H\u00e4user (Zone A gem\u00e4\u00df der L\u00e4rmkartierung) Vorrang h\u00e4tte.<\/span><\/p>\n\n\n\n<p><span style=\"color: #000000;\">Als weitere L\u00f6sungen wurden unter anderem eine sinnvolle Raumplanung genannt, die unter anderem den Bau von Wohnungen und anderen sensiblen Infrastrukturen in l\u00e4rmbelasteten Gebieten einschr\u00e4nkt.<\/span><\/p>\n\n\n\n<p><span style=\"color: #000000;\">Die l\u00e4rmgeplagten Gemeinden wurden \u00fcbrigens aufgefordert, keine neuen Wohngebiete an \"gef\u00e4hrdeten\" Orten zu schaffen t wurden \u00fcber die L\u00e4rmkartierung informiert, um die Organisation ihres Stadtgef\u00fcges auf intelligente Weise zu planen.<\/span><\/p>\n\n\n\n<p><span style=\"color: #000000;\">Auf der Seite der Initiativen, die den Ausbau des Flughafens betreffen, wurde eine Arbeitsgruppe \"Flughafenl\u00e4rm\" damit beauftragt, eine Liste mit L\u00e4rmschutzma\u00dfnahmen zu erstellen.<\/span><\/p>\n\n\n\n<h2 class=\"wp-block-heading\"><span style=\"color: #000000;\"><br><\/span><br><span style=\"color: #000000;\"> <b><span style=\"text-decoration: underline;\">Schallisolierte Wohnungen<\/span><\/b><\/span><\/h2>\n\n\n\n<p><span style=\"color: #000000;\">Wie bereits erw\u00e4hnt, sah der Aktionsplan von 2010 Ma\u00dfnahmen zur Schalld\u00e4mmung von Wohnungen in L\u00e4rmschutzgebieten vor.<\/span><\/p>\n\n\n\n<p><span style=\"color: #000000;\">Im Oktober 2011 verabschiedete die Abgeordnetenkammer den Gesetzentwurf zur Schaffung des Systems der<strong>Hilfen f\u00fcr die Schalld\u00e4mmung von Wohnungen<\/strong>&nbsp;die sich in der N\u00e4he des<strong>Findel-Flughafen<\/strong>.<\/span><br><span style=\"color: #000000;\"> Diese Ma\u00dfnahme, die vor allem wegen der Kontroverse um die Nachtfl\u00fcge f\u00fcr das \u00dcberleben von Cargolux noch immer aktuell ist, soll den Anwohnern des Flughafens helfen, den Flugl\u00e4rm besser zu ertragen.<\/span><\/p>\n\n\n\n<p><span style=\"color: #000000;\">Nat\u00fcrlich k\u00f6nnen nicht alle Wohnungen von dieser finanziellen Unterst\u00fctzung profitieren.<\/span><br><span style=\"color: #000000;\"> Betroffen sind die Eigent\u00fcmer von Wohngeb\u00e4uden auf dem Gebiet der Gemeinden Betzdorf, Flaxweiler, Hesperange, Luxemburg, Niederanven, Sandweiler und Schuttrange, deren Baugenehmigung vor dem 31. August 1986 (Datum des Inkrafttretens des Teilbebauungsplans \"A\u00e9roport et Environs\") ausgestellt wurde.<\/span><\/p>\n\n\n\n<p><span style=\"color: #000000;\">Um die erforderlichen Schallschutzma\u00dfnahmen zu bestimmen, muss ein Berater f\u00fcr Bauakustik eine Diagnose erstellen, wie die Schalld\u00e4mmung der Wohnung verbessert werden kann.<\/span><\/p>\n\n\n\n<p><span style=\"color: #000000;\">Der staatliche Zuschuss wird nur f\u00fcr die folgenden Arbeiten gew\u00e4hrt:<\/span><br><span style=\"color: #000000;\"> - den Austausch von Fenstern ;<\/span><br><span style=\"color: #000000;\"> - die Isolierung von Rollenk\u00e4sten ;<\/span><br><span style=\"color: #000000;\"> - die Einf\u00fchrung einer kontrollierten Bel\u00fcftung ;<\/span><br><span style=\"color: #000000;\"> - Tapezier- und Verputzarbeiten ;<\/span><br><span style=\"color: #000000;\"> - die Sanierung des Daches oder der Bodenplatte des Dachbodens.<\/span><\/p>\n\n\n\n<p><span style=\"color: #000000;\">Auf der Seite der Summe aller Zusch\u00fcsse, die f\u00fcr diese Schallschutzinvestitionen gew\u00e4hrt werden, ist sie begrenzt auf bis zu&nbsp;<strong>12.500 Euro f\u00fcr ein Haus<\/strong>&nbsp;und zu&nbsp;<strong>6.250 Euro f\u00fcr eine Wohnung<\/strong><b>.<\/b><\/span><\/p>\n\n\n\n<p><span style=\"color: #000000;\">Um sie zu erhalten, muss man sich vorher \u00fcber die Verbesserung der Schalld\u00e4mmung beraten lassen; und die Arbeiten m\u00fcssen von einem Berater f\u00fcr Bauakustik beaufsichtigt werden.<\/span><br><span style=\"color: #000000;\"> Diese Betr\u00e4ge k\u00f6nnen durch die Beihilfen abgedeckt werden, allerdings mit einer Obergrenze.<\/span><\/p>\n\n\n\n<p><span style=\"color: #000000;\">F\u00fcr die Erstellung eines Beratungsberichts wird ein Zuschuss von 70 Euro \/ Stunde gew\u00e4hrt, jedoch nicht mehr als :<\/span><br><span style=\"color: #000000;\"> - 1.000 Euro f\u00fcr ein Haus<\/span><\/p>\n\n\n\n<p><span style=\"color: #000000;\">- 1.200 Euro f\u00fcr ein Mehrfamilienhaus, das aus zwei Wohnungen besteht.<\/span><br><span style=\"color: #000000;\"> Zu diesem Grundbetrag kommt ein Zuschlag von 100 Euro f\u00fcr jede weitere Wohnung hinzu.<\/span><\/p>\n\n\n\n<p><span style=\"color: #000000;\">Beachten Sie, dass der zu bewilligende Gesamtbetrag auf 1.500 Euro begrenzt ist.<\/span><br><span style=\"color: #000000;\"> Der Berater wird au\u00dferdem verpflichtet, einen Bericht \u00fcber die Fertigstellung der Arbeit zu erstellen.<\/span><\/p>\n\n\n\n<p><span style=\"color: #000000;\">F\u00fcr die Beaufsichtigung und \u00dcberwachung der durchgef\u00fchrten Arbeiten betr\u00e4gt der gew\u00e4hrte Zuschuss ebenfalls 70 Euro \/ Stunde und die H\u00f6chstgrenzen sind wie folgt:<\/span><br><span style=\"color: #000000;\"> - 1.000 Euro f\u00fcr ein Haus<\/span><\/p>\n\n\n\n<p><span style=\"color: #000000;\">- 1.200 Euro f\u00fcr ein Mehrfamilienhaus, das aus zwei Wohnungen besteht.<\/span><br><span style=\"color: #000000;\"> Zu diesem Grundbetrag kommt ein Zuschlag von 100 Euro f\u00fcr jede weitere Wohnung hinzu.<\/span><br><span style=\"color: #000000;\"> Der zu gew\u00e4hrende Gesamtbetrag ist ebenfalls auf 1.500 Euro begrenzt und wird f\u00fcr ein Wohngeb\u00e4ude mit mehreren Wohnungen gew\u00e4hrt. Die Zusch\u00fcsse werden zu gleichen Teilen auf alle Wohnungen des Geb\u00e4udes verteilt, unabh\u00e4ngig davon, wie viele Wohnungen tats\u00e4chlich von den Arbeiten betroffen sind.<\/span><\/p>\n\n\n\n<p><span style=\"color: #000000;\">Die Zusch\u00fcsse werden auf der Grundlage von ordnungsgem\u00e4\u00df quittierten Rechnungen gew\u00e4hrt, in denen die von diesen Zusch\u00fcssen abgedeckten Arbeiten aufgef\u00fchrt sind.<\/span><br><span style=\"color: #000000;\"> Alle Antr\u00e4ge m\u00fcssen per Einschreiben (mit R\u00fcckschein) oder per zertifizierter elektronischer \u00dcbermittlung bei der Beh\u00f6rde eingereicht werden.<\/span><\/p>\n\n\n\n<p><span style=\"color: #000000;\">&nbsp;<\/span><\/p>\n\n\n\n<p><span style=\"color: #000000;\">Weitere Informationen \u00fcber diese Hilfen und den Aktionsplan zur Bek\u00e4mpfung von L\u00e4rmbel\u00e4stigung erhalten Sie beim Umweltportal oder surfen Sie auf <a href=\"http:\/\/www.emwelt.lu\/\"><span style=\"color: #000000;\">www.emwelt.lu<\/span><\/a><\/span><\/p>\n\n\n\n<p><span style=\"color: #000000;\">&nbsp;<\/span><\/p>\n\n\n\n<p><span style=\"color: #000000;\">&nbsp;<\/span><\/p>\n\n\n\n<p><span style=\"color: #000000;\">&nbsp;<\/span><\/p>\n\n\n\n<p><span style=\"color: #000000;\">&nbsp;<\/span><\/p>\n\n\n\n<p><span style=\"color: #000000;\">&nbsp;<\/span><\/p>","protected":false},"excerpt":{"rendered":"<p>Depuis de nombreuses ann\u00e9es, les autorit\u00e9s de l\u2019a\u00e9roport de Luxembourg tentent de mettre des mesures en \u0153uvre afin de limiter le bruit ainsi que le nombre de personnes nouvellement expos\u00e9es. Point sur une situation parfois critique entre les riverains et les autorit\u00e9s. Un couvre-feu a\u00e9rien Depuis de nombreuses ann\u00e9es, les autorit\u00e9s, conscientes des nuisances sonores [&hellip;]<\/p>\n","protected":false},"author":17,"featured_media":7367,"comment_status":"closed","ping_status":"open","sticky":false,"template":"","format":"standard","meta":{"_acf_changed":false,"footnotes":""},"categories":[214],"tags":[95,94],"class_list":["post-5259","post","type-post","status-publish","format-standard","has-post-thumbnail","hentry","category-vie-quotidienne-mon-logement","tag-centre","tag-luxembourg-ville"],"acf":[],"yoast_head":"<!-- This site is optimized with the Yoast SEO plugin v27.4 - https:\/\/yoast.com\/product\/yoast-seo-wordpress\/ -->\n<title>A\u00e9roport et immobilier: comment concilier? - atHome Blog<\/title>\n<meta name=\"robots\" content=\"index, follow, max-snippet:-1, max-image-preview:large, max-video-preview:-1\" \/>\n<link rel=\"canonical\" href=\"https:\/\/www.athome.lu\/blog\/de\/mein-haus\/tagliches-leben\/aeroport-immobilien-wie-vereinbaren\/\" \/>\n<meta property=\"og:locale\" content=\"de_DE\" \/>\n<meta property=\"og:type\" content=\"article\" \/>\n<meta property=\"og:title\" content=\"A\u00e9roport et immobilier: comment concilier? - atHome Blog\" \/>\n<meta property=\"og:description\" content=\"Depuis de nombreuses ann\u00e9es, les autorit\u00e9s de l\u2019a\u00e9roport de Luxembourg tentent de mettre des mesures en \u0153uvre afin de limiter le bruit ainsi que le nombre de personnes nouvellement expos\u00e9es. Point sur une situation parfois critique entre les riverains et les autorit\u00e9s. Un couvre-feu a\u00e9rien Depuis de nombreuses ann\u00e9es, les autorit\u00e9s, conscientes des nuisances sonores [&hellip;]\" \/>\n<meta property=\"og:url\" content=\"https:\/\/www.athome.lu\/blog\/de\/mein-haus\/tagliches-leben\/aeroport-immobilien-wie-vereinbaren\/\" \/>\n<meta property=\"og:site_name\" content=\"atHome Blog\" \/>\n<meta property=\"article:publisher\" content=\"https:\/\/www.facebook.com\/atHome.lu\/\" \/>\n<meta property=\"article:published_time\" content=\"2013-06-06T09:15:57+00:00\" \/>\n<meta property=\"article:modified_time\" content=\"2022-05-11T06:59:10+00:00\" \/>\n<meta property=\"og:image\" content=\"https:\/\/www.athome.lu\/blog\/wp-content\/uploads\/2010\/05\/ljh-stanhope-gardens-203.jpg\" \/>\n\t<meta property=\"og:image:width\" content=\"1200\" \/>\n\t<meta property=\"og:image:height\" content=\"798\" \/>\n\t<meta property=\"og:image:type\" content=\"image\/jpeg\" \/>\n<meta name=\"author\" content=\"Fanny Pimentel\" \/>\n<meta name=\"twitter:card\" content=\"summary_large_image\" \/>\n<meta name=\"twitter:creator\" content=\"@athomelu\" \/>\n<meta name=\"twitter:site\" content=\"@athomelu\" \/>\n<meta name=\"twitter:label1\" content=\"Verfasst von\" \/>\n\t<meta name=\"twitter:data1\" content=\"Fanny Pimentel\" \/>\n\t<meta name=\"twitter:label2\" content=\"Gesch\u00e4tzte Lesezeit\" \/>\n\t<meta name=\"twitter:data2\" content=\"7\u00a0Minuten\" \/>\n<script type=\"application\/ld+json\" class=\"yoast-schema-graph\">{\"@context\":\"https:\\\/\\\/schema.org\",\"@graph\":[{\"@type\":\"Article\",\"@id\":\"https:\\\/\\\/www.athome.lu\\\/blog\\\/mon-logement\\\/vie-quotidienne-mon-logement\\\/aeroport-immobilier-comment-concilier\\\/#article\",\"isPartOf\":{\"@id\":\"https:\\\/\\\/www.athome.lu\\\/blog\\\/mon-logement\\\/vie-quotidienne-mon-logement\\\/aeroport-immobilier-comment-concilier\\\/\"},\"author\":{\"name\":\"Fanny Pimentel\",\"@id\":\"https:\\\/\\\/www.athome.lu\\\/blog\\\/#\\\/schema\\\/person\\\/47f7a38089f837e792876ceddc4cb2dc\"},\"headline\":\"A\u00e9roport et immobilier: comment concilier?\",\"datePublished\":\"2013-06-06T09:15:57+00:00\",\"dateModified\":\"2022-05-11T06:59:10+00:00\",\"mainEntityOfPage\":{\"@id\":\"https:\\\/\\\/www.athome.lu\\\/blog\\\/mon-logement\\\/vie-quotidienne-mon-logement\\\/aeroport-immobilier-comment-concilier\\\/\"},\"wordCount\":1410,\"image\":{\"@id\":\"https:\\\/\\\/www.athome.lu\\\/blog\\\/mon-logement\\\/vie-quotidienne-mon-logement\\\/aeroport-immobilier-comment-concilier\\\/#primaryimage\"},\"thumbnailUrl\":\"https:\\\/\\\/www.athome.lu\\\/blog\\\/wp-content\\\/uploads\\\/2010\\\/05\\\/ljh-stanhope-gardens-203.jpg\",\"keywords\":[\"Centre\",\"Luxembourg-ville\"],\"articleSection\":[\"Vie quotidienne\"],\"inLanguage\":\"de\"},{\"@type\":\"WebPage\",\"@id\":\"https:\\\/\\\/www.athome.lu\\\/blog\\\/mon-logement\\\/vie-quotidienne-mon-logement\\\/aeroport-immobilier-comment-concilier\\\/\",\"url\":\"https:\\\/\\\/www.athome.lu\\\/blog\\\/mon-logement\\\/vie-quotidienne-mon-logement\\\/aeroport-immobilier-comment-concilier\\\/\",\"name\":\"A\u00e9roport et immobilier: comment concilier? - atHome Blog\",\"isPartOf\":{\"@id\":\"https:\\\/\\\/www.athome.lu\\\/blog\\\/#website\"},\"primaryImageOfPage\":{\"@id\":\"https:\\\/\\\/www.athome.lu\\\/blog\\\/mon-logement\\\/vie-quotidienne-mon-logement\\\/aeroport-immobilier-comment-concilier\\\/#primaryimage\"},\"image\":{\"@id\":\"https:\\\/\\\/www.athome.lu\\\/blog\\\/mon-logement\\\/vie-quotidienne-mon-logement\\\/aeroport-immobilier-comment-concilier\\\/#primaryimage\"},\"thumbnailUrl\":\"https:\\\/\\\/www.athome.lu\\\/blog\\\/wp-content\\\/uploads\\\/2010\\\/05\\\/ljh-stanhope-gardens-203.jpg\",\"datePublished\":\"2013-06-06T09:15:57+00:00\",\"dateModified\":\"2022-05-11T06:59:10+00:00\",\"author\":{\"@id\":\"https:\\\/\\\/www.athome.lu\\\/blog\\\/#\\\/schema\\\/person\\\/47f7a38089f837e792876ceddc4cb2dc\"},\"breadcrumb\":{\"@id\":\"https:\\\/\\\/www.athome.lu\\\/blog\\\/mon-logement\\\/vie-quotidienne-mon-logement\\\/aeroport-immobilier-comment-concilier\\\/#breadcrumb\"},\"inLanguage\":\"de\",\"potentialAction\":[{\"@type\":\"ReadAction\",\"target\":[\"https:\\\/\\\/www.athome.lu\\\/blog\\\/mon-logement\\\/vie-quotidienne-mon-logement\\\/aeroport-immobilier-comment-concilier\\\/\"]}]},{\"@type\":\"ImageObject\",\"inLanguage\":\"de\",\"@id\":\"https:\\\/\\\/www.athome.lu\\\/blog\\\/mon-logement\\\/vie-quotidienne-mon-logement\\\/aeroport-immobilier-comment-concilier\\\/#primaryimage\",\"url\":\"https:\\\/\\\/www.athome.lu\\\/blog\\\/wp-content\\\/uploads\\\/2010\\\/05\\\/ljh-stanhope-gardens-203.jpg\",\"contentUrl\":\"https:\\\/\\\/www.athome.lu\\\/blog\\\/wp-content\\\/uploads\\\/2010\\\/05\\\/ljh-stanhope-gardens-203.jpg\",\"width\":1200,\"height\":798,\"caption\":\"Maison moderne en travaux\"},{\"@type\":\"BreadcrumbList\",\"@id\":\"https:\\\/\\\/www.athome.lu\\\/blog\\\/mon-logement\\\/vie-quotidienne-mon-logement\\\/aeroport-immobilier-comment-concilier\\\/#breadcrumb\",\"itemListElement\":[{\"@type\":\"ListItem\",\"position\":1,\"name\":\"Accueil\",\"item\":\"https:\\\/\\\/www.athome.lu\\\/blog\\\/\"},{\"@type\":\"ListItem\",\"position\":2,\"name\":\"Mon logement\",\"item\":\"https:\\\/\\\/www.athome.lu\\\/blog\\\/de\\\/category\\\/mein-haus\\\/\"},{\"@type\":\"ListItem\",\"position\":3,\"name\":\"Vie quotidienne\",\"item\":\"https:\\\/\\\/www.athome.lu\\\/blog\\\/category\\\/mon-logement\\\/vie-quotidienne-mon-logement\\\/\"},{\"@type\":\"ListItem\",\"position\":4,\"name\":\"A\u00e9roport et immobilier: comment concilier?\"}]},{\"@type\":\"WebSite\",\"@id\":\"https:\\\/\\\/www.athome.lu\\\/blog\\\/#website\",\"url\":\"https:\\\/\\\/www.athome.lu\\\/blog\\\/\",\"name\":\"atHome Blog\",\"description\":\"Annonces immobili\u00e8res au Luxembourg. Le portail immobilier n\u00b01 au Luxembourg.\",\"potentialAction\":[{\"@type\":\"SearchAction\",\"target\":{\"@type\":\"EntryPoint\",\"urlTemplate\":\"https:\\\/\\\/www.athome.lu\\\/blog\\\/?s={search_term_string}\"},\"query-input\":{\"@type\":\"PropertyValueSpecification\",\"valueRequired\":true,\"valueName\":\"search_term_string\"}}],\"inLanguage\":\"de\"},{\"@type\":\"Person\",\"@id\":\"https:\\\/\\\/www.athome.lu\\\/blog\\\/#\\\/schema\\\/person\\\/47f7a38089f837e792876ceddc4cb2dc\",\"name\":\"Fanny Pimentel\",\"image\":{\"@type\":\"ImageObject\",\"inLanguage\":\"de\",\"@id\":\"https:\\\/\\\/secure.gravatar.com\\\/avatar\\\/c60b27b93851dc9503f9cc9150e73dcb0a86ba6150657e5e4b11d988400bc633?s=96&d=mm&r=g\",\"url\":\"https:\\\/\\\/secure.gravatar.com\\\/avatar\\\/c60b27b93851dc9503f9cc9150e73dcb0a86ba6150657e5e4b11d988400bc633?s=96&d=mm&r=g\",\"contentUrl\":\"https:\\\/\\\/secure.gravatar.com\\\/avatar\\\/c60b27b93851dc9503f9cc9150e73dcb0a86ba6150657e5e4b11d988400bc633?s=96&d=mm&r=g\",\"caption\":\"Fanny Pimentel\"}}]}<\/script>\n<!-- \/ Yoast SEO plugin. -->","yoast_head_json":{"title":"Flughafen und Immobilien: Wie passt das zusammen? - atHome Blog","robots":{"index":"index","follow":"follow","max-snippet":"max-snippet:-1","max-image-preview":"max-image-preview:large","max-video-preview":"max-video-preview:-1"},"canonical":"https:\/\/www.athome.lu\/blog\/de\/mein-haus\/tagliches-leben\/aeroport-immobilien-wie-vereinbaren\/","og_locale":"de_DE","og_type":"article","og_title":"A\u00e9roport et immobilier: comment concilier? - atHome Blog","og_description":"Depuis de nombreuses ann\u00e9es, les autorit\u00e9s de l\u2019a\u00e9roport de Luxembourg tentent de mettre des mesures en \u0153uvre afin de limiter le bruit ainsi que le nombre de personnes nouvellement expos\u00e9es. Point sur une situation parfois critique entre les riverains et les autorit\u00e9s. Un couvre-feu a\u00e9rien Depuis de nombreuses ann\u00e9es, les autorit\u00e9s, conscientes des nuisances sonores [&hellip;]","og_url":"https:\/\/www.athome.lu\/blog\/de\/mein-haus\/tagliches-leben\/aeroport-immobilien-wie-vereinbaren\/","og_site_name":"atHome Blog","article_publisher":"https:\/\/www.facebook.com\/atHome.lu\/","article_published_time":"2013-06-06T09:15:57+00:00","article_modified_time":"2022-05-11T06:59:10+00:00","og_image":[{"width":1200,"height":798,"url":"https:\/\/www.athome.lu\/blog\/wp-content\/uploads\/2010\/05\/ljh-stanhope-gardens-203.jpg","type":"image\/jpeg"}],"author":"Fanny Pimentel","twitter_card":"summary_large_image","twitter_creator":"@athomelu","twitter_site":"@athomelu","twitter_misc":{"Verfasst von":"Fanny Pimentel","Gesch\u00e4tzte Lesezeit":"7\u00a0Minuten"},"schema":{"@context":"https:\/\/schema.org","@graph":[{"@type":"Article","@id":"https:\/\/www.athome.lu\/blog\/mon-logement\/vie-quotidienne-mon-logement\/aeroport-immobilier-comment-concilier\/#article","isPartOf":{"@id":"https:\/\/www.athome.lu\/blog\/mon-logement\/vie-quotidienne-mon-logement\/aeroport-immobilier-comment-concilier\/"},"author":{"name":"Fanny Pimentel","@id":"https:\/\/www.athome.lu\/blog\/#\/schema\/person\/47f7a38089f837e792876ceddc4cb2dc"},"headline":"A\u00e9roport et immobilier: comment concilier?","datePublished":"2013-06-06T09:15:57+00:00","dateModified":"2022-05-11T06:59:10+00:00","mainEntityOfPage":{"@id":"https:\/\/www.athome.lu\/blog\/mon-logement\/vie-quotidienne-mon-logement\/aeroport-immobilier-comment-concilier\/"},"wordCount":1410,"image":{"@id":"https:\/\/www.athome.lu\/blog\/mon-logement\/vie-quotidienne-mon-logement\/aeroport-immobilier-comment-concilier\/#primaryimage"},"thumbnailUrl":"https:\/\/www.athome.lu\/blog\/wp-content\/uploads\/2010\/05\/ljh-stanhope-gardens-203.jpg","keywords":["Centre","Luxembourg-ville"],"articleSection":["Vie quotidienne"],"inLanguage":"de"},{"@type":"WebPage","@id":"https:\/\/www.athome.lu\/blog\/mon-logement\/vie-quotidienne-mon-logement\/aeroport-immobilier-comment-concilier\/","url":"https:\/\/www.athome.lu\/blog\/mon-logement\/vie-quotidienne-mon-logement\/aeroport-immobilier-comment-concilier\/","name":"Flughafen und Immobilien: Wie passt das zusammen? - atHome Blog","isPartOf":{"@id":"https:\/\/www.athome.lu\/blog\/#website"},"primaryImageOfPage":{"@id":"https:\/\/www.athome.lu\/blog\/mon-logement\/vie-quotidienne-mon-logement\/aeroport-immobilier-comment-concilier\/#primaryimage"},"image":{"@id":"https:\/\/www.athome.lu\/blog\/mon-logement\/vie-quotidienne-mon-logement\/aeroport-immobilier-comment-concilier\/#primaryimage"},"thumbnailUrl":"https:\/\/www.athome.lu\/blog\/wp-content\/uploads\/2010\/05\/ljh-stanhope-gardens-203.jpg","datePublished":"2013-06-06T09:15:57+00:00","dateModified":"2022-05-11T06:59:10+00:00","author":{"@id":"https:\/\/www.athome.lu\/blog\/#\/schema\/person\/47f7a38089f837e792876ceddc4cb2dc"},"breadcrumb":{"@id":"https:\/\/www.athome.lu\/blog\/mon-logement\/vie-quotidienne-mon-logement\/aeroport-immobilier-comment-concilier\/#breadcrumb"},"inLanguage":"de","potentialAction":[{"@type":"ReadAction","target":["https:\/\/www.athome.lu\/blog\/mon-logement\/vie-quotidienne-mon-logement\/aeroport-immobilier-comment-concilier\/"]}]},{"@type":"ImageObject","inLanguage":"de","@id":"https:\/\/www.athome.lu\/blog\/mon-logement\/vie-quotidienne-mon-logement\/aeroport-immobilier-comment-concilier\/#primaryimage","url":"https:\/\/www.athome.lu\/blog\/wp-content\/uploads\/2010\/05\/ljh-stanhope-gardens-203.jpg","contentUrl":"https:\/\/www.athome.lu\/blog\/wp-content\/uploads\/2010\/05\/ljh-stanhope-gardens-203.jpg","width":1200,"height":798,"caption":"Maison moderne en travaux"},{"@type":"BreadcrumbList","@id":"https:\/\/www.athome.lu\/blog\/mon-logement\/vie-quotidienne-mon-logement\/aeroport-immobilier-comment-concilier\/#breadcrumb","itemListElement":[{"@type":"ListItem","position":1,"name":"Accueil","item":"https:\/\/www.athome.lu\/blog\/"},{"@type":"ListItem","position":2,"name":"Mon logement","item":"https:\/\/www.athome.lu\/blog\/de\/category\/mein-haus\/"},{"@type":"ListItem","position":3,"name":"Vie quotidienne","item":"https:\/\/www.athome.lu\/blog\/category\/mon-logement\/vie-quotidienne-mon-logement\/"},{"@type":"ListItem","position":4,"name":"A\u00e9roport et immobilier: comment concilier?"}]},{"@type":"WebSite","@id":"https:\/\/www.athome.lu\/blog\/#website","url":"https:\/\/www.athome.lu\/blog\/","name":"atHome Blog","description":"Immobilienanzeigen in Luxemburg. Das Immobilienportal Nr. 1 in Luxemburg.","potentialAction":[{"@type":"SearchAction","target":{"@type":"EntryPoint","urlTemplate":"https:\/\/www.athome.lu\/blog\/?s={search_term_string}"},"query-input":{"@type":"PropertyValueSpecification","valueRequired":true,"valueName":"search_term_string"}}],"inLanguage":"de"},{"@type":"Person","@id":"https:\/\/www.athome.lu\/blog\/#\/schema\/person\/47f7a38089f837e792876ceddc4cb2dc","name":"Fanny Pimentel","image":{"@type":"ImageObject","inLanguage":"de","@id":"https:\/\/secure.gravatar.com\/avatar\/c60b27b93851dc9503f9cc9150e73dcb0a86ba6150657e5e4b11d988400bc633?s=96&d=mm&r=g","url":"https:\/\/secure.gravatar.com\/avatar\/c60b27b93851dc9503f9cc9150e73dcb0a86ba6150657e5e4b11d988400bc633?s=96&d=mm&r=g","contentUrl":"https:\/\/secure.gravatar.com\/avatar\/c60b27b93851dc9503f9cc9150e73dcb0a86ba6150657e5e4b11d988400bc633?s=96&d=mm&r=g","caption":"Fanny Pimentel"}}]}},"featured_media_src_url":"https:\/\/www.athome.lu\/blog\/wp-content\/uploads\/2010\/05\/ljh-stanhope-gardens-203-1024x681.jpg","_links":{"self":[{"href":"https:\/\/www.athome.lu\/blog\/de\/wp-json\/wp\/v2\/posts\/5259","targetHints":{"allow":["GET"]}}],"collection":[{"href":"https:\/\/www.athome.lu\/blog\/de\/wp-json\/wp\/v2\/posts"}],"about":[{"href":"https:\/\/www.athome.lu\/blog\/de\/wp-json\/wp\/v2\/types\/post"}],"author":[{"embeddable":true,"href":"https:\/\/www.athome.lu\/blog\/de\/wp-json\/wp\/v2\/users\/17"}],"replies":[{"embeddable":true,"href":"https:\/\/www.athome.lu\/blog\/de\/wp-json\/wp\/v2\/comments?post=5259"}],"version-history":[{"count":3,"href":"https:\/\/www.athome.lu\/blog\/de\/wp-json\/wp\/v2\/posts\/5259\/revisions"}],"predecessor-version":[{"id":14752,"href":"https:\/\/www.athome.lu\/blog\/de\/wp-json\/wp\/v2\/posts\/5259\/revisions\/14752"}],"wp:featuredmedia":[{"embeddable":true,"href":"https:\/\/www.athome.lu\/blog\/de\/wp-json\/wp\/v2\/media\/7367"}],"wp:attachment":[{"href":"https:\/\/www.athome.lu\/blog\/de\/wp-json\/wp\/v2\/media?parent=5259"}],"wp:term":[{"taxonomy":"category","embeddable":true,"href":"https:\/\/www.athome.lu\/blog\/de\/wp-json\/wp\/v2\/categories?post=5259"},{"taxonomy":"post_tag","embeddable":true,"href":"https:\/\/www.athome.lu\/blog\/de\/wp-json\/wp\/v2\/tags?post=5259"}],"curies":[{"name":"wp","href":"https:\/\/api.w.org\/{rel}","templated":true}]}}