{"id":5361,"date":"2013-07-12T09:46:30","date_gmt":"2013-07-12T08:46:30","guid":{"rendered":"https:\/\/www.athome.lu\/blog\/services\/conseils\/?p=5361"},"modified":"2022-05-11T09:01:08","modified_gmt":"2022-05-11T07:01:08","slug":"mullerthal-ferienimmobilien-in-der-kleinen-schweiz-luxemburgisch","status":"publish","type":"post","link":"https:\/\/www.athome.lu\/blog\/de\/mon-logement\/vie-quotidienne-mon-logement\/mullerthal-limmobilier-de-vacances-dans-la-petite-suisse-luxembourgeoise\/","title":{"rendered":"M\u00fcllerthal: Ferienimmobilien in der Kleinen Luxemburger Schweiz"},"content":{"rendered":"<p><span style=\"color: #000000;\">Lust auf Flucht... ohne zu fliegen?<\/span><br><span style=\"color: #000000;\"> Viele denken, dass dies eine Mission Impossible ist!<\/span><\/p>\n\n\n\n<p><span style=\"color: #000000;\">Dabei ist unser Land voller historischer und nat\u00fcrlicher Sch\u00e4tze, die Touristen zu sch\u00e4tzen wissen!<\/span><br><span style=\"color: #000000;\"> Zu diesen Sch\u00e4tzen geh\u00f6rt die Region M\u00fcllerthal, die auch die Kleine Luxemburger Schweiz genannt wird.<\/span><\/p>\n\n\n\n<p><span style=\"color: #000000;\">Starten Sie sofort und schnuppern Sie luxemburgische Luft.<\/span><\/p>\n\n\n\n<p><b><span style=\"color: #000000;\">Eine Region, die sich f\u00fcr Spazierg\u00e4nge inmitten von Natur und Geschichte anbietet<\/span><span style=\"text-decoration: underline;\"><br><\/span><\/b><\/p>\n\n\n\n<p><span style=\"color: #000000;\">Die Region M\u00fcllerthal, die sich durch ihre zahlreichen felsigen H\u00fcgel auszeichnet, die ihr den Beinamen \"Kleine Luxemburger Schweiz\" eingebracht haben, macht Wanderer, Naturliebhaber und Geschichtsinteressierte gl\u00fccklich.<\/span><br><span style=\"color: #000000;\"> Denn wundersch\u00f6ne W\u00e4lder und spektakul\u00e4re Felsen laden Wanderer dazu ein, entlang der kleinen Wasserl\u00e4ufe, die die Gr\u00fcnfl\u00e4chen durchziehen, zu flanieren.<\/span><br><span style=\"color: #000000;\"> Die malerischen D\u00f6rfer der Region und die imposanten Ruinen der mittelalterlichen Burgen von Beaufort und Larochette sind ebenfalls einen Besuch wert.<\/span><\/p>\n\n\n\n<p><span style=\"color: #ffffff;\">.<\/span><\/p>\n\n\n\n<h2 class=\"wp-block-heading\"><span style=\"color: #000000;\"><b>Touristen: Wie gut sind sie untergebracht?<br><\/b><\/span><br><span style=\"color: #000000;\"> <\/span><\/h2>\n\n\n\n<p><span style=\"color: #000000;\">Nach Luxemburg-Stadt ist das M\u00fcllerthal eine der von Touristen am h\u00e4ufigsten besuchten Regionen.<\/span><br><span style=\"color: #000000;\"> Ob f\u00fcr einen Tagesausflug oder ein paar Tage Abwechslung, die n\u00f6tige Infrastruktur muss vorhanden sein.<\/span><\/p>\n\n\n\n<p><span style=\"color: #000000;\">In der Region M\u00fcllerthall gibt es viele \u00dcbernachtungsm\u00f6glichkeiten, wof\u00fcr sie auch bekannt ist.<\/span><br><span style=\"color: #000000;\"> So findet jeder unter den charmanten Hotels, den innovativen Campingpl\u00e4tzen, den Jugendherbergen oder auch den ruhigen Familienunterk\u00fcnften etwas f\u00fcr sich.<\/span><\/p>\n\n\n\n<p><span style=\"color: #000000;\">Daher ist ein breites Angebot an Unterk\u00fcnften notwendig, um allen Bed\u00fcrfnissen in Bezug auf Aufenthaltsdauer, Komfort, Ausstattung und Budget gerecht zu werden.<\/span><\/p>\n\n\n<section id=\"section-3-14695\" class=\"ct-section\" ><div class=\"ct-section-inner-wrap\"><div id=\"div_block-4-14695\" class=\"ct-div-block\" ><div id=\"new_columns-7-14695\" class=\"ct-new-columns\" ><div id=\"div_block-8-14695\" class=\"ct-div-block\" ><div id=\"div_block-14-14695\" class=\"ct-div-block\" ><\/div><\/div><div id=\"div_block-9-14695\" class=\"ct-div-block\" ><h1 id=\"headline-11-14695\" class=\"ct-headline\">Wie hoch sind die Immobilienpreise derzeit?<\/h1><div id=\"text_block-12-14695\" class=\"ct-text-block\" >Die Preise verlangsamen sich. Die Zinss\u00e4tze steigen. Welche Trends sind in den kommenden Monaten zu erwarten?<\/div><a id=\"link_button-13-14695\" class=\"ct-link-button\" href=\"https:\/\/www.athome.lu\/blog\/blog\/marche-immobilier\/prix\/tendances-2022\/\" target=\"_blank\"  >Analyse lesen<\/a><\/div><\/div><\/div><\/div><\/section>\n\n\n<h2 class=\"wp-block-heading\"><span style=\"color: #000000;\"><span style=\"text-decoration: underline;\">Charmante Hotels oder Gasth\u00f6fe: Komfort in Reichweite<\/span><\/span><\/h2>\n\n\n\n<p><span style=\"color: #000000;\"><span style=\"text-decoration: underline;\"><br><\/span>Unter dem Angebot an Unterk\u00fcnften k\u00f6nnen sich Luxemburger, die das Gr\u00fcne suchen, oder Touristen aus anderen L\u00e4ndern in einer der 30 Einrichtungen, die auf mullerthal.lu aufgelistet sind, ausruhen oder essen gehen.<\/span><br><span style=\"color: #000000;\"> Ob Hotel, Hostel oder Jugendherberge, sie alle bieten den Service, ein Zimmer zu mieten, mit oder ohne Nutzung von Einrichtungen wie Schwimmbad, Wellness-Center...<\/span><br><span style=\"color: #000000;\"> Die ideale L\u00f6sung, um sich um nichts k\u00fcmmern zu m\u00fcssen, manchmal nicht einmal um das Essen, wenn man die All-Inclusive-Variante w\u00e4hlt.<\/span><\/p>\n\n\n\n<h2 class=\"wp-block-heading\"><span style=\"color: #000000;\"><span style=\"text-decoration: underline;\">Malerische Villen oder Holzchalets zum Mieten f\u00fcr mehr Freiheit<\/span><\/span><\/h2>\n\n\n\n<p><span style=\"color: #000000;\"><span style=\"text-decoration: underline;\"><br><\/span>Familien oder Wandergruppen, die eine gewisse Autonomie genie\u00dfen m\u00f6chten, werden diese Art der Unterkunft w\u00e4hlen.<\/span><br><span style=\"color: #000000;\"> Von einem Holzchalet auf einem Campingplatz bis hin zu einer gem\u00fctlichen Wohnung bietet die Ferienvermietung viele M\u00f6glichkeiten.<\/span><\/p>","protected":false},"excerpt":{"rendered":"<p>Envie d\u2019\u00e9vasion\u2026 sans prendre l\u2019avion&nbsp;? Beaucoup pensent que c\u2019est mission impossible&nbsp;! Pourtant, notre pays regorge de tr\u00e9sors historiques et naturels, que les touristes savent appr\u00e9cier&nbsp;! Parmi ces tr\u00e9sors, la R\u00e9gion Mullerthal, appel\u00e9e \u00e9galement la Petite Suisse luxembourgeoise. D\u00e9part imm\u00e9diat pour prendre un bon bol d\u2019air luxembourgeois. Une r\u00e9gion propice \u00e0 la promenade au c\u0153ur de [&hellip;]<\/p>\n","protected":false},"author":17,"featured_media":7062,"comment_status":"closed","ping_status":"open","sticky":false,"template":"","format":"standard","meta":{"_acf_changed":false,"footnotes":""},"categories":[214],"tags":[97,90],"class_list":["post-5361","post","type-post","status-publish","format-standard","has-post-thumbnail","hentry","category-vie-quotidienne-mon-logement","tag-est","tag-vie-quotidienne"],"acf":[],"yoast_head":"<!-- This site is optimized with the Yoast SEO plugin v27.4 - https:\/\/yoast.com\/product\/yoast-seo-wordpress\/ -->\n<title>Mullerthal : l&#039;immobilier de vacances dans la Petite Suisse luxembourgeoise - atHome Blog<\/title>\n<meta name=\"robots\" content=\"index, follow, max-snippet:-1, max-image-preview:large, max-video-preview:-1\" \/>\n<link rel=\"canonical\" href=\"https:\/\/www.athome.lu\/blog\/de\/mein-haus\/tagliches-leben\/mullerthal-ferienimmobilien-in-der-kleinen-schweiz-luxemburgisch\/\" \/>\n<meta property=\"og:locale\" content=\"de_DE\" \/>\n<meta property=\"og:type\" content=\"article\" \/>\n<meta property=\"og:title\" content=\"Mullerthal : l&#039;immobilier de vacances dans la Petite Suisse luxembourgeoise - atHome Blog\" \/>\n<meta property=\"og:description\" content=\"Envie d\u2019\u00e9vasion\u2026 sans prendre l\u2019avion&nbsp;? Beaucoup pensent que c\u2019est mission impossible&nbsp;! Pourtant, notre pays regorge de tr\u00e9sors historiques et naturels, que les touristes savent appr\u00e9cier&nbsp;! Parmi ces tr\u00e9sors, la R\u00e9gion Mullerthal, appel\u00e9e \u00e9galement la Petite Suisse luxembourgeoise. D\u00e9part imm\u00e9diat pour prendre un bon bol d\u2019air luxembourgeois. Une r\u00e9gion propice \u00e0 la promenade au c\u0153ur de [&hellip;]\" \/>\n<meta property=\"og:url\" content=\"https:\/\/www.athome.lu\/blog\/de\/mein-haus\/tagliches-leben\/mullerthal-ferienimmobilien-in-der-kleinen-schweiz-luxemburgisch\/\" \/>\n<meta property=\"og:site_name\" content=\"atHome Blog\" \/>\n<meta property=\"article:publisher\" content=\"https:\/\/www.facebook.com\/atHome.lu\/\" \/>\n<meta property=\"article:published_time\" content=\"2013-07-12T08:46:30+00:00\" \/>\n<meta property=\"article:modified_time\" content=\"2022-05-11T07:01:08+00:00\" \/>\n<meta property=\"og:image\" content=\"https:\/\/www.athome.lu\/blog\/wp-content\/uploads\/2015\/10\/marche-immo_2.jpg\" \/>\n\t<meta property=\"og:image:width\" content=\"2500\" \/>\n\t<meta property=\"og:image:height\" content=\"1871\" \/>\n\t<meta property=\"og:image:type\" content=\"image\/jpeg\" \/>\n<meta name=\"author\" content=\"Fanny Pimentel\" \/>\n<meta name=\"twitter:card\" content=\"summary_large_image\" \/>\n<meta name=\"twitter:creator\" content=\"@athomelu\" \/>\n<meta name=\"twitter:site\" content=\"@athomelu\" \/>\n<meta name=\"twitter:label1\" content=\"Verfasst von\" \/>\n\t<meta name=\"twitter:data1\" content=\"Fanny Pimentel\" \/>\n\t<meta name=\"twitter:label2\" content=\"Gesch\u00e4tzte Lesezeit\" \/>\n\t<meta name=\"twitter:data2\" content=\"3\u00a0Minuten\" \/>\n<script type=\"application\/ld+json\" class=\"yoast-schema-graph\">{\"@context\":\"https:\\\/\\\/schema.org\",\"@graph\":[{\"@type\":\"Article\",\"@id\":\"https:\\\/\\\/www.athome.lu\\\/blog\\\/mon-logement\\\/vie-quotidienne-mon-logement\\\/mullerthal-limmobilier-de-vacances-dans-la-petite-suisse-luxembourgeoise\\\/#article\",\"isPartOf\":{\"@id\":\"https:\\\/\\\/www.athome.lu\\\/blog\\\/mon-logement\\\/vie-quotidienne-mon-logement\\\/mullerthal-limmobilier-de-vacances-dans-la-petite-suisse-luxembourgeoise\\\/\"},\"author\":{\"name\":\"Fanny Pimentel\",\"@id\":\"https:\\\/\\\/www.athome.lu\\\/blog\\\/#\\\/schema\\\/person\\\/47f7a38089f837e792876ceddc4cb2dc\"},\"headline\":\"Mullerthal : l'immobilier de vacances dans la Petite Suisse luxembourgeoise\",\"datePublished\":\"2013-07-12T08:46:30+00:00\",\"dateModified\":\"2022-05-11T07:01:08+00:00\",\"mainEntityOfPage\":{\"@id\":\"https:\\\/\\\/www.athome.lu\\\/blog\\\/mon-logement\\\/vie-quotidienne-mon-logement\\\/mullerthal-limmobilier-de-vacances-dans-la-petite-suisse-luxembourgeoise\\\/\"},\"wordCount\":477,\"image\":{\"@id\":\"https:\\\/\\\/www.athome.lu\\\/blog\\\/mon-logement\\\/vie-quotidienne-mon-logement\\\/mullerthal-limmobilier-de-vacances-dans-la-petite-suisse-luxembourgeoise\\\/#primaryimage\"},\"thumbnailUrl\":\"https:\\\/\\\/www.athome.lu\\\/blog\\\/wp-content\\\/uploads\\\/2015\\\/10\\\/marche-immo_2.jpg\",\"keywords\":[\"Est\",\"Vie quotidienne\"],\"articleSection\":[\"Vie quotidienne\"],\"inLanguage\":\"de\"},{\"@type\":\"WebPage\",\"@id\":\"https:\\\/\\\/www.athome.lu\\\/blog\\\/mon-logement\\\/vie-quotidienne-mon-logement\\\/mullerthal-limmobilier-de-vacances-dans-la-petite-suisse-luxembourgeoise\\\/\",\"url\":\"https:\\\/\\\/www.athome.lu\\\/blog\\\/mon-logement\\\/vie-quotidienne-mon-logement\\\/mullerthal-limmobilier-de-vacances-dans-la-petite-suisse-luxembourgeoise\\\/\",\"name\":\"Mullerthal : l'immobilier de vacances dans la Petite Suisse luxembourgeoise - atHome Blog\",\"isPartOf\":{\"@id\":\"https:\\\/\\\/www.athome.lu\\\/blog\\\/#website\"},\"primaryImageOfPage\":{\"@id\":\"https:\\\/\\\/www.athome.lu\\\/blog\\\/mon-logement\\\/vie-quotidienne-mon-logement\\\/mullerthal-limmobilier-de-vacances-dans-la-petite-suisse-luxembourgeoise\\\/#primaryimage\"},\"image\":{\"@id\":\"https:\\\/\\\/www.athome.lu\\\/blog\\\/mon-logement\\\/vie-quotidienne-mon-logement\\\/mullerthal-limmobilier-de-vacances-dans-la-petite-suisse-luxembourgeoise\\\/#primaryimage\"},\"thumbnailUrl\":\"https:\\\/\\\/www.athome.lu\\\/blog\\\/wp-content\\\/uploads\\\/2015\\\/10\\\/marche-immo_2.jpg\",\"datePublished\":\"2013-07-12T08:46:30+00:00\",\"dateModified\":\"2022-05-11T07:01:08+00:00\",\"author\":{\"@id\":\"https:\\\/\\\/www.athome.lu\\\/blog\\\/#\\\/schema\\\/person\\\/47f7a38089f837e792876ceddc4cb2dc\"},\"breadcrumb\":{\"@id\":\"https:\\\/\\\/www.athome.lu\\\/blog\\\/mon-logement\\\/vie-quotidienne-mon-logement\\\/mullerthal-limmobilier-de-vacances-dans-la-petite-suisse-luxembourgeoise\\\/#breadcrumb\"},\"inLanguage\":\"de\",\"potentialAction\":[{\"@type\":\"ReadAction\",\"target\":[\"https:\\\/\\\/www.athome.lu\\\/blog\\\/mon-logement\\\/vie-quotidienne-mon-logement\\\/mullerthal-limmobilier-de-vacances-dans-la-petite-suisse-luxembourgeoise\\\/\"]}]},{\"@type\":\"ImageObject\",\"inLanguage\":\"de\",\"@id\":\"https:\\\/\\\/www.athome.lu\\\/blog\\\/mon-logement\\\/vie-quotidienne-mon-logement\\\/mullerthal-limmobilier-de-vacances-dans-la-petite-suisse-luxembourgeoise\\\/#primaryimage\",\"url\":\"https:\\\/\\\/www.athome.lu\\\/blog\\\/wp-content\\\/uploads\\\/2015\\\/10\\\/marche-immo_2.jpg\",\"contentUrl\":\"https:\\\/\\\/www.athome.lu\\\/blog\\\/wp-content\\\/uploads\\\/2015\\\/10\\\/marche-immo_2.jpg\",\"width\":2500,\"height\":1871,\"caption\":\"Couple devant leur maison\"},{\"@type\":\"BreadcrumbList\",\"@id\":\"https:\\\/\\\/www.athome.lu\\\/blog\\\/mon-logement\\\/vie-quotidienne-mon-logement\\\/mullerthal-limmobilier-de-vacances-dans-la-petite-suisse-luxembourgeoise\\\/#breadcrumb\",\"itemListElement\":[{\"@type\":\"ListItem\",\"position\":1,\"name\":\"Accueil\",\"item\":\"https:\\\/\\\/www.athome.lu\\\/blog\\\/\"},{\"@type\":\"ListItem\",\"position\":2,\"name\":\"Mon logement\",\"item\":\"https:\\\/\\\/www.athome.lu\\\/blog\\\/de\\\/category\\\/mein-haus\\\/\"},{\"@type\":\"ListItem\",\"position\":3,\"name\":\"Vie quotidienne\",\"item\":\"https:\\\/\\\/www.athome.lu\\\/blog\\\/category\\\/mon-logement\\\/vie-quotidienne-mon-logement\\\/\"},{\"@type\":\"ListItem\",\"position\":4,\"name\":\"Mullerthal : l'immobilier de vacances dans la Petite Suisse luxembourgeoise\"}]},{\"@type\":\"WebSite\",\"@id\":\"https:\\\/\\\/www.athome.lu\\\/blog\\\/#website\",\"url\":\"https:\\\/\\\/www.athome.lu\\\/blog\\\/\",\"name\":\"atHome Blog\",\"description\":\"Annonces immobili\u00e8res au Luxembourg. Le portail immobilier n\u00b01 au Luxembourg.\",\"potentialAction\":[{\"@type\":\"SearchAction\",\"target\":{\"@type\":\"EntryPoint\",\"urlTemplate\":\"https:\\\/\\\/www.athome.lu\\\/blog\\\/?s={search_term_string}\"},\"query-input\":{\"@type\":\"PropertyValueSpecification\",\"valueRequired\":true,\"valueName\":\"search_term_string\"}}],\"inLanguage\":\"de\"},{\"@type\":\"Person\",\"@id\":\"https:\\\/\\\/www.athome.lu\\\/blog\\\/#\\\/schema\\\/person\\\/47f7a38089f837e792876ceddc4cb2dc\",\"name\":\"Fanny Pimentel\",\"image\":{\"@type\":\"ImageObject\",\"inLanguage\":\"de\",\"@id\":\"https:\\\/\\\/secure.gravatar.com\\\/avatar\\\/c60b27b93851dc9503f9cc9150e73dcb0a86ba6150657e5e4b11d988400bc633?s=96&d=mm&r=g\",\"url\":\"https:\\\/\\\/secure.gravatar.com\\\/avatar\\\/c60b27b93851dc9503f9cc9150e73dcb0a86ba6150657e5e4b11d988400bc633?s=96&d=mm&r=g\",\"contentUrl\":\"https:\\\/\\\/secure.gravatar.com\\\/avatar\\\/c60b27b93851dc9503f9cc9150e73dcb0a86ba6150657e5e4b11d988400bc633?s=96&d=mm&r=g\",\"caption\":\"Fanny Pimentel\"}}]}<\/script>\n<!-- \/ Yoast SEO plugin. -->","yoast_head_json":{"title":"M\u00fcllerthal: Ferienimmobilien in der Kleinen Luxemburger Schweiz - atHome Blog","robots":{"index":"index","follow":"follow","max-snippet":"max-snippet:-1","max-image-preview":"max-image-preview:large","max-video-preview":"max-video-preview:-1"},"canonical":"https:\/\/www.athome.lu\/blog\/de\/mein-haus\/tagliches-leben\/mullerthal-ferienimmobilien-in-der-kleinen-schweiz-luxemburgisch\/","og_locale":"de_DE","og_type":"article","og_title":"Mullerthal : l'immobilier de vacances dans la Petite Suisse luxembourgeoise - atHome Blog","og_description":"Envie d\u2019\u00e9vasion\u2026 sans prendre l\u2019avion&nbsp;? Beaucoup pensent que c\u2019est mission impossible&nbsp;! Pourtant, notre pays regorge de tr\u00e9sors historiques et naturels, que les touristes savent appr\u00e9cier&nbsp;! Parmi ces tr\u00e9sors, la R\u00e9gion Mullerthal, appel\u00e9e \u00e9galement la Petite Suisse luxembourgeoise. D\u00e9part imm\u00e9diat pour prendre un bon bol d\u2019air luxembourgeois. Une r\u00e9gion propice \u00e0 la promenade au c\u0153ur de [&hellip;]","og_url":"https:\/\/www.athome.lu\/blog\/de\/mein-haus\/tagliches-leben\/mullerthal-ferienimmobilien-in-der-kleinen-schweiz-luxemburgisch\/","og_site_name":"atHome Blog","article_publisher":"https:\/\/www.facebook.com\/atHome.lu\/","article_published_time":"2013-07-12T08:46:30+00:00","article_modified_time":"2022-05-11T07:01:08+00:00","og_image":[{"width":2500,"height":1871,"url":"https:\/\/www.athome.lu\/blog\/wp-content\/uploads\/2015\/10\/marche-immo_2.jpg","type":"image\/jpeg"}],"author":"Fanny Pimentel","twitter_card":"summary_large_image","twitter_creator":"@athomelu","twitter_site":"@athomelu","twitter_misc":{"Verfasst von":"Fanny Pimentel","Gesch\u00e4tzte Lesezeit":"3\u00a0Minuten"},"schema":{"@context":"https:\/\/schema.org","@graph":[{"@type":"Article","@id":"https:\/\/www.athome.lu\/blog\/mon-logement\/vie-quotidienne-mon-logement\/mullerthal-limmobilier-de-vacances-dans-la-petite-suisse-luxembourgeoise\/#article","isPartOf":{"@id":"https:\/\/www.athome.lu\/blog\/mon-logement\/vie-quotidienne-mon-logement\/mullerthal-limmobilier-de-vacances-dans-la-petite-suisse-luxembourgeoise\/"},"author":{"name":"Fanny Pimentel","@id":"https:\/\/www.athome.lu\/blog\/#\/schema\/person\/47f7a38089f837e792876ceddc4cb2dc"},"headline":"Mullerthal : l'immobilier de vacances dans la Petite Suisse luxembourgeoise","datePublished":"2013-07-12T08:46:30+00:00","dateModified":"2022-05-11T07:01:08+00:00","mainEntityOfPage":{"@id":"https:\/\/www.athome.lu\/blog\/mon-logement\/vie-quotidienne-mon-logement\/mullerthal-limmobilier-de-vacances-dans-la-petite-suisse-luxembourgeoise\/"},"wordCount":477,"image":{"@id":"https:\/\/www.athome.lu\/blog\/mon-logement\/vie-quotidienne-mon-logement\/mullerthal-limmobilier-de-vacances-dans-la-petite-suisse-luxembourgeoise\/#primaryimage"},"thumbnailUrl":"https:\/\/www.athome.lu\/blog\/wp-content\/uploads\/2015\/10\/marche-immo_2.jpg","keywords":["Est","Vie quotidienne"],"articleSection":["Vie quotidienne"],"inLanguage":"de"},{"@type":"WebPage","@id":"https:\/\/www.athome.lu\/blog\/mon-logement\/vie-quotidienne-mon-logement\/mullerthal-limmobilier-de-vacances-dans-la-petite-suisse-luxembourgeoise\/","url":"https:\/\/www.athome.lu\/blog\/mon-logement\/vie-quotidienne-mon-logement\/mullerthal-limmobilier-de-vacances-dans-la-petite-suisse-luxembourgeoise\/","name":"M\u00fcllerthal: Ferienimmobilien in der Kleinen Luxemburger Schweiz - atHome Blog","isPartOf":{"@id":"https:\/\/www.athome.lu\/blog\/#website"},"primaryImageOfPage":{"@id":"https:\/\/www.athome.lu\/blog\/mon-logement\/vie-quotidienne-mon-logement\/mullerthal-limmobilier-de-vacances-dans-la-petite-suisse-luxembourgeoise\/#primaryimage"},"image":{"@id":"https:\/\/www.athome.lu\/blog\/mon-logement\/vie-quotidienne-mon-logement\/mullerthal-limmobilier-de-vacances-dans-la-petite-suisse-luxembourgeoise\/#primaryimage"},"thumbnailUrl":"https:\/\/www.athome.lu\/blog\/wp-content\/uploads\/2015\/10\/marche-immo_2.jpg","datePublished":"2013-07-12T08:46:30+00:00","dateModified":"2022-05-11T07:01:08+00:00","author":{"@id":"https:\/\/www.athome.lu\/blog\/#\/schema\/person\/47f7a38089f837e792876ceddc4cb2dc"},"breadcrumb":{"@id":"https:\/\/www.athome.lu\/blog\/mon-logement\/vie-quotidienne-mon-logement\/mullerthal-limmobilier-de-vacances-dans-la-petite-suisse-luxembourgeoise\/#breadcrumb"},"inLanguage":"de","potentialAction":[{"@type":"ReadAction","target":["https:\/\/www.athome.lu\/blog\/mon-logement\/vie-quotidienne-mon-logement\/mullerthal-limmobilier-de-vacances-dans-la-petite-suisse-luxembourgeoise\/"]}]},{"@type":"ImageObject","inLanguage":"de","@id":"https:\/\/www.athome.lu\/blog\/mon-logement\/vie-quotidienne-mon-logement\/mullerthal-limmobilier-de-vacances-dans-la-petite-suisse-luxembourgeoise\/#primaryimage","url":"https:\/\/www.athome.lu\/blog\/wp-content\/uploads\/2015\/10\/marche-immo_2.jpg","contentUrl":"https:\/\/www.athome.lu\/blog\/wp-content\/uploads\/2015\/10\/marche-immo_2.jpg","width":2500,"height":1871,"caption":"Couple devant leur maison"},{"@type":"BreadcrumbList","@id":"https:\/\/www.athome.lu\/blog\/mon-logement\/vie-quotidienne-mon-logement\/mullerthal-limmobilier-de-vacances-dans-la-petite-suisse-luxembourgeoise\/#breadcrumb","itemListElement":[{"@type":"ListItem","position":1,"name":"Accueil","item":"https:\/\/www.athome.lu\/blog\/"},{"@type":"ListItem","position":2,"name":"Mon logement","item":"https:\/\/www.athome.lu\/blog\/de\/category\/mein-haus\/"},{"@type":"ListItem","position":3,"name":"Vie quotidienne","item":"https:\/\/www.athome.lu\/blog\/category\/mon-logement\/vie-quotidienne-mon-logement\/"},{"@type":"ListItem","position":4,"name":"Mullerthal : l'immobilier de vacances dans la Petite Suisse luxembourgeoise"}]},{"@type":"WebSite","@id":"https:\/\/www.athome.lu\/blog\/#website","url":"https:\/\/www.athome.lu\/blog\/","name":"atHome Blog","description":"Immobilienanzeigen in Luxemburg. Das Immobilienportal Nr. 1 in Luxemburg.","potentialAction":[{"@type":"SearchAction","target":{"@type":"EntryPoint","urlTemplate":"https:\/\/www.athome.lu\/blog\/?s={search_term_string}"},"query-input":{"@type":"PropertyValueSpecification","valueRequired":true,"valueName":"search_term_string"}}],"inLanguage":"de"},{"@type":"Person","@id":"https:\/\/www.athome.lu\/blog\/#\/schema\/person\/47f7a38089f837e792876ceddc4cb2dc","name":"Fanny Pimentel","image":{"@type":"ImageObject","inLanguage":"de","@id":"https:\/\/secure.gravatar.com\/avatar\/c60b27b93851dc9503f9cc9150e73dcb0a86ba6150657e5e4b11d988400bc633?s=96&d=mm&r=g","url":"https:\/\/secure.gravatar.com\/avatar\/c60b27b93851dc9503f9cc9150e73dcb0a86ba6150657e5e4b11d988400bc633?s=96&d=mm&r=g","contentUrl":"https:\/\/secure.gravatar.com\/avatar\/c60b27b93851dc9503f9cc9150e73dcb0a86ba6150657e5e4b11d988400bc633?s=96&d=mm&r=g","caption":"Fanny Pimentel"}}]}},"featured_media_src_url":"https:\/\/www.athome.lu\/blog\/wp-content\/uploads\/2015\/10\/marche-immo_2-1024x766.jpg","_links":{"self":[{"href":"https:\/\/www.athome.lu\/blog\/de\/wp-json\/wp\/v2\/posts\/5361","targetHints":{"allow":["GET"]}}],"collection":[{"href":"https:\/\/www.athome.lu\/blog\/de\/wp-json\/wp\/v2\/posts"}],"about":[{"href":"https:\/\/www.athome.lu\/blog\/de\/wp-json\/wp\/v2\/types\/post"}],"author":[{"embeddable":true,"href":"https:\/\/www.athome.lu\/blog\/de\/wp-json\/wp\/v2\/users\/17"}],"replies":[{"embeddable":true,"href":"https:\/\/www.athome.lu\/blog\/de\/wp-json\/wp\/v2\/comments?post=5361"}],"version-history":[{"count":3,"href":"https:\/\/www.athome.lu\/blog\/de\/wp-json\/wp\/v2\/posts\/5361\/revisions"}],"predecessor-version":[{"id":14755,"href":"https:\/\/www.athome.lu\/blog\/de\/wp-json\/wp\/v2\/posts\/5361\/revisions\/14755"}],"wp:featuredmedia":[{"embeddable":true,"href":"https:\/\/www.athome.lu\/blog\/de\/wp-json\/wp\/v2\/media\/7062"}],"wp:attachment":[{"href":"https:\/\/www.athome.lu\/blog\/de\/wp-json\/wp\/v2\/media?parent=5361"}],"wp:term":[{"taxonomy":"category","embeddable":true,"href":"https:\/\/www.athome.lu\/blog\/de\/wp-json\/wp\/v2\/categories?post=5361"},{"taxonomy":"post_tag","embeddable":true,"href":"https:\/\/www.athome.lu\/blog\/de\/wp-json\/wp\/v2\/tags?post=5361"}],"curies":[{"name":"wp","href":"https:\/\/api.w.org\/{rel}","templated":true}]}}